{"id":27998,"date":"2024-07-05T14:55:03","date_gmt":"2024-07-05T12:55:03","guid":{"rendered":"https:\/\/www.protect-the-planet.de\/der-windrat-vor-ort-windkraft-im-wuermtal-wie-kriegen-wir-das-hin\/"},"modified":"2024-07-29T09:49:53","modified_gmt":"2024-07-29T07:49:53","slug":"der-windrat-vor-ort-windkraft-im-wuermtal-wie-kriegen-wir-das-hin","status":"publish","type":"post","link":"https:\/\/www.protect-the-planet.de\/en\/der-windrat-vor-ort-windkraft-im-wuermtal-wie-kriegen-wir-das-hin\/","title":{"rendered":"Der WindRat vor Ort: \u201cWindkraft im W\u00fcrmtal \u2013 wie kriegen wir das hin?\u201d"},"content":{"rendered":"\n<p>Neue Windenergie-Projekte stehen regelm\u00e4\u00dfig in ganz Deutschland starken Gegenkampagnen gegen\u00fcber, die \u2013 h\u00e4ufig mit Fehlinformationen \u2013 Stimmung gegen Windkraft machen. So geschieht es derzeit in Gauting, Bayern, bei M\u00fcnchen (Mehr \u00fcber die Windsituation um M\u00fcnchen und in Gauting <a href=\"https:\/\/wind-rat.de\/news\/grosse-schritte-fuer-die-windenergie-in-bayern\/\">hier<\/a>). Unser Windenergie-Vernetzungsprojekt &#8220;WindRat&#8221; unterst\u00fctzt in seiner Arbeit auch Pro-Wind-Kampagnen wie derzeit in Gauting: Gemeinsam mit einem breiten B\u00fcndnis aus Naturschutz- und Klima-NGOs hat der WindRat eine Informationsveranstaltung in Gauting am 03.07.2024 unterst\u00fctzt, um eine sachliche und unabh\u00e4ngige Aufkl\u00e4rung \u00fcber das geplante Windkraft-Projekt f\u00fcr die lokale Bev\u00f6lkerung zu erm\u00f6glichen. Ein Bericht des Gr\u00fcnzug-Netzwerk W\u00fcrmtal e.V.:<\/p>\n\n\n\n<h2 class=\"wp-block-heading\"><strong>Windkraft im W\u00fcrmtal \u2013 wie kriegen wir das hin?<\/strong><\/h2>\n\n\n\n<p>\u201eIn der Windenergie liegt der Schl\u00fcssel f\u00fcr eine bezahlbare Energiewende\u201c und \u201edie Windkraft st\u00e4rkt nicht nur die Versorgungssicherheit und sch\u00fctzt das Klima und damit den Wald, sondern holt vor allem die Wertsch\u00f6pfung zur\u00fcck ins Land, zu den B\u00fcrgerinnen und B\u00fcrgern\u201c lauteten die zentralen Botschaften des Hauptredners&nbsp;<strong>Prof. Michael Sterner<\/strong>, der aus Regensburg sp\u00fcrbar frischen Wind ins bisher eher Windkraft-skeptische Gauting brachte. Der Energieberater der Bundesregierung und Spiegel-Bestseller-Autor von \u201eSo retten wir das Klima\u201c r\u00e4umte mit Mythen wie der \u201eDunkelflaute\u201c geh\u00f6rig auf und zeigte, wie 100 % Erneuerbare m\u00f6glich sind.<\/p>\n\n\n\n<p>Auf Einladung des Gr\u00fcnzug-Netzwerk W\u00fcrmtal e.V. und neun weiterer Organisationen konnten sich die Besucher, die den Saal des Bosco wieder gut f\u00fcllten, Berichte von vier weiteren Windenergie-Erfahrenen anh\u00f6ren. Sehr eindrucksvoll schilderte&nbsp;<strong>Rupert Steigenberger, der B\u00fcrgermeister von Berg<\/strong>, wie er sich selbst \u201evom Saulus zum Paulus\u201c wandelte und jetzt \u201eStolz auf unsere vier Windr\u00e4der\u201c ist. Nach achteinhalb Jahren Betrieb seien bereits 81&nbsp;% der Investitionskosten eingespielt worden, veranschlagt waren 44&nbsp;%. Fast 200 Mio kWh haben die vier Windr\u00e4der bisher produziert.<\/p>\n\n\n\n<p>Der&nbsp;<strong>Windenergie-Planer Robert Sing<\/strong>&nbsp;erl\u00e4uterte, wie Windenergie im W\u00fcrmtal funktionieren kann. Aus Abstandsgr\u00fcnden geeignete Fl\u00e4chen gibt es zwar nur im Wald, aber der Eingriff wird mit Bedacht durchgef\u00fchrt und auch umf\u00e4nglich ausgeglichen. In Gauting sind die Fl\u00e4chen f\u00fcr sieben Windr\u00e4der gesichert und k\u00f6nnen bald ins Genehmigungsverfahren geschickt werden. Noch gibt es f\u00fcr sechs der anvisierten Standorte kein gr\u00fcnes Licht der Luftfahrtbeh\u00f6rde, aber Herr Sing gab sich zuversichtlich, dass das zu l\u00f6sen ist, entsprechende Untersuchungen liefen.<\/p>\n\n\n\n<h3 class=\"wp-block-heading\">Windkraft in Gauting: F\u00fcr Waldschutz notwendig<\/h3>\n\n\n\n<p>Einen f\u00fcr viele Zuh\u00f6rer neuen Aspekt brachte&nbsp;<strong>Simon Tangerding von der Schutzgemeinschaft Deutscher Wald<\/strong>&nbsp;ins Spiel: der wegen des Klimawandels dringend n\u00f6tige Waldumbau erfordert aktiven Eingriff in den bei uns durch Fichten dominierten Bestand. Ein Teil dieses Umbaus kann im Zuge der Errichtung von Windkraftanlagen bew\u00e4ltigt werden. Die notwendigen Ersatzaufforstungen k\u00f6nnen dann n\u00e4mlich gleich mit klimaresistenteren Baumarten durchgef\u00fchrt werden.<\/p>\n\n\n\n<p><strong>Gautings B\u00fcrgermeisterin Dr. K\u00f6ssinger<\/strong>&nbsp;schilderte die Auswirkungen des Teil-Fl\u00e4chennutzungsplans Windenergie und ging auf den Verfahrensstand der Windkraftplanung des Planungsverbandes und der Windkraftanlagen im Gemeindegebiet ein. Zur Entscheidung des Gemeinderates zum B\u00fcrgerbegehren f\u00fchrte sie aus, dass selbst wenn das B\u00fcrgerbegehren von den Gerichten als zul\u00e4ssig erachtet werden sollte, die Gemeinde keine entscheidende Rolle im Genehmigungsverfahren spielt. Der Text des B\u00fcrgerbegehrens ginge ins Leere.<\/p>\n\n\n\n<p>Die Besucher wurden nach dem Vortragsteil von&nbsp;<strong>Moderatorin Dr. Hannah B\u00fcttner, Integrative Dialoge,<\/strong>&nbsp;in eine Aktivpause geschickt. Fragen konnten schriftlich formuliert und auf Pinnw\u00e4nde geklebt werden, wovon auch reichlich Gebrauch gemacht wurde. Die Redner standen 20 Minuten f\u00fcr das direkte Gespr\u00e4ch zur Verf\u00fcgung, bevor sie das Podium besetzten und \u00fcber die wichtigsten der eingereichten Fragen diskutierten. Sehr ausf\u00fchrlich kam dabei das Thema Speicher zur Sprache. Prof. Sterner erkl\u00e4rte, wie das funktioniert im Zusammenspiel von Batteriespeichern und chemischen Speichern, die immer dann kosteng\u00fcnstig beladen werden, wenn mehr Strom erzeugt wird als gerade von allen anderen Verbrauchern ben\u00f6tigt wird. Da insbesondere Gasspeicher bereits ausreichend vorhanden sind, gibt es weder technische noch wirtschaftliche Hindernisse, auch mit den Erneuerbaren eine sichere Stromversorgung bereitzustellen.<\/p>\n\n\n\n<p>Offen gebliebene Fragen werden auf der Homepage des Vereinsaufgegriffen und zeitnah beantwortet (<a href=\"http:\/\/www.gruenzugnetzwerk.de\/\">www.gruenzugnetzwerk.de<\/a>).<\/p>\n\n\n\n<h3 class=\"wp-block-heading\">Windkraftgegner in Gauting<\/h3>\n\n\n\n<p>Die Veranstaltung lieferte einen starken Kontrast zur Veranstaltung der Windkraftgegner im April. Ziel war es, mit sachlicher Information, Erfahrungsberichten und Beantwortung der Fragen aus dem Publikum f\u00fcr die Besucher*innen zur eigenen Meinungsbildung beizutragen. Der Vorsitzende des Gr\u00fcnzug-Netzwerk W\u00fcrmtal e.V., Herbert Stepp, ist nach dem Verlauf der Veranstaltung noch zuversichtlicher, dass das W\u00fcrmtal auf einem guten Weg zu einer nachhaltigen Energieversorgung ist und auch auf eine mehrheitlich positive Grundstimmung in der Bev\u00f6lkerung bauen kann.<\/p>\n\n\n\n<p>Getr\u00fcbt wurde die positive Grundstimmung der Veranstalter durch die Tatsache, dass am Elektroauto des Hauptredners Prof. Sterner ein Reifen mit einem Messer durchstochen wurde. Er musste in Gauting \u00fcbernachten.<\/p>\n\n\n\n<h3 class=\"wp-block-heading\">Veranstalter der Windkraft-Veranstaltung in Gauting:<\/h3>\n\n\n\n<ul class=\"wp-block-list\">\n<li>Gr\u00fcnzug-Netzwerk W\u00fcrmtal e.V., Dr. H. Stepp, Richard-Wagner-Str. 63, 82152 Planegg, 015201786706,\u00a0<a href=\"mailto:info@gruenzugnetzwerk.de\">info@gruenzugnetzwerk.de<\/a><\/li>\n\n\n\n<li>Energiewende Landkreis Starnberg, Ortsgruppe Gauting\/Krailling<\/li>\n\n\n\n<li>Omas for Future, Gauting<\/li>\n\n\n\n<li>Wald Neuried erhalten, Neuried<\/li>\n\n\n\n<li>Bund Naturschutz in Bayern e.V., Ortsgruppe W\u00fcrmtal Nord<\/li>\n\n\n\n<li>Protect the Planet,<\/li>\n\n\n\n<li>W\u00fcrmtaler Innovative Energien e.V., Planegg<\/li>\n\n\n\n<li>Klimanetz W\u00fcrmtal<\/li>\n\n\n\n<li>WindRat,<\/li>\n\n\n\n<li>Schutzgemeinschaft Deutscher Wald, Landesverband Bayern e.V.<\/li>\n<\/ul>\n\n\n\n<figure class=\"wp-block-image\"><img decoding=\"async\" src=\"https:\/\/wind-rat.de\/wp-content\/uploads\/Foto-Gautring-Bosco-03.07.2024.jpg\" alt=\"\" class=\"wp-image-2582\"\/><\/figure>\n\n\n\n<p>Vlnr: Herbert Stepp, Michael Sterner, Robert Sing, Brigitte K\u00f6ssinger, Rupert Steigenberger, Peter Keller, Simon Tangerding<\/p>\n\n\n\n<h3 class=\"wp-block-heading\"><strong>Das Programm:<\/strong><\/h3>\n\n\n\n<ul class=\"wp-block-list\">\n<li>Dr. Brigitte K\u00f6ssinger (B\u00fcrgermeisterin Gauting): Aktueller Verfahrensstand<\/li>\n\n\n\n<li>Prof. Michael Sterner (OTH Regensburg): Windkraft: Notwendigkeit, Potenziale, Speicher<\/li>\n\n\n\n<li>Robert Sing (Ingenieurb\u00fcro Sing): Windkraft in Gauting, finanzielle B\u00fcrgerbeteiligung<\/li>\n\n\n\n<li>Rupert Steigenberger (B\u00fcrgermeister Berg): Erfahrungen in Berg, finanzielle B\u00fcrgerbeteiligung<\/li>\n\n\n\n<li>Simon Tangerding (Schutzgemeinschaft Deutscher Wald): Waldfunktionen erhalten, Windkraft im Wald als Teil der L\u00f6sung<\/li>\n\n\n\n<li>Peter Keller (WindRat, Protect the Planet): Windenergienutzung onshore, Akzeptanzsicherung<\/li>\n<\/ul>\n","protected":false},"excerpt":{"rendered":"<p>Protect the Planet unterst\u00fctzt mit dem WindRat Veranstaltung zur Aufkl\u00e4rung \u00fcber das geplante Windkraft-Projekt in Gauting (Bayern).<\/p>\n","protected":false},"author":6,"featured_media":27609,"comment_status":"closed","ping_status":"closed","sticky":false,"template":"","format":"standard","meta":{"footnotes":""},"categories":[729],"tags":[776,1194,710,753,754,755,779],"class_list":["post-27998","post","type-post","status-publish","format-standard","has-post-thumbnail","hentry","category-news","tag-bayern-en","tag-gauting-en","tag-klimaschutz-en","tag-muenchen-en","tag-windenergie-en","tag-windkraft-en","tag-windrat-en"],"yoast_head":"<!-- This site is optimized with the Yoast SEO plugin v27.5 - https:\/\/yoast.com\/product\/yoast-seo-wordpress\/ -->\n<title>Der WindRat vor Ort: \u201cWindkraft im W\u00fcrmtal \u2013 wie kriegen wir das hin?\u201d - Protect the Planet<\/title>\n<meta name=\"description\" content=\"Protect the Planet unterst\u00fctzt mit dem WindRat Veranstaltung zur Aufkl\u00e4rung \u00fcber das geplante Windkraft-Projekt in Gauting (Bayern).\" \/>\n<meta name=\"robots\" content=\"index, follow, max-snippet:-1, max-image-preview:large, max-video-preview:-1\" \/>\n<link rel=\"canonical\" href=\"https:\/\/www.protect-the-planet.de\/en\/der-windrat-vor-ort-windkraft-im-wuermtal-wie-kriegen-wir-das-hin\/\" \/>\n<meta property=\"og:locale\" content=\"en_US\" \/>\n<meta property=\"og:type\" content=\"article\" \/>\n<meta property=\"og:title\" content=\"Der WindRat vor Ort: \u201cWindkraft im W\u00fcrmtal \u2013 wie kriegen wir das hin?\u201d - Protect the Planet\" \/>\n<meta property=\"og:description\" content=\"Protect the Planet unterst\u00fctzt mit dem WindRat Veranstaltung zur Aufkl\u00e4rung \u00fcber das geplante Windkraft-Projekt in Gauting (Bayern).\" \/>\n<meta property=\"og:url\" content=\"https:\/\/www.protect-the-planet.de\/en\/der-windrat-vor-ort-windkraft-im-wuermtal-wie-kriegen-wir-das-hin\/\" \/>\n<meta property=\"og:site_name\" content=\"Protect the Planet\" \/>\n<meta property=\"article:publisher\" content=\"https:\/\/www.facebook.com\/protecttheplanetDE\/\" \/>\n<meta property=\"article:published_time\" content=\"2024-07-05T12:55:03+00:00\" \/>\n<meta property=\"article:modified_time\" content=\"2024-07-29T07:49:53+00:00\" \/>\n<meta property=\"og:image\" content=\"https:\/\/www.protect-the-planet.de\/wp-content\/uploads\/2024\/07\/WindRat-Gauting-Bosco-3.7.24_news.png\" \/>\n\t<meta property=\"og:image:width\" content=\"1640\" \/>\n\t<meta property=\"og:image:height\" content=\"924\" \/>\n\t<meta property=\"og:image:type\" content=\"image\/png\" \/>\n<meta name=\"author\" content=\"Fenya Kirst\" \/>\n<meta name=\"twitter:card\" content=\"summary_large_image\" \/>\n<meta name=\"twitter:creator\" content=\"@PtP_de\" \/>\n<meta name=\"twitter:site\" content=\"@PtP_de\" \/>\n<meta name=\"twitter:label1\" content=\"Written by\" \/>\n\t<meta name=\"twitter:data1\" content=\"Fenya Kirst\" \/>\n\t<meta name=\"twitter:label2\" content=\"Est. reading time\" \/>\n\t<meta name=\"twitter:data2\" content=\"6 minutes\" \/>\n<script type=\"application\/ld+json\" class=\"yoast-schema-graph\">{\"@context\":\"https:\\\/\\\/schema.org\",\"@graph\":[{\"@type\":\"Article\",\"@id\":\"https:\\\/\\\/www.protect-the-planet.de\\\/en\\\/der-windrat-vor-ort-windkraft-im-wuermtal-wie-kriegen-wir-das-hin\\\/#article\",\"isPartOf\":{\"@id\":\"https:\\\/\\\/www.protect-the-planet.de\\\/en\\\/der-windrat-vor-ort-windkraft-im-wuermtal-wie-kriegen-wir-das-hin\\\/\"},\"author\":{\"name\":\"Fenya Kirst\",\"@id\":\"https:\\\/\\\/www.protect-the-planet.de\\\/en\\\/#\\\/schema\\\/person\\\/34a10854efaaf0bf11a3b6fbe966fcd0\"},\"headline\":\"Der WindRat vor Ort: \u201cWindkraft im W\u00fcrmtal \u2013 wie kriegen wir das hin?\u201d\",\"datePublished\":\"2024-07-05T12:55:03+00:00\",\"dateModified\":\"2024-07-29T07:49:53+00:00\",\"mainEntityOfPage\":{\"@id\":\"https:\\\/\\\/www.protect-the-planet.de\\\/en\\\/der-windrat-vor-ort-windkraft-im-wuermtal-wie-kriegen-wir-das-hin\\\/\"},\"wordCount\":954,\"publisher\":{\"@id\":\"https:\\\/\\\/www.protect-the-planet.de\\\/en\\\/#organization\"},\"image\":{\"@id\":\"https:\\\/\\\/www.protect-the-planet.de\\\/en\\\/der-windrat-vor-ort-windkraft-im-wuermtal-wie-kriegen-wir-das-hin\\\/#primaryimage\"},\"thumbnailUrl\":\"https:\\\/\\\/www.protect-the-planet.de\\\/wp-content\\\/uploads\\\/2024\\\/07\\\/WindRat-Gauting-Bosco-3.7.24_news.png\",\"keywords\":[\"Bayern\",\"Gauting\",\"Klimaschutz\",\"M\u00fcnchen\",\"Windenergie\",\"Windkraft\",\"WindRat\"],\"articleSection\":[\"News\"],\"inLanguage\":\"en-US\"},{\"@type\":\"WebPage\",\"@id\":\"https:\\\/\\\/www.protect-the-planet.de\\\/en\\\/der-windrat-vor-ort-windkraft-im-wuermtal-wie-kriegen-wir-das-hin\\\/\",\"url\":\"https:\\\/\\\/www.protect-the-planet.de\\\/en\\\/der-windrat-vor-ort-windkraft-im-wuermtal-wie-kriegen-wir-das-hin\\\/\",\"name\":\"Der WindRat vor Ort: \u201cWindkraft im W\u00fcrmtal \u2013 wie kriegen wir das hin?\u201d - Protect the Planet\",\"isPartOf\":{\"@id\":\"https:\\\/\\\/www.protect-the-planet.de\\\/en\\\/#website\"},\"primaryImageOfPage\":{\"@id\":\"https:\\\/\\\/www.protect-the-planet.de\\\/en\\\/der-windrat-vor-ort-windkraft-im-wuermtal-wie-kriegen-wir-das-hin\\\/#primaryimage\"},\"image\":{\"@id\":\"https:\\\/\\\/www.protect-the-planet.de\\\/en\\\/der-windrat-vor-ort-windkraft-im-wuermtal-wie-kriegen-wir-das-hin\\\/#primaryimage\"},\"thumbnailUrl\":\"https:\\\/\\\/www.protect-the-planet.de\\\/wp-content\\\/uploads\\\/2024\\\/07\\\/WindRat-Gauting-Bosco-3.7.24_news.png\",\"datePublished\":\"2024-07-05T12:55:03+00:00\",\"dateModified\":\"2024-07-29T07:49:53+00:00\",\"description\":\"Protect the Planet unterst\u00fctzt mit dem WindRat Veranstaltung zur Aufkl\u00e4rung \u00fcber das geplante Windkraft-Projekt in Gauting (Bayern).\",\"breadcrumb\":{\"@id\":\"https:\\\/\\\/www.protect-the-planet.de\\\/en\\\/der-windrat-vor-ort-windkraft-im-wuermtal-wie-kriegen-wir-das-hin\\\/#breadcrumb\"},\"inLanguage\":\"en-US\",\"potentialAction\":[{\"@type\":\"ReadAction\",\"target\":[\"https:\\\/\\\/www.protect-the-planet.de\\\/en\\\/der-windrat-vor-ort-windkraft-im-wuermtal-wie-kriegen-wir-das-hin\\\/\"]}]},{\"@type\":\"ImageObject\",\"inLanguage\":\"en-US\",\"@id\":\"https:\\\/\\\/www.protect-the-planet.de\\\/en\\\/der-windrat-vor-ort-windkraft-im-wuermtal-wie-kriegen-wir-das-hin\\\/#primaryimage\",\"url\":\"https:\\\/\\\/www.protect-the-planet.de\\\/wp-content\\\/uploads\\\/2024\\\/07\\\/WindRat-Gauting-Bosco-3.7.24_news.png\",\"contentUrl\":\"https:\\\/\\\/www.protect-the-planet.de\\\/wp-content\\\/uploads\\\/2024\\\/07\\\/WindRat-Gauting-Bosco-3.7.24_news.png\",\"width\":1640,\"height\":924},{\"@type\":\"BreadcrumbList\",\"@id\":\"https:\\\/\\\/www.protect-the-planet.de\\\/en\\\/der-windrat-vor-ort-windkraft-im-wuermtal-wie-kriegen-wir-das-hin\\\/#breadcrumb\",\"itemListElement\":[{\"@type\":\"ListItem\",\"position\":1,\"name\":\"Startseite\",\"item\":\"https:\\\/\\\/www.protect-the-planet.de\\\/en\\\/home\\\/\"},{\"@type\":\"ListItem\",\"position\":2,\"name\":\"Der WindRat vor Ort: \u201cWindkraft im W\u00fcrmtal \u2013 wie kriegen wir das hin?\u201d\"}]},{\"@type\":\"WebSite\",\"@id\":\"https:\\\/\\\/www.protect-the-planet.de\\\/en\\\/#website\",\"url\":\"https:\\\/\\\/www.protect-the-planet.de\\\/en\\\/\",\"name\":\"Protect the Planet\",\"description\":\"If we don&#039;t change, the climate will.\",\"publisher\":{\"@id\":\"https:\\\/\\\/www.protect-the-planet.de\\\/en\\\/#organization\"},\"alternateName\":\"Protect the Panet gGmbH\",\"potentialAction\":[{\"@type\":\"SearchAction\",\"target\":{\"@type\":\"EntryPoint\",\"urlTemplate\":\"https:\\\/\\\/www.protect-the-planet.de\\\/en\\\/?s={search_term_string}\"},\"query-input\":{\"@type\":\"PropertyValueSpecification\",\"valueRequired\":true,\"valueName\":\"search_term_string\"}}],\"inLanguage\":\"en-US\"},{\"@type\":\"Organization\",\"@id\":\"https:\\\/\\\/www.protect-the-planet.de\\\/en\\\/#organization\",\"name\":\"Protect the Planet\",\"url\":\"https:\\\/\\\/www.protect-the-planet.de\\\/en\\\/\",\"logo\":{\"@type\":\"ImageObject\",\"inLanguage\":\"en-US\",\"@id\":\"https:\\\/\\\/www.protect-the-planet.de\\\/en\\\/#\\\/schema\\\/logo\\\/image\\\/\",\"url\":\"https:\\\/\\\/www.protect-the-planet.de\\\/wp-content\\\/uploads\\\/2023\\\/09\\\/LOGO-positiv_transparent-klein.png\",\"contentUrl\":\"https:\\\/\\\/www.protect-the-planet.de\\\/wp-content\\\/uploads\\\/2023\\\/09\\\/LOGO-positiv_transparent-klein.png\",\"width\":123,\"height\":68,\"caption\":\"Protect the Planet\"},\"image\":{\"@id\":\"https:\\\/\\\/www.protect-the-planet.de\\\/en\\\/#\\\/schema\\\/logo\\\/image\\\/\"},\"sameAs\":[\"https:\\\/\\\/www.facebook.com\\\/protecttheplanetDE\\\/\",\"https:\\\/\\\/x.com\\\/PtP_de\",\"https:\\\/\\\/www.instagram.com\\\/protecttheplanetorg\\\/\",\"https:\\\/\\\/www.linkedin.com\\\/company\\\/protect-the-planet\",\"https:\\\/\\\/www.youtube.com\\\/@protecttheplanet\"]},{\"@type\":\"Person\",\"@id\":\"https:\\\/\\\/www.protect-the-planet.de\\\/en\\\/#\\\/schema\\\/person\\\/34a10854efaaf0bf11a3b6fbe966fcd0\",\"name\":\"Fenya Kirst\",\"image\":{\"@type\":\"ImageObject\",\"inLanguage\":\"en-US\",\"@id\":\"https:\\\/\\\/www.protect-the-planet.de\\\/wp-content\\\/uploads\\\/2024\\\/03\\\/cropped-2310_ProtectThePlanet_Portraet-Fenya-quadr-scaled-1-96x96.jpg\",\"url\":\"https:\\\/\\\/www.protect-the-planet.de\\\/wp-content\\\/uploads\\\/2024\\\/03\\\/cropped-2310_ProtectThePlanet_Portraet-Fenya-quadr-scaled-1-96x96.jpg\",\"contentUrl\":\"https:\\\/\\\/www.protect-the-planet.de\\\/wp-content\\\/uploads\\\/2024\\\/03\\\/cropped-2310_ProtectThePlanet_Portraet-Fenya-quadr-scaled-1-96x96.jpg\",\"caption\":\"Fenya Kirst\"},\"description\":\"fenya.kirst@protect-the-planet.de +49 162 9085805\",\"url\":\"https:\\\/\\\/www.protect-the-planet.de\\\/en\\\/author\\\/fenya-kirst\\\/\"}]}<\/script>\n<!-- \/ Yoast SEO plugin. -->","yoast_head_json":{"title":"Der WindRat vor Ort: \u201cWindkraft im W\u00fcrmtal \u2013 wie kriegen wir das hin?\u201d - Protect the Planet","description":"Protect the Planet unterst\u00fctzt mit dem WindRat Veranstaltung zur Aufkl\u00e4rung \u00fcber das geplante Windkraft-Projekt in Gauting (Bayern).","robots":{"index":"index","follow":"follow","max-snippet":"max-snippet:-1","max-image-preview":"max-image-preview:large","max-video-preview":"max-video-preview:-1"},"canonical":"https:\/\/www.protect-the-planet.de\/en\/der-windrat-vor-ort-windkraft-im-wuermtal-wie-kriegen-wir-das-hin\/","og_locale":"en_US","og_type":"article","og_title":"Der WindRat vor Ort: \u201cWindkraft im W\u00fcrmtal \u2013 wie kriegen wir das hin?\u201d - Protect the Planet","og_description":"Protect the Planet unterst\u00fctzt mit dem WindRat Veranstaltung zur Aufkl\u00e4rung \u00fcber das geplante Windkraft-Projekt in Gauting (Bayern).","og_url":"https:\/\/www.protect-the-planet.de\/en\/der-windrat-vor-ort-windkraft-im-wuermtal-wie-kriegen-wir-das-hin\/","og_site_name":"Protect the Planet","article_publisher":"https:\/\/www.facebook.com\/protecttheplanetDE\/","article_published_time":"2024-07-05T12:55:03+00:00","article_modified_time":"2024-07-29T07:49:53+00:00","og_image":[{"width":1640,"height":924,"url":"https:\/\/www.protect-the-planet.de\/wp-content\/uploads\/2024\/07\/WindRat-Gauting-Bosco-3.7.24_news.png","type":"image\/png"}],"author":"Fenya Kirst","twitter_card":"summary_large_image","twitter_creator":"@PtP_de","twitter_site":"@PtP_de","twitter_misc":{"Written by":"Fenya Kirst","Est. reading time":"6 minutes"},"schema":{"@context":"https:\/\/schema.org","@graph":[{"@type":"Article","@id":"https:\/\/www.protect-the-planet.de\/en\/der-windrat-vor-ort-windkraft-im-wuermtal-wie-kriegen-wir-das-hin\/#article","isPartOf":{"@id":"https:\/\/www.protect-the-planet.de\/en\/der-windrat-vor-ort-windkraft-im-wuermtal-wie-kriegen-wir-das-hin\/"},"author":{"name":"Fenya Kirst","@id":"https:\/\/www.protect-the-planet.de\/en\/#\/schema\/person\/34a10854efaaf0bf11a3b6fbe966fcd0"},"headline":"Der WindRat vor Ort: \u201cWindkraft im W\u00fcrmtal \u2013 wie kriegen wir das hin?\u201d","datePublished":"2024-07-05T12:55:03+00:00","dateModified":"2024-07-29T07:49:53+00:00","mainEntityOfPage":{"@id":"https:\/\/www.protect-the-planet.de\/en\/der-windrat-vor-ort-windkraft-im-wuermtal-wie-kriegen-wir-das-hin\/"},"wordCount":954,"publisher":{"@id":"https:\/\/www.protect-the-planet.de\/en\/#organization"},"image":{"@id":"https:\/\/www.protect-the-planet.de\/en\/der-windrat-vor-ort-windkraft-im-wuermtal-wie-kriegen-wir-das-hin\/#primaryimage"},"thumbnailUrl":"https:\/\/www.protect-the-planet.de\/wp-content\/uploads\/2024\/07\/WindRat-Gauting-Bosco-3.7.24_news.png","keywords":["Bayern","Gauting","Klimaschutz","M\u00fcnchen","Windenergie","Windkraft","WindRat"],"articleSection":["News"],"inLanguage":"en-US"},{"@type":"WebPage","@id":"https:\/\/www.protect-the-planet.de\/en\/der-windrat-vor-ort-windkraft-im-wuermtal-wie-kriegen-wir-das-hin\/","url":"https:\/\/www.protect-the-planet.de\/en\/der-windrat-vor-ort-windkraft-im-wuermtal-wie-kriegen-wir-das-hin\/","name":"Der WindRat vor Ort: \u201cWindkraft im W\u00fcrmtal \u2013 wie kriegen wir das hin?\u201d - Protect the Planet","isPartOf":{"@id":"https:\/\/www.protect-the-planet.de\/en\/#website"},"primaryImageOfPage":{"@id":"https:\/\/www.protect-the-planet.de\/en\/der-windrat-vor-ort-windkraft-im-wuermtal-wie-kriegen-wir-das-hin\/#primaryimage"},"image":{"@id":"https:\/\/www.protect-the-planet.de\/en\/der-windrat-vor-ort-windkraft-im-wuermtal-wie-kriegen-wir-das-hin\/#primaryimage"},"thumbnailUrl":"https:\/\/www.protect-the-planet.de\/wp-content\/uploads\/2024\/07\/WindRat-Gauting-Bosco-3.7.24_news.png","datePublished":"2024-07-05T12:55:03+00:00","dateModified":"2024-07-29T07:49:53+00:00","description":"Protect the Planet unterst\u00fctzt mit dem WindRat Veranstaltung zur Aufkl\u00e4rung \u00fcber das geplante Windkraft-Projekt in Gauting (Bayern).","breadcrumb":{"@id":"https:\/\/www.protect-the-planet.de\/en\/der-windrat-vor-ort-windkraft-im-wuermtal-wie-kriegen-wir-das-hin\/#breadcrumb"},"inLanguage":"en-US","potentialAction":[{"@type":"ReadAction","target":["https:\/\/www.protect-the-planet.de\/en\/der-windrat-vor-ort-windkraft-im-wuermtal-wie-kriegen-wir-das-hin\/"]}]},{"@type":"ImageObject","inLanguage":"en-US","@id":"https:\/\/www.protect-the-planet.de\/en\/der-windrat-vor-ort-windkraft-im-wuermtal-wie-kriegen-wir-das-hin\/#primaryimage","url":"https:\/\/www.protect-the-planet.de\/wp-content\/uploads\/2024\/07\/WindRat-Gauting-Bosco-3.7.24_news.png","contentUrl":"https:\/\/www.protect-the-planet.de\/wp-content\/uploads\/2024\/07\/WindRat-Gauting-Bosco-3.7.24_news.png","width":1640,"height":924},{"@type":"BreadcrumbList","@id":"https:\/\/www.protect-the-planet.de\/en\/der-windrat-vor-ort-windkraft-im-wuermtal-wie-kriegen-wir-das-hin\/#breadcrumb","itemListElement":[{"@type":"ListItem","position":1,"name":"Startseite","item":"https:\/\/www.protect-the-planet.de\/en\/home\/"},{"@type":"ListItem","position":2,"name":"Der WindRat vor Ort: \u201cWindkraft im W\u00fcrmtal \u2013 wie kriegen wir das hin?\u201d"}]},{"@type":"WebSite","@id":"https:\/\/www.protect-the-planet.de\/en\/#website","url":"https:\/\/www.protect-the-planet.de\/en\/","name":"Protect the Planet","description":"If we don&#039;t change, the climate will.","publisher":{"@id":"https:\/\/www.protect-the-planet.de\/en\/#organization"},"alternateName":"Protect the Panet gGmbH","potentialAction":[{"@type":"SearchAction","target":{"@type":"EntryPoint","urlTemplate":"https:\/\/www.protect-the-planet.de\/en\/?s={search_term_string}"},"query-input":{"@type":"PropertyValueSpecification","valueRequired":true,"valueName":"search_term_string"}}],"inLanguage":"en-US"},{"@type":"Organization","@id":"https:\/\/www.protect-the-planet.de\/en\/#organization","name":"Protect the Planet","url":"https:\/\/www.protect-the-planet.de\/en\/","logo":{"@type":"ImageObject","inLanguage":"en-US","@id":"https:\/\/www.protect-the-planet.de\/en\/#\/schema\/logo\/image\/","url":"https:\/\/www.protect-the-planet.de\/wp-content\/uploads\/2023\/09\/LOGO-positiv_transparent-klein.png","contentUrl":"https:\/\/www.protect-the-planet.de\/wp-content\/uploads\/2023\/09\/LOGO-positiv_transparent-klein.png","width":123,"height":68,"caption":"Protect the Planet"},"image":{"@id":"https:\/\/www.protect-the-planet.de\/en\/#\/schema\/logo\/image\/"},"sameAs":["https:\/\/www.facebook.com\/protecttheplanetDE\/","https:\/\/x.com\/PtP_de","https:\/\/www.instagram.com\/protecttheplanetorg\/","https:\/\/www.linkedin.com\/company\/protect-the-planet","https:\/\/www.youtube.com\/@protecttheplanet"]},{"@type":"Person","@id":"https:\/\/www.protect-the-planet.de\/en\/#\/schema\/person\/34a10854efaaf0bf11a3b6fbe966fcd0","name":"Fenya Kirst","image":{"@type":"ImageObject","inLanguage":"en-US","@id":"https:\/\/www.protect-the-planet.de\/wp-content\/uploads\/2024\/03\/cropped-2310_ProtectThePlanet_Portraet-Fenya-quadr-scaled-1-96x96.jpg","url":"https:\/\/www.protect-the-planet.de\/wp-content\/uploads\/2024\/03\/cropped-2310_ProtectThePlanet_Portraet-Fenya-quadr-scaled-1-96x96.jpg","contentUrl":"https:\/\/www.protect-the-planet.de\/wp-content\/uploads\/2024\/03\/cropped-2310_ProtectThePlanet_Portraet-Fenya-quadr-scaled-1-96x96.jpg","caption":"Fenya Kirst"},"description":"fenya.kirst@protect-the-planet.de +49 162 9085805","url":"https:\/\/www.protect-the-planet.de\/en\/author\/fenya-kirst\/"}]}},"_links":{"self":[{"href":"https:\/\/www.protect-the-planet.de\/en\/wp-json\/wp\/v2\/posts\/27998","targetHints":{"allow":["GET"]}}],"collection":[{"href":"https:\/\/www.protect-the-planet.de\/en\/wp-json\/wp\/v2\/posts"}],"about":[{"href":"https:\/\/www.protect-the-planet.de\/en\/wp-json\/wp\/v2\/types\/post"}],"author":[{"embeddable":true,"href":"https:\/\/www.protect-the-planet.de\/en\/wp-json\/wp\/v2\/users\/6"}],"replies":[{"embeddable":true,"href":"https:\/\/www.protect-the-planet.de\/en\/wp-json\/wp\/v2\/comments?post=27998"}],"version-history":[{"count":0,"href":"https:\/\/www.protect-the-planet.de\/en\/wp-json\/wp\/v2\/posts\/27998\/revisions"}],"wp:featuredmedia":[{"embeddable":true,"href":"https:\/\/www.protect-the-planet.de\/en\/wp-json\/wp\/v2\/media\/27609"}],"wp:attachment":[{"href":"https:\/\/www.protect-the-planet.de\/en\/wp-json\/wp\/v2\/media?parent=27998"}],"wp:term":[{"taxonomy":"category","embeddable":true,"href":"https:\/\/www.protect-the-planet.de\/en\/wp-json\/wp\/v2\/categories?post=27998"},{"taxonomy":"post_tag","embeddable":true,"href":"https:\/\/www.protect-the-planet.de\/en\/wp-json\/wp\/v2\/tags?post=27998"}],"curies":[{"name":"wp","href":"https:\/\/api.w.org\/{rel}","templated":true}]}}