{"id":27785,"date":"2024-07-14T11:52:13","date_gmt":"2024-07-14T09:52:13","guid":{"rendered":"https:\/\/www.protect-the-planet.de\/?p=27785"},"modified":"2024-09-17T09:46:11","modified_gmt":"2024-09-17T07:46:11","slug":"klimaklagen-als-ausweg-aus-der-klimakrise-rechtsanwaltin-dr-roda-verheyen-in-munchen","status":"publish","type":"post","link":"https:\/\/www.protect-the-planet.de\/en\/klimaklagen-als-ausweg-aus-der-klimakrise-rechtsanwaltin-dr-roda-verheyen-in-munchen\/","title":{"rendered":"Klimaklagen als Ausweg aus der Klimakrise? &#8211; Rechtsanw\u00e4ltin Dr. Roda Verheyen in M\u00fcnchen"},"content":{"rendered":"\t\t<div data-elementor-type=\"wp-post\" data-elementor-id=\"27785\" class=\"elementor elementor-27785 elementor-27770\" data-elementor-post-type=\"post\">\n\t\t\t\t<div class=\"elementor-element elementor-element-318ac930 e-flex e-con-boxed e-con e-parent\" data-id=\"318ac930\" data-element_type=\"container\" data-e-type=\"container\">\n\t\t\t\t\t<div class=\"e-con-inner\">\n\t\t\t\t<div class=\"elementor-element elementor-element-69fcd283 elementor-widget elementor-widget-text-editor\" data-id=\"69fcd283\" data-element_type=\"widget\" data-e-type=\"widget\" data-widget_type=\"text-editor.default\">\n\t\t\t\t<div class=\"elementor-widget-container\">\n\t\t\t\t\t\t\t\t\t<p>K\u00f6nnen Klimaklagen einen Ausweg aus der Klimakrise bieten? Ja. Klimaklagen sind ein wichtiger Treiber in der Transformation \u2013 nicht ausreichend und nicht der alleinige, aber ein Treiber, der inzwischen auch soziologisch untersucht wird, so Dr. Roda Verheyen. Bei unserem packenden Vortrag in der <a href=\"https:\/\/www.stadtakademie-muenchen.de\">Evangelischen Stadtakademie M\u00fcnchen<\/a> am 11.07.2024 konnte sie \u00fcber 100 Menschen im Publikum davon \u00fcberzeugen.<\/p><h3><strong>\u00dcber Roda Verheyen<\/strong><\/h3><p>Dr. Roda Verheyen ist Rechtsanw\u00e4ltin mit Schwerpunkt im Umweltrecht, Planungsrecht, \u00d6ffentlichen Baurecht und V\u00f6lkerrecht und seit 2021 Richterin des Hamburgischen Verfassungsgerichts. Sie gilt als herausragende Anw\u00e4ltin, die durch Klimaklagen wie dem <a href=\"https:\/\/www.protect-the-planet.de\/peoples-climate-case\/\">People\u2019s Climate Case<\/a> (2018) und der <a href=\"https:\/\/www.protect-the-planet.de\/bundesverfassungsbeschwerde-klimaschutz-hat-verfassungsrang\/\">Verfassungsbeschwerde gegen das Bundesklimaschutzgesetz<\/a> (2021), an denen auch Protect the Planet beteiligt war, bekannt ist.\u00a0<\/p><h3><strong>Inspirierender Vortrag in der Evangelischen Stadtakademie<\/strong><\/h3><p>Bei dem inspirierenden Vortrag mit anschlie\u00dfender Diskussionsrunde letzte Woche im Rahmen unserer Veranstaltungsreihe mit dem <a href=\"http:\/\/energienetzwerk-muc.de\/verein\/\">Verein Saubere Energie M\u00fcnchen<\/a> teilte die renommierte Rechtsanw\u00e4ltin ihre Erfahrungen mit Klimaklagen, wie der des peruanischen Bauern Sa\u00fal Lliuya gegen RWE und dem sensationellen \u201eKlima-Urteil\u201c des Bundesverfassungsgerichts 2021. Die Veranstaltung, unterst\u00fctzt von der Evangelischen Stadtakademie als Kooperationspartner, bot eine lebendige Atmosph\u00e4re und eine angeregte Diskussion. Dorothea Sick-Thies, Gr\u00fcnderin von und Aktivistin bei Protect the Planet, er\u00f6ffnete den Abend mit einer herzlichen Gru\u00dfrede.\u00a0<\/p><p>Mit beeindruckender Klarheit und Leidenschaft erkl\u00e4rte Dr. Roda Verheyen das sehr\u00a0<a>rechtliche<\/a>\u00a0Thema und die aktuellen Entwicklungen in der Klimapolitik und im Bereich der Klimaklagen. Ihre Ausf\u00fchrungen verdeutlichten, warum sie als eine der herausragendsten Stimmen im Bereich des Klimarechts gilt.<\/p><h3><strong>Verfassungsbeschwerde 2.0<\/strong><\/h3><p>Zum Abschluss der Veranstaltung gab Dr. Verheyen einen Ausblick auf die aktuelle \u201e<a href=\"https:\/\/www.protect-the-planet.de\/neue-klimaklage-zum-mitmachen-klimaschutzgesetz-verfassungswidrig\/\">Zukunftsklage<\/a>\u201c. In einer Sammelklage werden drei neue Verfassungsbeschwerden gegen die aktuelle Klimapolitik und die Entkernung des Klimaschutzgesetzes eingereicht.\u00a0<\/p><h3><strong>Vortrag verpasst?\u00a0<\/strong><\/h3><p>Falls Sie den Vortrag verpasst haben, k\u00f6nnen Sie die gesamte Aufzeichnung <a href=\"https:\/\/www.protect-the-planet.de\/event\/2024-07-11-dr-roda-verheyen\/\">hier<\/a> nachtr\u00e4glich ansehen.\u00a0<\/p><p>Alle Aufzeichnungen unserer Vortr\u00e4ge finden Sie auch in unserem\u00a0<a href=\"https:\/\/www.protect-the-planet.de\/events\/liste\/?eventDisplay=past\">Veranstaltungsarchiv<\/a>.<\/p><p> <div class=\"brlbs-cmpnt-container brlbs-cmpnt-content-blocker brlbs-cmpnt-with-individual-styles\" data-borlabs-cookie-content-blocker-id=\"youtube-content-blocker\" data-borlabs-cookie-content=\"PGlmcmFtZSB0aXRsZT0iWW91VHViZSB2aWRlbyBwbGF5ZXIiIHNyYz0iaHR0cHM6Ly93d3cueW91dHViZS1ub2Nvb2tpZS5jb20vZW1iZWQvUWRxMzVWb0o5a3c\/c2k9Z25oc0haUzVDQnBTLUozXyIgd2lkdGg9IjU2MCIgaGVpZ2h0PSIzMTUiIGZyYW1lYm9yZGVyPSIwIiBhbGxvd2Z1bGxzY3JlZW49ImFsbG93ZnVsbHNjcmVlbiI+PC9pZnJhbWU+\"><div class=\"brlbs-cmpnt-cb-preset-c brlbs-cmpnt-cb-youtube\"> <div class=\"brlbs-cmpnt-cb-thumbnail\" style=\"background-image: url('https:\/\/www.protect-the-planet.de\/wp-content\/uploads\/borlabs-cookie\/1\/yt_Qdq35VoJ9kw_hqdefault.jpg')\"><\/div> <div class=\"brlbs-cmpnt-cb-main\"> <div class=\"brlbs-cmpnt-cb-play-button\"><\/div> <div class=\"brlbs-cmpnt-cb-content\"> <p class=\"brlbs-cmpnt-cb-description\">You are currently viewing a placeholder content from <strong>YouTube<\/strong>. To access the actual content, click the button below. Please note that doing so will share data with third-party providers.<\/p> <a class=\"brlbs-cmpnt-cb-provider-toggle\" href=\"#\" data-borlabs-cookie-show-provider-information role=\"button\">More Information<\/a> <\/div> <div class=\"brlbs-cmpnt-cb-buttons\"> <a class=\"brlbs-cmpnt-cb-btn\" href=\"#\" data-borlabs-cookie-unblock role=\"button\">Unblock content<\/a> <a class=\"brlbs-cmpnt-cb-btn\" href=\"#\" data-borlabs-cookie-accept-service role=\"button\" style=\"display: inherit\">Accept required service and unblock content<\/a> <\/div> <\/div> <\/div><\/div><\/p><blockquote><p style=\"font-weight: 400;\"><strong>\u201eKlima ist eben nicht mehr nur Umweltnische, sondern Weltaufgabe\u201c \u2013 Dr. Roda Verheyen<\/strong><\/p><\/blockquote><p style=\"font-weight: 400;\">Ein gro\u00dfer Dank geb\u00fchrt der <a href=\"https:\/\/www.stadtakademie-muenchen.de\">Evangelischen Stadtakademie<\/a>, die dieses Event als Mitveranstalter mit uns m\u00f6glich gemacht hat und in deren R\u00e4umlichkeiten der Vortrag stattfinden konnte, ebenso wie Helmut Paschlau vom Verein Saubere Energie M\u00fcnchen, der die Veranstaltung moderiert hat.<\/p>\t\t\t\t\t\t\t\t<\/div>\n\t\t\t\t<\/div>\n\t\t\t\t\t<\/div>\n\t\t\t\t<\/div>\n\t\t<div class=\"elementor-element elementor-element-34a7363 e-flex e-con-boxed e-con e-parent\" data-id=\"34a7363\" data-element_type=\"container\" data-e-type=\"container\">\n\t\t\t\t\t<div class=\"e-con-inner\">\n\t\t\t\t\t<\/div>\n\t\t\t\t<\/div>\n\t\t<div class=\"elementor-element elementor-element-a706667 e-grid e-con-boxed e-con e-parent\" data-id=\"a706667\" data-element_type=\"container\" data-e-type=\"container\">\n\t\t\t\t\t<div class=\"e-con-inner\">\n\t\t\t\t<div class=\"elementor-element elementor-element-72e7a52 elementor-widget elementor-widget-image\" data-id=\"72e7a52\" data-element_type=\"widget\" data-e-type=\"widget\" data-widget_type=\"image.default\">\n\t\t\t\t<div class=\"elementor-widget-container\">\n\t\t\t\t\t\t\t\t\t\t\t\t\t\t\t<img fetchpriority=\"high\" decoding=\"async\" width=\"576\" height=\"1024\" src=\"https:\/\/www.protect-the-planet.de\/wp-content\/uploads\/2024\/07\/2024-07-11-Vortrag-Roda-Verheyen-in-Muenchen-IMG_4295-576x1024.jpg\" class=\"attachment-large size-large wp-image-27810\" alt=\"\" srcset=\"https:\/\/www.protect-the-planet.de\/wp-content\/uploads\/2024\/07\/2024-07-11-Vortrag-Roda-Verheyen-in-Muenchen-IMG_4295-576x1024.jpg 576w, https:\/\/www.protect-the-planet.de\/wp-content\/uploads\/2024\/07\/2024-07-11-Vortrag-Roda-Verheyen-in-Muenchen-IMG_4295-169x300.jpg 169w, https:\/\/www.protect-the-planet.de\/wp-content\/uploads\/2024\/07\/2024-07-11-Vortrag-Roda-Verheyen-in-Muenchen-IMG_4295-768x1365.jpg 768w, https:\/\/www.protect-the-planet.de\/wp-content\/uploads\/2024\/07\/2024-07-11-Vortrag-Roda-Verheyen-in-Muenchen-IMG_4295-864x1536.jpg 864w, https:\/\/www.protect-the-planet.de\/wp-content\/uploads\/2024\/07\/2024-07-11-Vortrag-Roda-Verheyen-in-Muenchen-IMG_4295-1152x2048.jpg 1152w, https:\/\/www.protect-the-planet.de\/wp-content\/uploads\/2024\/07\/2024-07-11-Vortrag-Roda-Verheyen-in-Muenchen-IMG_4295-1320x2347.jpg 1320w, https:\/\/www.protect-the-planet.de\/wp-content\/uploads\/2024\/07\/2024-07-11-Vortrag-Roda-Verheyen-in-Muenchen-IMG_4295-scaled.jpg 1440w\" sizes=\"(max-width: 576px) 100vw, 576px\" \/>\t\t\t\t\t\t\t\t\t\t\t\t\t\t\t<\/div>\n\t\t\t\t<\/div>\n\t\t\t\t<div class=\"elementor-element elementor-element-747fd8d elementor-widget elementor-widget-image\" data-id=\"747fd8d\" data-element_type=\"widget\" data-e-type=\"widget\" data-widget_type=\"image.default\">\n\t\t\t\t<div class=\"elementor-widget-container\">\n\t\t\t\t\t\t\t\t\t\t\t\t\t\t\t<img decoding=\"async\" width=\"768\" height=\"1024\" src=\"https:\/\/www.protect-the-planet.de\/wp-content\/uploads\/2024\/07\/IMG_0037-768x1024.jpg\" class=\"attachment-large size-large wp-image-27779\" alt=\"\" srcset=\"https:\/\/www.protect-the-planet.de\/wp-content\/uploads\/2024\/07\/IMG_0037-768x1024.jpg 768w, https:\/\/www.protect-the-planet.de\/wp-content\/uploads\/2024\/07\/IMG_0037-225x300.jpg 225w, https:\/\/www.protect-the-planet.de\/wp-content\/uploads\/2024\/07\/IMG_0037-1152x1536.jpg 1152w, https:\/\/www.protect-the-planet.de\/wp-content\/uploads\/2024\/07\/IMG_0037.jpg 1200w\" sizes=\"(max-width: 768px) 100vw, 768px\" \/>\t\t\t\t\t\t\t\t\t\t\t\t\t\t\t<\/div>\n\t\t\t\t<\/div>\n\t\t\t\t\t<\/div>\n\t\t\t\t<\/div>\n\t\t\t\t<\/div>\n\t\t","protected":false},"excerpt":{"rendered":"<p>K\u00f6nnen Klimaklagen einen Ausweg aus der Klimakrise bieten? Ja. Klimaklagen sind ein wichtiger Treiber in der Transformation \u2013 nicht ausreichend und nicht der alleinige, aber ein Treiber, der inzwischen auch soziologisch untersucht wird, so Dr. Roda Verheyen. Bei unserem packenden Vortrag in der Evangelischen Stadtakademie M\u00fcnchen am 11.07.2024 konnte sie \u00fcber 100 Menschen im Publikum [&hellip;]<\/p>\n","protected":false},"author":4,"featured_media":27784,"comment_status":"closed","ping_status":"closed","sticky":false,"template":"","format":"standard","meta":{"footnotes":""},"categories":[729],"tags":[1166,1188,1189,703],"class_list":["post-27785","post","type-post","status-publish","format-standard","has-post-thumbnail","hentry","category-news","tag-dr-roda-verheyen-en","tag-klimaklage-en","tag-verfassungsbeschwerde-en","tag-vortragsreihe-en"],"yoast_head":"<!-- This site is optimized with the Yoast SEO plugin v27.5 - https:\/\/yoast.com\/product\/yoast-seo-wordpress\/ -->\n<title>Klimaklagen als Ausweg aus der Klimakrise? - Rechtsanw\u00e4ltin Dr. Roda Verheyen in M\u00fcnchen - Protect the Planet<\/title>\n<meta name=\"description\" content=\"Inspirierender Vortrag von Dr. Roda Verheyen zum Thema Klimaklagen und deren Wirkung als Ausweg aus der Klimakrise.\" \/>\n<meta name=\"robots\" content=\"index, follow, max-snippet:-1, max-image-preview:large, max-video-preview:-1\" \/>\n<link rel=\"canonical\" href=\"https:\/\/www.protect-the-planet.de\/en\/klimaklagen-als-ausweg-aus-der-klimakrise-rechtsanwaltin-dr-roda-verheyen-in-munchen\/\" \/>\n<meta property=\"og:locale\" content=\"en_US\" \/>\n<meta property=\"og:type\" content=\"article\" \/>\n<meta property=\"og:title\" content=\"Klimaklagen als Ausweg aus der Klimakrise? - Rechtsanw\u00e4ltin Dr. Roda Verheyen in M\u00fcnchen - Protect the Planet\" \/>\n<meta property=\"og:description\" content=\"Inspirierender Vortrag von Dr. Roda Verheyen zum Thema Klimaklagen und deren Wirkung als Ausweg aus der Klimakrise.\" \/>\n<meta property=\"og:url\" content=\"https:\/\/www.protect-the-planet.de\/en\/klimaklagen-als-ausweg-aus-der-klimakrise-rechtsanwaltin-dr-roda-verheyen-in-munchen\/\" \/>\n<meta property=\"og:site_name\" content=\"Protect the Planet\" \/>\n<meta property=\"article:publisher\" content=\"https:\/\/www.facebook.com\/protecttheplanetDE\/\" \/>\n<meta property=\"article:published_time\" content=\"2024-07-14T09:52:13+00:00\" \/>\n<meta property=\"article:modified_time\" content=\"2024-09-17T07:46:11+00:00\" \/>\n<meta property=\"og:image\" content=\"https:\/\/www.protect-the-planet.de\/wp-content\/uploads\/2024\/07\/2024-07-19-Rueckblick-Vortrag-Roda-2.jpg\" \/>\n\t<meta property=\"og:image:width\" content=\"900\" \/>\n\t<meta property=\"og:image:height\" content=\"550\" \/>\n\t<meta property=\"og:image:type\" content=\"image\/jpeg\" \/>\n<meta name=\"author\" content=\"Jana H\u00e4fner\" \/>\n<meta name=\"twitter:card\" content=\"summary_large_image\" \/>\n<meta name=\"twitter:creator\" content=\"@PtP_de\" \/>\n<meta name=\"twitter:site\" content=\"@PtP_de\" \/>\n<meta name=\"twitter:label1\" content=\"Written by\" \/>\n\t<meta name=\"twitter:data1\" content=\"Jana H\u00e4fner\" \/>\n\t<meta name=\"twitter:label2\" content=\"Est. reading time\" \/>\n\t<meta name=\"twitter:data2\" content=\"3 minutes\" \/>\n<script type=\"application\/ld+json\" class=\"yoast-schema-graph\">{\"@context\":\"https:\\\/\\\/schema.org\",\"@graph\":[{\"@type\":\"Article\",\"@id\":\"https:\\\/\\\/www.protect-the-planet.de\\\/en\\\/klimaklagen-als-ausweg-aus-der-klimakrise-rechtsanwaltin-dr-roda-verheyen-in-munchen\\\/#article\",\"isPartOf\":{\"@id\":\"https:\\\/\\\/www.protect-the-planet.de\\\/en\\\/klimaklagen-als-ausweg-aus-der-klimakrise-rechtsanwaltin-dr-roda-verheyen-in-munchen\\\/\"},\"author\":{\"name\":\"Jana H\u00e4fner\",\"@id\":\"https:\\\/\\\/www.protect-the-planet.de\\\/en\\\/#\\\/schema\\\/person\\\/94315f5fbca131d26764146a638b8fc6\"},\"headline\":\"Klimaklagen als Ausweg aus der Klimakrise? &#8211; Rechtsanw\u00e4ltin Dr. Roda Verheyen in M\u00fcnchen\",\"datePublished\":\"2024-07-14T09:52:13+00:00\",\"dateModified\":\"2024-09-17T07:46:11+00:00\",\"mainEntityOfPage\":{\"@id\":\"https:\\\/\\\/www.protect-the-planet.de\\\/en\\\/klimaklagen-als-ausweg-aus-der-klimakrise-rechtsanwaltin-dr-roda-verheyen-in-munchen\\\/\"},\"wordCount\":376,\"publisher\":{\"@id\":\"https:\\\/\\\/www.protect-the-planet.de\\\/en\\\/#organization\"},\"image\":{\"@id\":\"https:\\\/\\\/www.protect-the-planet.de\\\/en\\\/klimaklagen-als-ausweg-aus-der-klimakrise-rechtsanwaltin-dr-roda-verheyen-in-munchen\\\/#primaryimage\"},\"thumbnailUrl\":\"https:\\\/\\\/www.protect-the-planet.de\\\/wp-content\\\/uploads\\\/2024\\\/07\\\/2024-07-19-Rueckblick-Vortrag-Roda-2.jpg\",\"keywords\":[\"Dr. Roda Verheyen\",\"klimaklage\",\"verfassungsbeschwerde\",\"Vortragsreihe\"],\"articleSection\":[\"News\"],\"inLanguage\":\"en-US\"},{\"@type\":\"WebPage\",\"@id\":\"https:\\\/\\\/www.protect-the-planet.de\\\/en\\\/klimaklagen-als-ausweg-aus-der-klimakrise-rechtsanwaltin-dr-roda-verheyen-in-munchen\\\/\",\"url\":\"https:\\\/\\\/www.protect-the-planet.de\\\/en\\\/klimaklagen-als-ausweg-aus-der-klimakrise-rechtsanwaltin-dr-roda-verheyen-in-munchen\\\/\",\"name\":\"Klimaklagen als Ausweg aus der Klimakrise? - Rechtsanw\u00e4ltin Dr. Roda Verheyen in M\u00fcnchen - Protect the Planet\",\"isPartOf\":{\"@id\":\"https:\\\/\\\/www.protect-the-planet.de\\\/en\\\/#website\"},\"primaryImageOfPage\":{\"@id\":\"https:\\\/\\\/www.protect-the-planet.de\\\/en\\\/klimaklagen-als-ausweg-aus-der-klimakrise-rechtsanwaltin-dr-roda-verheyen-in-munchen\\\/#primaryimage\"},\"image\":{\"@id\":\"https:\\\/\\\/www.protect-the-planet.de\\\/en\\\/klimaklagen-als-ausweg-aus-der-klimakrise-rechtsanwaltin-dr-roda-verheyen-in-munchen\\\/#primaryimage\"},\"thumbnailUrl\":\"https:\\\/\\\/www.protect-the-planet.de\\\/wp-content\\\/uploads\\\/2024\\\/07\\\/2024-07-19-Rueckblick-Vortrag-Roda-2.jpg\",\"datePublished\":\"2024-07-14T09:52:13+00:00\",\"dateModified\":\"2024-09-17T07:46:11+00:00\",\"description\":\"Inspirierender Vortrag von Dr. Roda Verheyen zum Thema Klimaklagen und deren Wirkung als Ausweg aus der Klimakrise.\",\"breadcrumb\":{\"@id\":\"https:\\\/\\\/www.protect-the-planet.de\\\/en\\\/klimaklagen-als-ausweg-aus-der-klimakrise-rechtsanwaltin-dr-roda-verheyen-in-munchen\\\/#breadcrumb\"},\"inLanguage\":\"en-US\",\"potentialAction\":[{\"@type\":\"ReadAction\",\"target\":[\"https:\\\/\\\/www.protect-the-planet.de\\\/en\\\/klimaklagen-als-ausweg-aus-der-klimakrise-rechtsanwaltin-dr-roda-verheyen-in-munchen\\\/\"]}]},{\"@type\":\"ImageObject\",\"inLanguage\":\"en-US\",\"@id\":\"https:\\\/\\\/www.protect-the-planet.de\\\/en\\\/klimaklagen-als-ausweg-aus-der-klimakrise-rechtsanwaltin-dr-roda-verheyen-in-munchen\\\/#primaryimage\",\"url\":\"https:\\\/\\\/www.protect-the-planet.de\\\/wp-content\\\/uploads\\\/2024\\\/07\\\/2024-07-19-Rueckblick-Vortrag-Roda-2.jpg\",\"contentUrl\":\"https:\\\/\\\/www.protect-the-planet.de\\\/wp-content\\\/uploads\\\/2024\\\/07\\\/2024-07-19-Rueckblick-Vortrag-Roda-2.jpg\",\"width\":900,\"height\":550,\"caption\":\"Man sieht ca. 20 Menschen von hinten auf St\u00fchlen in einem kleinen Saal, die einem Vortrag aus einer Reihe von Klimaschutz-Veranstaltungen zuh\u00f6ren.\"},{\"@type\":\"BreadcrumbList\",\"@id\":\"https:\\\/\\\/www.protect-the-planet.de\\\/en\\\/klimaklagen-als-ausweg-aus-der-klimakrise-rechtsanwaltin-dr-roda-verheyen-in-munchen\\\/#breadcrumb\",\"itemListElement\":[{\"@type\":\"ListItem\",\"position\":1,\"name\":\"Startseite\",\"item\":\"https:\\\/\\\/www.protect-the-planet.de\\\/en\\\/home\\\/\"},{\"@type\":\"ListItem\",\"position\":2,\"name\":\"Klimaklagen als Ausweg aus der Klimakrise? &#8211; Rechtsanw\u00e4ltin Dr. Roda Verheyen in M\u00fcnchen\"}]},{\"@type\":\"WebSite\",\"@id\":\"https:\\\/\\\/www.protect-the-planet.de\\\/en\\\/#website\",\"url\":\"https:\\\/\\\/www.protect-the-planet.de\\\/en\\\/\",\"name\":\"Protect the Planet\",\"description\":\"If we don&#039;t change, the climate will.\",\"publisher\":{\"@id\":\"https:\\\/\\\/www.protect-the-planet.de\\\/en\\\/#organization\"},\"alternateName\":\"Protect the Panet gGmbH\",\"potentialAction\":[{\"@type\":\"SearchAction\",\"target\":{\"@type\":\"EntryPoint\",\"urlTemplate\":\"https:\\\/\\\/www.protect-the-planet.de\\\/en\\\/?s={search_term_string}\"},\"query-input\":{\"@type\":\"PropertyValueSpecification\",\"valueRequired\":true,\"valueName\":\"search_term_string\"}}],\"inLanguage\":\"en-US\"},{\"@type\":\"Organization\",\"@id\":\"https:\\\/\\\/www.protect-the-planet.de\\\/en\\\/#organization\",\"name\":\"Protect the Planet\",\"url\":\"https:\\\/\\\/www.protect-the-planet.de\\\/en\\\/\",\"logo\":{\"@type\":\"ImageObject\",\"inLanguage\":\"en-US\",\"@id\":\"https:\\\/\\\/www.protect-the-planet.de\\\/en\\\/#\\\/schema\\\/logo\\\/image\\\/\",\"url\":\"https:\\\/\\\/www.protect-the-planet.de\\\/wp-content\\\/uploads\\\/2023\\\/09\\\/LOGO-positiv_transparent-klein.png\",\"contentUrl\":\"https:\\\/\\\/www.protect-the-planet.de\\\/wp-content\\\/uploads\\\/2023\\\/09\\\/LOGO-positiv_transparent-klein.png\",\"width\":123,\"height\":68,\"caption\":\"Protect the Planet\"},\"image\":{\"@id\":\"https:\\\/\\\/www.protect-the-planet.de\\\/en\\\/#\\\/schema\\\/logo\\\/image\\\/\"},\"sameAs\":[\"https:\\\/\\\/www.facebook.com\\\/protecttheplanetDE\\\/\",\"https:\\\/\\\/x.com\\\/PtP_de\",\"https:\\\/\\\/www.instagram.com\\\/protecttheplanetorg\\\/\",\"https:\\\/\\\/www.linkedin.com\\\/company\\\/protect-the-planet\",\"https:\\\/\\\/www.youtube.com\\\/@protecttheplanet\"]},{\"@type\":\"Person\",\"@id\":\"https:\\\/\\\/www.protect-the-planet.de\\\/en\\\/#\\\/schema\\\/person\\\/94315f5fbca131d26764146a638b8fc6\",\"name\":\"Jana H\u00e4fner\",\"image\":{\"@type\":\"ImageObject\",\"inLanguage\":\"en-US\",\"@id\":\"https:\\\/\\\/www.protect-the-planet.de\\\/wp-content\\\/uploads\\\/2024\\\/04\\\/cropped-2310_ProtectThePlanet_206-96x96.jpg\",\"url\":\"https:\\\/\\\/www.protect-the-planet.de\\\/wp-content\\\/uploads\\\/2024\\\/04\\\/cropped-2310_ProtectThePlanet_206-96x96.jpg\",\"contentUrl\":\"https:\\\/\\\/www.protect-the-planet.de\\\/wp-content\\\/uploads\\\/2024\\\/04\\\/cropped-2310_ProtectThePlanet_206-96x96.jpg\",\"caption\":\"Jana H\u00e4fner\"},\"description\":\"jana.haefner@protect-the-planet.de +49 152 53089270\",\"url\":\"https:\\\/\\\/www.protect-the-planet.de\\\/en\\\/author\\\/jana-haefner\\\/\"}]}<\/script>\n<!-- \/ Yoast SEO plugin. -->","yoast_head_json":{"title":"Klimaklagen als Ausweg aus der Klimakrise? - Rechtsanw\u00e4ltin Dr. Roda Verheyen in M\u00fcnchen - Protect the Planet","description":"Inspirierender Vortrag von Dr. Roda Verheyen zum Thema Klimaklagen und deren Wirkung als Ausweg aus der Klimakrise.","robots":{"index":"index","follow":"follow","max-snippet":"max-snippet:-1","max-image-preview":"max-image-preview:large","max-video-preview":"max-video-preview:-1"},"canonical":"https:\/\/www.protect-the-planet.de\/en\/klimaklagen-als-ausweg-aus-der-klimakrise-rechtsanwaltin-dr-roda-verheyen-in-munchen\/","og_locale":"en_US","og_type":"article","og_title":"Klimaklagen als Ausweg aus der Klimakrise? - Rechtsanw\u00e4ltin Dr. Roda Verheyen in M\u00fcnchen - Protect the Planet","og_description":"Inspirierender Vortrag von Dr. Roda Verheyen zum Thema Klimaklagen und deren Wirkung als Ausweg aus der Klimakrise.","og_url":"https:\/\/www.protect-the-planet.de\/en\/klimaklagen-als-ausweg-aus-der-klimakrise-rechtsanwaltin-dr-roda-verheyen-in-munchen\/","og_site_name":"Protect the Planet","article_publisher":"https:\/\/www.facebook.com\/protecttheplanetDE\/","article_published_time":"2024-07-14T09:52:13+00:00","article_modified_time":"2024-09-17T07:46:11+00:00","og_image":[{"width":900,"height":550,"url":"https:\/\/www.protect-the-planet.de\/wp-content\/uploads\/2024\/07\/2024-07-19-Rueckblick-Vortrag-Roda-2.jpg","type":"image\/jpeg"}],"author":"Jana H\u00e4fner","twitter_card":"summary_large_image","twitter_creator":"@PtP_de","twitter_site":"@PtP_de","twitter_misc":{"Written by":"Jana H\u00e4fner","Est. reading time":"3 minutes"},"schema":{"@context":"https:\/\/schema.org","@graph":[{"@type":"Article","@id":"https:\/\/www.protect-the-planet.de\/en\/klimaklagen-als-ausweg-aus-der-klimakrise-rechtsanwaltin-dr-roda-verheyen-in-munchen\/#article","isPartOf":{"@id":"https:\/\/www.protect-the-planet.de\/en\/klimaklagen-als-ausweg-aus-der-klimakrise-rechtsanwaltin-dr-roda-verheyen-in-munchen\/"},"author":{"name":"Jana H\u00e4fner","@id":"https:\/\/www.protect-the-planet.de\/en\/#\/schema\/person\/94315f5fbca131d26764146a638b8fc6"},"headline":"Klimaklagen als Ausweg aus der Klimakrise? &#8211; Rechtsanw\u00e4ltin Dr. Roda Verheyen in M\u00fcnchen","datePublished":"2024-07-14T09:52:13+00:00","dateModified":"2024-09-17T07:46:11+00:00","mainEntityOfPage":{"@id":"https:\/\/www.protect-the-planet.de\/en\/klimaklagen-als-ausweg-aus-der-klimakrise-rechtsanwaltin-dr-roda-verheyen-in-munchen\/"},"wordCount":376,"publisher":{"@id":"https:\/\/www.protect-the-planet.de\/en\/#organization"},"image":{"@id":"https:\/\/www.protect-the-planet.de\/en\/klimaklagen-als-ausweg-aus-der-klimakrise-rechtsanwaltin-dr-roda-verheyen-in-munchen\/#primaryimage"},"thumbnailUrl":"https:\/\/www.protect-the-planet.de\/wp-content\/uploads\/2024\/07\/2024-07-19-Rueckblick-Vortrag-Roda-2.jpg","keywords":["Dr. Roda Verheyen","klimaklage","verfassungsbeschwerde","Vortragsreihe"],"articleSection":["News"],"inLanguage":"en-US"},{"@type":"WebPage","@id":"https:\/\/www.protect-the-planet.de\/en\/klimaklagen-als-ausweg-aus-der-klimakrise-rechtsanwaltin-dr-roda-verheyen-in-munchen\/","url":"https:\/\/www.protect-the-planet.de\/en\/klimaklagen-als-ausweg-aus-der-klimakrise-rechtsanwaltin-dr-roda-verheyen-in-munchen\/","name":"Klimaklagen als Ausweg aus der Klimakrise? - Rechtsanw\u00e4ltin Dr. Roda Verheyen in M\u00fcnchen - Protect the Planet","isPartOf":{"@id":"https:\/\/www.protect-the-planet.de\/en\/#website"},"primaryImageOfPage":{"@id":"https:\/\/www.protect-the-planet.de\/en\/klimaklagen-als-ausweg-aus-der-klimakrise-rechtsanwaltin-dr-roda-verheyen-in-munchen\/#primaryimage"},"image":{"@id":"https:\/\/www.protect-the-planet.de\/en\/klimaklagen-als-ausweg-aus-der-klimakrise-rechtsanwaltin-dr-roda-verheyen-in-munchen\/#primaryimage"},"thumbnailUrl":"https:\/\/www.protect-the-planet.de\/wp-content\/uploads\/2024\/07\/2024-07-19-Rueckblick-Vortrag-Roda-2.jpg","datePublished":"2024-07-14T09:52:13+00:00","dateModified":"2024-09-17T07:46:11+00:00","description":"Inspirierender Vortrag von Dr. Roda Verheyen zum Thema Klimaklagen und deren Wirkung als Ausweg aus der Klimakrise.","breadcrumb":{"@id":"https:\/\/www.protect-the-planet.de\/en\/klimaklagen-als-ausweg-aus-der-klimakrise-rechtsanwaltin-dr-roda-verheyen-in-munchen\/#breadcrumb"},"inLanguage":"en-US","potentialAction":[{"@type":"ReadAction","target":["https:\/\/www.protect-the-planet.de\/en\/klimaklagen-als-ausweg-aus-der-klimakrise-rechtsanwaltin-dr-roda-verheyen-in-munchen\/"]}]},{"@type":"ImageObject","inLanguage":"en-US","@id":"https:\/\/www.protect-the-planet.de\/en\/klimaklagen-als-ausweg-aus-der-klimakrise-rechtsanwaltin-dr-roda-verheyen-in-munchen\/#primaryimage","url":"https:\/\/www.protect-the-planet.de\/wp-content\/uploads\/2024\/07\/2024-07-19-Rueckblick-Vortrag-Roda-2.jpg","contentUrl":"https:\/\/www.protect-the-planet.de\/wp-content\/uploads\/2024\/07\/2024-07-19-Rueckblick-Vortrag-Roda-2.jpg","width":900,"height":550,"caption":"Man sieht ca. 20 Menschen von hinten auf St\u00fchlen in einem kleinen Saal, die einem Vortrag aus einer Reihe von Klimaschutz-Veranstaltungen zuh\u00f6ren."},{"@type":"BreadcrumbList","@id":"https:\/\/www.protect-the-planet.de\/en\/klimaklagen-als-ausweg-aus-der-klimakrise-rechtsanwaltin-dr-roda-verheyen-in-munchen\/#breadcrumb","itemListElement":[{"@type":"ListItem","position":1,"name":"Startseite","item":"https:\/\/www.protect-the-planet.de\/en\/home\/"},{"@type":"ListItem","position":2,"name":"Klimaklagen als Ausweg aus der Klimakrise? &#8211; Rechtsanw\u00e4ltin Dr. Roda Verheyen in M\u00fcnchen"}]},{"@type":"WebSite","@id":"https:\/\/www.protect-the-planet.de\/en\/#website","url":"https:\/\/www.protect-the-planet.de\/en\/","name":"Protect the Planet","description":"If we don&#039;t change, the climate will.","publisher":{"@id":"https:\/\/www.protect-the-planet.de\/en\/#organization"},"alternateName":"Protect the Panet gGmbH","potentialAction":[{"@type":"SearchAction","target":{"@type":"EntryPoint","urlTemplate":"https:\/\/www.protect-the-planet.de\/en\/?s={search_term_string}"},"query-input":{"@type":"PropertyValueSpecification","valueRequired":true,"valueName":"search_term_string"}}],"inLanguage":"en-US"},{"@type":"Organization","@id":"https:\/\/www.protect-the-planet.de\/en\/#organization","name":"Protect the Planet","url":"https:\/\/www.protect-the-planet.de\/en\/","logo":{"@type":"ImageObject","inLanguage":"en-US","@id":"https:\/\/www.protect-the-planet.de\/en\/#\/schema\/logo\/image\/","url":"https:\/\/www.protect-the-planet.de\/wp-content\/uploads\/2023\/09\/LOGO-positiv_transparent-klein.png","contentUrl":"https:\/\/www.protect-the-planet.de\/wp-content\/uploads\/2023\/09\/LOGO-positiv_transparent-klein.png","width":123,"height":68,"caption":"Protect the Planet"},"image":{"@id":"https:\/\/www.protect-the-planet.de\/en\/#\/schema\/logo\/image\/"},"sameAs":["https:\/\/www.facebook.com\/protecttheplanetDE\/","https:\/\/x.com\/PtP_de","https:\/\/www.instagram.com\/protecttheplanetorg\/","https:\/\/www.linkedin.com\/company\/protect-the-planet","https:\/\/www.youtube.com\/@protecttheplanet"]},{"@type":"Person","@id":"https:\/\/www.protect-the-planet.de\/en\/#\/schema\/person\/94315f5fbca131d26764146a638b8fc6","name":"Jana H\u00e4fner","image":{"@type":"ImageObject","inLanguage":"en-US","@id":"https:\/\/www.protect-the-planet.de\/wp-content\/uploads\/2024\/04\/cropped-2310_ProtectThePlanet_206-96x96.jpg","url":"https:\/\/www.protect-the-planet.de\/wp-content\/uploads\/2024\/04\/cropped-2310_ProtectThePlanet_206-96x96.jpg","contentUrl":"https:\/\/www.protect-the-planet.de\/wp-content\/uploads\/2024\/04\/cropped-2310_ProtectThePlanet_206-96x96.jpg","caption":"Jana H\u00e4fner"},"description":"jana.haefner@protect-the-planet.de +49 152 53089270","url":"https:\/\/www.protect-the-planet.de\/en\/author\/jana-haefner\/"}]}},"_links":{"self":[{"href":"https:\/\/www.protect-the-planet.de\/en\/wp-json\/wp\/v2\/posts\/27785","targetHints":{"allow":["GET"]}}],"collection":[{"href":"https:\/\/www.protect-the-planet.de\/en\/wp-json\/wp\/v2\/posts"}],"about":[{"href":"https:\/\/www.protect-the-planet.de\/en\/wp-json\/wp\/v2\/types\/post"}],"author":[{"embeddable":true,"href":"https:\/\/www.protect-the-planet.de\/en\/wp-json\/wp\/v2\/users\/4"}],"replies":[{"embeddable":true,"href":"https:\/\/www.protect-the-planet.de\/en\/wp-json\/wp\/v2\/comments?post=27785"}],"version-history":[{"count":0,"href":"https:\/\/www.protect-the-planet.de\/en\/wp-json\/wp\/v2\/posts\/27785\/revisions"}],"wp:featuredmedia":[{"embeddable":true,"href":"https:\/\/www.protect-the-planet.de\/en\/wp-json\/wp\/v2\/media\/27784"}],"wp:attachment":[{"href":"https:\/\/www.protect-the-planet.de\/en\/wp-json\/wp\/v2\/media?parent=27785"}],"wp:term":[{"taxonomy":"category","embeddable":true,"href":"https:\/\/www.protect-the-planet.de\/en\/wp-json\/wp\/v2\/categories?post=27785"},{"taxonomy":"post_tag","embeddable":true,"href":"https:\/\/www.protect-the-planet.de\/en\/wp-json\/wp\/v2\/tags?post=27785"}],"curies":[{"name":"wp","href":"https:\/\/api.w.org\/{rel}","templated":true}]}}