{"id":27106,"date":"2024-06-03T14:46:51","date_gmt":"2024-06-03T12:46:51","guid":{"rendered":"https:\/\/www.protect-the-planet.de\/?p=27106"},"modified":"2025-03-12T10:33:57","modified_gmt":"2025-03-12T09:33:57","slug":"320-000-menschen-in-muenchen-gegen-rechts-auf-der-strasse","status":"publish","type":"post","link":"https:\/\/www.protect-the-planet.de\/en\/320-000-menschen-in-muenchen-gegen-rechts-auf-der-strasse\/","title":{"rendered":"Europaweiter Klimastreik: M\u00fcnchen trotzt dem Regen f\u00fcr die Zukunft"},"content":{"rendered":"\t\t<div data-elementor-type=\"wp-post\" data-elementor-id=\"27106\" class=\"elementor elementor-27106 elementor-27105\" data-elementor-post-type=\"post\">\n\t\t\t\t<div class=\"elementor-element elementor-element-6f7ba5a5 e-flex e-con-boxed e-con e-parent\" data-id=\"6f7ba5a5\" data-element_type=\"container\" data-e-type=\"container\">\n\t\t\t\t\t<div class=\"e-con-inner\">\n\t\t\t\t<div class=\"elementor-element elementor-element-368c5612 elementor-widget elementor-widget-text-editor\" data-id=\"368c5612\" data-element_type=\"widget\" data-e-type=\"widget\" data-widget_type=\"text-editor.default\">\n\t\t\t\t<div class=\"elementor-widget-container\">\n\t\t\t\t\t\t\t\t\t<p style=\"font-weight: 400;\"><strong>R\u00fcckblick auf den Klimastreik zur Europawahl in M\u00fcnchen am 31. Mai 2024<\/strong><\/p>\n<p style=\"font-weight: 400;\">Am 31. Mai 2024 versammelten sich trotz str\u00f6menden Regens tausende Menschen auf dem M\u00fcnchner K\u00f6nigsplatz, um im Rahmen des europaweiten Klimastreiks mit Fridays for Future f\u00fcr Klimaschutz und gegen den Rechtsruck in Europa zu demonstrieren. Unter dem Hashtag #democracyforclimate setzten die Demonstrant*innen ein starkes Zeichen, eine Woche vor den entscheidenden Europawahlen. Als M\u00fcnchner Klimaschutz-NGO waren wir von Protect the Planet nat\u00fcrlich auch mit dabei, u.a. mit unserem frisch ernannten <a href=\"https:\/\/www.protect-the-planet.de\/en\/protect-the-planet-beruft-markus-raschke-zum-neuen-geschaftsfuhrer\/\">neuen Gesch\u00e4ftsf\u00fchrer Markus Raschke<\/a>.  <\/p>\n<figure id=\"attachment_27107\" aria-describedby=\"caption-attachment-27107\" style=\"width: 275px\" class=\"wp-caption aligncenter\"><img fetchpriority=\"high\" decoding=\"async\" class=\" wp-image-27107\" src=\"https:\/\/www.protect-the-planet.de\/wp-content\/uploads\/2024\/06\/3R8A8423-200x300.jpg\" alt=\"Bild vom Demozug vom Klimastreik zur EU-Wahl am 31.05.2024\" width=\"275\" height=\"413\" srcset=\"https:\/\/www.protect-the-planet.de\/wp-content\/uploads\/2024\/06\/3R8A8423-200x300.jpg 200w, https:\/\/www.protect-the-planet.de\/wp-content\/uploads\/2024\/06\/3R8A8423-683x1024.jpg 683w, https:\/\/www.protect-the-planet.de\/wp-content\/uploads\/2024\/06\/3R8A8423-768x1152.jpg 768w, https:\/\/www.protect-the-planet.de\/wp-content\/uploads\/2024\/06\/3R8A8423-1024x1536.jpg 1024w, https:\/\/www.protect-the-planet.de\/wp-content\/uploads\/2024\/06\/3R8A8423-1365x2048.jpg 1365w, https:\/\/www.protect-the-planet.de\/wp-content\/uploads\/2024\/06\/3R8A8423-1320x1980.jpg 1320w, https:\/\/www.protect-the-planet.de\/wp-content\/uploads\/2024\/06\/3R8A8423-scaled.jpg 1707w\" sizes=\"(max-width: 275px) 100vw, 275px\" \/><figcaption id=\"caption-attachment-27107\" class=\"wp-caption-text\"><em>Credits: Lukas Schulz\/lukas.studio, Instagram: <a href=\"https:\/\/www.instagram.com\/_lukas.schulz\/\">@_lukas.schulz<\/a><\/em><\/figcaption><\/figure>\n<p style=\"font-weight: 400;\">Neben FFF sprachen Vertreter*innen von Greenpeace, den Scientists4Future, diversity M\u00fcnchen, der jungen Arbeitsgemeinschaft b\u00e4uerliche Landwirtschaft (jAbL) und der Klimadelegation e. V. zu den Anwesenden. Die Reden unterstrichen die Bedeutung einer aktiven Teilnahme an der EU-Wahl, um die Zukunft Europas nachhaltig zu gestalten. <\/p>\n<p style=\"font-weight: 400;\"><strong>Ein starkes Zeichen trotz widriger Bedingungen<\/strong><\/p>\n<p style=\"font-weight: 400;\">Wir freuen uns sehr \u00fcber das starke Zeichen f\u00fcr Klimaschutz und gegen den Rechtsruck, den der europaweite Klimastreik am 31.05. auch in M\u00fcnchen setzen konnte. Trotz des schlechten Wetters kamen Tausende zusammen, um ihre Stimme f\u00fcr eine nachhaltige und demokratische Zukunft zu erheben. Die Veranstaltung verdeutlichte, dass es in Zeiten von Krisen und Herausforderungen wichtiger denn je ist, aktiv zu bleiben und sich f\u00fcr die eigenen Werte einzusetzen.   <\/p>\n<p style=\"font-weight: 400;\">Etwa eine Woche nach dem Klimastreik findet am 9. Juni die Europawahl statt. Erstmals d\u00fcrfen bei dieser Wahl alle Menschen ab 16 Jahren w\u00e4hlen. Diese Wahl bietet eine wichtige Gelegenheit, politische Entscheidungstr\u00e4ger*innen zu w\u00e4hlen, die sich f\u00fcr den Umweltschutz und den Kampf gegen den Klimawandel einsetzen. Wir ermutigen jede*n, ihre*seine Stimme abzugeben und sich f\u00fcr eine nachhaltige und demokratische Zukunft einzusetzen.   <\/p>\n<p style=\"font-weight: 400;\">F\u00fcr eine informierte Wahlentscheidung empfehlen wir den <a href=\"https:\/\/klimawahlcheck.eu\/\">Klimawahlcheck<\/a>, den wir mit auf den Weg gebracht haben, oder z.B. auch die <a href=\"https:\/\/www.xn--natrlichwhlen-jfb76a.eu\/\">Bilanz des EU-Parlaments<\/a> des Deutschen Naturschutzrings, um zu sehen, wie die Parteien in der letzten Legislaturperiode bei Fragen des Umwelt- und Klimaschutzes abgestimmt haben.<\/p>\n<figure id=\"attachment_27116\" aria-describedby=\"caption-attachment-27116\" style=\"width: 302px\" class=\"wp-caption aligncenter\"><img decoding=\"async\" class=\" wp-image-27116\" src=\"https:\/\/www.protect-the-planet.de\/wp-content\/uploads\/2024\/06\/signal-2024-06-03-103429-225x300.jpeg\" alt=\"PtP auf dem EU-Klimastreik\" width=\"302\" height=\"403\" srcset=\"https:\/\/www.protect-the-planet.de\/wp-content\/uploads\/2024\/06\/signal-2024-06-03-103429-225x300.jpeg 225w, https:\/\/www.protect-the-planet.de\/wp-content\/uploads\/2024\/06\/signal-2024-06-03-103429-768x1024.jpeg 768w, https:\/\/www.protect-the-planet.de\/wp-content\/uploads\/2024\/06\/signal-2024-06-03-103429-1152x1536.jpeg 1152w, https:\/\/www.protect-the-planet.de\/wp-content\/uploads\/2024\/06\/signal-2024-06-03-103429.jpeg 1200w\" sizes=\"(max-width: 302px) 100vw, 302px\" \/><figcaption id=\"caption-attachment-27116\" class=\"wp-caption-text\"><em>Fenya Kirst, Jana H\u00e4fner und Markus Raschke auf dem Klimastreik zur Europawahl<\/em><\/figcaption><\/figure>\n<div class=\"mceTemp\"> <\/div>\n\t\t\t\t\t\t\t\t<\/div>\n\t\t\t\t<\/div>\n\t\t\t\t\t<\/div>\n\t\t\t\t<\/div>\n\t\t\t\t<\/div>\n\t\t","protected":false},"excerpt":{"rendered":"<p>Trotz des schlechten Wetters kamen tausende in M\u00fcnchen am K\u00f6nigsplatz zum europaweiten Klimastreik zusammen, um ihre Stimme f\u00fcr eine nachhaltige und demokratische Zukunft zu erheben. Protect the Planet war auch mit dabei.  <\/p>\n","protected":false},"author":4,"featured_media":27108,"comment_status":"closed","ping_status":"closed","sticky":false,"template":"","format":"standard","meta":{"footnotes":""},"categories":[729],"tags":[821,752,763,710,766,734,1366,753,1365,1043],"class_list":["post-27106","post","type-post","status-publish","format-standard","has-post-thumbnail","hentry","category-news","tag-demokratie-en","tag-demonstration-en","tag-fridays-for-future-en","tag-klimaschutz-en","tag-klimastreik-en","tag-klimaziele-en","tag-koenigsplatz-en","tag-muenchen-en","tag-rechtsruck-en","tag-vielfalt-en"],"yoast_head":"<!-- This site is optimized with the Yoast SEO plugin v27.5 - https:\/\/yoast.com\/product\/yoast-seo-wordpress\/ -->\n<title>Europaweiter Klimastreik: M\u00fcnchen trotzt dem Regen f\u00fcr die Zukunft - Protect the Planet<\/title>\n<meta name=\"description\" content=\"Protect the Planet war beim Klimastreik zur EU-Wahl am Freitag, den 31.05.2024 in M\u00fcnchen dabei.\" \/>\n<meta name=\"robots\" content=\"index, follow, max-snippet:-1, max-image-preview:large, max-video-preview:-1\" \/>\n<link rel=\"canonical\" href=\"https:\/\/www.protect-the-planet.de\/en\/320-000-menschen-in-muenchen-gegen-rechts-auf-der-strasse\/\" \/>\n<meta property=\"og:locale\" content=\"en_US\" \/>\n<meta property=\"og:type\" content=\"article\" \/>\n<meta property=\"og:title\" content=\"Europaweiter Klimastreik: M\u00fcnchen trotzt dem Regen f\u00fcr die Zukunft - Protect the Planet\" \/>\n<meta property=\"og:description\" content=\"Protect the Planet war beim Klimastreik zur EU-Wahl am Freitag, den 31.05.2024 in M\u00fcnchen dabei.\" \/>\n<meta property=\"og:url\" content=\"https:\/\/www.protect-the-planet.de\/en\/320-000-menschen-in-muenchen-gegen-rechts-auf-der-strasse\/\" \/>\n<meta property=\"og:site_name\" content=\"Protect the Planet\" \/>\n<meta property=\"article:publisher\" content=\"https:\/\/www.facebook.com\/protecttheplanetDE\/\" \/>\n<meta property=\"article:published_time\" content=\"2024-06-03T12:46:51+00:00\" \/>\n<meta property=\"article:modified_time\" content=\"2025-03-12T09:33:57+00:00\" \/>\n<meta property=\"og:image\" content=\"https:\/\/www.protect-the-planet.de\/wp-content\/uploads\/2024\/06\/3R8A8423-scaled.jpg\" \/>\n\t<meta property=\"og:image:width\" content=\"1707\" \/>\n\t<meta property=\"og:image:height\" content=\"2560\" \/>\n\t<meta property=\"og:image:type\" content=\"image\/jpeg\" \/>\n<meta name=\"author\" content=\"Jana H\u00e4fner\" \/>\n<meta name=\"twitter:card\" content=\"summary_large_image\" \/>\n<meta name=\"twitter:creator\" content=\"@PtP_de\" \/>\n<meta name=\"twitter:site\" content=\"@PtP_de\" \/>\n<meta name=\"twitter:label1\" content=\"Written by\" \/>\n\t<meta name=\"twitter:data1\" content=\"Jana H\u00e4fner\" \/>\n\t<meta name=\"twitter:label2\" content=\"Est. reading time\" \/>\n\t<meta name=\"twitter:data2\" content=\"3 minutes\" \/>\n<script type=\"application\/ld+json\" class=\"yoast-schema-graph\">{\"@context\":\"https:\\\/\\\/schema.org\",\"@graph\":[{\"@type\":\"Article\",\"@id\":\"https:\\\/\\\/www.protect-the-planet.de\\\/en\\\/320-000-menschen-in-muenchen-gegen-rechts-auf-der-strasse\\\/#article\",\"isPartOf\":{\"@id\":\"https:\\\/\\\/www.protect-the-planet.de\\\/en\\\/320-000-menschen-in-muenchen-gegen-rechts-auf-der-strasse\\\/\"},\"author\":{\"name\":\"Jana H\u00e4fner\",\"@id\":\"https:\\\/\\\/www.protect-the-planet.de\\\/en\\\/#\\\/schema\\\/person\\\/94315f5fbca131d26764146a638b8fc6\"},\"headline\":\"Europaweiter Klimastreik: M\u00fcnchen trotzt dem Regen f\u00fcr die Zukunft\",\"datePublished\":\"2024-06-03T12:46:51+00:00\",\"dateModified\":\"2025-03-12T09:33:57+00:00\",\"mainEntityOfPage\":{\"@id\":\"https:\\\/\\\/www.protect-the-planet.de\\\/en\\\/320-000-menschen-in-muenchen-gegen-rechts-auf-der-strasse\\\/\"},\"wordCount\":376,\"publisher\":{\"@id\":\"https:\\\/\\\/www.protect-the-planet.de\\\/en\\\/#organization\"},\"image\":{\"@id\":\"https:\\\/\\\/www.protect-the-planet.de\\\/en\\\/320-000-menschen-in-muenchen-gegen-rechts-auf-der-strasse\\\/#primaryimage\"},\"thumbnailUrl\":\"https:\\\/\\\/www.protect-the-planet.de\\\/wp-content\\\/uploads\\\/2024\\\/06\\\/3R8A8423-scaled.jpg\",\"keywords\":[\"Demokratie\",\"Demonstration\",\"Fridays for Future\",\"Klimaschutz\",\"Klimastreik\",\"Klimaziele\",\"K\u00f6nigsplatz\",\"M\u00fcnchen\",\"Rechtsruck\",\"Vielfalt\"],\"articleSection\":[\"News\"],\"inLanguage\":\"en-US\"},{\"@type\":\"WebPage\",\"@id\":\"https:\\\/\\\/www.protect-the-planet.de\\\/en\\\/320-000-menschen-in-muenchen-gegen-rechts-auf-der-strasse\\\/\",\"url\":\"https:\\\/\\\/www.protect-the-planet.de\\\/en\\\/320-000-menschen-in-muenchen-gegen-rechts-auf-der-strasse\\\/\",\"name\":\"Europaweiter Klimastreik: M\u00fcnchen trotzt dem Regen f\u00fcr die Zukunft - Protect the Planet\",\"isPartOf\":{\"@id\":\"https:\\\/\\\/www.protect-the-planet.de\\\/en\\\/#website\"},\"primaryImageOfPage\":{\"@id\":\"https:\\\/\\\/www.protect-the-planet.de\\\/en\\\/320-000-menschen-in-muenchen-gegen-rechts-auf-der-strasse\\\/#primaryimage\"},\"image\":{\"@id\":\"https:\\\/\\\/www.protect-the-planet.de\\\/en\\\/320-000-menschen-in-muenchen-gegen-rechts-auf-der-strasse\\\/#primaryimage\"},\"thumbnailUrl\":\"https:\\\/\\\/www.protect-the-planet.de\\\/wp-content\\\/uploads\\\/2024\\\/06\\\/3R8A8423-scaled.jpg\",\"datePublished\":\"2024-06-03T12:46:51+00:00\",\"dateModified\":\"2025-03-12T09:33:57+00:00\",\"description\":\"Protect the Planet war beim Klimastreik zur EU-Wahl am Freitag, den 31.05.2024 in M\u00fcnchen dabei.\",\"breadcrumb\":{\"@id\":\"https:\\\/\\\/www.protect-the-planet.de\\\/en\\\/320-000-menschen-in-muenchen-gegen-rechts-auf-der-strasse\\\/#breadcrumb\"},\"inLanguage\":\"en-US\",\"potentialAction\":[{\"@type\":\"ReadAction\",\"target\":[\"https:\\\/\\\/www.protect-the-planet.de\\\/en\\\/320-000-menschen-in-muenchen-gegen-rechts-auf-der-strasse\\\/\"]}]},{\"@type\":\"ImageObject\",\"inLanguage\":\"en-US\",\"@id\":\"https:\\\/\\\/www.protect-the-planet.de\\\/en\\\/320-000-menschen-in-muenchen-gegen-rechts-auf-der-strasse\\\/#primaryimage\",\"url\":\"https:\\\/\\\/www.protect-the-planet.de\\\/wp-content\\\/uploads\\\/2024\\\/06\\\/3R8A8423-scaled.jpg\",\"contentUrl\":\"https:\\\/\\\/www.protect-the-planet.de\\\/wp-content\\\/uploads\\\/2024\\\/06\\\/3R8A8423-scaled.jpg\",\"width\":1707,\"height\":2560,\"caption\":\"Credits:\"},{\"@type\":\"BreadcrumbList\",\"@id\":\"https:\\\/\\\/www.protect-the-planet.de\\\/en\\\/320-000-menschen-in-muenchen-gegen-rechts-auf-der-strasse\\\/#breadcrumb\",\"itemListElement\":[{\"@type\":\"ListItem\",\"position\":1,\"name\":\"Startseite\",\"item\":\"https:\\\/\\\/www.protect-the-planet.de\\\/en\\\/home\\\/\"},{\"@type\":\"ListItem\",\"position\":2,\"name\":\"Europaweiter Klimastreik: M\u00fcnchen trotzt dem Regen f\u00fcr die Zukunft\"}]},{\"@type\":\"WebSite\",\"@id\":\"https:\\\/\\\/www.protect-the-planet.de\\\/en\\\/#website\",\"url\":\"https:\\\/\\\/www.protect-the-planet.de\\\/en\\\/\",\"name\":\"Protect the Planet\",\"description\":\"If we don&#039;t change, the climate will.\",\"publisher\":{\"@id\":\"https:\\\/\\\/www.protect-the-planet.de\\\/en\\\/#organization\"},\"alternateName\":\"Protect the Panet gGmbH\",\"potentialAction\":[{\"@type\":\"SearchAction\",\"target\":{\"@type\":\"EntryPoint\",\"urlTemplate\":\"https:\\\/\\\/www.protect-the-planet.de\\\/en\\\/?s={search_term_string}\"},\"query-input\":{\"@type\":\"PropertyValueSpecification\",\"valueRequired\":true,\"valueName\":\"search_term_string\"}}],\"inLanguage\":\"en-US\"},{\"@type\":\"Organization\",\"@id\":\"https:\\\/\\\/www.protect-the-planet.de\\\/en\\\/#organization\",\"name\":\"Protect the Planet\",\"url\":\"https:\\\/\\\/www.protect-the-planet.de\\\/en\\\/\",\"logo\":{\"@type\":\"ImageObject\",\"inLanguage\":\"en-US\",\"@id\":\"https:\\\/\\\/www.protect-the-planet.de\\\/en\\\/#\\\/schema\\\/logo\\\/image\\\/\",\"url\":\"https:\\\/\\\/www.protect-the-planet.de\\\/wp-content\\\/uploads\\\/2023\\\/09\\\/LOGO-positiv_transparent-klein.png\",\"contentUrl\":\"https:\\\/\\\/www.protect-the-planet.de\\\/wp-content\\\/uploads\\\/2023\\\/09\\\/LOGO-positiv_transparent-klein.png\",\"width\":123,\"height\":68,\"caption\":\"Protect the Planet\"},\"image\":{\"@id\":\"https:\\\/\\\/www.protect-the-planet.de\\\/en\\\/#\\\/schema\\\/logo\\\/image\\\/\"},\"sameAs\":[\"https:\\\/\\\/www.facebook.com\\\/protecttheplanetDE\\\/\",\"https:\\\/\\\/x.com\\\/PtP_de\",\"https:\\\/\\\/www.instagram.com\\\/protecttheplanetorg\\\/\",\"https:\\\/\\\/www.linkedin.com\\\/company\\\/protect-the-planet\",\"https:\\\/\\\/www.youtube.com\\\/@protecttheplanet\"]},{\"@type\":\"Person\",\"@id\":\"https:\\\/\\\/www.protect-the-planet.de\\\/en\\\/#\\\/schema\\\/person\\\/94315f5fbca131d26764146a638b8fc6\",\"name\":\"Jana H\u00e4fner\",\"image\":{\"@type\":\"ImageObject\",\"inLanguage\":\"en-US\",\"@id\":\"https:\\\/\\\/www.protect-the-planet.de\\\/wp-content\\\/uploads\\\/2024\\\/04\\\/cropped-2310_ProtectThePlanet_206-96x96.jpg\",\"url\":\"https:\\\/\\\/www.protect-the-planet.de\\\/wp-content\\\/uploads\\\/2024\\\/04\\\/cropped-2310_ProtectThePlanet_206-96x96.jpg\",\"contentUrl\":\"https:\\\/\\\/www.protect-the-planet.de\\\/wp-content\\\/uploads\\\/2024\\\/04\\\/cropped-2310_ProtectThePlanet_206-96x96.jpg\",\"caption\":\"Jana H\u00e4fner\"},\"description\":\"jana.haefner@protect-the-planet.de +49 152 53089270\",\"url\":\"https:\\\/\\\/www.protect-the-planet.de\\\/en\\\/author\\\/jana-haefner\\\/\"}]}<\/script>\n<!-- \/ Yoast SEO plugin. -->","yoast_head_json":{"title":"Europaweiter Klimastreik: M\u00fcnchen trotzt dem Regen f\u00fcr die Zukunft - Protect the Planet","description":"Protect the Planet war beim Klimastreik zur EU-Wahl am Freitag, den 31.05.2024 in M\u00fcnchen dabei.","robots":{"index":"index","follow":"follow","max-snippet":"max-snippet:-1","max-image-preview":"max-image-preview:large","max-video-preview":"max-video-preview:-1"},"canonical":"https:\/\/www.protect-the-planet.de\/en\/320-000-menschen-in-muenchen-gegen-rechts-auf-der-strasse\/","og_locale":"en_US","og_type":"article","og_title":"Europaweiter Klimastreik: M\u00fcnchen trotzt dem Regen f\u00fcr die Zukunft - Protect the Planet","og_description":"Protect the Planet war beim Klimastreik zur EU-Wahl am Freitag, den 31.05.2024 in M\u00fcnchen dabei.","og_url":"https:\/\/www.protect-the-planet.de\/en\/320-000-menschen-in-muenchen-gegen-rechts-auf-der-strasse\/","og_site_name":"Protect the Planet","article_publisher":"https:\/\/www.facebook.com\/protecttheplanetDE\/","article_published_time":"2024-06-03T12:46:51+00:00","article_modified_time":"2025-03-12T09:33:57+00:00","og_image":[{"width":1707,"height":2560,"url":"https:\/\/www.protect-the-planet.de\/wp-content\/uploads\/2024\/06\/3R8A8423-scaled.jpg","type":"image\/jpeg"}],"author":"Jana H\u00e4fner","twitter_card":"summary_large_image","twitter_creator":"@PtP_de","twitter_site":"@PtP_de","twitter_misc":{"Written by":"Jana H\u00e4fner","Est. reading time":"3 minutes"},"schema":{"@context":"https:\/\/schema.org","@graph":[{"@type":"Article","@id":"https:\/\/www.protect-the-planet.de\/en\/320-000-menschen-in-muenchen-gegen-rechts-auf-der-strasse\/#article","isPartOf":{"@id":"https:\/\/www.protect-the-planet.de\/en\/320-000-menschen-in-muenchen-gegen-rechts-auf-der-strasse\/"},"author":{"name":"Jana H\u00e4fner","@id":"https:\/\/www.protect-the-planet.de\/en\/#\/schema\/person\/94315f5fbca131d26764146a638b8fc6"},"headline":"Europaweiter Klimastreik: M\u00fcnchen trotzt dem Regen f\u00fcr die Zukunft","datePublished":"2024-06-03T12:46:51+00:00","dateModified":"2025-03-12T09:33:57+00:00","mainEntityOfPage":{"@id":"https:\/\/www.protect-the-planet.de\/en\/320-000-menschen-in-muenchen-gegen-rechts-auf-der-strasse\/"},"wordCount":376,"publisher":{"@id":"https:\/\/www.protect-the-planet.de\/en\/#organization"},"image":{"@id":"https:\/\/www.protect-the-planet.de\/en\/320-000-menschen-in-muenchen-gegen-rechts-auf-der-strasse\/#primaryimage"},"thumbnailUrl":"https:\/\/www.protect-the-planet.de\/wp-content\/uploads\/2024\/06\/3R8A8423-scaled.jpg","keywords":["Demokratie","Demonstration","Fridays for Future","Klimaschutz","Klimastreik","Klimaziele","K\u00f6nigsplatz","M\u00fcnchen","Rechtsruck","Vielfalt"],"articleSection":["News"],"inLanguage":"en-US"},{"@type":"WebPage","@id":"https:\/\/www.protect-the-planet.de\/en\/320-000-menschen-in-muenchen-gegen-rechts-auf-der-strasse\/","url":"https:\/\/www.protect-the-planet.de\/en\/320-000-menschen-in-muenchen-gegen-rechts-auf-der-strasse\/","name":"Europaweiter Klimastreik: M\u00fcnchen trotzt dem Regen f\u00fcr die Zukunft - Protect the Planet","isPartOf":{"@id":"https:\/\/www.protect-the-planet.de\/en\/#website"},"primaryImageOfPage":{"@id":"https:\/\/www.protect-the-planet.de\/en\/320-000-menschen-in-muenchen-gegen-rechts-auf-der-strasse\/#primaryimage"},"image":{"@id":"https:\/\/www.protect-the-planet.de\/en\/320-000-menschen-in-muenchen-gegen-rechts-auf-der-strasse\/#primaryimage"},"thumbnailUrl":"https:\/\/www.protect-the-planet.de\/wp-content\/uploads\/2024\/06\/3R8A8423-scaled.jpg","datePublished":"2024-06-03T12:46:51+00:00","dateModified":"2025-03-12T09:33:57+00:00","description":"Protect the Planet war beim Klimastreik zur EU-Wahl am Freitag, den 31.05.2024 in M\u00fcnchen dabei.","breadcrumb":{"@id":"https:\/\/www.protect-the-planet.de\/en\/320-000-menschen-in-muenchen-gegen-rechts-auf-der-strasse\/#breadcrumb"},"inLanguage":"en-US","potentialAction":[{"@type":"ReadAction","target":["https:\/\/www.protect-the-planet.de\/en\/320-000-menschen-in-muenchen-gegen-rechts-auf-der-strasse\/"]}]},{"@type":"ImageObject","inLanguage":"en-US","@id":"https:\/\/www.protect-the-planet.de\/en\/320-000-menschen-in-muenchen-gegen-rechts-auf-der-strasse\/#primaryimage","url":"https:\/\/www.protect-the-planet.de\/wp-content\/uploads\/2024\/06\/3R8A8423-scaled.jpg","contentUrl":"https:\/\/www.protect-the-planet.de\/wp-content\/uploads\/2024\/06\/3R8A8423-scaled.jpg","width":1707,"height":2560,"caption":"Credits:"},{"@type":"BreadcrumbList","@id":"https:\/\/www.protect-the-planet.de\/en\/320-000-menschen-in-muenchen-gegen-rechts-auf-der-strasse\/#breadcrumb","itemListElement":[{"@type":"ListItem","position":1,"name":"Startseite","item":"https:\/\/www.protect-the-planet.de\/en\/home\/"},{"@type":"ListItem","position":2,"name":"Europaweiter Klimastreik: M\u00fcnchen trotzt dem Regen f\u00fcr die Zukunft"}]},{"@type":"WebSite","@id":"https:\/\/www.protect-the-planet.de\/en\/#website","url":"https:\/\/www.protect-the-planet.de\/en\/","name":"Protect the Planet","description":"If we don&#039;t change, the climate will.","publisher":{"@id":"https:\/\/www.protect-the-planet.de\/en\/#organization"},"alternateName":"Protect the Panet gGmbH","potentialAction":[{"@type":"SearchAction","target":{"@type":"EntryPoint","urlTemplate":"https:\/\/www.protect-the-planet.de\/en\/?s={search_term_string}"},"query-input":{"@type":"PropertyValueSpecification","valueRequired":true,"valueName":"search_term_string"}}],"inLanguage":"en-US"},{"@type":"Organization","@id":"https:\/\/www.protect-the-planet.de\/en\/#organization","name":"Protect the Planet","url":"https:\/\/www.protect-the-planet.de\/en\/","logo":{"@type":"ImageObject","inLanguage":"en-US","@id":"https:\/\/www.protect-the-planet.de\/en\/#\/schema\/logo\/image\/","url":"https:\/\/www.protect-the-planet.de\/wp-content\/uploads\/2023\/09\/LOGO-positiv_transparent-klein.png","contentUrl":"https:\/\/www.protect-the-planet.de\/wp-content\/uploads\/2023\/09\/LOGO-positiv_transparent-klein.png","width":123,"height":68,"caption":"Protect the Planet"},"image":{"@id":"https:\/\/www.protect-the-planet.de\/en\/#\/schema\/logo\/image\/"},"sameAs":["https:\/\/www.facebook.com\/protecttheplanetDE\/","https:\/\/x.com\/PtP_de","https:\/\/www.instagram.com\/protecttheplanetorg\/","https:\/\/www.linkedin.com\/company\/protect-the-planet","https:\/\/www.youtube.com\/@protecttheplanet"]},{"@type":"Person","@id":"https:\/\/www.protect-the-planet.de\/en\/#\/schema\/person\/94315f5fbca131d26764146a638b8fc6","name":"Jana H\u00e4fner","image":{"@type":"ImageObject","inLanguage":"en-US","@id":"https:\/\/www.protect-the-planet.de\/wp-content\/uploads\/2024\/04\/cropped-2310_ProtectThePlanet_206-96x96.jpg","url":"https:\/\/www.protect-the-planet.de\/wp-content\/uploads\/2024\/04\/cropped-2310_ProtectThePlanet_206-96x96.jpg","contentUrl":"https:\/\/www.protect-the-planet.de\/wp-content\/uploads\/2024\/04\/cropped-2310_ProtectThePlanet_206-96x96.jpg","caption":"Jana H\u00e4fner"},"description":"jana.haefner@protect-the-planet.de +49 152 53089270","url":"https:\/\/www.protect-the-planet.de\/en\/author\/jana-haefner\/"}]}},"_links":{"self":[{"href":"https:\/\/www.protect-the-planet.de\/en\/wp-json\/wp\/v2\/posts\/27106","targetHints":{"allow":["GET"]}}],"collection":[{"href":"https:\/\/www.protect-the-planet.de\/en\/wp-json\/wp\/v2\/posts"}],"about":[{"href":"https:\/\/www.protect-the-planet.de\/en\/wp-json\/wp\/v2\/types\/post"}],"author":[{"embeddable":true,"href":"https:\/\/www.protect-the-planet.de\/en\/wp-json\/wp\/v2\/users\/4"}],"replies":[{"embeddable":true,"href":"https:\/\/www.protect-the-planet.de\/en\/wp-json\/wp\/v2\/comments?post=27106"}],"version-history":[{"count":0,"href":"https:\/\/www.protect-the-planet.de\/en\/wp-json\/wp\/v2\/posts\/27106\/revisions"}],"wp:featuredmedia":[{"embeddable":true,"href":"https:\/\/www.protect-the-planet.de\/en\/wp-json\/wp\/v2\/media\/27108"}],"wp:attachment":[{"href":"https:\/\/www.protect-the-planet.de\/en\/wp-json\/wp\/v2\/media?parent=27106"}],"wp:term":[{"taxonomy":"category","embeddable":true,"href":"https:\/\/www.protect-the-planet.de\/en\/wp-json\/wp\/v2\/categories?post=27106"},{"taxonomy":"post_tag","embeddable":true,"href":"https:\/\/www.protect-the-planet.de\/en\/wp-json\/wp\/v2\/tags?post=27106"}],"curies":[{"name":"wp","href":"https:\/\/api.w.org\/{rel}","templated":true}]}}