{"id":27047,"date":"2024-05-29T14:28:45","date_gmt":"2024-05-29T12:28:45","guid":{"rendered":"https:\/\/www.protect-the-planet.de\/?p=27047"},"modified":"2024-05-29T14:35:45","modified_gmt":"2024-05-29T12:35:45","slug":"protect-the-planet-beruft-markus-raschke-zum-neuen-geschaftsfuhrer","status":"publish","type":"post","link":"https:\/\/www.protect-the-planet.de\/en\/protect-the-planet-beruft-markus-raschke-zum-neuen-geschaftsfuhrer\/","title":{"rendered":"Protect the Planet beruft Markus Raschke zum neuen Gesch\u00e4ftsf\u00fchrer"},"content":{"rendered":"\t\t<div data-elementor-type=\"wp-post\" data-elementor-id=\"27047\" class=\"elementor elementor-27047 elementor-27046\" data-elementor-post-type=\"post\">\n\t\t\t\t<div class=\"elementor-element elementor-element-229ab7c2 e-flex e-con-boxed e-con e-parent\" data-id=\"229ab7c2\" data-element_type=\"container\" data-e-type=\"container\">\n\t\t\t\t\t<div class=\"e-con-inner\">\n\t\t\t\t<div class=\"elementor-element elementor-element-5bd0c951 elementor-widget elementor-widget-text-editor\" data-id=\"5bd0c951\" data-element_type=\"widget\" data-e-type=\"widget\" data-widget_type=\"text-editor.default\">\n\t\t\t\t<div class=\"elementor-widget-container\">\n\t\t\t\t\t\t\t\t\t<p>Die Wege von Markus Raschke und Protect the Planet kreuzten sich zum ersten Mal im Jahr 2017. Seiner Zeit arbeitete er im Leitungskreis des B\u00fcrgerbegehrens Raus-aus-der-Steinkohle M\u00fcnchen, wo auch unsere NGO Kooperationspartner war und er mit dem damaligen Gesch\u00e4ftsf\u00fchrer Markus Gohr in Kontakt kam. Bei einer Aktion gegen das Kraftwerk auf dem M\u00fcnchner Marienplatz lernte er kurz danach die Protect the Planet-Gr\u00fcnderin Dorothea Sick-Thies kennen. Nach dem Erfolg des B\u00fcrgerentscheids, bei dem eine gro\u00dfe Mehrheit der M\u00fcnchner Bev\u00f6lkerung f\u00fcr den Kohleausstieg votiert hatte, schloss er sich ab 2018 der schlagkr\u00e4ftigen NGO an.<\/p><p>Als kommunikativer Netzwerker war er hauptverantwortlicher Koordinator s\u00e4mtlicher Kl\u00e4ger und Kl\u00e4gerinnen der ersten europ\u00e4ischen Klimaklage &#8220;People&#8217;s Climate Case&#8221;. Ebenso war er im Steuerungsteam der historischen Verfassungsbeschwerde gegen das Bundesklimaschutzgesetz, die im sensationellen Klima-Urteil von 2021 m\u00fcndete.<\/p><p>Die Begegnungen mit Menschen, die an vorderster Front von der Klimakatastrophe betroffen sind, pr\u00e4gten und pr\u00e4gen Markus Raschke sehr. So wie mit Sanna Vannar von der Jugendorganisation der Saminora in Jokkmokk (Schweden) oder mit Dima Guyo und ihrer Tochter Lelo in Badan Reero (Kenia). Die Gespr\u00e4che machten ihm noch deutlicher, wie hautnah bereits heute die desastr\u00f6sten Auswirkungen der globalen Ver\u00e4nderungen zu sp\u00fcren sind und welch hohen Preis die Menschen daf\u00fcr bezahlen.<\/p><p>Die Eindr\u00fccke aus den globalen Ver\u00e4nderungen, denen sich niemand entziehen kann, bestimmen die Arbeit von Markus Raschke auch bei den lokalen Projekten von Protect the Planet. So trifft man ihn als M\u00fcnchner Kindl verkleidet oder auf dem Fahrrad bei kreativen Demos in M\u00fcnchen, um den Ausstieg der Stadt aus \u00d6l und Gas sowie die Mobilit\u00e4tswende voranzubringen. Dazu sammelt er im privaten Bereich gerade Erfahrungen zum Thema energetische Geb\u00e4udesanierung.<\/p><p>&#8220;Wir brauchen alle und sind mit dem schlagkr\u00e4ftigen Team von Protect the Planet auf einem guten Weg, weiter mit starken Projekten die Klimatransformation voranzubringen, auch dank der Inspiration durch unsere Gr\u00fcnderin Dorothea Sick-Thies, f\u00fcr deren Vertrauen ich mich bedanke,&#8221; freut sich der neue Gesch\u00e4ftsf\u00fchrer.<\/p><p>Dorothea Sick Thies, die mit ihren T\u00f6chtern die Dorothea-Laura-Janina-Sick-Umweltstiftung ins Leben gerufen hat, erkl\u00e4rt: &#8220;Auch in klimapolitisch schwierigen Zeiten arbeiten wir hartn\u00e4ckig und beharrlich daran, unserer Nachwelt eine lebenswerte Zukunft zu hinterlassen. Hierf\u00fcr ist Markus pr\u00e4destiniert und seit Jahren mit Protect the Planet vorbildlich engagiert. Das Urteil des Europ\u00e4ischen Gerichtshofs f\u00fcr Menschenrechte vom April zeigt, dass das Recht mit uns ist und wir uns gegen das klimapolitische Unrecht zum Wohle von Menschheit, Planeten und den n\u00e4chsten Generationen wehren m\u00fcssen, um unsere Vision einer nachhaltigen Welt zu erreichen.&#8221;<\/p><p>\u00a0<\/p>\t\t\t\t\t\t\t\t<\/div>\n\t\t\t\t<\/div>\n\t\t\t\t\t<\/div>\n\t\t\t\t<\/div>\n\t\t\t\t<\/div>\n\t\t","protected":false},"excerpt":{"rendered":"<p>Markus Raschke \u2013 langj\u00e4hriger Mitarbeiter von Protect the Planet \u2013 ist neuer Gesch\u00e4ftsf\u00fchrer der Klima-Organisation. <\/p>\n","protected":false},"author":3,"featured_media":27053,"comment_status":"closed","ping_status":"closed","sticky":false,"template":"","format":"standard","meta":{"footnotes":""},"categories":[729],"tags":[1171,1170],"class_list":["post-27047","post","type-post","status-publish","format-standard","has-post-thumbnail","hentry","category-news","tag-geschaftsfuhrer","tag-markus-raschke-2"],"yoast_head":"<!-- This site is optimized with the Yoast SEO plugin v27.5 - https:\/\/yoast.com\/product\/yoast-seo-wordpress\/ -->\n<title>Protect the Planet beruft Markus Raschke zum neuen Gesch\u00e4ftsf\u00fchrer - Protect the Planet<\/title>\n<meta name=\"description\" content=\"Markus Raschke \u2013 langj\u00e4hriger Mitarbeiter von Protect the Planet \u2013 ist neuer Gesch\u00e4ftsf\u00fchrer der Klima-Organisation.\" \/>\n<meta name=\"robots\" content=\"index, follow, max-snippet:-1, max-image-preview:large, max-video-preview:-1\" \/>\n<link rel=\"canonical\" href=\"https:\/\/www.protect-the-planet.de\/en\/protect-the-planet-beruft-markus-raschke-zum-neuen-geschaftsfuhrer\/\" \/>\n<meta property=\"og:locale\" content=\"en_US\" \/>\n<meta property=\"og:type\" content=\"article\" \/>\n<meta property=\"og:title\" content=\"Protect the Planet beruft Markus Raschke zum neuen Gesch\u00e4ftsf\u00fchrer - Protect the Planet\" \/>\n<meta property=\"og:description\" content=\"Markus Raschke \u2013 langj\u00e4hriger Mitarbeiter von Protect the Planet \u2013 ist neuer Gesch\u00e4ftsf\u00fchrer der Klima-Organisation.\" \/>\n<meta property=\"og:url\" content=\"https:\/\/www.protect-the-planet.de\/en\/protect-the-planet-beruft-markus-raschke-zum-neuen-geschaftsfuhrer\/\" \/>\n<meta property=\"og:site_name\" content=\"Protect the Planet\" \/>\n<meta property=\"article:publisher\" content=\"https:\/\/www.facebook.com\/protecttheplanetDE\/\" \/>\n<meta property=\"article:published_time\" content=\"2024-05-29T12:28:45+00:00\" \/>\n<meta property=\"article:modified_time\" content=\"2024-05-29T12:35:45+00:00\" \/>\n<meta property=\"og:image\" content=\"https:\/\/www.protect-the-planet.de\/wp-content\/uploads\/2024\/05\/markus-geschaeftsfuehrer.jpg\" \/>\n\t<meta property=\"og:image:width\" content=\"900\" \/>\n\t<meta property=\"og:image:height\" content=\"550\" \/>\n\t<meta property=\"og:image:type\" content=\"image\/jpeg\" \/>\n<meta name=\"author\" content=\"Fenja Jacobs\" \/>\n<meta name=\"twitter:card\" content=\"summary_large_image\" \/>\n<meta name=\"twitter:creator\" content=\"@PtP_de\" \/>\n<meta name=\"twitter:site\" content=\"@PtP_de\" \/>\n<meta name=\"twitter:label1\" content=\"Written by\" \/>\n\t<meta name=\"twitter:data1\" content=\"Fenja Jacobs\" \/>\n\t<meta name=\"twitter:label2\" content=\"Est. reading time\" \/>\n\t<meta name=\"twitter:data2\" content=\"2 minutes\" \/>\n<script type=\"application\/ld+json\" class=\"yoast-schema-graph\">{\"@context\":\"https:\\\/\\\/schema.org\",\"@graph\":[{\"@type\":\"Article\",\"@id\":\"https:\\\/\\\/www.protect-the-planet.de\\\/en\\\/protect-the-planet-beruft-markus-raschke-zum-neuen-geschaftsfuhrer\\\/#article\",\"isPartOf\":{\"@id\":\"https:\\\/\\\/www.protect-the-planet.de\\\/en\\\/protect-the-planet-beruft-markus-raschke-zum-neuen-geschaftsfuhrer\\\/\"},\"author\":{\"name\":\"Fenja Jacobs\",\"@id\":\"https:\\\/\\\/www.protect-the-planet.de\\\/en\\\/#\\\/schema\\\/person\\\/c843c153d0dd33ec584996931e438bce\"},\"headline\":\"Protect the Planet beruft Markus Raschke zum neuen Gesch\u00e4ftsf\u00fchrer\",\"datePublished\":\"2024-05-29T12:28:45+00:00\",\"dateModified\":\"2024-05-29T12:35:45+00:00\",\"mainEntityOfPage\":{\"@id\":\"https:\\\/\\\/www.protect-the-planet.de\\\/en\\\/protect-the-planet-beruft-markus-raschke-zum-neuen-geschaftsfuhrer\\\/\"},\"wordCount\":451,\"publisher\":{\"@id\":\"https:\\\/\\\/www.protect-the-planet.de\\\/en\\\/#organization\"},\"image\":{\"@id\":\"https:\\\/\\\/www.protect-the-planet.de\\\/en\\\/protect-the-planet-beruft-markus-raschke-zum-neuen-geschaftsfuhrer\\\/#primaryimage\"},\"thumbnailUrl\":\"https:\\\/\\\/www.protect-the-planet.de\\\/wp-content\\\/uploads\\\/2024\\\/05\\\/markus-geschaeftsfuehrer.jpg\",\"keywords\":[\"gesch\u00e4ftsf\u00fchrer\",\"markus raschke\"],\"articleSection\":[\"News\"],\"inLanguage\":\"en-US\"},{\"@type\":\"WebPage\",\"@id\":\"https:\\\/\\\/www.protect-the-planet.de\\\/en\\\/protect-the-planet-beruft-markus-raschke-zum-neuen-geschaftsfuhrer\\\/\",\"url\":\"https:\\\/\\\/www.protect-the-planet.de\\\/en\\\/protect-the-planet-beruft-markus-raschke-zum-neuen-geschaftsfuhrer\\\/\",\"name\":\"Protect the Planet beruft Markus Raschke zum neuen Gesch\u00e4ftsf\u00fchrer - Protect the Planet\",\"isPartOf\":{\"@id\":\"https:\\\/\\\/www.protect-the-planet.de\\\/en\\\/#website\"},\"primaryImageOfPage\":{\"@id\":\"https:\\\/\\\/www.protect-the-planet.de\\\/en\\\/protect-the-planet-beruft-markus-raschke-zum-neuen-geschaftsfuhrer\\\/#primaryimage\"},\"image\":{\"@id\":\"https:\\\/\\\/www.protect-the-planet.de\\\/en\\\/protect-the-planet-beruft-markus-raschke-zum-neuen-geschaftsfuhrer\\\/#primaryimage\"},\"thumbnailUrl\":\"https:\\\/\\\/www.protect-the-planet.de\\\/wp-content\\\/uploads\\\/2024\\\/05\\\/markus-geschaeftsfuehrer.jpg\",\"datePublished\":\"2024-05-29T12:28:45+00:00\",\"dateModified\":\"2024-05-29T12:35:45+00:00\",\"description\":\"Markus Raschke \u2013 langj\u00e4hriger Mitarbeiter von Protect the Planet \u2013 ist neuer Gesch\u00e4ftsf\u00fchrer der Klima-Organisation.\",\"breadcrumb\":{\"@id\":\"https:\\\/\\\/www.protect-the-planet.de\\\/en\\\/protect-the-planet-beruft-markus-raschke-zum-neuen-geschaftsfuhrer\\\/#breadcrumb\"},\"inLanguage\":\"en-US\",\"potentialAction\":[{\"@type\":\"ReadAction\",\"target\":[\"https:\\\/\\\/www.protect-the-planet.de\\\/en\\\/protect-the-planet-beruft-markus-raschke-zum-neuen-geschaftsfuhrer\\\/\"]}]},{\"@type\":\"ImageObject\",\"inLanguage\":\"en-US\",\"@id\":\"https:\\\/\\\/www.protect-the-planet.de\\\/en\\\/protect-the-planet-beruft-markus-raschke-zum-neuen-geschaftsfuhrer\\\/#primaryimage\",\"url\":\"https:\\\/\\\/www.protect-the-planet.de\\\/wp-content\\\/uploads\\\/2024\\\/05\\\/markus-geschaeftsfuehrer.jpg\",\"contentUrl\":\"https:\\\/\\\/www.protect-the-planet.de\\\/wp-content\\\/uploads\\\/2024\\\/05\\\/markus-geschaeftsfuehrer.jpg\",\"width\":900,\"height\":550,\"caption\":\"Markus Raschke l\u00e4chelt in die kamera, im Hintergrund ein See. Schriftzug: Protect the Planet beruft Markus Raschke zum neuen Gesch\u00e4ftsf\u00fchrer.\"},{\"@type\":\"BreadcrumbList\",\"@id\":\"https:\\\/\\\/www.protect-the-planet.de\\\/en\\\/protect-the-planet-beruft-markus-raschke-zum-neuen-geschaftsfuhrer\\\/#breadcrumb\",\"itemListElement\":[{\"@type\":\"ListItem\",\"position\":1,\"name\":\"Startseite\",\"item\":\"https:\\\/\\\/www.protect-the-planet.de\\\/en\\\/home\\\/\"},{\"@type\":\"ListItem\",\"position\":2,\"name\":\"Protect the Planet beruft Markus Raschke zum neuen Gesch\u00e4ftsf\u00fchrer\"}]},{\"@type\":\"WebSite\",\"@id\":\"https:\\\/\\\/www.protect-the-planet.de\\\/en\\\/#website\",\"url\":\"https:\\\/\\\/www.protect-the-planet.de\\\/en\\\/\",\"name\":\"Protect the Planet\",\"description\":\"If we don&#039;t change, the climate will.\",\"publisher\":{\"@id\":\"https:\\\/\\\/www.protect-the-planet.de\\\/en\\\/#organization\"},\"alternateName\":\"Protect the Panet gGmbH\",\"potentialAction\":[{\"@type\":\"SearchAction\",\"target\":{\"@type\":\"EntryPoint\",\"urlTemplate\":\"https:\\\/\\\/www.protect-the-planet.de\\\/en\\\/?s={search_term_string}\"},\"query-input\":{\"@type\":\"PropertyValueSpecification\",\"valueRequired\":true,\"valueName\":\"search_term_string\"}}],\"inLanguage\":\"en-US\"},{\"@type\":\"Organization\",\"@id\":\"https:\\\/\\\/www.protect-the-planet.de\\\/en\\\/#organization\",\"name\":\"Protect the Planet\",\"url\":\"https:\\\/\\\/www.protect-the-planet.de\\\/en\\\/\",\"logo\":{\"@type\":\"ImageObject\",\"inLanguage\":\"en-US\",\"@id\":\"https:\\\/\\\/www.protect-the-planet.de\\\/en\\\/#\\\/schema\\\/logo\\\/image\\\/\",\"url\":\"https:\\\/\\\/www.protect-the-planet.de\\\/wp-content\\\/uploads\\\/2023\\\/09\\\/LOGO-positiv_transparent-klein.png\",\"contentUrl\":\"https:\\\/\\\/www.protect-the-planet.de\\\/wp-content\\\/uploads\\\/2023\\\/09\\\/LOGO-positiv_transparent-klein.png\",\"width\":123,\"height\":68,\"caption\":\"Protect the Planet\"},\"image\":{\"@id\":\"https:\\\/\\\/www.protect-the-planet.de\\\/en\\\/#\\\/schema\\\/logo\\\/image\\\/\"},\"sameAs\":[\"https:\\\/\\\/www.facebook.com\\\/protecttheplanetDE\\\/\",\"https:\\\/\\\/x.com\\\/PtP_de\",\"https:\\\/\\\/www.instagram.com\\\/protecttheplanetorg\\\/\",\"https:\\\/\\\/www.linkedin.com\\\/company\\\/protect-the-planet\",\"https:\\\/\\\/www.youtube.com\\\/@protecttheplanet\"]},{\"@type\":\"Person\",\"@id\":\"https:\\\/\\\/www.protect-the-planet.de\\\/en\\\/#\\\/schema\\\/person\\\/c843c153d0dd33ec584996931e438bce\",\"name\":\"Fenja Jacobs\",\"image\":{\"@type\":\"ImageObject\",\"inLanguage\":\"en-US\",\"@id\":\"https:\\\/\\\/secure.gravatar.com\\\/avatar\\\/1319de9aaea70b6c6ed807392ef95d6582ceaf98cca9de0a0022ba8e0d3a7fc3?s=96&d=mm&r=g\",\"url\":\"https:\\\/\\\/secure.gravatar.com\\\/avatar\\\/1319de9aaea70b6c6ed807392ef95d6582ceaf98cca9de0a0022ba8e0d3a7fc3?s=96&d=mm&r=g\",\"contentUrl\":\"https:\\\/\\\/secure.gravatar.com\\\/avatar\\\/1319de9aaea70b6c6ed807392ef95d6582ceaf98cca9de0a0022ba8e0d3a7fc3?s=96&d=mm&r=g\",\"caption\":\"Fenja Jacobs\"},\"url\":\"https:\\\/\\\/www.protect-the-planet.de\\\/en\\\/author\\\/fenja-jacobs\\\/\"}]}<\/script>\n<!-- \/ Yoast SEO plugin. -->","yoast_head_json":{"title":"Protect the Planet beruft Markus Raschke zum neuen Gesch\u00e4ftsf\u00fchrer - Protect the Planet","description":"Markus Raschke \u2013 langj\u00e4hriger Mitarbeiter von Protect the Planet \u2013 ist neuer Gesch\u00e4ftsf\u00fchrer der Klima-Organisation.","robots":{"index":"index","follow":"follow","max-snippet":"max-snippet:-1","max-image-preview":"max-image-preview:large","max-video-preview":"max-video-preview:-1"},"canonical":"https:\/\/www.protect-the-planet.de\/en\/protect-the-planet-beruft-markus-raschke-zum-neuen-geschaftsfuhrer\/","og_locale":"en_US","og_type":"article","og_title":"Protect the Planet beruft Markus Raschke zum neuen Gesch\u00e4ftsf\u00fchrer - Protect the Planet","og_description":"Markus Raschke \u2013 langj\u00e4hriger Mitarbeiter von Protect the Planet \u2013 ist neuer Gesch\u00e4ftsf\u00fchrer der Klima-Organisation.","og_url":"https:\/\/www.protect-the-planet.de\/en\/protect-the-planet-beruft-markus-raschke-zum-neuen-geschaftsfuhrer\/","og_site_name":"Protect the Planet","article_publisher":"https:\/\/www.facebook.com\/protecttheplanetDE\/","article_published_time":"2024-05-29T12:28:45+00:00","article_modified_time":"2024-05-29T12:35:45+00:00","og_image":[{"width":900,"height":550,"url":"https:\/\/www.protect-the-planet.de\/wp-content\/uploads\/2024\/05\/markus-geschaeftsfuehrer.jpg","type":"image\/jpeg"}],"author":"Fenja Jacobs","twitter_card":"summary_large_image","twitter_creator":"@PtP_de","twitter_site":"@PtP_de","twitter_misc":{"Written by":"Fenja Jacobs","Est. reading time":"2 minutes"},"schema":{"@context":"https:\/\/schema.org","@graph":[{"@type":"Article","@id":"https:\/\/www.protect-the-planet.de\/en\/protect-the-planet-beruft-markus-raschke-zum-neuen-geschaftsfuhrer\/#article","isPartOf":{"@id":"https:\/\/www.protect-the-planet.de\/en\/protect-the-planet-beruft-markus-raschke-zum-neuen-geschaftsfuhrer\/"},"author":{"name":"Fenja Jacobs","@id":"https:\/\/www.protect-the-planet.de\/en\/#\/schema\/person\/c843c153d0dd33ec584996931e438bce"},"headline":"Protect the Planet beruft Markus Raschke zum neuen Gesch\u00e4ftsf\u00fchrer","datePublished":"2024-05-29T12:28:45+00:00","dateModified":"2024-05-29T12:35:45+00:00","mainEntityOfPage":{"@id":"https:\/\/www.protect-the-planet.de\/en\/protect-the-planet-beruft-markus-raschke-zum-neuen-geschaftsfuhrer\/"},"wordCount":451,"publisher":{"@id":"https:\/\/www.protect-the-planet.de\/en\/#organization"},"image":{"@id":"https:\/\/www.protect-the-planet.de\/en\/protect-the-planet-beruft-markus-raschke-zum-neuen-geschaftsfuhrer\/#primaryimage"},"thumbnailUrl":"https:\/\/www.protect-the-planet.de\/wp-content\/uploads\/2024\/05\/markus-geschaeftsfuehrer.jpg","keywords":["gesch\u00e4ftsf\u00fchrer","markus raschke"],"articleSection":["News"],"inLanguage":"en-US"},{"@type":"WebPage","@id":"https:\/\/www.protect-the-planet.de\/en\/protect-the-planet-beruft-markus-raschke-zum-neuen-geschaftsfuhrer\/","url":"https:\/\/www.protect-the-planet.de\/en\/protect-the-planet-beruft-markus-raschke-zum-neuen-geschaftsfuhrer\/","name":"Protect the Planet beruft Markus Raschke zum neuen Gesch\u00e4ftsf\u00fchrer - Protect the Planet","isPartOf":{"@id":"https:\/\/www.protect-the-planet.de\/en\/#website"},"primaryImageOfPage":{"@id":"https:\/\/www.protect-the-planet.de\/en\/protect-the-planet-beruft-markus-raschke-zum-neuen-geschaftsfuhrer\/#primaryimage"},"image":{"@id":"https:\/\/www.protect-the-planet.de\/en\/protect-the-planet-beruft-markus-raschke-zum-neuen-geschaftsfuhrer\/#primaryimage"},"thumbnailUrl":"https:\/\/www.protect-the-planet.de\/wp-content\/uploads\/2024\/05\/markus-geschaeftsfuehrer.jpg","datePublished":"2024-05-29T12:28:45+00:00","dateModified":"2024-05-29T12:35:45+00:00","description":"Markus Raschke \u2013 langj\u00e4hriger Mitarbeiter von Protect the Planet \u2013 ist neuer Gesch\u00e4ftsf\u00fchrer der Klima-Organisation.","breadcrumb":{"@id":"https:\/\/www.protect-the-planet.de\/en\/protect-the-planet-beruft-markus-raschke-zum-neuen-geschaftsfuhrer\/#breadcrumb"},"inLanguage":"en-US","potentialAction":[{"@type":"ReadAction","target":["https:\/\/www.protect-the-planet.de\/en\/protect-the-planet-beruft-markus-raschke-zum-neuen-geschaftsfuhrer\/"]}]},{"@type":"ImageObject","inLanguage":"en-US","@id":"https:\/\/www.protect-the-planet.de\/en\/protect-the-planet-beruft-markus-raschke-zum-neuen-geschaftsfuhrer\/#primaryimage","url":"https:\/\/www.protect-the-planet.de\/wp-content\/uploads\/2024\/05\/markus-geschaeftsfuehrer.jpg","contentUrl":"https:\/\/www.protect-the-planet.de\/wp-content\/uploads\/2024\/05\/markus-geschaeftsfuehrer.jpg","width":900,"height":550,"caption":"Markus Raschke l\u00e4chelt in die kamera, im Hintergrund ein See. Schriftzug: Protect the Planet beruft Markus Raschke zum neuen Gesch\u00e4ftsf\u00fchrer."},{"@type":"BreadcrumbList","@id":"https:\/\/www.protect-the-planet.de\/en\/protect-the-planet-beruft-markus-raschke-zum-neuen-geschaftsfuhrer\/#breadcrumb","itemListElement":[{"@type":"ListItem","position":1,"name":"Startseite","item":"https:\/\/www.protect-the-planet.de\/en\/home\/"},{"@type":"ListItem","position":2,"name":"Protect the Planet beruft Markus Raschke zum neuen Gesch\u00e4ftsf\u00fchrer"}]},{"@type":"WebSite","@id":"https:\/\/www.protect-the-planet.de\/en\/#website","url":"https:\/\/www.protect-the-planet.de\/en\/","name":"Protect the Planet","description":"If we don&#039;t change, the climate will.","publisher":{"@id":"https:\/\/www.protect-the-planet.de\/en\/#organization"},"alternateName":"Protect the Panet gGmbH","potentialAction":[{"@type":"SearchAction","target":{"@type":"EntryPoint","urlTemplate":"https:\/\/www.protect-the-planet.de\/en\/?s={search_term_string}"},"query-input":{"@type":"PropertyValueSpecification","valueRequired":true,"valueName":"search_term_string"}}],"inLanguage":"en-US"},{"@type":"Organization","@id":"https:\/\/www.protect-the-planet.de\/en\/#organization","name":"Protect the Planet","url":"https:\/\/www.protect-the-planet.de\/en\/","logo":{"@type":"ImageObject","inLanguage":"en-US","@id":"https:\/\/www.protect-the-planet.de\/en\/#\/schema\/logo\/image\/","url":"https:\/\/www.protect-the-planet.de\/wp-content\/uploads\/2023\/09\/LOGO-positiv_transparent-klein.png","contentUrl":"https:\/\/www.protect-the-planet.de\/wp-content\/uploads\/2023\/09\/LOGO-positiv_transparent-klein.png","width":123,"height":68,"caption":"Protect the Planet"},"image":{"@id":"https:\/\/www.protect-the-planet.de\/en\/#\/schema\/logo\/image\/"},"sameAs":["https:\/\/www.facebook.com\/protecttheplanetDE\/","https:\/\/x.com\/PtP_de","https:\/\/www.instagram.com\/protecttheplanetorg\/","https:\/\/www.linkedin.com\/company\/protect-the-planet","https:\/\/www.youtube.com\/@protecttheplanet"]},{"@type":"Person","@id":"https:\/\/www.protect-the-planet.de\/en\/#\/schema\/person\/c843c153d0dd33ec584996931e438bce","name":"Fenja Jacobs","image":{"@type":"ImageObject","inLanguage":"en-US","@id":"https:\/\/secure.gravatar.com\/avatar\/1319de9aaea70b6c6ed807392ef95d6582ceaf98cca9de0a0022ba8e0d3a7fc3?s=96&d=mm&r=g","url":"https:\/\/secure.gravatar.com\/avatar\/1319de9aaea70b6c6ed807392ef95d6582ceaf98cca9de0a0022ba8e0d3a7fc3?s=96&d=mm&r=g","contentUrl":"https:\/\/secure.gravatar.com\/avatar\/1319de9aaea70b6c6ed807392ef95d6582ceaf98cca9de0a0022ba8e0d3a7fc3?s=96&d=mm&r=g","caption":"Fenja Jacobs"},"url":"https:\/\/www.protect-the-planet.de\/en\/author\/fenja-jacobs\/"}]}},"_links":{"self":[{"href":"https:\/\/www.protect-the-planet.de\/en\/wp-json\/wp\/v2\/posts\/27047","targetHints":{"allow":["GET"]}}],"collection":[{"href":"https:\/\/www.protect-the-planet.de\/en\/wp-json\/wp\/v2\/posts"}],"about":[{"href":"https:\/\/www.protect-the-planet.de\/en\/wp-json\/wp\/v2\/types\/post"}],"author":[{"embeddable":true,"href":"https:\/\/www.protect-the-planet.de\/en\/wp-json\/wp\/v2\/users\/3"}],"replies":[{"embeddable":true,"href":"https:\/\/www.protect-the-planet.de\/en\/wp-json\/wp\/v2\/comments?post=27047"}],"version-history":[{"count":0,"href":"https:\/\/www.protect-the-planet.de\/en\/wp-json\/wp\/v2\/posts\/27047\/revisions"}],"wp:featuredmedia":[{"embeddable":true,"href":"https:\/\/www.protect-the-planet.de\/en\/wp-json\/wp\/v2\/media\/27053"}],"wp:attachment":[{"href":"https:\/\/www.protect-the-planet.de\/en\/wp-json\/wp\/v2\/media?parent=27047"}],"wp:term":[{"taxonomy":"category","embeddable":true,"href":"https:\/\/www.protect-the-planet.de\/en\/wp-json\/wp\/v2\/categories?post=27047"},{"taxonomy":"post_tag","embeddable":true,"href":"https:\/\/www.protect-the-planet.de\/en\/wp-json\/wp\/v2\/tags?post=27047"}],"curies":[{"name":"wp","href":"https:\/\/api.w.org\/{rel}","templated":true}]}}