{"id":26559,"date":"2024-04-24T16:42:52","date_gmt":"2024-04-24T14:42:52","guid":{"rendered":"https:\/\/www.protect-the-planet.de\/?p=26559"},"modified":"2025-10-28T16:13:42","modified_gmt":"2025-10-28T15:13:42","slug":"klimawahlcheck-eu-verbaende-stellen-online-tool-zur-europawahl-2024-vor-2","status":"publish","type":"post","link":"https:\/\/www.protect-the-planet.de\/en\/klimawahlcheck-eu-verbaende-stellen-online-tool-zur-europawahl-2024-vor-2\/","title":{"rendered":"Am 9. Juni ist Europawahl: Mach den Klimawahlcheck!"},"content":{"rendered":"\n<p>&#8220;Wen kann man denn eigentlich noch w\u00e4hlen?&#8221; \u2013 Das fragen sich viele angesichts der nahenden Europawahl. Was steht in den EU-Wahlprogrammen zum Klimaschutz? Welche Partei nimmt die Klimakrise wirklich ernst \u2013 und wird die entscheidenden Schritte in Europa vorantreiben, um uns allen ein klimafreundliches Leben und eine Zukunft zu erm\u00f6glichen? Um den W\u00e4hler*innen eine Orientierung bei all diesen Fragen zu geben, haben wir, Protect the Planet, im April 2024 gemeinsam mit der <a href=\"https:\/\/www.klima-allianz.de\">Klima-Allianz Deutschland<\/a>, dem <a href=\"https:\/\/www.nabu.de\">Naturschutzbund Deutschland (NABU)<\/a> und dem <a href=\"https:\/\/www.dnr.de\">Deutscher Naturschutzring e.V. (DNR)<\/a> den <strong>Klimawahlcheck zur Europawahl 2024<\/strong> ver\u00f6ffentlicht.   <\/p>\n\n<p>Ziel ist es, gemeinsam das Thema Klimaschutz in den Fokus der Wahlentscheidung zu r\u00fccken. <\/p>\n\n<h3 class=\"wp-block-heading\">Was hat die Europawahl 2024 mit Klimaschutz zu tun?<\/h3>\n\n<p>Europa heizt sich in der Klimakrise schneller auf als jeder andere Kontinent. Um die schlimmsten Auswirkungen der Klimakrise zu vermeiden, m\u00fcssen Regierungen jetzt unsere Treibhausgasemissionen senken. Das Europ\u00e4ische Parlament ist dabei ein wichtiger Hebel, denn die meisten Klima- und Naturschutzgesetze werden dort entschieden.  <\/p>\n\n<h2 class=\"wp-block-heading\">Was kann der Klimawahlcheck?<\/h2>\n\n<p>Der Klimawahlcheck ging erstmalig 2021 zur Bundestagswahl an den Start. Er zeigt, wer von den sechs gr\u00f6\u00dften deutschen Parteien eine ambitionierte Politik f\u00fcr Klima- und Umweltschutz verfolgt und wer nicht. F\u00fcr das Tool haben die Verb\u00e4nde die Europawahlprogramme von SPD, CDU\/CSU, B\u00dcNDNIS 90\/DIE GR\u00dcNEN, FDP, Die Linke und AfD analysiert und hinsichtlich ihrer klimapolitischen Ma\u00dfnahmen und Ziele bewertet. Dazu wurde ein Fragenkatalog zu f\u00fcnf Themenbereichen wie \u201eEnergie\u201d, \u201eNaturschutz und Artenvielfalt\u201d oder \u201eWirtschaft und Soziales\u201d entwickelt, der einen Gro\u00dfteil der klima- und umweltpolitischen Debatte abdeckt.   <\/p>\n\n<p>Die Fragen wurden anhand eines Kriterienkatalogs bewertet, der auf den <a href=\"https:\/\/www.klima-allianz.de\/publikationen\/publikation\/europas-zukunft-sichern-klimaneutral-und-sozial\" target=\"_blank\" rel=\"noreferrer noopener\">Forderungen der Klima-Allianz Deutschland<\/a> und des NABU basiert. Die Forderungen spiegeln einen breiten Konsens der deutschen Klima- und Naturschutzorganisationen wider. \u00c4hnlich wie beim Wahl-O-Mat der Bundeszentrale f\u00fcr politische Bildung werden die Nutzerinnen und Nutzer selbst nach ihrer Einsch\u00e4tzung zu dr\u00e4ngenden klimapolitischen Entscheidungen befragt. Anschlie\u00dfend erhalten sie einen Vergleich mit den Parteiprogrammen. Zu jeder Frage gibt es eine Erl\u00e4uterung, die die Relevanz f\u00fcr den Klimaschutz verdeutlicht. <\/p>\n\n<p><strong><a href=\"https:\/\/klimawahlcheck.eu\">Hier geht es zum Klimawahlcheck<\/a> \u2013 weitersagen!<\/strong><\/p>\n\n<p><a href=\"https:\/\/klimawahlcheck.eu\">https:\/\/klimawahlcheck.eu<\/a><\/p>\n\n<figure class=\"wp-block-image size-large\"><a href=\"https:\/\/klimawahlcheck.eu\"><img fetchpriority=\"high\" decoding=\"async\" width=\"1024\" height=\"1024\" src=\"https:\/\/www.protect-the-planet.de\/wp-content\/uploads\/2024\/04\/KWC-Logo-quadr-1024x1024.png\" alt=\"\" class=\"wp-image-26570\" srcset=\"https:\/\/www.protect-the-planet.de\/wp-content\/uploads\/2024\/04\/KWC-Logo-quadr-1024x1024.png 1024w, https:\/\/www.protect-the-planet.de\/wp-content\/uploads\/2024\/04\/KWC-Logo-quadr-300x300.png 300w, https:\/\/www.protect-the-planet.de\/wp-content\/uploads\/2024\/04\/KWC-Logo-quadr-150x150.png 150w, https:\/\/www.protect-the-planet.de\/wp-content\/uploads\/2024\/04\/KWC-Logo-quadr-768x768.png 768w, https:\/\/www.protect-the-planet.de\/wp-content\/uploads\/2024\/04\/KWC-Logo-quadr-1536x1536.png 1536w, https:\/\/www.protect-the-planet.de\/wp-content\/uploads\/2024\/04\/KWC-Logo-quadr-2048x2048.png 2048w, https:\/\/www.protect-the-planet.de\/wp-content\/uploads\/2024\/04\/KWC-Logo-quadr-1320x1320.png 1320w\" sizes=\"(max-width: 1024px) 100vw, 1024px\" \/><\/a><\/figure>\n","protected":false},"excerpt":{"rendered":"<p>Klimawahlcheck.eu: Protect the Planet, Klima-Allianz Deutschland, NABU und DNR stellen Online-Tool zur Europawahl 2024 vor.<\/p>\n","protected":false},"author":6,"featured_media":26567,"comment_status":"closed","ping_status":"closed","sticky":false,"template":"","format":"standard","meta":{"footnotes":""},"categories":[729],"tags":[1107,919,1115,1108,1109,1110,1116,710,1111,1117,1112],"class_list":["post-26559","post","type-post","status-publish","format-standard","has-post-thumbnail","hentry","category-news","tag-dnr-en","tag-eu-en","tag-eu-wahl-en","tag-europa-en","tag-europawahl-en","tag-europawahl-2024-en","tag-klima-alllianz-en","tag-klimaschutz-en","tag-klimawahl-en","tag-klimawahlcheck-en","tag-nabu-en"],"yoast_head":"<!-- This site is optimized with the Yoast SEO plugin v27.5 - https:\/\/yoast.com\/product\/yoast-seo-wordpress\/ -->\n<title>Am 9. Juni ist Europawahl: Mach den Klimawahlcheck! - Protect the Planet<\/title>\n<meta name=\"description\" content=\"Am 9. Juni ist Europawahl. Welche Partei wird sich am meisten f\u00fcrs Klima einsetzen? Mach jetzt den Klimawahlcheck!\" \/>\n<meta name=\"robots\" content=\"index, follow, max-snippet:-1, max-image-preview:large, max-video-preview:-1\" \/>\n<link rel=\"canonical\" href=\"https:\/\/www.protect-the-planet.de\/en\/klimawahlcheck-eu-verbaende-stellen-online-tool-zur-europawahl-2024-vor-2\/\" \/>\n<meta property=\"og:locale\" content=\"en_US\" \/>\n<meta property=\"og:type\" content=\"article\" \/>\n<meta property=\"og:title\" content=\"Am 9. Juni ist Europawahl: Mach den Klimawahlcheck! - Protect the Planet\" \/>\n<meta property=\"og:description\" content=\"Am 9. Juni ist Europawahl. Welche Partei wird sich am meisten f\u00fcrs Klima einsetzen? Mach jetzt den Klimawahlcheck!\" \/>\n<meta property=\"og:url\" content=\"https:\/\/www.protect-the-planet.de\/en\/klimawahlcheck-eu-verbaende-stellen-online-tool-zur-europawahl-2024-vor-2\/\" \/>\n<meta property=\"og:site_name\" content=\"Protect the Planet\" \/>\n<meta property=\"article:publisher\" content=\"https:\/\/www.facebook.com\/protecttheplanetDE\/\" \/>\n<meta property=\"article:published_time\" content=\"2024-04-24T14:42:52+00:00\" \/>\n<meta property=\"article:modified_time\" content=\"2025-10-28T15:13:42+00:00\" \/>\n<meta property=\"og:image\" content=\"https:\/\/www.protect-the-planet.de\/wp-content\/uploads\/2024\/04\/News-KWC-2024.jpg\" \/>\n\t<meta property=\"og:image:width\" content=\"900\" \/>\n\t<meta property=\"og:image:height\" content=\"550\" \/>\n\t<meta property=\"og:image:type\" content=\"image\/jpeg\" \/>\n<meta name=\"author\" content=\"Fenya Kirst\" \/>\n<meta name=\"twitter:card\" content=\"summary_large_image\" \/>\n<meta name=\"twitter:creator\" content=\"@PtP_de\" \/>\n<meta name=\"twitter:site\" content=\"@PtP_de\" \/>\n<meta name=\"twitter:label1\" content=\"Written by\" \/>\n\t<meta name=\"twitter:data1\" content=\"Fenya Kirst\" \/>\n\t<meta name=\"twitter:label2\" content=\"Est. reading time\" \/>\n\t<meta name=\"twitter:data2\" content=\"4 minutes\" \/>\n<script type=\"application\/ld+json\" class=\"yoast-schema-graph\">{\"@context\":\"https:\\\/\\\/schema.org\",\"@graph\":[{\"@type\":\"Article\",\"@id\":\"https:\\\/\\\/www.protect-the-planet.de\\\/en\\\/klimawahlcheck-eu-verbaende-stellen-online-tool-zur-europawahl-2024-vor-2\\\/#article\",\"isPartOf\":{\"@id\":\"https:\\\/\\\/www.protect-the-planet.de\\\/en\\\/klimawahlcheck-eu-verbaende-stellen-online-tool-zur-europawahl-2024-vor-2\\\/\"},\"author\":{\"name\":\"Fenya Kirst\",\"@id\":\"https:\\\/\\\/www.protect-the-planet.de\\\/en\\\/#\\\/schema\\\/person\\\/34a10854efaaf0bf11a3b6fbe966fcd0\"},\"headline\":\"Am 9. Juni ist Europawahl: Mach den Klimawahlcheck!\",\"datePublished\":\"2024-04-24T14:42:52+00:00\",\"dateModified\":\"2025-10-28T15:13:42+00:00\",\"mainEntityOfPage\":{\"@id\":\"https:\\\/\\\/www.protect-the-planet.de\\\/en\\\/klimawahlcheck-eu-verbaende-stellen-online-tool-zur-europawahl-2024-vor-2\\\/\"},\"wordCount\":354,\"publisher\":{\"@id\":\"https:\\\/\\\/www.protect-the-planet.de\\\/en\\\/#organization\"},\"image\":{\"@id\":\"https:\\\/\\\/www.protect-the-planet.de\\\/en\\\/klimawahlcheck-eu-verbaende-stellen-online-tool-zur-europawahl-2024-vor-2\\\/#primaryimage\"},\"thumbnailUrl\":\"https:\\\/\\\/www.protect-the-planet.de\\\/wp-content\\\/uploads\\\/2024\\\/04\\\/News-KWC-2024.jpg\",\"keywords\":[\"DNR\",\"EU\",\"EU-Wahl\",\"europa\",\"Europawahl\",\"Europawahl 2024\",\"klima-alllianz\",\"Klimaschutz\",\"Klimawahl\",\"Klimawahlcheck\",\"NABU\"],\"articleSection\":[\"News\"],\"inLanguage\":\"en-US\"},{\"@type\":\"WebPage\",\"@id\":\"https:\\\/\\\/www.protect-the-planet.de\\\/en\\\/klimawahlcheck-eu-verbaende-stellen-online-tool-zur-europawahl-2024-vor-2\\\/\",\"url\":\"https:\\\/\\\/www.protect-the-planet.de\\\/en\\\/klimawahlcheck-eu-verbaende-stellen-online-tool-zur-europawahl-2024-vor-2\\\/\",\"name\":\"Am 9. Juni ist Europawahl: Mach den Klimawahlcheck! - Protect the Planet\",\"isPartOf\":{\"@id\":\"https:\\\/\\\/www.protect-the-planet.de\\\/en\\\/#website\"},\"primaryImageOfPage\":{\"@id\":\"https:\\\/\\\/www.protect-the-planet.de\\\/en\\\/klimawahlcheck-eu-verbaende-stellen-online-tool-zur-europawahl-2024-vor-2\\\/#primaryimage\"},\"image\":{\"@id\":\"https:\\\/\\\/www.protect-the-planet.de\\\/en\\\/klimawahlcheck-eu-verbaende-stellen-online-tool-zur-europawahl-2024-vor-2\\\/#primaryimage\"},\"thumbnailUrl\":\"https:\\\/\\\/www.protect-the-planet.de\\\/wp-content\\\/uploads\\\/2024\\\/04\\\/News-KWC-2024.jpg\",\"datePublished\":\"2024-04-24T14:42:52+00:00\",\"dateModified\":\"2025-10-28T15:13:42+00:00\",\"description\":\"Am 9. Juni ist Europawahl. Welche Partei wird sich am meisten f\u00fcrs Klima einsetzen? Mach jetzt den Klimawahlcheck!\",\"breadcrumb\":{\"@id\":\"https:\\\/\\\/www.protect-the-planet.de\\\/en\\\/klimawahlcheck-eu-verbaende-stellen-online-tool-zur-europawahl-2024-vor-2\\\/#breadcrumb\"},\"inLanguage\":\"en-US\",\"potentialAction\":[{\"@type\":\"ReadAction\",\"target\":[\"https:\\\/\\\/www.protect-the-planet.de\\\/en\\\/klimawahlcheck-eu-verbaende-stellen-online-tool-zur-europawahl-2024-vor-2\\\/\"]}]},{\"@type\":\"ImageObject\",\"inLanguage\":\"en-US\",\"@id\":\"https:\\\/\\\/www.protect-the-planet.de\\\/en\\\/klimawahlcheck-eu-verbaende-stellen-online-tool-zur-europawahl-2024-vor-2\\\/#primaryimage\",\"url\":\"https:\\\/\\\/www.protect-the-planet.de\\\/wp-content\\\/uploads\\\/2024\\\/04\\\/News-KWC-2024.jpg\",\"contentUrl\":\"https:\\\/\\\/www.protect-the-planet.de\\\/wp-content\\\/uploads\\\/2024\\\/04\\\/News-KWC-2024.jpg\",\"width\":900,\"height\":550},{\"@type\":\"BreadcrumbList\",\"@id\":\"https:\\\/\\\/www.protect-the-planet.de\\\/en\\\/klimawahlcheck-eu-verbaende-stellen-online-tool-zur-europawahl-2024-vor-2\\\/#breadcrumb\",\"itemListElement\":[{\"@type\":\"ListItem\",\"position\":1,\"name\":\"Startseite\",\"item\":\"https:\\\/\\\/www.protect-the-planet.de\\\/en\\\/home\\\/\"},{\"@type\":\"ListItem\",\"position\":2,\"name\":\"Am 9. Juni ist Europawahl: Mach den Klimawahlcheck!\"}]},{\"@type\":\"WebSite\",\"@id\":\"https:\\\/\\\/www.protect-the-planet.de\\\/en\\\/#website\",\"url\":\"https:\\\/\\\/www.protect-the-planet.de\\\/en\\\/\",\"name\":\"Protect the Planet\",\"description\":\"If we don&#039;t change, the climate will.\",\"publisher\":{\"@id\":\"https:\\\/\\\/www.protect-the-planet.de\\\/en\\\/#organization\"},\"alternateName\":\"Protect the Panet gGmbH\",\"potentialAction\":[{\"@type\":\"SearchAction\",\"target\":{\"@type\":\"EntryPoint\",\"urlTemplate\":\"https:\\\/\\\/www.protect-the-planet.de\\\/en\\\/?s={search_term_string}\"},\"query-input\":{\"@type\":\"PropertyValueSpecification\",\"valueRequired\":true,\"valueName\":\"search_term_string\"}}],\"inLanguage\":\"en-US\"},{\"@type\":\"Organization\",\"@id\":\"https:\\\/\\\/www.protect-the-planet.de\\\/en\\\/#organization\",\"name\":\"Protect the Planet\",\"url\":\"https:\\\/\\\/www.protect-the-planet.de\\\/en\\\/\",\"logo\":{\"@type\":\"ImageObject\",\"inLanguage\":\"en-US\",\"@id\":\"https:\\\/\\\/www.protect-the-planet.de\\\/en\\\/#\\\/schema\\\/logo\\\/image\\\/\",\"url\":\"https:\\\/\\\/www.protect-the-planet.de\\\/wp-content\\\/uploads\\\/2023\\\/09\\\/LOGO-positiv_transparent-klein.png\",\"contentUrl\":\"https:\\\/\\\/www.protect-the-planet.de\\\/wp-content\\\/uploads\\\/2023\\\/09\\\/LOGO-positiv_transparent-klein.png\",\"width\":123,\"height\":68,\"caption\":\"Protect the Planet\"},\"image\":{\"@id\":\"https:\\\/\\\/www.protect-the-planet.de\\\/en\\\/#\\\/schema\\\/logo\\\/image\\\/\"},\"sameAs\":[\"https:\\\/\\\/www.facebook.com\\\/protecttheplanetDE\\\/\",\"https:\\\/\\\/x.com\\\/PtP_de\",\"https:\\\/\\\/www.instagram.com\\\/protecttheplanetorg\\\/\",\"https:\\\/\\\/www.linkedin.com\\\/company\\\/protect-the-planet\",\"https:\\\/\\\/www.youtube.com\\\/@protecttheplanet\"]},{\"@type\":\"Person\",\"@id\":\"https:\\\/\\\/www.protect-the-planet.de\\\/en\\\/#\\\/schema\\\/person\\\/34a10854efaaf0bf11a3b6fbe966fcd0\",\"name\":\"Fenya Kirst\",\"image\":{\"@type\":\"ImageObject\",\"inLanguage\":\"en-US\",\"@id\":\"https:\\\/\\\/www.protect-the-planet.de\\\/wp-content\\\/uploads\\\/2024\\\/03\\\/cropped-2310_ProtectThePlanet_Portraet-Fenya-quadr-scaled-1-96x96.jpg\",\"url\":\"https:\\\/\\\/www.protect-the-planet.de\\\/wp-content\\\/uploads\\\/2024\\\/03\\\/cropped-2310_ProtectThePlanet_Portraet-Fenya-quadr-scaled-1-96x96.jpg\",\"contentUrl\":\"https:\\\/\\\/www.protect-the-planet.de\\\/wp-content\\\/uploads\\\/2024\\\/03\\\/cropped-2310_ProtectThePlanet_Portraet-Fenya-quadr-scaled-1-96x96.jpg\",\"caption\":\"Fenya Kirst\"},\"description\":\"fenya.kirst@protect-the-planet.de +49 162 9085805\",\"url\":\"https:\\\/\\\/www.protect-the-planet.de\\\/en\\\/author\\\/fenya-kirst\\\/\"}]}<\/script>\n<!-- \/ Yoast SEO plugin. -->","yoast_head_json":{"title":"Am 9. Juni ist Europawahl: Mach den Klimawahlcheck! - Protect the Planet","description":"Am 9. Juni ist Europawahl. Welche Partei wird sich am meisten f\u00fcrs Klima einsetzen? Mach jetzt den Klimawahlcheck!","robots":{"index":"index","follow":"follow","max-snippet":"max-snippet:-1","max-image-preview":"max-image-preview:large","max-video-preview":"max-video-preview:-1"},"canonical":"https:\/\/www.protect-the-planet.de\/en\/klimawahlcheck-eu-verbaende-stellen-online-tool-zur-europawahl-2024-vor-2\/","og_locale":"en_US","og_type":"article","og_title":"Am 9. Juni ist Europawahl: Mach den Klimawahlcheck! - Protect the Planet","og_description":"Am 9. Juni ist Europawahl. Welche Partei wird sich am meisten f\u00fcrs Klima einsetzen? Mach jetzt den Klimawahlcheck!","og_url":"https:\/\/www.protect-the-planet.de\/en\/klimawahlcheck-eu-verbaende-stellen-online-tool-zur-europawahl-2024-vor-2\/","og_site_name":"Protect the Planet","article_publisher":"https:\/\/www.facebook.com\/protecttheplanetDE\/","article_published_time":"2024-04-24T14:42:52+00:00","article_modified_time":"2025-10-28T15:13:42+00:00","og_image":[{"width":900,"height":550,"url":"https:\/\/www.protect-the-planet.de\/wp-content\/uploads\/2024\/04\/News-KWC-2024.jpg","type":"image\/jpeg"}],"author":"Fenya Kirst","twitter_card":"summary_large_image","twitter_creator":"@PtP_de","twitter_site":"@PtP_de","twitter_misc":{"Written by":"Fenya Kirst","Est. reading time":"4 minutes"},"schema":{"@context":"https:\/\/schema.org","@graph":[{"@type":"Article","@id":"https:\/\/www.protect-the-planet.de\/en\/klimawahlcheck-eu-verbaende-stellen-online-tool-zur-europawahl-2024-vor-2\/#article","isPartOf":{"@id":"https:\/\/www.protect-the-planet.de\/en\/klimawahlcheck-eu-verbaende-stellen-online-tool-zur-europawahl-2024-vor-2\/"},"author":{"name":"Fenya Kirst","@id":"https:\/\/www.protect-the-planet.de\/en\/#\/schema\/person\/34a10854efaaf0bf11a3b6fbe966fcd0"},"headline":"Am 9. Juni ist Europawahl: Mach den Klimawahlcheck!","datePublished":"2024-04-24T14:42:52+00:00","dateModified":"2025-10-28T15:13:42+00:00","mainEntityOfPage":{"@id":"https:\/\/www.protect-the-planet.de\/en\/klimawahlcheck-eu-verbaende-stellen-online-tool-zur-europawahl-2024-vor-2\/"},"wordCount":354,"publisher":{"@id":"https:\/\/www.protect-the-planet.de\/en\/#organization"},"image":{"@id":"https:\/\/www.protect-the-planet.de\/en\/klimawahlcheck-eu-verbaende-stellen-online-tool-zur-europawahl-2024-vor-2\/#primaryimage"},"thumbnailUrl":"https:\/\/www.protect-the-planet.de\/wp-content\/uploads\/2024\/04\/News-KWC-2024.jpg","keywords":["DNR","EU","EU-Wahl","europa","Europawahl","Europawahl 2024","klima-alllianz","Klimaschutz","Klimawahl","Klimawahlcheck","NABU"],"articleSection":["News"],"inLanguage":"en-US"},{"@type":"WebPage","@id":"https:\/\/www.protect-the-planet.de\/en\/klimawahlcheck-eu-verbaende-stellen-online-tool-zur-europawahl-2024-vor-2\/","url":"https:\/\/www.protect-the-planet.de\/en\/klimawahlcheck-eu-verbaende-stellen-online-tool-zur-europawahl-2024-vor-2\/","name":"Am 9. Juni ist Europawahl: Mach den Klimawahlcheck! - Protect the Planet","isPartOf":{"@id":"https:\/\/www.protect-the-planet.de\/en\/#website"},"primaryImageOfPage":{"@id":"https:\/\/www.protect-the-planet.de\/en\/klimawahlcheck-eu-verbaende-stellen-online-tool-zur-europawahl-2024-vor-2\/#primaryimage"},"image":{"@id":"https:\/\/www.protect-the-planet.de\/en\/klimawahlcheck-eu-verbaende-stellen-online-tool-zur-europawahl-2024-vor-2\/#primaryimage"},"thumbnailUrl":"https:\/\/www.protect-the-planet.de\/wp-content\/uploads\/2024\/04\/News-KWC-2024.jpg","datePublished":"2024-04-24T14:42:52+00:00","dateModified":"2025-10-28T15:13:42+00:00","description":"Am 9. Juni ist Europawahl. Welche Partei wird sich am meisten f\u00fcrs Klima einsetzen? Mach jetzt den Klimawahlcheck!","breadcrumb":{"@id":"https:\/\/www.protect-the-planet.de\/en\/klimawahlcheck-eu-verbaende-stellen-online-tool-zur-europawahl-2024-vor-2\/#breadcrumb"},"inLanguage":"en-US","potentialAction":[{"@type":"ReadAction","target":["https:\/\/www.protect-the-planet.de\/en\/klimawahlcheck-eu-verbaende-stellen-online-tool-zur-europawahl-2024-vor-2\/"]}]},{"@type":"ImageObject","inLanguage":"en-US","@id":"https:\/\/www.protect-the-planet.de\/en\/klimawahlcheck-eu-verbaende-stellen-online-tool-zur-europawahl-2024-vor-2\/#primaryimage","url":"https:\/\/www.protect-the-planet.de\/wp-content\/uploads\/2024\/04\/News-KWC-2024.jpg","contentUrl":"https:\/\/www.protect-the-planet.de\/wp-content\/uploads\/2024\/04\/News-KWC-2024.jpg","width":900,"height":550},{"@type":"BreadcrumbList","@id":"https:\/\/www.protect-the-planet.de\/en\/klimawahlcheck-eu-verbaende-stellen-online-tool-zur-europawahl-2024-vor-2\/#breadcrumb","itemListElement":[{"@type":"ListItem","position":1,"name":"Startseite","item":"https:\/\/www.protect-the-planet.de\/en\/home\/"},{"@type":"ListItem","position":2,"name":"Am 9. Juni ist Europawahl: Mach den Klimawahlcheck!"}]},{"@type":"WebSite","@id":"https:\/\/www.protect-the-planet.de\/en\/#website","url":"https:\/\/www.protect-the-planet.de\/en\/","name":"Protect the Planet","description":"If we don&#039;t change, the climate will.","publisher":{"@id":"https:\/\/www.protect-the-planet.de\/en\/#organization"},"alternateName":"Protect the Panet gGmbH","potentialAction":[{"@type":"SearchAction","target":{"@type":"EntryPoint","urlTemplate":"https:\/\/www.protect-the-planet.de\/en\/?s={search_term_string}"},"query-input":{"@type":"PropertyValueSpecification","valueRequired":true,"valueName":"search_term_string"}}],"inLanguage":"en-US"},{"@type":"Organization","@id":"https:\/\/www.protect-the-planet.de\/en\/#organization","name":"Protect the Planet","url":"https:\/\/www.protect-the-planet.de\/en\/","logo":{"@type":"ImageObject","inLanguage":"en-US","@id":"https:\/\/www.protect-the-planet.de\/en\/#\/schema\/logo\/image\/","url":"https:\/\/www.protect-the-planet.de\/wp-content\/uploads\/2023\/09\/LOGO-positiv_transparent-klein.png","contentUrl":"https:\/\/www.protect-the-planet.de\/wp-content\/uploads\/2023\/09\/LOGO-positiv_transparent-klein.png","width":123,"height":68,"caption":"Protect the Planet"},"image":{"@id":"https:\/\/www.protect-the-planet.de\/en\/#\/schema\/logo\/image\/"},"sameAs":["https:\/\/www.facebook.com\/protecttheplanetDE\/","https:\/\/x.com\/PtP_de","https:\/\/www.instagram.com\/protecttheplanetorg\/","https:\/\/www.linkedin.com\/company\/protect-the-planet","https:\/\/www.youtube.com\/@protecttheplanet"]},{"@type":"Person","@id":"https:\/\/www.protect-the-planet.de\/en\/#\/schema\/person\/34a10854efaaf0bf11a3b6fbe966fcd0","name":"Fenya Kirst","image":{"@type":"ImageObject","inLanguage":"en-US","@id":"https:\/\/www.protect-the-planet.de\/wp-content\/uploads\/2024\/03\/cropped-2310_ProtectThePlanet_Portraet-Fenya-quadr-scaled-1-96x96.jpg","url":"https:\/\/www.protect-the-planet.de\/wp-content\/uploads\/2024\/03\/cropped-2310_ProtectThePlanet_Portraet-Fenya-quadr-scaled-1-96x96.jpg","contentUrl":"https:\/\/www.protect-the-planet.de\/wp-content\/uploads\/2024\/03\/cropped-2310_ProtectThePlanet_Portraet-Fenya-quadr-scaled-1-96x96.jpg","caption":"Fenya Kirst"},"description":"fenya.kirst@protect-the-planet.de +49 162 9085805","url":"https:\/\/www.protect-the-planet.de\/en\/author\/fenya-kirst\/"}]}},"_links":{"self":[{"href":"https:\/\/www.protect-the-planet.de\/en\/wp-json\/wp\/v2\/posts\/26559","targetHints":{"allow":["GET"]}}],"collection":[{"href":"https:\/\/www.protect-the-planet.de\/en\/wp-json\/wp\/v2\/posts"}],"about":[{"href":"https:\/\/www.protect-the-planet.de\/en\/wp-json\/wp\/v2\/types\/post"}],"author":[{"embeddable":true,"href":"https:\/\/www.protect-the-planet.de\/en\/wp-json\/wp\/v2\/users\/6"}],"replies":[{"embeddable":true,"href":"https:\/\/www.protect-the-planet.de\/en\/wp-json\/wp\/v2\/comments?post=26559"}],"version-history":[{"count":1,"href":"https:\/\/www.protect-the-planet.de\/en\/wp-json\/wp\/v2\/posts\/26559\/revisions"}],"predecessor-version":[{"id":33356,"href":"https:\/\/www.protect-the-planet.de\/en\/wp-json\/wp\/v2\/posts\/26559\/revisions\/33356"}],"wp:featuredmedia":[{"embeddable":true,"href":"https:\/\/www.protect-the-planet.de\/en\/wp-json\/wp\/v2\/media\/26567"}],"wp:attachment":[{"href":"https:\/\/www.protect-the-planet.de\/en\/wp-json\/wp\/v2\/media?parent=26559"}],"wp:term":[{"taxonomy":"category","embeddable":true,"href":"https:\/\/www.protect-the-planet.de\/en\/wp-json\/wp\/v2\/categories?post=26559"},{"taxonomy":"post_tag","embeddable":true,"href":"https:\/\/www.protect-the-planet.de\/en\/wp-json\/wp\/v2\/tags?post=26559"}],"curies":[{"name":"wp","href":"https:\/\/api.w.org\/{rel}","templated":true}]}}