{"id":26548,"date":"2024-04-24T16:15:08","date_gmt":"2024-04-24T14:15:08","guid":{"rendered":"https:\/\/www.protect-the-planet.de\/?p=26548"},"modified":"2024-07-29T15:22:59","modified_gmt":"2024-07-29T13:22:59","slug":"klimawahlcheck-eu-verbaende-stellen-online-tool-zur-europawahl-2024-vor","status":"publish","type":"post","link":"https:\/\/www.protect-the-planet.de\/en\/klimawahlcheck-eu-verbaende-stellen-online-tool-zur-europawahl-2024-vor\/","title":{"rendered":"Klimawahlcheck.eu: Verb\u00e4nde stellen Online-Tool zur Europawahl 2024 vor\u00a0\u00a0"},"content":{"rendered":"\n<p><em>Berlin, 24. April 2024. Was steht in den EU-Wahlprogrammen zum Klimaschutz? Ab heute k\u00f6nnen sich W\u00e4hlerinnen und W\u00e4hler auf <\/em><a href=\"http:\/\/www.klimawahlcheck.eu\/\" target=\"_blank\" rel=\"noreferrer noopener\"><em>klimawahlcheck.eu<\/em><\/a><em> \u00fcber die Klimapositionen der Parteien zur Europawahl informieren, eine Selbsteinsch\u00e4tzung vornehmen und herausfinden, wo sie selbst im Parteienspektrum stehen. Die Klima-Allianz Deutschland, der NABU, Protect the Planet und der Umweltdachverband Deutscher Naturschutzring haben daf\u00fcr die Wahlprogramme der sechs gr\u00f6\u00dften deutschen Parteien ausgewertet.&nbsp;<\/em>&nbsp;<\/p>\n\n\n\n<p>Am 9. Juni entscheiden die W\u00e4hlerinnen und W\u00e4hler in Deutschland \u00fcber ein Europ\u00e4isches Parlament, das in den kommenden f\u00fcnf Jahren ambitionierten Klimaschutz und einen sozial gerechten Umbau unserer Wirtschafts- und Lebensweise gestalten soll. Den klimapolitischen Vorhaben der Parteien kommt dabei eine besondere Bedeutung zu.&nbsp;&nbsp;<\/p>\n\n\n\n<p>F\u00fcr das Tool haben die Verb\u00e4nde die Europawahlprogramme von SPD, CDU\/CSU, B\u00dcNDNIS 90\/DIE GR\u00dcNEN, FDP, Die Linke und AfD analysiert und hinsichtlich ihrer klimapolitischen Ma\u00dfnahmen und Ziele bewertet. Dazu wurde ein Fragenkatalog zu f\u00fcnf Themenbereichen wie \u201eEnergie\u201d, \u201eNaturschutz und Artenvielfalt\u201d oder \u201eWirtschaft und Soziales\u201d entwickelt, der einen Gro\u00dfteil der klima- und umweltpolitischen Debatte abdeckt. Die Fragen wurden anhand eines Kriterienkatalogs bewertet, der auf den <a href=\"https:\/\/www.klima-allianz.de\/publikationen\/publikation\/europas-zukunft-sichern-klimaneutral-und-sozial\" target=\"_blank\" rel=\"noreferrer noopener\">Forderungen der Klima-Allianz Deutschland<\/a> und des NABU basiert. Die Forderungen spiegeln einen breiten Konsens der deutschen Klima- und Naturschutzorganisationen wider. \u00c4hnlich wie beim Wahl-O-Mat der Bundeszentrale f\u00fcr politische Bildung werden die Nutzerinnen und Nutzer selbst nach ihrer Einsch\u00e4tzung zu dr\u00e4ngenden klimapolitischen Entscheidungen befragt. Anschlie\u00dfend erhalten sie einen Vergleich mit den Parteiprogrammen. Zu jeder Frage gibt es eine Erl\u00e4uterung, die die Relevanz f\u00fcr den Klimaschutz verdeutlicht.&nbsp;<\/p>\n\n\n\n<blockquote class=\"wp-block-quote is-layout-flow wp-block-quote-is-layout-flow\">\n<p>\u201eDie Europawahlen sind f\u00fcr sozial gerechten Klimaschutz von entscheidender Bedeutung. Europa heizt sich in der Klimakrise schneller auf als jeder andere Kontinent. In Deutschland wurden im April wieder Rekordtemperaturen gemessen. Gleichzeitig hat die EU als wirtschaftsstarker Kontinent eine Schl\u00fcsselrolle dabei, die schlimmsten Auswirkungen der Klimakrise noch aufzuhalten. Deutschland braucht eine Vertretung in Br\u00fcssel, die den Wandel vorantreiben will und kann. Durch den Klimawahlcheck machen wir die klimapolitischen Ambitionen der Parteien transparent und vergleichbar, damit die Menschen in Deutschland eine informierte Wahlentscheidung treffen k\u00f6nnen\u201c, <strong>erkl\u00e4rt Dr. Christiane Averbeck, Gesch\u00e4ftsf\u00fchrerin der Klima-Allianz Deutschland<\/strong>. &nbsp;<\/p>\n<\/blockquote>\n\n\n\n<blockquote class=\"wp-block-quote is-layout-flow wp-block-quote-is-layout-flow\">\n<p>\u201eViele Menschen sind sich aktuell unsicher, wen sie w\u00e4hlen sollen, und kennen sich in der diffusen Parteienlandschaft nicht mehr aus. Das tr\u00e4gt zur Politikverdrossenheit bei \u2013 und st\u00e4rkt so letztendlich rechte und extreme Parteien. F\u00fcr den Klimaschutz w\u00e4re das besonders fatal! Der Klimawahlcheck erleichtert die Wahlentscheidung zur EU-Wahl 2024: Er ist fachlich fundiert und transparent sowie einfach bedienbar und bringt so die Demokratie wieder ein St\u00fcck n\u00e4her an das Alltagsleben heran. Insbesondere f\u00fcr 16-18-J\u00e4hrige, die bei dieser EU-Wahl erstmals wahlberechtigt sind, hat das eine besondere Bedeutung&#8221;, betont <strong>Fenya Kirst von Protect the Planet<\/strong>.&nbsp;<\/p>\n<\/blockquote>\n\n\n\n<blockquote class=\"wp-block-quote is-layout-flow wp-block-quote-is-layout-flow\">\n<p>\u201eDiese Wahl ist ein entscheidender Moment f\u00fcr die Zukunft unserer Umwelt in Europa. Es liegt in unserer Verantwortung, wie wirksam unsere k\u00fcnftige Klima- und Naturschutzpolitik sein wird. Obwohl \u00e4ltere W\u00e4hler*innen einen gr\u00f6\u00dferen Anteil bei der Wahlbeteiligung ausmachen, geht es beim Klima- und Artenschutz vor allem um die Lebensgrundlage kommender Generationen. Der Klimawahlcheck bietet f\u00fcr alle Altersgruppen eine wichtige Orientierungshilfe f\u00fcr diese Entscheidung\u201d, erg\u00e4nzt <strong>Daniel Rieger, Fachbereichsleiter Klima- und Umweltpolitik beim NABU. <\/strong>\u00a0<\/p>\n<\/blockquote>\n\n\n\n<p>Die zivilgesellschaftlichen Organisationen Klima-Allianz Deutschland, Protect the Planet, Naturschutzbund Deutschland (NABU) und Deutscher Naturschutzring haben den Klimawahlcheck gemeinsam auf den Weg gebracht. Der Klimawahlcheck wurde erstmalig 2021 zur Bundestagswahl gelauncht. Ziel ist es, gemeinsam das Thema Klimaschutz in den Fokus der Wahlentscheidung zu r\u00fccken.&nbsp;<\/p>\n\n\n\n<h2 class=\"wp-block-heading\"><strong>Pressekontakt f\u00fcr R\u00fcckfragen zum Klimawahlcheck:<\/strong>\u00a0<\/h2>\n\n\n\n<p>Klima-Allianz Deutschland:\u00a0<\/p>\n\n\n\n<ul class=\"wp-block-list\">\n<li>Julia Riley-Dittmann\u00a0<\/li>\n\n\n\n<li>Tel. 030-780 899 514\u00a0<\/li>\n\n\n\n<li>Mobil 0172-298 4269\u00a0<\/li>\n\n\n\n<li><a href=\"mailto:presse@klima-allianz.de\" target=\"_blank\" rel=\"noreferrer noopener\">presse@klima-allianz.de<\/a><\/li>\n<\/ul>\n\n\n\n<p>Protect the Planet:&nbsp;&nbsp;<\/p>\n\n\n\n<ul class=\"wp-block-list\">\n<li>Fenya Kirst\u00a0<\/li>\n\n\n\n<li>Mobil 0162-9085 805\u00a0<\/li>\n\n\n\n<li><a href=\"mailto:fenya.kirst@protect-the-planet.de\" target=\"_blank\" rel=\"noreferrer noopener\">fenya.kirst@protect-the-planet.de<\/a>\u00a0<\/li>\n\n\n\n<li><\/li>\n<\/ul>\n\n\n\n<p>NABU: \u00a0<\/p>\n\n\n\n<ul class=\"wp-block-list\">\n<li>Katrin Jetzlsperger\u00a0<\/li>\n\n\n\n<li>Tel. 030-28 49 84-15 34\u00a0<\/li>\n\n\n\n<li>Mobil 0173-35 55 202\u00a0<\/li>\n\n\n\n<li><a href=\"mailto:Katrin.Jetzlsperger@NABU.de\" target=\"_blank\" rel=\"noreferrer noopener\">Katrin.Jetzlsperger@NABU.de<\/a>\u00a0<\/li>\n<\/ul>\n\n\n\n<p>Deutscher Naturschutzring:\u00a0<\/p>\n\n\n\n<ul class=\"wp-block-list\">\n<li>Leonie Gehrke\u00a0<\/li>\n\n\n\n<li>Tel: 030 678 1775 78&nbsp;<\/li>\n\n\n\n<li><a href=\"mailto:Leonie.gehrke@dnr.de\" target=\"_blank\" rel=\"noreferrer noopener\">Leonie.gehrke@dnr.de<\/a>&nbsp;<\/li>\n<\/ul>\n\n\n\n<h2 class=\"wp-block-heading\">\u00dcber die Verb\u00e4nde <\/h2>\n\n\n\n<p><em>Die <\/em><strong><em><a href=\"https:\/\/www.klima-allianz.de\">Klima-Allianz Deutschland<\/a><\/em><\/strong><em> ist das breite gesellschaftliche B\u00fcndnis f\u00fcr den Klimaschutz. Mit rund 150 Mitgliedsorganisationen aus den Bereichen Umwelt, Kirche, Entwicklung, Bildung, Kultur, Gesundheit, Verbraucherschutz, Jugend, Soziales und Gewerkschaften setzt sie sich f\u00fcr eine ambitionierte und sozial gerechte Klimapolitik auf lokaler, nationaler, europ\u00e4ischer und internationaler Ebene ein. Ihre Mitgliedsorganisationen repr\u00e4sentieren zusammen rund 25 Millionen Menschen.<\/em>\u00a0<\/p>\n\n\n\n<p><em>Mit mehr als 940.000 Mitgliedern und F\u00f6rdernden ist der 1899 gegr\u00fcndete<\/em><strong><em> <a href=\"https:\/\/www.nabu.de\">Naturschutzbund Deutschland (NABU)<\/a> <\/em><\/strong><em>der mitgliederst\u00e4rkste Umweltverband Deutschlands. Der NABU engagiert sich f\u00fcr den Erhalt der Lebensraum- und Artenvielfalt, den Klimaschutz sowie die Nachhaltigkeit der Land-, Wald- und Wasserwirtschaft. Zu den zentralen NABU-Anliegen geh\u00f6ren auch die Vermittlung von Naturerlebnissen und die F\u00f6rderung naturkundlicher Kenntnisse.<\/em>\u00a0<\/p>\n\n\n\n<p><em>Die <\/em><strong><em><a href=\"http:\/\/protect-the-planet.de\">Protect the Planet<\/a><\/em><\/strong><em> \u2013 Gesellschaft f\u00fcr \u00f6kologischen Aufbruch gGmbH wurde 2015 auf Initiative von Dorothea Sick-Thies ins Leben gerufen. Seitdem setzt sie sich f\u00fcr ambitionierten Klimaschutz ein, um die Klimakatastrophe zu verhindern. Ihre Mission ist es, Verantwortliche der Politik und Wirtschaft zu angemessenem Klimaschutz zu bewegen, indem sie klimapolitische Fortschritte durch Kampagnen, Projekte und notfalls auch durch Klimaklagen erzwingt. Zudem informiert, inspiriert und mobilisiert Protect the Planet die Gesellschaft, sich f\u00fcr den notwendigen Klimaschutz einzusetzen, st\u00e4rkt die Klimabildung und die Akzeptanz f\u00fcr den Ausbau der Windenergie vor Ort.<\/em>\u00a0<\/p>\n\n\n\n<p><em>Der Umweltdachverband <\/em><strong><em><a href=\"https:\/\/www.dnr.de\">Deutscher Naturschutzring e.V. (DNR)<\/a><\/em><\/strong><em> wurde 1950 gegr\u00fcndet und b\u00fcndelt heute die Interessen von knapp 100 deutschen Natur-, Tier- und Umweltschutzorganisationen, Natursportorganisationen, Erzeugerverb\u00e4nden, Stiftungen und Instituten, die zusammen mehr als elf Millionen Menschen erreichen. Gemeinsames Ziel ist es, Natur und Lebensr\u00e4ume zu sch\u00fctzen, um die Sch\u00f6nheit der Landschaft und die Ressourcen unseres Planeten auch f\u00fcr unsere Nachkommen zu bewahren. Gegr\u00fcndet als konstruktiv-kritischer Partner zur staatlichen Instanz fungiert der Dachverband f\u00fcr seine Mitglieder als Koordinator, Vermittler und Vertreter im politischen Bereich.<\/em>\u00a0<\/p>\n","protected":false},"excerpt":{"rendered":"<p>Klimawahlcheck.eu: Protect the Planet, Klima-Allianz Deutschland, NABU und DNR stellen Online-Tool zur Europawahl 2024 vor.<\/p>\n","protected":false},"author":6,"featured_media":26543,"comment_status":"closed","ping_status":"closed","sticky":false,"template":"","format":"standard","meta":{"footnotes":""},"categories":[729,730],"tags":[1107,919,1115,1108,1109,1110,1116,710,1111,1117,1112],"class_list":["post-26548","post","type-post","status-publish","format-standard","has-post-thumbnail","hentry","category-news","category-pressemitteilungen-en","tag-dnr-en","tag-eu-en","tag-eu-wahl-en","tag-europa-en","tag-europawahl-en","tag-europawahl-2024-en","tag-klima-alllianz-en","tag-klimaschutz-en","tag-klimawahl-en","tag-klimawahlcheck-en","tag-nabu-en"],"yoast_head":"<!-- This site is optimized with the Yoast SEO plugin v27.5 - https:\/\/yoast.com\/product\/yoast-seo-wordpress\/ -->\n<title>Klimawahlcheck.eu: Verb\u00e4nde stellen Online-Tool zur Europawahl 2024 vor\u00a0\u00a0 - Protect the Planet<\/title>\n<meta name=\"description\" content=\"Klimawahlcheck.eu: Protect the Planet, Klima-Allianz Deutschland, NABU und DNR stellen Online-Tool zur Europawahl 2024 vor.\" \/>\n<meta name=\"robots\" content=\"index, follow, max-snippet:-1, max-image-preview:large, max-video-preview:-1\" \/>\n<link rel=\"canonical\" href=\"https:\/\/www.protect-the-planet.de\/en\/klimawahlcheck-eu-verbaende-stellen-online-tool-zur-europawahl-2024-vor\/\" \/>\n<meta property=\"og:locale\" content=\"en_US\" \/>\n<meta property=\"og:type\" content=\"article\" \/>\n<meta property=\"og:title\" content=\"Klimawahlcheck.eu: Verb\u00e4nde stellen Online-Tool zur Europawahl 2024 vor\u00a0\u00a0 - Protect the Planet\" \/>\n<meta property=\"og:description\" content=\"Klimawahlcheck.eu: Protect the Planet, Klima-Allianz Deutschland, NABU und DNR stellen Online-Tool zur Europawahl 2024 vor.\" \/>\n<meta property=\"og:url\" content=\"https:\/\/www.protect-the-planet.de\/en\/klimawahlcheck-eu-verbaende-stellen-online-tool-zur-europawahl-2024-vor\/\" \/>\n<meta property=\"og:site_name\" content=\"Protect the Planet\" \/>\n<meta property=\"article:publisher\" content=\"https:\/\/www.facebook.com\/protecttheplanetDE\/\" \/>\n<meta property=\"article:published_time\" content=\"2024-04-24T14:15:08+00:00\" \/>\n<meta property=\"article:modified_time\" content=\"2024-07-29T13:22:59+00:00\" \/>\n<meta property=\"og:image\" content=\"https:\/\/www.protect-the-planet.de\/wp-content\/uploads\/2024\/04\/EU-Klimawahlcheck_CtA-1_quer.png\" \/>\n\t<meta property=\"og:image:width\" content=\"1920\" \/>\n\t<meta property=\"og:image:height\" content=\"1080\" \/>\n\t<meta property=\"og:image:type\" content=\"image\/png\" \/>\n<meta name=\"author\" content=\"Fenya Kirst\" \/>\n<meta name=\"twitter:card\" content=\"summary_large_image\" \/>\n<meta name=\"twitter:creator\" content=\"@PtP_de\" \/>\n<meta name=\"twitter:site\" content=\"@PtP_de\" \/>\n<meta name=\"twitter:label1\" content=\"Written by\" \/>\n\t<meta name=\"twitter:data1\" content=\"Fenya Kirst\" \/>\n\t<meta name=\"twitter:label2\" content=\"Est. reading time\" \/>\n\t<meta name=\"twitter:data2\" content=\"4 minutes\" \/>\n<script type=\"application\/ld+json\" class=\"yoast-schema-graph\">{\"@context\":\"https:\\\/\\\/schema.org\",\"@graph\":[{\"@type\":\"Article\",\"@id\":\"https:\\\/\\\/www.protect-the-planet.de\\\/en\\\/klimawahlcheck-eu-verbaende-stellen-online-tool-zur-europawahl-2024-vor\\\/#article\",\"isPartOf\":{\"@id\":\"https:\\\/\\\/www.protect-the-planet.de\\\/en\\\/klimawahlcheck-eu-verbaende-stellen-online-tool-zur-europawahl-2024-vor\\\/\"},\"author\":{\"name\":\"Fenya Kirst\",\"@id\":\"https:\\\/\\\/www.protect-the-planet.de\\\/en\\\/#\\\/schema\\\/person\\\/34a10854efaaf0bf11a3b6fbe966fcd0\"},\"headline\":\"Klimawahlcheck.eu: Verb\u00e4nde stellen Online-Tool zur Europawahl 2024 vor\u00a0\u00a0\",\"datePublished\":\"2024-04-24T14:15:08+00:00\",\"dateModified\":\"2024-07-29T13:22:59+00:00\",\"mainEntityOfPage\":{\"@id\":\"https:\\\/\\\/www.protect-the-planet.de\\\/en\\\/klimawahlcheck-eu-verbaende-stellen-online-tool-zur-europawahl-2024-vor\\\/\"},\"wordCount\":951,\"publisher\":{\"@id\":\"https:\\\/\\\/www.protect-the-planet.de\\\/en\\\/#organization\"},\"image\":{\"@id\":\"https:\\\/\\\/www.protect-the-planet.de\\\/en\\\/klimawahlcheck-eu-verbaende-stellen-online-tool-zur-europawahl-2024-vor\\\/#primaryimage\"},\"thumbnailUrl\":\"https:\\\/\\\/www.protect-the-planet.de\\\/wp-content\\\/uploads\\\/2024\\\/04\\\/EU-Klimawahlcheck_CtA-1_quer.png\",\"keywords\":[\"DNR\",\"EU\",\"EU-Wahl\",\"europa\",\"Europawahl\",\"Europawahl 2024\",\"klima-alllianz\",\"Klimaschutz\",\"Klimawahl\",\"Klimawahlcheck\",\"NABU\"],\"articleSection\":[\"News\",\"Pressemitteilungen\"],\"inLanguage\":\"en-US\"},{\"@type\":\"WebPage\",\"@id\":\"https:\\\/\\\/www.protect-the-planet.de\\\/en\\\/klimawahlcheck-eu-verbaende-stellen-online-tool-zur-europawahl-2024-vor\\\/\",\"url\":\"https:\\\/\\\/www.protect-the-planet.de\\\/en\\\/klimawahlcheck-eu-verbaende-stellen-online-tool-zur-europawahl-2024-vor\\\/\",\"name\":\"Klimawahlcheck.eu: Verb\u00e4nde stellen Online-Tool zur Europawahl 2024 vor\u00a0\u00a0 - Protect the Planet\",\"isPartOf\":{\"@id\":\"https:\\\/\\\/www.protect-the-planet.de\\\/en\\\/#website\"},\"primaryImageOfPage\":{\"@id\":\"https:\\\/\\\/www.protect-the-planet.de\\\/en\\\/klimawahlcheck-eu-verbaende-stellen-online-tool-zur-europawahl-2024-vor\\\/#primaryimage\"},\"image\":{\"@id\":\"https:\\\/\\\/www.protect-the-planet.de\\\/en\\\/klimawahlcheck-eu-verbaende-stellen-online-tool-zur-europawahl-2024-vor\\\/#primaryimage\"},\"thumbnailUrl\":\"https:\\\/\\\/www.protect-the-planet.de\\\/wp-content\\\/uploads\\\/2024\\\/04\\\/EU-Klimawahlcheck_CtA-1_quer.png\",\"datePublished\":\"2024-04-24T14:15:08+00:00\",\"dateModified\":\"2024-07-29T13:22:59+00:00\",\"description\":\"Klimawahlcheck.eu: Protect the Planet, Klima-Allianz Deutschland, NABU und DNR stellen Online-Tool zur Europawahl 2024 vor.\",\"breadcrumb\":{\"@id\":\"https:\\\/\\\/www.protect-the-planet.de\\\/en\\\/klimawahlcheck-eu-verbaende-stellen-online-tool-zur-europawahl-2024-vor\\\/#breadcrumb\"},\"inLanguage\":\"en-US\",\"potentialAction\":[{\"@type\":\"ReadAction\",\"target\":[\"https:\\\/\\\/www.protect-the-planet.de\\\/en\\\/klimawahlcheck-eu-verbaende-stellen-online-tool-zur-europawahl-2024-vor\\\/\"]}]},{\"@type\":\"ImageObject\",\"inLanguage\":\"en-US\",\"@id\":\"https:\\\/\\\/www.protect-the-planet.de\\\/en\\\/klimawahlcheck-eu-verbaende-stellen-online-tool-zur-europawahl-2024-vor\\\/#primaryimage\",\"url\":\"https:\\\/\\\/www.protect-the-planet.de\\\/wp-content\\\/uploads\\\/2024\\\/04\\\/EU-Klimawahlcheck_CtA-1_quer.png\",\"contentUrl\":\"https:\\\/\\\/www.protect-the-planet.de\\\/wp-content\\\/uploads\\\/2024\\\/04\\\/EU-Klimawahlcheck_CtA-1_quer.png\",\"width\":1920,\"height\":1080},{\"@type\":\"BreadcrumbList\",\"@id\":\"https:\\\/\\\/www.protect-the-planet.de\\\/en\\\/klimawahlcheck-eu-verbaende-stellen-online-tool-zur-europawahl-2024-vor\\\/#breadcrumb\",\"itemListElement\":[{\"@type\":\"ListItem\",\"position\":1,\"name\":\"Startseite\",\"item\":\"https:\\\/\\\/www.protect-the-planet.de\\\/en\\\/home\\\/\"},{\"@type\":\"ListItem\",\"position\":2,\"name\":\"Klimawahlcheck.eu: Verb\u00e4nde stellen Online-Tool zur Europawahl 2024 vor\u00a0\u00a0\"}]},{\"@type\":\"WebSite\",\"@id\":\"https:\\\/\\\/www.protect-the-planet.de\\\/en\\\/#website\",\"url\":\"https:\\\/\\\/www.protect-the-planet.de\\\/en\\\/\",\"name\":\"Protect the Planet\",\"description\":\"If we don&#039;t change, the climate will.\",\"publisher\":{\"@id\":\"https:\\\/\\\/www.protect-the-planet.de\\\/en\\\/#organization\"},\"alternateName\":\"Protect the Panet gGmbH\",\"potentialAction\":[{\"@type\":\"SearchAction\",\"target\":{\"@type\":\"EntryPoint\",\"urlTemplate\":\"https:\\\/\\\/www.protect-the-planet.de\\\/en\\\/?s={search_term_string}\"},\"query-input\":{\"@type\":\"PropertyValueSpecification\",\"valueRequired\":true,\"valueName\":\"search_term_string\"}}],\"inLanguage\":\"en-US\"},{\"@type\":\"Organization\",\"@id\":\"https:\\\/\\\/www.protect-the-planet.de\\\/en\\\/#organization\",\"name\":\"Protect the Planet\",\"url\":\"https:\\\/\\\/www.protect-the-planet.de\\\/en\\\/\",\"logo\":{\"@type\":\"ImageObject\",\"inLanguage\":\"en-US\",\"@id\":\"https:\\\/\\\/www.protect-the-planet.de\\\/en\\\/#\\\/schema\\\/logo\\\/image\\\/\",\"url\":\"https:\\\/\\\/www.protect-the-planet.de\\\/wp-content\\\/uploads\\\/2023\\\/09\\\/LOGO-positiv_transparent-klein.png\",\"contentUrl\":\"https:\\\/\\\/www.protect-the-planet.de\\\/wp-content\\\/uploads\\\/2023\\\/09\\\/LOGO-positiv_transparent-klein.png\",\"width\":123,\"height\":68,\"caption\":\"Protect the Planet\"},\"image\":{\"@id\":\"https:\\\/\\\/www.protect-the-planet.de\\\/en\\\/#\\\/schema\\\/logo\\\/image\\\/\"},\"sameAs\":[\"https:\\\/\\\/www.facebook.com\\\/protecttheplanetDE\\\/\",\"https:\\\/\\\/x.com\\\/PtP_de\",\"https:\\\/\\\/www.instagram.com\\\/protecttheplanetorg\\\/\",\"https:\\\/\\\/www.linkedin.com\\\/company\\\/protect-the-planet\",\"https:\\\/\\\/www.youtube.com\\\/@protecttheplanet\"]},{\"@type\":\"Person\",\"@id\":\"https:\\\/\\\/www.protect-the-planet.de\\\/en\\\/#\\\/schema\\\/person\\\/34a10854efaaf0bf11a3b6fbe966fcd0\",\"name\":\"Fenya Kirst\",\"image\":{\"@type\":\"ImageObject\",\"inLanguage\":\"en-US\",\"@id\":\"https:\\\/\\\/www.protect-the-planet.de\\\/wp-content\\\/uploads\\\/2024\\\/03\\\/cropped-2310_ProtectThePlanet_Portraet-Fenya-quadr-scaled-1-96x96.jpg\",\"url\":\"https:\\\/\\\/www.protect-the-planet.de\\\/wp-content\\\/uploads\\\/2024\\\/03\\\/cropped-2310_ProtectThePlanet_Portraet-Fenya-quadr-scaled-1-96x96.jpg\",\"contentUrl\":\"https:\\\/\\\/www.protect-the-planet.de\\\/wp-content\\\/uploads\\\/2024\\\/03\\\/cropped-2310_ProtectThePlanet_Portraet-Fenya-quadr-scaled-1-96x96.jpg\",\"caption\":\"Fenya Kirst\"},\"description\":\"fenya.kirst@protect-the-planet.de +49 162 9085805\",\"url\":\"https:\\\/\\\/www.protect-the-planet.de\\\/en\\\/author\\\/fenya-kirst\\\/\"}]}<\/script>\n<!-- \/ Yoast SEO plugin. -->","yoast_head_json":{"title":"Klimawahlcheck.eu: Verb\u00e4nde stellen Online-Tool zur Europawahl 2024 vor\u00a0\u00a0 - Protect the Planet","description":"Klimawahlcheck.eu: Protect the Planet, Klima-Allianz Deutschland, NABU und DNR stellen Online-Tool zur Europawahl 2024 vor.","robots":{"index":"index","follow":"follow","max-snippet":"max-snippet:-1","max-image-preview":"max-image-preview:large","max-video-preview":"max-video-preview:-1"},"canonical":"https:\/\/www.protect-the-planet.de\/en\/klimawahlcheck-eu-verbaende-stellen-online-tool-zur-europawahl-2024-vor\/","og_locale":"en_US","og_type":"article","og_title":"Klimawahlcheck.eu: Verb\u00e4nde stellen Online-Tool zur Europawahl 2024 vor\u00a0\u00a0 - Protect the Planet","og_description":"Klimawahlcheck.eu: Protect the Planet, Klima-Allianz Deutschland, NABU und DNR stellen Online-Tool zur Europawahl 2024 vor.","og_url":"https:\/\/www.protect-the-planet.de\/en\/klimawahlcheck-eu-verbaende-stellen-online-tool-zur-europawahl-2024-vor\/","og_site_name":"Protect the Planet","article_publisher":"https:\/\/www.facebook.com\/protecttheplanetDE\/","article_published_time":"2024-04-24T14:15:08+00:00","article_modified_time":"2024-07-29T13:22:59+00:00","og_image":[{"width":1920,"height":1080,"url":"https:\/\/www.protect-the-planet.de\/wp-content\/uploads\/2024\/04\/EU-Klimawahlcheck_CtA-1_quer.png","type":"image\/png"}],"author":"Fenya Kirst","twitter_card":"summary_large_image","twitter_creator":"@PtP_de","twitter_site":"@PtP_de","twitter_misc":{"Written by":"Fenya Kirst","Est. reading time":"4 minutes"},"schema":{"@context":"https:\/\/schema.org","@graph":[{"@type":"Article","@id":"https:\/\/www.protect-the-planet.de\/en\/klimawahlcheck-eu-verbaende-stellen-online-tool-zur-europawahl-2024-vor\/#article","isPartOf":{"@id":"https:\/\/www.protect-the-planet.de\/en\/klimawahlcheck-eu-verbaende-stellen-online-tool-zur-europawahl-2024-vor\/"},"author":{"name":"Fenya Kirst","@id":"https:\/\/www.protect-the-planet.de\/en\/#\/schema\/person\/34a10854efaaf0bf11a3b6fbe966fcd0"},"headline":"Klimawahlcheck.eu: Verb\u00e4nde stellen Online-Tool zur Europawahl 2024 vor\u00a0\u00a0","datePublished":"2024-04-24T14:15:08+00:00","dateModified":"2024-07-29T13:22:59+00:00","mainEntityOfPage":{"@id":"https:\/\/www.protect-the-planet.de\/en\/klimawahlcheck-eu-verbaende-stellen-online-tool-zur-europawahl-2024-vor\/"},"wordCount":951,"publisher":{"@id":"https:\/\/www.protect-the-planet.de\/en\/#organization"},"image":{"@id":"https:\/\/www.protect-the-planet.de\/en\/klimawahlcheck-eu-verbaende-stellen-online-tool-zur-europawahl-2024-vor\/#primaryimage"},"thumbnailUrl":"https:\/\/www.protect-the-planet.de\/wp-content\/uploads\/2024\/04\/EU-Klimawahlcheck_CtA-1_quer.png","keywords":["DNR","EU","EU-Wahl","europa","Europawahl","Europawahl 2024","klima-alllianz","Klimaschutz","Klimawahl","Klimawahlcheck","NABU"],"articleSection":["News","Pressemitteilungen"],"inLanguage":"en-US"},{"@type":"WebPage","@id":"https:\/\/www.protect-the-planet.de\/en\/klimawahlcheck-eu-verbaende-stellen-online-tool-zur-europawahl-2024-vor\/","url":"https:\/\/www.protect-the-planet.de\/en\/klimawahlcheck-eu-verbaende-stellen-online-tool-zur-europawahl-2024-vor\/","name":"Klimawahlcheck.eu: Verb\u00e4nde stellen Online-Tool zur Europawahl 2024 vor\u00a0\u00a0 - Protect the Planet","isPartOf":{"@id":"https:\/\/www.protect-the-planet.de\/en\/#website"},"primaryImageOfPage":{"@id":"https:\/\/www.protect-the-planet.de\/en\/klimawahlcheck-eu-verbaende-stellen-online-tool-zur-europawahl-2024-vor\/#primaryimage"},"image":{"@id":"https:\/\/www.protect-the-planet.de\/en\/klimawahlcheck-eu-verbaende-stellen-online-tool-zur-europawahl-2024-vor\/#primaryimage"},"thumbnailUrl":"https:\/\/www.protect-the-planet.de\/wp-content\/uploads\/2024\/04\/EU-Klimawahlcheck_CtA-1_quer.png","datePublished":"2024-04-24T14:15:08+00:00","dateModified":"2024-07-29T13:22:59+00:00","description":"Klimawahlcheck.eu: Protect the Planet, Klima-Allianz Deutschland, NABU und DNR stellen Online-Tool zur Europawahl 2024 vor.","breadcrumb":{"@id":"https:\/\/www.protect-the-planet.de\/en\/klimawahlcheck-eu-verbaende-stellen-online-tool-zur-europawahl-2024-vor\/#breadcrumb"},"inLanguage":"en-US","potentialAction":[{"@type":"ReadAction","target":["https:\/\/www.protect-the-planet.de\/en\/klimawahlcheck-eu-verbaende-stellen-online-tool-zur-europawahl-2024-vor\/"]}]},{"@type":"ImageObject","inLanguage":"en-US","@id":"https:\/\/www.protect-the-planet.de\/en\/klimawahlcheck-eu-verbaende-stellen-online-tool-zur-europawahl-2024-vor\/#primaryimage","url":"https:\/\/www.protect-the-planet.de\/wp-content\/uploads\/2024\/04\/EU-Klimawahlcheck_CtA-1_quer.png","contentUrl":"https:\/\/www.protect-the-planet.de\/wp-content\/uploads\/2024\/04\/EU-Klimawahlcheck_CtA-1_quer.png","width":1920,"height":1080},{"@type":"BreadcrumbList","@id":"https:\/\/www.protect-the-planet.de\/en\/klimawahlcheck-eu-verbaende-stellen-online-tool-zur-europawahl-2024-vor\/#breadcrumb","itemListElement":[{"@type":"ListItem","position":1,"name":"Startseite","item":"https:\/\/www.protect-the-planet.de\/en\/home\/"},{"@type":"ListItem","position":2,"name":"Klimawahlcheck.eu: Verb\u00e4nde stellen Online-Tool zur Europawahl 2024 vor\u00a0\u00a0"}]},{"@type":"WebSite","@id":"https:\/\/www.protect-the-planet.de\/en\/#website","url":"https:\/\/www.protect-the-planet.de\/en\/","name":"Protect the Planet","description":"If we don&#039;t change, the climate will.","publisher":{"@id":"https:\/\/www.protect-the-planet.de\/en\/#organization"},"alternateName":"Protect the Panet gGmbH","potentialAction":[{"@type":"SearchAction","target":{"@type":"EntryPoint","urlTemplate":"https:\/\/www.protect-the-planet.de\/en\/?s={search_term_string}"},"query-input":{"@type":"PropertyValueSpecification","valueRequired":true,"valueName":"search_term_string"}}],"inLanguage":"en-US"},{"@type":"Organization","@id":"https:\/\/www.protect-the-planet.de\/en\/#organization","name":"Protect the Planet","url":"https:\/\/www.protect-the-planet.de\/en\/","logo":{"@type":"ImageObject","inLanguage":"en-US","@id":"https:\/\/www.protect-the-planet.de\/en\/#\/schema\/logo\/image\/","url":"https:\/\/www.protect-the-planet.de\/wp-content\/uploads\/2023\/09\/LOGO-positiv_transparent-klein.png","contentUrl":"https:\/\/www.protect-the-planet.de\/wp-content\/uploads\/2023\/09\/LOGO-positiv_transparent-klein.png","width":123,"height":68,"caption":"Protect the Planet"},"image":{"@id":"https:\/\/www.protect-the-planet.de\/en\/#\/schema\/logo\/image\/"},"sameAs":["https:\/\/www.facebook.com\/protecttheplanetDE\/","https:\/\/x.com\/PtP_de","https:\/\/www.instagram.com\/protecttheplanetorg\/","https:\/\/www.linkedin.com\/company\/protect-the-planet","https:\/\/www.youtube.com\/@protecttheplanet"]},{"@type":"Person","@id":"https:\/\/www.protect-the-planet.de\/en\/#\/schema\/person\/34a10854efaaf0bf11a3b6fbe966fcd0","name":"Fenya Kirst","image":{"@type":"ImageObject","inLanguage":"en-US","@id":"https:\/\/www.protect-the-planet.de\/wp-content\/uploads\/2024\/03\/cropped-2310_ProtectThePlanet_Portraet-Fenya-quadr-scaled-1-96x96.jpg","url":"https:\/\/www.protect-the-planet.de\/wp-content\/uploads\/2024\/03\/cropped-2310_ProtectThePlanet_Portraet-Fenya-quadr-scaled-1-96x96.jpg","contentUrl":"https:\/\/www.protect-the-planet.de\/wp-content\/uploads\/2024\/03\/cropped-2310_ProtectThePlanet_Portraet-Fenya-quadr-scaled-1-96x96.jpg","caption":"Fenya Kirst"},"description":"fenya.kirst@protect-the-planet.de +49 162 9085805","url":"https:\/\/www.protect-the-planet.de\/en\/author\/fenya-kirst\/"}]}},"_links":{"self":[{"href":"https:\/\/www.protect-the-planet.de\/en\/wp-json\/wp\/v2\/posts\/26548","targetHints":{"allow":["GET"]}}],"collection":[{"href":"https:\/\/www.protect-the-planet.de\/en\/wp-json\/wp\/v2\/posts"}],"about":[{"href":"https:\/\/www.protect-the-planet.de\/en\/wp-json\/wp\/v2\/types\/post"}],"author":[{"embeddable":true,"href":"https:\/\/www.protect-the-planet.de\/en\/wp-json\/wp\/v2\/users\/6"}],"replies":[{"embeddable":true,"href":"https:\/\/www.protect-the-planet.de\/en\/wp-json\/wp\/v2\/comments?post=26548"}],"version-history":[{"count":0,"href":"https:\/\/www.protect-the-planet.de\/en\/wp-json\/wp\/v2\/posts\/26548\/revisions"}],"wp:featuredmedia":[{"embeddable":true,"href":"https:\/\/www.protect-the-planet.de\/en\/wp-json\/wp\/v2\/media\/26543"}],"wp:attachment":[{"href":"https:\/\/www.protect-the-planet.de\/en\/wp-json\/wp\/v2\/media?parent=26548"}],"wp:term":[{"taxonomy":"category","embeddable":true,"href":"https:\/\/www.protect-the-planet.de\/en\/wp-json\/wp\/v2\/categories?post=26548"},{"taxonomy":"post_tag","embeddable":true,"href":"https:\/\/www.protect-the-planet.de\/en\/wp-json\/wp\/v2\/tags?post=26548"}],"curies":[{"name":"wp","href":"https:\/\/api.w.org\/{rel}","templated":true}]}}