{"id":26309,"date":"2024-04-15T10:01:58","date_gmt":"2024-04-15T08:01:58","guid":{"rendered":"https:\/\/www.protect-the-planet.de\/webinar-das-neue-eu-umweltstrafrecht\/"},"modified":"2024-04-15T14:32:38","modified_gmt":"2024-04-15T12:32:38","slug":"webinar-das-neue-eu-umweltstrafrecht","status":"publish","type":"post","link":"https:\/\/www.protect-the-planet.de\/en\/webinar-das-neue-eu-umweltstrafrecht\/","title":{"rendered":"Meilenstein der Rechtsgeschichte? Das neue EU-Umweltstrafrecht"},"content":{"rendered":"\n<p>Umweltschutz und Klimaschutz sind untrennbar, davon sind wir \u00fcberzeugt. Deshalb ist die neue <a href=\"https:\/\/www.consilium.europa.eu\/en\/press\/press-releases\/2024\/03\/26\/environmental-crime-council-clears-new-eu-law-with-tougher-sanctions-and-extended-list-of-offences\/\">Richtlinie \u00fcber den strafrechtlichen Schutz der Umwelt<\/a>, den die EU Ende M\u00e4rz 2024 verabschiedet hat, ein gro\u00dfer Etappensieg, gleicherma\u00dfen f\u00fcr Arten-, Umwelt- und Klimaschutz. Die EU verbessert damit relevant die Ermittlung und die Verfolgung von Umweltstraftaten und erm\u00f6glicht damit pr\u00e4ventiv eine st\u00e4rkere Abschreckung. Und das ist essenziell: Immerhin sind <strong>Umweltverbrechen<\/strong> weltweit die drittgr\u00f6\u00dfte kriminelle Aktivit\u00e4t, nehmen j\u00e4hrlich um 5-7% zu und verursachen jedes Jahr Sch\u00e4den von 110-281 Milliarden USD (<a href=\"https:\/\/www.consilium.europa.eu\/de\/infographics\/eu-fight-environmental-crime-2018-2021\/\">EU-Rat Januar 2023<\/a>).\u00a0\u00a0Als Umweltstraftaten gelten z.B. Besitz, Handel oder T\u00f6tung von gesch\u00fctzten wildlebenden Tier- und Pflanzenarten oder die illegale Freisetzung von Stoffen in Atmosph\u00e4re, Wasser oder Boden.\u00a0<\/p>\n\n\n\n<p>Eine Einordnung der neuen Richtlinie bietet z.B. <strong>Stop Ecocide Deutschland<\/strong> <a href=\"https:\/\/www.stopecocide.de\/eilmeldungen-und-pressemitteilungen\/eu-beschliet-weltweit-strkstes-umweltrecht-deutschland-stimmt-als-einziges-land-nicht-dafr\">hier<\/a>.<\/p>\n\n\n\n<p><strong>Deutschland hat als einziges Land (!) nicht f\u00fcr die neue Richtlinie gestimmt. <\/strong>Trotzdem steht dem deutschen Umweltstrafrecht dadurch nun eine deutliche Versch\u00e4rfung bevor. Aber ob es gelingen wird, damit eine ausreichend abschreckende Wirkung zu erzielen, muss sich erst noch zeigen.<\/p>\n\n\n\n<p>Wir von Protect the Planet sind zuversichtlich, dass die Richtlinie etwas bewegen wird. Auch, weil wir aus unserer<a href=\"https:\/\/www.protect-the-planet.de\/en\/climate-litigation\/\"> fr\u00fcheren Beteiligung an Klima-Klagen<\/a> wissen, wie entscheidend Gerichte helfen k\u00f6nnen:<\/p>\n\n\n\n<p>\u201eEinige ihrer gr\u00f6\u00dften Erfolge hat die internationale Klimabewegung in den vergangenen Jahren auf dem Rechtsweg erzielt.\u201c, betont <strong>Dorothea Sick-Thies, Gr\u00fcnderin von Protect the Planet<\/strong>. \u201eNicht nur daran zeigt sich: Juristischer Druck wirkt \u2013 und ist einer der wichtigsten Hebel, um Klimakrise und Umweltzerst\u00f6rung einzud\u00e4mmen. Die neue Richtlinie des EU-Umweltstrafrechts wird nicht nur helfen, zerst\u00f6rerische Machenschaften und den Raubbau an nat\u00fcrlichen Lebensgrundlagen zu ahnden, sondern auch, sie in der gesellschaftlichen Wahrnehmung nachhaltig zu diskreditieren. Beides ist dringend notwendig.\u201c&nbsp;<\/p>\n\n\n\n<h2 class=\"wp-block-heading\">Webinar \u00fcber das EU-Umweltstrafrecht<\/h2>\n\n\n\n<p>Deshalb unterst\u00fctzen wir, die Protect the Planet gGmbH, Green Legal Impact und Stop Ecocide Deutschland bei ihrem Webinar: \u201e<a href=\"https:\/\/www.greenlegal.eu\/veranstaltungen\/umweltstrafrecht\/\">Meilenstein der Rechtsgeschichte? Das neue EU-Umweltstrafrecht<\/a>.\u201c\u00a0<\/p>\n\n\n\n<p><strong>Mittwoch, 24.04., 10-12 Uhr<\/strong>, <strong>kostenfrei online via WebEx)<\/strong><\/p>\n\n\n\n<h3 class=\"wp-block-heading\"><strong>Programm:<\/strong><\/h3>\n\n\n\n<ul class=\"wp-block-list\">\n<li>Einf\u00fchrung: Zur Bedeutung der Umweltstrafrechtsrichtlinie<br>Sue Miller (Stop Ecocide International)<br><\/li>\n\n\n\n<li>Status Quo des Umweltstrafrechts in Deutschland<br>Franziska Schultze (Umweltbundesamt)<br><\/li>\n\n\n\n<li>Strafverfolgung nach der novellierten Umweltstrafrechtsrichtlinie<br>Dr. Stephan Sina (Ecologic Institut)<br><\/li>\n\n\n\n<li>Europ\u00e4ische Perspektive: Reformprozess der Umweltstrafrechtsrichtlinie<br>Frederik Hafen (European Environmental Bureau)<br><\/li>\n\n\n\n<li>Ausblick: Wo k\u00f6nnte es hingehen?<br>Wolf Hingst (Stop Ecocide Deutschland)<\/li>\n<\/ul>\n\n\n\n<p>Die Veranstaltung bietet einen Einstieg in die Thematik und die M\u00f6glichkeit zum Austausch. Fundierte Rechtskenntnis ist nicht erforderlich. <a href=\"https:\/\/www.greenlegal.eu\/veranstaltungen\/umweltstrafrecht\/\">Jetzt hier anmelden!<\/a><\/p>\n","protected":false},"excerpt":{"rendered":"<p>Umweltschutz und Klimaschutz sind untrennbar, davon sind wir \u00fcberzeugt. Deshalb ist die neue Richtlinie \u00fcber den strafrechtlichen Schutz der Umwelt, den die EU Ende M\u00e4rz 2024 verabschiedet hat, ein gro\u00dfer Etappensieg, gleicherma\u00dfen f\u00fcr Arten-, Umwelt- und Klimaschutz. Die EU verbessert damit relevant die Ermittlung und die Verfolgung von Umweltstraftaten und erm\u00f6glicht damit pr\u00e4ventiv eine st\u00e4rkere [&hellip;]<\/p>\n","protected":false},"author":6,"featured_media":26083,"comment_status":"closed","ping_status":"closed","sticky":false,"template":"","format":"standard","meta":{"footnotes":""},"categories":[729],"tags":[919,1082,1046,710,1083,1084,1085,1086,1087],"class_list":["post-26309","post","type-post","status-publish","format-standard","has-post-thumbnail","hentry","category-news","tag-eu-en","tag-green-legal-impact-en","tag-klimaklagen-en","tag-klimaschutz-en","tag-naturschutz-en","tag-stop-ecocide-deutschland-en","tag-strafrecht-en","tag-umweltschutz-en","tag-umweltstrafrecht-en"],"yoast_head":"<!-- This site is optimized with the Yoast SEO plugin v27.5 - https:\/\/yoast.com\/product\/yoast-seo-wordpress\/ -->\n<title>Meilenstein der Rechtsgeschichte? Das neue EU-Umweltstrafrecht - Protect the Planet<\/title>\n<meta name=\"description\" content=\"Die Protect the Planet gGmbH unterst\u00fctzt das Webinar: \u201eMeilenstein der Rechtsgeschichte? Das neue EU-Umweltstrafrecht.\u201c\u00a0\" \/>\n<meta name=\"robots\" content=\"index, follow, max-snippet:-1, max-image-preview:large, max-video-preview:-1\" \/>\n<link rel=\"canonical\" href=\"https:\/\/www.protect-the-planet.de\/en\/webinar-das-neue-eu-umweltstrafrecht\/\" \/>\n<meta property=\"og:locale\" content=\"en_US\" \/>\n<meta property=\"og:type\" content=\"article\" \/>\n<meta property=\"og:title\" content=\"Meilenstein der Rechtsgeschichte? Das neue EU-Umweltstrafrecht - Protect the Planet\" \/>\n<meta property=\"og:description\" content=\"Die Protect the Planet gGmbH unterst\u00fctzt das Webinar: \u201eMeilenstein der Rechtsgeschichte? Das neue EU-Umweltstrafrecht.\u201c\u00a0\" \/>\n<meta property=\"og:url\" content=\"https:\/\/www.protect-the-planet.de\/en\/webinar-das-neue-eu-umweltstrafrecht\/\" \/>\n<meta property=\"og:site_name\" content=\"Protect the Planet\" \/>\n<meta property=\"article:publisher\" content=\"https:\/\/www.facebook.com\/protecttheplanetDE\/\" \/>\n<meta property=\"article:published_time\" content=\"2024-04-15T08:01:58+00:00\" \/>\n<meta property=\"article:modified_time\" content=\"2024-04-15T12:32:38+00:00\" \/>\n<meta property=\"og:image\" content=\"https:\/\/www.protect-the-planet.de\/wp-content\/uploads\/2024\/04\/Webinar-Meilenstein-der-Rechtsgeschichte.jpg\" \/>\n\t<meta property=\"og:image:width\" content=\"900\" \/>\n\t<meta property=\"og:image:height\" content=\"550\" \/>\n\t<meta property=\"og:image:type\" content=\"image\/jpeg\" \/>\n<meta name=\"author\" content=\"Fenya Kirst\" \/>\n<meta name=\"twitter:card\" content=\"summary_large_image\" \/>\n<meta name=\"twitter:creator\" content=\"@PtP_de\" \/>\n<meta name=\"twitter:site\" content=\"@PtP_de\" \/>\n<meta name=\"twitter:label1\" content=\"Written by\" \/>\n\t<meta name=\"twitter:data1\" content=\"Fenya Kirst\" \/>\n\t<meta name=\"twitter:label2\" content=\"Est. reading time\" \/>\n\t<meta name=\"twitter:data2\" content=\"3 minutes\" \/>\n<script type=\"application\/ld+json\" class=\"yoast-schema-graph\">{\"@context\":\"https:\\\/\\\/schema.org\",\"@graph\":[{\"@type\":\"Article\",\"@id\":\"https:\\\/\\\/www.protect-the-planet.de\\\/en\\\/webinar-das-neue-eu-umweltstrafrecht\\\/#article\",\"isPartOf\":{\"@id\":\"https:\\\/\\\/www.protect-the-planet.de\\\/en\\\/webinar-das-neue-eu-umweltstrafrecht\\\/\"},\"author\":{\"name\":\"Fenya Kirst\",\"@id\":\"https:\\\/\\\/www.protect-the-planet.de\\\/en\\\/#\\\/schema\\\/person\\\/34a10854efaaf0bf11a3b6fbe966fcd0\"},\"headline\":\"Meilenstein der Rechtsgeschichte? Das neue EU-Umweltstrafrecht\",\"datePublished\":\"2024-04-15T08:01:58+00:00\",\"dateModified\":\"2024-04-15T12:32:38+00:00\",\"mainEntityOfPage\":{\"@id\":\"https:\\\/\\\/www.protect-the-planet.de\\\/en\\\/webinar-das-neue-eu-umweltstrafrecht\\\/\"},\"wordCount\":402,\"publisher\":{\"@id\":\"https:\\\/\\\/www.protect-the-planet.de\\\/en\\\/#organization\"},\"image\":{\"@id\":\"https:\\\/\\\/www.protect-the-planet.de\\\/en\\\/webinar-das-neue-eu-umweltstrafrecht\\\/#primaryimage\"},\"thumbnailUrl\":\"https:\\\/\\\/www.protect-the-planet.de\\\/wp-content\\\/uploads\\\/2024\\\/04\\\/Webinar-Meilenstein-der-Rechtsgeschichte.jpg\",\"keywords\":[\"EU\",\"Green Legal Impact\",\"Klimaklagen\",\"Klimaschutz\",\"Naturschutz\",\"Stop Ecocide Deutschland\",\"Strafrecht\",\"Umweltschutz\",\"Umweltstrafrecht\"],\"articleSection\":[\"News\"],\"inLanguage\":\"en-US\"},{\"@type\":\"WebPage\",\"@id\":\"https:\\\/\\\/www.protect-the-planet.de\\\/en\\\/webinar-das-neue-eu-umweltstrafrecht\\\/\",\"url\":\"https:\\\/\\\/www.protect-the-planet.de\\\/en\\\/webinar-das-neue-eu-umweltstrafrecht\\\/\",\"name\":\"Meilenstein der Rechtsgeschichte? Das neue EU-Umweltstrafrecht - Protect the Planet\",\"isPartOf\":{\"@id\":\"https:\\\/\\\/www.protect-the-planet.de\\\/en\\\/#website\"},\"primaryImageOfPage\":{\"@id\":\"https:\\\/\\\/www.protect-the-planet.de\\\/en\\\/webinar-das-neue-eu-umweltstrafrecht\\\/#primaryimage\"},\"image\":{\"@id\":\"https:\\\/\\\/www.protect-the-planet.de\\\/en\\\/webinar-das-neue-eu-umweltstrafrecht\\\/#primaryimage\"},\"thumbnailUrl\":\"https:\\\/\\\/www.protect-the-planet.de\\\/wp-content\\\/uploads\\\/2024\\\/04\\\/Webinar-Meilenstein-der-Rechtsgeschichte.jpg\",\"datePublished\":\"2024-04-15T08:01:58+00:00\",\"dateModified\":\"2024-04-15T12:32:38+00:00\",\"description\":\"Die Protect the Planet gGmbH unterst\u00fctzt das Webinar: \u201eMeilenstein der Rechtsgeschichte? Das neue EU-Umweltstrafrecht.\u201c\u00a0\",\"breadcrumb\":{\"@id\":\"https:\\\/\\\/www.protect-the-planet.de\\\/en\\\/webinar-das-neue-eu-umweltstrafrecht\\\/#breadcrumb\"},\"inLanguage\":\"en-US\",\"potentialAction\":[{\"@type\":\"ReadAction\",\"target\":[\"https:\\\/\\\/www.protect-the-planet.de\\\/en\\\/webinar-das-neue-eu-umweltstrafrecht\\\/\"]}]},{\"@type\":\"ImageObject\",\"inLanguage\":\"en-US\",\"@id\":\"https:\\\/\\\/www.protect-the-planet.de\\\/en\\\/webinar-das-neue-eu-umweltstrafrecht\\\/#primaryimage\",\"url\":\"https:\\\/\\\/www.protect-the-planet.de\\\/wp-content\\\/uploads\\\/2024\\\/04\\\/Webinar-Meilenstein-der-Rechtsgeschichte.jpg\",\"contentUrl\":\"https:\\\/\\\/www.protect-the-planet.de\\\/wp-content\\\/uploads\\\/2024\\\/04\\\/Webinar-Meilenstein-der-Rechtsgeschichte.jpg\",\"width\":900,\"height\":550,\"caption\":\"Man sieht in Nahaufnahme eine einfache goldene Waage auf einem bunt gef\u00e4rbtem Holzuntergrund, als Symbol f\u00fcr das Rechtssystem bzw. hier \\\"Umweltstrafrecht\\\".\"},{\"@type\":\"BreadcrumbList\",\"@id\":\"https:\\\/\\\/www.protect-the-planet.de\\\/en\\\/webinar-das-neue-eu-umweltstrafrecht\\\/#breadcrumb\",\"itemListElement\":[{\"@type\":\"ListItem\",\"position\":1,\"name\":\"Startseite\",\"item\":\"https:\\\/\\\/www.protect-the-planet.de\\\/en\\\/home\\\/\"},{\"@type\":\"ListItem\",\"position\":2,\"name\":\"Meilenstein der Rechtsgeschichte? Das neue EU-Umweltstrafrecht\"}]},{\"@type\":\"WebSite\",\"@id\":\"https:\\\/\\\/www.protect-the-planet.de\\\/en\\\/#website\",\"url\":\"https:\\\/\\\/www.protect-the-planet.de\\\/en\\\/\",\"name\":\"Protect the Planet\",\"description\":\"If we don&#039;t change, the climate will.\",\"publisher\":{\"@id\":\"https:\\\/\\\/www.protect-the-planet.de\\\/en\\\/#organization\"},\"alternateName\":\"Protect the Panet gGmbH\",\"potentialAction\":[{\"@type\":\"SearchAction\",\"target\":{\"@type\":\"EntryPoint\",\"urlTemplate\":\"https:\\\/\\\/www.protect-the-planet.de\\\/en\\\/?s={search_term_string}\"},\"query-input\":{\"@type\":\"PropertyValueSpecification\",\"valueRequired\":true,\"valueName\":\"search_term_string\"}}],\"inLanguage\":\"en-US\"},{\"@type\":\"Organization\",\"@id\":\"https:\\\/\\\/www.protect-the-planet.de\\\/en\\\/#organization\",\"name\":\"Protect the Planet\",\"url\":\"https:\\\/\\\/www.protect-the-planet.de\\\/en\\\/\",\"logo\":{\"@type\":\"ImageObject\",\"inLanguage\":\"en-US\",\"@id\":\"https:\\\/\\\/www.protect-the-planet.de\\\/en\\\/#\\\/schema\\\/logo\\\/image\\\/\",\"url\":\"https:\\\/\\\/www.protect-the-planet.de\\\/wp-content\\\/uploads\\\/2023\\\/09\\\/LOGO-positiv_transparent-klein.png\",\"contentUrl\":\"https:\\\/\\\/www.protect-the-planet.de\\\/wp-content\\\/uploads\\\/2023\\\/09\\\/LOGO-positiv_transparent-klein.png\",\"width\":123,\"height\":68,\"caption\":\"Protect the Planet\"},\"image\":{\"@id\":\"https:\\\/\\\/www.protect-the-planet.de\\\/en\\\/#\\\/schema\\\/logo\\\/image\\\/\"},\"sameAs\":[\"https:\\\/\\\/www.facebook.com\\\/protecttheplanetDE\\\/\",\"https:\\\/\\\/x.com\\\/PtP_de\",\"https:\\\/\\\/www.instagram.com\\\/protecttheplanetorg\\\/\",\"https:\\\/\\\/www.linkedin.com\\\/company\\\/protect-the-planet\",\"https:\\\/\\\/www.youtube.com\\\/@protecttheplanet\"]},{\"@type\":\"Person\",\"@id\":\"https:\\\/\\\/www.protect-the-planet.de\\\/en\\\/#\\\/schema\\\/person\\\/34a10854efaaf0bf11a3b6fbe966fcd0\",\"name\":\"Fenya Kirst\",\"image\":{\"@type\":\"ImageObject\",\"inLanguage\":\"en-US\",\"@id\":\"https:\\\/\\\/www.protect-the-planet.de\\\/wp-content\\\/uploads\\\/2024\\\/03\\\/cropped-2310_ProtectThePlanet_Portraet-Fenya-quadr-scaled-1-96x96.jpg\",\"url\":\"https:\\\/\\\/www.protect-the-planet.de\\\/wp-content\\\/uploads\\\/2024\\\/03\\\/cropped-2310_ProtectThePlanet_Portraet-Fenya-quadr-scaled-1-96x96.jpg\",\"contentUrl\":\"https:\\\/\\\/www.protect-the-planet.de\\\/wp-content\\\/uploads\\\/2024\\\/03\\\/cropped-2310_ProtectThePlanet_Portraet-Fenya-quadr-scaled-1-96x96.jpg\",\"caption\":\"Fenya Kirst\"},\"description\":\"fenya.kirst@protect-the-planet.de +49 162 9085805\",\"url\":\"https:\\\/\\\/www.protect-the-planet.de\\\/en\\\/author\\\/fenya-kirst\\\/\"}]}<\/script>\n<!-- \/ Yoast SEO plugin. -->","yoast_head_json":{"title":"Meilenstein der Rechtsgeschichte? Das neue EU-Umweltstrafrecht - Protect the Planet","description":"Die Protect the Planet gGmbH unterst\u00fctzt das Webinar: \u201eMeilenstein der Rechtsgeschichte? Das neue EU-Umweltstrafrecht.\u201c\u00a0","robots":{"index":"index","follow":"follow","max-snippet":"max-snippet:-1","max-image-preview":"max-image-preview:large","max-video-preview":"max-video-preview:-1"},"canonical":"https:\/\/www.protect-the-planet.de\/en\/webinar-das-neue-eu-umweltstrafrecht\/","og_locale":"en_US","og_type":"article","og_title":"Meilenstein der Rechtsgeschichte? Das neue EU-Umweltstrafrecht - Protect the Planet","og_description":"Die Protect the Planet gGmbH unterst\u00fctzt das Webinar: \u201eMeilenstein der Rechtsgeschichte? Das neue EU-Umweltstrafrecht.\u201c\u00a0","og_url":"https:\/\/www.protect-the-planet.de\/en\/webinar-das-neue-eu-umweltstrafrecht\/","og_site_name":"Protect the Planet","article_publisher":"https:\/\/www.facebook.com\/protecttheplanetDE\/","article_published_time":"2024-04-15T08:01:58+00:00","article_modified_time":"2024-04-15T12:32:38+00:00","og_image":[{"width":900,"height":550,"url":"https:\/\/www.protect-the-planet.de\/wp-content\/uploads\/2024\/04\/Webinar-Meilenstein-der-Rechtsgeschichte.jpg","type":"image\/jpeg"}],"author":"Fenya Kirst","twitter_card":"summary_large_image","twitter_creator":"@PtP_de","twitter_site":"@PtP_de","twitter_misc":{"Written by":"Fenya Kirst","Est. reading time":"3 minutes"},"schema":{"@context":"https:\/\/schema.org","@graph":[{"@type":"Article","@id":"https:\/\/www.protect-the-planet.de\/en\/webinar-das-neue-eu-umweltstrafrecht\/#article","isPartOf":{"@id":"https:\/\/www.protect-the-planet.de\/en\/webinar-das-neue-eu-umweltstrafrecht\/"},"author":{"name":"Fenya Kirst","@id":"https:\/\/www.protect-the-planet.de\/en\/#\/schema\/person\/34a10854efaaf0bf11a3b6fbe966fcd0"},"headline":"Meilenstein der Rechtsgeschichte? Das neue EU-Umweltstrafrecht","datePublished":"2024-04-15T08:01:58+00:00","dateModified":"2024-04-15T12:32:38+00:00","mainEntityOfPage":{"@id":"https:\/\/www.protect-the-planet.de\/en\/webinar-das-neue-eu-umweltstrafrecht\/"},"wordCount":402,"publisher":{"@id":"https:\/\/www.protect-the-planet.de\/en\/#organization"},"image":{"@id":"https:\/\/www.protect-the-planet.de\/en\/webinar-das-neue-eu-umweltstrafrecht\/#primaryimage"},"thumbnailUrl":"https:\/\/www.protect-the-planet.de\/wp-content\/uploads\/2024\/04\/Webinar-Meilenstein-der-Rechtsgeschichte.jpg","keywords":["EU","Green Legal Impact","Klimaklagen","Klimaschutz","Naturschutz","Stop Ecocide Deutschland","Strafrecht","Umweltschutz","Umweltstrafrecht"],"articleSection":["News"],"inLanguage":"en-US"},{"@type":"WebPage","@id":"https:\/\/www.protect-the-planet.de\/en\/webinar-das-neue-eu-umweltstrafrecht\/","url":"https:\/\/www.protect-the-planet.de\/en\/webinar-das-neue-eu-umweltstrafrecht\/","name":"Meilenstein der Rechtsgeschichte? Das neue EU-Umweltstrafrecht - Protect the Planet","isPartOf":{"@id":"https:\/\/www.protect-the-planet.de\/en\/#website"},"primaryImageOfPage":{"@id":"https:\/\/www.protect-the-planet.de\/en\/webinar-das-neue-eu-umweltstrafrecht\/#primaryimage"},"image":{"@id":"https:\/\/www.protect-the-planet.de\/en\/webinar-das-neue-eu-umweltstrafrecht\/#primaryimage"},"thumbnailUrl":"https:\/\/www.protect-the-planet.de\/wp-content\/uploads\/2024\/04\/Webinar-Meilenstein-der-Rechtsgeschichte.jpg","datePublished":"2024-04-15T08:01:58+00:00","dateModified":"2024-04-15T12:32:38+00:00","description":"Die Protect the Planet gGmbH unterst\u00fctzt das Webinar: \u201eMeilenstein der Rechtsgeschichte? Das neue EU-Umweltstrafrecht.\u201c\u00a0","breadcrumb":{"@id":"https:\/\/www.protect-the-planet.de\/en\/webinar-das-neue-eu-umweltstrafrecht\/#breadcrumb"},"inLanguage":"en-US","potentialAction":[{"@type":"ReadAction","target":["https:\/\/www.protect-the-planet.de\/en\/webinar-das-neue-eu-umweltstrafrecht\/"]}]},{"@type":"ImageObject","inLanguage":"en-US","@id":"https:\/\/www.protect-the-planet.de\/en\/webinar-das-neue-eu-umweltstrafrecht\/#primaryimage","url":"https:\/\/www.protect-the-planet.de\/wp-content\/uploads\/2024\/04\/Webinar-Meilenstein-der-Rechtsgeschichte.jpg","contentUrl":"https:\/\/www.protect-the-planet.de\/wp-content\/uploads\/2024\/04\/Webinar-Meilenstein-der-Rechtsgeschichte.jpg","width":900,"height":550,"caption":"Man sieht in Nahaufnahme eine einfache goldene Waage auf einem bunt gef\u00e4rbtem Holzuntergrund, als Symbol f\u00fcr das Rechtssystem bzw. hier \"Umweltstrafrecht\"."},{"@type":"BreadcrumbList","@id":"https:\/\/www.protect-the-planet.de\/en\/webinar-das-neue-eu-umweltstrafrecht\/#breadcrumb","itemListElement":[{"@type":"ListItem","position":1,"name":"Startseite","item":"https:\/\/www.protect-the-planet.de\/en\/home\/"},{"@type":"ListItem","position":2,"name":"Meilenstein der Rechtsgeschichte? Das neue EU-Umweltstrafrecht"}]},{"@type":"WebSite","@id":"https:\/\/www.protect-the-planet.de\/en\/#website","url":"https:\/\/www.protect-the-planet.de\/en\/","name":"Protect the Planet","description":"If we don&#039;t change, the climate will.","publisher":{"@id":"https:\/\/www.protect-the-planet.de\/en\/#organization"},"alternateName":"Protect the Panet gGmbH","potentialAction":[{"@type":"SearchAction","target":{"@type":"EntryPoint","urlTemplate":"https:\/\/www.protect-the-planet.de\/en\/?s={search_term_string}"},"query-input":{"@type":"PropertyValueSpecification","valueRequired":true,"valueName":"search_term_string"}}],"inLanguage":"en-US"},{"@type":"Organization","@id":"https:\/\/www.protect-the-planet.de\/en\/#organization","name":"Protect the Planet","url":"https:\/\/www.protect-the-planet.de\/en\/","logo":{"@type":"ImageObject","inLanguage":"en-US","@id":"https:\/\/www.protect-the-planet.de\/en\/#\/schema\/logo\/image\/","url":"https:\/\/www.protect-the-planet.de\/wp-content\/uploads\/2023\/09\/LOGO-positiv_transparent-klein.png","contentUrl":"https:\/\/www.protect-the-planet.de\/wp-content\/uploads\/2023\/09\/LOGO-positiv_transparent-klein.png","width":123,"height":68,"caption":"Protect the Planet"},"image":{"@id":"https:\/\/www.protect-the-planet.de\/en\/#\/schema\/logo\/image\/"},"sameAs":["https:\/\/www.facebook.com\/protecttheplanetDE\/","https:\/\/x.com\/PtP_de","https:\/\/www.instagram.com\/protecttheplanetorg\/","https:\/\/www.linkedin.com\/company\/protect-the-planet","https:\/\/www.youtube.com\/@protecttheplanet"]},{"@type":"Person","@id":"https:\/\/www.protect-the-planet.de\/en\/#\/schema\/person\/34a10854efaaf0bf11a3b6fbe966fcd0","name":"Fenya Kirst","image":{"@type":"ImageObject","inLanguage":"en-US","@id":"https:\/\/www.protect-the-planet.de\/wp-content\/uploads\/2024\/03\/cropped-2310_ProtectThePlanet_Portraet-Fenya-quadr-scaled-1-96x96.jpg","url":"https:\/\/www.protect-the-planet.de\/wp-content\/uploads\/2024\/03\/cropped-2310_ProtectThePlanet_Portraet-Fenya-quadr-scaled-1-96x96.jpg","contentUrl":"https:\/\/www.protect-the-planet.de\/wp-content\/uploads\/2024\/03\/cropped-2310_ProtectThePlanet_Portraet-Fenya-quadr-scaled-1-96x96.jpg","caption":"Fenya Kirst"},"description":"fenya.kirst@protect-the-planet.de +49 162 9085805","url":"https:\/\/www.protect-the-planet.de\/en\/author\/fenya-kirst\/"}]}},"_links":{"self":[{"href":"https:\/\/www.protect-the-planet.de\/en\/wp-json\/wp\/v2\/posts\/26309","targetHints":{"allow":["GET"]}}],"collection":[{"href":"https:\/\/www.protect-the-planet.de\/en\/wp-json\/wp\/v2\/posts"}],"about":[{"href":"https:\/\/www.protect-the-planet.de\/en\/wp-json\/wp\/v2\/types\/post"}],"author":[{"embeddable":true,"href":"https:\/\/www.protect-the-planet.de\/en\/wp-json\/wp\/v2\/users\/6"}],"replies":[{"embeddable":true,"href":"https:\/\/www.protect-the-planet.de\/en\/wp-json\/wp\/v2\/comments?post=26309"}],"version-history":[{"count":0,"href":"https:\/\/www.protect-the-planet.de\/en\/wp-json\/wp\/v2\/posts\/26309\/revisions"}],"wp:featuredmedia":[{"embeddable":true,"href":"https:\/\/www.protect-the-planet.de\/en\/wp-json\/wp\/v2\/media\/26083"}],"wp:attachment":[{"href":"https:\/\/www.protect-the-planet.de\/en\/wp-json\/wp\/v2\/media?parent=26309"}],"wp:term":[{"taxonomy":"category","embeddable":true,"href":"https:\/\/www.protect-the-planet.de\/en\/wp-json\/wp\/v2\/categories?post=26309"},{"taxonomy":"post_tag","embeddable":true,"href":"https:\/\/www.protect-the-planet.de\/en\/wp-json\/wp\/v2\/tags?post=26309"}],"curies":[{"name":"wp","href":"https:\/\/api.w.org\/{rel}","templated":true}]}}