{"id":26162,"date":"2024-04-10T11:20:44","date_gmt":"2024-04-10T09:20:44","guid":{"rendered":"https:\/\/www.protect-the-planet.de\/?p=26162"},"modified":"2024-08-28T18:49:01","modified_gmt":"2024-08-28T16:49:01","slug":"neu-im-team-thelma-lescoeur-als-praktikantin-bei-protect-the-planet","status":"publish","type":"post","link":"https:\/\/www.protect-the-planet.de\/en\/neu-im-team-thelma-lescoeur-als-praktikantin-bei-protect-the-planet\/","title":{"rendered":"Neu im Team: Thelma Lescoeur als Praktikantin bei Protect the Planet"},"content":{"rendered":"\t\t<div data-elementor-type=\"wp-post\" data-elementor-id=\"26162\" class=\"elementor elementor-26162 elementor-26161\" data-elementor-post-type=\"post\">\n\t\t\t\t<div class=\"elementor-element elementor-element-6f7ba5a5 e-flex e-con-boxed e-con e-parent\" data-id=\"6f7ba5a5\" data-element_type=\"container\" data-e-type=\"container\">\n\t\t\t\t\t<div class=\"e-con-inner\">\n\t\t\t\t<div class=\"elementor-element elementor-element-368c5612 elementor-widget elementor-widget-text-editor\" data-id=\"368c5612\" data-element_type=\"widget\" data-e-type=\"widget\" data-widget_type=\"text-editor.default\">\n\t\t\t\t<div class=\"elementor-widget-container\">\n\t\t\t\t\t\t\t\t\t<div class=\"elementor-element elementor-element-61f0461 e-flex e-con-boxed e-con e-parent\" data-id=\"61f0461\" data-element_type=\"container\" data-core-v316-plus=\"true\"><div class=\"e-con-inner\"><div class=\"elementor-element elementor-element-5577457d elementor-widget elementor-widget-text-editor\" data-id=\"5577457d\" data-element_type=\"widget\" data-widget_type=\"text-editor.default\"><div class=\"elementor-widget-container\"><div class=\"TypographyPresentation TypographyPresentation--m RichText3-paragraph--withVSpacingNormal RichText3-paragraph\">Von Anfang April bis Ende Juli ist unser Protect the Planet-Team um eine Person gewachsen: Wir freuen uns sehr, dass Thelma Lescoeur bei uns ihr Praktikum absolviert.<\/div><div>\u00a0<\/div><div class=\"TypographyPresentation TypographyPresentation--m RichText3-paragraph--withVSpacingNormal RichText3-paragraph\">Mit einem Hintergrund in europ\u00e4ischen Politikwissenschaften und einer 10-monatigen Erfahrung bei &#8220;<a href=\"https:\/\/fresqueduclimat.org\/\">La Fresque du Climat<\/a>&#8221; (Das Klimapuzzle) in Paris, entwickelte Thelma ihre Marketing- und Eventmanagementf\u00e4higkeiten. Als Moderatorin des Klimapuzzles konnte sie au\u00dferdem zur Verbreitung des Klima-Bewusstseins beitragen \u2013 etwas, das ihr sehr am Herzen liegt.<\/div><div>\u00a0<\/div><div class=\"TypographyPresentation TypographyPresentation--m RichText3-paragraph--withVSpacingNormal RichText3-paragraph\">Thelmas Leidenschaft f\u00fcr Zugreisen und ihr Talent, k\u00f6stliche vegetarische Rezepte zu kochen, spiegeln ihr Engagement f\u00fcr eine nachhaltige Lebensweise wider. Ihre Freude an der Organisation von Veranstaltungen und ihr Wunsch, Kreativit\u00e4t in ihre Arbeit einflie\u00dfen zu lassen, sind Aspekte, die sie ebenfalls mitbringt. Sie hat in Dublin, Madrid, Lille, Paris und in M\u00fcnchen gelebt und wird unser Team mit ihren vielf\u00e4ltigen Erfahrungen bereichern \u2013 auch im Hinblick auf diverse Sprachen, die sie spricht.<\/div><div>\u00a0<\/div><div class=\"TypographyPresentation TypographyPresentation--m RichText3-paragraph--withVSpacingNormal RichText3-paragraph\">Herzlich Willkommen im Team!<\/div><\/div><\/div><\/div><\/div>\t\t\t\t\t\t\t\t<\/div>\n\t\t\t\t<\/div>\n\t\t\t\t\t<\/div>\n\t\t\t\t<\/div>\n\t\t\t\t<\/div>\n\t\t","protected":false},"excerpt":{"rendered":"<p>Von Anfang April bis Ende Juli ist unser Protect the Planet-Team um eine Person gewachsen: Wir freuen uns sehr, dass Thelma Lescoeur bei uns ihr Praktikum absolviert.<\/p>\n","protected":false},"author":3,"featured_media":26166,"comment_status":"closed","ping_status":"closed","sticky":false,"template":"","format":"standard","meta":{"footnotes":""},"categories":[729],"tags":[1233,1234,860,1235],"class_list":["post-26162","post","type-post","status-publish","format-standard","has-post-thumbnail","hentry","category-news","tag-klimapuzzle-en","tag-praktikum-en","tag-team-en","tag-willkommen-en"],"yoast_head":"<!-- This site is optimized with the Yoast SEO plugin v27.5 - https:\/\/yoast.com\/product\/yoast-seo-wordpress\/ -->\n<title>Neu im Team: Thelma Lescoeur als Praktikantin bei Protect the Planet - Protect the Planet<\/title>\n<meta name=\"description\" content=\"Von April bis Juli ist unser Team um eine Person gewachsen: Wir freuen uns sehr, dass Thelma Lescoeur bei uns ihr Praktikum absolviert.\" \/>\n<meta name=\"robots\" content=\"index, follow, max-snippet:-1, max-image-preview:large, max-video-preview:-1\" \/>\n<link rel=\"canonical\" href=\"https:\/\/www.protect-the-planet.de\/en\/neu-im-team-thelma-lescoeur-als-praktikantin-bei-protect-the-planet\/\" \/>\n<meta property=\"og:locale\" content=\"en_US\" \/>\n<meta property=\"og:type\" content=\"article\" \/>\n<meta property=\"og:title\" content=\"Neu im Team: Thelma Lescoeur als Praktikantin bei Protect the Planet - Protect the Planet\" \/>\n<meta property=\"og:description\" content=\"Von April bis Juli ist unser Team um eine Person gewachsen: Wir freuen uns sehr, dass Thelma Lescoeur bei uns ihr Praktikum absolviert.\" \/>\n<meta property=\"og:url\" content=\"https:\/\/www.protect-the-planet.de\/en\/neu-im-team-thelma-lescoeur-als-praktikantin-bei-protect-the-planet\/\" \/>\n<meta property=\"og:site_name\" content=\"Protect the Planet\" \/>\n<meta property=\"article:publisher\" content=\"https:\/\/www.facebook.com\/protecttheplanetDE\/\" \/>\n<meta property=\"article:published_time\" content=\"2024-04-10T09:20:44+00:00\" \/>\n<meta property=\"article:modified_time\" content=\"2024-08-28T16:49:01+00:00\" \/>\n<meta property=\"og:image\" content=\"https:\/\/www.protect-the-planet.de\/wp-content\/uploads\/2024\/04\/2024-04-10-thelma-praktikum.jpg\" \/>\n\t<meta property=\"og:image:width\" content=\"900\" \/>\n\t<meta property=\"og:image:height\" content=\"550\" \/>\n\t<meta property=\"og:image:type\" content=\"image\/jpeg\" \/>\n<meta name=\"author\" content=\"Fenja Jacobs\" \/>\n<meta name=\"twitter:card\" content=\"summary_large_image\" \/>\n<meta name=\"twitter:creator\" content=\"@PtP_de\" \/>\n<meta name=\"twitter:site\" content=\"@PtP_de\" \/>\n<meta name=\"twitter:label1\" content=\"Written by\" \/>\n\t<meta name=\"twitter:data1\" content=\"Fenja Jacobs\" \/>\n\t<meta name=\"twitter:label2\" content=\"Est. reading time\" \/>\n\t<meta name=\"twitter:data2\" content=\"2 minutes\" \/>\n<script type=\"application\/ld+json\" class=\"yoast-schema-graph\">{\"@context\":\"https:\\\/\\\/schema.org\",\"@graph\":[{\"@type\":\"Article\",\"@id\":\"https:\\\/\\\/www.protect-the-planet.de\\\/en\\\/neu-im-team-thelma-lescoeur-als-praktikantin-bei-protect-the-planet\\\/#article\",\"isPartOf\":{\"@id\":\"https:\\\/\\\/www.protect-the-planet.de\\\/en\\\/neu-im-team-thelma-lescoeur-als-praktikantin-bei-protect-the-planet\\\/\"},\"author\":{\"name\":\"Fenja Jacobs\",\"@id\":\"https:\\\/\\\/www.protect-the-planet.de\\\/en\\\/#\\\/schema\\\/person\\\/c843c153d0dd33ec584996931e438bce\"},\"headline\":\"Neu im Team: Thelma Lescoeur als Praktikantin bei Protect the Planet\",\"datePublished\":\"2024-04-10T09:20:44+00:00\",\"dateModified\":\"2024-08-28T16:49:01+00:00\",\"mainEntityOfPage\":{\"@id\":\"https:\\\/\\\/www.protect-the-planet.de\\\/en\\\/neu-im-team-thelma-lescoeur-als-praktikantin-bei-protect-the-planet\\\/\"},\"wordCount\":168,\"publisher\":{\"@id\":\"https:\\\/\\\/www.protect-the-planet.de\\\/en\\\/#organization\"},\"image\":{\"@id\":\"https:\\\/\\\/www.protect-the-planet.de\\\/en\\\/neu-im-team-thelma-lescoeur-als-praktikantin-bei-protect-the-planet\\\/#primaryimage\"},\"thumbnailUrl\":\"https:\\\/\\\/www.protect-the-planet.de\\\/wp-content\\\/uploads\\\/2024\\\/04\\\/2024-04-10-thelma-praktikum.jpg\",\"keywords\":[\"klimapuzzle\",\"praktikum\",\"team\",\"willkommen\"],\"articleSection\":[\"News\"],\"inLanguage\":\"en-US\"},{\"@type\":\"WebPage\",\"@id\":\"https:\\\/\\\/www.protect-the-planet.de\\\/en\\\/neu-im-team-thelma-lescoeur-als-praktikantin-bei-protect-the-planet\\\/\",\"url\":\"https:\\\/\\\/www.protect-the-planet.de\\\/en\\\/neu-im-team-thelma-lescoeur-als-praktikantin-bei-protect-the-planet\\\/\",\"name\":\"Neu im Team: Thelma Lescoeur als Praktikantin bei Protect the Planet - Protect the Planet\",\"isPartOf\":{\"@id\":\"https:\\\/\\\/www.protect-the-planet.de\\\/en\\\/#website\"},\"primaryImageOfPage\":{\"@id\":\"https:\\\/\\\/www.protect-the-planet.de\\\/en\\\/neu-im-team-thelma-lescoeur-als-praktikantin-bei-protect-the-planet\\\/#primaryimage\"},\"image\":{\"@id\":\"https:\\\/\\\/www.protect-the-planet.de\\\/en\\\/neu-im-team-thelma-lescoeur-als-praktikantin-bei-protect-the-planet\\\/#primaryimage\"},\"thumbnailUrl\":\"https:\\\/\\\/www.protect-the-planet.de\\\/wp-content\\\/uploads\\\/2024\\\/04\\\/2024-04-10-thelma-praktikum.jpg\",\"datePublished\":\"2024-04-10T09:20:44+00:00\",\"dateModified\":\"2024-08-28T16:49:01+00:00\",\"description\":\"Von April bis Juli ist unser Team um eine Person gewachsen: Wir freuen uns sehr, dass Thelma Lescoeur bei uns ihr Praktikum absolviert.\",\"breadcrumb\":{\"@id\":\"https:\\\/\\\/www.protect-the-planet.de\\\/en\\\/neu-im-team-thelma-lescoeur-als-praktikantin-bei-protect-the-planet\\\/#breadcrumb\"},\"inLanguage\":\"en-US\",\"potentialAction\":[{\"@type\":\"ReadAction\",\"target\":[\"https:\\\/\\\/www.protect-the-planet.de\\\/en\\\/neu-im-team-thelma-lescoeur-als-praktikantin-bei-protect-the-planet\\\/\"]}]},{\"@type\":\"ImageObject\",\"inLanguage\":\"en-US\",\"@id\":\"https:\\\/\\\/www.protect-the-planet.de\\\/en\\\/neu-im-team-thelma-lescoeur-als-praktikantin-bei-protect-the-planet\\\/#primaryimage\",\"url\":\"https:\\\/\\\/www.protect-the-planet.de\\\/wp-content\\\/uploads\\\/2024\\\/04\\\/2024-04-10-thelma-praktikum.jpg\",\"contentUrl\":\"https:\\\/\\\/www.protect-the-planet.de\\\/wp-content\\\/uploads\\\/2024\\\/04\\\/2024-04-10-thelma-praktikum.jpg\",\"width\":900,\"height\":550,\"caption\":\"xr:d:DAGAsPJSOlA:19,j:1482108691101602513,t:24041008\"},{\"@type\":\"BreadcrumbList\",\"@id\":\"https:\\\/\\\/www.protect-the-planet.de\\\/en\\\/neu-im-team-thelma-lescoeur-als-praktikantin-bei-protect-the-planet\\\/#breadcrumb\",\"itemListElement\":[{\"@type\":\"ListItem\",\"position\":1,\"name\":\"Startseite\",\"item\":\"https:\\\/\\\/www.protect-the-planet.de\\\/en\\\/home\\\/\"},{\"@type\":\"ListItem\",\"position\":2,\"name\":\"Neu im Team: Thelma Lescoeur als Praktikantin bei Protect the Planet\"}]},{\"@type\":\"WebSite\",\"@id\":\"https:\\\/\\\/www.protect-the-planet.de\\\/en\\\/#website\",\"url\":\"https:\\\/\\\/www.protect-the-planet.de\\\/en\\\/\",\"name\":\"Protect the Planet\",\"description\":\"If we don&#039;t change, the climate will.\",\"publisher\":{\"@id\":\"https:\\\/\\\/www.protect-the-planet.de\\\/en\\\/#organization\"},\"alternateName\":\"Protect the Panet gGmbH\",\"potentialAction\":[{\"@type\":\"SearchAction\",\"target\":{\"@type\":\"EntryPoint\",\"urlTemplate\":\"https:\\\/\\\/www.protect-the-planet.de\\\/en\\\/?s={search_term_string}\"},\"query-input\":{\"@type\":\"PropertyValueSpecification\",\"valueRequired\":true,\"valueName\":\"search_term_string\"}}],\"inLanguage\":\"en-US\"},{\"@type\":\"Organization\",\"@id\":\"https:\\\/\\\/www.protect-the-planet.de\\\/en\\\/#organization\",\"name\":\"Protect the Planet\",\"url\":\"https:\\\/\\\/www.protect-the-planet.de\\\/en\\\/\",\"logo\":{\"@type\":\"ImageObject\",\"inLanguage\":\"en-US\",\"@id\":\"https:\\\/\\\/www.protect-the-planet.de\\\/en\\\/#\\\/schema\\\/logo\\\/image\\\/\",\"url\":\"https:\\\/\\\/www.protect-the-planet.de\\\/wp-content\\\/uploads\\\/2023\\\/09\\\/LOGO-positiv_transparent-klein.png\",\"contentUrl\":\"https:\\\/\\\/www.protect-the-planet.de\\\/wp-content\\\/uploads\\\/2023\\\/09\\\/LOGO-positiv_transparent-klein.png\",\"width\":123,\"height\":68,\"caption\":\"Protect the Planet\"},\"image\":{\"@id\":\"https:\\\/\\\/www.protect-the-planet.de\\\/en\\\/#\\\/schema\\\/logo\\\/image\\\/\"},\"sameAs\":[\"https:\\\/\\\/www.facebook.com\\\/protecttheplanetDE\\\/\",\"https:\\\/\\\/x.com\\\/PtP_de\",\"https:\\\/\\\/www.instagram.com\\\/protecttheplanetorg\\\/\",\"https:\\\/\\\/www.linkedin.com\\\/company\\\/protect-the-planet\",\"https:\\\/\\\/www.youtube.com\\\/@protecttheplanet\"]},{\"@type\":\"Person\",\"@id\":\"https:\\\/\\\/www.protect-the-planet.de\\\/en\\\/#\\\/schema\\\/person\\\/c843c153d0dd33ec584996931e438bce\",\"name\":\"Fenja Jacobs\",\"image\":{\"@type\":\"ImageObject\",\"inLanguage\":\"en-US\",\"@id\":\"https:\\\/\\\/secure.gravatar.com\\\/avatar\\\/1319de9aaea70b6c6ed807392ef95d6582ceaf98cca9de0a0022ba8e0d3a7fc3?s=96&d=mm&r=g\",\"url\":\"https:\\\/\\\/secure.gravatar.com\\\/avatar\\\/1319de9aaea70b6c6ed807392ef95d6582ceaf98cca9de0a0022ba8e0d3a7fc3?s=96&d=mm&r=g\",\"contentUrl\":\"https:\\\/\\\/secure.gravatar.com\\\/avatar\\\/1319de9aaea70b6c6ed807392ef95d6582ceaf98cca9de0a0022ba8e0d3a7fc3?s=96&d=mm&r=g\",\"caption\":\"Fenja Jacobs\"},\"url\":\"https:\\\/\\\/www.protect-the-planet.de\\\/en\\\/author\\\/fenja-jacobs\\\/\"}]}<\/script>\n<!-- \/ Yoast SEO plugin. -->","yoast_head_json":{"title":"Neu im Team: Thelma Lescoeur als Praktikantin bei Protect the Planet - Protect the Planet","description":"Von April bis Juli ist unser Team um eine Person gewachsen: Wir freuen uns sehr, dass Thelma Lescoeur bei uns ihr Praktikum absolviert.","robots":{"index":"index","follow":"follow","max-snippet":"max-snippet:-1","max-image-preview":"max-image-preview:large","max-video-preview":"max-video-preview:-1"},"canonical":"https:\/\/www.protect-the-planet.de\/en\/neu-im-team-thelma-lescoeur-als-praktikantin-bei-protect-the-planet\/","og_locale":"en_US","og_type":"article","og_title":"Neu im Team: Thelma Lescoeur als Praktikantin bei Protect the Planet - Protect the Planet","og_description":"Von April bis Juli ist unser Team um eine Person gewachsen: Wir freuen uns sehr, dass Thelma Lescoeur bei uns ihr Praktikum absolviert.","og_url":"https:\/\/www.protect-the-planet.de\/en\/neu-im-team-thelma-lescoeur-als-praktikantin-bei-protect-the-planet\/","og_site_name":"Protect the Planet","article_publisher":"https:\/\/www.facebook.com\/protecttheplanetDE\/","article_published_time":"2024-04-10T09:20:44+00:00","article_modified_time":"2024-08-28T16:49:01+00:00","og_image":[{"width":900,"height":550,"url":"https:\/\/www.protect-the-planet.de\/wp-content\/uploads\/2024\/04\/2024-04-10-thelma-praktikum.jpg","type":"image\/jpeg"}],"author":"Fenja Jacobs","twitter_card":"summary_large_image","twitter_creator":"@PtP_de","twitter_site":"@PtP_de","twitter_misc":{"Written by":"Fenja Jacobs","Est. reading time":"2 minutes"},"schema":{"@context":"https:\/\/schema.org","@graph":[{"@type":"Article","@id":"https:\/\/www.protect-the-planet.de\/en\/neu-im-team-thelma-lescoeur-als-praktikantin-bei-protect-the-planet\/#article","isPartOf":{"@id":"https:\/\/www.protect-the-planet.de\/en\/neu-im-team-thelma-lescoeur-als-praktikantin-bei-protect-the-planet\/"},"author":{"name":"Fenja Jacobs","@id":"https:\/\/www.protect-the-planet.de\/en\/#\/schema\/person\/c843c153d0dd33ec584996931e438bce"},"headline":"Neu im Team: Thelma Lescoeur als Praktikantin bei Protect the Planet","datePublished":"2024-04-10T09:20:44+00:00","dateModified":"2024-08-28T16:49:01+00:00","mainEntityOfPage":{"@id":"https:\/\/www.protect-the-planet.de\/en\/neu-im-team-thelma-lescoeur-als-praktikantin-bei-protect-the-planet\/"},"wordCount":168,"publisher":{"@id":"https:\/\/www.protect-the-planet.de\/en\/#organization"},"image":{"@id":"https:\/\/www.protect-the-planet.de\/en\/neu-im-team-thelma-lescoeur-als-praktikantin-bei-protect-the-planet\/#primaryimage"},"thumbnailUrl":"https:\/\/www.protect-the-planet.de\/wp-content\/uploads\/2024\/04\/2024-04-10-thelma-praktikum.jpg","keywords":["klimapuzzle","praktikum","team","willkommen"],"articleSection":["News"],"inLanguage":"en-US"},{"@type":"WebPage","@id":"https:\/\/www.protect-the-planet.de\/en\/neu-im-team-thelma-lescoeur-als-praktikantin-bei-protect-the-planet\/","url":"https:\/\/www.protect-the-planet.de\/en\/neu-im-team-thelma-lescoeur-als-praktikantin-bei-protect-the-planet\/","name":"Neu im Team: Thelma Lescoeur als Praktikantin bei Protect the Planet - Protect the Planet","isPartOf":{"@id":"https:\/\/www.protect-the-planet.de\/en\/#website"},"primaryImageOfPage":{"@id":"https:\/\/www.protect-the-planet.de\/en\/neu-im-team-thelma-lescoeur-als-praktikantin-bei-protect-the-planet\/#primaryimage"},"image":{"@id":"https:\/\/www.protect-the-planet.de\/en\/neu-im-team-thelma-lescoeur-als-praktikantin-bei-protect-the-planet\/#primaryimage"},"thumbnailUrl":"https:\/\/www.protect-the-planet.de\/wp-content\/uploads\/2024\/04\/2024-04-10-thelma-praktikum.jpg","datePublished":"2024-04-10T09:20:44+00:00","dateModified":"2024-08-28T16:49:01+00:00","description":"Von April bis Juli ist unser Team um eine Person gewachsen: Wir freuen uns sehr, dass Thelma Lescoeur bei uns ihr Praktikum absolviert.","breadcrumb":{"@id":"https:\/\/www.protect-the-planet.de\/en\/neu-im-team-thelma-lescoeur-als-praktikantin-bei-protect-the-planet\/#breadcrumb"},"inLanguage":"en-US","potentialAction":[{"@type":"ReadAction","target":["https:\/\/www.protect-the-planet.de\/en\/neu-im-team-thelma-lescoeur-als-praktikantin-bei-protect-the-planet\/"]}]},{"@type":"ImageObject","inLanguage":"en-US","@id":"https:\/\/www.protect-the-planet.de\/en\/neu-im-team-thelma-lescoeur-als-praktikantin-bei-protect-the-planet\/#primaryimage","url":"https:\/\/www.protect-the-planet.de\/wp-content\/uploads\/2024\/04\/2024-04-10-thelma-praktikum.jpg","contentUrl":"https:\/\/www.protect-the-planet.de\/wp-content\/uploads\/2024\/04\/2024-04-10-thelma-praktikum.jpg","width":900,"height":550,"caption":"xr:d:DAGAsPJSOlA:19,j:1482108691101602513,t:24041008"},{"@type":"BreadcrumbList","@id":"https:\/\/www.protect-the-planet.de\/en\/neu-im-team-thelma-lescoeur-als-praktikantin-bei-protect-the-planet\/#breadcrumb","itemListElement":[{"@type":"ListItem","position":1,"name":"Startseite","item":"https:\/\/www.protect-the-planet.de\/en\/home\/"},{"@type":"ListItem","position":2,"name":"Neu im Team: Thelma Lescoeur als Praktikantin bei Protect the Planet"}]},{"@type":"WebSite","@id":"https:\/\/www.protect-the-planet.de\/en\/#website","url":"https:\/\/www.protect-the-planet.de\/en\/","name":"Protect the Planet","description":"If we don&#039;t change, the climate will.","publisher":{"@id":"https:\/\/www.protect-the-planet.de\/en\/#organization"},"alternateName":"Protect the Panet gGmbH","potentialAction":[{"@type":"SearchAction","target":{"@type":"EntryPoint","urlTemplate":"https:\/\/www.protect-the-planet.de\/en\/?s={search_term_string}"},"query-input":{"@type":"PropertyValueSpecification","valueRequired":true,"valueName":"search_term_string"}}],"inLanguage":"en-US"},{"@type":"Organization","@id":"https:\/\/www.protect-the-planet.de\/en\/#organization","name":"Protect the Planet","url":"https:\/\/www.protect-the-planet.de\/en\/","logo":{"@type":"ImageObject","inLanguage":"en-US","@id":"https:\/\/www.protect-the-planet.de\/en\/#\/schema\/logo\/image\/","url":"https:\/\/www.protect-the-planet.de\/wp-content\/uploads\/2023\/09\/LOGO-positiv_transparent-klein.png","contentUrl":"https:\/\/www.protect-the-planet.de\/wp-content\/uploads\/2023\/09\/LOGO-positiv_transparent-klein.png","width":123,"height":68,"caption":"Protect the Planet"},"image":{"@id":"https:\/\/www.protect-the-planet.de\/en\/#\/schema\/logo\/image\/"},"sameAs":["https:\/\/www.facebook.com\/protecttheplanetDE\/","https:\/\/x.com\/PtP_de","https:\/\/www.instagram.com\/protecttheplanetorg\/","https:\/\/www.linkedin.com\/company\/protect-the-planet","https:\/\/www.youtube.com\/@protecttheplanet"]},{"@type":"Person","@id":"https:\/\/www.protect-the-planet.de\/en\/#\/schema\/person\/c843c153d0dd33ec584996931e438bce","name":"Fenja Jacobs","image":{"@type":"ImageObject","inLanguage":"en-US","@id":"https:\/\/secure.gravatar.com\/avatar\/1319de9aaea70b6c6ed807392ef95d6582ceaf98cca9de0a0022ba8e0d3a7fc3?s=96&d=mm&r=g","url":"https:\/\/secure.gravatar.com\/avatar\/1319de9aaea70b6c6ed807392ef95d6582ceaf98cca9de0a0022ba8e0d3a7fc3?s=96&d=mm&r=g","contentUrl":"https:\/\/secure.gravatar.com\/avatar\/1319de9aaea70b6c6ed807392ef95d6582ceaf98cca9de0a0022ba8e0d3a7fc3?s=96&d=mm&r=g","caption":"Fenja Jacobs"},"url":"https:\/\/www.protect-the-planet.de\/en\/author\/fenja-jacobs\/"}]}},"_links":{"self":[{"href":"https:\/\/www.protect-the-planet.de\/en\/wp-json\/wp\/v2\/posts\/26162","targetHints":{"allow":["GET"]}}],"collection":[{"href":"https:\/\/www.protect-the-planet.de\/en\/wp-json\/wp\/v2\/posts"}],"about":[{"href":"https:\/\/www.protect-the-planet.de\/en\/wp-json\/wp\/v2\/types\/post"}],"author":[{"embeddable":true,"href":"https:\/\/www.protect-the-planet.de\/en\/wp-json\/wp\/v2\/users\/3"}],"replies":[{"embeddable":true,"href":"https:\/\/www.protect-the-planet.de\/en\/wp-json\/wp\/v2\/comments?post=26162"}],"version-history":[{"count":0,"href":"https:\/\/www.protect-the-planet.de\/en\/wp-json\/wp\/v2\/posts\/26162\/revisions"}],"wp:featuredmedia":[{"embeddable":true,"href":"https:\/\/www.protect-the-planet.de\/en\/wp-json\/wp\/v2\/media\/26166"}],"wp:attachment":[{"href":"https:\/\/www.protect-the-planet.de\/en\/wp-json\/wp\/v2\/media?parent=26162"}],"wp:term":[{"taxonomy":"category","embeddable":true,"href":"https:\/\/www.protect-the-planet.de\/en\/wp-json\/wp\/v2\/categories?post=26162"},{"taxonomy":"post_tag","embeddable":true,"href":"https:\/\/www.protect-the-planet.de\/en\/wp-json\/wp\/v2\/tags?post=26162"}],"curies":[{"name":"wp","href":"https:\/\/api.w.org\/{rel}","templated":true}]}}