{"id":25828,"date":"2022-10-19T20:12:41","date_gmt":"2022-10-19T18:12:41","guid":{"rendered":"https:\/\/www.protect-the-planet.de\/2022_10_18_geo_demo\/"},"modified":"2024-04-10T14:34:52","modified_gmt":"2024-04-10T12:34:52","slug":"2022_10_18_geo_demo","status":"publish","type":"post","link":"https:\/\/www.protect-the-planet.de\/en\/2022_10_18_geo_demo\/","title":{"rendered":"Kreative Aktion: M\u00fcnchner Kindl wollen klimafreundliche Fernw\u00e4rme!"},"content":{"rendered":"\t\t<div data-elementor-type=\"wp-post\" data-elementor-id=\"25828\" class=\"elementor elementor-25828 elementor-11902\" data-elementor-post-type=\"post\">\n\t\t\t\t<div class=\"elementor-element elementor-element-112373b e-flex e-con-boxed e-con e-parent\" data-id=\"112373b\" data-element_type=\"container\" data-e-type=\"container\">\n\t\t\t\t\t<div class=\"e-con-inner\">\n\t\t<div class=\"elementor-element elementor-element-47062d9 e-con-full e-flex e-con e-parent\" data-id=\"47062d9\" data-element_type=\"container\" data-e-type=\"container\">\n\t\t\t\t<div class=\"elementor-element elementor-element-54863a0 elementor-widget elementor-widget-text-editor\" data-id=\"54863a0\" data-element_type=\"widget\" data-e-type=\"widget\" data-widget_type=\"text-editor.default\">\n\t\t\t\t<div class=\"elementor-widget-container\">\n\t\t\t\t\t\t\t\t\t<div class=\"page\" title=\"Page 1\"><div class=\"section\"><div class=\"layoutArea\"><div class=\"column\"><p><strong>Ein trauriges gefesseltes M\u00fcnchner Kindl fordert den Ausbau der Geothermie, der in der Stadt seit Jahren verschleppt wird! &#8211; Protect the Planet und das Netzwerk f\u00fcr Saubere Energie M\u00fcnchen haben wieder eine kreative Aktion ins Stadtzentrum gebracht und fordern mehr Dampf von den Stadtwerken M\u00fcnchen (SWM) und dem M\u00fcnchner Stadtrat.<br \/><\/strong><\/p><p><img fetchpriority=\"high\" decoding=\"async\" class=\"wp-image-17066 alignleft\" src=\"https:\/\/www.protect-the-planet.de\/wp-content\/uploads\/2022\/10\/2022_10_18-demo1-400x300-1-300x225.jpeg\" alt=\"Demo M\u00fcnchner Kindl\" width=\"300\" height=\"225\" srcset=\"https:\/\/www.protect-the-planet.de\/wp-content\/uploads\/2022\/10\/2022_10_18-demo1-400x300-1-300x225.jpeg 300w, https:\/\/www.protect-the-planet.de\/wp-content\/uploads\/2022\/10\/2022_10_18-demo1-400x300-1.jpeg 400w\" sizes=\"(max-width: 300px) 100vw, 300px\" \/><\/p><h3><strong>Kreative Demonstration am M\u00fcnchner Stachus:<\/strong><\/h3><p>Ein trauriges M\u00fcnchner Kindl gefesselt mit Metallketten an einen Gasbohrturm &#8211; und beim versuch, an eine Schatzkiste mit Geothermie zu kommen: Dieses Bild zeigte sich den Passierenden in der M\u00fcnchner Fu\u00dfg\u00e4ngerzone.<\/p><p>Als M\u00fcnchner Kindl verkleidet, erkl\u00e4rt der Projektmanager von Protect the Planet, Markus Raschke (38) am Rande der Aktion &#8220;von M\u00fcnchen soll kein Schaden ausgehen &#8211; so hat es der Stadtrat in Bezug auf das Klima beschlossen &#8211; nun sch\u00e4digt die\u00a0 Stadt und die Stadtwerke mit hohen Preisen f\u00fcr Klima und Bev\u00f6lkerung alle M\u00fcnchner Kindl und ihre Zukunft &#8211; weil der Ausbau der Geothermie verschlafen wurde. In diversen Umlandgemeinden hat man hier schnell verstanden, wie die energiepolitischen Priorit\u00e4ten zu setzen sind!&#8221;<\/p><p>Die kreative Aktion des Netzwerks f\u00fcr Saubere Energie M\u00fcnchen, in dem auch Protect the Planet mitwirkt hat eine tiefgreifende Symbolik und einen dramatischen Hintergrund:<\/p><p>Die M\u00fcnchner Stadtwerke (SWM) haben den Preis f\u00fcr Fernw\u00e4rme zum 1. Oktober noch einmal deutlich angehoben:\u00a0 17 % mehr kostet das Heizen mit Fernw\u00e4rme nun, obendrauf zum bisherigen Preisanstieg seit Beginn des Ukrainekriegs was schon <a href=\"https:\/\/www.dielinke-muenchen-stadtrat.de\/detail\/anfrage-162-preisexplosion-zahlen-die-verbraucherinnen-die-zeche-fuer-die-verkorkste-energiewende\/\">+ 162 %<\/a> (!) ausmachte.<\/p><p><a href=\"https:\/\/www.sueddeutsche.de\/muenchen\/muenchen-stadtwerke-fernwaerme-kostenanstieg-1.5665611\">Mittlerweile kann das selbst f\u00fcr durchschnittliche Haushalte Mehrkosten im vierstelligen Bereich bedeuten.<\/a> Und das, obwohl die M\u00fcnchnerinnen und M\u00fcnchner ihre W\u00e4rme so viel kosteng\u00fcnstiger haben k\u00f6nnten &#8211; womit die Stadtwerke selbst werben. &#8220;Geothermie 2040&#8221; &#8211; nur warum eine Jahreszahl f\u00fcr die n\u00e4chste Generation gew\u00e4hlt wurde und das Thema auch als eines f\u00fcr selbige angegangen wird, das ist weder den M\u00fcnchner Kindln klar, noch ist ein Sachgrund ersichtlich, denn M\u00fcnchen hat eine geographisch ideale Ausgangssituation f\u00fcr klimaneutrale, sichere und billige W\u00e4rme: Geothermie &#8211; ein Schatz, der nur gehoben werden muss.<\/p><\/div><\/div><\/div><\/div><h3><strong>Die Forderungen des Netzwerks:<\/strong><\/h3><p>SWM und Stadtrat sind in der Pflicht, die Vers\u00e4umnisse im Geothermieausbau wieder wettzumachen. Wir als vielf\u00e4ltiges Netzwerk verschiedener M\u00fcnchner Klima-Organisationen fordern unter anderem,<\/p><ul><li>\u2026 dass sich der M\u00fcnchner Stadtrat klar zur Geothermie bekennt und noch 2022 eine Strategie zum Ausbau der Geothermie mit klarem Ma\u00dfnahmen- und Terminplan beschlie\u00dft. Der Bau von Geothermie-Anlagen sowie Ausbau und Ert\u00fcchtigung des Fernw\u00e4rmenetzes m\u00fcssen vor anderen Projekten im \u00f6ffentlichen Raum Priorit\u00e4t haben.<\/li><li>\u2026 dass neue Standorte f\u00fcr Geothermie auch innerhalb und au\u00dferhalb des Stadtgebietes gefunden werden. Der Fl\u00e4chenkonflikt zwischen Gewerbe-, Stra\u00dfen- sowie Wohnbaufl\u00e4chen und Geothermie darf nicht automatisch zum \u201eAus\u201c f\u00fcr die Geothermie f\u00fchren.<\/li><\/ul><h3>\u00a0<\/h3><h3>Ihr Ansprechpartner:<\/h3><p><strong>Markus P. Raschke<br \/><\/strong><em>Projektmanager Klimaklagen<br \/><\/em>+49 160 930 54 965<br \/><a href=\"mailto:markus.raschke@protect-the-planet.de\">markus.raschke@protect-the-planet.de<\/a><\/p><p><img decoding=\"async\" class=\"alignnone size-full wp-image-17078\" src=\"https:\/\/www.protect-the-planet.de\/wp-content\/uploads\/2023\/07\/img_raschke-02-300x300-1.jpg\" alt=\"Markus Raschke\" width=\"300\" height=\"300\" srcset=\"https:\/\/www.protect-the-planet.de\/wp-content\/uploads\/2023\/07\/img_raschke-02-300x300-1.jpg 300w, https:\/\/www.protect-the-planet.de\/wp-content\/uploads\/2023\/07\/img_raschke-02-300x300-1-150x150.jpg 150w\" sizes=\"(max-width: 300px) 100vw, 300px\" \/><\/p>\t\t\t\t\t\t\t\t<\/div>\n\t\t\t\t<\/div>\n\t\t\t\t<\/div>\n\t\t\t\t\t<\/div>\n\t\t\t\t<\/div>\n\t\t\t\t<\/div>\n\t\t","protected":false},"excerpt":{"rendered":"<p>Mit einer kreativen Aktion fordern wir gemeinsam mit unsererm M\u00fcnchner Netzwerk klimafreundliche Fernw\u00e4rme in der Landeshauptstadt.<\/p>\n","protected":false},"author":3,"featured_media":21648,"comment_status":"open","ping_status":"open","sticky":false,"template":"","format":"standard","meta":{"footnotes":""},"categories":[729],"tags":[984,1054,1055,733,753,1056,954],"class_list":["post-25828","post","type-post","status-publish","format-standard","has-post-thumbnail","hentry","category-news","tag-fernwaerme-en","tag-geothermie-en","tag-klimafreundlich-en","tag-klimakrise-en","tag-muenchen-en","tag-stadt-muenchen-en","tag-swm-en"],"yoast_head":"<!-- This site is optimized with the Yoast SEO plugin v27.5 - https:\/\/yoast.com\/product\/yoast-seo-wordpress\/ -->\n<title>Kreative Aktion: M\u00fcnchner Kindl wollen klimafreundliche Fernw\u00e4rme!<\/title>\n<meta name=\"description\" content=\"Mit einer kreativen Aktion fordern wir gemeinsam mit unsererm M\u00fcnchner Netzwerk klimafreundliche Fernw\u00e4rme in der Landeshauptstadt.\" \/>\n<meta name=\"robots\" content=\"index, follow, max-snippet:-1, max-image-preview:large, max-video-preview:-1\" \/>\n<link rel=\"canonical\" href=\"https:\/\/www.protect-the-planet.de\/en\/2022_10_18_geo_demo\/\" \/>\n<meta property=\"og:locale\" content=\"en_US\" \/>\n<meta property=\"og:type\" content=\"article\" \/>\n<meta property=\"og:title\" content=\"Kreative Aktion: M\u00fcnchner Kindl wollen klimafreundliche Fernw\u00e4rme!\" \/>\n<meta property=\"og:description\" content=\"Mit einer kreativen Aktion fordern wir gemeinsam mit unsererm M\u00fcnchner Netzwerk klimafreundliche Fernw\u00e4rme in der Landeshauptstadt.\" \/>\n<meta property=\"og:url\" content=\"https:\/\/www.protect-the-planet.de\/en\/2022_10_18_geo_demo\/\" \/>\n<meta property=\"og:site_name\" content=\"Protect the Planet\" \/>\n<meta property=\"article:publisher\" content=\"https:\/\/www.facebook.com\/protecttheplanetDE\/\" \/>\n<meta property=\"article:published_time\" content=\"2022-10-19T18:12:41+00:00\" \/>\n<meta property=\"article:modified_time\" content=\"2024-04-10T12:34:52+00:00\" \/>\n<meta property=\"og:image\" content=\"https:\/\/www.protect-the-planet.de\/wp-content\/uploads\/2022\/10\/2022_10_18-demo1-400x300-1.jpeg\" \/>\n\t<meta property=\"og:image:width\" content=\"400\" \/>\n\t<meta property=\"og:image:height\" content=\"300\" \/>\n\t<meta property=\"og:image:type\" content=\"image\/jpeg\" \/>\n<meta name=\"author\" content=\"Fenja Jacobs\" \/>\n<meta name=\"twitter:card\" content=\"summary_large_image\" \/>\n<meta name=\"twitter:creator\" content=\"@PtP_de\" \/>\n<meta name=\"twitter:site\" content=\"@PtP_de\" \/>\n<meta name=\"twitter:label1\" content=\"Written by\" \/>\n\t<meta name=\"twitter:data1\" content=\"Fenja Jacobs\" \/>\n\t<meta name=\"twitter:label2\" content=\"Est. reading time\" \/>\n\t<meta name=\"twitter:data2\" content=\"3 minutes\" \/>\n<script type=\"application\/ld+json\" class=\"yoast-schema-graph\">{\"@context\":\"https:\\\/\\\/schema.org\",\"@graph\":[{\"@type\":\"Article\",\"@id\":\"https:\\\/\\\/www.protect-the-planet.de\\\/en\\\/2022_10_18_geo_demo\\\/#article\",\"isPartOf\":{\"@id\":\"https:\\\/\\\/www.protect-the-planet.de\\\/en\\\/2022_10_18_geo_demo\\\/\"},\"author\":{\"name\":\"Fenja Jacobs\",\"@id\":\"https:\\\/\\\/www.protect-the-planet.de\\\/en\\\/#\\\/schema\\\/person\\\/c843c153d0dd33ec584996931e438bce\"},\"headline\":\"Kreative Aktion: M\u00fcnchner Kindl wollen klimafreundliche Fernw\u00e4rme!\",\"datePublished\":\"2022-10-19T18:12:41+00:00\",\"dateModified\":\"2024-04-10T12:34:52+00:00\",\"mainEntityOfPage\":{\"@id\":\"https:\\\/\\\/www.protect-the-planet.de\\\/en\\\/2022_10_18_geo_demo\\\/\"},\"wordCount\":485,\"commentCount\":0,\"publisher\":{\"@id\":\"https:\\\/\\\/www.protect-the-planet.de\\\/en\\\/#organization\"},\"image\":{\"@id\":\"https:\\\/\\\/www.protect-the-planet.de\\\/en\\\/2022_10_18_geo_demo\\\/#primaryimage\"},\"thumbnailUrl\":\"https:\\\/\\\/www.protect-the-planet.de\\\/wp-content\\\/uploads\\\/2022\\\/10\\\/2022_10_18-demo1-400x300-1.jpeg\",\"keywords\":[\"Fernw\u00e4rme\",\"Geothermie\",\"klimafreundlich\",\"Klimakrise\",\"M\u00fcnchen\",\"Stadt M\u00fcnchen\",\"SWM\"],\"articleSection\":[\"News\"],\"inLanguage\":\"en-US\",\"potentialAction\":[{\"@type\":\"CommentAction\",\"name\":\"Comment\",\"target\":[\"https:\\\/\\\/www.protect-the-planet.de\\\/en\\\/2022_10_18_geo_demo\\\/#respond\"]}]},{\"@type\":\"WebPage\",\"@id\":\"https:\\\/\\\/www.protect-the-planet.de\\\/en\\\/2022_10_18_geo_demo\\\/\",\"url\":\"https:\\\/\\\/www.protect-the-planet.de\\\/en\\\/2022_10_18_geo_demo\\\/\",\"name\":\"Kreative Aktion: M\u00fcnchner Kindl wollen klimafreundliche Fernw\u00e4rme!\",\"isPartOf\":{\"@id\":\"https:\\\/\\\/www.protect-the-planet.de\\\/en\\\/#website\"},\"primaryImageOfPage\":{\"@id\":\"https:\\\/\\\/www.protect-the-planet.de\\\/en\\\/2022_10_18_geo_demo\\\/#primaryimage\"},\"image\":{\"@id\":\"https:\\\/\\\/www.protect-the-planet.de\\\/en\\\/2022_10_18_geo_demo\\\/#primaryimage\"},\"thumbnailUrl\":\"https:\\\/\\\/www.protect-the-planet.de\\\/wp-content\\\/uploads\\\/2022\\\/10\\\/2022_10_18-demo1-400x300-1.jpeg\",\"datePublished\":\"2022-10-19T18:12:41+00:00\",\"dateModified\":\"2024-04-10T12:34:52+00:00\",\"description\":\"Mit einer kreativen Aktion fordern wir gemeinsam mit unsererm M\u00fcnchner Netzwerk klimafreundliche Fernw\u00e4rme in der Landeshauptstadt.\",\"breadcrumb\":{\"@id\":\"https:\\\/\\\/www.protect-the-planet.de\\\/en\\\/2022_10_18_geo_demo\\\/#breadcrumb\"},\"inLanguage\":\"en-US\",\"potentialAction\":[{\"@type\":\"ReadAction\",\"target\":[\"https:\\\/\\\/www.protect-the-planet.de\\\/en\\\/2022_10_18_geo_demo\\\/\"]}]},{\"@type\":\"ImageObject\",\"inLanguage\":\"en-US\",\"@id\":\"https:\\\/\\\/www.protect-the-planet.de\\\/en\\\/2022_10_18_geo_demo\\\/#primaryimage\",\"url\":\"https:\\\/\\\/www.protect-the-planet.de\\\/wp-content\\\/uploads\\\/2022\\\/10\\\/2022_10_18-demo1-400x300-1.jpeg\",\"contentUrl\":\"https:\\\/\\\/www.protect-the-planet.de\\\/wp-content\\\/uploads\\\/2022\\\/10\\\/2022_10_18-demo1-400x300-1.jpeg\",\"width\":400,\"height\":300,\"caption\":\"Demo M\u00fcnchner Kindl\"},{\"@type\":\"BreadcrumbList\",\"@id\":\"https:\\\/\\\/www.protect-the-planet.de\\\/en\\\/2022_10_18_geo_demo\\\/#breadcrumb\",\"itemListElement\":[{\"@type\":\"ListItem\",\"position\":1,\"name\":\"Startseite\",\"item\":\"https:\\\/\\\/www.protect-the-planet.de\\\/en\\\/home\\\/\"},{\"@type\":\"ListItem\",\"position\":2,\"name\":\"Kreative Aktion: M\u00fcnchner Kindl wollen klimafreundliche Fernw\u00e4rme!\"}]},{\"@type\":\"WebSite\",\"@id\":\"https:\\\/\\\/www.protect-the-planet.de\\\/en\\\/#website\",\"url\":\"https:\\\/\\\/www.protect-the-planet.de\\\/en\\\/\",\"name\":\"Protect the Planet\",\"description\":\"If we don&#039;t change, the climate will.\",\"publisher\":{\"@id\":\"https:\\\/\\\/www.protect-the-planet.de\\\/en\\\/#organization\"},\"alternateName\":\"Protect the Panet gGmbH\",\"potentialAction\":[{\"@type\":\"SearchAction\",\"target\":{\"@type\":\"EntryPoint\",\"urlTemplate\":\"https:\\\/\\\/www.protect-the-planet.de\\\/en\\\/?s={search_term_string}\"},\"query-input\":{\"@type\":\"PropertyValueSpecification\",\"valueRequired\":true,\"valueName\":\"search_term_string\"}}],\"inLanguage\":\"en-US\"},{\"@type\":\"Organization\",\"@id\":\"https:\\\/\\\/www.protect-the-planet.de\\\/en\\\/#organization\",\"name\":\"Protect the Planet\",\"url\":\"https:\\\/\\\/www.protect-the-planet.de\\\/en\\\/\",\"logo\":{\"@type\":\"ImageObject\",\"inLanguage\":\"en-US\",\"@id\":\"https:\\\/\\\/www.protect-the-planet.de\\\/en\\\/#\\\/schema\\\/logo\\\/image\\\/\",\"url\":\"https:\\\/\\\/www.protect-the-planet.de\\\/wp-content\\\/uploads\\\/2023\\\/09\\\/LOGO-positiv_transparent-klein.png\",\"contentUrl\":\"https:\\\/\\\/www.protect-the-planet.de\\\/wp-content\\\/uploads\\\/2023\\\/09\\\/LOGO-positiv_transparent-klein.png\",\"width\":123,\"height\":68,\"caption\":\"Protect the Planet\"},\"image\":{\"@id\":\"https:\\\/\\\/www.protect-the-planet.de\\\/en\\\/#\\\/schema\\\/logo\\\/image\\\/\"},\"sameAs\":[\"https:\\\/\\\/www.facebook.com\\\/protecttheplanetDE\\\/\",\"https:\\\/\\\/x.com\\\/PtP_de\",\"https:\\\/\\\/www.instagram.com\\\/protecttheplanetorg\\\/\",\"https:\\\/\\\/www.linkedin.com\\\/company\\\/protect-the-planet\",\"https:\\\/\\\/www.youtube.com\\\/@protecttheplanet\"]},{\"@type\":\"Person\",\"@id\":\"https:\\\/\\\/www.protect-the-planet.de\\\/en\\\/#\\\/schema\\\/person\\\/c843c153d0dd33ec584996931e438bce\",\"name\":\"Fenja Jacobs\",\"image\":{\"@type\":\"ImageObject\",\"inLanguage\":\"en-US\",\"@id\":\"https:\\\/\\\/secure.gravatar.com\\\/avatar\\\/1319de9aaea70b6c6ed807392ef95d6582ceaf98cca9de0a0022ba8e0d3a7fc3?s=96&d=mm&r=g\",\"url\":\"https:\\\/\\\/secure.gravatar.com\\\/avatar\\\/1319de9aaea70b6c6ed807392ef95d6582ceaf98cca9de0a0022ba8e0d3a7fc3?s=96&d=mm&r=g\",\"contentUrl\":\"https:\\\/\\\/secure.gravatar.com\\\/avatar\\\/1319de9aaea70b6c6ed807392ef95d6582ceaf98cca9de0a0022ba8e0d3a7fc3?s=96&d=mm&r=g\",\"caption\":\"Fenja Jacobs\"},\"url\":\"https:\\\/\\\/www.protect-the-planet.de\\\/en\\\/author\\\/fenja-jacobs\\\/\"}]}<\/script>\n<!-- \/ Yoast SEO plugin. -->","yoast_head_json":{"title":"Kreative Aktion: M\u00fcnchner Kindl wollen klimafreundliche Fernw\u00e4rme!","description":"Mit einer kreativen Aktion fordern wir gemeinsam mit unsererm M\u00fcnchner Netzwerk klimafreundliche Fernw\u00e4rme in der Landeshauptstadt.","robots":{"index":"index","follow":"follow","max-snippet":"max-snippet:-1","max-image-preview":"max-image-preview:large","max-video-preview":"max-video-preview:-1"},"canonical":"https:\/\/www.protect-the-planet.de\/en\/2022_10_18_geo_demo\/","og_locale":"en_US","og_type":"article","og_title":"Kreative Aktion: M\u00fcnchner Kindl wollen klimafreundliche Fernw\u00e4rme!","og_description":"Mit einer kreativen Aktion fordern wir gemeinsam mit unsererm M\u00fcnchner Netzwerk klimafreundliche Fernw\u00e4rme in der Landeshauptstadt.","og_url":"https:\/\/www.protect-the-planet.de\/en\/2022_10_18_geo_demo\/","og_site_name":"Protect the Planet","article_publisher":"https:\/\/www.facebook.com\/protecttheplanetDE\/","article_published_time":"2022-10-19T18:12:41+00:00","article_modified_time":"2024-04-10T12:34:52+00:00","og_image":[{"width":400,"height":300,"url":"https:\/\/www.protect-the-planet.de\/wp-content\/uploads\/2022\/10\/2022_10_18-demo1-400x300-1.jpeg","type":"image\/jpeg"}],"author":"Fenja Jacobs","twitter_card":"summary_large_image","twitter_creator":"@PtP_de","twitter_site":"@PtP_de","twitter_misc":{"Written by":"Fenja Jacobs","Est. reading time":"3 minutes"},"schema":{"@context":"https:\/\/schema.org","@graph":[{"@type":"Article","@id":"https:\/\/www.protect-the-planet.de\/en\/2022_10_18_geo_demo\/#article","isPartOf":{"@id":"https:\/\/www.protect-the-planet.de\/en\/2022_10_18_geo_demo\/"},"author":{"name":"Fenja Jacobs","@id":"https:\/\/www.protect-the-planet.de\/en\/#\/schema\/person\/c843c153d0dd33ec584996931e438bce"},"headline":"Kreative Aktion: M\u00fcnchner Kindl wollen klimafreundliche Fernw\u00e4rme!","datePublished":"2022-10-19T18:12:41+00:00","dateModified":"2024-04-10T12:34:52+00:00","mainEntityOfPage":{"@id":"https:\/\/www.protect-the-planet.de\/en\/2022_10_18_geo_demo\/"},"wordCount":485,"commentCount":0,"publisher":{"@id":"https:\/\/www.protect-the-planet.de\/en\/#organization"},"image":{"@id":"https:\/\/www.protect-the-planet.de\/en\/2022_10_18_geo_demo\/#primaryimage"},"thumbnailUrl":"https:\/\/www.protect-the-planet.de\/wp-content\/uploads\/2022\/10\/2022_10_18-demo1-400x300-1.jpeg","keywords":["Fernw\u00e4rme","Geothermie","klimafreundlich","Klimakrise","M\u00fcnchen","Stadt M\u00fcnchen","SWM"],"articleSection":["News"],"inLanguage":"en-US","potentialAction":[{"@type":"CommentAction","name":"Comment","target":["https:\/\/www.protect-the-planet.de\/en\/2022_10_18_geo_demo\/#respond"]}]},{"@type":"WebPage","@id":"https:\/\/www.protect-the-planet.de\/en\/2022_10_18_geo_demo\/","url":"https:\/\/www.protect-the-planet.de\/en\/2022_10_18_geo_demo\/","name":"Kreative Aktion: M\u00fcnchner Kindl wollen klimafreundliche Fernw\u00e4rme!","isPartOf":{"@id":"https:\/\/www.protect-the-planet.de\/en\/#website"},"primaryImageOfPage":{"@id":"https:\/\/www.protect-the-planet.de\/en\/2022_10_18_geo_demo\/#primaryimage"},"image":{"@id":"https:\/\/www.protect-the-planet.de\/en\/2022_10_18_geo_demo\/#primaryimage"},"thumbnailUrl":"https:\/\/www.protect-the-planet.de\/wp-content\/uploads\/2022\/10\/2022_10_18-demo1-400x300-1.jpeg","datePublished":"2022-10-19T18:12:41+00:00","dateModified":"2024-04-10T12:34:52+00:00","description":"Mit einer kreativen Aktion fordern wir gemeinsam mit unsererm M\u00fcnchner Netzwerk klimafreundliche Fernw\u00e4rme in der Landeshauptstadt.","breadcrumb":{"@id":"https:\/\/www.protect-the-planet.de\/en\/2022_10_18_geo_demo\/#breadcrumb"},"inLanguage":"en-US","potentialAction":[{"@type":"ReadAction","target":["https:\/\/www.protect-the-planet.de\/en\/2022_10_18_geo_demo\/"]}]},{"@type":"ImageObject","inLanguage":"en-US","@id":"https:\/\/www.protect-the-planet.de\/en\/2022_10_18_geo_demo\/#primaryimage","url":"https:\/\/www.protect-the-planet.de\/wp-content\/uploads\/2022\/10\/2022_10_18-demo1-400x300-1.jpeg","contentUrl":"https:\/\/www.protect-the-planet.de\/wp-content\/uploads\/2022\/10\/2022_10_18-demo1-400x300-1.jpeg","width":400,"height":300,"caption":"Demo M\u00fcnchner Kindl"},{"@type":"BreadcrumbList","@id":"https:\/\/www.protect-the-planet.de\/en\/2022_10_18_geo_demo\/#breadcrumb","itemListElement":[{"@type":"ListItem","position":1,"name":"Startseite","item":"https:\/\/www.protect-the-planet.de\/en\/home\/"},{"@type":"ListItem","position":2,"name":"Kreative Aktion: M\u00fcnchner Kindl wollen klimafreundliche Fernw\u00e4rme!"}]},{"@type":"WebSite","@id":"https:\/\/www.protect-the-planet.de\/en\/#website","url":"https:\/\/www.protect-the-planet.de\/en\/","name":"Protect the Planet","description":"If we don&#039;t change, the climate will.","publisher":{"@id":"https:\/\/www.protect-the-planet.de\/en\/#organization"},"alternateName":"Protect the Panet gGmbH","potentialAction":[{"@type":"SearchAction","target":{"@type":"EntryPoint","urlTemplate":"https:\/\/www.protect-the-planet.de\/en\/?s={search_term_string}"},"query-input":{"@type":"PropertyValueSpecification","valueRequired":true,"valueName":"search_term_string"}}],"inLanguage":"en-US"},{"@type":"Organization","@id":"https:\/\/www.protect-the-planet.de\/en\/#organization","name":"Protect the Planet","url":"https:\/\/www.protect-the-planet.de\/en\/","logo":{"@type":"ImageObject","inLanguage":"en-US","@id":"https:\/\/www.protect-the-planet.de\/en\/#\/schema\/logo\/image\/","url":"https:\/\/www.protect-the-planet.de\/wp-content\/uploads\/2023\/09\/LOGO-positiv_transparent-klein.png","contentUrl":"https:\/\/www.protect-the-planet.de\/wp-content\/uploads\/2023\/09\/LOGO-positiv_transparent-klein.png","width":123,"height":68,"caption":"Protect the Planet"},"image":{"@id":"https:\/\/www.protect-the-planet.de\/en\/#\/schema\/logo\/image\/"},"sameAs":["https:\/\/www.facebook.com\/protecttheplanetDE\/","https:\/\/x.com\/PtP_de","https:\/\/www.instagram.com\/protecttheplanetorg\/","https:\/\/www.linkedin.com\/company\/protect-the-planet","https:\/\/www.youtube.com\/@protecttheplanet"]},{"@type":"Person","@id":"https:\/\/www.protect-the-planet.de\/en\/#\/schema\/person\/c843c153d0dd33ec584996931e438bce","name":"Fenja Jacobs","image":{"@type":"ImageObject","inLanguage":"en-US","@id":"https:\/\/secure.gravatar.com\/avatar\/1319de9aaea70b6c6ed807392ef95d6582ceaf98cca9de0a0022ba8e0d3a7fc3?s=96&d=mm&r=g","url":"https:\/\/secure.gravatar.com\/avatar\/1319de9aaea70b6c6ed807392ef95d6582ceaf98cca9de0a0022ba8e0d3a7fc3?s=96&d=mm&r=g","contentUrl":"https:\/\/secure.gravatar.com\/avatar\/1319de9aaea70b6c6ed807392ef95d6582ceaf98cca9de0a0022ba8e0d3a7fc3?s=96&d=mm&r=g","caption":"Fenja Jacobs"},"url":"https:\/\/www.protect-the-planet.de\/en\/author\/fenja-jacobs\/"}]}},"_links":{"self":[{"href":"https:\/\/www.protect-the-planet.de\/en\/wp-json\/wp\/v2\/posts\/25828","targetHints":{"allow":["GET"]}}],"collection":[{"href":"https:\/\/www.protect-the-planet.de\/en\/wp-json\/wp\/v2\/posts"}],"about":[{"href":"https:\/\/www.protect-the-planet.de\/en\/wp-json\/wp\/v2\/types\/post"}],"author":[{"embeddable":true,"href":"https:\/\/www.protect-the-planet.de\/en\/wp-json\/wp\/v2\/users\/3"}],"replies":[{"embeddable":true,"href":"https:\/\/www.protect-the-planet.de\/en\/wp-json\/wp\/v2\/comments?post=25828"}],"version-history":[{"count":0,"href":"https:\/\/www.protect-the-planet.de\/en\/wp-json\/wp\/v2\/posts\/25828\/revisions"}],"wp:featuredmedia":[{"embeddable":true,"href":"https:\/\/www.protect-the-planet.de\/en\/wp-json\/wp\/v2\/media\/21648"}],"wp:attachment":[{"href":"https:\/\/www.protect-the-planet.de\/en\/wp-json\/wp\/v2\/media?parent=25828"}],"wp:term":[{"taxonomy":"category","embeddable":true,"href":"https:\/\/www.protect-the-planet.de\/en\/wp-json\/wp\/v2\/categories?post=25828"},{"taxonomy":"post_tag","embeddable":true,"href":"https:\/\/www.protect-the-planet.de\/en\/wp-json\/wp\/v2\/tags?post=25828"}],"curies":[{"name":"wp","href":"https:\/\/api.w.org\/{rel}","templated":true}]}}