{"id":25824,"date":"2022-10-10T11:10:37","date_gmt":"2022-10-10T09:10:37","guid":{"rendered":"https:\/\/www.protect-the-planet.de\/deutscher-stiftungstag\/"},"modified":"2025-02-24T14:14:30","modified_gmt":"2025-02-24T13:14:30","slug":"deutscher-stiftungstag-2022","status":"publish","type":"post","link":"https:\/\/www.protect-the-planet.de\/en\/deutscher-stiftungstag-2022\/","title":{"rendered":"PtP-Gr\u00fcnderin Dorothea Sick-Thies mit Bundesministerin Schulze auf dem Deutschen Stiftungstag 2022"},"content":{"rendered":"\t\t<div data-elementor-type=\"wp-post\" data-elementor-id=\"25824\" class=\"elementor elementor-25824 elementor-11675\" data-elementor-post-type=\"post\">\n\t\t\t\t<div class=\"elementor-element elementor-element-3a3c4ef e-flex e-con-boxed e-con e-parent\" data-id=\"3a3c4ef\" data-element_type=\"container\" data-e-type=\"container\">\n\t\t\t\t\t<div class=\"e-con-inner\">\n\t\t<div class=\"elementor-element elementor-element-669dd19 e-con-full e-flex e-con e-child\" data-id=\"669dd19\" data-element_type=\"container\" data-e-type=\"container\">\n\t\t\t\t<div class=\"elementor-element elementor-element-06f73ab elementor-widget elementor-widget-text-editor\" data-id=\"06f73ab\" data-element_type=\"widget\" data-e-type=\"widget\" data-widget_type=\"text-editor.default\">\n\t\t\t\t<div class=\"elementor-widget-container\">\n\t\t\t\t\t\t\t\t\t<div class=\"page\" title=\"Page 1\">\n<div class=\"section\">\n<div class=\"layoutArea\">\n<div class=\"column\">\n<p><strong>\u201eWeniger als 5% der weltweiten Stiftungen engagieren sich \u00fcberhaupt f\u00fcr Klimaschutz. Es ist wirklich schockierend, dass so wenig f\u00fcr die Bewahrung unseres Planeten und f\u00fcr die zuk\u00fcnftigen Generationen getan wird! Das muss viel mehr werden!\u201c, forderte Protect the Planet-Gr\u00fcnderin Dorothea Sick-Thies anl\u00e4sslich des deutschen Stiftungstages 2022.<\/strong><\/p>\n<figure id=\"attachment_17085\" aria-describedby=\"caption-attachment-17085\" style=\"width: 300px\" class=\"wp-caption alignleft\"><img fetchpriority=\"high\" decoding=\"async\" class=\"size-medium wp-image-17085\" src=\"https:\/\/www.protect-the-planet.de\/wp-content\/uploads\/2023\/07\/deutscher_stiftungstag_2_400x293-300x220.jpeg\" alt=\"Dorothea Sick-Thies und Svenja Schulze auf dem Dt. Stiftungstag 2022\" width=\"300\" height=\"220\" srcset=\"https:\/\/www.protect-the-planet.de\/wp-content\/uploads\/2023\/07\/deutscher_stiftungstag_2_400x293-300x220.jpeg 300w, https:\/\/www.protect-the-planet.de\/wp-content\/uploads\/2023\/07\/deutscher_stiftungstag_2_400x293.jpeg 400w\" sizes=\"(max-width: 300px) 100vw, 300px\" \/><figcaption id=\"caption-attachment-17085\" class=\"wp-caption-text\"><em>Dorothea Sick-Thies und Svenja Schulze auf dem dt. Stiftungstag 2022<\/em><br \/><em>Foto: Carl-A. Fechner<\/em><\/figcaption><\/figure>\n<\/div>\n<p>Am 28. September war Protect the Planet-Gr\u00fcnderin Dorothea Sick-Thies auf der <a href=\"https:\/\/www.stiftungen.org\/ueber-uns\/was-wir-tun\/vernetzungsangebote\/deutscher-stiftungstag.html\">gr\u00f6\u00dften deutschen Stiftungsveranstaltung in Leipzig<\/a> zu einer Podiumsdiskussion eingeladen, gemeinsam mit Svenja Schulze (<em>Bundesministerin f\u00fcr wirtschaftliche Zusammenarbeit und Entwicklung<\/em>), Ilham Habibie (<em>Gr\u00fcnder The Habibie Center Foundation &amp; Co-Chair Foundations 20<\/em>) und Nina Smidt (<em>gesch\u00e4ftsf\u00fchrende Vorst\u00e4ndendin &amp; Sprecherin der Siemens Stiftung<\/em>). Zum Thema &#8220;<strong>SDGs und Klima im Jahr des Krieges gegen die Ukraine und der deutschen G-7 Pr\u00e4sidentschaft<\/strong>&#8221; diskutierten die Teilnehmenden, welche Verantwortung deutsche und internationale Stiftungen \u00fcbernehmen sollten.<\/p>\n<div class=\"column\">\n<p>Vor dem Hintergrund multipler Krisen ist die Rolle von Stiftungen bei der nachhaltigen Entwicklung f\u00fcr Dorothea Sick-Thies klar: \u201cGerade auch durch die Unterst\u00fctzung von <a href=\"https:\/\/www.protect-the-planet.de\/climate-action\/\">Klimaklagen<\/a> k\u00f6nnen sie viel bewirken. Die Bewahrung der Sch\u00f6pfung und unseres Planeten muss uns das Wichtigste \u00fcberhaupt sein. Nur durch weltweite Kooperation k\u00f6nnen wir unser \u00dcberleben sichern!\u201c<\/p>\n<p>Den politisch Verantwortlichen warf sie vor, in den letzten 15 Jahren viel verschlafen zu haben. \u201eWir h\u00e4tten bei den Erneuerbaren schon viel weiter sein k\u00f6nnen.\u201c<\/p>\n<p>Das Motto des diesj\u00e4hrigen Stiftungstages &#8220;Zukunft nachhaltig gestalten&#8221; sieht Bundesministerin Svenja Schulze, die digital zugesschaltet mit auf dem Panel sa\u00df, als wichtiges Zeichen und betont, dass \u201eZukunft ohne Nachhaltigkeit heute gar nicht mehr m\u00f6glich ist\u201c.<\/p>\n<p>F\u00fcr Dorothea Sick-Thies bedeutet dies, dass alle Stiftungen einen relevanten Teil ihrer Mittel f\u00fcr Klimaschutz einsetzen sollten. Die Klimakrise werde auf allen Gebieten zur Existenzfrage.<\/p>\n<\/div>\n<\/div>\n<\/div>\n<\/div>\t\t\t\t\t\t\t\t<\/div>\n\t\t\t\t<\/div>\n\t\t\t\t<\/div>\n\t\t\t\t\t<\/div>\n\t\t\t\t<\/div>\n\t\t\t\t<\/div>\n\t\t","protected":false},"excerpt":{"rendered":"<p>Protect-the-Planet-Gr\u00fcnderin Dorothea Sick-Thies auf dem Deutschen Stiftungstag: &#8220;Mehr Stiftungen m\u00fcssen sich f\u00fcr Klimaschutz einsetzen!&#8221;<\/p>\n","protected":false},"author":3,"featured_media":21867,"comment_status":"open","ping_status":"open","sticky":false,"template":"","format":"standard","meta":{"footnotes":""},"categories":[729],"tags":[1048,1049,1050,1051,921,1052,1053],"class_list":["post-25824","post","type-post","status-publish","format-standard","has-post-thumbnail","hentry","category-news","tag-deutscher-stiftungstag-en","tag-dorothea-sick-thies-en","tag-entwicklung-en","tag-nachhaltige-entwicklung-en","tag-nachhaltigkeit-en","tag-sick-en","tag-stiftungen-en"],"yoast_head":"<!-- This site is optimized with the Yoast SEO plugin v27.5 - https:\/\/yoast.com\/product\/yoast-seo-wordpress\/ -->\n<title>PtP-Gr\u00fcnderin Dorothea Sick-Thies mit Bundesministerin Schulze auf dem Deutschen Stiftungstag 2022<\/title>\n<meta name=\"description\" content=\"Protect-the-Planet-Gr\u00fcnderin Dorothea Sick-Thies auf dem Deutschen Stiftungstag: &quot;Mehr Stiftungen m\u00fcssen sich f\u00fcr Klimaschutz einsetzen!&quot;\" \/>\n<meta name=\"robots\" content=\"index, follow, max-snippet:-1, max-image-preview:large, max-video-preview:-1\" \/>\n<link rel=\"canonical\" href=\"https:\/\/www.protect-the-planet.de\/en\/deutscher-stiftungstag-2022\/\" \/>\n<meta property=\"og:locale\" content=\"en_US\" \/>\n<meta property=\"og:type\" content=\"article\" \/>\n<meta property=\"og:title\" content=\"PtP-Gr\u00fcnderin Dorothea Sick-Thies mit Bundesministerin Schulze auf dem Deutschen Stiftungstag 2022\" \/>\n<meta property=\"og:description\" content=\"Protect-the-Planet-Gr\u00fcnderin Dorothea Sick-Thies auf dem Deutschen Stiftungstag: &quot;Mehr Stiftungen m\u00fcssen sich f\u00fcr Klimaschutz einsetzen!&quot;\" \/>\n<meta property=\"og:url\" content=\"https:\/\/www.protect-the-planet.de\/en\/deutscher-stiftungstag-2022\/\" \/>\n<meta property=\"og:site_name\" content=\"Protect the Planet\" \/>\n<meta property=\"article:publisher\" content=\"https:\/\/www.facebook.com\/protecttheplanetDE\/\" \/>\n<meta property=\"article:published_time\" content=\"2022-10-10T09:10:37+00:00\" \/>\n<meta property=\"article:modified_time\" content=\"2025-02-24T13:14:30+00:00\" \/>\n<meta property=\"og:image\" content=\"https:\/\/www.protect-the-planet.de\/wp-content\/uploads\/2022\/10\/beitragsbild-dst-stiftungstag.jpg\" \/>\n\t<meta property=\"og:image:width\" content=\"2500\" \/>\n\t<meta property=\"og:image:height\" content=\"1667\" \/>\n\t<meta property=\"og:image:type\" content=\"image\/jpeg\" \/>\n<meta name=\"author\" content=\"Fenja Jacobs\" \/>\n<meta name=\"twitter:card\" content=\"summary_large_image\" \/>\n<meta name=\"twitter:creator\" content=\"@PtP_de\" \/>\n<meta name=\"twitter:site\" content=\"@PtP_de\" \/>\n<meta name=\"twitter:label1\" content=\"Written by\" \/>\n\t<meta name=\"twitter:data1\" content=\"Fenja Jacobs\" \/>\n\t<meta name=\"twitter:label2\" content=\"Est. reading time\" \/>\n\t<meta name=\"twitter:data2\" content=\"3 minutes\" \/>\n<script type=\"application\/ld+json\" class=\"yoast-schema-graph\">{\"@context\":\"https:\\\/\\\/schema.org\",\"@graph\":[{\"@type\":\"Article\",\"@id\":\"https:\\\/\\\/www.protect-the-planet.de\\\/en\\\/deutscher-stiftungstag-2022\\\/#article\",\"isPartOf\":{\"@id\":\"https:\\\/\\\/www.protect-the-planet.de\\\/en\\\/deutscher-stiftungstag-2022\\\/\"},\"author\":{\"name\":\"Fenja Jacobs\",\"@id\":\"https:\\\/\\\/www.protect-the-planet.de\\\/en\\\/#\\\/schema\\\/person\\\/c843c153d0dd33ec584996931e438bce\"},\"headline\":\"PtP-Gr\u00fcnderin Dorothea Sick-Thies mit Bundesministerin Schulze auf dem Deutschen Stiftungstag 2022\",\"datePublished\":\"2022-10-10T09:10:37+00:00\",\"dateModified\":\"2025-02-24T13:14:30+00:00\",\"mainEntityOfPage\":{\"@id\":\"https:\\\/\\\/www.protect-the-planet.de\\\/en\\\/deutscher-stiftungstag-2022\\\/\"},\"wordCount\":311,\"commentCount\":0,\"publisher\":{\"@id\":\"https:\\\/\\\/www.protect-the-planet.de\\\/en\\\/#organization\"},\"image\":{\"@id\":\"https:\\\/\\\/www.protect-the-planet.de\\\/en\\\/deutscher-stiftungstag-2022\\\/#primaryimage\"},\"thumbnailUrl\":\"https:\\\/\\\/www.protect-the-planet.de\\\/wp-content\\\/uploads\\\/2022\\\/10\\\/beitragsbild-dst-stiftungstag.jpg\",\"keywords\":[\"deutscher stiftungstag\",\"dorothea sick-thies\",\"entwicklung\",\"nachhaltige entwicklung\",\"Nachhaltigkeit\",\"sick\",\"stiftungen\"],\"articleSection\":[\"News\"],\"inLanguage\":\"en-US\",\"potentialAction\":[{\"@type\":\"CommentAction\",\"name\":\"Comment\",\"target\":[\"https:\\\/\\\/www.protect-the-planet.de\\\/en\\\/deutscher-stiftungstag-2022\\\/#respond\"]}]},{\"@type\":\"WebPage\",\"@id\":\"https:\\\/\\\/www.protect-the-planet.de\\\/en\\\/deutscher-stiftungstag-2022\\\/\",\"url\":\"https:\\\/\\\/www.protect-the-planet.de\\\/en\\\/deutscher-stiftungstag-2022\\\/\",\"name\":\"PtP-Gr\u00fcnderin Dorothea Sick-Thies mit Bundesministerin Schulze auf dem Deutschen Stiftungstag 2022\",\"isPartOf\":{\"@id\":\"https:\\\/\\\/www.protect-the-planet.de\\\/en\\\/#website\"},\"primaryImageOfPage\":{\"@id\":\"https:\\\/\\\/www.protect-the-planet.de\\\/en\\\/deutscher-stiftungstag-2022\\\/#primaryimage\"},\"image\":{\"@id\":\"https:\\\/\\\/www.protect-the-planet.de\\\/en\\\/deutscher-stiftungstag-2022\\\/#primaryimage\"},\"thumbnailUrl\":\"https:\\\/\\\/www.protect-the-planet.de\\\/wp-content\\\/uploads\\\/2022\\\/10\\\/beitragsbild-dst-stiftungstag.jpg\",\"datePublished\":\"2022-10-10T09:10:37+00:00\",\"dateModified\":\"2025-02-24T13:14:30+00:00\",\"description\":\"Protect-the-Planet-Gr\u00fcnderin Dorothea Sick-Thies auf dem Deutschen Stiftungstag: \\\"Mehr Stiftungen m\u00fcssen sich f\u00fcr Klimaschutz einsetzen!\\\"\",\"breadcrumb\":{\"@id\":\"https:\\\/\\\/www.protect-the-planet.de\\\/en\\\/deutscher-stiftungstag-2022\\\/#breadcrumb\"},\"inLanguage\":\"en-US\",\"potentialAction\":[{\"@type\":\"ReadAction\",\"target\":[\"https:\\\/\\\/www.protect-the-planet.de\\\/en\\\/deutscher-stiftungstag-2022\\\/\"]}]},{\"@type\":\"ImageObject\",\"inLanguage\":\"en-US\",\"@id\":\"https:\\\/\\\/www.protect-the-planet.de\\\/en\\\/deutscher-stiftungstag-2022\\\/#primaryimage\",\"url\":\"https:\\\/\\\/www.protect-the-planet.de\\\/wp-content\\\/uploads\\\/2022\\\/10\\\/beitragsbild-dst-stiftungstag.jpg\",\"contentUrl\":\"https:\\\/\\\/www.protect-the-planet.de\\\/wp-content\\\/uploads\\\/2022\\\/10\\\/beitragsbild-dst-stiftungstag.jpg\",\"width\":2500,\"height\":1667,\"caption\":\"Beitragsbild DST Stiftungstag\"},{\"@type\":\"BreadcrumbList\",\"@id\":\"https:\\\/\\\/www.protect-the-planet.de\\\/en\\\/deutscher-stiftungstag-2022\\\/#breadcrumb\",\"itemListElement\":[{\"@type\":\"ListItem\",\"position\":1,\"name\":\"Startseite\",\"item\":\"https:\\\/\\\/www.protect-the-planet.de\\\/en\\\/home\\\/\"},{\"@type\":\"ListItem\",\"position\":2,\"name\":\"PtP-Gr\u00fcnderin Dorothea Sick-Thies mit Bundesministerin Schulze auf dem Deutschen Stiftungstag 2022\"}]},{\"@type\":\"WebSite\",\"@id\":\"https:\\\/\\\/www.protect-the-planet.de\\\/en\\\/#website\",\"url\":\"https:\\\/\\\/www.protect-the-planet.de\\\/en\\\/\",\"name\":\"Protect the Planet\",\"description\":\"If we don&#039;t change, the climate will.\",\"publisher\":{\"@id\":\"https:\\\/\\\/www.protect-the-planet.de\\\/en\\\/#organization\"},\"alternateName\":\"Protect the Panet gGmbH\",\"potentialAction\":[{\"@type\":\"SearchAction\",\"target\":{\"@type\":\"EntryPoint\",\"urlTemplate\":\"https:\\\/\\\/www.protect-the-planet.de\\\/en\\\/?s={search_term_string}\"},\"query-input\":{\"@type\":\"PropertyValueSpecification\",\"valueRequired\":true,\"valueName\":\"search_term_string\"}}],\"inLanguage\":\"en-US\"},{\"@type\":\"Organization\",\"@id\":\"https:\\\/\\\/www.protect-the-planet.de\\\/en\\\/#organization\",\"name\":\"Protect the Planet\",\"url\":\"https:\\\/\\\/www.protect-the-planet.de\\\/en\\\/\",\"logo\":{\"@type\":\"ImageObject\",\"inLanguage\":\"en-US\",\"@id\":\"https:\\\/\\\/www.protect-the-planet.de\\\/en\\\/#\\\/schema\\\/logo\\\/image\\\/\",\"url\":\"https:\\\/\\\/www.protect-the-planet.de\\\/wp-content\\\/uploads\\\/2023\\\/09\\\/LOGO-positiv_transparent-klein.png\",\"contentUrl\":\"https:\\\/\\\/www.protect-the-planet.de\\\/wp-content\\\/uploads\\\/2023\\\/09\\\/LOGO-positiv_transparent-klein.png\",\"width\":123,\"height\":68,\"caption\":\"Protect the Planet\"},\"image\":{\"@id\":\"https:\\\/\\\/www.protect-the-planet.de\\\/en\\\/#\\\/schema\\\/logo\\\/image\\\/\"},\"sameAs\":[\"https:\\\/\\\/www.facebook.com\\\/protecttheplanetDE\\\/\",\"https:\\\/\\\/x.com\\\/PtP_de\",\"https:\\\/\\\/www.instagram.com\\\/protecttheplanetorg\\\/\",\"https:\\\/\\\/www.linkedin.com\\\/company\\\/protect-the-planet\",\"https:\\\/\\\/www.youtube.com\\\/@protecttheplanet\"]},{\"@type\":\"Person\",\"@id\":\"https:\\\/\\\/www.protect-the-planet.de\\\/en\\\/#\\\/schema\\\/person\\\/c843c153d0dd33ec584996931e438bce\",\"name\":\"Fenja Jacobs\",\"image\":{\"@type\":\"ImageObject\",\"inLanguage\":\"en-US\",\"@id\":\"https:\\\/\\\/secure.gravatar.com\\\/avatar\\\/1319de9aaea70b6c6ed807392ef95d6582ceaf98cca9de0a0022ba8e0d3a7fc3?s=96&d=mm&r=g\",\"url\":\"https:\\\/\\\/secure.gravatar.com\\\/avatar\\\/1319de9aaea70b6c6ed807392ef95d6582ceaf98cca9de0a0022ba8e0d3a7fc3?s=96&d=mm&r=g\",\"contentUrl\":\"https:\\\/\\\/secure.gravatar.com\\\/avatar\\\/1319de9aaea70b6c6ed807392ef95d6582ceaf98cca9de0a0022ba8e0d3a7fc3?s=96&d=mm&r=g\",\"caption\":\"Fenja Jacobs\"},\"url\":\"https:\\\/\\\/www.protect-the-planet.de\\\/en\\\/author\\\/fenja-jacobs\\\/\"}]}<\/script>\n<!-- \/ Yoast SEO plugin. -->","yoast_head_json":{"title":"PtP-Gr\u00fcnderin Dorothea Sick-Thies mit Bundesministerin Schulze auf dem Deutschen Stiftungstag 2022","description":"Protect-the-Planet-Gr\u00fcnderin Dorothea Sick-Thies auf dem Deutschen Stiftungstag: \"Mehr Stiftungen m\u00fcssen sich f\u00fcr Klimaschutz einsetzen!\"","robots":{"index":"index","follow":"follow","max-snippet":"max-snippet:-1","max-image-preview":"max-image-preview:large","max-video-preview":"max-video-preview:-1"},"canonical":"https:\/\/www.protect-the-planet.de\/en\/deutscher-stiftungstag-2022\/","og_locale":"en_US","og_type":"article","og_title":"PtP-Gr\u00fcnderin Dorothea Sick-Thies mit Bundesministerin Schulze auf dem Deutschen Stiftungstag 2022","og_description":"Protect-the-Planet-Gr\u00fcnderin Dorothea Sick-Thies auf dem Deutschen Stiftungstag: \"Mehr Stiftungen m\u00fcssen sich f\u00fcr Klimaschutz einsetzen!\"","og_url":"https:\/\/www.protect-the-planet.de\/en\/deutscher-stiftungstag-2022\/","og_site_name":"Protect the Planet","article_publisher":"https:\/\/www.facebook.com\/protecttheplanetDE\/","article_published_time":"2022-10-10T09:10:37+00:00","article_modified_time":"2025-02-24T13:14:30+00:00","og_image":[{"width":2500,"height":1667,"url":"https:\/\/www.protect-the-planet.de\/wp-content\/uploads\/2022\/10\/beitragsbild-dst-stiftungstag.jpg","type":"image\/jpeg"}],"author":"Fenja Jacobs","twitter_card":"summary_large_image","twitter_creator":"@PtP_de","twitter_site":"@PtP_de","twitter_misc":{"Written by":"Fenja Jacobs","Est. reading time":"3 minutes"},"schema":{"@context":"https:\/\/schema.org","@graph":[{"@type":"Article","@id":"https:\/\/www.protect-the-planet.de\/en\/deutscher-stiftungstag-2022\/#article","isPartOf":{"@id":"https:\/\/www.protect-the-planet.de\/en\/deutscher-stiftungstag-2022\/"},"author":{"name":"Fenja Jacobs","@id":"https:\/\/www.protect-the-planet.de\/en\/#\/schema\/person\/c843c153d0dd33ec584996931e438bce"},"headline":"PtP-Gr\u00fcnderin Dorothea Sick-Thies mit Bundesministerin Schulze auf dem Deutschen Stiftungstag 2022","datePublished":"2022-10-10T09:10:37+00:00","dateModified":"2025-02-24T13:14:30+00:00","mainEntityOfPage":{"@id":"https:\/\/www.protect-the-planet.de\/en\/deutscher-stiftungstag-2022\/"},"wordCount":311,"commentCount":0,"publisher":{"@id":"https:\/\/www.protect-the-planet.de\/en\/#organization"},"image":{"@id":"https:\/\/www.protect-the-planet.de\/en\/deutscher-stiftungstag-2022\/#primaryimage"},"thumbnailUrl":"https:\/\/www.protect-the-planet.de\/wp-content\/uploads\/2022\/10\/beitragsbild-dst-stiftungstag.jpg","keywords":["deutscher stiftungstag","dorothea sick-thies","entwicklung","nachhaltige entwicklung","Nachhaltigkeit","sick","stiftungen"],"articleSection":["News"],"inLanguage":"en-US","potentialAction":[{"@type":"CommentAction","name":"Comment","target":["https:\/\/www.protect-the-planet.de\/en\/deutscher-stiftungstag-2022\/#respond"]}]},{"@type":"WebPage","@id":"https:\/\/www.protect-the-planet.de\/en\/deutscher-stiftungstag-2022\/","url":"https:\/\/www.protect-the-planet.de\/en\/deutscher-stiftungstag-2022\/","name":"PtP-Gr\u00fcnderin Dorothea Sick-Thies mit Bundesministerin Schulze auf dem Deutschen Stiftungstag 2022","isPartOf":{"@id":"https:\/\/www.protect-the-planet.de\/en\/#website"},"primaryImageOfPage":{"@id":"https:\/\/www.protect-the-planet.de\/en\/deutscher-stiftungstag-2022\/#primaryimage"},"image":{"@id":"https:\/\/www.protect-the-planet.de\/en\/deutscher-stiftungstag-2022\/#primaryimage"},"thumbnailUrl":"https:\/\/www.protect-the-planet.de\/wp-content\/uploads\/2022\/10\/beitragsbild-dst-stiftungstag.jpg","datePublished":"2022-10-10T09:10:37+00:00","dateModified":"2025-02-24T13:14:30+00:00","description":"Protect-the-Planet-Gr\u00fcnderin Dorothea Sick-Thies auf dem Deutschen Stiftungstag: \"Mehr Stiftungen m\u00fcssen sich f\u00fcr Klimaschutz einsetzen!\"","breadcrumb":{"@id":"https:\/\/www.protect-the-planet.de\/en\/deutscher-stiftungstag-2022\/#breadcrumb"},"inLanguage":"en-US","potentialAction":[{"@type":"ReadAction","target":["https:\/\/www.protect-the-planet.de\/en\/deutscher-stiftungstag-2022\/"]}]},{"@type":"ImageObject","inLanguage":"en-US","@id":"https:\/\/www.protect-the-planet.de\/en\/deutscher-stiftungstag-2022\/#primaryimage","url":"https:\/\/www.protect-the-planet.de\/wp-content\/uploads\/2022\/10\/beitragsbild-dst-stiftungstag.jpg","contentUrl":"https:\/\/www.protect-the-planet.de\/wp-content\/uploads\/2022\/10\/beitragsbild-dst-stiftungstag.jpg","width":2500,"height":1667,"caption":"Beitragsbild DST Stiftungstag"},{"@type":"BreadcrumbList","@id":"https:\/\/www.protect-the-planet.de\/en\/deutscher-stiftungstag-2022\/#breadcrumb","itemListElement":[{"@type":"ListItem","position":1,"name":"Startseite","item":"https:\/\/www.protect-the-planet.de\/en\/home\/"},{"@type":"ListItem","position":2,"name":"PtP-Gr\u00fcnderin Dorothea Sick-Thies mit Bundesministerin Schulze auf dem Deutschen Stiftungstag 2022"}]},{"@type":"WebSite","@id":"https:\/\/www.protect-the-planet.de\/en\/#website","url":"https:\/\/www.protect-the-planet.de\/en\/","name":"Protect the Planet","description":"If we don&#039;t change, the climate will.","publisher":{"@id":"https:\/\/www.protect-the-planet.de\/en\/#organization"},"alternateName":"Protect the Panet gGmbH","potentialAction":[{"@type":"SearchAction","target":{"@type":"EntryPoint","urlTemplate":"https:\/\/www.protect-the-planet.de\/en\/?s={search_term_string}"},"query-input":{"@type":"PropertyValueSpecification","valueRequired":true,"valueName":"search_term_string"}}],"inLanguage":"en-US"},{"@type":"Organization","@id":"https:\/\/www.protect-the-planet.de\/en\/#organization","name":"Protect the Planet","url":"https:\/\/www.protect-the-planet.de\/en\/","logo":{"@type":"ImageObject","inLanguage":"en-US","@id":"https:\/\/www.protect-the-planet.de\/en\/#\/schema\/logo\/image\/","url":"https:\/\/www.protect-the-planet.de\/wp-content\/uploads\/2023\/09\/LOGO-positiv_transparent-klein.png","contentUrl":"https:\/\/www.protect-the-planet.de\/wp-content\/uploads\/2023\/09\/LOGO-positiv_transparent-klein.png","width":123,"height":68,"caption":"Protect the Planet"},"image":{"@id":"https:\/\/www.protect-the-planet.de\/en\/#\/schema\/logo\/image\/"},"sameAs":["https:\/\/www.facebook.com\/protecttheplanetDE\/","https:\/\/x.com\/PtP_de","https:\/\/www.instagram.com\/protecttheplanetorg\/","https:\/\/www.linkedin.com\/company\/protect-the-planet","https:\/\/www.youtube.com\/@protecttheplanet"]},{"@type":"Person","@id":"https:\/\/www.protect-the-planet.de\/en\/#\/schema\/person\/c843c153d0dd33ec584996931e438bce","name":"Fenja Jacobs","image":{"@type":"ImageObject","inLanguage":"en-US","@id":"https:\/\/secure.gravatar.com\/avatar\/1319de9aaea70b6c6ed807392ef95d6582ceaf98cca9de0a0022ba8e0d3a7fc3?s=96&d=mm&r=g","url":"https:\/\/secure.gravatar.com\/avatar\/1319de9aaea70b6c6ed807392ef95d6582ceaf98cca9de0a0022ba8e0d3a7fc3?s=96&d=mm&r=g","contentUrl":"https:\/\/secure.gravatar.com\/avatar\/1319de9aaea70b6c6ed807392ef95d6582ceaf98cca9de0a0022ba8e0d3a7fc3?s=96&d=mm&r=g","caption":"Fenja Jacobs"},"url":"https:\/\/www.protect-the-planet.de\/en\/author\/fenja-jacobs\/"}]}},"_links":{"self":[{"href":"https:\/\/www.protect-the-planet.de\/en\/wp-json\/wp\/v2\/posts\/25824","targetHints":{"allow":["GET"]}}],"collection":[{"href":"https:\/\/www.protect-the-planet.de\/en\/wp-json\/wp\/v2\/posts"}],"about":[{"href":"https:\/\/www.protect-the-planet.de\/en\/wp-json\/wp\/v2\/types\/post"}],"author":[{"embeddable":true,"href":"https:\/\/www.protect-the-planet.de\/en\/wp-json\/wp\/v2\/users\/3"}],"replies":[{"embeddable":true,"href":"https:\/\/www.protect-the-planet.de\/en\/wp-json\/wp\/v2\/comments?post=25824"}],"version-history":[{"count":0,"href":"https:\/\/www.protect-the-planet.de\/en\/wp-json\/wp\/v2\/posts\/25824\/revisions"}],"wp:featuredmedia":[{"embeddable":true,"href":"https:\/\/www.protect-the-planet.de\/en\/wp-json\/wp\/v2\/media\/21867"}],"wp:attachment":[{"href":"https:\/\/www.protect-the-planet.de\/en\/wp-json\/wp\/v2\/media?parent=25824"}],"wp:term":[{"taxonomy":"category","embeddable":true,"href":"https:\/\/www.protect-the-planet.de\/en\/wp-json\/wp\/v2\/categories?post=25824"},{"taxonomy":"post_tag","embeddable":true,"href":"https:\/\/www.protect-the-planet.de\/en\/wp-json\/wp\/v2\/tags?post=25824"}],"curies":[{"name":"wp","href":"https:\/\/api.w.org\/{rel}","templated":true}]}}