{"id":25822,"date":"2023-10-25T17:24:54","date_gmt":"2023-10-25T15:24:54","guid":{"rendered":"https:\/\/www.protect-the-planet.de\/fritz-bauer-preis\/"},"modified":"2024-03-21T16:16:47","modified_gmt":"2024-03-21T15:16:47","slug":"fritz-bauer-preis","status":"publish","type":"post","link":"https:\/\/www.protect-the-planet.de\/en\/fritz-bauer-preis\/","title":{"rendered":"Fritz-Bauer-Preis 2023: Eine Auszeichnung f\u00fcr den Klimaschutz"},"content":{"rendered":"\t\t<div data-elementor-type=\"wp-post\" data-elementor-id=\"25822\" class=\"elementor elementor-25822 elementor-22596\" data-elementor-post-type=\"post\">\n\t\t\t\t\t\t<section class=\"elementor-section elementor-top-section elementor-element elementor-element-5f17ed10 elementor-section-boxed elementor-section-height-default elementor-section-height-default\" data-id=\"5f17ed10\" data-element_type=\"section\" data-e-type=\"section\">\n\t\t\t\t\t\t<div class=\"elementor-container elementor-column-gap-default\">\n\t\t\t\t\t<div class=\"elementor-column elementor-col-100 elementor-top-column elementor-element elementor-element-6980e660\" data-id=\"6980e660\" data-element_type=\"column\" data-e-type=\"column\">\n\t\t\t<div class=\"elementor-widget-wrap elementor-element-populated\">\n\t\t\t\t\t\t<div class=\"elementor-element elementor-element-5577457d elementor-widget elementor-widget-text-editor\" data-id=\"5577457d\" data-element_type=\"widget\" data-e-type=\"widget\" data-widget_type=\"text-editor.default\">\n\t\t\t\t<div class=\"elementor-widget-container\">\n\t\t\t\t\t\t\t\t\t<div>Es ist eine bedeutende Anerkennung f\u00fcr den Einsatz f\u00fcr Klimaschutz und die Rechte von zuk\u00fcnftigen Generationen. Und nicht zuletzt f\u00fcr unsere Arbeit an Klimaklagen: Der <a href=\"https:\/\/www.humanistische-union.de\/themen\/veranstaltungen\/buergerrechtspreise\/fritz-bauer-preis\/\">Fritz-Bauer-Preis<\/a> wurde 2023 an die Kl\u00e4ger*innen der <a href=\"https:\/\/www.protect-the-planet.de\/bundesverfassungsbeschwerde-klimaschutz-hat-verfassungsrang\/\">Bundesverfassungsbeschwerde gegen das Klimaschutzgesetz der Bundesregierung<\/a>, an der auch wir beteiligt waren, verliehen.<\/div><div>\u00a0<\/div><div><h2><strong>Die Bundesverfassungsbeschwerde und ihr historisches Urteil<\/strong><\/h2><p>2021 hatten neun junge Menschen Klage gegen das Klimaschutzgesetz der Bundesregierung von 2019 erhoben. Das Bundesverfassungsgericht erkl\u00e4rte daraufhin in einem historischen Urteil das Klimaschutzgesetz der Bundesregierung f\u00fcr verfassungswidrig und berief sich dabei auch auf zuk\u00fcnftige Generationen. Der Klimaschutz hatte demnach Verfassungsrang.<\/p><p>Der Fritz-Bauer-Preis, vergeben von der Humanistischen Union, ist eine renommierte Auszeichnung, die das Engagement f\u00fcr soziale Gerechtigkeit und die Verteidigung der Menschenrechte w\u00fcrdigt. In diesem Jahr wurde der Preis den Kl\u00e4ger*innen der Bundesverfassungsbeschwerde verliehen, um ihre Bem\u00fchungen f\u00fcr den Klimaschutz zu ehren.<\/p><p><img fetchpriority=\"high\" decoding=\"async\" class=\"alignnone size-medium wp-image-23127\" src=\"https:\/\/www.protect-the-planet.de\/wp-content\/uploads\/2023\/11\/WhatsApp-Image-2023-10-15-at-14.49.363-225x300.jpeg\" alt=\"\" width=\"225\" height=\"300\" srcset=\"https:\/\/www.protect-the-planet.de\/wp-content\/uploads\/2023\/11\/WhatsApp-Image-2023-10-15-at-14.49.363-225x300.jpeg 225w, https:\/\/www.protect-the-planet.de\/wp-content\/uploads\/2023\/11\/WhatsApp-Image-2023-10-15-at-14.49.363-768x1024.jpeg 768w, https:\/\/www.protect-the-planet.de\/wp-content\/uploads\/2023\/11\/WhatsApp-Image-2023-10-15-at-14.49.363-1152x1536.jpeg 1152w, https:\/\/www.protect-the-planet.de\/wp-content\/uploads\/2023\/11\/WhatsApp-Image-2023-10-15-at-14.49.363-1320x1760.jpeg 1320w, https:\/\/www.protect-the-planet.de\/wp-content\/uploads\/2023\/11\/WhatsApp-Image-2023-10-15-at-14.49.363.jpeg 1536w\" sizes=\"(max-width: 225px) 100vw, 225px\" \/><img decoding=\"async\" class=\"alignnone size-medium wp-image-23129\" src=\"https:\/\/www.protect-the-planet.de\/wp-content\/uploads\/2023\/11\/WhatsApp-Image-2023-10-15-at-14.49.364-225x300.jpeg\" alt=\"\" width=\"225\" height=\"300\" srcset=\"https:\/\/www.protect-the-planet.de\/wp-content\/uploads\/2023\/11\/WhatsApp-Image-2023-10-15-at-14.49.364-225x300.jpeg 225w, https:\/\/www.protect-the-planet.de\/wp-content\/uploads\/2023\/11\/WhatsApp-Image-2023-10-15-at-14.49.364-768x1024.jpeg 768w, https:\/\/www.protect-the-planet.de\/wp-content\/uploads\/2023\/11\/WhatsApp-Image-2023-10-15-at-14.49.364-1152x1536.jpeg 1152w, https:\/\/www.protect-the-planet.de\/wp-content\/uploads\/2023\/11\/WhatsApp-Image-2023-10-15-at-14.49.364-1320x1760.jpeg 1320w, https:\/\/www.protect-the-planet.de\/wp-content\/uploads\/2023\/11\/WhatsApp-Image-2023-10-15-at-14.49.364.jpeg 1536w\" sizes=\"(max-width: 225px) 100vw, 225px\" \/><\/p><p>L\u00fcke Recktenwald, einer der Kl\u00e4ger, war bei der Preisverleihung vor Ort. Er hat bereits beim &#8220;<a href=\"https:\/\/www.protect-the-planet.de\/peoples-climate-case\/\">People&#8217;s Climate Case&#8221;<\/a>, der von Protect the Planet initiierten ersten europ\u00e4ischen Klimaklage als bereits heute vom Klimawandel Betroffener geklagt. Es sei eine gro\u00dfe Ehre f\u00fcr ihn, diesen Preis zu erhalten.<\/p><p><img decoding=\"async\" class=\"alignnone wp-image-23133\" src=\"https:\/\/www.protect-the-planet.de\/wp-content\/uploads\/2023\/11\/WhatsApp-Image-2023-10-15-at-14.49.442-300x225.jpeg\" alt=\"\" width=\"672\" height=\"504\" srcset=\"https:\/\/www.protect-the-planet.de\/wp-content\/uploads\/2023\/11\/WhatsApp-Image-2023-10-15-at-14.49.442-300x225.jpeg 300w, https:\/\/www.protect-the-planet.de\/wp-content\/uploads\/2023\/11\/WhatsApp-Image-2023-10-15-at-14.49.442-1024x768.jpeg 1024w, https:\/\/www.protect-the-planet.de\/wp-content\/uploads\/2023\/11\/WhatsApp-Image-2023-10-15-at-14.49.442-768x576.jpeg 768w, https:\/\/www.protect-the-planet.de\/wp-content\/uploads\/2023\/11\/WhatsApp-Image-2023-10-15-at-14.49.442-1536x1152.jpeg 1536w, https:\/\/www.protect-the-planet.de\/wp-content\/uploads\/2023\/11\/WhatsApp-Image-2023-10-15-at-14.49.442-1320x990.jpeg 1320w, https:\/\/www.protect-the-planet.de\/wp-content\/uploads\/2023\/11\/WhatsApp-Image-2023-10-15-at-14.49.442.jpeg 2048w\" sizes=\"(max-width: 672px) 100vw, 672px\" \/><\/p><p><em>Kl\u00e4ger L\u00fcke Recktenwald<\/em><\/p><p>Ein weiterer Kl\u00e4ger ,Hauke Engels, sagte zur Verleihung: &#8220;Mich macht die Vergabe dieses Preises hoffnungsvoll, nicht in Lethargie zu versinken, und nicht Nichts zu tun. Sondern macht mich hoffnungsvoll, dass wir gemeinsam handlungsfa\u0308hig sind und die Klimakrise bewa\u0308ltigbar ist.<\/p><div class=\"page\" title=\"Page 1\"><div class=\"layoutArea\"><div class=\"column\"><p>Und zuletzt macht es mir Hoffnung, dass durch ausreichenden Druck von Seiten der Zivilgesellschaft, ausreichenden Druck von Seiten deutscher Gerichte und vielleicht auch eines Tages durch ausreichenden Druck von Seiten der Politik, die Zukunft kommender Generationen lebenswert bleibt.&#8221;<\/p><\/div><\/div><\/div><p>Die Verleihung des Fritz-Bauer-Preises an die Kl\u00e4ger*innen der Bundesverfassungsbeschwerde unterstreicht die Bedeutung des Klimaschutzes und des Engagements f\u00fcr eine lebenswerte Zukunft. Es ist ein Aufruf, nicht zu resignieren, sondern weiterhin f\u00fcr den Klimaschutz zu k\u00e4mpfen.<\/p><\/div>\t\t\t\t\t\t\t\t<\/div>\n\t\t\t\t<\/div>\n\t\t\t\t\t<\/div>\n\t\t<\/div>\n\t\t\t\t\t<\/div>\n\t\t<\/section>\n\t\t<div class=\"elementor-element elementor-element-2e15b67 e-flex e-con-boxed e-con e-parent\" data-id=\"2e15b67\" data-element_type=\"container\" data-e-type=\"container\">\n\t\t\t\t\t<div class=\"e-con-inner\">\n\t\t\t\t\t<\/div>\n\t\t\t\t<\/div>\n\t\t\t\t<\/div>\n\t\t","protected":false},"excerpt":{"rendered":"<p>Der Fritz-Bauer-Preis wurde 2023 an die Kl\u00e4ger*innen der Bundesverfassungsbeschwerde gegen das Klimaschutzgesetz der Bundesregierung, an der auch wir beteiligt waren, verliehen.<\/p>\n","protected":false},"author":3,"featured_media":23132,"comment_status":"open","ping_status":"open","sticky":false,"template":"","format":"standard","meta":{"footnotes":""},"categories":[729],"tags":[1045,736,1046,737,1047],"class_list":["post-25822","post","type-post","status-publish","format-standard","has-post-thumbnail","hentry","category-news","tag-bundesverfassungsbeschwerde-en","tag-klimaallianz-en","tag-klimaklagen-en","tag-klimapolitik-en","tag-preisverleihung-en"],"yoast_head":"<!-- This site is optimized with the Yoast SEO plugin v27.5 - https:\/\/yoast.com\/product\/yoast-seo-wordpress\/ -->\n<title>Fritz-Bauer-Preis 2023: Eine Auszeichnung f\u00fcr den Klimaschutz - Protect the Planet<\/title>\n<meta name=\"description\" content=\"Der Fritz-Bauer-Preis wurde an die Kl\u00e4ger*innen der Bundesverfassungsbeschwerde gegen das Klimaschutzgesetz, an der auch wir beteiligt waren, verliehen.\" \/>\n<meta name=\"robots\" content=\"index, follow, max-snippet:-1, max-image-preview:large, max-video-preview:-1\" \/>\n<link rel=\"canonical\" href=\"https:\/\/www.protect-the-planet.de\/en\/fritz-bauer-preis\/\" \/>\n<meta property=\"og:locale\" content=\"en_US\" \/>\n<meta property=\"og:type\" content=\"article\" \/>\n<meta property=\"og:title\" content=\"Fritz-Bauer-Preis 2023: Eine Auszeichnung f\u00fcr den Klimaschutz - Protect the Planet\" \/>\n<meta property=\"og:description\" content=\"Der Fritz-Bauer-Preis wurde an die Kl\u00e4ger*innen der Bundesverfassungsbeschwerde gegen das Klimaschutzgesetz, an der auch wir beteiligt waren, verliehen.\" \/>\n<meta property=\"og:url\" content=\"https:\/\/www.protect-the-planet.de\/en\/fritz-bauer-preis\/\" \/>\n<meta property=\"og:site_name\" content=\"Protect the Planet\" \/>\n<meta property=\"article:publisher\" content=\"https:\/\/www.facebook.com\/protecttheplanetDE\/\" \/>\n<meta property=\"article:published_time\" content=\"2023-10-25T15:24:54+00:00\" \/>\n<meta property=\"article:modified_time\" content=\"2024-03-21T15:16:47+00:00\" \/>\n<meta property=\"og:image\" content=\"https:\/\/www.protect-the-planet.de\/wp-content\/uploads\/2023\/11\/WhatsApp-Image-2023-10-15-at-14.49.39.jpeg\" \/>\n\t<meta property=\"og:image:width\" content=\"2048\" \/>\n\t<meta property=\"og:image:height\" content=\"1864\" \/>\n\t<meta property=\"og:image:type\" content=\"image\/jpeg\" \/>\n<meta name=\"author\" content=\"Fenja Jacobs\" \/>\n<meta name=\"twitter:card\" content=\"summary_large_image\" \/>\n<meta name=\"twitter:creator\" content=\"@PtP_de\" \/>\n<meta name=\"twitter:site\" content=\"@PtP_de\" \/>\n<meta name=\"twitter:label1\" content=\"Written by\" \/>\n\t<meta name=\"twitter:data1\" content=\"Fenja Jacobs\" \/>\n\t<meta name=\"twitter:label2\" content=\"Est. reading time\" \/>\n\t<meta name=\"twitter:data2\" content=\"3 minutes\" \/>\n<script type=\"application\/ld+json\" class=\"yoast-schema-graph\">{\"@context\":\"https:\\\/\\\/schema.org\",\"@graph\":[{\"@type\":\"Article\",\"@id\":\"https:\\\/\\\/www.protect-the-planet.de\\\/en\\\/fritz-bauer-preis\\\/#article\",\"isPartOf\":{\"@id\":\"https:\\\/\\\/www.protect-the-planet.de\\\/en\\\/fritz-bauer-preis\\\/\"},\"author\":{\"name\":\"Fenja Jacobs\",\"@id\":\"https:\\\/\\\/www.protect-the-planet.de\\\/en\\\/#\\\/schema\\\/person\\\/c843c153d0dd33ec584996931e438bce\"},\"headline\":\"Fritz-Bauer-Preis 2023: Eine Auszeichnung f\u00fcr den Klimaschutz\",\"datePublished\":\"2023-10-25T15:24:54+00:00\",\"dateModified\":\"2024-03-21T15:16:47+00:00\",\"mainEntityOfPage\":{\"@id\":\"https:\\\/\\\/www.protect-the-planet.de\\\/en\\\/fritz-bauer-preis\\\/\"},\"wordCount\":329,\"commentCount\":0,\"publisher\":{\"@id\":\"https:\\\/\\\/www.protect-the-planet.de\\\/en\\\/#organization\"},\"image\":{\"@id\":\"https:\\\/\\\/www.protect-the-planet.de\\\/en\\\/fritz-bauer-preis\\\/#primaryimage\"},\"thumbnailUrl\":\"https:\\\/\\\/www.protect-the-planet.de\\\/wp-content\\\/uploads\\\/2023\\\/11\\\/WhatsApp-Image-2023-10-15-at-14.49.39.jpeg\",\"keywords\":[\"bundesverfassungsbeschwerde\",\"Klimaallianz\",\"Klimaklagen\",\"Klimapolitik\",\"preisverleihung\"],\"articleSection\":[\"News\"],\"inLanguage\":\"en-US\",\"potentialAction\":[{\"@type\":\"CommentAction\",\"name\":\"Comment\",\"target\":[\"https:\\\/\\\/www.protect-the-planet.de\\\/en\\\/fritz-bauer-preis\\\/#respond\"]}]},{\"@type\":\"WebPage\",\"@id\":\"https:\\\/\\\/www.protect-the-planet.de\\\/en\\\/fritz-bauer-preis\\\/\",\"url\":\"https:\\\/\\\/www.protect-the-planet.de\\\/en\\\/fritz-bauer-preis\\\/\",\"name\":\"Fritz-Bauer-Preis 2023: Eine Auszeichnung f\u00fcr den Klimaschutz - Protect the Planet\",\"isPartOf\":{\"@id\":\"https:\\\/\\\/www.protect-the-planet.de\\\/en\\\/#website\"},\"primaryImageOfPage\":{\"@id\":\"https:\\\/\\\/www.protect-the-planet.de\\\/en\\\/fritz-bauer-preis\\\/#primaryimage\"},\"image\":{\"@id\":\"https:\\\/\\\/www.protect-the-planet.de\\\/en\\\/fritz-bauer-preis\\\/#primaryimage\"},\"thumbnailUrl\":\"https:\\\/\\\/www.protect-the-planet.de\\\/wp-content\\\/uploads\\\/2023\\\/11\\\/WhatsApp-Image-2023-10-15-at-14.49.39.jpeg\",\"datePublished\":\"2023-10-25T15:24:54+00:00\",\"dateModified\":\"2024-03-21T15:16:47+00:00\",\"description\":\"Der Fritz-Bauer-Preis wurde an die Kl\u00e4ger*innen der Bundesverfassungsbeschwerde gegen das Klimaschutzgesetz, an der auch wir beteiligt waren, verliehen.\",\"breadcrumb\":{\"@id\":\"https:\\\/\\\/www.protect-the-planet.de\\\/en\\\/fritz-bauer-preis\\\/#breadcrumb\"},\"inLanguage\":\"en-US\",\"potentialAction\":[{\"@type\":\"ReadAction\",\"target\":[\"https:\\\/\\\/www.protect-the-planet.de\\\/en\\\/fritz-bauer-preis\\\/\"]}]},{\"@type\":\"ImageObject\",\"inLanguage\":\"en-US\",\"@id\":\"https:\\\/\\\/www.protect-the-planet.de\\\/en\\\/fritz-bauer-preis\\\/#primaryimage\",\"url\":\"https:\\\/\\\/www.protect-the-planet.de\\\/wp-content\\\/uploads\\\/2023\\\/11\\\/WhatsApp-Image-2023-10-15-at-14.49.39.jpeg\",\"contentUrl\":\"https:\\\/\\\/www.protect-the-planet.de\\\/wp-content\\\/uploads\\\/2023\\\/11\\\/WhatsApp-Image-2023-10-15-at-14.49.39.jpeg\",\"width\":2048,\"height\":1864},{\"@type\":\"BreadcrumbList\",\"@id\":\"https:\\\/\\\/www.protect-the-planet.de\\\/en\\\/fritz-bauer-preis\\\/#breadcrumb\",\"itemListElement\":[{\"@type\":\"ListItem\",\"position\":1,\"name\":\"Startseite\",\"item\":\"https:\\\/\\\/www.protect-the-planet.de\\\/en\\\/home\\\/\"},{\"@type\":\"ListItem\",\"position\":2,\"name\":\"Fritz-Bauer-Preis 2023: Eine Auszeichnung f\u00fcr den Klimaschutz\"}]},{\"@type\":\"WebSite\",\"@id\":\"https:\\\/\\\/www.protect-the-planet.de\\\/en\\\/#website\",\"url\":\"https:\\\/\\\/www.protect-the-planet.de\\\/en\\\/\",\"name\":\"Protect the Planet\",\"description\":\"If we don&#039;t change, the climate will.\",\"publisher\":{\"@id\":\"https:\\\/\\\/www.protect-the-planet.de\\\/en\\\/#organization\"},\"alternateName\":\"Protect the Panet gGmbH\",\"potentialAction\":[{\"@type\":\"SearchAction\",\"target\":{\"@type\":\"EntryPoint\",\"urlTemplate\":\"https:\\\/\\\/www.protect-the-planet.de\\\/en\\\/?s={search_term_string}\"},\"query-input\":{\"@type\":\"PropertyValueSpecification\",\"valueRequired\":true,\"valueName\":\"search_term_string\"}}],\"inLanguage\":\"en-US\"},{\"@type\":\"Organization\",\"@id\":\"https:\\\/\\\/www.protect-the-planet.de\\\/en\\\/#organization\",\"name\":\"Protect the Planet\",\"url\":\"https:\\\/\\\/www.protect-the-planet.de\\\/en\\\/\",\"logo\":{\"@type\":\"ImageObject\",\"inLanguage\":\"en-US\",\"@id\":\"https:\\\/\\\/www.protect-the-planet.de\\\/en\\\/#\\\/schema\\\/logo\\\/image\\\/\",\"url\":\"https:\\\/\\\/www.protect-the-planet.de\\\/wp-content\\\/uploads\\\/2023\\\/09\\\/LOGO-positiv_transparent-klein.png\",\"contentUrl\":\"https:\\\/\\\/www.protect-the-planet.de\\\/wp-content\\\/uploads\\\/2023\\\/09\\\/LOGO-positiv_transparent-klein.png\",\"width\":123,\"height\":68,\"caption\":\"Protect the Planet\"},\"image\":{\"@id\":\"https:\\\/\\\/www.protect-the-planet.de\\\/en\\\/#\\\/schema\\\/logo\\\/image\\\/\"},\"sameAs\":[\"https:\\\/\\\/www.facebook.com\\\/protecttheplanetDE\\\/\",\"https:\\\/\\\/x.com\\\/PtP_de\",\"https:\\\/\\\/www.instagram.com\\\/protecttheplanetorg\\\/\",\"https:\\\/\\\/www.linkedin.com\\\/company\\\/protect-the-planet\",\"https:\\\/\\\/www.youtube.com\\\/@protecttheplanet\"]},{\"@type\":\"Person\",\"@id\":\"https:\\\/\\\/www.protect-the-planet.de\\\/en\\\/#\\\/schema\\\/person\\\/c843c153d0dd33ec584996931e438bce\",\"name\":\"Fenja Jacobs\",\"image\":{\"@type\":\"ImageObject\",\"inLanguage\":\"en-US\",\"@id\":\"https:\\\/\\\/secure.gravatar.com\\\/avatar\\\/1319de9aaea70b6c6ed807392ef95d6582ceaf98cca9de0a0022ba8e0d3a7fc3?s=96&d=mm&r=g\",\"url\":\"https:\\\/\\\/secure.gravatar.com\\\/avatar\\\/1319de9aaea70b6c6ed807392ef95d6582ceaf98cca9de0a0022ba8e0d3a7fc3?s=96&d=mm&r=g\",\"contentUrl\":\"https:\\\/\\\/secure.gravatar.com\\\/avatar\\\/1319de9aaea70b6c6ed807392ef95d6582ceaf98cca9de0a0022ba8e0d3a7fc3?s=96&d=mm&r=g\",\"caption\":\"Fenja Jacobs\"},\"url\":\"https:\\\/\\\/www.protect-the-planet.de\\\/en\\\/author\\\/fenja-jacobs\\\/\"}]}<\/script>\n<!-- \/ Yoast SEO plugin. -->","yoast_head_json":{"title":"Fritz-Bauer-Preis 2023: Eine Auszeichnung f\u00fcr den Klimaschutz - Protect the Planet","description":"Der Fritz-Bauer-Preis wurde an die Kl\u00e4ger*innen der Bundesverfassungsbeschwerde gegen das Klimaschutzgesetz, an der auch wir beteiligt waren, verliehen.","robots":{"index":"index","follow":"follow","max-snippet":"max-snippet:-1","max-image-preview":"max-image-preview:large","max-video-preview":"max-video-preview:-1"},"canonical":"https:\/\/www.protect-the-planet.de\/en\/fritz-bauer-preis\/","og_locale":"en_US","og_type":"article","og_title":"Fritz-Bauer-Preis 2023: Eine Auszeichnung f\u00fcr den Klimaschutz - Protect the Planet","og_description":"Der Fritz-Bauer-Preis wurde an die Kl\u00e4ger*innen der Bundesverfassungsbeschwerde gegen das Klimaschutzgesetz, an der auch wir beteiligt waren, verliehen.","og_url":"https:\/\/www.protect-the-planet.de\/en\/fritz-bauer-preis\/","og_site_name":"Protect the Planet","article_publisher":"https:\/\/www.facebook.com\/protecttheplanetDE\/","article_published_time":"2023-10-25T15:24:54+00:00","article_modified_time":"2024-03-21T15:16:47+00:00","og_image":[{"width":2048,"height":1864,"url":"https:\/\/www.protect-the-planet.de\/wp-content\/uploads\/2023\/11\/WhatsApp-Image-2023-10-15-at-14.49.39.jpeg","type":"image\/jpeg"}],"author":"Fenja Jacobs","twitter_card":"summary_large_image","twitter_creator":"@PtP_de","twitter_site":"@PtP_de","twitter_misc":{"Written by":"Fenja Jacobs","Est. reading time":"3 minutes"},"schema":{"@context":"https:\/\/schema.org","@graph":[{"@type":"Article","@id":"https:\/\/www.protect-the-planet.de\/en\/fritz-bauer-preis\/#article","isPartOf":{"@id":"https:\/\/www.protect-the-planet.de\/en\/fritz-bauer-preis\/"},"author":{"name":"Fenja Jacobs","@id":"https:\/\/www.protect-the-planet.de\/en\/#\/schema\/person\/c843c153d0dd33ec584996931e438bce"},"headline":"Fritz-Bauer-Preis 2023: Eine Auszeichnung f\u00fcr den Klimaschutz","datePublished":"2023-10-25T15:24:54+00:00","dateModified":"2024-03-21T15:16:47+00:00","mainEntityOfPage":{"@id":"https:\/\/www.protect-the-planet.de\/en\/fritz-bauer-preis\/"},"wordCount":329,"commentCount":0,"publisher":{"@id":"https:\/\/www.protect-the-planet.de\/en\/#organization"},"image":{"@id":"https:\/\/www.protect-the-planet.de\/en\/fritz-bauer-preis\/#primaryimage"},"thumbnailUrl":"https:\/\/www.protect-the-planet.de\/wp-content\/uploads\/2023\/11\/WhatsApp-Image-2023-10-15-at-14.49.39.jpeg","keywords":["bundesverfassungsbeschwerde","Klimaallianz","Klimaklagen","Klimapolitik","preisverleihung"],"articleSection":["News"],"inLanguage":"en-US","potentialAction":[{"@type":"CommentAction","name":"Comment","target":["https:\/\/www.protect-the-planet.de\/en\/fritz-bauer-preis\/#respond"]}]},{"@type":"WebPage","@id":"https:\/\/www.protect-the-planet.de\/en\/fritz-bauer-preis\/","url":"https:\/\/www.protect-the-planet.de\/en\/fritz-bauer-preis\/","name":"Fritz-Bauer-Preis 2023: Eine Auszeichnung f\u00fcr den Klimaschutz - Protect the Planet","isPartOf":{"@id":"https:\/\/www.protect-the-planet.de\/en\/#website"},"primaryImageOfPage":{"@id":"https:\/\/www.protect-the-planet.de\/en\/fritz-bauer-preis\/#primaryimage"},"image":{"@id":"https:\/\/www.protect-the-planet.de\/en\/fritz-bauer-preis\/#primaryimage"},"thumbnailUrl":"https:\/\/www.protect-the-planet.de\/wp-content\/uploads\/2023\/11\/WhatsApp-Image-2023-10-15-at-14.49.39.jpeg","datePublished":"2023-10-25T15:24:54+00:00","dateModified":"2024-03-21T15:16:47+00:00","description":"Der Fritz-Bauer-Preis wurde an die Kl\u00e4ger*innen der Bundesverfassungsbeschwerde gegen das Klimaschutzgesetz, an der auch wir beteiligt waren, verliehen.","breadcrumb":{"@id":"https:\/\/www.protect-the-planet.de\/en\/fritz-bauer-preis\/#breadcrumb"},"inLanguage":"en-US","potentialAction":[{"@type":"ReadAction","target":["https:\/\/www.protect-the-planet.de\/en\/fritz-bauer-preis\/"]}]},{"@type":"ImageObject","inLanguage":"en-US","@id":"https:\/\/www.protect-the-planet.de\/en\/fritz-bauer-preis\/#primaryimage","url":"https:\/\/www.protect-the-planet.de\/wp-content\/uploads\/2023\/11\/WhatsApp-Image-2023-10-15-at-14.49.39.jpeg","contentUrl":"https:\/\/www.protect-the-planet.de\/wp-content\/uploads\/2023\/11\/WhatsApp-Image-2023-10-15-at-14.49.39.jpeg","width":2048,"height":1864},{"@type":"BreadcrumbList","@id":"https:\/\/www.protect-the-planet.de\/en\/fritz-bauer-preis\/#breadcrumb","itemListElement":[{"@type":"ListItem","position":1,"name":"Startseite","item":"https:\/\/www.protect-the-planet.de\/en\/home\/"},{"@type":"ListItem","position":2,"name":"Fritz-Bauer-Preis 2023: Eine Auszeichnung f\u00fcr den Klimaschutz"}]},{"@type":"WebSite","@id":"https:\/\/www.protect-the-planet.de\/en\/#website","url":"https:\/\/www.protect-the-planet.de\/en\/","name":"Protect the Planet","description":"If we don&#039;t change, the climate will.","publisher":{"@id":"https:\/\/www.protect-the-planet.de\/en\/#organization"},"alternateName":"Protect the Panet gGmbH","potentialAction":[{"@type":"SearchAction","target":{"@type":"EntryPoint","urlTemplate":"https:\/\/www.protect-the-planet.de\/en\/?s={search_term_string}"},"query-input":{"@type":"PropertyValueSpecification","valueRequired":true,"valueName":"search_term_string"}}],"inLanguage":"en-US"},{"@type":"Organization","@id":"https:\/\/www.protect-the-planet.de\/en\/#organization","name":"Protect the Planet","url":"https:\/\/www.protect-the-planet.de\/en\/","logo":{"@type":"ImageObject","inLanguage":"en-US","@id":"https:\/\/www.protect-the-planet.de\/en\/#\/schema\/logo\/image\/","url":"https:\/\/www.protect-the-planet.de\/wp-content\/uploads\/2023\/09\/LOGO-positiv_transparent-klein.png","contentUrl":"https:\/\/www.protect-the-planet.de\/wp-content\/uploads\/2023\/09\/LOGO-positiv_transparent-klein.png","width":123,"height":68,"caption":"Protect the Planet"},"image":{"@id":"https:\/\/www.protect-the-planet.de\/en\/#\/schema\/logo\/image\/"},"sameAs":["https:\/\/www.facebook.com\/protecttheplanetDE\/","https:\/\/x.com\/PtP_de","https:\/\/www.instagram.com\/protecttheplanetorg\/","https:\/\/www.linkedin.com\/company\/protect-the-planet","https:\/\/www.youtube.com\/@protecttheplanet"]},{"@type":"Person","@id":"https:\/\/www.protect-the-planet.de\/en\/#\/schema\/person\/c843c153d0dd33ec584996931e438bce","name":"Fenja Jacobs","image":{"@type":"ImageObject","inLanguage":"en-US","@id":"https:\/\/secure.gravatar.com\/avatar\/1319de9aaea70b6c6ed807392ef95d6582ceaf98cca9de0a0022ba8e0d3a7fc3?s=96&d=mm&r=g","url":"https:\/\/secure.gravatar.com\/avatar\/1319de9aaea70b6c6ed807392ef95d6582ceaf98cca9de0a0022ba8e0d3a7fc3?s=96&d=mm&r=g","contentUrl":"https:\/\/secure.gravatar.com\/avatar\/1319de9aaea70b6c6ed807392ef95d6582ceaf98cca9de0a0022ba8e0d3a7fc3?s=96&d=mm&r=g","caption":"Fenja Jacobs"},"url":"https:\/\/www.protect-the-planet.de\/en\/author\/fenja-jacobs\/"}]}},"_links":{"self":[{"href":"https:\/\/www.protect-the-planet.de\/en\/wp-json\/wp\/v2\/posts\/25822","targetHints":{"allow":["GET"]}}],"collection":[{"href":"https:\/\/www.protect-the-planet.de\/en\/wp-json\/wp\/v2\/posts"}],"about":[{"href":"https:\/\/www.protect-the-planet.de\/en\/wp-json\/wp\/v2\/types\/post"}],"author":[{"embeddable":true,"href":"https:\/\/www.protect-the-planet.de\/en\/wp-json\/wp\/v2\/users\/3"}],"replies":[{"embeddable":true,"href":"https:\/\/www.protect-the-planet.de\/en\/wp-json\/wp\/v2\/comments?post=25822"}],"version-history":[{"count":0,"href":"https:\/\/www.protect-the-planet.de\/en\/wp-json\/wp\/v2\/posts\/25822\/revisions"}],"wp:featuredmedia":[{"embeddable":true,"href":"https:\/\/www.protect-the-planet.de\/en\/wp-json\/wp\/v2\/media\/23132"}],"wp:attachment":[{"href":"https:\/\/www.protect-the-planet.de\/en\/wp-json\/wp\/v2\/media?parent=25822"}],"wp:term":[{"taxonomy":"category","embeddable":true,"href":"https:\/\/www.protect-the-planet.de\/en\/wp-json\/wp\/v2\/categories?post=25822"},{"taxonomy":"post_tag","embeddable":true,"href":"https:\/\/www.protect-the-planet.de\/en\/wp-json\/wp\/v2\/tags?post=25822"}],"curies":[{"name":"wp","href":"https:\/\/api.w.org\/{rel}","templated":true}]}}