{"id":25820,"date":"2023-12-04T12:24:45","date_gmt":"2023-12-04T11:24:45","guid":{"rendered":"https:\/\/www.protect-the-planet.de\/mitglied-bundesverband-nachhaltige-wirtschaft\/"},"modified":"2024-04-15T16:12:42","modified_gmt":"2024-04-15T14:12:42","slug":"mitglied-bundesverband-nachhaltige-wirtschaft","status":"publish","type":"post","link":"https:\/\/www.protect-the-planet.de\/en\/mitglied-bundesverband-nachhaltige-wirtschaft\/","title":{"rendered":"Wir sind Mitglied im Bundesverband Nachhaltige Wirtschaft e.V. (BNW)"},"content":{"rendered":"\n<p>Zum Jahresende hin noch eine erfreuliche Nachricht aus unserem Klimanetzwerk: Wir sind nun Mitglied im\u00a0<a href=\"https:\/\/www.bnw-bundesverband.de\/\">Bundesverband Nachhaltige Wirtschaft e.V. (BNW)<\/a>! Als Protect the Planet nutzen wir die Macht- und Einflussm\u00f6glichkeiten der Wirtschaft positiv zur Erreichung der Pariser Klimaziele, indem wir daf\u00fcr sorgen, dass vorbildliche Unternehmen sowie Menschen in unternehmerischer Verantwortung sich <a href=\"https:\/\/www.protect-the-planet.de\/en\/corporate-climate-action\/\">an die Seite der Zivilgesellschaft stellen<\/a>. So verst\u00e4rken wir Vorbilder und Vorreiter im politischen Raum; und bewegen Unternehmen zum Umdenken und klimafreundlichen Wirtschaften. Unser Gesch\u00e4ftsf\u00fchrer Dr. Martin K\u00f6ppel bringt es auf den Punkt:\u00a0\u201eDie Wirtschaft spielt eine zentrale Rolle bei der Transformation hin zur Klimaneutralit\u00e4t. Wir brauchen einen \u00f6kologischen Wandel in Gesellschaft, Politik und Wirtschaft, um die Klimakrise zu bew\u00e4ltigen.\u201c\u00a0Ein starkes\u00a0<a href=\"https:\/\/www.protect-the-planet.de\/en\/climate-network\/\">Netzwerk<\/a>, das Kooperationen, Erfahrungs- und Wissensaustausch m\u00f6glich macht, ist dabei unerl\u00e4sslich. Umso mehr freuen wir uns, nun in diesem renommierten Wirtschaftsverband Mitglied sein zu d\u00fcrfen.<\/p>\n\n\n\n<p>Wir sind gespannt auf das, was die Zusammenarbeit f\u00fcr alle Beteiligten bringt!<\/p>\n\n\n\n<h3 class=\"wp-block-heading\"><strong>\u00dcber den Bundesverband Nachhaltige Wirtschaft e.V.<\/strong><\/h3>\n\n\n\n<p>Urspr\u00fcnglich 1992 gegr\u00fcndet unter dem Namen UnternehmensGr\u00fcn, setzt sich der BNW nun schon seit \u00fcber 30 Jahren f\u00fcr die Verkn\u00fcpfung von Nachhaltigkeit und Wirtschaft ein. Dass das kein Gegensatz sein muss, eigentlich gar keiner sein darf, steht heutzutage au\u00dfer Frage. Sowohl beim Kampf gegen die Klimakrise als auch bei anderen globalen Herausforderungen ist die Rolle von Unternehmer*innen nicht wegzudenken. Der BNW bietet seinen Mitgliedern ein Netzwerk an Unternehmen f\u00fcr gemeinsamen Austausch und Inspiration nach innen. Dazu stellt der BNW f\u00fcr seine Mitglieder eine starke politische Stimme nach au\u00dfen dar. Auch eigene Projekte setzt der BNW um, um ganz konkret zur gesellschaftlichen Nachhaltigkeitstransformation beizutragen. Namhafte&nbsp;<a href=\"https:\/\/www.bnw-bundesverband.de\/mitglieder\">Mitglieder<\/a>&nbsp;sind, unter vielen anderen, Ecosia, Vaude und die GLS Bank.<\/p>\n","protected":false},"excerpt":{"rendered":"<p>Eine erfreuliche Nachricht aus unserem Klimanetzwerk: Wir sind nun Mitglied im\u00a0Bundesverband Nachhaltige Wirtschaft e.V. (BNW)! <\/p>\n","protected":false},"author":6,"featured_media":26354,"comment_status":"closed","ping_status":"closed","sticky":false,"template":"","format":"standard","meta":{"footnotes":""},"categories":[729],"tags":[1044,710,921],"class_list":["post-25820","post","type-post","status-publish","format-standard","has-post-thumbnail","hentry","category-news","tag-bundesverband-nachhaltige-wirtschaft-e-v-en","tag-klimaschutz-en","tag-nachhaltigkeit-en"],"yoast_head":"<!-- This site is optimized with the Yoast SEO plugin v27.5 - https:\/\/yoast.com\/product\/yoast-seo-wordpress\/ -->\n<title>Wir sind Mitglied im Bundesverband Nachhaltige Wirtschaft e.V. (BNW) - Protect the Planet<\/title>\n<meta name=\"description\" content=\"Eine erfreuliche Nachricht aus unserem Klimanetzwerk: Wir sind nun Mitglied im\u00a0Bundesverband Nachhaltige Wirtschaft e.V. (BNW)!\" \/>\n<meta name=\"robots\" content=\"index, follow, max-snippet:-1, max-image-preview:large, max-video-preview:-1\" \/>\n<link rel=\"canonical\" href=\"https:\/\/www.protect-the-planet.de\/en\/mitglied-bundesverband-nachhaltige-wirtschaft\/\" \/>\n<meta property=\"og:locale\" content=\"en_US\" \/>\n<meta property=\"og:type\" content=\"article\" \/>\n<meta property=\"og:title\" content=\"Wir sind Mitglied im Bundesverband Nachhaltige Wirtschaft e.V. (BNW) - Protect the Planet\" \/>\n<meta property=\"og:description\" content=\"Eine erfreuliche Nachricht aus unserem Klimanetzwerk: Wir sind nun Mitglied im\u00a0Bundesverband Nachhaltige Wirtschaft e.V. (BNW)!\" \/>\n<meta property=\"og:url\" content=\"https:\/\/www.protect-the-planet.de\/en\/mitglied-bundesverband-nachhaltige-wirtschaft\/\" \/>\n<meta property=\"og:site_name\" content=\"Protect the Planet\" \/>\n<meta property=\"article:publisher\" content=\"https:\/\/www.facebook.com\/protecttheplanetDE\/\" \/>\n<meta property=\"article:published_time\" content=\"2023-12-04T11:24:45+00:00\" \/>\n<meta property=\"article:modified_time\" content=\"2024-04-15T14:12:42+00:00\" \/>\n<meta name=\"author\" content=\"Fenya Kirst\" \/>\n<meta name=\"twitter:card\" content=\"summary_large_image\" \/>\n<meta name=\"twitter:image\" content=\"https:\/\/www.protect-the-planet.de\/wp-content\/uploads\/2023\/12\/Beitragsbilder-Homepage-900-x-550-849-x-548-1-2.jpg\" \/>\n<meta name=\"twitter:creator\" content=\"@PtP_de\" \/>\n<meta name=\"twitter:site\" content=\"@PtP_de\" \/>\n<meta name=\"twitter:label1\" content=\"Written by\" \/>\n\t<meta name=\"twitter:data1\" content=\"Fenya Kirst\" \/>\n\t<meta name=\"twitter:label2\" content=\"Est. reading time\" \/>\n\t<meta name=\"twitter:data2\" content=\"2 minutes\" \/>\n<script type=\"application\/ld+json\" class=\"yoast-schema-graph\">{\"@context\":\"https:\\\/\\\/schema.org\",\"@graph\":[{\"@type\":\"Article\",\"@id\":\"https:\\\/\\\/www.protect-the-planet.de\\\/en\\\/mitglied-bundesverband-nachhaltige-wirtschaft\\\/#article\",\"isPartOf\":{\"@id\":\"https:\\\/\\\/www.protect-the-planet.de\\\/en\\\/mitglied-bundesverband-nachhaltige-wirtschaft\\\/\"},\"author\":{\"name\":\"Fenya Kirst\",\"@id\":\"https:\\\/\\\/www.protect-the-planet.de\\\/en\\\/#\\\/schema\\\/person\\\/34a10854efaaf0bf11a3b6fbe966fcd0\"},\"headline\":\"Wir sind Mitglied im Bundesverband Nachhaltige Wirtschaft e.V. (BNW)\",\"datePublished\":\"2023-12-04T11:24:45+00:00\",\"dateModified\":\"2024-04-15T14:12:42+00:00\",\"mainEntityOfPage\":{\"@id\":\"https:\\\/\\\/www.protect-the-planet.de\\\/en\\\/mitglied-bundesverband-nachhaltige-wirtschaft\\\/\"},\"wordCount\":305,\"publisher\":{\"@id\":\"https:\\\/\\\/www.protect-the-planet.de\\\/en\\\/#organization\"},\"image\":{\"@id\":\"https:\\\/\\\/www.protect-the-planet.de\\\/en\\\/mitglied-bundesverband-nachhaltige-wirtschaft\\\/#primaryimage\"},\"thumbnailUrl\":\"https:\\\/\\\/www.protect-the-planet.de\\\/wp-content\\\/uploads\\\/2023\\\/12\\\/Beitragsbilder-Homepage-900-x-550-849-x-548-1-2.jpg\",\"keywords\":[\"Bundesverband Nachhaltige Wirtschaft e.V.\",\"Klimaschutz\",\"Nachhaltigkeit\"],\"articleSection\":[\"News\"],\"inLanguage\":\"en-US\"},{\"@type\":\"WebPage\",\"@id\":\"https:\\\/\\\/www.protect-the-planet.de\\\/en\\\/mitglied-bundesverband-nachhaltige-wirtschaft\\\/\",\"url\":\"https:\\\/\\\/www.protect-the-planet.de\\\/en\\\/mitglied-bundesverband-nachhaltige-wirtschaft\\\/\",\"name\":\"Wir sind Mitglied im Bundesverband Nachhaltige Wirtschaft e.V. (BNW) - Protect the Planet\",\"isPartOf\":{\"@id\":\"https:\\\/\\\/www.protect-the-planet.de\\\/en\\\/#website\"},\"primaryImageOfPage\":{\"@id\":\"https:\\\/\\\/www.protect-the-planet.de\\\/en\\\/mitglied-bundesverband-nachhaltige-wirtschaft\\\/#primaryimage\"},\"image\":{\"@id\":\"https:\\\/\\\/www.protect-the-planet.de\\\/en\\\/mitglied-bundesverband-nachhaltige-wirtschaft\\\/#primaryimage\"},\"thumbnailUrl\":\"https:\\\/\\\/www.protect-the-planet.de\\\/wp-content\\\/uploads\\\/2023\\\/12\\\/Beitragsbilder-Homepage-900-x-550-849-x-548-1-2.jpg\",\"datePublished\":\"2023-12-04T11:24:45+00:00\",\"dateModified\":\"2024-04-15T14:12:42+00:00\",\"description\":\"Eine erfreuliche Nachricht aus unserem Klimanetzwerk: Wir sind nun Mitglied im\u00a0Bundesverband Nachhaltige Wirtschaft e.V. (BNW)!\",\"breadcrumb\":{\"@id\":\"https:\\\/\\\/www.protect-the-planet.de\\\/en\\\/mitglied-bundesverband-nachhaltige-wirtschaft\\\/#breadcrumb\"},\"inLanguage\":\"en-US\",\"potentialAction\":[{\"@type\":\"ReadAction\",\"target\":[\"https:\\\/\\\/www.protect-the-planet.de\\\/en\\\/mitglied-bundesverband-nachhaltige-wirtschaft\\\/\"]}]},{\"@type\":\"ImageObject\",\"inLanguage\":\"en-US\",\"@id\":\"https:\\\/\\\/www.protect-the-planet.de\\\/en\\\/mitglied-bundesverband-nachhaltige-wirtschaft\\\/#primaryimage\",\"url\":\"https:\\\/\\\/www.protect-the-planet.de\\\/wp-content\\\/uploads\\\/2023\\\/12\\\/Beitragsbilder-Homepage-900-x-550-849-x-548-1-2.jpg\",\"contentUrl\":\"https:\\\/\\\/www.protect-the-planet.de\\\/wp-content\\\/uploads\\\/2023\\\/12\\\/Beitragsbilder-Homepage-900-x-550-849-x-548-1-2.jpg\",\"width\":900,\"height\":550},{\"@type\":\"BreadcrumbList\",\"@id\":\"https:\\\/\\\/www.protect-the-planet.de\\\/en\\\/mitglied-bundesverband-nachhaltige-wirtschaft\\\/#breadcrumb\",\"itemListElement\":[{\"@type\":\"ListItem\",\"position\":1,\"name\":\"Startseite\",\"item\":\"https:\\\/\\\/www.protect-the-planet.de\\\/en\\\/home\\\/\"},{\"@type\":\"ListItem\",\"position\":2,\"name\":\"Wir sind Mitglied im Bundesverband Nachhaltige Wirtschaft e.V. (BNW)\"}]},{\"@type\":\"WebSite\",\"@id\":\"https:\\\/\\\/www.protect-the-planet.de\\\/en\\\/#website\",\"url\":\"https:\\\/\\\/www.protect-the-planet.de\\\/en\\\/\",\"name\":\"Protect the Planet\",\"description\":\"If we don&#039;t change, the climate will.\",\"publisher\":{\"@id\":\"https:\\\/\\\/www.protect-the-planet.de\\\/en\\\/#organization\"},\"alternateName\":\"Protect the Panet gGmbH\",\"potentialAction\":[{\"@type\":\"SearchAction\",\"target\":{\"@type\":\"EntryPoint\",\"urlTemplate\":\"https:\\\/\\\/www.protect-the-planet.de\\\/en\\\/?s={search_term_string}\"},\"query-input\":{\"@type\":\"PropertyValueSpecification\",\"valueRequired\":true,\"valueName\":\"search_term_string\"}}],\"inLanguage\":\"en-US\"},{\"@type\":\"Organization\",\"@id\":\"https:\\\/\\\/www.protect-the-planet.de\\\/en\\\/#organization\",\"name\":\"Protect the Planet\",\"url\":\"https:\\\/\\\/www.protect-the-planet.de\\\/en\\\/\",\"logo\":{\"@type\":\"ImageObject\",\"inLanguage\":\"en-US\",\"@id\":\"https:\\\/\\\/www.protect-the-planet.de\\\/en\\\/#\\\/schema\\\/logo\\\/image\\\/\",\"url\":\"https:\\\/\\\/www.protect-the-planet.de\\\/wp-content\\\/uploads\\\/2023\\\/09\\\/LOGO-positiv_transparent-klein.png\",\"contentUrl\":\"https:\\\/\\\/www.protect-the-planet.de\\\/wp-content\\\/uploads\\\/2023\\\/09\\\/LOGO-positiv_transparent-klein.png\",\"width\":123,\"height\":68,\"caption\":\"Protect the Planet\"},\"image\":{\"@id\":\"https:\\\/\\\/www.protect-the-planet.de\\\/en\\\/#\\\/schema\\\/logo\\\/image\\\/\"},\"sameAs\":[\"https:\\\/\\\/www.facebook.com\\\/protecttheplanetDE\\\/\",\"https:\\\/\\\/x.com\\\/PtP_de\",\"https:\\\/\\\/www.instagram.com\\\/protecttheplanetorg\\\/\",\"https:\\\/\\\/www.linkedin.com\\\/company\\\/protect-the-planet\",\"https:\\\/\\\/www.youtube.com\\\/@protecttheplanet\"]},{\"@type\":\"Person\",\"@id\":\"https:\\\/\\\/www.protect-the-planet.de\\\/en\\\/#\\\/schema\\\/person\\\/34a10854efaaf0bf11a3b6fbe966fcd0\",\"name\":\"Fenya Kirst\",\"image\":{\"@type\":\"ImageObject\",\"inLanguage\":\"en-US\",\"@id\":\"https:\\\/\\\/www.protect-the-planet.de\\\/wp-content\\\/uploads\\\/2024\\\/03\\\/cropped-2310_ProtectThePlanet_Portraet-Fenya-quadr-scaled-1-96x96.jpg\",\"url\":\"https:\\\/\\\/www.protect-the-planet.de\\\/wp-content\\\/uploads\\\/2024\\\/03\\\/cropped-2310_ProtectThePlanet_Portraet-Fenya-quadr-scaled-1-96x96.jpg\",\"contentUrl\":\"https:\\\/\\\/www.protect-the-planet.de\\\/wp-content\\\/uploads\\\/2024\\\/03\\\/cropped-2310_ProtectThePlanet_Portraet-Fenya-quadr-scaled-1-96x96.jpg\",\"caption\":\"Fenya Kirst\"},\"description\":\"fenya.kirst@protect-the-planet.de +49 162 9085805\",\"url\":\"https:\\\/\\\/www.protect-the-planet.de\\\/en\\\/author\\\/fenya-kirst\\\/\"}]}<\/script>\n<!-- \/ Yoast SEO plugin. -->","yoast_head_json":{"title":"Wir sind Mitglied im Bundesverband Nachhaltige Wirtschaft e.V. (BNW) - Protect the Planet","description":"Eine erfreuliche Nachricht aus unserem Klimanetzwerk: Wir sind nun Mitglied im\u00a0Bundesverband Nachhaltige Wirtschaft e.V. (BNW)!","robots":{"index":"index","follow":"follow","max-snippet":"max-snippet:-1","max-image-preview":"max-image-preview:large","max-video-preview":"max-video-preview:-1"},"canonical":"https:\/\/www.protect-the-planet.de\/en\/mitglied-bundesverband-nachhaltige-wirtschaft\/","og_locale":"en_US","og_type":"article","og_title":"Wir sind Mitglied im Bundesverband Nachhaltige Wirtschaft e.V. (BNW) - Protect the Planet","og_description":"Eine erfreuliche Nachricht aus unserem Klimanetzwerk: Wir sind nun Mitglied im\u00a0Bundesverband Nachhaltige Wirtschaft e.V. (BNW)!","og_url":"https:\/\/www.protect-the-planet.de\/en\/mitglied-bundesverband-nachhaltige-wirtschaft\/","og_site_name":"Protect the Planet","article_publisher":"https:\/\/www.facebook.com\/protecttheplanetDE\/","article_published_time":"2023-12-04T11:24:45+00:00","article_modified_time":"2024-04-15T14:12:42+00:00","author":"Fenya Kirst","twitter_card":"summary_large_image","twitter_image":"https:\/\/www.protect-the-planet.de\/wp-content\/uploads\/2023\/12\/Beitragsbilder-Homepage-900-x-550-849-x-548-1-2.jpg","twitter_creator":"@PtP_de","twitter_site":"@PtP_de","twitter_misc":{"Written by":"Fenya Kirst","Est. reading time":"2 minutes"},"schema":{"@context":"https:\/\/schema.org","@graph":[{"@type":"Article","@id":"https:\/\/www.protect-the-planet.de\/en\/mitglied-bundesverband-nachhaltige-wirtschaft\/#article","isPartOf":{"@id":"https:\/\/www.protect-the-planet.de\/en\/mitglied-bundesverband-nachhaltige-wirtschaft\/"},"author":{"name":"Fenya Kirst","@id":"https:\/\/www.protect-the-planet.de\/en\/#\/schema\/person\/34a10854efaaf0bf11a3b6fbe966fcd0"},"headline":"Wir sind Mitglied im Bundesverband Nachhaltige Wirtschaft e.V. (BNW)","datePublished":"2023-12-04T11:24:45+00:00","dateModified":"2024-04-15T14:12:42+00:00","mainEntityOfPage":{"@id":"https:\/\/www.protect-the-planet.de\/en\/mitglied-bundesverband-nachhaltige-wirtschaft\/"},"wordCount":305,"publisher":{"@id":"https:\/\/www.protect-the-planet.de\/en\/#organization"},"image":{"@id":"https:\/\/www.protect-the-planet.de\/en\/mitglied-bundesverband-nachhaltige-wirtschaft\/#primaryimage"},"thumbnailUrl":"https:\/\/www.protect-the-planet.de\/wp-content\/uploads\/2023\/12\/Beitragsbilder-Homepage-900-x-550-849-x-548-1-2.jpg","keywords":["Bundesverband Nachhaltige Wirtschaft e.V.","Klimaschutz","Nachhaltigkeit"],"articleSection":["News"],"inLanguage":"en-US"},{"@type":"WebPage","@id":"https:\/\/www.protect-the-planet.de\/en\/mitglied-bundesverband-nachhaltige-wirtschaft\/","url":"https:\/\/www.protect-the-planet.de\/en\/mitglied-bundesverband-nachhaltige-wirtschaft\/","name":"Wir sind Mitglied im Bundesverband Nachhaltige Wirtschaft e.V. (BNW) - Protect the Planet","isPartOf":{"@id":"https:\/\/www.protect-the-planet.de\/en\/#website"},"primaryImageOfPage":{"@id":"https:\/\/www.protect-the-planet.de\/en\/mitglied-bundesverband-nachhaltige-wirtschaft\/#primaryimage"},"image":{"@id":"https:\/\/www.protect-the-planet.de\/en\/mitglied-bundesverband-nachhaltige-wirtschaft\/#primaryimage"},"thumbnailUrl":"https:\/\/www.protect-the-planet.de\/wp-content\/uploads\/2023\/12\/Beitragsbilder-Homepage-900-x-550-849-x-548-1-2.jpg","datePublished":"2023-12-04T11:24:45+00:00","dateModified":"2024-04-15T14:12:42+00:00","description":"Eine erfreuliche Nachricht aus unserem Klimanetzwerk: Wir sind nun Mitglied im\u00a0Bundesverband Nachhaltige Wirtschaft e.V. (BNW)!","breadcrumb":{"@id":"https:\/\/www.protect-the-planet.de\/en\/mitglied-bundesverband-nachhaltige-wirtschaft\/#breadcrumb"},"inLanguage":"en-US","potentialAction":[{"@type":"ReadAction","target":["https:\/\/www.protect-the-planet.de\/en\/mitglied-bundesverband-nachhaltige-wirtschaft\/"]}]},{"@type":"ImageObject","inLanguage":"en-US","@id":"https:\/\/www.protect-the-planet.de\/en\/mitglied-bundesverband-nachhaltige-wirtschaft\/#primaryimage","url":"https:\/\/www.protect-the-planet.de\/wp-content\/uploads\/2023\/12\/Beitragsbilder-Homepage-900-x-550-849-x-548-1-2.jpg","contentUrl":"https:\/\/www.protect-the-planet.de\/wp-content\/uploads\/2023\/12\/Beitragsbilder-Homepage-900-x-550-849-x-548-1-2.jpg","width":900,"height":550},{"@type":"BreadcrumbList","@id":"https:\/\/www.protect-the-planet.de\/en\/mitglied-bundesverband-nachhaltige-wirtschaft\/#breadcrumb","itemListElement":[{"@type":"ListItem","position":1,"name":"Startseite","item":"https:\/\/www.protect-the-planet.de\/en\/home\/"},{"@type":"ListItem","position":2,"name":"Wir sind Mitglied im Bundesverband Nachhaltige Wirtschaft e.V. (BNW)"}]},{"@type":"WebSite","@id":"https:\/\/www.protect-the-planet.de\/en\/#website","url":"https:\/\/www.protect-the-planet.de\/en\/","name":"Protect the Planet","description":"If we don&#039;t change, the climate will.","publisher":{"@id":"https:\/\/www.protect-the-planet.de\/en\/#organization"},"alternateName":"Protect the Panet gGmbH","potentialAction":[{"@type":"SearchAction","target":{"@type":"EntryPoint","urlTemplate":"https:\/\/www.protect-the-planet.de\/en\/?s={search_term_string}"},"query-input":{"@type":"PropertyValueSpecification","valueRequired":true,"valueName":"search_term_string"}}],"inLanguage":"en-US"},{"@type":"Organization","@id":"https:\/\/www.protect-the-planet.de\/en\/#organization","name":"Protect the Planet","url":"https:\/\/www.protect-the-planet.de\/en\/","logo":{"@type":"ImageObject","inLanguage":"en-US","@id":"https:\/\/www.protect-the-planet.de\/en\/#\/schema\/logo\/image\/","url":"https:\/\/www.protect-the-planet.de\/wp-content\/uploads\/2023\/09\/LOGO-positiv_transparent-klein.png","contentUrl":"https:\/\/www.protect-the-planet.de\/wp-content\/uploads\/2023\/09\/LOGO-positiv_transparent-klein.png","width":123,"height":68,"caption":"Protect the Planet"},"image":{"@id":"https:\/\/www.protect-the-planet.de\/en\/#\/schema\/logo\/image\/"},"sameAs":["https:\/\/www.facebook.com\/protecttheplanetDE\/","https:\/\/x.com\/PtP_de","https:\/\/www.instagram.com\/protecttheplanetorg\/","https:\/\/www.linkedin.com\/company\/protect-the-planet","https:\/\/www.youtube.com\/@protecttheplanet"]},{"@type":"Person","@id":"https:\/\/www.protect-the-planet.de\/en\/#\/schema\/person\/34a10854efaaf0bf11a3b6fbe966fcd0","name":"Fenya Kirst","image":{"@type":"ImageObject","inLanguage":"en-US","@id":"https:\/\/www.protect-the-planet.de\/wp-content\/uploads\/2024\/03\/cropped-2310_ProtectThePlanet_Portraet-Fenya-quadr-scaled-1-96x96.jpg","url":"https:\/\/www.protect-the-planet.de\/wp-content\/uploads\/2024\/03\/cropped-2310_ProtectThePlanet_Portraet-Fenya-quadr-scaled-1-96x96.jpg","contentUrl":"https:\/\/www.protect-the-planet.de\/wp-content\/uploads\/2024\/03\/cropped-2310_ProtectThePlanet_Portraet-Fenya-quadr-scaled-1-96x96.jpg","caption":"Fenya Kirst"},"description":"fenya.kirst@protect-the-planet.de +49 162 9085805","url":"https:\/\/www.protect-the-planet.de\/en\/author\/fenya-kirst\/"}]}},"_links":{"self":[{"href":"https:\/\/www.protect-the-planet.de\/en\/wp-json\/wp\/v2\/posts\/25820","targetHints":{"allow":["GET"]}}],"collection":[{"href":"https:\/\/www.protect-the-planet.de\/en\/wp-json\/wp\/v2\/posts"}],"about":[{"href":"https:\/\/www.protect-the-planet.de\/en\/wp-json\/wp\/v2\/types\/post"}],"author":[{"embeddable":true,"href":"https:\/\/www.protect-the-planet.de\/en\/wp-json\/wp\/v2\/users\/6"}],"replies":[{"embeddable":true,"href":"https:\/\/www.protect-the-planet.de\/en\/wp-json\/wp\/v2\/comments?post=25820"}],"version-history":[{"count":0,"href":"https:\/\/www.protect-the-planet.de\/en\/wp-json\/wp\/v2\/posts\/25820\/revisions"}],"wp:featuredmedia":[{"embeddable":true,"href":"https:\/\/www.protect-the-planet.de\/en\/wp-json\/wp\/v2\/media\/26354"}],"wp:attachment":[{"href":"https:\/\/www.protect-the-planet.de\/en\/wp-json\/wp\/v2\/media?parent=25820"}],"wp:term":[{"taxonomy":"category","embeddable":true,"href":"https:\/\/www.protect-the-planet.de\/en\/wp-json\/wp\/v2\/categories?post=25820"},{"taxonomy":"post_tag","embeddable":true,"href":"https:\/\/www.protect-the-planet.de\/en\/wp-json\/wp\/v2\/tags?post=25820"}],"curies":[{"name":"wp","href":"https:\/\/api.w.org\/{rel}","templated":true}]}}