{"id":25667,"date":"2024-03-20T09:50:53","date_gmt":"2024-03-20T08:50:53","guid":{"rendered":"https:\/\/www.protect-the-planet.de\/?p=25667"},"modified":"2024-04-29T13:56:57","modified_gmt":"2024-04-29T11:56:57","slug":"windwende-praxisnah-zum-anfassen-windrat-veroeffentlicht-best-practice-videoreihe","status":"publish","type":"post","link":"https:\/\/www.protect-the-planet.de\/en\/windwende-praxisnah-zum-anfassen-windrat-veroeffentlicht-best-practice-videoreihe\/","title":{"rendered":"Windwende praxisnah zum Anfassen \u2013 WindRat ver\u00f6ffentlicht Best-Practice-Videoreihe"},"content":{"rendered":"\t\t<div data-elementor-type=\"wp-post\" data-elementor-id=\"25667\" class=\"elementor elementor-25667 elementor-25666\" data-elementor-post-type=\"post\">\n\t\t\t\t<div class=\"elementor-element elementor-element-6f7ba5a5 e-flex e-con-boxed e-con e-parent\" data-id=\"6f7ba5a5\" data-element_type=\"container\" data-e-type=\"container\">\n\t\t\t\t\t<div class=\"e-con-inner\">\n\t\t\t\t<div class=\"elementor-element elementor-element-368c5612 elementor-widget elementor-widget-text-editor\" data-id=\"368c5612\" data-element_type=\"widget\" data-e-type=\"widget\" data-widget_type=\"text-editor.default\">\n\t\t\t\t<div class=\"elementor-widget-container\">\n\t\t\t\t\t\t\t\t\t<div class=\"fusion-layout-column fusion_builder_column fusion-builder-column-1 fusion_builder_column_1_2 1_2 fusion-flex-column fusion-animated\" data-animationtype=\"fadeInUp\" data-animationduration=\"1.5\" data-animationdelay=\"0.5\" data-animationoffset=\"top-into-view\">\n<div class=\"fusion-column-wrapper fusion-column-has-shadow fusion-flex-justify-content-flex-start fusion-content-layout-column\">\n<div class=\"fusion-text fusion-text-1 fusion-text-no-margin\">\n<h2 class=\"fusion-responsive-typography-calculated\" data-fontsize=\"32\" data-lineheight=\"38.4px\"><b>Sechs Best Practice-Beispiele f\u00fcr eine funktionierende Windwende vor Ort<\/b><\/h2>\n<p>Die Windenergie spielt eine zentrale Schl\u00fcsselrolle bei der Transformation des Energiesystems hin zu 100 % Erneuerbaren Energien und damit f\u00fcr eine zukunftsorientierte Entwicklung in Deutschland \u2013 politisch, wirtschaftlich und sozial. Doch der Windenergieausbau vor Ort bedeutet fu\u0308r viele Menschen eine Vera\u0308nderung und einen Eingriff in den allta\u0308glichen Lebensraum. Das erzeugt Widersta\u0308nde, vom Zusammenschluss von Bu\u0308rgerinitiativen bis hin zu Klagen gegen den Bau von Windra\u0308dern.<\/p>\n<p>Hier setzt der WindRat mit seinem Projekt <strong>\u201e<a href=\"https:\/\/wind-rat.de\/projekte\/windwende-praxisnah-zum-anfassen\/\">Windwende: Praxisnah zum Anfassen<\/a>\u201c<\/strong> an: Wir wollen kommunale Entscheider*innen sowie B\u00fcrger*innen informieren, motivieren und unterst\u00fctzen, den naturvertr\u00e4glichen Ausbau der Windenergie bei sich in der Region aktiv zu f\u00f6rdern und zu unterst\u00fctzen.<\/p>\n<h3 class=\"fusion-responsive-typography-calculated\" data-fontsize=\"18\" data-lineheight=\"23.4px\"><a href=\"https:\/\/www.youtube.com\/playlist?list=PL6ivZD2Z0VbbhIrnbJzKKZY4eLw4F1uLl\"><strong>Best practice: Kurzfilme f\u00fcr die Windwende<\/strong><\/a><\/h3>\n<p> <div class=\"brlbs-cmpnt-container brlbs-cmpnt-content-blocker brlbs-cmpnt-with-individual-styles\" data-borlabs-cookie-content-blocker-id=\"youtube-content-blocker\" data-borlabs-cookie-content=\"PGlmcmFtZSB0aXRsZT0iV2luZHdlbmRlOiBQcmF4aXNuYWggenVtIEFuZmFzc2VuIiB3aWR0aD0iODAwIiBoZWlnaHQ9IjQ1MCIgc3JjPSJodHRwczovL3d3dy55b3V0dWJlLW5vY29va2llLmNvbS9lbWJlZC92aWRlb3Nlcmllcz9saXN0PVBMNml2WkQyWjBWYmJoSXJuYkp6S0taWTRlTHc0RjF1TGwiIGZyYW1lYm9yZGVyPSIwIiBhbGxvdz0iYWNjZWxlcm9tZXRlcjsgYXV0b3BsYXk7IGNsaXBib2FyZC13cml0ZTsgZW5jcnlwdGVkLW1lZGlhOyBneXJvc2NvcGU7IHBpY3R1cmUtaW4tcGljdHVyZTsgd2ViLXNoYXJlIiByZWZlcnJlcnBvbGljeT0ic3RyaWN0LW9yaWdpbi13aGVuLWNyb3NzLW9yaWdpbiIgYWxsb3dmdWxsc2NyZWVuPjwvaWZyYW1lPg==\"><div class=\"brlbs-cmpnt-cb-preset-c brlbs-cmpnt-cb-youtube\"> <div class=\"brlbs-cmpnt-cb-thumbnail\" style=\"background-image: url('https:\/\/www.protect-the-planet.de\/wp-content\/uploads\/borlabs-cookie\/1\/brlbs-cb-youtube-main.png')\"><\/div> <div class=\"brlbs-cmpnt-cb-main\"> <div class=\"brlbs-cmpnt-cb-play-button\"><\/div> <div class=\"brlbs-cmpnt-cb-content\"> <p class=\"brlbs-cmpnt-cb-description\">You are currently viewing a placeholder content from <strong>YouTube<\/strong>. To access the actual content, click the button below. Please note that doing so will share data with third-party providers.<\/p> <a class=\"brlbs-cmpnt-cb-provider-toggle\" href=\"#\" data-borlabs-cookie-show-provider-information role=\"button\">More Information<\/a> <\/div> <div class=\"brlbs-cmpnt-cb-buttons\"> <a class=\"brlbs-cmpnt-cb-btn\" href=\"#\" data-borlabs-cookie-unblock role=\"button\">Unblock content<\/a> <a class=\"brlbs-cmpnt-cb-btn\" href=\"#\" data-borlabs-cookie-accept-service role=\"button\" style=\"display: inherit\">Accept required service and unblock content<\/a> <\/div> <\/div> <\/div><\/div><\/p>\n<p>Sechs Kurzfilme aus verschiedensten Regionen in Deutschland zeigen, wo Politik, Unternehmen und B\u00fcrger*innen Hindernisse und Probleme vor Ort gemeinsam \u00fcberwinden konnten. In diesen Beispielen ist es gelungen, durch Miteinbeziehung der Bev\u00f6lkerung Akzeptanz f\u00fcr Windenergieprojekte vor Ort zu erreichen, Projekte erfolgreich zu planen und umzusetzen und eine gemeinwohlorientierte Verbesserung der Lebensqualit\u00e4t zu schaffen \u2013 <strong>ein Lichtblick f\u00fcr die Energiewende!<\/strong><\/p>\n<h3 class=\"fusion-responsive-typography-calculated\" data-fontsize=\"18\" data-lineheight=\"23.4px\">Schauen Sie rein!<\/h3>\n<\/div>\n<\/div>\n<\/div>\t\t\t\t\t\t\t\t<\/div>\n\t\t\t\t<\/div>\n\t\t\t\t\t<\/div>\n\t\t\t\t<\/div>\n\t\t\t\t<\/div>\n\t\t","protected":false},"excerpt":{"rendered":"<p>Mit dem Projekt &#8220;Windwende: Praxisnah zum Anfassen&#8221; informiert der WindRat mit sechs Best-Practice-Videos zum naturvertr\u00e4glichen Ausbau der Windenergie. <\/p>\n","protected":false},"author":3,"featured_media":25707,"comment_status":"closed","ping_status":"closed","sticky":false,"template":"","format":"standard","meta":{"footnotes":""},"categories":[460,729],"tags":[1128,755,779,1127],"class_list":{"0":"post-25667","1":"post","2":"type-post","3":"status-publish","4":"format-standard","5":"has-post-thumbnail","6":"hentry","7":"category-news","9":"tag-videos-2","10":"tag-windkraft-en","11":"tag-windrat-en","12":"tag-windwende-2"},"yoast_head":"<!-- This site is optimized with the Yoast SEO plugin v27.5 - https:\/\/yoast.com\/product\/yoast-seo-wordpress\/ -->\n<title>Windwende praxisnah zum Anfassen \u2013 WindRat ver\u00f6ffentlicht Best-Practice-Videoreihe - Protect the Planet<\/title>\n<meta name=\"description\" content=\"Mit dem Projekt &quot;Windwende: Praxisnah zum Anfassen&quot; informiert der WindRat mit 6 Best-Practice-Videos zu nachhaltigem Ausbau der Windenergie.\" \/>\n<meta name=\"robots\" content=\"index, follow, max-snippet:-1, max-image-preview:large, max-video-preview:-1\" \/>\n<link rel=\"canonical\" href=\"https:\/\/www.protect-the-planet.de\/en\/windwende-praxisnah-zum-anfassen-windrat-veroeffentlicht-best-practice-videoreihe\/\" \/>\n<meta property=\"og:locale\" content=\"en_US\" \/>\n<meta property=\"og:type\" content=\"article\" \/>\n<meta property=\"og:title\" content=\"Windwende praxisnah zum Anfassen \u2013 WindRat ver\u00f6ffentlicht Best-Practice-Videoreihe - Protect the Planet\" \/>\n<meta property=\"og:description\" content=\"Mit dem Projekt &quot;Windwende: Praxisnah zum Anfassen&quot; informiert der WindRat mit 6 Best-Practice-Videos zu nachhaltigem Ausbau der Windenergie.\" \/>\n<meta property=\"og:url\" content=\"https:\/\/www.protect-the-planet.de\/en\/windwende-praxisnah-zum-anfassen-windrat-veroeffentlicht-best-practice-videoreihe\/\" \/>\n<meta property=\"og:site_name\" content=\"Protect the Planet\" \/>\n<meta property=\"article:publisher\" content=\"https:\/\/www.facebook.com\/protecttheplanetDE\/\" \/>\n<meta property=\"article:published_time\" content=\"2024-03-20T08:50:53+00:00\" \/>\n<meta property=\"article:modified_time\" content=\"2024-04-29T11:56:57+00:00\" \/>\n<meta property=\"og:image\" content=\"https:\/\/www.protect-the-planet.de\/wp-content\/uploads\/2024\/03\/01-Windwende-Coesfeld.00_01_47_01.Standbild008-1-scaled.jpg\" \/>\n\t<meta property=\"og:image:width\" content=\"2560\" \/>\n\t<meta property=\"og:image:height\" content=\"1280\" \/>\n\t<meta property=\"og:image:type\" content=\"image\/jpeg\" \/>\n<meta name=\"author\" content=\"Fenja Jacobs\" \/>\n<meta name=\"twitter:card\" content=\"summary_large_image\" \/>\n<meta name=\"twitter:creator\" content=\"@PtP_de\" \/>\n<meta name=\"twitter:site\" content=\"@PtP_de\" \/>\n<meta name=\"twitter:label1\" content=\"Written by\" \/>\n\t<meta name=\"twitter:data1\" content=\"Fenja Jacobs\" \/>\n\t<meta name=\"twitter:label2\" content=\"Est. reading time\" \/>\n\t<meta name=\"twitter:data2\" content=\"2 minutes\" \/>\n<script type=\"application\/ld+json\" class=\"yoast-schema-graph\">{\"@context\":\"https:\\\/\\\/schema.org\",\"@graph\":[{\"@type\":\"Article\",\"@id\":\"https:\\\/\\\/www.protect-the-planet.de\\\/en\\\/windwende-praxisnah-zum-anfassen-windrat-veroeffentlicht-best-practice-videoreihe\\\/#article\",\"isPartOf\":{\"@id\":\"https:\\\/\\\/www.protect-the-planet.de\\\/en\\\/windwende-praxisnah-zum-anfassen-windrat-veroeffentlicht-best-practice-videoreihe\\\/\"},\"author\":{\"name\":\"Fenja Jacobs\",\"@id\":\"https:\\\/\\\/www.protect-the-planet.de\\\/en\\\/#\\\/schema\\\/person\\\/c843c153d0dd33ec584996931e438bce\"},\"headline\":\"Windwende praxisnah zum Anfassen \u2013 WindRat ver\u00f6ffentlicht Best-Practice-Videoreihe\",\"datePublished\":\"2024-03-20T08:50:53+00:00\",\"dateModified\":\"2024-04-29T11:56:57+00:00\",\"mainEntityOfPage\":{\"@id\":\"https:\\\/\\\/www.protect-the-planet.de\\\/en\\\/windwende-praxisnah-zum-anfassen-windrat-veroeffentlicht-best-practice-videoreihe\\\/\"},\"wordCount\":218,\"publisher\":{\"@id\":\"https:\\\/\\\/www.protect-the-planet.de\\\/en\\\/#organization\"},\"image\":{\"@id\":\"https:\\\/\\\/www.protect-the-planet.de\\\/en\\\/windwende-praxisnah-zum-anfassen-windrat-veroeffentlicht-best-practice-videoreihe\\\/#primaryimage\"},\"thumbnailUrl\":\"https:\\\/\\\/www.protect-the-planet.de\\\/wp-content\\\/uploads\\\/2024\\\/03\\\/01-Windwende-Coesfeld.00_01_47_01.Standbild008-1-scaled.jpg\",\"keywords\":[\"videos\",\"Windkraft\",\"WindRat\",\"windwende\"],\"articleSection\":[\"News\",\"News\"],\"inLanguage\":\"en-US\"},{\"@type\":\"WebPage\",\"@id\":\"https:\\\/\\\/www.protect-the-planet.de\\\/en\\\/windwende-praxisnah-zum-anfassen-windrat-veroeffentlicht-best-practice-videoreihe\\\/\",\"url\":\"https:\\\/\\\/www.protect-the-planet.de\\\/en\\\/windwende-praxisnah-zum-anfassen-windrat-veroeffentlicht-best-practice-videoreihe\\\/\",\"name\":\"Windwende praxisnah zum Anfassen \u2013 WindRat ver\u00f6ffentlicht Best-Practice-Videoreihe - Protect the Planet\",\"isPartOf\":{\"@id\":\"https:\\\/\\\/www.protect-the-planet.de\\\/en\\\/#website\"},\"primaryImageOfPage\":{\"@id\":\"https:\\\/\\\/www.protect-the-planet.de\\\/en\\\/windwende-praxisnah-zum-anfassen-windrat-veroeffentlicht-best-practice-videoreihe\\\/#primaryimage\"},\"image\":{\"@id\":\"https:\\\/\\\/www.protect-the-planet.de\\\/en\\\/windwende-praxisnah-zum-anfassen-windrat-veroeffentlicht-best-practice-videoreihe\\\/#primaryimage\"},\"thumbnailUrl\":\"https:\\\/\\\/www.protect-the-planet.de\\\/wp-content\\\/uploads\\\/2024\\\/03\\\/01-Windwende-Coesfeld.00_01_47_01.Standbild008-1-scaled.jpg\",\"datePublished\":\"2024-03-20T08:50:53+00:00\",\"dateModified\":\"2024-04-29T11:56:57+00:00\",\"description\":\"Mit dem Projekt \\\"Windwende: Praxisnah zum Anfassen\\\" informiert der WindRat mit 6 Best-Practice-Videos zu nachhaltigem Ausbau der Windenergie.\",\"breadcrumb\":{\"@id\":\"https:\\\/\\\/www.protect-the-planet.de\\\/en\\\/windwende-praxisnah-zum-anfassen-windrat-veroeffentlicht-best-practice-videoreihe\\\/#breadcrumb\"},\"inLanguage\":\"en-US\",\"potentialAction\":[{\"@type\":\"ReadAction\",\"target\":[\"https:\\\/\\\/www.protect-the-planet.de\\\/en\\\/windwende-praxisnah-zum-anfassen-windrat-veroeffentlicht-best-practice-videoreihe\\\/\"]}]},{\"@type\":\"ImageObject\",\"inLanguage\":\"en-US\",\"@id\":\"https:\\\/\\\/www.protect-the-planet.de\\\/en\\\/windwende-praxisnah-zum-anfassen-windrat-veroeffentlicht-best-practice-videoreihe\\\/#primaryimage\",\"url\":\"https:\\\/\\\/www.protect-the-planet.de\\\/wp-content\\\/uploads\\\/2024\\\/03\\\/01-Windwende-Coesfeld.00_01_47_01.Standbild008-1-scaled.jpg\",\"contentUrl\":\"https:\\\/\\\/www.protect-the-planet.de\\\/wp-content\\\/uploads\\\/2024\\\/03\\\/01-Windwende-Coesfeld.00_01_47_01.Standbild008-1-scaled.jpg\",\"width\":2560,\"height\":1280,\"caption\":\"Windr\u00e4der in einer Umgebung mit einem See und Feldern.\"},{\"@type\":\"BreadcrumbList\",\"@id\":\"https:\\\/\\\/www.protect-the-planet.de\\\/en\\\/windwende-praxisnah-zum-anfassen-windrat-veroeffentlicht-best-practice-videoreihe\\\/#breadcrumb\",\"itemListElement\":[{\"@type\":\"ListItem\",\"position\":1,\"name\":\"Startseite\",\"item\":\"https:\\\/\\\/www.protect-the-planet.de\\\/en\\\/home\\\/\"},{\"@type\":\"ListItem\",\"position\":2,\"name\":\"Windwende praxisnah zum Anfassen \u2013 WindRat ver\u00f6ffentlicht Best-Practice-Videoreihe\"}]},{\"@type\":\"WebSite\",\"@id\":\"https:\\\/\\\/www.protect-the-planet.de\\\/en\\\/#website\",\"url\":\"https:\\\/\\\/www.protect-the-planet.de\\\/en\\\/\",\"name\":\"Protect the Planet\",\"description\":\"If we don&#039;t change, the climate will.\",\"publisher\":{\"@id\":\"https:\\\/\\\/www.protect-the-planet.de\\\/en\\\/#organization\"},\"alternateName\":\"Protect the Panet gGmbH\",\"potentialAction\":[{\"@type\":\"SearchAction\",\"target\":{\"@type\":\"EntryPoint\",\"urlTemplate\":\"https:\\\/\\\/www.protect-the-planet.de\\\/en\\\/?s={search_term_string}\"},\"query-input\":{\"@type\":\"PropertyValueSpecification\",\"valueRequired\":true,\"valueName\":\"search_term_string\"}}],\"inLanguage\":\"en-US\"},{\"@type\":\"Organization\",\"@id\":\"https:\\\/\\\/www.protect-the-planet.de\\\/en\\\/#organization\",\"name\":\"Protect the Planet\",\"url\":\"https:\\\/\\\/www.protect-the-planet.de\\\/en\\\/\",\"logo\":{\"@type\":\"ImageObject\",\"inLanguage\":\"en-US\",\"@id\":\"https:\\\/\\\/www.protect-the-planet.de\\\/en\\\/#\\\/schema\\\/logo\\\/image\\\/\",\"url\":\"https:\\\/\\\/www.protect-the-planet.de\\\/wp-content\\\/uploads\\\/2023\\\/09\\\/LOGO-positiv_transparent-klein.png\",\"contentUrl\":\"https:\\\/\\\/www.protect-the-planet.de\\\/wp-content\\\/uploads\\\/2023\\\/09\\\/LOGO-positiv_transparent-klein.png\",\"width\":123,\"height\":68,\"caption\":\"Protect the Planet\"},\"image\":{\"@id\":\"https:\\\/\\\/www.protect-the-planet.de\\\/en\\\/#\\\/schema\\\/logo\\\/image\\\/\"},\"sameAs\":[\"https:\\\/\\\/www.facebook.com\\\/protecttheplanetDE\\\/\",\"https:\\\/\\\/x.com\\\/PtP_de\",\"https:\\\/\\\/www.instagram.com\\\/protecttheplanetorg\\\/\",\"https:\\\/\\\/www.linkedin.com\\\/company\\\/protect-the-planet\",\"https:\\\/\\\/www.youtube.com\\\/@protecttheplanet\"]},{\"@type\":\"Person\",\"@id\":\"https:\\\/\\\/www.protect-the-planet.de\\\/en\\\/#\\\/schema\\\/person\\\/c843c153d0dd33ec584996931e438bce\",\"name\":\"Fenja Jacobs\",\"image\":{\"@type\":\"ImageObject\",\"inLanguage\":\"en-US\",\"@id\":\"https:\\\/\\\/secure.gravatar.com\\\/avatar\\\/1319de9aaea70b6c6ed807392ef95d6582ceaf98cca9de0a0022ba8e0d3a7fc3?s=96&d=mm&r=g\",\"url\":\"https:\\\/\\\/secure.gravatar.com\\\/avatar\\\/1319de9aaea70b6c6ed807392ef95d6582ceaf98cca9de0a0022ba8e0d3a7fc3?s=96&d=mm&r=g\",\"contentUrl\":\"https:\\\/\\\/secure.gravatar.com\\\/avatar\\\/1319de9aaea70b6c6ed807392ef95d6582ceaf98cca9de0a0022ba8e0d3a7fc3?s=96&d=mm&r=g\",\"caption\":\"Fenja Jacobs\"},\"url\":\"https:\\\/\\\/www.protect-the-planet.de\\\/en\\\/author\\\/fenja-jacobs\\\/\"}]}<\/script>\n<!-- \/ Yoast SEO plugin. -->","yoast_head_json":{"title":"Windwende praxisnah zum Anfassen \u2013 WindRat ver\u00f6ffentlicht Best-Practice-Videoreihe - Protect the Planet","description":"Mit dem Projekt \"Windwende: Praxisnah zum Anfassen\" informiert der WindRat mit 6 Best-Practice-Videos zu nachhaltigem Ausbau der Windenergie.","robots":{"index":"index","follow":"follow","max-snippet":"max-snippet:-1","max-image-preview":"max-image-preview:large","max-video-preview":"max-video-preview:-1"},"canonical":"https:\/\/www.protect-the-planet.de\/en\/windwende-praxisnah-zum-anfassen-windrat-veroeffentlicht-best-practice-videoreihe\/","og_locale":"en_US","og_type":"article","og_title":"Windwende praxisnah zum Anfassen \u2013 WindRat ver\u00f6ffentlicht Best-Practice-Videoreihe - Protect the Planet","og_description":"Mit dem Projekt \"Windwende: Praxisnah zum Anfassen\" informiert der WindRat mit 6 Best-Practice-Videos zu nachhaltigem Ausbau der Windenergie.","og_url":"https:\/\/www.protect-the-planet.de\/en\/windwende-praxisnah-zum-anfassen-windrat-veroeffentlicht-best-practice-videoreihe\/","og_site_name":"Protect the Planet","article_publisher":"https:\/\/www.facebook.com\/protecttheplanetDE\/","article_published_time":"2024-03-20T08:50:53+00:00","article_modified_time":"2024-04-29T11:56:57+00:00","og_image":[{"width":2560,"height":1280,"url":"https:\/\/www.protect-the-planet.de\/wp-content\/uploads\/2024\/03\/01-Windwende-Coesfeld.00_01_47_01.Standbild008-1-scaled.jpg","type":"image\/jpeg"}],"author":"Fenja Jacobs","twitter_card":"summary_large_image","twitter_creator":"@PtP_de","twitter_site":"@PtP_de","twitter_misc":{"Written by":"Fenja Jacobs","Est. reading time":"2 minutes"},"schema":{"@context":"https:\/\/schema.org","@graph":[{"@type":"Article","@id":"https:\/\/www.protect-the-planet.de\/en\/windwende-praxisnah-zum-anfassen-windrat-veroeffentlicht-best-practice-videoreihe\/#article","isPartOf":{"@id":"https:\/\/www.protect-the-planet.de\/en\/windwende-praxisnah-zum-anfassen-windrat-veroeffentlicht-best-practice-videoreihe\/"},"author":{"name":"Fenja Jacobs","@id":"https:\/\/www.protect-the-planet.de\/en\/#\/schema\/person\/c843c153d0dd33ec584996931e438bce"},"headline":"Windwende praxisnah zum Anfassen \u2013 WindRat ver\u00f6ffentlicht Best-Practice-Videoreihe","datePublished":"2024-03-20T08:50:53+00:00","dateModified":"2024-04-29T11:56:57+00:00","mainEntityOfPage":{"@id":"https:\/\/www.protect-the-planet.de\/en\/windwende-praxisnah-zum-anfassen-windrat-veroeffentlicht-best-practice-videoreihe\/"},"wordCount":218,"publisher":{"@id":"https:\/\/www.protect-the-planet.de\/en\/#organization"},"image":{"@id":"https:\/\/www.protect-the-planet.de\/en\/windwende-praxisnah-zum-anfassen-windrat-veroeffentlicht-best-practice-videoreihe\/#primaryimage"},"thumbnailUrl":"https:\/\/www.protect-the-planet.de\/wp-content\/uploads\/2024\/03\/01-Windwende-Coesfeld.00_01_47_01.Standbild008-1-scaled.jpg","keywords":["videos","Windkraft","WindRat","windwende"],"articleSection":["News","News"],"inLanguage":"en-US"},{"@type":"WebPage","@id":"https:\/\/www.protect-the-planet.de\/en\/windwende-praxisnah-zum-anfassen-windrat-veroeffentlicht-best-practice-videoreihe\/","url":"https:\/\/www.protect-the-planet.de\/en\/windwende-praxisnah-zum-anfassen-windrat-veroeffentlicht-best-practice-videoreihe\/","name":"Windwende praxisnah zum Anfassen \u2013 WindRat ver\u00f6ffentlicht Best-Practice-Videoreihe - Protect the Planet","isPartOf":{"@id":"https:\/\/www.protect-the-planet.de\/en\/#website"},"primaryImageOfPage":{"@id":"https:\/\/www.protect-the-planet.de\/en\/windwende-praxisnah-zum-anfassen-windrat-veroeffentlicht-best-practice-videoreihe\/#primaryimage"},"image":{"@id":"https:\/\/www.protect-the-planet.de\/en\/windwende-praxisnah-zum-anfassen-windrat-veroeffentlicht-best-practice-videoreihe\/#primaryimage"},"thumbnailUrl":"https:\/\/www.protect-the-planet.de\/wp-content\/uploads\/2024\/03\/01-Windwende-Coesfeld.00_01_47_01.Standbild008-1-scaled.jpg","datePublished":"2024-03-20T08:50:53+00:00","dateModified":"2024-04-29T11:56:57+00:00","description":"Mit dem Projekt \"Windwende: Praxisnah zum Anfassen\" informiert der WindRat mit 6 Best-Practice-Videos zu nachhaltigem Ausbau der Windenergie.","breadcrumb":{"@id":"https:\/\/www.protect-the-planet.de\/en\/windwende-praxisnah-zum-anfassen-windrat-veroeffentlicht-best-practice-videoreihe\/#breadcrumb"},"inLanguage":"en-US","potentialAction":[{"@type":"ReadAction","target":["https:\/\/www.protect-the-planet.de\/en\/windwende-praxisnah-zum-anfassen-windrat-veroeffentlicht-best-practice-videoreihe\/"]}]},{"@type":"ImageObject","inLanguage":"en-US","@id":"https:\/\/www.protect-the-planet.de\/en\/windwende-praxisnah-zum-anfassen-windrat-veroeffentlicht-best-practice-videoreihe\/#primaryimage","url":"https:\/\/www.protect-the-planet.de\/wp-content\/uploads\/2024\/03\/01-Windwende-Coesfeld.00_01_47_01.Standbild008-1-scaled.jpg","contentUrl":"https:\/\/www.protect-the-planet.de\/wp-content\/uploads\/2024\/03\/01-Windwende-Coesfeld.00_01_47_01.Standbild008-1-scaled.jpg","width":2560,"height":1280,"caption":"Windr\u00e4der in einer Umgebung mit einem See und Feldern."},{"@type":"BreadcrumbList","@id":"https:\/\/www.protect-the-planet.de\/en\/windwende-praxisnah-zum-anfassen-windrat-veroeffentlicht-best-practice-videoreihe\/#breadcrumb","itemListElement":[{"@type":"ListItem","position":1,"name":"Startseite","item":"https:\/\/www.protect-the-planet.de\/en\/home\/"},{"@type":"ListItem","position":2,"name":"Windwende praxisnah zum Anfassen \u2013 WindRat ver\u00f6ffentlicht Best-Practice-Videoreihe"}]},{"@type":"WebSite","@id":"https:\/\/www.protect-the-planet.de\/en\/#website","url":"https:\/\/www.protect-the-planet.de\/en\/","name":"Protect the Planet","description":"If we don&#039;t change, the climate will.","publisher":{"@id":"https:\/\/www.protect-the-planet.de\/en\/#organization"},"alternateName":"Protect the Panet gGmbH","potentialAction":[{"@type":"SearchAction","target":{"@type":"EntryPoint","urlTemplate":"https:\/\/www.protect-the-planet.de\/en\/?s={search_term_string}"},"query-input":{"@type":"PropertyValueSpecification","valueRequired":true,"valueName":"search_term_string"}}],"inLanguage":"en-US"},{"@type":"Organization","@id":"https:\/\/www.protect-the-planet.de\/en\/#organization","name":"Protect the Planet","url":"https:\/\/www.protect-the-planet.de\/en\/","logo":{"@type":"ImageObject","inLanguage":"en-US","@id":"https:\/\/www.protect-the-planet.de\/en\/#\/schema\/logo\/image\/","url":"https:\/\/www.protect-the-planet.de\/wp-content\/uploads\/2023\/09\/LOGO-positiv_transparent-klein.png","contentUrl":"https:\/\/www.protect-the-planet.de\/wp-content\/uploads\/2023\/09\/LOGO-positiv_transparent-klein.png","width":123,"height":68,"caption":"Protect the Planet"},"image":{"@id":"https:\/\/www.protect-the-planet.de\/en\/#\/schema\/logo\/image\/"},"sameAs":["https:\/\/www.facebook.com\/protecttheplanetDE\/","https:\/\/x.com\/PtP_de","https:\/\/www.instagram.com\/protecttheplanetorg\/","https:\/\/www.linkedin.com\/company\/protect-the-planet","https:\/\/www.youtube.com\/@protecttheplanet"]},{"@type":"Person","@id":"https:\/\/www.protect-the-planet.de\/en\/#\/schema\/person\/c843c153d0dd33ec584996931e438bce","name":"Fenja Jacobs","image":{"@type":"ImageObject","inLanguage":"en-US","@id":"https:\/\/secure.gravatar.com\/avatar\/1319de9aaea70b6c6ed807392ef95d6582ceaf98cca9de0a0022ba8e0d3a7fc3?s=96&d=mm&r=g","url":"https:\/\/secure.gravatar.com\/avatar\/1319de9aaea70b6c6ed807392ef95d6582ceaf98cca9de0a0022ba8e0d3a7fc3?s=96&d=mm&r=g","contentUrl":"https:\/\/secure.gravatar.com\/avatar\/1319de9aaea70b6c6ed807392ef95d6582ceaf98cca9de0a0022ba8e0d3a7fc3?s=96&d=mm&r=g","caption":"Fenja Jacobs"},"url":"https:\/\/www.protect-the-planet.de\/en\/author\/fenja-jacobs\/"}]}},"_links":{"self":[{"href":"https:\/\/www.protect-the-planet.de\/en\/wp-json\/wp\/v2\/posts\/25667","targetHints":{"allow":["GET"]}}],"collection":[{"href":"https:\/\/www.protect-the-planet.de\/en\/wp-json\/wp\/v2\/posts"}],"about":[{"href":"https:\/\/www.protect-the-planet.de\/en\/wp-json\/wp\/v2\/types\/post"}],"author":[{"embeddable":true,"href":"https:\/\/www.protect-the-planet.de\/en\/wp-json\/wp\/v2\/users\/3"}],"replies":[{"embeddable":true,"href":"https:\/\/www.protect-the-planet.de\/en\/wp-json\/wp\/v2\/comments?post=25667"}],"version-history":[{"count":0,"href":"https:\/\/www.protect-the-planet.de\/en\/wp-json\/wp\/v2\/posts\/25667\/revisions"}],"wp:featuredmedia":[{"embeddable":true,"href":"https:\/\/www.protect-the-planet.de\/en\/wp-json\/wp\/v2\/media\/25707"}],"wp:attachment":[{"href":"https:\/\/www.protect-the-planet.de\/en\/wp-json\/wp\/v2\/media?parent=25667"}],"wp:term":[{"taxonomy":"category","embeddable":true,"href":"https:\/\/www.protect-the-planet.de\/en\/wp-json\/wp\/v2\/categories?post=25667"},{"taxonomy":"post_tag","embeddable":true,"href":"https:\/\/www.protect-the-planet.de\/en\/wp-json\/wp\/v2\/tags?post=25667"}],"curies":[{"name":"wp","href":"https:\/\/api.w.org\/{rel}","templated":true}]}}