{"id":25518,"date":"2023-12-08T18:21:00","date_gmt":"2023-12-08T17:21:00","guid":{"rendered":"https:\/\/www.protect-the-planet.de\/energiewende-jetzt-prof-dr-volker-quaschning-in-muenchen\/"},"modified":"2024-03-13T11:46:33","modified_gmt":"2024-03-13T10:46:33","slug":"energiewende-jetzt-prof-dr-volker-quaschning-in-muenchen","status":"publish","type":"post","link":"https:\/\/www.protect-the-planet.de\/en\/energiewende-jetzt-prof-dr-volker-quaschning-in-muenchen\/","title":{"rendered":"Energiewende \u2013 jetzt! Prof. Dr. Volker Quaschning in M\u00fcnchen"},"content":{"rendered":"\n<p>Schaffen wir die Energiewende? Volker Quaschning bringt eines auf den Punkt: \u201eEs ist nicht das Problem, dass wir die Technik nicht haben oder das Geld nicht haben. Das Problem ist: Viele haben eigentlich schon aufgegeben.\u201c<\/p>\n\n\n\n<p>Wir brauchen Mut, um ein Projekt wie die Energiewende zu bew\u00e4ltigen. Gut, dass Prof. Dr. Quaschning die komplexe Thematik mit anschaulichen Beispielen verst\u00e4ndlich macht \u2013 und mit Humor und Zuversicht auch zu motivieren wei\u00df. \u00dcber 600 Zuschauer*innen waren am 07.12.2024 bei seinem Vortrag im Carl-von-Linde-H\u00f6rsaal der TUM und online live dabei. Damit ist die Veranstaltung ein eindeutiges Highlight in unserer <a href=\"https:\/\/www.protect-the-planet.de\/veranstaltungen\/\">Klima-Vortragsreihe<\/a> \u2013 wir sagen Danke sch\u00f6n an Volker Quaschning!<\/p>\n\n\n\n<p>Ein gro\u00dfer Dank geb\u00fchrt weiterhin dem <a href=\"https:\/\/umwelt.asta.tum.de\">Umweltreferat der TU M\u00fcnchen<\/a> und der <a href=\"https:\/\/www.stadtakademie-muenchen.de\">Evangelischen Stadtakademie<\/a>, die dieses Event als Mitveranstalter mit uns m\u00f6glich gemacht haben. Gemeinsam sind wir besser!<\/p>\n\n\n\n<p>Wer neuen Schwung in seinem Klima-Engagement braucht, dem sei Volker Quaschnings Vortrag w\u00e4rmstens ans Herz gelegt. Die Aufzeichnung findet sich auf YouTube und <a href=\"https:\/\/www.protect-the-planet.de\/en\/event\/2023-12-07-quaschning-energierevolution\/\">in unserem Veranstaltungsarchiv<\/a>.<\/p>\n\n\n\n<figure class=\"wp-block-gallery has-nested-images columns-default is-cropped wp-block-gallery-1 is-layout-flex wp-block-gallery-is-layout-flex\">\n<figure class=\"wp-block-image size-large\"><img fetchpriority=\"high\" decoding=\"async\" width=\"768\" height=\"1024\" data-id=\"25325\" src=\"https:\/\/www.protect-the-planet.de\/wp-content\/uploads\/2024\/03\/IMG_0075-Hoersaal-hoch-von-der-Seite-768x1024.jpg\" alt=\"\" class=\"wp-image-25325\" srcset=\"https:\/\/www.protect-the-planet.de\/wp-content\/uploads\/2024\/03\/IMG_0075-Hoersaal-hoch-von-der-Seite-768x1024.jpg 768w, https:\/\/www.protect-the-planet.de\/wp-content\/uploads\/2024\/03\/IMG_0075-Hoersaal-hoch-von-der-Seite-225x300.jpg 225w, https:\/\/www.protect-the-planet.de\/wp-content\/uploads\/2024\/03\/IMG_0075-Hoersaal-hoch-von-der-Seite-1152x1536.jpg 1152w, https:\/\/www.protect-the-planet.de\/wp-content\/uploads\/2024\/03\/IMG_0075-Hoersaal-hoch-von-der-Seite-1536x2048.jpg 1536w, https:\/\/www.protect-the-planet.de\/wp-content\/uploads\/2024\/03\/IMG_0075-Hoersaal-hoch-von-der-Seite-1320x1760.jpg 1320w, https:\/\/www.protect-the-planet.de\/wp-content\/uploads\/2024\/03\/IMG_0075-Hoersaal-hoch-von-der-Seite-scaled.jpg 1920w\" sizes=\"(max-width: 768px) 100vw, 768px\" \/><\/figure>\n\n\n\n<figure class=\"wp-block-image size-large\"><img decoding=\"async\" width=\"768\" height=\"1024\" data-id=\"25329\" src=\"https:\/\/www.protect-the-planet.de\/wp-content\/uploads\/2024\/03\/IMG_0088-Man-to-the-moon-hoch-768x1024.jpg\" alt=\"\" class=\"wp-image-25329\" srcset=\"https:\/\/www.protect-the-planet.de\/wp-content\/uploads\/2024\/03\/IMG_0088-Man-to-the-moon-hoch-768x1024.jpg 768w, https:\/\/www.protect-the-planet.de\/wp-content\/uploads\/2024\/03\/IMG_0088-Man-to-the-moon-hoch-225x300.jpg 225w, https:\/\/www.protect-the-planet.de\/wp-content\/uploads\/2024\/03\/IMG_0088-Man-to-the-moon-hoch-1152x1536.jpg 1152w, https:\/\/www.protect-the-planet.de\/wp-content\/uploads\/2024\/03\/IMG_0088-Man-to-the-moon-hoch-1536x2048.jpg 1536w, https:\/\/www.protect-the-planet.de\/wp-content\/uploads\/2024\/03\/IMG_0088-Man-to-the-moon-hoch-1320x1760.jpg 1320w, https:\/\/www.protect-the-planet.de\/wp-content\/uploads\/2024\/03\/IMG_0088-Man-to-the-moon-hoch-scaled.jpg 1920w\" sizes=\"(max-width: 768px) 100vw, 768px\" \/><\/figure>\n\n\n\n<figure class=\"wp-block-image size-large\"><img decoding=\"async\" width=\"1024\" height=\"768\" data-id=\"25331\" src=\"https:\/\/www.protect-the-planet.de\/wp-content\/uploads\/2024\/03\/IMG_0092-Hoersaal-quer-1024x768.jpg\" alt=\"\" class=\"wp-image-25331\" srcset=\"https:\/\/www.protect-the-planet.de\/wp-content\/uploads\/2024\/03\/IMG_0092-Hoersaal-quer-1024x768.jpg 1024w, https:\/\/www.protect-the-planet.de\/wp-content\/uploads\/2024\/03\/IMG_0092-Hoersaal-quer-300x225.jpg 300w, https:\/\/www.protect-the-planet.de\/wp-content\/uploads\/2024\/03\/IMG_0092-Hoersaal-quer-768x576.jpg 768w, https:\/\/www.protect-the-planet.de\/wp-content\/uploads\/2024\/03\/IMG_0092-Hoersaal-quer-1536x1152.jpg 1536w, https:\/\/www.protect-the-planet.de\/wp-content\/uploads\/2024\/03\/IMG_0092-Hoersaal-quer-2048x1536.jpg 2048w, https:\/\/www.protect-the-planet.de\/wp-content\/uploads\/2024\/03\/IMG_0092-Hoersaal-quer-1320x990.jpg 1320w\" sizes=\"(max-width: 1024px) 100vw, 1024px\" \/><\/figure>\n\n\n\n<figure class=\"wp-block-image size-large\"><img loading=\"lazy\" decoding=\"async\" width=\"1024\" height=\"768\" data-id=\"25327\" src=\"https:\/\/www.protect-the-planet.de\/wp-content\/uploads\/2024\/03\/IMG_0096-PtP-Jahresbericht-1024x768.jpg\" alt=\"\" class=\"wp-image-25327\" srcset=\"https:\/\/www.protect-the-planet.de\/wp-content\/uploads\/2024\/03\/IMG_0096-PtP-Jahresbericht-1024x768.jpg 1024w, https:\/\/www.protect-the-planet.de\/wp-content\/uploads\/2024\/03\/IMG_0096-PtP-Jahresbericht-300x225.jpg 300w, https:\/\/www.protect-the-planet.de\/wp-content\/uploads\/2024\/03\/IMG_0096-PtP-Jahresbericht-768x576.jpg 768w, https:\/\/www.protect-the-planet.de\/wp-content\/uploads\/2024\/03\/IMG_0096-PtP-Jahresbericht-1536x1152.jpg 1536w, https:\/\/www.protect-the-planet.de\/wp-content\/uploads\/2024\/03\/IMG_0096-PtP-Jahresbericht-2048x1536.jpg 2048w, https:\/\/www.protect-the-planet.de\/wp-content\/uploads\/2024\/03\/IMG_0096-PtP-Jahresbericht-1320x990.jpg 1320w\" sizes=\"(max-width: 1024px) 100vw, 1024px\" \/><\/figure>\n\n\n\n<figure class=\"wp-block-image size-large\"><img loading=\"lazy\" decoding=\"async\" width=\"1024\" height=\"768\" data-id=\"25333\" src=\"https:\/\/www.protect-the-planet.de\/wp-content\/uploads\/2024\/03\/IMG_0103-Quaschning-Paschlau-bei-Diskussion-1024x768.jpg\" alt=\"\" class=\"wp-image-25333\" srcset=\"https:\/\/www.protect-the-planet.de\/wp-content\/uploads\/2024\/03\/IMG_0103-Quaschning-Paschlau-bei-Diskussion-1024x768.jpg 1024w, https:\/\/www.protect-the-planet.de\/wp-content\/uploads\/2024\/03\/IMG_0103-Quaschning-Paschlau-bei-Diskussion-300x225.jpg 300w, https:\/\/www.protect-the-planet.de\/wp-content\/uploads\/2024\/03\/IMG_0103-Quaschning-Paschlau-bei-Diskussion-768x576.jpg 768w, https:\/\/www.protect-the-planet.de\/wp-content\/uploads\/2024\/03\/IMG_0103-Quaschning-Paschlau-bei-Diskussion-1536x1152.jpg 1536w, https:\/\/www.protect-the-planet.de\/wp-content\/uploads\/2024\/03\/IMG_0103-Quaschning-Paschlau-bei-Diskussion-2048x1536.jpg 2048w, https:\/\/www.protect-the-planet.de\/wp-content\/uploads\/2024\/03\/IMG_0103-Quaschning-Paschlau-bei-Diskussion-1320x990.jpg 1320w\" sizes=\"(max-width: 1024px) 100vw, 1024px\" \/><\/figure>\n<\/figure>\n","protected":false},"excerpt":{"rendered":"<p>\u00dcber 600 Zuschauer*innen waren am 07.12.2024 beim Vortrag von Volker Quaschning im Carl-von-Linde-H\u00f6rsaal der TU M\u00fcnchen und online dabei.<\/p>\n","protected":false},"author":6,"featured_media":24388,"comment_status":"closed","ping_status":"closed","sticky":false,"template":"","format":"standard","meta":{"footnotes":""},"categories":[729],"tags":[],"class_list":["post-25518","post","type-post","status-publish","format-standard","has-post-thumbnail","hentry","category-news"],"yoast_head":"<!-- This site is optimized with the Yoast SEO plugin v27.5 - https:\/\/yoast.com\/product\/yoast-seo-wordpress\/ -->\n<title>Energiewende \u2013 jetzt! Prof. Dr. Volker Quaschning in M\u00fcnchen - Protect the Planet<\/title>\n<meta name=\"description\" content=\"\u00dcber 600 Zuschauer*innen waren am 07.12.2024 beim Vortrag von Volker Quaschning im Carl-von-Linde-H\u00f6rsaal der TU M\u00fcnchen und online dabei.\" \/>\n<meta name=\"robots\" content=\"index, follow, max-snippet:-1, max-image-preview:large, max-video-preview:-1\" \/>\n<link rel=\"canonical\" href=\"https:\/\/www.protect-the-planet.de\/en\/energiewende-jetzt-prof-dr-volker-quaschning-in-muenchen\/\" \/>\n<meta property=\"og:locale\" content=\"en_US\" \/>\n<meta property=\"og:type\" content=\"article\" \/>\n<meta property=\"og:title\" content=\"Energiewende \u2013 jetzt! Prof. Dr. Volker Quaschning in M\u00fcnchen - Protect the Planet\" \/>\n<meta property=\"og:description\" content=\"\u00dcber 600 Zuschauer*innen waren am 07.12.2024 beim Vortrag von Volker Quaschning im Carl-von-Linde-H\u00f6rsaal der TU M\u00fcnchen und online dabei.\" \/>\n<meta property=\"og:url\" content=\"https:\/\/www.protect-the-planet.de\/en\/energiewende-jetzt-prof-dr-volker-quaschning-in-muenchen\/\" \/>\n<meta property=\"og:site_name\" content=\"Protect the Planet\" \/>\n<meta property=\"article:publisher\" content=\"https:\/\/www.facebook.com\/protecttheplanetDE\/\" \/>\n<meta property=\"article:published_time\" content=\"2023-12-08T17:21:00+00:00\" \/>\n<meta property=\"article:modified_time\" content=\"2024-03-13T10:46:33+00:00\" \/>\n<meta property=\"og:image\" content=\"https:\/\/www.protect-the-planet.de\/wp-content\/uploads\/2023\/12\/Beitragsbild-Quaschning-2.jpg\" \/>\n\t<meta property=\"og:image:width\" content=\"800\" \/>\n\t<meta property=\"og:image:height\" content=\"500\" \/>\n\t<meta property=\"og:image:type\" content=\"image\/jpeg\" \/>\n<meta name=\"author\" content=\"Fenya Kirst\" \/>\n<meta name=\"twitter:card\" content=\"summary_large_image\" \/>\n<meta name=\"twitter:creator\" content=\"@PtP_de\" \/>\n<meta name=\"twitter:site\" content=\"@PtP_de\" \/>\n<meta name=\"twitter:label1\" content=\"Written by\" \/>\n\t<meta name=\"twitter:data1\" content=\"Fenya Kirst\" \/>\n\t<meta name=\"twitter:label2\" content=\"Est. reading time\" \/>\n\t<meta name=\"twitter:data2\" content=\"3 minutes\" \/>\n<script type=\"application\/ld+json\" class=\"yoast-schema-graph\">{\"@context\":\"https:\\\/\\\/schema.org\",\"@graph\":[{\"@type\":\"Article\",\"@id\":\"https:\\\/\\\/www.protect-the-planet.de\\\/en\\\/energiewende-jetzt-prof-dr-volker-quaschning-in-muenchen\\\/#article\",\"isPartOf\":{\"@id\":\"https:\\\/\\\/www.protect-the-planet.de\\\/en\\\/energiewende-jetzt-prof-dr-volker-quaschning-in-muenchen\\\/\"},\"author\":{\"name\":\"Fenya Kirst\",\"@id\":\"https:\\\/\\\/www.protect-the-planet.de\\\/en\\\/#\\\/schema\\\/person\\\/34a10854efaaf0bf11a3b6fbe966fcd0\"},\"headline\":\"Energiewende \u2013 jetzt! Prof. Dr. Volker Quaschning in M\u00fcnchen\",\"datePublished\":\"2023-12-08T17:21:00+00:00\",\"dateModified\":\"2024-03-13T10:46:33+00:00\",\"mainEntityOfPage\":{\"@id\":\"https:\\\/\\\/www.protect-the-planet.de\\\/en\\\/energiewende-jetzt-prof-dr-volker-quaschning-in-muenchen\\\/\"},\"wordCount\":173,\"publisher\":{\"@id\":\"https:\\\/\\\/www.protect-the-planet.de\\\/en\\\/#organization\"},\"image\":{\"@id\":\"https:\\\/\\\/www.protect-the-planet.de\\\/en\\\/energiewende-jetzt-prof-dr-volker-quaschning-in-muenchen\\\/#primaryimage\"},\"thumbnailUrl\":\"https:\\\/\\\/www.protect-the-planet.de\\\/wp-content\\\/uploads\\\/2023\\\/12\\\/Beitragsbild-Quaschning-2.jpg\",\"articleSection\":[\"News\"],\"inLanguage\":\"en-US\"},{\"@type\":\"WebPage\",\"@id\":\"https:\\\/\\\/www.protect-the-planet.de\\\/en\\\/energiewende-jetzt-prof-dr-volker-quaschning-in-muenchen\\\/\",\"url\":\"https:\\\/\\\/www.protect-the-planet.de\\\/en\\\/energiewende-jetzt-prof-dr-volker-quaschning-in-muenchen\\\/\",\"name\":\"Energiewende \u2013 jetzt! Prof. Dr. Volker Quaschning in M\u00fcnchen - Protect the Planet\",\"isPartOf\":{\"@id\":\"https:\\\/\\\/www.protect-the-planet.de\\\/en\\\/#website\"},\"primaryImageOfPage\":{\"@id\":\"https:\\\/\\\/www.protect-the-planet.de\\\/en\\\/energiewende-jetzt-prof-dr-volker-quaschning-in-muenchen\\\/#primaryimage\"},\"image\":{\"@id\":\"https:\\\/\\\/www.protect-the-planet.de\\\/en\\\/energiewende-jetzt-prof-dr-volker-quaschning-in-muenchen\\\/#primaryimage\"},\"thumbnailUrl\":\"https:\\\/\\\/www.protect-the-planet.de\\\/wp-content\\\/uploads\\\/2023\\\/12\\\/Beitragsbild-Quaschning-2.jpg\",\"datePublished\":\"2023-12-08T17:21:00+00:00\",\"dateModified\":\"2024-03-13T10:46:33+00:00\",\"description\":\"\u00dcber 600 Zuschauer*innen waren am 07.12.2024 beim Vortrag von Volker Quaschning im Carl-von-Linde-H\u00f6rsaal der TU M\u00fcnchen und online dabei.\",\"breadcrumb\":{\"@id\":\"https:\\\/\\\/www.protect-the-planet.de\\\/en\\\/energiewende-jetzt-prof-dr-volker-quaschning-in-muenchen\\\/#breadcrumb\"},\"inLanguage\":\"en-US\",\"potentialAction\":[{\"@type\":\"ReadAction\",\"target\":[\"https:\\\/\\\/www.protect-the-planet.de\\\/en\\\/energiewende-jetzt-prof-dr-volker-quaschning-in-muenchen\\\/\"]}]},{\"@type\":\"ImageObject\",\"inLanguage\":\"en-US\",\"@id\":\"https:\\\/\\\/www.protect-the-planet.de\\\/en\\\/energiewende-jetzt-prof-dr-volker-quaschning-in-muenchen\\\/#primaryimage\",\"url\":\"https:\\\/\\\/www.protect-the-planet.de\\\/wp-content\\\/uploads\\\/2023\\\/12\\\/Beitragsbild-Quaschning-2.jpg\",\"contentUrl\":\"https:\\\/\\\/www.protect-the-planet.de\\\/wp-content\\\/uploads\\\/2023\\\/12\\\/Beitragsbild-Quaschning-2.jpg\",\"width\":800,\"height\":500},{\"@type\":\"BreadcrumbList\",\"@id\":\"https:\\\/\\\/www.protect-the-planet.de\\\/en\\\/energiewende-jetzt-prof-dr-volker-quaschning-in-muenchen\\\/#breadcrumb\",\"itemListElement\":[{\"@type\":\"ListItem\",\"position\":1,\"name\":\"Startseite\",\"item\":\"https:\\\/\\\/www.protect-the-planet.de\\\/en\\\/home\\\/\"},{\"@type\":\"ListItem\",\"position\":2,\"name\":\"Energiewende \u2013 jetzt! Prof. Dr. Volker Quaschning in M\u00fcnchen\"}]},{\"@type\":\"WebSite\",\"@id\":\"https:\\\/\\\/www.protect-the-planet.de\\\/en\\\/#website\",\"url\":\"https:\\\/\\\/www.protect-the-planet.de\\\/en\\\/\",\"name\":\"Protect the Planet\",\"description\":\"If we don&#039;t change, the climate will.\",\"publisher\":{\"@id\":\"https:\\\/\\\/www.protect-the-planet.de\\\/en\\\/#organization\"},\"alternateName\":\"Protect the Panet gGmbH\",\"potentialAction\":[{\"@type\":\"SearchAction\",\"target\":{\"@type\":\"EntryPoint\",\"urlTemplate\":\"https:\\\/\\\/www.protect-the-planet.de\\\/en\\\/?s={search_term_string}\"},\"query-input\":{\"@type\":\"PropertyValueSpecification\",\"valueRequired\":true,\"valueName\":\"search_term_string\"}}],\"inLanguage\":\"en-US\"},{\"@type\":\"Organization\",\"@id\":\"https:\\\/\\\/www.protect-the-planet.de\\\/en\\\/#organization\",\"name\":\"Protect the Planet\",\"url\":\"https:\\\/\\\/www.protect-the-planet.de\\\/en\\\/\",\"logo\":{\"@type\":\"ImageObject\",\"inLanguage\":\"en-US\",\"@id\":\"https:\\\/\\\/www.protect-the-planet.de\\\/en\\\/#\\\/schema\\\/logo\\\/image\\\/\",\"url\":\"https:\\\/\\\/www.protect-the-planet.de\\\/wp-content\\\/uploads\\\/2023\\\/09\\\/LOGO-positiv_transparent-klein.png\",\"contentUrl\":\"https:\\\/\\\/www.protect-the-planet.de\\\/wp-content\\\/uploads\\\/2023\\\/09\\\/LOGO-positiv_transparent-klein.png\",\"width\":123,\"height\":68,\"caption\":\"Protect the Planet\"},\"image\":{\"@id\":\"https:\\\/\\\/www.protect-the-planet.de\\\/en\\\/#\\\/schema\\\/logo\\\/image\\\/\"},\"sameAs\":[\"https:\\\/\\\/www.facebook.com\\\/protecttheplanetDE\\\/\",\"https:\\\/\\\/x.com\\\/PtP_de\",\"https:\\\/\\\/www.instagram.com\\\/protecttheplanetorg\\\/\",\"https:\\\/\\\/www.linkedin.com\\\/company\\\/protect-the-planet\",\"https:\\\/\\\/www.youtube.com\\\/@protecttheplanet\"]},{\"@type\":\"Person\",\"@id\":\"https:\\\/\\\/www.protect-the-planet.de\\\/en\\\/#\\\/schema\\\/person\\\/34a10854efaaf0bf11a3b6fbe966fcd0\",\"name\":\"Fenya Kirst\",\"image\":{\"@type\":\"ImageObject\",\"inLanguage\":\"en-US\",\"@id\":\"https:\\\/\\\/www.protect-the-planet.de\\\/wp-content\\\/uploads\\\/2024\\\/03\\\/cropped-2310_ProtectThePlanet_Portraet-Fenya-quadr-scaled-1-96x96.jpg\",\"url\":\"https:\\\/\\\/www.protect-the-planet.de\\\/wp-content\\\/uploads\\\/2024\\\/03\\\/cropped-2310_ProtectThePlanet_Portraet-Fenya-quadr-scaled-1-96x96.jpg\",\"contentUrl\":\"https:\\\/\\\/www.protect-the-planet.de\\\/wp-content\\\/uploads\\\/2024\\\/03\\\/cropped-2310_ProtectThePlanet_Portraet-Fenya-quadr-scaled-1-96x96.jpg\",\"caption\":\"Fenya Kirst\"},\"description\":\"fenya.kirst@protect-the-planet.de +49 162 9085805\",\"url\":\"https:\\\/\\\/www.protect-the-planet.de\\\/en\\\/author\\\/fenya-kirst\\\/\"}]}<\/script>\n<!-- \/ Yoast SEO plugin. -->","yoast_head_json":{"title":"Energiewende \u2013 jetzt! Prof. Dr. Volker Quaschning in M\u00fcnchen - Protect the Planet","description":"\u00dcber 600 Zuschauer*innen waren am 07.12.2024 beim Vortrag von Volker Quaschning im Carl-von-Linde-H\u00f6rsaal der TU M\u00fcnchen und online dabei.","robots":{"index":"index","follow":"follow","max-snippet":"max-snippet:-1","max-image-preview":"max-image-preview:large","max-video-preview":"max-video-preview:-1"},"canonical":"https:\/\/www.protect-the-planet.de\/en\/energiewende-jetzt-prof-dr-volker-quaschning-in-muenchen\/","og_locale":"en_US","og_type":"article","og_title":"Energiewende \u2013 jetzt! Prof. Dr. Volker Quaschning in M\u00fcnchen - Protect the Planet","og_description":"\u00dcber 600 Zuschauer*innen waren am 07.12.2024 beim Vortrag von Volker Quaschning im Carl-von-Linde-H\u00f6rsaal der TU M\u00fcnchen und online dabei.","og_url":"https:\/\/www.protect-the-planet.de\/en\/energiewende-jetzt-prof-dr-volker-quaschning-in-muenchen\/","og_site_name":"Protect the Planet","article_publisher":"https:\/\/www.facebook.com\/protecttheplanetDE\/","article_published_time":"2023-12-08T17:21:00+00:00","article_modified_time":"2024-03-13T10:46:33+00:00","og_image":[{"width":800,"height":500,"url":"https:\/\/www.protect-the-planet.de\/wp-content\/uploads\/2023\/12\/Beitragsbild-Quaschning-2.jpg","type":"image\/jpeg"}],"author":"Fenya Kirst","twitter_card":"summary_large_image","twitter_creator":"@PtP_de","twitter_site":"@PtP_de","twitter_misc":{"Written by":"Fenya Kirst","Est. reading time":"3 minutes"},"schema":{"@context":"https:\/\/schema.org","@graph":[{"@type":"Article","@id":"https:\/\/www.protect-the-planet.de\/en\/energiewende-jetzt-prof-dr-volker-quaschning-in-muenchen\/#article","isPartOf":{"@id":"https:\/\/www.protect-the-planet.de\/en\/energiewende-jetzt-prof-dr-volker-quaschning-in-muenchen\/"},"author":{"name":"Fenya Kirst","@id":"https:\/\/www.protect-the-planet.de\/en\/#\/schema\/person\/34a10854efaaf0bf11a3b6fbe966fcd0"},"headline":"Energiewende \u2013 jetzt! Prof. Dr. Volker Quaschning in M\u00fcnchen","datePublished":"2023-12-08T17:21:00+00:00","dateModified":"2024-03-13T10:46:33+00:00","mainEntityOfPage":{"@id":"https:\/\/www.protect-the-planet.de\/en\/energiewende-jetzt-prof-dr-volker-quaschning-in-muenchen\/"},"wordCount":173,"publisher":{"@id":"https:\/\/www.protect-the-planet.de\/en\/#organization"},"image":{"@id":"https:\/\/www.protect-the-planet.de\/en\/energiewende-jetzt-prof-dr-volker-quaschning-in-muenchen\/#primaryimage"},"thumbnailUrl":"https:\/\/www.protect-the-planet.de\/wp-content\/uploads\/2023\/12\/Beitragsbild-Quaschning-2.jpg","articleSection":["News"],"inLanguage":"en-US"},{"@type":"WebPage","@id":"https:\/\/www.protect-the-planet.de\/en\/energiewende-jetzt-prof-dr-volker-quaschning-in-muenchen\/","url":"https:\/\/www.protect-the-planet.de\/en\/energiewende-jetzt-prof-dr-volker-quaschning-in-muenchen\/","name":"Energiewende \u2013 jetzt! Prof. Dr. Volker Quaschning in M\u00fcnchen - Protect the Planet","isPartOf":{"@id":"https:\/\/www.protect-the-planet.de\/en\/#website"},"primaryImageOfPage":{"@id":"https:\/\/www.protect-the-planet.de\/en\/energiewende-jetzt-prof-dr-volker-quaschning-in-muenchen\/#primaryimage"},"image":{"@id":"https:\/\/www.protect-the-planet.de\/en\/energiewende-jetzt-prof-dr-volker-quaschning-in-muenchen\/#primaryimage"},"thumbnailUrl":"https:\/\/www.protect-the-planet.de\/wp-content\/uploads\/2023\/12\/Beitragsbild-Quaschning-2.jpg","datePublished":"2023-12-08T17:21:00+00:00","dateModified":"2024-03-13T10:46:33+00:00","description":"\u00dcber 600 Zuschauer*innen waren am 07.12.2024 beim Vortrag von Volker Quaschning im Carl-von-Linde-H\u00f6rsaal der TU M\u00fcnchen und online dabei.","breadcrumb":{"@id":"https:\/\/www.protect-the-planet.de\/en\/energiewende-jetzt-prof-dr-volker-quaschning-in-muenchen\/#breadcrumb"},"inLanguage":"en-US","potentialAction":[{"@type":"ReadAction","target":["https:\/\/www.protect-the-planet.de\/en\/energiewende-jetzt-prof-dr-volker-quaschning-in-muenchen\/"]}]},{"@type":"ImageObject","inLanguage":"en-US","@id":"https:\/\/www.protect-the-planet.de\/en\/energiewende-jetzt-prof-dr-volker-quaschning-in-muenchen\/#primaryimage","url":"https:\/\/www.protect-the-planet.de\/wp-content\/uploads\/2023\/12\/Beitragsbild-Quaschning-2.jpg","contentUrl":"https:\/\/www.protect-the-planet.de\/wp-content\/uploads\/2023\/12\/Beitragsbild-Quaschning-2.jpg","width":800,"height":500},{"@type":"BreadcrumbList","@id":"https:\/\/www.protect-the-planet.de\/en\/energiewende-jetzt-prof-dr-volker-quaschning-in-muenchen\/#breadcrumb","itemListElement":[{"@type":"ListItem","position":1,"name":"Startseite","item":"https:\/\/www.protect-the-planet.de\/en\/home\/"},{"@type":"ListItem","position":2,"name":"Energiewende \u2013 jetzt! Prof. Dr. Volker Quaschning in M\u00fcnchen"}]},{"@type":"WebSite","@id":"https:\/\/www.protect-the-planet.de\/en\/#website","url":"https:\/\/www.protect-the-planet.de\/en\/","name":"Protect the Planet","description":"If we don&#039;t change, the climate will.","publisher":{"@id":"https:\/\/www.protect-the-planet.de\/en\/#organization"},"alternateName":"Protect the Panet gGmbH","potentialAction":[{"@type":"SearchAction","target":{"@type":"EntryPoint","urlTemplate":"https:\/\/www.protect-the-planet.de\/en\/?s={search_term_string}"},"query-input":{"@type":"PropertyValueSpecification","valueRequired":true,"valueName":"search_term_string"}}],"inLanguage":"en-US"},{"@type":"Organization","@id":"https:\/\/www.protect-the-planet.de\/en\/#organization","name":"Protect the Planet","url":"https:\/\/www.protect-the-planet.de\/en\/","logo":{"@type":"ImageObject","inLanguage":"en-US","@id":"https:\/\/www.protect-the-planet.de\/en\/#\/schema\/logo\/image\/","url":"https:\/\/www.protect-the-planet.de\/wp-content\/uploads\/2023\/09\/LOGO-positiv_transparent-klein.png","contentUrl":"https:\/\/www.protect-the-planet.de\/wp-content\/uploads\/2023\/09\/LOGO-positiv_transparent-klein.png","width":123,"height":68,"caption":"Protect the Planet"},"image":{"@id":"https:\/\/www.protect-the-planet.de\/en\/#\/schema\/logo\/image\/"},"sameAs":["https:\/\/www.facebook.com\/protecttheplanetDE\/","https:\/\/x.com\/PtP_de","https:\/\/www.instagram.com\/protecttheplanetorg\/","https:\/\/www.linkedin.com\/company\/protect-the-planet","https:\/\/www.youtube.com\/@protecttheplanet"]},{"@type":"Person","@id":"https:\/\/www.protect-the-planet.de\/en\/#\/schema\/person\/34a10854efaaf0bf11a3b6fbe966fcd0","name":"Fenya Kirst","image":{"@type":"ImageObject","inLanguage":"en-US","@id":"https:\/\/www.protect-the-planet.de\/wp-content\/uploads\/2024\/03\/cropped-2310_ProtectThePlanet_Portraet-Fenya-quadr-scaled-1-96x96.jpg","url":"https:\/\/www.protect-the-planet.de\/wp-content\/uploads\/2024\/03\/cropped-2310_ProtectThePlanet_Portraet-Fenya-quadr-scaled-1-96x96.jpg","contentUrl":"https:\/\/www.protect-the-planet.de\/wp-content\/uploads\/2024\/03\/cropped-2310_ProtectThePlanet_Portraet-Fenya-quadr-scaled-1-96x96.jpg","caption":"Fenya Kirst"},"description":"fenya.kirst@protect-the-planet.de +49 162 9085805","url":"https:\/\/www.protect-the-planet.de\/en\/author\/fenya-kirst\/"}]}},"_links":{"self":[{"href":"https:\/\/www.protect-the-planet.de\/en\/wp-json\/wp\/v2\/posts\/25518","targetHints":{"allow":["GET"]}}],"collection":[{"href":"https:\/\/www.protect-the-planet.de\/en\/wp-json\/wp\/v2\/posts"}],"about":[{"href":"https:\/\/www.protect-the-planet.de\/en\/wp-json\/wp\/v2\/types\/post"}],"author":[{"embeddable":true,"href":"https:\/\/www.protect-the-planet.de\/en\/wp-json\/wp\/v2\/users\/6"}],"replies":[{"embeddable":true,"href":"https:\/\/www.protect-the-planet.de\/en\/wp-json\/wp\/v2\/comments?post=25518"}],"version-history":[{"count":0,"href":"https:\/\/www.protect-the-planet.de\/en\/wp-json\/wp\/v2\/posts\/25518\/revisions"}],"wp:featuredmedia":[{"embeddable":true,"href":"https:\/\/www.protect-the-planet.de\/en\/wp-json\/wp\/v2\/media\/24388"}],"wp:attachment":[{"href":"https:\/\/www.protect-the-planet.de\/en\/wp-json\/wp\/v2\/media?parent=25518"}],"wp:term":[{"taxonomy":"category","embeddable":true,"href":"https:\/\/www.protect-the-planet.de\/en\/wp-json\/wp\/v2\/categories?post=25518"},{"taxonomy":"post_tag","embeddable":true,"href":"https:\/\/www.protect-the-planet.de\/en\/wp-json\/wp\/v2\/tags?post=25518"}],"curies":[{"name":"wp","href":"https:\/\/api.w.org\/{rel}","templated":true}]}}