{"id":25415,"date":"2024-03-21T09:44:18","date_gmt":"2024-03-21T08:44:18","guid":{"rendered":"https:\/\/www.protect-the-planet.de\/?p=25415"},"modified":"2024-04-29T14:00:44","modified_gmt":"2024-04-29T12:00:44","slug":"time-to-say-goodbye","status":"publish","type":"post","link":"https:\/\/www.protect-the-planet.de\/en\/time-to-say-goodbye\/","title":{"rendered":"Time to say goodbye: Dr. Martin K\u00f6ppel verl\u00e4sst Protect the Planet"},"content":{"rendered":"<p>Liebe Planetensch\u00fctzer*innen,\u00a0\u00a0\u00a0\u00a0\u00a0\u00a0\u00a0\u00a0\u00a0\u00a0\u00a0\u00a0\u00a0\u00a0\u00a0\u00a0\u00a0\u00a0\u00a0\u00a0\u00a0\u00a0\u00a0\u00a0\u00a0\u00a0\u00a0\u00a0\u00a0\u00a0\u00a0\u00a0\u00a0<\/p>\n<p>mit einem lachenden und einem weinenden Auge wende ich mich heute an alle Engagierte, Mitstreiter*innen und Leser*innen \u2013 an alle Planetensch\u00fctzer*innen \u2013 um mich als Gesch\u00e4ftsf\u00fchrer von Protect the Planet zu verabschieden. It\u2019s time to say goodbye: Nach 3 \u00bd Jahren schlage ich neue Wege ein!<\/p>\n<p>Hintergrund ist, dass Dorothea Sick-Thies, die Gesellschafterin von Protect the Planet, und ich \u00fcber die weiteren Ziele und die Ausrichtung der gemeinn\u00fctzigen Umweltorganisation unterschiedliche Auffassungen haben. Daher haben wir uns im gegenseitigen Einvernehmen darauf geeinigt haben, die Zusammenarbeit zum 31. M\u00e4rz 2024 zu beenden.<\/p>\n<p>Die gemeinsame Zeit war f\u00fcr mich \u00e4u\u00dferst bereichernd. Auch wenn wir alle gerade sehen, wie die Klimakrise sich zuspitzt, bin ich sehr dankbar f\u00fcr all das, was wir gemeinsam erlebt und erreicht haben.<\/p>\n<p>Vieles haben wir in den letzten Jahren gemeinsam bewegt und angeschoben: Angefangen mit den Klimaklagen, unseren lokalen Aktionen, um M\u00fcnchen klimaneutral zu machen, \u00fcber unser Projekt <em>Unternehmen Klimaschutz<\/em>, bis zu unserer Klimavortragsreihe und dem <em>WindRat<\/em>, sowie vielen weiteren Aktionen, Projekten und Kampagnen.<\/p>\n<p>Ich danke jedem Einzelnen f\u00fcr die unerm\u00fcdliche Unterst\u00fctzung und das enorme Engagement. Auch f\u00fcr die vielen Begegnungen und den guten Austausch bin ich sehr dankbar. Eure Leidenschaft und euer Engagement, um die Klimakatastrophe zu verhindern und unseren Planeten lebenswert und gerecht zu gestalten haben mich sehr inspiriert und motiviert!<\/p>\n<p>Obwohl ich mich nun verabschiede, bin ich zuversichtlich, dass Protect the Planet unter der F\u00fchrung unseres engagierten Teams weiterhin erfolgreich sein wird.<\/p>\n<p>Daher m\u00f6chte ich Euch alle ermutigen, Euch weiterhin f\u00fcr den Schutz unseres wunderbaren Planeten einzusetzen. Jeder einzelne Beitrag z\u00e4hlt und: \u201eSei Du selbst die Ver\u00e4nderung, die Du Dir w\u00fcnschst f\u00fcr diese Welt\u201c (Mahatma Gandhi).<\/p>\n<p>In diesem Sinne danke ich euch nochmals von ganzem Herzen f\u00fcr eure Unterst\u00fctzung!<\/p>\n<h5><img fetchpriority=\"high\" decoding=\"async\" src=\"https:\/\/www.protect-the-planet.de\/wp-content\/uploads\/2024\/03\/2310_ProtectThePlanet_306-300x200.jpg\" alt=\"Portr\u00e4tfoto von Dr. Martin K\u00f6ppel\" width=\"300\" height=\"200\" \/>Mit herzlichen Gr\u00fc\u00dfen<\/h5>\n<p>Dr. Martin K\u00f6ppel<\/p>\n","protected":false},"excerpt":{"rendered":"<p>Dr. Martin K\u00f6ppel verl\u00e4sst Protect the Planet als Gesch\u00e4ftsf\u00fchrer ab April und schl\u00e4gt neue Wege ein. <\/p>\n","protected":false},"author":3,"featured_media":26335,"comment_status":"closed","ping_status":"closed","sticky":false,"template":"","format":"standard","meta":{"footnotes":""},"categories":[729],"tags":[1130,860],"class_list":["post-25415","post","type-post","status-publish","format-standard","has-post-thumbnail","hentry","category-news","tag-geschaftsfuhrung","tag-team-en"],"yoast_head":"<!-- This site is optimized with the Yoast SEO plugin v27.5 - https:\/\/yoast.com\/product\/yoast-seo-wordpress\/ -->\n<title>Time to say goodbye: Dr. Martin K\u00f6ppel verl\u00e4sst Protect the Planet - Protect the Planet<\/title>\n<meta name=\"description\" content=\"Dr. Martin K\u00f6ppel verl\u00e4sst Protect the Planet als Gesch\u00e4ftsf\u00fchrer ab April und schl\u00e4gt neue Wege ein. Lesen Sie seine Worte zum Abschied.\" \/>\n<meta name=\"robots\" content=\"index, follow, max-snippet:-1, max-image-preview:large, max-video-preview:-1\" \/>\n<link rel=\"canonical\" href=\"https:\/\/www.protect-the-planet.de\/en\/time-to-say-goodbye\/\" \/>\n<meta property=\"og:locale\" content=\"en_US\" \/>\n<meta property=\"og:type\" content=\"article\" \/>\n<meta property=\"og:title\" content=\"Time to say goodbye: Dr. Martin K\u00f6ppel verl\u00e4sst Protect the Planet\" \/>\n<meta property=\"og:description\" content=\"Dr. Martin K\u00f6ppel verl\u00e4sst Protect the Planet als Gesch\u00e4ftsf\u00fchrer ab April und schl\u00e4gt neue Wege ein.\" \/>\n<meta property=\"og:url\" content=\"https:\/\/www.protect-the-planet.de\/en\/time-to-say-goodbye\/\" \/>\n<meta property=\"og:site_name\" content=\"Protect the Planet\" \/>\n<meta property=\"article:publisher\" content=\"https:\/\/www.facebook.com\/protecttheplanetDE\/\" \/>\n<meta property=\"article:published_time\" content=\"2024-03-21T08:44:18+00:00\" \/>\n<meta property=\"article:modified_time\" content=\"2024-04-29T12:00:44+00:00\" \/>\n<meta name=\"author\" content=\"Fenja Jacobs\" \/>\n<meta name=\"twitter:card\" content=\"summary_large_image\" \/>\n<meta name=\"twitter:title\" content=\"Time to say goodbye: Dr. Martin K\u00f6ppel verl\u00e4sst Protect the Planet\" \/>\n<meta name=\"twitter:description\" content=\"Dr. Martin K\u00f6ppel verl\u00e4sst Protect the Planet als Gesch\u00e4ftsf\u00fchrer ab April und schl\u00e4gt neue Wege ein.\" \/>\n<meta name=\"twitter:creator\" content=\"@PtP_de\" \/>\n<meta name=\"twitter:site\" content=\"@PtP_de\" \/>\n<meta name=\"twitter:label1\" content=\"Written by\" \/>\n\t<meta name=\"twitter:data1\" content=\"Fenja Jacobs\" \/>\n\t<meta name=\"twitter:label2\" content=\"Est. reading time\" \/>\n\t<meta name=\"twitter:data2\" content=\"3 minutes\" \/>\n<script type=\"application\/ld+json\" class=\"yoast-schema-graph\">{\"@context\":\"https:\\\/\\\/schema.org\",\"@graph\":[{\"@type\":\"Article\",\"@id\":\"https:\\\/\\\/www.protect-the-planet.de\\\/en\\\/time-to-say-goodbye\\\/#article\",\"isPartOf\":{\"@id\":\"https:\\\/\\\/www.protect-the-planet.de\\\/en\\\/time-to-say-goodbye\\\/\"},\"author\":{\"name\":\"Fenja Jacobs\",\"@id\":\"https:\\\/\\\/www.protect-the-planet.de\\\/en\\\/#\\\/schema\\\/person\\\/c843c153d0dd33ec584996931e438bce\"},\"headline\":\"Time to say goodbye: Dr. Martin K\u00f6ppel verl\u00e4sst Protect the Planet\",\"datePublished\":\"2024-03-21T08:44:18+00:00\",\"dateModified\":\"2024-04-29T12:00:44+00:00\",\"mainEntityOfPage\":{\"@id\":\"https:\\\/\\\/www.protect-the-planet.de\\\/en\\\/time-to-say-goodbye\\\/\"},\"wordCount\":328,\"publisher\":{\"@id\":\"https:\\\/\\\/www.protect-the-planet.de\\\/en\\\/#organization\"},\"image\":{\"@id\":\"https:\\\/\\\/www.protect-the-planet.de\\\/en\\\/time-to-say-goodbye\\\/#primaryimage\"},\"thumbnailUrl\":\"https:\\\/\\\/www.protect-the-planet.de\\\/wp-content\\\/uploads\\\/2024\\\/03\\\/Beitragsbilder-Homepage-900-x-550-849-x-548-3.jpg\",\"keywords\":[\"gesch\u00e4ftsf\u00fchrung\",\"team\"],\"articleSection\":[\"News\"],\"inLanguage\":\"en-US\"},{\"@type\":\"WebPage\",\"@id\":\"https:\\\/\\\/www.protect-the-planet.de\\\/en\\\/time-to-say-goodbye\\\/\",\"url\":\"https:\\\/\\\/www.protect-the-planet.de\\\/en\\\/time-to-say-goodbye\\\/\",\"name\":\"Time to say goodbye: Dr. Martin K\u00f6ppel verl\u00e4sst Protect the Planet - Protect the Planet\",\"isPartOf\":{\"@id\":\"https:\\\/\\\/www.protect-the-planet.de\\\/en\\\/#website\"},\"primaryImageOfPage\":{\"@id\":\"https:\\\/\\\/www.protect-the-planet.de\\\/en\\\/time-to-say-goodbye\\\/#primaryimage\"},\"image\":{\"@id\":\"https:\\\/\\\/www.protect-the-planet.de\\\/en\\\/time-to-say-goodbye\\\/#primaryimage\"},\"thumbnailUrl\":\"https:\\\/\\\/www.protect-the-planet.de\\\/wp-content\\\/uploads\\\/2024\\\/03\\\/Beitragsbilder-Homepage-900-x-550-849-x-548-3.jpg\",\"datePublished\":\"2024-03-21T08:44:18+00:00\",\"dateModified\":\"2024-04-29T12:00:44+00:00\",\"description\":\"Dr. Martin K\u00f6ppel verl\u00e4sst Protect the Planet als Gesch\u00e4ftsf\u00fchrer ab April und schl\u00e4gt neue Wege ein. Lesen Sie seine Worte zum Abschied.\",\"breadcrumb\":{\"@id\":\"https:\\\/\\\/www.protect-the-planet.de\\\/en\\\/time-to-say-goodbye\\\/#breadcrumb\"},\"inLanguage\":\"en-US\",\"potentialAction\":[{\"@type\":\"ReadAction\",\"target\":[\"https:\\\/\\\/www.protect-the-planet.de\\\/en\\\/time-to-say-goodbye\\\/\"]}]},{\"@type\":\"ImageObject\",\"inLanguage\":\"en-US\",\"@id\":\"https:\\\/\\\/www.protect-the-planet.de\\\/en\\\/time-to-say-goodbye\\\/#primaryimage\",\"url\":\"https:\\\/\\\/www.protect-the-planet.de\\\/wp-content\\\/uploads\\\/2024\\\/03\\\/Beitragsbilder-Homepage-900-x-550-849-x-548-3.jpg\",\"contentUrl\":\"https:\\\/\\\/www.protect-the-planet.de\\\/wp-content\\\/uploads\\\/2024\\\/03\\\/Beitragsbilder-Homepage-900-x-550-849-x-548-3.jpg\",\"width\":900,\"height\":550,\"caption\":\"Dr. Martin K\u00f6ppel vor dem Kraftwerk Neurath. Schriftzug: \\\"time to say goodbye: Dr. Martin K\u00f6ppel verl\u00e4sst Protect the Planet\\\"\"},{\"@type\":\"BreadcrumbList\",\"@id\":\"https:\\\/\\\/www.protect-the-planet.de\\\/en\\\/time-to-say-goodbye\\\/#breadcrumb\",\"itemListElement\":[{\"@type\":\"ListItem\",\"position\":1,\"name\":\"Startseite\",\"item\":\"https:\\\/\\\/www.protect-the-planet.de\\\/en\\\/home\\\/\"},{\"@type\":\"ListItem\",\"position\":2,\"name\":\"Time to say goodbye: Dr. Martin K\u00f6ppel verl\u00e4sst Protect the Planet\"}]},{\"@type\":\"WebSite\",\"@id\":\"https:\\\/\\\/www.protect-the-planet.de\\\/en\\\/#website\",\"url\":\"https:\\\/\\\/www.protect-the-planet.de\\\/en\\\/\",\"name\":\"Protect the Planet\",\"description\":\"If we don&#039;t change, the climate will.\",\"publisher\":{\"@id\":\"https:\\\/\\\/www.protect-the-planet.de\\\/en\\\/#organization\"},\"alternateName\":\"Protect the Panet gGmbH\",\"potentialAction\":[{\"@type\":\"SearchAction\",\"target\":{\"@type\":\"EntryPoint\",\"urlTemplate\":\"https:\\\/\\\/www.protect-the-planet.de\\\/en\\\/?s={search_term_string}\"},\"query-input\":{\"@type\":\"PropertyValueSpecification\",\"valueRequired\":true,\"valueName\":\"search_term_string\"}}],\"inLanguage\":\"en-US\"},{\"@type\":\"Organization\",\"@id\":\"https:\\\/\\\/www.protect-the-planet.de\\\/en\\\/#organization\",\"name\":\"Protect the Planet\",\"url\":\"https:\\\/\\\/www.protect-the-planet.de\\\/en\\\/\",\"logo\":{\"@type\":\"ImageObject\",\"inLanguage\":\"en-US\",\"@id\":\"https:\\\/\\\/www.protect-the-planet.de\\\/en\\\/#\\\/schema\\\/logo\\\/image\\\/\",\"url\":\"https:\\\/\\\/www.protect-the-planet.de\\\/wp-content\\\/uploads\\\/2023\\\/09\\\/LOGO-positiv_transparent-klein.png\",\"contentUrl\":\"https:\\\/\\\/www.protect-the-planet.de\\\/wp-content\\\/uploads\\\/2023\\\/09\\\/LOGO-positiv_transparent-klein.png\",\"width\":123,\"height\":68,\"caption\":\"Protect the Planet\"},\"image\":{\"@id\":\"https:\\\/\\\/www.protect-the-planet.de\\\/en\\\/#\\\/schema\\\/logo\\\/image\\\/\"},\"sameAs\":[\"https:\\\/\\\/www.facebook.com\\\/protecttheplanetDE\\\/\",\"https:\\\/\\\/x.com\\\/PtP_de\",\"https:\\\/\\\/www.instagram.com\\\/protecttheplanetorg\\\/\",\"https:\\\/\\\/www.linkedin.com\\\/company\\\/protect-the-planet\",\"https:\\\/\\\/www.youtube.com\\\/@protecttheplanet\"]},{\"@type\":\"Person\",\"@id\":\"https:\\\/\\\/www.protect-the-planet.de\\\/en\\\/#\\\/schema\\\/person\\\/c843c153d0dd33ec584996931e438bce\",\"name\":\"Fenja Jacobs\",\"image\":{\"@type\":\"ImageObject\",\"inLanguage\":\"en-US\",\"@id\":\"https:\\\/\\\/secure.gravatar.com\\\/avatar\\\/1319de9aaea70b6c6ed807392ef95d6582ceaf98cca9de0a0022ba8e0d3a7fc3?s=96&d=mm&r=g\",\"url\":\"https:\\\/\\\/secure.gravatar.com\\\/avatar\\\/1319de9aaea70b6c6ed807392ef95d6582ceaf98cca9de0a0022ba8e0d3a7fc3?s=96&d=mm&r=g\",\"contentUrl\":\"https:\\\/\\\/secure.gravatar.com\\\/avatar\\\/1319de9aaea70b6c6ed807392ef95d6582ceaf98cca9de0a0022ba8e0d3a7fc3?s=96&d=mm&r=g\",\"caption\":\"Fenja Jacobs\"},\"url\":\"https:\\\/\\\/www.protect-the-planet.de\\\/en\\\/author\\\/fenja-jacobs\\\/\"}]}<\/script>\n<!-- \/ Yoast SEO plugin. -->","yoast_head_json":{"title":"Time to say goodbye: Dr. Martin K\u00f6ppel verl\u00e4sst Protect the Planet - Protect the Planet","description":"Dr. Martin K\u00f6ppel verl\u00e4sst Protect the Planet als Gesch\u00e4ftsf\u00fchrer ab April und schl\u00e4gt neue Wege ein. Lesen Sie seine Worte zum Abschied.","robots":{"index":"index","follow":"follow","max-snippet":"max-snippet:-1","max-image-preview":"max-image-preview:large","max-video-preview":"max-video-preview:-1"},"canonical":"https:\/\/www.protect-the-planet.de\/en\/time-to-say-goodbye\/","og_locale":"en_US","og_type":"article","og_title":"Time to say goodbye: Dr. Martin K\u00f6ppel verl\u00e4sst Protect the Planet","og_description":"Dr. Martin K\u00f6ppel verl\u00e4sst Protect the Planet als Gesch\u00e4ftsf\u00fchrer ab April und schl\u00e4gt neue Wege ein.","og_url":"https:\/\/www.protect-the-planet.de\/en\/time-to-say-goodbye\/","og_site_name":"Protect the Planet","article_publisher":"https:\/\/www.facebook.com\/protecttheplanetDE\/","article_published_time":"2024-03-21T08:44:18+00:00","article_modified_time":"2024-04-29T12:00:44+00:00","author":"Fenja Jacobs","twitter_card":"summary_large_image","twitter_title":"Time to say goodbye: Dr. Martin K\u00f6ppel verl\u00e4sst Protect the Planet","twitter_description":"Dr. Martin K\u00f6ppel verl\u00e4sst Protect the Planet als Gesch\u00e4ftsf\u00fchrer ab April und schl\u00e4gt neue Wege ein.","twitter_creator":"@PtP_de","twitter_site":"@PtP_de","twitter_misc":{"Written by":"Fenja Jacobs","Est. reading time":"3 minutes"},"schema":{"@context":"https:\/\/schema.org","@graph":[{"@type":"Article","@id":"https:\/\/www.protect-the-planet.de\/en\/time-to-say-goodbye\/#article","isPartOf":{"@id":"https:\/\/www.protect-the-planet.de\/en\/time-to-say-goodbye\/"},"author":{"name":"Fenja Jacobs","@id":"https:\/\/www.protect-the-planet.de\/en\/#\/schema\/person\/c843c153d0dd33ec584996931e438bce"},"headline":"Time to say goodbye: Dr. Martin K\u00f6ppel verl\u00e4sst Protect the Planet","datePublished":"2024-03-21T08:44:18+00:00","dateModified":"2024-04-29T12:00:44+00:00","mainEntityOfPage":{"@id":"https:\/\/www.protect-the-planet.de\/en\/time-to-say-goodbye\/"},"wordCount":328,"publisher":{"@id":"https:\/\/www.protect-the-planet.de\/en\/#organization"},"image":{"@id":"https:\/\/www.protect-the-planet.de\/en\/time-to-say-goodbye\/#primaryimage"},"thumbnailUrl":"https:\/\/www.protect-the-planet.de\/wp-content\/uploads\/2024\/03\/Beitragsbilder-Homepage-900-x-550-849-x-548-3.jpg","keywords":["gesch\u00e4ftsf\u00fchrung","team"],"articleSection":["News"],"inLanguage":"en-US"},{"@type":"WebPage","@id":"https:\/\/www.protect-the-planet.de\/en\/time-to-say-goodbye\/","url":"https:\/\/www.protect-the-planet.de\/en\/time-to-say-goodbye\/","name":"Time to say goodbye: Dr. Martin K\u00f6ppel verl\u00e4sst Protect the Planet - Protect the Planet","isPartOf":{"@id":"https:\/\/www.protect-the-planet.de\/en\/#website"},"primaryImageOfPage":{"@id":"https:\/\/www.protect-the-planet.de\/en\/time-to-say-goodbye\/#primaryimage"},"image":{"@id":"https:\/\/www.protect-the-planet.de\/en\/time-to-say-goodbye\/#primaryimage"},"thumbnailUrl":"https:\/\/www.protect-the-planet.de\/wp-content\/uploads\/2024\/03\/Beitragsbilder-Homepage-900-x-550-849-x-548-3.jpg","datePublished":"2024-03-21T08:44:18+00:00","dateModified":"2024-04-29T12:00:44+00:00","description":"Dr. Martin K\u00f6ppel verl\u00e4sst Protect the Planet als Gesch\u00e4ftsf\u00fchrer ab April und schl\u00e4gt neue Wege ein. Lesen Sie seine Worte zum Abschied.","breadcrumb":{"@id":"https:\/\/www.protect-the-planet.de\/en\/time-to-say-goodbye\/#breadcrumb"},"inLanguage":"en-US","potentialAction":[{"@type":"ReadAction","target":["https:\/\/www.protect-the-planet.de\/en\/time-to-say-goodbye\/"]}]},{"@type":"ImageObject","inLanguage":"en-US","@id":"https:\/\/www.protect-the-planet.de\/en\/time-to-say-goodbye\/#primaryimage","url":"https:\/\/www.protect-the-planet.de\/wp-content\/uploads\/2024\/03\/Beitragsbilder-Homepage-900-x-550-849-x-548-3.jpg","contentUrl":"https:\/\/www.protect-the-planet.de\/wp-content\/uploads\/2024\/03\/Beitragsbilder-Homepage-900-x-550-849-x-548-3.jpg","width":900,"height":550,"caption":"Dr. Martin K\u00f6ppel vor dem Kraftwerk Neurath. Schriftzug: \"time to say goodbye: Dr. Martin K\u00f6ppel verl\u00e4sst Protect the Planet\""},{"@type":"BreadcrumbList","@id":"https:\/\/www.protect-the-planet.de\/en\/time-to-say-goodbye\/#breadcrumb","itemListElement":[{"@type":"ListItem","position":1,"name":"Startseite","item":"https:\/\/www.protect-the-planet.de\/en\/home\/"},{"@type":"ListItem","position":2,"name":"Time to say goodbye: Dr. Martin K\u00f6ppel verl\u00e4sst Protect the Planet"}]},{"@type":"WebSite","@id":"https:\/\/www.protect-the-planet.de\/en\/#website","url":"https:\/\/www.protect-the-planet.de\/en\/","name":"Protect the Planet","description":"If we don&#039;t change, the climate will.","publisher":{"@id":"https:\/\/www.protect-the-planet.de\/en\/#organization"},"alternateName":"Protect the Panet gGmbH","potentialAction":[{"@type":"SearchAction","target":{"@type":"EntryPoint","urlTemplate":"https:\/\/www.protect-the-planet.de\/en\/?s={search_term_string}"},"query-input":{"@type":"PropertyValueSpecification","valueRequired":true,"valueName":"search_term_string"}}],"inLanguage":"en-US"},{"@type":"Organization","@id":"https:\/\/www.protect-the-planet.de\/en\/#organization","name":"Protect the Planet","url":"https:\/\/www.protect-the-planet.de\/en\/","logo":{"@type":"ImageObject","inLanguage":"en-US","@id":"https:\/\/www.protect-the-planet.de\/en\/#\/schema\/logo\/image\/","url":"https:\/\/www.protect-the-planet.de\/wp-content\/uploads\/2023\/09\/LOGO-positiv_transparent-klein.png","contentUrl":"https:\/\/www.protect-the-planet.de\/wp-content\/uploads\/2023\/09\/LOGO-positiv_transparent-klein.png","width":123,"height":68,"caption":"Protect the Planet"},"image":{"@id":"https:\/\/www.protect-the-planet.de\/en\/#\/schema\/logo\/image\/"},"sameAs":["https:\/\/www.facebook.com\/protecttheplanetDE\/","https:\/\/x.com\/PtP_de","https:\/\/www.instagram.com\/protecttheplanetorg\/","https:\/\/www.linkedin.com\/company\/protect-the-planet","https:\/\/www.youtube.com\/@protecttheplanet"]},{"@type":"Person","@id":"https:\/\/www.protect-the-planet.de\/en\/#\/schema\/person\/c843c153d0dd33ec584996931e438bce","name":"Fenja Jacobs","image":{"@type":"ImageObject","inLanguage":"en-US","@id":"https:\/\/secure.gravatar.com\/avatar\/1319de9aaea70b6c6ed807392ef95d6582ceaf98cca9de0a0022ba8e0d3a7fc3?s=96&d=mm&r=g","url":"https:\/\/secure.gravatar.com\/avatar\/1319de9aaea70b6c6ed807392ef95d6582ceaf98cca9de0a0022ba8e0d3a7fc3?s=96&d=mm&r=g","contentUrl":"https:\/\/secure.gravatar.com\/avatar\/1319de9aaea70b6c6ed807392ef95d6582ceaf98cca9de0a0022ba8e0d3a7fc3?s=96&d=mm&r=g","caption":"Fenja Jacobs"},"url":"https:\/\/www.protect-the-planet.de\/en\/author\/fenja-jacobs\/"}]}},"_links":{"self":[{"href":"https:\/\/www.protect-the-planet.de\/en\/wp-json\/wp\/v2\/posts\/25415","targetHints":{"allow":["GET"]}}],"collection":[{"href":"https:\/\/www.protect-the-planet.de\/en\/wp-json\/wp\/v2\/posts"}],"about":[{"href":"https:\/\/www.protect-the-planet.de\/en\/wp-json\/wp\/v2\/types\/post"}],"author":[{"embeddable":true,"href":"https:\/\/www.protect-the-planet.de\/en\/wp-json\/wp\/v2\/users\/3"}],"replies":[{"embeddable":true,"href":"https:\/\/www.protect-the-planet.de\/en\/wp-json\/wp\/v2\/comments?post=25415"}],"version-history":[{"count":0,"href":"https:\/\/www.protect-the-planet.de\/en\/wp-json\/wp\/v2\/posts\/25415\/revisions"}],"wp:featuredmedia":[{"embeddable":true,"href":"https:\/\/www.protect-the-planet.de\/en\/wp-json\/wp\/v2\/media\/26335"}],"wp:attachment":[{"href":"https:\/\/www.protect-the-planet.de\/en\/wp-json\/wp\/v2\/media?parent=25415"}],"wp:term":[{"taxonomy":"category","embeddable":true,"href":"https:\/\/www.protect-the-planet.de\/en\/wp-json\/wp\/v2\/categories?post=25415"},{"taxonomy":"post_tag","embeddable":true,"href":"https:\/\/www.protect-the-planet.de\/en\/wp-json\/wp\/v2\/tags?post=25415"}],"curies":[{"name":"wp","href":"https:\/\/api.w.org\/{rel}","templated":true}]}}