{"id":25036,"date":"2024-03-21T10:23:56","date_gmt":"2024-03-21T09:23:56","guid":{"rendered":"https:\/\/www.protect-the-planet.de\/?p=25036"},"modified":"2024-04-29T13:01:00","modified_gmt":"2024-04-29T11:01:00","slug":"jahresrueckblick-2023","status":"publish","type":"post","link":"https:\/\/www.protect-the-planet.de\/en\/jahresrueckblick-2023\/","title":{"rendered":"Der Protect the Planet-Jahresr\u00fcckblick 2023"},"content":{"rendered":"\t\t<div data-elementor-type=\"wp-post\" data-elementor-id=\"25036\" class=\"elementor elementor-25036 elementor-25035\" data-elementor-post-type=\"post\">\n\t\t\t\t<div class=\"elementor-element elementor-element-1de1e61d e-flex e-con-boxed e-con e-parent\" data-id=\"1de1e61d\" data-element_type=\"container\" data-e-type=\"container\">\n\t\t\t\t\t<div class=\"e-con-inner\">\n\t\t\t\t<div class=\"elementor-element elementor-element-cf4d202 elementor-widget elementor-widget-text-editor\" data-id=\"cf4d202\" data-element_type=\"widget\" data-e-type=\"widget\" data-widget_type=\"text-editor.default\">\n\t\t\t\t<div class=\"elementor-widget-container\">\n\t\t\t\t\t\t\t\t\t<h3><strong>Editorial<\/strong><\/h3><h2>Liebe Leserinnen und Leser,<\/h2><p>dieses Jahr hat unser Jahresr\u00fcckblick eine etwas andere Form als in den Jahren zuvor. In den letzten beiden Jahren haben wir Print-Jahresberichte ver\u00f6ffentlicht \u2013 f\u00fcr 2023 haben wir entschieden, den Jahresbericht ausschlie\u00dflich online zu ver\u00f6ffentlichen. Daf\u00fcr haben wir auch dieses Jahr wieder viele spannende Themen f\u00fcr Sie aufbereitet!<\/p><p>Denn auch 2023 waren wir aktiv f\u00fcr den Klimaschutz und f\u00fcr unsere Vision, die Klimakatastrophe abzumildern und unseren Planeten lebenswert und gerecht zu gestalten:<\/p><ul><li>So waren wir im Januar mit unserem Aktionsb\u00fcndnis <a href=\"https:\/\/www.protect-the-planet.de\/unternehmen-klimaschutz\/\">Unternehmen Klimaschutz<\/a> erneut in L\u00fctzerath, um f\u00fcr den Erhalt des Dorfes zu protestieren, und haben mit unserer <a href=\"https:\/\/www.protect-the-planet.de\/petition-moratorium-luetzerath\/\">Petition f\u00fcr ein L\u00fctzerath-Moratorium<\/a> \u00fcber 60.000 Unterschriften eingesammelt.<\/li><li>Mit unserer <a href=\"https:\/\/www.protect-the-planet.de\/bayernwind\">#bayernwind-Kampagne<\/a> haben wir vor der Landtagswahl in Bayern f\u00fcr frischen Wind im Wahlkampf gesorgt.<\/li><li>Ein von der Sick-Umweltstiftung, Germanwatch und uns gemeinsam in Auftrag gegebenes <a href=\"https:\/\/www.protect-the-planet.de\/rechtsgutachten-klimaschutzpflichten-unternehmen\/\">Rechtsgutachten<\/a> kommt zu dem Schluss, dass deutsche Unternehmen bereits heute dazu verpflichtet sind, ihre Aktivit\u00e4ten am 1,5-Grad-Ziel auszurichten.<\/li><li>Mit unserer <a href=\"https:\/\/www.protect-the-planet.de\/klimavortragsreihe\/\">Klimavortragsreihe<\/a> haben wir wichtige thematische Akzente gesetzt, unter anderem mit zwei Podiumsdiskussionen zur IAA in M\u00fcnchen.<\/li><\/ul><p>Was wir letztes Jahr sonst noch erreicht und bewegt haben, lesen Sie im folgenden Jahresbericht.<\/p><p>F\u00fcr mich bleibt an dieser Stelle nur zu sagen: It&#8217;s time to say goodbye. Mit einem lachenden und einem weinenden Auge verabschiede ich mich nach 3 \u00bd Jahren als Gesch\u00e4ftsf\u00fchrer von Protect the Planet und schlage neue Wege ein!<\/p><p>Die Zeit bei Protect the Planet war f\u00fcr mich \u00e4u\u00dferst bereichernd. Auch wenn wir alle gerade sehen, wie die Klimakrise sich zuspitzt, bin ich sehr dankbar f\u00fcr all das, was wir gemeinsam erlebt und erreicht haben.<\/p><p>Vieles haben wir in den letzten Jahren gemeinsam bewegt und angeschoben. Ich danke jedem Einzelnen von ganzem Herzen f\u00fcr die unerm\u00fcdliche Unterst\u00fctzung und das enorme Engagement, welches mich inspiriert und motiviert. Herzlichen Dank!<\/p><p>Nun w\u00fcnsche ich Ihnen viel Freude beim Lesen unseres Jahresr\u00fcckblicks 2023!<\/p><p><img fetchpriority=\"high\" decoding=\"async\" class=\"wp-image-25469 size-medium alignleft\" src=\"https:\/\/www.protect-the-planet.de\/wp-content\/uploads\/2024\/03\/2310_ProtectThePlanet_306-300x200.jpg\" alt=\"Portr\u00e4tfoto von Dr. Martin K\u00f6ppel\" width=\"300\" height=\"200\" srcset=\"https:\/\/www.protect-the-planet.de\/wp-content\/uploads\/2024\/03\/2310_ProtectThePlanet_306-300x200.jpg 300w, https:\/\/www.protect-the-planet.de\/wp-content\/uploads\/2024\/03\/2310_ProtectThePlanet_306-768x512.jpg 768w, https:\/\/www.protect-the-planet.de\/wp-content\/uploads\/2024\/03\/2310_ProtectThePlanet_306.jpg 1024w\" sizes=\"(max-width: 300px) 100vw, 300px\" \/><\/p><h4><strong>Mit herzlichen Gr\u00fc\u00dfen<\/strong><\/h4><p>Dr. Martin K\u00f6ppel<\/p><p><em>Gesch\u00e4ftsf\u00fchrer von Protect the Planet<\/em><\/p>\t\t\t\t\t\t\t\t<\/div>\n\t\t\t\t<\/div>\n\t\t\t\t<div class=\"elementor-element elementor-element-7124adc elementor-widget-divider--view-line elementor-widget elementor-widget-divider\" data-id=\"7124adc\" data-element_type=\"widget\" data-e-type=\"widget\" data-widget_type=\"divider.default\">\n\t\t\t\t<div class=\"elementor-widget-container\">\n\t\t\t\t\t\t\t<div class=\"elementor-divider\">\n\t\t\t<span class=\"elementor-divider-separator\">\n\t\t\t\t\t\t<\/span>\n\t\t<\/div>\n\t\t\t\t\t\t<\/div>\n\t\t\t\t<\/div>\n\t\t\t\t<div class=\"elementor-element elementor-element-57f32be2 elementor-widget elementor-widget-text-editor\" data-id=\"57f32be2\" data-element_type=\"widget\" data-e-type=\"widget\" data-widget_type=\"text-editor.default\">\n\t\t\t\t<div class=\"elementor-widget-container\">\n\t\t\t\t\t\t\t\t\t<h2>Inhalt<\/h2><ol><li>Die Gesichter hinter Protect the Planet<\/li><li>Neues aus unseren Projekten<ol><li>WindRat<\/li><li>Klima-Vortragsreihe<\/li><li>Unternehmen Klimaschutz<\/li><li>Klima-Netzwerk<\/li><li>Klimaklagen<\/li><li>Lokales<\/li><li>\u00d6ffentlichkeitsarbeit<\/li><\/ol><\/li><li>Protect the Planet sagt Danke!<\/li><\/ol>\t\t\t\t\t\t\t\t<\/div>\n\t\t\t\t<\/div>\n\t\t\t\t<div class=\"elementor-element elementor-element-f58a107 elementor-widget-divider--view-line elementor-widget elementor-widget-divider\" data-id=\"f58a107\" data-element_type=\"widget\" data-e-type=\"widget\" data-widget_type=\"divider.default\">\n\t\t\t\t<div class=\"elementor-widget-container\">\n\t\t\t\t\t\t\t<div class=\"elementor-divider\">\n\t\t\t<span class=\"elementor-divider-separator\">\n\t\t\t\t\t\t<\/span>\n\t\t<\/div>\n\t\t\t\t\t\t<\/div>\n\t\t\t\t<\/div>\n\t\t\t\t\t<\/div>\n\t\t\t\t<\/div>\n\t\t<div class=\"elementor-element elementor-element-9cf4c2b e-flex e-con-boxed e-con e-parent\" data-id=\"9cf4c2b\" data-element_type=\"container\" data-e-type=\"container\">\n\t\t\t\t\t<div class=\"e-con-inner\">\n\t\t\t\t<div class=\"elementor-element elementor-element-fa149f2 elementor-widget elementor-widget-text-editor\" data-id=\"fa149f2\" data-element_type=\"widget\" data-e-type=\"widget\" data-widget_type=\"text-editor.default\">\n\t\t\t\t<div class=\"elementor-widget-container\">\n\t\t\t\t\t\t\t\t\t<h2><strong>Die Gesichter hinter Protect the Planet <br \/><\/strong><\/h2><p><img decoding=\"async\" class=\"alignnone wp-image-25440\" src=\"https:\/\/www.protect-the-planet.de\/wp-content\/uploads\/2024\/03\/Jahresberich-team-300x130.jpg\" alt=\"das Protect the Planet-Team, Beirat und Stiftung. \" width=\"609\" height=\"264\" srcset=\"https:\/\/www.protect-the-planet.de\/wp-content\/uploads\/2024\/03\/Jahresberich-team-300x130.jpg 300w, https:\/\/www.protect-the-planet.de\/wp-content\/uploads\/2024\/03\/Jahresberich-team-768x333.jpg 768w, https:\/\/www.protect-the-planet.de\/wp-content\/uploads\/2024\/03\/Jahresberich-team.jpg 1024w\" sizes=\"(max-width: 609px) 100vw, 609px\" \/><\/p><p>Klimaschutz ist Teamarbeit \u2013 unsere <a href=\"https:\/\/www.protect-the-planet.de\/projekte\/\" target=\"_blank\" rel=\"noopener\">Projekte<\/a> und Erfolge sind nur m\u00f6glich durch die Arbeit eines kleinen, schlagkr\u00e4ftigen <a href=\"https:\/\/www.protect-the-planet.de\/team\/\" target=\"_blank\" rel=\"noopener\">Teams<\/a> und der Unterstz\u00fctzung des <a href=\"https:\/\/www.protect-the-planet.de\/beirat\/\" target=\"_blank\" rel=\"noopener\">Beirats<\/a> und der <a href=\"https:\/\/www.protect-the-planet.de\/stiftung\/\" target=\"_blank\" rel=\"noopener\">Sick-Umweltstiftung<\/a>.\u00a0<\/p><p><em><img decoding=\"async\" class=\"size-medium wp-image-25442 alignleft\" src=\"https:\/\/www.protect-the-planet.de\/wp-content\/uploads\/2024\/03\/2310_ProtectThePlanet_003-300x200.jpg\" alt=\"Protect the Planet Team, Beirat und Stiftung sitzen in einem Konferenzraum und tauschen sich aus. \" width=\"300\" height=\"200\" srcset=\"https:\/\/www.protect-the-planet.de\/wp-content\/uploads\/2024\/03\/2310_ProtectThePlanet_003-300x200.jpg 300w, https:\/\/www.protect-the-planet.de\/wp-content\/uploads\/2024\/03\/2310_ProtectThePlanet_003-768x512.jpg 768w, https:\/\/www.protect-the-planet.de\/wp-content\/uploads\/2024\/03\/2310_ProtectThePlanet_003.jpg 1024w\" sizes=\"(max-width: 300px) 100vw, 300px\" \/><\/em><\/p><p>Unsere <a href=\"https:\/\/www.protect-the-planet.de\/ueber-uns\/\" target=\"_blank\" rel=\"noopener\">Vision<\/a> ist es, unkontrollierbare Auswirkungen der Klimakrise zu verhindern und den Planeten lebenswert und gerecht zu gestalten. Auf dem Weg dahin haben wir schon einige <a href=\"https:\/\/www.protect-the-planet.de\/ueber-uns\/\" target=\"_blank\" rel=\"noopener\">Meilensteine<\/a> hinter uns. Und um noch besser auf unsere Ziele hinzuarbeiten, haben wir uns auch 2023 regelm\u00e4\u00dfig im Team und mit dem Beirat sowie der Stiftung getroffen und ausgetauscht.<\/p><p>Im letzten Jahr ist Protect the Planet gewachsen und hat sich ver\u00e4ndert, und auch 2024 stehen Ver\u00e4nderungen an. So ist Jana H\u00e4fner mit ins Team gekommen und Fenya Kirst zun\u00e4chst als Elternzeitvertretung f\u00fcr Markus Raschke dazugesto\u00dfen. Nach der R\u00fcckkehr von Markus Raschke aus der Elternzeit im April 2024 wird uns Fenya Kirst weiter erhalten bleiben. Daf\u00fcr verabschieden wir Dr. Martin K\u00f6ppel.<\/p><p>Lesen Sie mehr in unseren Blogbeitr\u00e4gen des letzten Jahres.<\/p>\t\t\t\t\t\t\t\t<\/div>\n\t\t\t\t<\/div>\n\t\t\t\t<div class=\"elementor-element elementor-element-22923ca elementor-grid-3 elementor-grid-tablet-2 elementor-grid-mobile-1 elementor-posts--thumbnail-top elementor-widget elementor-widget-posts\" data-id=\"22923ca\" data-element_type=\"widget\" data-e-type=\"widget\" data-settings=\"{&quot;classic_columns&quot;:&quot;3&quot;,&quot;classic_columns_tablet&quot;:&quot;2&quot;,&quot;classic_columns_mobile&quot;:&quot;1&quot;,&quot;classic_row_gap&quot;:{&quot;unit&quot;:&quot;px&quot;,&quot;size&quot;:35,&quot;sizes&quot;:[]},&quot;classic_row_gap_tablet&quot;:{&quot;unit&quot;:&quot;px&quot;,&quot;size&quot;:&quot;&quot;,&quot;sizes&quot;:[]},&quot;classic_row_gap_mobile&quot;:{&quot;unit&quot;:&quot;px&quot;,&quot;size&quot;:&quot;&quot;,&quot;sizes&quot;:[]}}\" data-widget_type=\"posts.classic\">\n\t\t\t\t<div class=\"elementor-widget-container\">\n\t\t\t\t\t\t\t<div class=\"elementor-posts-container elementor-posts elementor-posts--skin-classic elementor-grid\" role=\"list\">\n\t\t\t\t<article class=\"elementor-post elementor-grid-item post-22667 post type-post status-publish format-standard has-post-thumbnail hentry category-news tag-werkstudentin-en tag-wind-rat-de-en tag-windrat-en\" role=\"listitem\">\n\t\t\t\t<a class=\"elementor-post__thumbnail__link\" href=\"https:\/\/www.protect-the-planet.de\/en\/2023_07_13-verstaerkung-im-team-jana-haefner-fuer-windrat\/\" tabindex=\"-1\" target=&quot;_blank&quot;>\n\t\t\t<div class=\"elementor-post__thumbnail\"><img loading=\"lazy\" decoding=\"async\" width=\"300\" height=\"225\" src=\"https:\/\/www.protect-the-planet.de\/wp-content\/uploads\/2023\/07\/beitragsbild-jana-haefner-300x225.jpg\" class=\"attachment-medium size-medium wp-image-21811\" alt=\"\" srcset=\"https:\/\/www.protect-the-planet.de\/wp-content\/uploads\/2023\/07\/beitragsbild-jana-haefner-300x225.jpg 300w, https:\/\/www.protect-the-planet.de\/wp-content\/uploads\/2023\/07\/beitragsbild-jana-haefner-1024x768.jpg 1024w, https:\/\/www.protect-the-planet.de\/wp-content\/uploads\/2023\/07\/beitragsbild-jana-haefner-768x576.jpg 768w, https:\/\/www.protect-the-planet.de\/wp-content\/uploads\/2023\/07\/beitragsbild-jana-haefner-1536x1152.jpg 1536w, https:\/\/www.protect-the-planet.de\/wp-content\/uploads\/2023\/07\/beitragsbild-jana-haefner-2048x1536.jpg 2048w, https:\/\/www.protect-the-planet.de\/wp-content\/uploads\/2023\/07\/beitragsbild-jana-haefner-1320x990.jpg 1320w\" sizes=\"(max-width: 300px) 100vw, 300px\" \/><\/div>\n\t\t<\/a>\n\t\t\t\t<div class=\"elementor-post__text\">\n\t\t\t\t<h3 class=\"elementor-post__title\">\n\t\t\t<a href=\"https:\/\/www.protect-the-planet.de\/en\/2023_07_13-verstaerkung-im-team-jana-haefner-fuer-windrat\/\" target=&quot;_blank&quot;>\n\t\t\t\tVerst\u00e4rkung im Team: Jana H\u00e4fner als Unterst\u00fctzung f\u00fcr den WindRat\t\t\t<\/a>\n\t\t<\/h3>\n\t\t\t\t<div class=\"elementor-post__meta-data\">\n\t\t\t\t\t<span class=\"elementor-post-date\">\n\t\t\t17. July 2023\t\t<\/span>\n\t\t\t\t<\/div>\n\t\t\t\t<div class=\"elementor-post__excerpt\">\n\t\t\t<p>Wir freuen uns sehr Jana H\u00e4fner bei uns im Team begr\u00fc\u00dfen zu d\u00fcrfen! Als Werkstudentin hat sie Anfang Juli ihre\t\t<\/div>\n\t\t\n\t\t<a class=\"elementor-post__read-more\" href=\"https:\/\/www.protect-the-planet.de\/en\/2023_07_13-verstaerkung-im-team-jana-haefner-fuer-windrat\/\" aria-label=\"Read more about Verst\u00e4rkung im Team: Jana H\u00e4fner als Unterst\u00fctzung f\u00fcr den WindRat\" tabindex=\"-1\" target=\"_blank\">\n\t\t\tWeiterlesen \u00bb\t\t<\/a>\n\n\t\t\t\t<\/div>\n\t\t\t\t<\/article>\n\t\t\t\t<article class=\"elementor-post elementor-grid-item post-22766 post type-post status-publish format-standard has-post-thumbnail hentry category-news tag-aktivismus-en tag-elternzeitvertretung-en tag-mitarbeiterin-en tag-oeffentlichkeitsarbeit-en tag-projektmanagement-en tag-team-en\" role=\"listitem\">\n\t\t\t\t<a class=\"elementor-post__thumbnail__link\" href=\"https:\/\/www.protect-the-planet.de\/en\/filmabend-mit-vergiss-meyn-nicht-und-talkgast-konstantin-wecker-2\/\" tabindex=\"-1\" target=&quot;_blank&quot;>\n\t\t\t<div class=\"elementor-post__thumbnail\"><img loading=\"lazy\" decoding=\"async\" width=\"224\" height=\"300\" src=\"https:\/\/www.protect-the-planet.de\/wp-content\/uploads\/2023\/10\/Fenya-Kirst_Bild-Hochformat-224x300.jpg\" class=\"attachment-medium size-medium wp-image-22431\" alt=\"\" srcset=\"https:\/\/www.protect-the-planet.de\/wp-content\/uploads\/2023\/10\/Fenya-Kirst_Bild-Hochformat-224x300.jpg 224w, https:\/\/www.protect-the-planet.de\/wp-content\/uploads\/2023\/10\/Fenya-Kirst_Bild-Hochformat.jpg 588w\" sizes=\"(max-width: 224px) 100vw, 224px\" \/><\/div>\n\t\t<\/a>\n\t\t\t\t<div class=\"elementor-post__text\">\n\t\t\t\t<h3 class=\"elementor-post__title\">\n\t\t\t<a href=\"https:\/\/www.protect-the-planet.de\/en\/filmabend-mit-vergiss-meyn-nicht-und-talkgast-konstantin-wecker-2\/\" target=&quot;_blank&quot;>\n\t\t\t\tNeu im Team: Fenya Kirst als Elternzeitvertretung f\u00fcr Markus Raschke\t\t\t<\/a>\n\t\t<\/h3>\n\t\t\t\t<div class=\"elementor-post__meta-data\">\n\t\t\t\t\t<span class=\"elementor-post-date\">\n\t\t\t6. November 2023\t\t<\/span>\n\t\t\t\t<\/div>\n\t\t\t\t<div class=\"elementor-post__excerpt\">\n\t\t\t<p>Seit Mitte Oktober ist unser Protect the Planet-Team nochmal um ein Gesicht gewachsen: Wir freuen uns, dass Fenya Kirst als\t\t<\/div>\n\t\t\n\t\t<a class=\"elementor-post__read-more\" href=\"https:\/\/www.protect-the-planet.de\/en\/filmabend-mit-vergiss-meyn-nicht-und-talkgast-konstantin-wecker-2\/\" aria-label=\"Read more about Neu im Team: Fenya Kirst als Elternzeitvertretung f\u00fcr Markus Raschke\" tabindex=\"-1\" target=\"_blank\">\n\t\t\tWeiterlesen \u00bb\t\t<\/a>\n\n\t\t\t\t<\/div>\n\t\t\t\t<\/article>\n\t\t\t\t<article class=\"elementor-post elementor-grid-item post-25415 post type-post status-publish format-standard has-post-thumbnail hentry category-news tag-geschaftsfuhrung tag-team-en\" role=\"listitem\">\n\t\t\t\t<a class=\"elementor-post__thumbnail__link\" href=\"https:\/\/www.protect-the-planet.de\/en\/time-to-say-goodbye\/\" tabindex=\"-1\" target=&quot;_blank&quot;>\n\t\t\t<div class=\"elementor-post__thumbnail\"><img loading=\"lazy\" decoding=\"async\" width=\"300\" height=\"183\" src=\"https:\/\/www.protect-the-planet.de\/wp-content\/uploads\/2024\/03\/Beitragsbilder-Homepage-900-x-550-849-x-548-3-300x183.jpg\" class=\"attachment-medium size-medium wp-image-26335\" alt=\"Dr. Martin K\u00f6ppel vor dem Kraftwerk Neurath. Schriftzug: &quot;time to say goodbye: Dr. Martin K\u00f6ppel verl\u00e4sst Protect the Planet&quot;\" srcset=\"https:\/\/www.protect-the-planet.de\/wp-content\/uploads\/2024\/03\/Beitragsbilder-Homepage-900-x-550-849-x-548-3-300x183.jpg 300w, https:\/\/www.protect-the-planet.de\/wp-content\/uploads\/2024\/03\/Beitragsbilder-Homepage-900-x-550-849-x-548-3-768x469.jpg 768w, https:\/\/www.protect-the-planet.de\/wp-content\/uploads\/2024\/03\/Beitragsbilder-Homepage-900-x-550-849-x-548-3.jpg 900w\" sizes=\"(max-width: 300px) 100vw, 300px\" \/><\/div>\n\t\t<\/a>\n\t\t\t\t<div class=\"elementor-post__text\">\n\t\t\t\t<h3 class=\"elementor-post__title\">\n\t\t\t<a href=\"https:\/\/www.protect-the-planet.de\/en\/time-to-say-goodbye\/\" target=&quot;_blank&quot;>\n\t\t\t\tTime to say goodbye: Dr. Martin K\u00f6ppel verl\u00e4sst Protect the Planet\t\t\t<\/a>\n\t\t<\/h3>\n\t\t\t\t<div class=\"elementor-post__meta-data\">\n\t\t\t\t\t<span class=\"elementor-post-date\">\n\t\t\t21. March 2024\t\t<\/span>\n\t\t\t\t<\/div>\n\t\t\t\t<div class=\"elementor-post__excerpt\">\n\t\t\t<p>Dr. Martin K\u00f6ppel verl\u00e4sst Protect the Planet als Gesch\u00e4ftsf\u00fchrer ab April und schl\u00e4gt neue Wege ein. <\/p>\t\t<\/div>\n\t\t\n\t\t<a class=\"elementor-post__read-more\" href=\"https:\/\/www.protect-the-planet.de\/en\/time-to-say-goodbye\/\" aria-label=\"Read more about Time to say goodbye: Dr. Martin K\u00f6ppel verl\u00e4sst Protect the Planet\" tabindex=\"-1\" target=\"_blank\">\n\t\t\tWeiterlesen \u00bb\t\t<\/a>\n\n\t\t\t\t<\/div>\n\t\t\t\t<\/article>\n\t\t\t\t<\/div>\n\t\t\n\t\t\t\t\t\t<\/div>\n\t\t\t\t<\/div>\n\t\t\t\t<div class=\"elementor-element elementor-element-f5eda4b elementor-widget-divider--view-line elementor-widget elementor-widget-divider\" data-id=\"f5eda4b\" data-element_type=\"widget\" data-e-type=\"widget\" data-widget_type=\"divider.default\">\n\t\t\t\t<div class=\"elementor-widget-container\">\n\t\t\t\t\t\t\t<div class=\"elementor-divider\">\n\t\t\t<span class=\"elementor-divider-separator\">\n\t\t\t\t\t\t<\/span>\n\t\t<\/div>\n\t\t\t\t\t\t<\/div>\n\t\t\t\t<\/div>\n\t\t\t\t\t<\/div>\n\t\t\t\t<\/div>\n\t\t<div class=\"elementor-element elementor-element-d4bb56e e-flex e-con-boxed e-con e-parent\" data-id=\"d4bb56e\" data-element_type=\"container\" data-e-type=\"container\">\n\t\t\t\t\t<div class=\"e-con-inner\">\n\t\t\t\t<div class=\"elementor-element elementor-element-c554b10 elementor-widget elementor-widget-text-editor\" data-id=\"c554b10\" data-element_type=\"widget\" data-e-type=\"widget\" data-widget_type=\"text-editor.default\">\n\t\t\t\t<div class=\"elementor-widget-container\">\n\t\t\t\t\t\t\t\t\t<div class=\"page\" title=\"Page 7\"><div class=\"layoutArea\"><div class=\"column\"><p><img loading=\"lazy\" decoding=\"async\" class=\"alignnone wp-image-25139 \" src=\"https:\/\/www.protect-the-planet.de\/wp-content\/uploads\/2024\/02\/Projekte-300x130.png\" alt=\"Zu sehen ist ein Leuchtturm in D\u00e4mmerungsstimmung am Meer, der einen Lichtstrahl in die Weite wirft. \" width=\"607\" height=\"263\" srcset=\"https:\/\/www.protect-the-planet.de\/wp-content\/uploads\/2024\/02\/Projekte-300x130.png 300w, https:\/\/www.protect-the-planet.de\/wp-content\/uploads\/2024\/02\/Projekte-768x333.png 768w, https:\/\/www.protect-the-planet.de\/wp-content\/uploads\/2024\/02\/Projekte.png 1024w\" sizes=\"(max-width: 607px) 100vw, 607px\" \/><\/p><h2>Neues aus unseren Projekten<\/h2><p>Mit unseren starken Projekten tragen wir dazu bei, den Auswirkungen der Klimakatastrophe etwas entgegen zu setzen und unseren Planeten lebenswert zu bewahren. Dafu\u0308r haben wir fu\u0308r uns wichtige Hebel identifiziert, mit denen wir diese Vision erreichen wollen. Hier erfahren Sie, welche Projekten dies sind und welche Erfolge uns bislang gelungen sind.<\/p><\/div><\/div><\/div>\t\t\t\t\t\t\t\t<\/div>\n\t\t\t\t<\/div>\n\t\t\t\t<div class=\"elementor-element elementor-element-0380d5e elementor-widget-divider--view-line elementor-widget elementor-widget-divider\" data-id=\"0380d5e\" data-element_type=\"widget\" data-e-type=\"widget\" data-widget_type=\"divider.default\">\n\t\t\t\t<div class=\"elementor-widget-container\">\n\t\t\t\t\t\t\t<div class=\"elementor-divider\">\n\t\t\t<span class=\"elementor-divider-separator\">\n\t\t\t\t\t\t<\/span>\n\t\t<\/div>\n\t\t\t\t\t\t<\/div>\n\t\t\t\t<\/div>\n\t\t\t\t<div class=\"elementor-element elementor-element-a63cfb7 elementor-widget elementor-widget-text-editor\" data-id=\"a63cfb7\" data-element_type=\"widget\" data-e-type=\"widget\" data-widget_type=\"text-editor.default\">\n\t\t\t\t<div class=\"elementor-widget-container\">\n\t\t\t\t\t\t\t\t\t<div class=\"page\" title=\"Page 7\"><div class=\"layoutArea\"><div class=\"column\"><div class=\"page\" title=\"Page 7\"><div class=\"layoutArea\"><div class=\"column\"><p><img loading=\"lazy\" decoding=\"async\" class=\" wp-image-23342\" src=\"https:\/\/www.protect-the-planet.de\/wp-content\/uploads\/2023\/11\/windrat-300x130.jpg\" alt=\"sch\u00f6ne Landschaft mit Windr\u00e4dern\" width=\"616\" height=\"267\" srcset=\"https:\/\/www.protect-the-planet.de\/wp-content\/uploads\/2023\/11\/windrat-300x130.jpg 300w, https:\/\/www.protect-the-planet.de\/wp-content\/uploads\/2023\/11\/windrat-768x333.jpg 768w, https:\/\/www.protect-the-planet.de\/wp-content\/uploads\/2023\/11\/windrat.jpg 1024w\" sizes=\"(max-width: 616px) 100vw, 616px\" \/><\/p><\/div><\/div><\/div><h3><strong>WindRat<\/strong><\/h3><p>Vieles hat sich 2023 bei unserem WindRat getan. In den Blogbeitr\u00e4gen aus 2023 und auf der <a href=\"https:\/\/wind-rat.de\/\">WindRat-Seite<\/a> erfahren Sie mehr dazu!<\/p><p>Unter anderem war WindRat-Projektmanager Peter Keller auf der HUSUM Wind, den Spreewindenergietagen, beim Deutschen St\u00e4dte- und Gemeindebund und mit Vortr\u00e4gen bei der Jahrestagung der Klima-Allianz Deutschland in M\u00fcnchen.<\/p><p>Die Faktenbrosch\u00fcre Windenergie hat mit einer <a href=\"https:\/\/wind-rat.de\/news\/faktenbroschuere-zur-windenergie-ein-voller-erfolg\/\">bundesweiten Mailing-Aktion<\/a> ein gro\u00dfes Echo ausgel\u00f6st. Die Publikation wurde an alle deutschen St\u00e4dte und Gemeinden, an die Energie- und Klimaschutzagenturen der L\u00e4nder sowie an die energiepolitischen Sprecher*innen aller politischen Parteien in den 16 deutschen Landtagen versendet \u2013 mit zahlreichen positiven R\u00fcckmeldungen und Anfragen.<\/p><p>Dar\u00fcber hinaus haben wir unsere erste Video-Reihe &#8220;<a href=\"https:\/\/www.youtube.com\/watch?v=VQ-S5q1ZrCc&amp;list=PL6ivZD2Z0VbYjqnn1_A0nMfT_mUwo7wFV&amp;index=2\">Windkraft im Aufwind<\/a>&#8221; ver\u00f6ffentlicht, die sich intensiv mit den h\u00e4ufigsten Fragen rund um Windenergie besch\u00e4ftigt. Dazu bekommt der WindRat eine <a href=\"https:\/\/www.protect-the-planet.de\/windrat-dbu\/\">F\u00f6rderung der Deutschen Bundesstiftung Umwelt<\/a> f\u00fcr das Projekt &#8220;Windwende: Praxisnah zum Anfassen&#8221; \u2013 eine weitere Kurzfilmreihe, diesmal mit Best Practice-Beispielen aus der Windkraftbranche. \u00a0<\/p><p>Nicht zuletzt haben wir mit unserer <a href=\"https:\/\/www.protect-the-planet.de\/bayernwind\">#bayernwind-Kampagne<\/a> vor der Landtagswahl in Bayern f\u00fcr frischen Wind im Wahlkampf gesorgt.<\/p><\/div><p>Mit Jana H\u00e4fner und Fenya Kirst hat der WindRat au\u00dferdem weitere personelle Unterst\u00fctzung bekommen.<\/p><p>Alle aktuellen Informationen zu unseren Projekten und Materialien zum Thema Windkraft finden Sie auch auf der WindRat-Seite:<\/p><\/div><\/div>\t\t\t\t\t\t\t\t<\/div>\n\t\t\t\t<\/div>\n\t\t\t\t<div class=\"elementor-element elementor-element-a285839 elementor-align-center elementor-widget elementor-widget-button\" data-id=\"a285839\" data-element_type=\"widget\" data-e-type=\"widget\" data-widget_type=\"button.default\">\n\t\t\t\t<div class=\"elementor-widget-container\">\n\t\t\t\t\t\t\t\t\t<div class=\"elementor-button-wrapper\">\n\t\t\t\t\t<a class=\"elementor-button elementor-button-link elementor-size-sm\" href=\"https:\/\/www.wind-rat.de\">\n\t\t\t\t\t\t<span class=\"elementor-button-content-wrapper\">\n\t\t\t\t\t\t\t\t\t<span class=\"elementor-button-text\">wind-rat.de<\/span>\n\t\t\t\t\t<\/span>\n\t\t\t\t\t<\/a>\n\t\t\t\t<\/div>\n\t\t\t\t\t\t\t\t<\/div>\n\t\t\t\t<\/div>\n\t\t\t\t<div class=\"elementor-element elementor-element-206c13b elementor-grid-3 elementor-grid-tablet-2 elementor-grid-mobile-1 elementor-posts--thumbnail-top elementor-widget elementor-widget-posts\" data-id=\"206c13b\" data-element_type=\"widget\" data-e-type=\"widget\" data-settings=\"{&quot;classic_columns&quot;:&quot;3&quot;,&quot;classic_columns_tablet&quot;:&quot;2&quot;,&quot;classic_columns_mobile&quot;:&quot;1&quot;,&quot;classic_row_gap&quot;:{&quot;unit&quot;:&quot;px&quot;,&quot;size&quot;:35,&quot;sizes&quot;:[]},&quot;classic_row_gap_tablet&quot;:{&quot;unit&quot;:&quot;px&quot;,&quot;size&quot;:&quot;&quot;,&quot;sizes&quot;:[]},&quot;classic_row_gap_mobile&quot;:{&quot;unit&quot;:&quot;px&quot;,&quot;size&quot;:&quot;&quot;,&quot;sizes&quot;:[]}}\" data-widget_type=\"posts.classic\">\n\t\t\t\t<div class=\"elementor-widget-container\">\n\t\t\t\t\t\t\t<div class=\"elementor-posts-container elementor-posts elementor-posts--skin-classic elementor-grid\" role=\"list\">\n\t\t\t\t<article class=\"elementor-post elementor-grid-item post-22682 post type-post status-publish format-standard has-post-thumbnail hentry category-news tag-wind-rat-en tag-windenergie-en tag-windrat-en\" role=\"listitem\">\n\t\t\t\t<a class=\"elementor-post__thumbnail__link\" href=\"https:\/\/www.protect-the-planet.de\/en\/windrat-dbu\/\" tabindex=\"-1\" target=&quot;_blank&quot;>\n\t\t\t<div class=\"elementor-post__thumbnail\"><img loading=\"lazy\" decoding=\"async\" width=\"300\" height=\"188\" src=\"https:\/\/www.protect-the-planet.de\/wp-content\/uploads\/2023\/01\/beitragsbild-windrat-dbu-300x188.png\" class=\"attachment-medium size-medium wp-image-21821\" alt=\"\" srcset=\"https:\/\/www.protect-the-planet.de\/wp-content\/uploads\/2023\/01\/beitragsbild-windrat-dbu-300x188.png 300w, https:\/\/www.protect-the-planet.de\/wp-content\/uploads\/2023\/01\/beitragsbild-windrat-dbu-768x480.png 768w, https:\/\/www.protect-the-planet.de\/wp-content\/uploads\/2023\/01\/beitragsbild-windrat-dbu.png 800w\" sizes=\"(max-width: 300px) 100vw, 300px\" \/><\/div>\n\t\t<\/a>\n\t\t\t\t<div class=\"elementor-post__text\">\n\t\t\t\t<h3 class=\"elementor-post__title\">\n\t\t\t<a href=\"https:\/\/www.protect-the-planet.de\/en\/windrat-dbu\/\" target=&quot;_blank&quot;>\n\t\t\t\tWindRat-Projekt bekommt F\u00f6rderung von der Deutschen Bundesstiftung Umwelt\t\t\t<\/a>\n\t\t<\/h3>\n\t\t\t\t<div class=\"elementor-post__meta-data\">\n\t\t\t\t\t<span class=\"elementor-post-date\">\n\t\t\t31. January 2023\t\t<\/span>\n\t\t\t\t<\/div>\n\t\t\t\t<div class=\"elementor-post__excerpt\">\n\t\t\t<p>Mit unserem durch die Deutsche Bundesstiftung Umwelt (DBU) genehmigten F\u00f6rderprojekt packen wir die Windwende in Deutschland praxisnah an!<\/p>\t\t<\/div>\n\t\t\n\t\t<a class=\"elementor-post__read-more\" href=\"https:\/\/www.protect-the-planet.de\/en\/windrat-dbu\/\" aria-label=\"Read more about WindRat-Projekt bekommt F\u00f6rderung von der Deutschen Bundesstiftung Umwelt\" tabindex=\"-1\" target=\"_blank\">\n\t\t\tWeiterlesen \u00bb\t\t<\/a>\n\n\t\t\t\t<\/div>\n\t\t\t\t<\/article>\n\t\t\t\t<article class=\"elementor-post elementor-grid-item post-22674 post type-post status-publish format-standard has-post-thumbnail hentry category-news tag-emissionen-en tag-ipcc-en tag-klimakatastrophe-en tag-klimakrise-en tag-klimaziele-en tag-offener-brief-en\" role=\"listitem\">\n\t\t\t\t<a class=\"elementor-post__thumbnail__link\" href=\"https:\/\/www.protect-the-planet.de\/en\/windkraft-im-aufwind\/\" tabindex=\"-1\" target=&quot;_blank&quot;>\n\t\t\t<div class=\"elementor-post__thumbnail\"><img loading=\"lazy\" decoding=\"async\" width=\"300\" height=\"152\" src=\"https:\/\/www.protect-the-planet.de\/wp-content\/uploads\/2023\/04\/beitragsbild-windkraft-im-aufwind-300x152.png\" class=\"attachment-medium size-medium wp-image-21855\" alt=\"\" srcset=\"https:\/\/www.protect-the-planet.de\/wp-content\/uploads\/2023\/04\/beitragsbild-windkraft-im-aufwind-300x152.png 300w, https:\/\/www.protect-the-planet.de\/wp-content\/uploads\/2023\/04\/beitragsbild-windkraft-im-aufwind-1024x520.png 1024w, https:\/\/www.protect-the-planet.de\/wp-content\/uploads\/2023\/04\/beitragsbild-windkraft-im-aufwind-768x390.png 768w, https:\/\/www.protect-the-planet.de\/wp-content\/uploads\/2023\/04\/beitragsbild-windkraft-im-aufwind-1536x780.png 1536w, https:\/\/www.protect-the-planet.de\/wp-content\/uploads\/2023\/04\/beitragsbild-windkraft-im-aufwind-1320x670.png 1320w, https:\/\/www.protect-the-planet.de\/wp-content\/uploads\/2023\/04\/beitragsbild-windkraft-im-aufwind.png 1895w\" sizes=\"(max-width: 300px) 100vw, 300px\" \/><\/div>\n\t\t<\/a>\n\t\t\t\t<div class=\"elementor-post__text\">\n\t\t\t\t<h3 class=\"elementor-post__title\">\n\t\t\t<a href=\"https:\/\/www.protect-the-planet.de\/en\/windkraft-im-aufwind\/\" target=&quot;_blank&quot;>\n\t\t\t\tWindRat ver\u00f6ffentlicht aktuelle Video-Reihe \u201eWindkraft im Aufwind\u201c f\u00fcr Akzeptanzsicherung\t\t\t<\/a>\n\t\t<\/h3>\n\t\t\t\t<div class=\"elementor-post__meta-data\">\n\t\t\t\t\t<span class=\"elementor-post-date\">\n\t\t\t19. April 2023\t\t<\/span>\n\t\t\t\t<\/div>\n\t\t\t\t<div class=\"elementor-post__excerpt\">\n\t\t\t<p>Die neue Video-Reihe \u201eWindkraft im Aufwind\u201c des WindRat besch\u00e4ftigt sich mit Fragen zur Wirtschaftlichkeit von Windenergie, Artenschutz, Partizipation uvm.<\/p>\t\t<\/div>\n\t\t\n\t\t<a class=\"elementor-post__read-more\" href=\"https:\/\/www.protect-the-planet.de\/en\/windkraft-im-aufwind\/\" aria-label=\"Read more about WindRat ver\u00f6ffentlicht aktuelle Video-Reihe \u201eWindkraft im Aufwind\u201c f\u00fcr Akzeptanzsicherung\" tabindex=\"-1\" target=\"_blank\">\n\t\t\tWeiterlesen \u00bb\t\t<\/a>\n\n\t\t\t\t<\/div>\n\t\t\t\t<\/article>\n\t\t\t\t<article class=\"elementor-post elementor-grid-item post-22666 post type-post status-publish format-standard has-post-thumbnail hentry category-news tag-bayern-en tag-bayernwind-en tag-unternehmen-en tag-windenergie-en tag-windkraft-en tag-windrat-en\" role=\"listitem\">\n\t\t\t\t<a class=\"elementor-post__thumbnail__link\" href=\"https:\/\/www.protect-the-planet.de\/en\/bayernwind\/\" tabindex=\"-1\" target=&quot;_blank&quot;>\n\t\t\t<div class=\"elementor-post__thumbnail\"><img loading=\"lazy\" decoding=\"async\" width=\"300\" height=\"188\" src=\"https:\/\/www.protect-the-planet.de\/wp-content\/uploads\/2023\/07\/beitragsbild-bayernwind-300x188.png\" class=\"attachment-medium size-medium wp-image-21809\" alt=\"\" srcset=\"https:\/\/www.protect-the-planet.de\/wp-content\/uploads\/2023\/07\/beitragsbild-bayernwind-300x188.png 300w, https:\/\/www.protect-the-planet.de\/wp-content\/uploads\/2023\/07\/beitragsbild-bayernwind-768x480.png 768w, https:\/\/www.protect-the-planet.de\/wp-content\/uploads\/2023\/07\/beitragsbild-bayernwind.png 800w\" sizes=\"(max-width: 300px) 100vw, 300px\" \/><\/div>\n\t\t<\/a>\n\t\t\t\t<div class=\"elementor-post__text\">\n\t\t\t\t<h3 class=\"elementor-post__title\">\n\t\t\t<a href=\"https:\/\/www.protect-the-planet.de\/en\/bayernwind\/\" target=&quot;_blank&quot;>\n\t\t\t\t#bayernwind-Kampagne: Wir wollen, dass in Bayern ein neuer Wind weht.\t\t\t<\/a>\n\t\t<\/h3>\n\t\t\t\t<div class=\"elementor-post__meta-data\">\n\t\t\t\t\t<span class=\"elementor-post-date\">\n\t\t\t18. July 2023\t\t<\/span>\n\t\t\t\t<\/div>\n\t\t\t\t<div class=\"elementor-post__excerpt\">\n\t\t\t<p>Bayern ist immer noch trauriges Schlusslicht in Sachen Windenergie. Das muss sich \u00e4ndern! Im Oktober stehen die Landtagswahlen vor der T\u00fcr und das nehmen wir als Anlass, um der Windkraft\t\t<\/div>\n\t\t\n\t\t<a class=\"elementor-post__read-more\" href=\"https:\/\/www.protect-the-planet.de\/en\/bayernwind\/\" aria-label=\"Read more about #bayernwind-Kampagne: Wir wollen, dass in Bayern ein neuer Wind weht.\" tabindex=\"-1\" target=\"_blank\">\n\t\t\tWeiterlesen \u00bb\t\t<\/a>\n\n\t\t\t\t<\/div>\n\t\t\t\t<\/article>\n\t\t\t\t<article class=\"elementor-post elementor-grid-item post-22660 post type-post status-publish format-standard has-post-thumbnail hentry category-news category-pressemitteilungen-en tag-bayernwahl-en tag-bayernwind-en tag-csu-en tag-klimaziele-en tag-landtagswahl-bayern-2023-en tag-ltwby23-en\" role=\"listitem\">\n\t\t\t\t<a class=\"elementor-post__thumbnail__link\" href=\"https:\/\/www.protect-the-planet.de\/en\/landtagswahl-in-bayern-absolute-mehrheit-fuer-csu-denkbar-bei-glaubwuerdigem-ausbau-von-wind-und-solar\/\" tabindex=\"-1\" target=&quot;_blank&quot;>\n\t\t\t<div class=\"elementor-post__thumbnail\"><img loading=\"lazy\" decoding=\"async\" width=\"300\" height=\"242\" src=\"https:\/\/www.protect-the-planet.de\/wp-content\/uploads\/2023\/09\/markus-soeder-bayernwind-300x242.jpg\" class=\"attachment-medium size-medium wp-image-21948\" alt=\"\" srcset=\"https:\/\/www.protect-the-planet.de\/wp-content\/uploads\/2023\/09\/markus-soeder-bayernwind-300x242.jpg 300w, https:\/\/www.protect-the-planet.de\/wp-content\/uploads\/2023\/09\/markus-soeder-bayernwind-1024x827.jpg 1024w, https:\/\/www.protect-the-planet.de\/wp-content\/uploads\/2023\/09\/markus-soeder-bayernwind-768x620.jpg 768w, https:\/\/www.protect-the-planet.de\/wp-content\/uploads\/2023\/09\/markus-soeder-bayernwind-1536x1240.jpg 1536w, https:\/\/www.protect-the-planet.de\/wp-content\/uploads\/2023\/09\/markus-soeder-bayernwind-1320x1066.jpg 1320w, https:\/\/www.protect-the-planet.de\/wp-content\/uploads\/2023\/09\/markus-soeder-bayernwind.jpg 1980w\" sizes=\"(max-width: 300px) 100vw, 300px\" \/><\/div>\n\t\t<\/a>\n\t\t\t\t<div class=\"elementor-post__text\">\n\t\t\t\t<h3 class=\"elementor-post__title\">\n\t\t\t<a href=\"https:\/\/www.protect-the-planet.de\/en\/landtagswahl-in-bayern-absolute-mehrheit-fuer-csu-denkbar-bei-glaubwuerdigem-ausbau-von-wind-und-solar\/\" target=&quot;_blank&quot;>\n\t\t\t\tLandtagswahl in Bayern: Absolute Mehrheit f\u00fcr CSU denkbar bei glaubw\u00fcrdigem Ausbau von Wind und Solar\t\t\t<\/a>\n\t\t<\/h3>\n\t\t\t\t<div class=\"elementor-post__meta-data\">\n\t\t\t\t\t<span class=\"elementor-post-date\">\n\t\t\t20. September 2023\t\t<\/span>\n\t\t\t\t<\/div>\n\t\t\t\t<div class=\"elementor-post__excerpt\">\n\t\t\t<p>Neue Wahlumfrage zeigt, dass f\u00fcr die CSU eine absolute Mehrheit m\u00f6glich w\u00e4re, wenn Markus S\u00f6der und die CSU glaubw\u00fcrdiger den Ausbau von Wind- und Solarenergie vorantreiben.<\/p>\t\t<\/div>\n\t\t\n\t\t<a class=\"elementor-post__read-more\" href=\"https:\/\/www.protect-the-planet.de\/en\/landtagswahl-in-bayern-absolute-mehrheit-fuer-csu-denkbar-bei-glaubwuerdigem-ausbau-von-wind-und-solar\/\" aria-label=\"Read more about Landtagswahl in Bayern: Absolute Mehrheit f\u00fcr CSU denkbar bei glaubw\u00fcrdigem Ausbau von Wind und Solar\" tabindex=\"-1\" target=\"_blank\">\n\t\t\tWeiterlesen \u00bb\t\t<\/a>\n\n\t\t\t\t<\/div>\n\t\t\t\t<\/article>\n\t\t\t\t<\/div>\n\t\t\n\t\t\t\t\t\t<\/div>\n\t\t\t\t<\/div>\n\t\t\t\t<div class=\"elementor-element elementor-element-04680d5 elementor-widget-divider--view-line elementor-widget elementor-widget-divider\" data-id=\"04680d5\" data-element_type=\"widget\" data-e-type=\"widget\" data-widget_type=\"divider.default\">\n\t\t\t\t<div class=\"elementor-widget-container\">\n\t\t\t\t\t\t\t<div class=\"elementor-divider\">\n\t\t\t<span class=\"elementor-divider-separator\">\n\t\t\t\t\t\t<\/span>\n\t\t<\/div>\n\t\t\t\t\t\t<\/div>\n\t\t\t\t<\/div>\n\t\t\t\t<div class=\"elementor-element elementor-element-775728c elementor-widget elementor-widget-text-editor\" data-id=\"775728c\" data-element_type=\"widget\" data-e-type=\"widget\" data-widget_type=\"text-editor.default\">\n\t\t\t\t<div class=\"elementor-widget-container\">\n\t\t\t\t\t\t\t\t\t<p><img loading=\"lazy\" decoding=\"async\" class=\" wp-image-23357\" src=\"https:\/\/www.protect-the-planet.de\/wp-content\/uploads\/2023\/11\/veranstaltungen-300x130.jpg\" alt=\"Person sitzt vor Laptop\" width=\"591\" height=\"256\" srcset=\"https:\/\/www.protect-the-planet.de\/wp-content\/uploads\/2023\/11\/veranstaltungen-300x130.jpg 300w, https:\/\/www.protect-the-planet.de\/wp-content\/uploads\/2023\/11\/veranstaltungen-768x333.jpg 768w, https:\/\/www.protect-the-planet.de\/wp-content\/uploads\/2023\/11\/veranstaltungen.jpg 1024w\" sizes=\"(max-width: 591px) 100vw, 591px\" \/><\/p><h3><strong>Klima-Vortragsreihe<\/strong><\/h3><p>Seit 2021 organisieren wir gemeinsam mit dem Ehrenamtlichen Veranstaltungskoordinator Dr. Helmut Paschlau unsere Klima-Vortragsreihe in M\u00fcnchen. Live vor Ort sowie online.<\/p><p>\u00dcber <a href=\"https:\/\/www.protect-the-planet.de\/klima-vortraege-das-war-unsere-veranstaltungsreihe-2023\/\">30 Veranstaltungen mit mehr als 4000 Teilnehmenden<\/a> \u2013 2023 erreichten wir mit unserer Klimavortragsreihe noch mehr Menschen als in den Jahren zuvor. Ein besonderes Highlight war dabei der Vortrag von <a href=\"https:\/\/www.protect-the-planet.de\/energiewende-jetzt-prof-dr-volker-quaschning-in-muenchen\/\">Prof. Dr. Volker Quaschning<\/a>.<\/p><p>2023 haben wir zudem zwei Podiumsdiskussionen zur IAA in M\u00fcnchen organisiert, uns wie jedes Jahr beim <a href=\"https:\/\/www.protect-the-planet.de\/einen-monat-klimagerechtigkeit-der-muenchner-klimaherbst-2023\/\">M\u00fcnchner Klimaherbst beteiligt<\/a> und eine Sonder-Kinovorf\u00fchrung des Films &#8220;<a href=\"https:\/\/www.protect-the-planet.de\/vergiss-meyn-nicht-ein-beruehrender-blick-in-den-besetzten-hambacher-forst\/\">Vergiss Meyn Nicht<\/a>&#8221; mitveranstaltet \u2013 mit Konstantin Wecker als Filmpaten und prominenten Ehrengast.<\/p><p>Mehr dazu lesen Sie in unseren Blogbeitr\u00e4gen.<\/p>\t\t\t\t\t\t\t\t<\/div>\n\t\t\t\t<\/div>\n\t\t\t\t<div class=\"elementor-element elementor-element-7e56810 elementor-grid-3 elementor-grid-tablet-2 elementor-grid-mobile-1 elementor-posts--thumbnail-top elementor-widget elementor-widget-posts\" data-id=\"7e56810\" data-element_type=\"widget\" data-e-type=\"widget\" data-settings=\"{&quot;classic_columns&quot;:&quot;3&quot;,&quot;classic_columns_tablet&quot;:&quot;2&quot;,&quot;classic_columns_mobile&quot;:&quot;1&quot;,&quot;classic_row_gap&quot;:{&quot;unit&quot;:&quot;px&quot;,&quot;size&quot;:35,&quot;sizes&quot;:[]},&quot;classic_row_gap_tablet&quot;:{&quot;unit&quot;:&quot;px&quot;,&quot;size&quot;:&quot;&quot;,&quot;sizes&quot;:[]},&quot;classic_row_gap_mobile&quot;:{&quot;unit&quot;:&quot;px&quot;,&quot;size&quot;:&quot;&quot;,&quot;sizes&quot;:[]}}\" data-widget_type=\"posts.classic\">\n\t\t\t\t<div class=\"elementor-widget-container\">\n\t\t\t\t\t\t\t<div class=\"elementor-posts-container elementor-posts elementor-posts--skin-classic elementor-grid\" role=\"list\">\n\t\t\t\t<article class=\"elementor-post elementor-grid-item post-22662 post type-post status-publish format-standard has-post-thumbnail hentry category-news tag-automobilmesse-en tag-iaa-en tag-iaamobility-en tag-muenchen-en tag-podiumsdiskussion-en tag-tempolimit-en\" role=\"listitem\">\n\t\t\t\t<a class=\"elementor-post__thumbnail__link\" href=\"https:\/\/www.protect-the-planet.de\/en\/protect-the-planet-mit-podiums-diskussion-auf-der-iaa-vertreten\/\" tabindex=\"-1\" target=&quot;_blank&quot;>\n\t\t\t<div class=\"elementor-post__thumbnail\"><img loading=\"lazy\" decoding=\"async\" width=\"300\" height=\"188\" src=\"https:\/\/www.protect-the-planet.de\/wp-content\/uploads\/2023\/09\/beitragsbild-petition-balkon-solar-300x188.png\" class=\"attachment-medium size-medium wp-image-21921\" alt=\"\" srcset=\"https:\/\/www.protect-the-planet.de\/wp-content\/uploads\/2023\/09\/beitragsbild-petition-balkon-solar-300x188.png 300w, https:\/\/www.protect-the-planet.de\/wp-content\/uploads\/2023\/09\/beitragsbild-petition-balkon-solar-768x480.png 768w, https:\/\/www.protect-the-planet.de\/wp-content\/uploads\/2023\/09\/beitragsbild-petition-balkon-solar.png 800w\" sizes=\"(max-width: 300px) 100vw, 300px\" \/><\/div>\n\t\t<\/a>\n\t\t\t\t<div class=\"elementor-post__text\">\n\t\t\t\t<h3 class=\"elementor-post__title\">\n\t\t\t<a href=\"https:\/\/www.protect-the-planet.de\/en\/protect-the-planet-mit-podiums-diskussion-auf-der-iaa-vertreten\/\" target=&quot;_blank&quot;>\n\t\t\t\tProtect the Planet mit Podiums-Diskussion auf der IAA vertreten!\t\t\t<\/a>\n\t\t<\/h3>\n\t\t\t\t<div class=\"elementor-post__meta-data\">\n\t\t\t\t\t<span class=\"elementor-post-date\">\n\t\t\t6. September 2023\t\t<\/span>\n\t\t\t\t<\/div>\n\t\t\t\t<div class=\"elementor-post__excerpt\">\n\t\t\t<p>Im Rahmen der Internationalen Automobilausstellung (IAA) in M\u00fcnchen kuratierte PtP im \u201eCitizen Lab\u201c am M\u00fcnchner Marienplatz eine spannende Podiumsdiskussion zum\t\t<\/div>\n\t\t\n\t\t<a class=\"elementor-post__read-more\" href=\"https:\/\/www.protect-the-planet.de\/en\/protect-the-planet-mit-podiums-diskussion-auf-der-iaa-vertreten\/\" aria-label=\"Read more about Protect the Planet mit Podiums-Diskussion auf der IAA vertreten!\" tabindex=\"-1\" target=\"_blank\">\n\t\t\tWeiterlesen \u00bb\t\t<\/a>\n\n\t\t\t\t<\/div>\n\t\t\t\t<\/article>\n\t\t\t\t<article class=\"elementor-post elementor-grid-item post-22941 post type-post status-publish format-standard has-post-thumbnail hentry category-news tag-geord-dunkel-en tag-helmut-paschlau-en tag-iaa-en tag-iaa-2023-en tag-iaa-mobility-en tag-katja-diehl-en tag-mobilitaetswende-en\" role=\"listitem\">\n\t\t\t\t<a class=\"elementor-post__thumbnail__link\" href=\"https:\/\/www.protect-the-planet.de\/en\/jeder-sollte-das-recht-haben-nicht-auf-ein-eigenes-auto-angewiesen-zu-sein\/\" tabindex=\"-1\" target=&quot;_blank&quot;>\n\t\t\t<div class=\"elementor-post__thumbnail\"><img loading=\"lazy\" decoding=\"async\" width=\"300\" height=\"188\" src=\"https:\/\/www.protect-the-planet.de\/wp-content\/uploads\/2023\/09\/beitragsbild-iaa-diehl-300x188.png\" class=\"attachment-medium size-medium wp-image-21937\" alt=\"\" srcset=\"https:\/\/www.protect-the-planet.de\/wp-content\/uploads\/2023\/09\/beitragsbild-iaa-diehl-300x188.png 300w, https:\/\/www.protect-the-planet.de\/wp-content\/uploads\/2023\/09\/beitragsbild-iaa-diehl-768x480.png 768w, https:\/\/www.protect-the-planet.de\/wp-content\/uploads\/2023\/09\/beitragsbild-iaa-diehl.png 800w\" sizes=\"(max-width: 300px) 100vw, 300px\" \/><\/div>\n\t\t<\/a>\n\t\t\t\t<div class=\"elementor-post__text\">\n\t\t\t\t<h3 class=\"elementor-post__title\">\n\t\t\t<a href=\"https:\/\/www.protect-the-planet.de\/en\/jeder-sollte-das-recht-haben-nicht-auf-ein-eigenes-auto-angewiesen-zu-sein\/\" target=&quot;_blank&quot;>\n\t\t\t\t&#8220;Jeder sollte das Recht haben, nicht auf ein eigenes Auto angewiesen zu sein&#8221;\t\t\t<\/a>\n\t\t<\/h3>\n\t\t\t\t<div class=\"elementor-post__meta-data\">\n\t\t\t\t\t<span class=\"elementor-post-date\">\n\t\t\t12. September 2023\t\t<\/span>\n\t\t\t\t<\/div>\n\t\t\t\t<div class=\"elementor-post__excerpt\">\n\t\t\t<p>Thank you for driving? Oder doch besser: &#8220;Jede*r sollte das Recht haben, nicht auf ein eigenes Auto angewiesen zu sein&#8221;?\t\t<\/div>\n\t\t\n\t\t<a class=\"elementor-post__read-more\" href=\"https:\/\/www.protect-the-planet.de\/en\/jeder-sollte-das-recht-haben-nicht-auf-ein-eigenes-auto-angewiesen-zu-sein\/\" aria-label=\"Read more about &#8220;Jeder sollte das Recht haben, nicht auf ein eigenes Auto angewiesen zu sein&#8221;\" tabindex=\"-1\" target=\"_blank\">\n\t\t\tWeiterlesen \u00bb\t\t<\/a>\n\n\t\t\t\t<\/div>\n\t\t\t\t<\/article>\n\t\t\t\t<article class=\"elementor-post elementor-grid-item post-22690 post type-post status-publish format-standard has-post-thumbnail hentry category-news tag-aktivismus-en tag-event-en tag-klimabildung-en tag-klimaherbst-en tag-klimakrise-en tag-klimaschutz-en tag-klimaziele-en tag-muenchen-en tag-netzwerk-klimaherbst-en tag-paschlau-en tag-veranstaltungen-en tag-vortragsreihe-en\" role=\"listitem\">\n\t\t\t\t<a class=\"elementor-post__thumbnail__link\" href=\"https:\/\/www.protect-the-planet.de\/en\/filmabend-mit-vergiss-meyn-nicht-und-talkgast-konstantin-wecker\/\" tabindex=\"-1\" target=&quot;_blank&quot;>\n\t\t\t<div class=\"elementor-post__thumbnail\"><img loading=\"lazy\" decoding=\"async\" width=\"300\" height=\"188\" src=\"https:\/\/www.protect-the-planet.de\/wp-content\/uploads\/2023\/11\/News-Beitragsbilder-300x188.jpg\" class=\"attachment-medium size-medium wp-image-22693\" alt=\"\" srcset=\"https:\/\/www.protect-the-planet.de\/wp-content\/uploads\/2023\/11\/News-Beitragsbilder-300x188.jpg 300w, https:\/\/www.protect-the-planet.de\/wp-content\/uploads\/2023\/11\/News-Beitragsbilder-768x480.jpg 768w, https:\/\/www.protect-the-planet.de\/wp-content\/uploads\/2023\/11\/News-Beitragsbilder.jpg 800w\" sizes=\"(max-width: 300px) 100vw, 300px\" \/><\/div>\n\t\t<\/a>\n\t\t\t\t<div class=\"elementor-post__text\">\n\t\t\t\t<h3 class=\"elementor-post__title\">\n\t\t\t<a href=\"https:\/\/www.protect-the-planet.de\/en\/filmabend-mit-vergiss-meyn-nicht-und-talkgast-konstantin-wecker\/\" target=&quot;_blank&quot;>\n\t\t\t\tEinen Monat Klimagerechtigkeit: Der M\u00fcnchner Klimaherbst 2023\t\t\t<\/a>\n\t\t<\/h3>\n\t\t\t\t<div class=\"elementor-post__meta-data\">\n\t\t\t\t\t<span class=\"elementor-post-date\">\n\t\t\t2. November 2023\t\t<\/span>\n\t\t\t\t<\/div>\n\t\t\t\t<div class=\"elementor-post__excerpt\">\n\t\t\t<p>Der M\u00fcnchner Klimaherbst 2023 ist vorbei \u2013 aber die Veranstaltungsreihe war auch in diesem Jahr wieder ein voller Erfolg und\t\t<\/div>\n\t\t\n\t\t<a class=\"elementor-post__read-more\" href=\"https:\/\/www.protect-the-planet.de\/en\/filmabend-mit-vergiss-meyn-nicht-und-talkgast-konstantin-wecker\/\" aria-label=\"Read more about Einen Monat Klimagerechtigkeit: Der M\u00fcnchner Klimaherbst 2023\" tabindex=\"-1\" target=\"_blank\">\n\t\t\tWeiterlesen \u00bb\t\t<\/a>\n\n\t\t\t\t<\/div>\n\t\t\t\t<\/article>\n\t\t\t\t<article class=\"elementor-post elementor-grid-item post-23757 post type-post status-publish format-standard has-post-thumbnail hentry category-news tag-hambacher-forst-en tag-hambi-en tag-hambi-bleibt-en tag-klimaaktivismus-en tag-klimakrise-en tag-steffen-meyn-en tag-vergiss-meyn-nicht-en\" role=\"listitem\">\n\t\t\t\t<a class=\"elementor-post__thumbnail__link\" href=\"https:\/\/www.protect-the-planet.de\/en\/vergiss-meyn-nicht-ein-beruehrender-blick-in-den-besetzten-hambacher-forst\/\" tabindex=\"-1\" target=&quot;_blank&quot;>\n\t\t\t<div class=\"elementor-post__thumbnail\"><img loading=\"lazy\" decoding=\"async\" width=\"300\" height=\"200\" src=\"https:\/\/www.protect-the-planet.de\/wp-content\/uploads\/2023\/11\/2023_11_16-SoVo-Meyn-in-Muenchen_PtP_Gruppe-mit-Regisseurinnen-und-Eltern-2_DSC_0081_klein-300x200.jpeg\" class=\"attachment-medium size-medium wp-image-23154\" alt=\"\" srcset=\"https:\/\/www.protect-the-planet.de\/wp-content\/uploads\/2023\/11\/2023_11_16-SoVo-Meyn-in-Muenchen_PtP_Gruppe-mit-Regisseurinnen-und-Eltern-2_DSC_0081_klein-300x200.jpeg 300w, https:\/\/www.protect-the-planet.de\/wp-content\/uploads\/2023\/11\/2023_11_16-SoVo-Meyn-in-Muenchen_PtP_Gruppe-mit-Regisseurinnen-und-Eltern-2_DSC_0081_klein-1024x682.jpeg 1024w, https:\/\/www.protect-the-planet.de\/wp-content\/uploads\/2023\/11\/2023_11_16-SoVo-Meyn-in-Muenchen_PtP_Gruppe-mit-Regisseurinnen-und-Eltern-2_DSC_0081_klein-768x512.jpeg 768w, https:\/\/www.protect-the-planet.de\/wp-content\/uploads\/2023\/11\/2023_11_16-SoVo-Meyn-in-Muenchen_PtP_Gruppe-mit-Regisseurinnen-und-Eltern-2_DSC_0081_klein.jpeg 1280w\" sizes=\"(max-width: 300px) 100vw, 300px\" \/><\/div>\n\t\t<\/a>\n\t\t\t\t<div class=\"elementor-post__text\">\n\t\t\t\t<h3 class=\"elementor-post__title\">\n\t\t\t<a href=\"https:\/\/www.protect-the-planet.de\/en\/vergiss-meyn-nicht-ein-beruehrender-blick-in-den-besetzten-hambacher-forst\/\" target=&quot;_blank&quot;>\n\t\t\t\tVergiss Meyn Nicht: Ein ber\u00fchrender Blick in den besetzten Hambacher Forst\u00a0\t\t\t<\/a>\n\t\t<\/h3>\n\t\t\t\t<div class=\"elementor-post__meta-data\">\n\t\t\t\t\t<span class=\"elementor-post-date\">\n\t\t\t17. November 2023\t\t<\/span>\n\t\t\t\t<\/div>\n\t\t\t\t<div class=\"elementor-post__excerpt\">\n\t\t\t<p>Die Klimakrise ist nicht nur Wissenschafts- oder Politikfrage. Es geht um Pers\u00f6nliches, Emotionales, und wie all das zusammenh\u00e4ngt. Selten wird\t\t<\/div>\n\t\t\n\t\t<a class=\"elementor-post__read-more\" href=\"https:\/\/www.protect-the-planet.de\/en\/vergiss-meyn-nicht-ein-beruehrender-blick-in-den-besetzten-hambacher-forst\/\" aria-label=\"Read more about Vergiss Meyn Nicht: Ein ber\u00fchrender Blick in den besetzten Hambacher Forst\u00a0\" tabindex=\"-1\" target=\"_blank\">\n\t\t\tWeiterlesen \u00bb\t\t<\/a>\n\n\t\t\t\t<\/div>\n\t\t\t\t<\/article>\n\t\t\t\t<article class=\"elementor-post elementor-grid-item post-25518 post type-post status-publish format-standard has-post-thumbnail hentry category-news\" role=\"listitem\">\n\t\t\t\t<a class=\"elementor-post__thumbnail__link\" href=\"https:\/\/www.protect-the-planet.de\/en\/energiewende-jetzt-prof-dr-volker-quaschning-in-muenchen\/\" tabindex=\"-1\" target=&quot;_blank&quot;>\n\t\t\t<div class=\"elementor-post__thumbnail\"><img loading=\"lazy\" decoding=\"async\" width=\"300\" height=\"188\" src=\"https:\/\/www.protect-the-planet.de\/wp-content\/uploads\/2023\/12\/Beitragsbild-Quaschning-2-300x188.jpg\" class=\"attachment-medium size-medium wp-image-24388\" alt=\"\" srcset=\"https:\/\/www.protect-the-planet.de\/wp-content\/uploads\/2023\/12\/Beitragsbild-Quaschning-2-300x188.jpg 300w, https:\/\/www.protect-the-planet.de\/wp-content\/uploads\/2023\/12\/Beitragsbild-Quaschning-2-768x480.jpg 768w, https:\/\/www.protect-the-planet.de\/wp-content\/uploads\/2023\/12\/Beitragsbild-Quaschning-2.jpg 800w\" sizes=\"(max-width: 300px) 100vw, 300px\" \/><\/div>\n\t\t<\/a>\n\t\t\t\t<div class=\"elementor-post__text\">\n\t\t\t\t<h3 class=\"elementor-post__title\">\n\t\t\t<a href=\"https:\/\/www.protect-the-planet.de\/en\/energiewende-jetzt-prof-dr-volker-quaschning-in-muenchen\/\" target=&quot;_blank&quot;>\n\t\t\t\tEnergiewende \u2013 jetzt! Prof. Dr. Volker Quaschning in M\u00fcnchen\t\t\t<\/a>\n\t\t<\/h3>\n\t\t\t\t<div class=\"elementor-post__meta-data\">\n\t\t\t\t\t<span class=\"elementor-post-date\">\n\t\t\t8. December 2023\t\t<\/span>\n\t\t\t\t<\/div>\n\t\t\t\t<div class=\"elementor-post__excerpt\">\n\t\t\t<p>\u00dcber 600 Zuschauer*innen waren am 07.12.2024 beim Vortrag von Volker Quaschning im Carl-von-Linde-H\u00f6rsaal der TU M\u00fcnchen und online dabei.<\/p>\t\t<\/div>\n\t\t\n\t\t<a class=\"elementor-post__read-more\" href=\"https:\/\/www.protect-the-planet.de\/en\/energiewende-jetzt-prof-dr-volker-quaschning-in-muenchen\/\" aria-label=\"Read more about Energiewende \u2013 jetzt! Prof. Dr. Volker Quaschning in M\u00fcnchen\" tabindex=\"-1\" target=\"_blank\">\n\t\t\tWeiterlesen \u00bb\t\t<\/a>\n\n\t\t\t\t<\/div>\n\t\t\t\t<\/article>\n\t\t\t\t<article class=\"elementor-post elementor-grid-item post-25517 post type-post status-publish format-standard has-post-thumbnail hentry category-news\" role=\"listitem\">\n\t\t\t\t<a class=\"elementor-post__thumbnail__link\" href=\"https:\/\/www.protect-the-planet.de\/en\/klima-vortraege-das-war-unsere-veranstaltungsreihe-2023\/\" tabindex=\"-1\" target=&quot;_blank&quot;>\n\t\t\t<div class=\"elementor-post__thumbnail\"><img loading=\"lazy\" decoding=\"async\" width=\"300\" height=\"188\" src=\"https:\/\/www.protect-the-planet.de\/wp-content\/uploads\/2024\/03\/beitragsbild-events-rueckblick-2023-300x188.jpg\" class=\"attachment-medium size-medium wp-image-25322\" alt=\"\" srcset=\"https:\/\/www.protect-the-planet.de\/wp-content\/uploads\/2024\/03\/beitragsbild-events-rueckblick-2023-300x188.jpg 300w, https:\/\/www.protect-the-planet.de\/wp-content\/uploads\/2024\/03\/beitragsbild-events-rueckblick-2023-768x480.jpg 768w, https:\/\/www.protect-the-planet.de\/wp-content\/uploads\/2024\/03\/beitragsbild-events-rueckblick-2023.jpg 800w\" sizes=\"(max-width: 300px) 100vw, 300px\" \/><\/div>\n\t\t<\/a>\n\t\t\t\t<div class=\"elementor-post__text\">\n\t\t\t\t<h3 class=\"elementor-post__title\">\n\t\t\t<a href=\"https:\/\/www.protect-the-planet.de\/en\/klima-vortraege-das-war-unsere-veranstaltungsreihe-2023\/\" target=&quot;_blank&quot;>\n\t\t\t\tKlima-Vortr\u00e4ge: Das war unsere Veranstaltungsreihe 2023\t\t\t<\/a>\n\t\t<\/h3>\n\t\t\t\t<div class=\"elementor-post__meta-data\">\n\t\t\t\t\t<span class=\"elementor-post-date\">\n\t\t\t18. January 2024\t\t<\/span>\n\t\t\t\t<\/div>\n\t\t\t\t<div class=\"elementor-post__excerpt\">\n\t\t\t<p>\u00dcber 30 Veranstaltungen mit \u00fcber 4000 Teilnehmer*innen: Das waren unsere Veranstaltungsreihe mit Klima-Vortr\u00e4gen 2023.<\/p>\t\t<\/div>\n\t\t\n\t\t<a class=\"elementor-post__read-more\" href=\"https:\/\/www.protect-the-planet.de\/en\/klima-vortraege-das-war-unsere-veranstaltungsreihe-2023\/\" aria-label=\"Read more about Klima-Vortr\u00e4ge: Das war unsere Veranstaltungsreihe 2023\" tabindex=\"-1\" target=\"_blank\">\n\t\t\tWeiterlesen \u00bb\t\t<\/a>\n\n\t\t\t\t<\/div>\n\t\t\t\t<\/article>\n\t\t\t\t<\/div>\n\t\t\n\t\t\t\t\t\t<\/div>\n\t\t\t\t<\/div>\n\t\t\t\t<div class=\"elementor-element elementor-element-733a58e elementor-widget-divider--view-line elementor-widget elementor-widget-divider\" data-id=\"733a58e\" data-element_type=\"widget\" data-e-type=\"widget\" data-widget_type=\"divider.default\">\n\t\t\t\t<div class=\"elementor-widget-container\">\n\t\t\t\t\t\t\t<div class=\"elementor-divider\">\n\t\t\t<span class=\"elementor-divider-separator\">\n\t\t\t\t\t\t<\/span>\n\t\t<\/div>\n\t\t\t\t\t\t<\/div>\n\t\t\t\t<\/div>\n\t\t\t\t<div class=\"elementor-element elementor-element-2547b47 elementor-widget elementor-widget-text-editor\" data-id=\"2547b47\" data-element_type=\"widget\" data-e-type=\"widget\" data-widget_type=\"text-editor.default\">\n\t\t\t\t<div class=\"elementor-widget-container\">\n\t\t\t\t\t\t\t\t\t<p><img loading=\"lazy\" decoding=\"async\" class=\" wp-image-23347\" src=\"https:\/\/www.protect-the-planet.de\/wp-content\/uploads\/2023\/11\/unternehmen-klimaschutz-2-300x130.jpg\" alt=\"Banner &quot;Wo Recht zu Unrecht wird, wird Widerstand zur Pflicht&quot; vor Kohlegrube\" width=\"612\" height=\"265\" srcset=\"https:\/\/www.protect-the-planet.de\/wp-content\/uploads\/2023\/11\/unternehmen-klimaschutz-2-300x130.jpg 300w, https:\/\/www.protect-the-planet.de\/wp-content\/uploads\/2023\/11\/unternehmen-klimaschutz-2-768x333.jpg 768w, https:\/\/www.protect-the-planet.de\/wp-content\/uploads\/2023\/11\/unternehmen-klimaschutz-2.jpg 1024w\" sizes=\"(max-width: 612px) 100vw, 612px\" \/><\/p><h3><strong>Unternehmen Klimaschutz<\/strong><\/h3><p>Anfang 2023 waren alle Augen auf L\u00fctzerath gerichtet. Die Klimabewegung kam dort zu gro\u00dfen und vielf\u00e4ltigen Protesten gegen die fossile Industrie zusammen. Unser Aktionsb\u00fcndnis <a href=\"https:\/\/www.unternehmenklimaschutz.de\/\">Unternehmen Klimaschutz<\/a> \u2013 ein Zusammenschluss klimabewegter Unternehmer*innen und Unternehmen \u2013 <a href=\"https:\/\/www.protect-the-planet.de\/unternehmenklimaschutz-unternehmen-fordern-nachhaltige-energie\">protestierte vor diesem Hintergrund erneut vor Ort<\/a> und ver\u00f6ffentlichte im M\u00e4rz 2023 in der ZEIT eine gemeinsame Anzeige mit der \u00dcberschrift &#8220;<a href=\"https:\/\/www.protect-the-planet.de\/die-kohle-unter-luetzerath-muss-im-boden-bleiben\/\">Lasst die Kohle im Boden!<\/a>&#8220;<\/p><p>Au\u00dferdem haben wir eine <a href=\"https:\/\/www.protect-the-planet.de\/petition-moratorium-luetzerath\/\">Petition f\u00fcr ein Moratorium f\u00fcr L\u00fctzerath<\/a> gestartet und \u00fcber 60.000 Unterschriften gesammelt, die im Mai bei der RWE-Hauptversammlung <a href=\"https:\/\/www.protect-the-planet.de\/uebergabe-petition-rwe\/\">an Europas zweitgr\u00f6\u00dften CO<span class=\"BxUVEf ILfuVd\" lang=\"de\"><span class=\"hgKElc\"><sub>2<\/sub><\/span><\/span>-Emittenten \u00fcbergeben<\/a> wurden.<\/p><p>L\u00fctzerath steht nicht mehr, aber dennoch wurde deutlich, dass die Klimabewegung stark ist, wenn sie zusammensteht.<\/p>\t\t\t\t\t\t\t\t<\/div>\n\t\t\t\t<\/div>\n\t\t\t\t<div class=\"elementor-element elementor-element-668bae6 elementor-grid-3 elementor-grid-tablet-2 elementor-grid-mobile-1 elementor-posts--thumbnail-top elementor-widget elementor-widget-posts\" data-id=\"668bae6\" data-element_type=\"widget\" data-e-type=\"widget\" data-settings=\"{&quot;classic_columns&quot;:&quot;3&quot;,&quot;classic_columns_tablet&quot;:&quot;2&quot;,&quot;classic_columns_mobile&quot;:&quot;1&quot;,&quot;classic_row_gap&quot;:{&quot;unit&quot;:&quot;px&quot;,&quot;size&quot;:35,&quot;sizes&quot;:[]},&quot;classic_row_gap_tablet&quot;:{&quot;unit&quot;:&quot;px&quot;,&quot;size&quot;:&quot;&quot;,&quot;sizes&quot;:[]},&quot;classic_row_gap_mobile&quot;:{&quot;unit&quot;:&quot;px&quot;,&quot;size&quot;:&quot;&quot;,&quot;sizes&quot;:[]}}\" data-widget_type=\"posts.classic\">\n\t\t\t\t<div class=\"elementor-widget-container\">\n\t\t\t\t\t\t\t<div class=\"elementor-posts-container elementor-posts elementor-posts--skin-classic elementor-grid\" role=\"list\">\n\t\t\t\t<article class=\"elementor-post elementor-grid-item post-22947 post type-post status-publish format-standard has-post-thumbnail hentry category-news category-pressemitteilungen-en tag-klimaschutz-en tag-luetzerath-en tag-luetzerath-bleibt-en\" role=\"listitem\">\n\t\t\t\t<a class=\"elementor-post__thumbnail__link\" href=\"https:\/\/www.protect-the-planet.de\/en\/petition-moratorium-luetzerath\/\" tabindex=\"-1\" target=&quot;_blank&quot;>\n\t\t\t<div class=\"elementor-post__thumbnail\"><img loading=\"lazy\" decoding=\"async\" width=\"300\" height=\"188\" src=\"https:\/\/www.protect-the-planet.de\/wp-content\/uploads\/2023\/01\/beitragsbild-luetzerath-moratorium-300x188.png\" class=\"attachment-medium size-medium wp-image-21822\" alt=\"\" srcset=\"https:\/\/www.protect-the-planet.de\/wp-content\/uploads\/2023\/01\/beitragsbild-luetzerath-moratorium-300x188.png 300w, https:\/\/www.protect-the-planet.de\/wp-content\/uploads\/2023\/01\/beitragsbild-luetzerath-moratorium-768x480.png 768w, https:\/\/www.protect-the-planet.de\/wp-content\/uploads\/2023\/01\/beitragsbild-luetzerath-moratorium.png 800w\" sizes=\"(max-width: 300px) 100vw, 300px\" \/><\/div>\n\t\t<\/a>\n\t\t\t\t<div class=\"elementor-post__text\">\n\t\t\t\t<h3 class=\"elementor-post__title\">\n\t\t\t<a href=\"https:\/\/www.protect-the-planet.de\/en\/petition-moratorium-luetzerath\/\" target=&quot;_blank&quot;>\n\t\t\t\tProtect the Planet sammelt 50.000 Unterschriften in 48 Stunden f\u00fcr ein Moratorium f\u00fcr L\u00fctzerath\t\t\t<\/a>\n\t\t<\/h3>\n\t\t\t\t<div class=\"elementor-post__meta-data\">\n\t\t\t\t\t<span class=\"elementor-post-date\">\n\t\t\t16. January 2023\t\t<\/span>\n\t\t\t\t<\/div>\n\t\t\t\t<div class=\"elementor-post__excerpt\">\n\t\t\t<p>Prominente, Umweltverb\u00e4nde, Wirtschaftsvertreter, Kirchen und Zivilgesellschaft fordern sofortiges Moratorium in L\u00fctzerath!<\/p>\t\t<\/div>\n\t\t\n\t\t<a class=\"elementor-post__read-more\" href=\"https:\/\/www.protect-the-planet.de\/en\/petition-moratorium-luetzerath\/\" aria-label=\"Read more about Protect the Planet sammelt 50.000 Unterschriften in 48 Stunden f\u00fcr ein Moratorium f\u00fcr L\u00fctzerath\" tabindex=\"-1\" target=\"_blank\">\n\t\t\tWeiterlesen \u00bb\t\t<\/a>\n\n\t\t\t\t<\/div>\n\t\t\t\t<\/article>\n\t\t\t\t<article class=\"elementor-post elementor-grid-item post-22945 post type-post status-publish format-standard has-post-thumbnail hentry category-news tag-unternehmenklimaschutz-en tag-klimaschutz-en tag-luetzerath-en\" role=\"listitem\">\n\t\t\t\t<a class=\"elementor-post__thumbnail__link\" href=\"https:\/\/www.protect-the-planet.de\/en\/unternehmenklimaschutz-unternehmen-fordern-nachhaltige-energie\/\" tabindex=\"-1\" target=&quot;_blank&quot;>\n\t\t\t<div class=\"elementor-post__thumbnail\"><img loading=\"lazy\" decoding=\"async\" width=\"300\" height=\"200\" src=\"https:\/\/www.protect-the-planet.de\/wp-content\/uploads\/2023\/01\/beitragsbild-unternehmen-klimaschutz-300x200.jpeg\" class=\"attachment-medium size-medium wp-image-21858\" alt=\"\" srcset=\"https:\/\/www.protect-the-planet.de\/wp-content\/uploads\/2023\/01\/beitragsbild-unternehmen-klimaschutz-300x200.jpeg 300w, https:\/\/www.protect-the-planet.de\/wp-content\/uploads\/2023\/01\/beitragsbild-unternehmen-klimaschutz-1024x682.jpeg 1024w, https:\/\/www.protect-the-planet.de\/wp-content\/uploads\/2023\/01\/beitragsbild-unternehmen-klimaschutz-768x512.jpeg 768w, https:\/\/www.protect-the-planet.de\/wp-content\/uploads\/2023\/01\/beitragsbild-unternehmen-klimaschutz.jpeg 1280w\" sizes=\"(max-width: 300px) 100vw, 300px\" \/><\/div>\n\t\t<\/a>\n\t\t\t\t<div class=\"elementor-post__text\">\n\t\t\t\t<h3 class=\"elementor-post__title\">\n\t\t\t<a href=\"https:\/\/www.protect-the-planet.de\/en\/unternehmenklimaschutz-unternehmen-fordern-nachhaltige-energie\/\" target=&quot;_blank&quot;>\n\t\t\t\t#UnternehmenKlimaschutz: Unternehmen fordern nachhaltige Energie\t\t\t<\/a>\n\t\t<\/h3>\n\t\t\t\t<div class=\"elementor-post__meta-data\">\n\t\t\t\t\t<span class=\"elementor-post-date\">\n\t\t\t19. January 2023\t\t<\/span>\n\t\t\t\t<\/div>\n\t\t\t\t<div class=\"elementor-post__excerpt\">\n\t\t\t<p>L\u00fctzerath, 18.01.2023 &#8211; In einem neuen B\u00fcndnis unterst\u00fctzen neun Unternehmen aus der \u00d6kostrom- und nachhaltigen Dienstleistungsbranche die Klimaproteste rund um\t\t<\/div>\n\t\t\n\t\t<a class=\"elementor-post__read-more\" href=\"https:\/\/www.protect-the-planet.de\/en\/unternehmenklimaschutz-unternehmen-fordern-nachhaltige-energie\/\" aria-label=\"Read more about #UnternehmenKlimaschutz: Unternehmen fordern nachhaltige Energie\" tabindex=\"-1\" target=\"_blank\">\n\t\t\tWeiterlesen \u00bb\t\t<\/a>\n\n\t\t\t\t<\/div>\n\t\t\t\t<\/article>\n\t\t\t\t<article class=\"elementor-post elementor-grid-item post-22678 post type-post status-publish format-standard has-post-thumbnail hentry category-news\" role=\"listitem\">\n\t\t\t\t<a class=\"elementor-post__thumbnail__link\" href=\"https:\/\/www.protect-the-planet.de\/en\/die-kohle-unter-luetzerath-muss-im-boden-bleiben\/\" tabindex=\"-1\" target=&quot;_blank&quot;>\n\t\t\t<div class=\"elementor-post__thumbnail\"><img loading=\"lazy\" decoding=\"async\" width=\"300\" height=\"188\" src=\"https:\/\/www.protect-the-planet.de\/wp-content\/uploads\/2023\/03\/beitragsbild-luetzerath-update-300x188.png\" class=\"attachment-medium size-medium wp-image-21857\" alt=\"\" srcset=\"https:\/\/www.protect-the-planet.de\/wp-content\/uploads\/2023\/03\/beitragsbild-luetzerath-update-300x188.png 300w, https:\/\/www.protect-the-planet.de\/wp-content\/uploads\/2023\/03\/beitragsbild-luetzerath-update-768x480.png 768w, https:\/\/www.protect-the-planet.de\/wp-content\/uploads\/2023\/03\/beitragsbild-luetzerath-update.png 800w\" sizes=\"(max-width: 300px) 100vw, 300px\" \/><\/div>\n\t\t<\/a>\n\t\t\t\t<div class=\"elementor-post__text\">\n\t\t\t\t<h3 class=\"elementor-post__title\">\n\t\t\t<a href=\"https:\/\/www.protect-the-planet.de\/en\/die-kohle-unter-luetzerath-muss-im-boden-bleiben\/\" target=&quot;_blank&quot;>\n\t\t\t\tDie Kohle unter L\u00fctzerath muss im Boden bleiben!\t\t\t<\/a>\n\t\t<\/h3>\n\t\t\t\t<div class=\"elementor-post__meta-data\">\n\t\t\t\t\t<span class=\"elementor-post-date\">\n\t\t\t15. March 2023\t\t<\/span>\n\t\t\t\t<\/div>\n\t\t\t\t<div class=\"elementor-post__excerpt\">\n\t\t\t<p>Im Januar haben wir in L\u00fctzerath mit dem B\u00fcndnis \u201eUnternehmen Klimaschutz\u201c demonstriert, eine sehr erfolgreiche Petition gestartet und gefordert, die\t\t<\/div>\n\t\t\n\t\t<a class=\"elementor-post__read-more\" href=\"https:\/\/www.protect-the-planet.de\/en\/die-kohle-unter-luetzerath-muss-im-boden-bleiben\/\" aria-label=\"Read more about Die Kohle unter L\u00fctzerath muss im Boden bleiben!\" tabindex=\"-1\" target=\"_blank\">\n\t\t\tWeiterlesen \u00bb\t\t<\/a>\n\n\t\t\t\t<\/div>\n\t\t\t\t<\/article>\n\t\t\t\t<article class=\"elementor-post elementor-grid-item post-22673 post type-post status-publish format-standard has-post-thumbnail hentry category-news tag-emissionen-en tag-hauptversammlung-en tag-klimakatastrophe-en tag-klimakrise-en tag-lng-en tag-luetzerath-en tag-petition-en tag-rwe-en\" role=\"listitem\">\n\t\t\t\t<a class=\"elementor-post__thumbnail__link\" href=\"https:\/\/www.protect-the-planet.de\/en\/uebergabe-petition-rwe\/\" tabindex=\"-1\" target=&quot;_blank&quot;>\n\t\t\t<div class=\"elementor-post__thumbnail\"><img loading=\"lazy\" decoding=\"async\" width=\"300\" height=\"169\" src=\"https:\/\/www.protect-the-planet.de\/wp-content\/uploads\/2023\/05\/beitragsbild-uebergabe-petition-rwe-1-300x169.jpg\" class=\"attachment-medium size-medium wp-image-21820\" alt=\"\" srcset=\"https:\/\/www.protect-the-planet.de\/wp-content\/uploads\/2023\/05\/beitragsbild-uebergabe-petition-rwe-1-300x169.jpg 300w, https:\/\/www.protect-the-planet.de\/wp-content\/uploads\/2023\/05\/beitragsbild-uebergabe-petition-rwe-1-1024x577.jpg 1024w, https:\/\/www.protect-the-planet.de\/wp-content\/uploads\/2023\/05\/beitragsbild-uebergabe-petition-rwe-1-768x433.jpg 768w, https:\/\/www.protect-the-planet.de\/wp-content\/uploads\/2023\/05\/beitragsbild-uebergabe-petition-rwe-1-1536x866.jpg 1536w, https:\/\/www.protect-the-planet.de\/wp-content\/uploads\/2023\/05\/beitragsbild-uebergabe-petition-rwe-1-1320x744.jpg 1320w, https:\/\/www.protect-the-planet.de\/wp-content\/uploads\/2023\/05\/beitragsbild-uebergabe-petition-rwe-1.jpg 1917w\" sizes=\"(max-width: 300px) 100vw, 300px\" \/><\/div>\n\t\t<\/a>\n\t\t\t\t<div class=\"elementor-post__text\">\n\t\t\t\t<h3 class=\"elementor-post__title\">\n\t\t\t<a href=\"https:\/\/www.protect-the-planet.de\/en\/uebergabe-petition-rwe\/\" target=&quot;_blank&quot;>\n\t\t\t\tSymbolische \u00dcbergabe von \u00fcber 60.000 Unterschriften an RWE\t\t\t<\/a>\n\t\t<\/h3>\n\t\t\t\t<div class=\"elementor-post__meta-data\">\n\t\t\t\t\t<span class=\"elementor-post-date\">\n\t\t\t4. May 2023\t\t<\/span>\n\t\t\t\t<\/div>\n\t\t\t\t<div class=\"elementor-post__excerpt\">\n\t\t\t<p>Heute wurden die \u00fcber 60.000 Unterschriften, die wir im Januar f\u00fcr ein Moratorium f\u00fcr L\u00fctzerath gesammelt hatten, symbolisch auf der\t\t<\/div>\n\t\t\n\t\t<a class=\"elementor-post__read-more\" href=\"https:\/\/www.protect-the-planet.de\/en\/uebergabe-petition-rwe\/\" aria-label=\"Read more about Symbolische \u00dcbergabe von \u00fcber 60.000 Unterschriften an RWE\" tabindex=\"-1\" target=\"_blank\">\n\t\t\tWeiterlesen \u00bb\t\t<\/a>\n\n\t\t\t\t<\/div>\n\t\t\t\t<\/article>\n\t\t\t\t<\/div>\n\t\t\n\t\t\t\t\t\t<\/div>\n\t\t\t\t<\/div>\n\t\t\t\t<div class=\"elementor-element elementor-element-d00e5ff elementor-widget-divider--view-line elementor-widget elementor-widget-divider\" data-id=\"d00e5ff\" data-element_type=\"widget\" data-e-type=\"widget\" data-widget_type=\"divider.default\">\n\t\t\t\t<div class=\"elementor-widget-container\">\n\t\t\t\t\t\t\t<div class=\"elementor-divider\">\n\t\t\t<span class=\"elementor-divider-separator\">\n\t\t\t\t\t\t<\/span>\n\t\t<\/div>\n\t\t\t\t\t\t<\/div>\n\t\t\t\t<\/div>\n\t\t\t\t<div class=\"elementor-element elementor-element-48da059 elementor-widget elementor-widget-text-editor\" data-id=\"48da059\" data-element_type=\"widget\" data-e-type=\"widget\" data-widget_type=\"text-editor.default\">\n\t\t\t\t<div class=\"elementor-widget-container\">\n\t\t\t\t\t\t\t\t\t<p><img loading=\"lazy\" decoding=\"async\" class=\" wp-image-23368\" src=\"https:\/\/www.protect-the-planet.de\/wp-content\/uploads\/2023\/11\/kontakt-300x130.jpg\" alt=\"PtP Team und Beirat sitzen an einem runden Tisch\" width=\"607\" height=\"263\" srcset=\"https:\/\/www.protect-the-planet.de\/wp-content\/uploads\/2023\/11\/kontakt-300x130.jpg 300w, https:\/\/www.protect-the-planet.de\/wp-content\/uploads\/2023\/11\/kontakt-768x333.jpg 768w, https:\/\/www.protect-the-planet.de\/wp-content\/uploads\/2023\/11\/kontakt.jpg 1024w\" sizes=\"(max-width: 607px) 100vw, 607px\" \/><\/p><h3><strong>Klima-Netzwerk<\/strong><\/h3><p>Das Netzwerken ist in unserer DNA und mit unseren starken Partner*innen waren wir auch im letzten Jahr aktiv in Sachen Klimaschutz. Von Petitionen wie der <a href=\"https:\/\/www.protect-the-planet.de\/petition-balkon-solar\/\">Petition Balkon Solar<\/a> und offenen Verb\u00e4ndebriefen \u00fcber gemeinsame Kampagnen wie dem &#8220;<a href=\"https:\/\/www.protect-the-planet.de\/tag-der-klimademokratie\/\">Tag der Klimademokratie<\/a>&#8221; oder &#8220;<a href=\"https:\/\/www.protect-the-planet.de\/tempolimit-update\/\">Tempolimit jetzt<\/a>&#8221; bis hin zur Aktion &#8220;<a href=\"https:\/\/www.protect-the-planet.de\/klimageld\/\">Klimageld jetzt<\/a>&#8221; \u2013 in unserem Netzwerk war 2023 einiges los! Nicht zuletzt waren wir nat\u00fcrlich auch bei den <a href=\"https:\/\/www.protect-the-planet.de\/protect-the-planet-beim-globalen-klimastreik-am-15-09-2023\/\">Klimastreiks<\/a> dabei.<\/p><p>Seit 2023 sind wir au\u00dferdem Mitglied bei <a href=\"https:\/\/www.protect-the-planet.de\/wir-sind-mitglied-bei-beyond-fossil-fuels\/\">Beyond Fossil Fuels<\/a>, beim <a href=\"https:\/\/www.protect-the-planet.de\/wir-sind-mitglied-beim-climate-action-network-europe\/\">Climate Action Network Europe<\/a> und beim <a href=\"https:\/\/www.protect-the-planet.de\/mitglied-bundesverband-nachhaltige-wirtschaft\/\">Bundesverband Nachhaltige Wirtschaft e.V. <\/a><\/p>\t\t\t\t\t\t\t\t<\/div>\n\t\t\t\t<\/div>\n\t\t\t\t<div class=\"elementor-element elementor-element-a90e939 elementor-grid-3 elementor-grid-tablet-2 elementor-grid-mobile-1 elementor-posts--thumbnail-top elementor-widget elementor-widget-posts\" data-id=\"a90e939\" data-element_type=\"widget\" data-e-type=\"widget\" data-settings=\"{&quot;classic_columns&quot;:&quot;3&quot;,&quot;classic_columns_tablet&quot;:&quot;2&quot;,&quot;classic_columns_mobile&quot;:&quot;1&quot;,&quot;classic_row_gap&quot;:{&quot;unit&quot;:&quot;px&quot;,&quot;size&quot;:35,&quot;sizes&quot;:[]},&quot;classic_row_gap_tablet&quot;:{&quot;unit&quot;:&quot;px&quot;,&quot;size&quot;:&quot;&quot;,&quot;sizes&quot;:[]},&quot;classic_row_gap_mobile&quot;:{&quot;unit&quot;:&quot;px&quot;,&quot;size&quot;:&quot;&quot;,&quot;sizes&quot;:[]}}\" data-widget_type=\"posts.classic\">\n\t\t\t\t<div class=\"elementor-widget-container\">\n\t\t\t\t\t\t\t<div class=\"elementor-posts-container elementor-posts elementor-posts--skin-classic elementor-grid\" role=\"list\">\n\t\t\t\t<article class=\"elementor-post elementor-grid-item post-22677 post type-post status-publish format-standard has-post-thumbnail hentry category-news tag-co2-en tag-emissionen-en tag-tempolimit-en tag-verkehr-en\" role=\"listitem\">\n\t\t\t\t<a class=\"elementor-post__thumbnail__link\" href=\"https:\/\/www.protect-the-planet.de\/en\/tempolimit-update\/\" tabindex=\"-1\" target=&quot;_blank&quot;>\n\t\t\t<div class=\"elementor-post__thumbnail\"><img loading=\"lazy\" decoding=\"async\" width=\"300\" height=\"188\" src=\"https:\/\/www.protect-the-planet.de\/wp-content\/uploads\/2023\/03\/beitragsbild-alle-fuers-tempolimit-update-300x188.png\" class=\"attachment-medium size-medium wp-image-21825\" alt=\"\" srcset=\"https:\/\/www.protect-the-planet.de\/wp-content\/uploads\/2023\/03\/beitragsbild-alle-fuers-tempolimit-update-300x188.png 300w, https:\/\/www.protect-the-planet.de\/wp-content\/uploads\/2023\/03\/beitragsbild-alle-fuers-tempolimit-update-768x480.png 768w, https:\/\/www.protect-the-planet.de\/wp-content\/uploads\/2023\/03\/beitragsbild-alle-fuers-tempolimit-update.png 800w\" sizes=\"(max-width: 300px) 100vw, 300px\" \/><\/div>\n\t\t<\/a>\n\t\t\t\t<div class=\"elementor-post__text\">\n\t\t\t\t<h3 class=\"elementor-post__title\">\n\t\t\t<a href=\"https:\/\/www.protect-the-planet.de\/en\/tempolimit-update\/\" target=&quot;_blank&quot;>\n\t\t\t\tTempolimit jetzt: Verkehrssektor emittierte 2022 mehr CO2 als erlaubt\t\t\t<\/a>\n\t\t<\/h3>\n\t\t\t\t<div class=\"elementor-post__meta-data\">\n\t\t\t\t\t<span class=\"elementor-post-date\">\n\t\t\t15. March 2023\t\t<\/span>\n\t\t\t\t<\/div>\n\t\t\t\t<div class=\"elementor-post__excerpt\">\n\t\t\t<p>Gemeinsam mit vielen anderen Initiativen fordern wir mit der Kampagne &#8220;Alle f\u00fcrs Tempolimit&#8221; ein sofortiges Tempolimit.<\/p>\t\t<\/div>\n\t\t\n\t\t<a class=\"elementor-post__read-more\" href=\"https:\/\/www.protect-the-planet.de\/en\/tempolimit-update\/\" aria-label=\"Read more about Tempolimit jetzt: Verkehrssektor emittierte 2022 mehr CO2 als erlaubt\" tabindex=\"-1\" target=\"_blank\">\n\t\t\tWeiterlesen \u00bb\t\t<\/a>\n\n\t\t\t\t<\/div>\n\t\t\t\t<\/article>\n\t\t\t\t<article class=\"elementor-post elementor-grid-item post-22676 post type-post status-publish format-standard has-post-thumbnail hentry category-news tag-emissionen-en tag-ipcc-en tag-klimakatastrophe-en tag-klimakrise-en tag-klimaziele-en tag-offener-brief-en\" role=\"listitem\">\n\t\t\t\t<a class=\"elementor-post__thumbnail__link\" href=\"https:\/\/www.protect-the-planet.de\/en\/offener-brief-unsere-generation\/\" tabindex=\"-1\" target=&quot;_blank&quot;>\n\t\t\t<div class=\"elementor-post__thumbnail\"><img loading=\"lazy\" decoding=\"async\" width=\"300\" height=\"188\" src=\"https:\/\/www.protect-the-planet.de\/wp-content\/uploads\/2023\/04\/beitragsbild-unsere-generation-unser-job-300x188.png\" class=\"attachment-medium size-medium wp-image-21856\" alt=\"\" srcset=\"https:\/\/www.protect-the-planet.de\/wp-content\/uploads\/2023\/04\/beitragsbild-unsere-generation-unser-job-300x188.png 300w, https:\/\/www.protect-the-planet.de\/wp-content\/uploads\/2023\/04\/beitragsbild-unsere-generation-unser-job-768x480.png 768w, https:\/\/www.protect-the-planet.de\/wp-content\/uploads\/2023\/04\/beitragsbild-unsere-generation-unser-job.png 800w\" sizes=\"(max-width: 300px) 100vw, 300px\" \/><\/div>\n\t\t<\/a>\n\t\t\t\t<div class=\"elementor-post__text\">\n\t\t\t\t<h3 class=\"elementor-post__title\">\n\t\t\t<a href=\"https:\/\/www.protect-the-planet.de\/en\/offener-brief-unsere-generation\/\" target=&quot;_blank&quot;>\n\t\t\t\tOffener Brief #UnsereGenerationUnserJob zur gemeinsamen klimapolitischen Generationen-Verantwortung\t\t\t<\/a>\n\t\t<\/h3>\n\t\t\t\t<div class=\"elementor-post__meta-data\">\n\t\t\t\t\t<span class=\"elementor-post-date\">\n\t\t\t6. April 2023\t\t<\/span>\n\t\t\t\t<\/div>\n\t\t\t\t<div class=\"elementor-post__excerpt\">\n\t\t\t<p>\u00dcber 400 Politiker*innen, Prominente, Wissenschaftler*innen und Intellektuelle aus NGOs, Kultur, Religionen und Wirtschaft haben heute ihren Offenen Brief an Bundeskanzler,\t\t<\/div>\n\t\t\n\t\t<a class=\"elementor-post__read-more\" href=\"https:\/\/www.protect-the-planet.de\/en\/offener-brief-unsere-generation\/\" aria-label=\"Read more about Offener Brief #UnsereGenerationUnserJob zur gemeinsamen klimapolitischen Generationen-Verantwortung\" tabindex=\"-1\" target=\"_blank\">\n\t\t\tWeiterlesen \u00bb\t\t<\/a>\n\n\t\t\t\t<\/div>\n\t\t\t\t<\/article>\n\t\t\t\t<article class=\"elementor-post elementor-grid-item post-22672 post type-post status-publish format-standard has-post-thumbnail hentry category-news tag-emissionen-en tag-hauptversammlung-en tag-klimakatastrophe-en tag-klimakrise-en tag-lng-en tag-luetzerath-en tag-petition-en tag-rwe-en\" role=\"listitem\">\n\t\t\t\t<a class=\"elementor-post__thumbnail__link\" href=\"https:\/\/www.protect-the-planet.de\/en\/petition-balkon-solar\/\" tabindex=\"-1\" target=&quot;_blank&quot;>\n\t\t\t<div class=\"elementor-post__thumbnail\"><img loading=\"lazy\" decoding=\"async\" width=\"300\" height=\"188\" src=\"https:\/\/www.protect-the-planet.de\/wp-content\/uploads\/2023\/05\/beitragsbild-petition-balkon-solar-300x188.jpg\" class=\"attachment-medium size-medium wp-image-21787\" alt=\"\" srcset=\"https:\/\/www.protect-the-planet.de\/wp-content\/uploads\/2023\/05\/beitragsbild-petition-balkon-solar-300x188.jpg 300w, https:\/\/www.protect-the-planet.de\/wp-content\/uploads\/2023\/05\/beitragsbild-petition-balkon-solar-768x480.jpg 768w, https:\/\/www.protect-the-planet.de\/wp-content\/uploads\/2023\/05\/beitragsbild-petition-balkon-solar.jpg 800w\" sizes=\"(max-width: 300px) 100vw, 300px\" \/><\/div>\n\t\t<\/a>\n\t\t\t\t<div class=\"elementor-post__text\">\n\t\t\t\t<h3 class=\"elementor-post__title\">\n\t\t\t<a href=\"https:\/\/www.protect-the-planet.de\/en\/petition-balkon-solar\/\" target=&quot;_blank&quot;>\n\t\t\t\t#PetitionBalkonSolar knackt 100.000 Unterschriften und wird im Petitionsausschuss im Bundestag behandelt\t\t\t<\/a>\n\t\t<\/h3>\n\t\t\t\t<div class=\"elementor-post__meta-data\">\n\t\t\t\t\t<span class=\"elementor-post-date\">\n\t\t\t11. May 2023\t\t<\/span>\n\t\t\t\t<\/div>\n\t\t\t\t<div class=\"elementor-post__excerpt\">\n\t\t\t<p>Vor wenigen Wochen hat ein breites B\u00fcndnis von Akteur*innen um den bekannten YouTuber Andreas Schmitz eine Petition zum Abbau von\t\t<\/div>\n\t\t\n\t\t<a class=\"elementor-post__read-more\" href=\"https:\/\/www.protect-the-planet.de\/en\/petition-balkon-solar\/\" aria-label=\"Read more about #PetitionBalkonSolar knackt 100.000 Unterschriften und wird im Petitionsausschuss im Bundestag behandelt\" tabindex=\"-1\" target=\"_blank\">\n\t\t\tWeiterlesen \u00bb\t\t<\/a>\n\n\t\t\t\t<\/div>\n\t\t\t\t<\/article>\n\t\t\t\t<article class=\"elementor-post elementor-grid-item post-22670 post type-post status-publish format-standard has-post-thumbnail hentry category-news\" role=\"listitem\">\n\t\t\t\t<a class=\"elementor-post__thumbnail__link\" href=\"https:\/\/www.protect-the-planet.de\/en\/protect-the-planet-fordert-abschwaechung-des-klimaschutzgesetzes-muss-verhindert-werden\/\" tabindex=\"-1\" target=&quot;_blank&quot;>\n\t\t\t<div class=\"elementor-post__thumbnail\"><img loading=\"lazy\" decoding=\"async\" width=\"300\" height=\"188\" src=\"https:\/\/www.protect-the-planet.de\/wp-content\/uploads\/2023\/06\/beitragsbild-lex-wissing-300x188.png\" class=\"attachment-medium size-medium wp-image-21817\" alt=\"\" srcset=\"https:\/\/www.protect-the-planet.de\/wp-content\/uploads\/2023\/06\/beitragsbild-lex-wissing-300x188.png 300w, https:\/\/www.protect-the-planet.de\/wp-content\/uploads\/2023\/06\/beitragsbild-lex-wissing-768x480.png 768w, https:\/\/www.protect-the-planet.de\/wp-content\/uploads\/2023\/06\/beitragsbild-lex-wissing.png 800w\" sizes=\"(max-width: 300px) 100vw, 300px\" \/><\/div>\n\t\t<\/a>\n\t\t\t\t<div class=\"elementor-post__text\">\n\t\t\t\t<h3 class=\"elementor-post__title\">\n\t\t\t<a href=\"https:\/\/www.protect-the-planet.de\/en\/protect-the-planet-fordert-abschwaechung-des-klimaschutzgesetzes-muss-verhindert-werden\/\" target=&quot;_blank&quot;>\n\t\t\t\tProtect the Planet fordert: Abschw\u00e4chung des Klimaschutzgesetzes muss verhindert werden\t\t\t<\/a>\n\t\t<\/h3>\n\t\t\t\t<div class=\"elementor-post__meta-data\">\n\t\t\t\t\t<span class=\"elementor-post-date\">\n\t\t\t21. June 2023\t\t<\/span>\n\t\t\t\t<\/div>\n\t\t\t\t<div class=\"elementor-post__excerpt\">\n\t\t\t<p>Gemeinsam mit der Klima-Allianz Deutschland und 41 weiteren Organisationen fordern wir in einem Verb\u00e4ndepapier: Keine Lex Wissing. Das Klimaschutzgesetz darf\t\t<\/div>\n\t\t\n\t\t<a class=\"elementor-post__read-more\" href=\"https:\/\/www.protect-the-planet.de\/en\/protect-the-planet-fordert-abschwaechung-des-klimaschutzgesetzes-muss-verhindert-werden\/\" aria-label=\"Read more about Protect the Planet fordert: Abschw\u00e4chung des Klimaschutzgesetzes muss verhindert werden\" tabindex=\"-1\" target=\"_blank\">\n\t\t\tWeiterlesen \u00bb\t\t<\/a>\n\n\t\t\t\t<\/div>\n\t\t\t\t<\/article>\n\t\t\t\t<article class=\"elementor-post elementor-grid-item post-22663 post type-post status-publish format-standard has-post-thumbnail hentry category-news tag-appell-en tag-bundesregierung-en tag-expertenrat-en tag-klimaziele-en tag-sektorziele-en tag-verbaende-en\" role=\"listitem\">\n\t\t\t\t<a class=\"elementor-post__thumbnail__link\" href=\"https:\/\/www.protect-the-planet.de\/en\/verbaende-appell-klimaziele\/\" tabindex=\"-1\" target=&quot;_blank&quot;>\n\t\t\t<div class=\"elementor-post__thumbnail\"><img loading=\"lazy\" decoding=\"async\" width=\"300\" height=\"169\" src=\"https:\/\/www.protect-the-planet.de\/wp-content\/uploads\/2023\/08\/beitragsbild-verbaendeappell-300x169.png\" class=\"attachment-medium size-medium wp-image-21801\" alt=\"\" srcset=\"https:\/\/www.protect-the-planet.de\/wp-content\/uploads\/2023\/08\/beitragsbild-verbaendeappell-300x169.png 300w, https:\/\/www.protect-the-planet.de\/wp-content\/uploads\/2023\/08\/beitragsbild-verbaendeappell-768x432.png 768w, https:\/\/www.protect-the-planet.de\/wp-content\/uploads\/2023\/08\/beitragsbild-verbaendeappell.png 1000w\" sizes=\"(max-width: 300px) 100vw, 300px\" \/><\/div>\n\t\t<\/a>\n\t\t\t\t<div class=\"elementor-post__text\">\n\t\t\t\t<h3 class=\"elementor-post__title\">\n\t\t\t<a href=\"https:\/\/www.protect-the-planet.de\/en\/verbaende-appell-klimaziele\/\" target=&quot;_blank&quot;>\n\t\t\t\t42 Verb\u00e4nde fordern: Erreichung der Klimaziele bis 2030 sicherstellen!\t\t\t<\/a>\n\t\t<\/h3>\n\t\t\t\t<div class=\"elementor-post__meta-data\">\n\t\t\t\t\t<span class=\"elementor-post-date\">\n\t\t\t23. August 2023\t\t<\/span>\n\t\t\t\t<\/div>\n\t\t\t\t<div class=\"elementor-post__excerpt\">\n\t\t\t<p>In einem gemeinsamen Appell fordern wir mit 42 Verb\u00e4nden die Bundesregierung auf, sofort Ma\u00dfnahmen auf den Weg zu bringen, die\t\t<\/div>\n\t\t\n\t\t<a class=\"elementor-post__read-more\" href=\"https:\/\/www.protect-the-planet.de\/en\/verbaende-appell-klimaziele\/\" aria-label=\"Read more about 42 Verb\u00e4nde fordern: Erreichung der Klimaziele bis 2030 sicherstellen!\" tabindex=\"-1\" target=\"_blank\">\n\t\t\tWeiterlesen \u00bb\t\t<\/a>\n\n\t\t\t\t<\/div>\n\t\t\t\t<\/article>\n\t\t\t\t<article class=\"elementor-post elementor-grid-item post-25316 post type-post status-publish format-standard has-post-thumbnail hentry category-news\" role=\"listitem\">\n\t\t\t\t<a class=\"elementor-post__thumbnail__link\" href=\"https:\/\/www.protect-the-planet.de\/en\/wir-sind-mitglied-bei-beyond-fossil-fuels\/\" tabindex=\"-1\" target=&quot;_blank&quot;>\n\t\t\t<div class=\"elementor-post__thumbnail\"><img loading=\"lazy\" decoding=\"async\" width=\"300\" height=\"188\" src=\"https:\/\/www.protect-the-planet.de\/wp-content\/uploads\/2024\/03\/beitrag-beyond-fossil-fuels-300x188.jpg\" class=\"attachment-medium size-medium wp-image-25315\" alt=\"\" srcset=\"https:\/\/www.protect-the-planet.de\/wp-content\/uploads\/2024\/03\/beitrag-beyond-fossil-fuels-300x188.jpg 300w, https:\/\/www.protect-the-planet.de\/wp-content\/uploads\/2024\/03\/beitrag-beyond-fossil-fuels-768x480.jpg 768w, https:\/\/www.protect-the-planet.de\/wp-content\/uploads\/2024\/03\/beitrag-beyond-fossil-fuels.jpg 800w\" sizes=\"(max-width: 300px) 100vw, 300px\" \/><\/div>\n\t\t<\/a>\n\t\t\t\t<div class=\"elementor-post__text\">\n\t\t\t\t<h3 class=\"elementor-post__title\">\n\t\t\t<a href=\"https:\/\/www.protect-the-planet.de\/en\/wir-sind-mitglied-bei-beyond-fossil-fuels\/\" target=&quot;_blank&quot;>\n\t\t\t\tWir sind Mitglied bei \u201eBeyond Fossil Fuels\u201c\t\t\t<\/a>\n\t\t<\/h3>\n\t\t\t\t<div class=\"elementor-post__meta-data\">\n\t\t\t\t\t<span class=\"elementor-post-date\">\n\t\t\t18. September 2023\t\t<\/span>\n\t\t\t\t<\/div>\n\t\t\t\t<div class=\"elementor-post__excerpt\">\n\t\t\t<p>Wir sind Mitglied im Netzwerk &#8220;Beyond Fossil Fuels&#8221;, das \u00fcber 60 Organisationen f\u00fcr eine Zukunft ohne fossile Brennstoffe vereint. <\/p>\t\t<\/div>\n\t\t\n\t\t<a class=\"elementor-post__read-more\" href=\"https:\/\/www.protect-the-planet.de\/en\/wir-sind-mitglied-bei-beyond-fossil-fuels\/\" aria-label=\"Read more about Wir sind Mitglied bei \u201eBeyond Fossil Fuels\u201c\" tabindex=\"-1\" target=\"_blank\">\n\t\t\tWeiterlesen \u00bb\t\t<\/a>\n\n\t\t\t\t<\/div>\n\t\t\t\t<\/article>\n\t\t\t\t<article class=\"elementor-post elementor-grid-item post-22661 post type-post status-publish format-standard has-post-thumbnail hentry category-news tag-fridays-for-future-en tag-fridays-for-future-muenchen-fff-en tag-globaler-klimastreik-en tag-klimastreik-en tag-klimaziele-en\" role=\"listitem\">\n\t\t\t\t<a class=\"elementor-post__thumbnail__link\" href=\"https:\/\/www.protect-the-planet.de\/en\/protect-the-planet-beim-globalen-klimastreik-am-15-09-2023\/\" tabindex=\"-1\" target=&quot;_blank&quot;>\n\t\t\t<div class=\"elementor-post__thumbnail\"><img loading=\"lazy\" decoding=\"async\" width=\"300\" height=\"169\" src=\"https:\/\/www.protect-the-planet.de\/wp-content\/uploads\/2023\/09\/cr-Franz-Roemer-300x169.jpg\" class=\"attachment-medium size-medium wp-image-21945\" alt=\"\" srcset=\"https:\/\/www.protect-the-planet.de\/wp-content\/uploads\/2023\/09\/cr-Franz-Roemer-300x169.jpg 300w, https:\/\/www.protect-the-planet.de\/wp-content\/uploads\/2023\/09\/cr-Franz-Roemer-1024x576.jpg 1024w, https:\/\/www.protect-the-planet.de\/wp-content\/uploads\/2023\/09\/cr-Franz-Roemer-768x432.jpg 768w, https:\/\/www.protect-the-planet.de\/wp-content\/uploads\/2023\/09\/cr-Franz-Roemer-1536x864.jpg 1536w, https:\/\/www.protect-the-planet.de\/wp-content\/uploads\/2023\/09\/cr-Franz-Roemer-2048x1153.jpg 2048w, https:\/\/www.protect-the-planet.de\/wp-content\/uploads\/2023\/09\/cr-Franz-Roemer-1320x743.jpg 1320w\" sizes=\"(max-width: 300px) 100vw, 300px\" \/><\/div>\n\t\t<\/a>\n\t\t\t\t<div class=\"elementor-post__text\">\n\t\t\t\t<h3 class=\"elementor-post__title\">\n\t\t\t<a href=\"https:\/\/www.protect-the-planet.de\/en\/protect-the-planet-beim-globalen-klimastreik-am-15-09-2023\/\" target=&quot;_blank&quot;>\n\t\t\t\tProtect the Planet beim Globalen Klimastreik am 15.09.2023\t\t\t<\/a>\n\t\t<\/h3>\n\t\t\t\t<div class=\"elementor-post__meta-data\">\n\t\t\t\t\t<span class=\"elementor-post-date\">\n\t\t\t19. September 2023\t\t<\/span>\n\t\t\t\t<\/div>\n\t\t\t\t<div class=\"elementor-post__excerpt\">\n\t\t\t<p>Am Freitag, den 15. September gingen allein in Deutschland an \u00fcber 240 Orten im Rahmen des Globalen Klimastreiks Menschen f\u00fcr\t\t<\/div>\n\t\t\n\t\t<a class=\"elementor-post__read-more\" href=\"https:\/\/www.protect-the-planet.de\/en\/protect-the-planet-beim-globalen-klimastreik-am-15-09-2023\/\" aria-label=\"Read more about Protect the Planet beim Globalen Klimastreik am 15.09.2023\" tabindex=\"-1\" target=\"_blank\">\n\t\t\tWeiterlesen \u00bb\t\t<\/a>\n\n\t\t\t\t<\/div>\n\t\t\t\t<\/article>\n\t\t\t\t<article class=\"elementor-post elementor-grid-item post-22654 post type-post status-publish format-standard has-post-thumbnail hentry category-news tag-klimaallianz-en tag-klimapolitik-en tag-kongress-en tag-umsetzung-en\" role=\"listitem\">\n\t\t\t\t<a class=\"elementor-post__thumbnail__link\" href=\"https:\/\/www.protect-the-planet.de\/en\/protect-the-planet-beim-2-deutschen-klimatag-die-zeit-der-umsetzung-ist-jetzt\/\" tabindex=\"-1\" target=&quot;_blank&quot;>\n\t\t\t<div class=\"elementor-post__thumbnail\"><img loading=\"lazy\" decoding=\"async\" width=\"300\" height=\"188\" src=\"https:\/\/www.protect-the-planet.de\/wp-content\/uploads\/2023\/09\/beitragsbild-2-deutscher-klimatag-300x188.jpg\" class=\"attachment-medium size-medium wp-image-22016\" alt=\"\" srcset=\"https:\/\/www.protect-the-planet.de\/wp-content\/uploads\/2023\/09\/beitragsbild-2-deutscher-klimatag-300x188.jpg 300w, https:\/\/www.protect-the-planet.de\/wp-content\/uploads\/2023\/09\/beitragsbild-2-deutscher-klimatag-768x480.jpg 768w, https:\/\/www.protect-the-planet.de\/wp-content\/uploads\/2023\/09\/beitragsbild-2-deutscher-klimatag.jpg 800w\" sizes=\"(max-width: 300px) 100vw, 300px\" \/><\/div>\n\t\t<\/a>\n\t\t\t\t<div class=\"elementor-post__text\">\n\t\t\t\t<h3 class=\"elementor-post__title\">\n\t\t\t<a href=\"https:\/\/www.protect-the-planet.de\/en\/protect-the-planet-beim-2-deutschen-klimatag-die-zeit-der-umsetzung-ist-jetzt\/\" target=&quot;_blank&quot;>\n\t\t\t\tProtect the Planet beim 2. Deutschen Klimatag: Die Zeit der Umsetzung ist jetzt!\t\t\t<\/a>\n\t\t<\/h3>\n\t\t\t\t<div class=\"elementor-post__meta-data\">\n\t\t\t\t\t<span class=\"elementor-post-date\">\n\t\t\t28. September 2023\t\t<\/span>\n\t\t\t\t<\/div>\n\t\t\t\t<div class=\"elementor-post__excerpt\">\n\t\t\t<p>Die #ZeitderUmsetzung ist jetzt \u2013 doch was hei\u00dft das konkret? Dies war daher das zentrale Thema beim 2. Deutschen Klimatag\t\t<\/div>\n\t\t\n\t\t<a class=\"elementor-post__read-more\" href=\"https:\/\/www.protect-the-planet.de\/en\/protect-the-planet-beim-2-deutschen-klimatag-die-zeit-der-umsetzung-ist-jetzt\/\" aria-label=\"Read more about Protect the Planet beim 2. Deutschen Klimatag: Die Zeit der Umsetzung ist jetzt!\" tabindex=\"-1\" target=\"_blank\">\n\t\t\tWeiterlesen \u00bb\t\t<\/a>\n\n\t\t\t\t<\/div>\n\t\t\t\t<\/article>\n\t\t\t\t<article class=\"elementor-post elementor-grid-item post-22934 post type-post status-publish format-standard has-post-thumbnail hentry category-news tag-gesetz-en tag-klima-allianz-en tag-klimakatastrophe-en tag-klimakrise-en tag-klimaschutz-en tag-klimaschutzgesetz-en\" role=\"listitem\">\n\t\t\t\t<a class=\"elementor-post__thumbnail__link\" href=\"https:\/\/www.protect-the-planet.de\/en\/starkes-klimaschutzgesetz\/\" tabindex=\"-1\" target=&quot;_blank&quot;>\n\t\t\t<div class=\"elementor-post__thumbnail\"><img loading=\"lazy\" decoding=\"async\" width=\"300\" height=\"188\" src=\"https:\/\/www.protect-the-planet.de\/wp-content\/uploads\/2023\/11\/KSG-mit-KAD-300x188.jpg\" class=\"attachment-medium size-medium wp-image-22890\" alt=\"\" srcset=\"https:\/\/www.protect-the-planet.de\/wp-content\/uploads\/2023\/11\/KSG-mit-KAD-300x188.jpg 300w, https:\/\/www.protect-the-planet.de\/wp-content\/uploads\/2023\/11\/KSG-mit-KAD-768x480.jpg 768w, https:\/\/www.protect-the-planet.de\/wp-content\/uploads\/2023\/11\/KSG-mit-KAD.jpg 800w\" sizes=\"(max-width: 300px) 100vw, 300px\" \/><\/div>\n\t\t<\/a>\n\t\t\t\t<div class=\"elementor-post__text\">\n\t\t\t\t<h3 class=\"elementor-post__title\">\n\t\t\t<a href=\"https:\/\/www.protect-the-planet.de\/en\/starkes-klimaschutzgesetz\/\" target=&quot;_blank&quot;>\n\t\t\t\tWir brauchen ein starkes Klimaschutzgesetz\t\t\t<\/a>\n\t\t<\/h3>\n\t\t\t\t<div class=\"elementor-post__meta-data\">\n\t\t\t\t\t<span class=\"elementor-post-date\">\n\t\t\t8. November 2023\t\t<\/span>\n\t\t\t\t<\/div>\n\t\t\t\t<div class=\"elementor-post__excerpt\">\n\t\t\t<p>Die Bundesregierung plant, das Klimaschutzgesetz erheblich abzuschw\u00e4chen. Das darf auf keinen Fall passieren: Wir brauchen ein #StarkesKSG!<\/p>\t\t<\/div>\n\t\t\n\t\t<a class=\"elementor-post__read-more\" href=\"https:\/\/www.protect-the-planet.de\/en\/starkes-klimaschutzgesetz\/\" aria-label=\"Read more about Wir brauchen ein starkes Klimaschutzgesetz\" tabindex=\"-1\" target=\"_blank\">\n\t\t\tWeiterlesen \u00bb\t\t<\/a>\n\n\t\t\t\t<\/div>\n\t\t\t\t<\/article>\n\t\t\t\t<article class=\"elementor-post elementor-grid-item post-23098 post type-post status-publish format-standard has-post-thumbnail hentry category-news tag-buendnis-en tag-gesetz-en tag-klima-allianz-en tag-klimakatastrophe-en tag-klimakrise-en tag-klimaschutz-en tag-klimaschutzgesetz-en\" role=\"listitem\">\n\t\t\t\t<a class=\"elementor-post__thumbnail__link\" href=\"https:\/\/www.protect-the-planet.de\/en\/appell-breites-buendnis-fordert-starkes-klimaschutzgesetz\/\" tabindex=\"-1\" target=&quot;_blank&quot;>\n\t\t\t<div class=\"elementor-post__thumbnail\"><img loading=\"lazy\" decoding=\"async\" width=\"300\" height=\"169\" src=\"https:\/\/www.protect-the-planet.de\/wp-content\/uploads\/2023\/11\/csm_Verbaendeappell_KSP_1600x900px_9fd4e05086-300x169.jpg\" class=\"attachment-medium size-medium wp-image-23101\" alt=\"Verbaendeappell: Klimaschutzgesetz st\u00e4rken statt schw\u00e4chen - Klimaziele einhalten.\" srcset=\"https:\/\/www.protect-the-planet.de\/wp-content\/uploads\/2023\/11\/csm_Verbaendeappell_KSP_1600x900px_9fd4e05086-300x169.jpg 300w, https:\/\/www.protect-the-planet.de\/wp-content\/uploads\/2023\/11\/csm_Verbaendeappell_KSP_1600x900px_9fd4e05086-768x432.jpg 768w, https:\/\/www.protect-the-planet.de\/wp-content\/uploads\/2023\/11\/csm_Verbaendeappell_KSP_1600x900px_9fd4e05086.jpg 1000w\" sizes=\"(max-width: 300px) 100vw, 300px\" \/><\/div>\n\t\t<\/a>\n\t\t\t\t<div class=\"elementor-post__text\">\n\t\t\t\t<h3 class=\"elementor-post__title\">\n\t\t\t<a href=\"https:\/\/www.protect-the-planet.de\/en\/appell-breites-buendnis-fordert-starkes-klimaschutzgesetz\/\" target=&quot;_blank&quot;>\n\t\t\t\tAppell: Breites B\u00fcndnis fordert starkes Klimaschutzgesetz\t\t\t<\/a>\n\t\t<\/h3>\n\t\t\t\t<div class=\"elementor-post__meta-data\">\n\t\t\t\t\t<span class=\"elementor-post-date\">\n\t\t\t14. November 2023\t\t<\/span>\n\t\t\t\t<\/div>\n\t\t\t\t<div class=\"elementor-post__excerpt\">\n\t\t\t<p>Wir haben uns einem breiten B\u00fcndnis aus 50 Klima-, Umwelt-, Sozial-, Entwicklungs-, und Jugendverb\u00e4nden sowie Gewerkschaften und religi\u00f6sen Gemeinschaften angeschlossen\t\t<\/div>\n\t\t\n\t\t<a class=\"elementor-post__read-more\" href=\"https:\/\/www.protect-the-planet.de\/en\/appell-breites-buendnis-fordert-starkes-klimaschutzgesetz\/\" aria-label=\"Read more about Appell: Breites B\u00fcndnis fordert starkes Klimaschutzgesetz\" tabindex=\"-1\" target=\"_blank\">\n\t\t\tWeiterlesen \u00bb\t\t<\/a>\n\n\t\t\t\t<\/div>\n\t\t\t\t<\/article>\n\t\t\t\t<article class=\"elementor-post elementor-grid-item post-23755 post type-post status-publish format-standard has-post-thumbnail hentry category-news tag-can-europe-en tag-climate-action-network-europe-en tag-climateawareness-en tag-eu-en tag-klimaneutralitaet-en tag-klimaschutz-en tag-klimavernetzung-en tag-muenchen-en tag-nachhaltigkeit-en tag-vernetzung-en\" role=\"listitem\">\n\t\t\t\t<a class=\"elementor-post__thumbnail__link\" href=\"https:\/\/www.protect-the-planet.de\/en\/wir-sind-mitglied-beim-climate-action-network-europe\/\" tabindex=\"-1\" target=&quot;_blank&quot;>\n\t\t\t<div class=\"elementor-post__thumbnail\"><img loading=\"lazy\" decoding=\"async\" width=\"300\" height=\"188\" src=\"https:\/\/www.protect-the-planet.de\/wp-content\/uploads\/2023\/11\/beitrag-CAN-europe-2-300x188.jpg\" class=\"attachment-medium size-medium wp-image-23216\" alt=\"Ausschnitt einer gemalten Weltkarte, auf der eine Lupe auf Europa liegt. Logo von CAN Europe, Text: &quot;Wir sind Mitglied beim Climate Action Network Europe&quot;\" srcset=\"https:\/\/www.protect-the-planet.de\/wp-content\/uploads\/2023\/11\/beitrag-CAN-europe-2-300x188.jpg 300w, https:\/\/www.protect-the-planet.de\/wp-content\/uploads\/2023\/11\/beitrag-CAN-europe-2-768x480.jpg 768w, https:\/\/www.protect-the-planet.de\/wp-content\/uploads\/2023\/11\/beitrag-CAN-europe-2.jpg 800w\" sizes=\"(max-width: 300px) 100vw, 300px\" \/><\/div>\n\t\t<\/a>\n\t\t\t\t<div class=\"elementor-post__text\">\n\t\t\t\t<h3 class=\"elementor-post__title\">\n\t\t\t<a href=\"https:\/\/www.protect-the-planet.de\/en\/wir-sind-mitglied-beim-climate-action-network-europe\/\" target=&quot;_blank&quot;>\n\t\t\t\tWir sind Mitglied beim Climate Action Network Europe!\t\t\t<\/a>\n\t\t<\/h3>\n\t\t\t\t<div class=\"elementor-post__meta-data\">\n\t\t\t\t\t<span class=\"elementor-post-date\">\n\t\t\t20. November 2023\t\t<\/span>\n\t\t\t\t<\/div>\n\t\t\t\t<div class=\"elementor-post__excerpt\">\n\t\t\t<p>Protect the Planet ist Mitglied des Climate Action Network Europe, um einen noch st\u00e4rkeren Fokus auf internationale Vernetzung zu legen.<\/p>\t\t<\/div>\n\t\t\n\t\t<a class=\"elementor-post__read-more\" href=\"https:\/\/www.protect-the-planet.de\/en\/wir-sind-mitglied-beim-climate-action-network-europe\/\" aria-label=\"Read more about Wir sind Mitglied beim Climate Action Network Europe!\" tabindex=\"-1\" target=\"_blank\">\n\t\t\tWeiterlesen \u00bb\t\t<\/a>\n\n\t\t\t\t<\/div>\n\t\t\t\t<\/article>\n\t\t\t\t<article class=\"elementor-post elementor-grid-item post-25820 post type-post status-publish format-standard has-post-thumbnail hentry category-news tag-bundesverband-nachhaltige-wirtschaft-e-v-en tag-klimaschutz-en tag-nachhaltigkeit-en\" role=\"listitem\">\n\t\t\t\t<a class=\"elementor-post__thumbnail__link\" href=\"https:\/\/www.protect-the-planet.de\/en\/mitglied-bundesverband-nachhaltige-wirtschaft\/\" tabindex=\"-1\" target=&quot;_blank&quot;>\n\t\t\t<div class=\"elementor-post__thumbnail\"><img loading=\"lazy\" decoding=\"async\" width=\"300\" height=\"183\" src=\"https:\/\/www.protect-the-planet.de\/wp-content\/uploads\/2023\/12\/Beitragsbilder-Homepage-900-x-550-849-x-548-1-2-300x183.jpg\" class=\"attachment-medium size-medium wp-image-26354\" alt=\"\" srcset=\"https:\/\/www.protect-the-planet.de\/wp-content\/uploads\/2023\/12\/Beitragsbilder-Homepage-900-x-550-849-x-548-1-2-300x183.jpg 300w, https:\/\/www.protect-the-planet.de\/wp-content\/uploads\/2023\/12\/Beitragsbilder-Homepage-900-x-550-849-x-548-1-2-768x469.jpg 768w, https:\/\/www.protect-the-planet.de\/wp-content\/uploads\/2023\/12\/Beitragsbilder-Homepage-900-x-550-849-x-548-1-2.jpg 900w\" sizes=\"(max-width: 300px) 100vw, 300px\" \/><\/div>\n\t\t<\/a>\n\t\t\t\t<div class=\"elementor-post__text\">\n\t\t\t\t<h3 class=\"elementor-post__title\">\n\t\t\t<a href=\"https:\/\/www.protect-the-planet.de\/en\/mitglied-bundesverband-nachhaltige-wirtschaft\/\" target=&quot;_blank&quot;>\n\t\t\t\tWir sind Mitglied im Bundesverband Nachhaltige Wirtschaft e.V. (BNW)\t\t\t<\/a>\n\t\t<\/h3>\n\t\t\t\t<div class=\"elementor-post__meta-data\">\n\t\t\t\t\t<span class=\"elementor-post-date\">\n\t\t\t4. December 2023\t\t<\/span>\n\t\t\t\t<\/div>\n\t\t\t\t<div class=\"elementor-post__excerpt\">\n\t\t\t<p>Eine erfreuliche Nachricht aus unserem Klimanetzwerk: Wir sind nun Mitglied im Bundesverband Nachhaltige Wirtschaft e.V. (BNW)! <\/p>\t\t<\/div>\n\t\t\n\t\t<a class=\"elementor-post__read-more\" href=\"https:\/\/www.protect-the-planet.de\/en\/mitglied-bundesverband-nachhaltige-wirtschaft\/\" aria-label=\"Read more about Wir sind Mitglied im Bundesverband Nachhaltige Wirtschaft e.V. (BNW)\" tabindex=\"-1\" target=\"_blank\">\n\t\t\tWeiterlesen \u00bb\t\t<\/a>\n\n\t\t\t\t<\/div>\n\t\t\t\t<\/article>\n\t\t\t\t<\/div>\n\t\t\n\t\t\t\t\t\t<\/div>\n\t\t\t\t<\/div>\n\t\t\t\t<div class=\"elementor-element elementor-element-e15ae68 elementor-widget-divider--view-line elementor-widget elementor-widget-divider\" data-id=\"e15ae68\" data-element_type=\"widget\" data-e-type=\"widget\" data-widget_type=\"divider.default\">\n\t\t\t\t<div class=\"elementor-widget-container\">\n\t\t\t\t\t\t\t<div class=\"elementor-divider\">\n\t\t\t<span class=\"elementor-divider-separator\">\n\t\t\t\t\t\t<\/span>\n\t\t<\/div>\n\t\t\t\t\t\t<\/div>\n\t\t\t\t<\/div>\n\t\t\t\t<div class=\"elementor-element elementor-element-bbc3aa5 elementor-widget elementor-widget-text-editor\" data-id=\"bbc3aa5\" data-element_type=\"widget\" data-e-type=\"widget\" data-widget_type=\"text-editor.default\">\n\t\t\t\t<div class=\"elementor-widget-container\">\n\t\t\t\t\t\t\t\t\t<p><img loading=\"lazy\" decoding=\"async\" class=\" wp-image-23451\" src=\"https:\/\/www.protect-the-planet.de\/wp-content\/uploads\/2023\/11\/klimaklagen-300x130.jpg\" alt=\"Richterhammer\" width=\"614\" height=\"266\" srcset=\"https:\/\/www.protect-the-planet.de\/wp-content\/uploads\/2023\/11\/klimaklagen-300x130.jpg 300w, https:\/\/www.protect-the-planet.de\/wp-content\/uploads\/2023\/11\/klimaklagen-768x333.jpg 768w, https:\/\/www.protect-the-planet.de\/wp-content\/uploads\/2023\/11\/klimaklagen.jpg 1024w\" sizes=\"(max-width: 614px) 100vw, 614px\" \/><\/p><h3><strong>Klimaklagen<\/strong><\/h3><p>Die Initiativen zu Klimaklagen geh\u00f6ren zu unseren gr\u00f6\u00dften Meilensteinen bisher! Mit dem <a href=\"https:\/\/www.protect-the-planet.de\/peoples-climate-case\/\">People&#8217;s Climate Case<\/a> haben wir 2018 die erste Europ\u00e4ische Klimaklage mit auf den Weg gebracht. Und mit der erfolgreichen <a href=\"https:\/\/www.protect-the-planet.de\/bundesverfassungsbeschwerde-klimaschutz-hat-verfassungsrang\/\">Bundesverfassungsbeschwerde<\/a> 2021 waren wir Teil eines historischen Gerichtsurteils zugunsten zuk\u00fcnftiger Generationen. An die Kl\u00e4ger*innen dieser Verfassungsbeschwerde wurde 2023 nun der <a href=\"https:\/\/www.protect-the-planet.de\/fritz-bauer-preis\/\">Fritz-Bauer-Preis<\/a> verliehen \u2013 eine bedeutende Anerkennung f\u00fcr die jungen Menschen und deren mutiges Engagement f\u00fcr Klimaschutz!<\/p><p>Das Feld Klimaklagen und -recht behalten wir weiterhin im Blick. Wussten Sie, dass gro\u00dfe Unternehmen in Deutschland bereits heute dazu verpflichtet sind, ihre unternehmerischen T\u00e4tigkeiten am 1,5-Grad-Limit auszurichten? Ein von der Sick-Umweltstiftung, <a href=\"https:\/\/www.germanwatch.org\/de\">Germanwatch<\/a> und uns gemeinsam in Auftrag gegebenes <a href=\"https:\/\/www.protect-the-planet.de\/rechtsgutachten-klimaschutzpflichten-unternehmen\/\">Rechtsgutachten<\/a> zur EU-Lieferkettenrichtlinie, der Corporate Sustainability Due Diligence Directive (CSDDD), kam zu genau diesem Schluss und bot damit eine Grundlage f\u00fcr Aufkl\u00e4rungsarbeit, Kampagnen und weiteren politischen Druck. Nach z\u00e4hem Ringen wurde die CSDDD am 15. M\u00e4rz 2024 in Br\u00fcssel mehrheitlich bef\u00fcrwortet \u2013 ein erfreuliches Resultat.<\/p>\t\t\t\t\t\t\t\t<\/div>\n\t\t\t\t<\/div>\n\t\t\t\t<div class=\"elementor-element elementor-element-780023d elementor-grid-3 elementor-grid-tablet-2 elementor-grid-mobile-1 elementor-posts--thumbnail-top elementor-widget elementor-widget-posts\" data-id=\"780023d\" data-element_type=\"widget\" data-e-type=\"widget\" data-settings=\"{&quot;classic_columns&quot;:&quot;3&quot;,&quot;classic_columns_tablet&quot;:&quot;2&quot;,&quot;classic_columns_mobile&quot;:&quot;1&quot;,&quot;classic_row_gap&quot;:{&quot;unit&quot;:&quot;px&quot;,&quot;size&quot;:35,&quot;sizes&quot;:[]},&quot;classic_row_gap_tablet&quot;:{&quot;unit&quot;:&quot;px&quot;,&quot;size&quot;:&quot;&quot;,&quot;sizes&quot;:[]},&quot;classic_row_gap_mobile&quot;:{&quot;unit&quot;:&quot;px&quot;,&quot;size&quot;:&quot;&quot;,&quot;sizes&quot;:[]}}\" data-widget_type=\"posts.classic\">\n\t\t\t\t<div class=\"elementor-widget-container\">\n\t\t\t\t\t\t\t<div class=\"elementor-posts-container elementor-posts elementor-posts--skin-classic elementor-grid\" role=\"list\">\n\t\t\t\t<article class=\"elementor-post elementor-grid-item post-24592 post type-post status-publish format-standard has-post-thumbnail hentry category-climate-court-action category-completed category-projects\" role=\"listitem\">\n\t\t\t\t<a class=\"elementor-post__thumbnail__link\" href=\"https:\/\/www.protect-the-planet.de\/en\/rechtsgutachten-klimaschutzpflichten-unternehmen\/\" tabindex=\"-1\" target=&quot;_blank&quot;>\n\t\t\t<div class=\"elementor-post__thumbnail\"><img loading=\"lazy\" decoding=\"async\" width=\"300\" height=\"183\" src=\"https:\/\/www.protect-the-planet.de\/wp-content\/uploads\/2025\/08\/klimaklage-unterprojekt-rechtsgutachten-klimaschutzpflichten-300x183.jpg\" class=\"attachment-medium size-medium wp-image-32096\" alt=\"\" srcset=\"https:\/\/www.protect-the-planet.de\/wp-content\/uploads\/2025\/08\/klimaklage-unterprojekt-rechtsgutachten-klimaschutzpflichten-300x183.jpg 300w, https:\/\/www.protect-the-planet.de\/wp-content\/uploads\/2025\/08\/klimaklage-unterprojekt-rechtsgutachten-klimaschutzpflichten-768x469.jpg 768w, https:\/\/www.protect-the-planet.de\/wp-content\/uploads\/2025\/08\/klimaklage-unterprojekt-rechtsgutachten-klimaschutzpflichten.jpg 900w\" sizes=\"(max-width: 300px) 100vw, 300px\" \/><\/div>\n\t\t<\/a>\n\t\t\t\t<div class=\"elementor-post__text\">\n\t\t\t\t<h3 class=\"elementor-post__title\">\n\t\t\t<a href=\"https:\/\/www.protect-the-planet.de\/en\/rechtsgutachten-klimaschutzpflichten-unternehmen\/\" target=&quot;_blank&quot;>\n\t\t\t\tLegal report: Climate protection duties for companies\t\t\t<\/a>\n\t\t<\/h3>\n\t\t\t\t<div class=\"elementor-post__meta-data\">\n\t\t\t\t\t<span class=\"elementor-post-date\">\n\t\t\t6. July 2023\t\t<\/span>\n\t\t\t\t<\/div>\n\t\t\t\t<div class=\"elementor-post__excerpt\">\n\t\t\t<p>Large companies are already obliged under German law to align their business models with the 1.5-degree target of the Paris\t\t<\/div>\n\t\t\n\t\t<a class=\"elementor-post__read-more\" href=\"https:\/\/www.protect-the-planet.de\/en\/rechtsgutachten-klimaschutzpflichten-unternehmen\/\" aria-label=\"Read more about Legal report: Climate protection duties for companies\" tabindex=\"-1\" target=\"_blank\">\n\t\t\tWeiterlesen \u00bb\t\t<\/a>\n\n\t\t\t\t<\/div>\n\t\t\t\t<\/article>\n\t\t\t\t<article class=\"elementor-post elementor-grid-item post-25822 post type-post status-publish format-standard has-post-thumbnail hentry category-news tag-bundesverfassungsbeschwerde-en tag-klimaallianz-en tag-klimaklagen-en tag-klimapolitik-en tag-preisverleihung-en\" role=\"listitem\">\n\t\t\t\t<a class=\"elementor-post__thumbnail__link\" href=\"https:\/\/www.protect-the-planet.de\/en\/fritz-bauer-preis\/\" tabindex=\"-1\" target=&quot;_blank&quot;>\n\t\t\t<div class=\"elementor-post__thumbnail\"><img loading=\"lazy\" decoding=\"async\" width=\"300\" height=\"273\" src=\"https:\/\/www.protect-the-planet.de\/wp-content\/uploads\/2023\/11\/WhatsApp-Image-2023-10-15-at-14.49.39-300x273.jpeg\" class=\"attachment-medium size-medium wp-image-23132\" alt=\"\" srcset=\"https:\/\/www.protect-the-planet.de\/wp-content\/uploads\/2023\/11\/WhatsApp-Image-2023-10-15-at-14.49.39-300x273.jpeg 300w, https:\/\/www.protect-the-planet.de\/wp-content\/uploads\/2023\/11\/WhatsApp-Image-2023-10-15-at-14.49.39-1024x932.jpeg 1024w, https:\/\/www.protect-the-planet.de\/wp-content\/uploads\/2023\/11\/WhatsApp-Image-2023-10-15-at-14.49.39-768x699.jpeg 768w, https:\/\/www.protect-the-planet.de\/wp-content\/uploads\/2023\/11\/WhatsApp-Image-2023-10-15-at-14.49.39-1536x1398.jpeg 1536w, https:\/\/www.protect-the-planet.de\/wp-content\/uploads\/2023\/11\/WhatsApp-Image-2023-10-15-at-14.49.39-1320x1201.jpeg 1320w, https:\/\/www.protect-the-planet.de\/wp-content\/uploads\/2023\/11\/WhatsApp-Image-2023-10-15-at-14.49.39.jpeg 2048w\" sizes=\"(max-width: 300px) 100vw, 300px\" \/><\/div>\n\t\t<\/a>\n\t\t\t\t<div class=\"elementor-post__text\">\n\t\t\t\t<h3 class=\"elementor-post__title\">\n\t\t\t<a href=\"https:\/\/www.protect-the-planet.de\/en\/fritz-bauer-preis\/\" target=&quot;_blank&quot;>\n\t\t\t\tFritz-Bauer-Preis 2023: Eine Auszeichnung f\u00fcr den Klimaschutz\t\t\t<\/a>\n\t\t<\/h3>\n\t\t\t\t<div class=\"elementor-post__meta-data\">\n\t\t\t\t\t<span class=\"elementor-post-date\">\n\t\t\t25. October 2023\t\t<\/span>\n\t\t\t\t<\/div>\n\t\t\t\t<div class=\"elementor-post__excerpt\">\n\t\t\t<p>Der Fritz-Bauer-Preis wurde 2023 an die Kl\u00e4ger*innen der Bundesverfassungsbeschwerde gegen das Klimaschutzgesetz der Bundesregierung, an der auch wir beteiligt waren,\t\t<\/div>\n\t\t\n\t\t<a class=\"elementor-post__read-more\" href=\"https:\/\/www.protect-the-planet.de\/en\/fritz-bauer-preis\/\" aria-label=\"Read more about Fritz-Bauer-Preis 2023: Eine Auszeichnung f\u00fcr den Klimaschutz\" tabindex=\"-1\" target=\"_blank\">\n\t\t\tWeiterlesen \u00bb\t\t<\/a>\n\n\t\t\t\t<\/div>\n\t\t\t\t<\/article>\n\t\t\t\t<\/div>\n\t\t\n\t\t\t\t\t\t<\/div>\n\t\t\t\t<\/div>\n\t\t\t\t<div class=\"elementor-element elementor-element-8abb807 elementor-widget-divider--view-line elementor-widget elementor-widget-divider\" data-id=\"8abb807\" data-element_type=\"widget\" data-e-type=\"widget\" data-widget_type=\"divider.default\">\n\t\t\t\t<div class=\"elementor-widget-container\">\n\t\t\t\t\t\t\t<div class=\"elementor-divider\">\n\t\t\t<span class=\"elementor-divider-separator\">\n\t\t\t\t\t\t<\/span>\n\t\t<\/div>\n\t\t\t\t\t\t<\/div>\n\t\t\t\t<\/div>\n\t\t\t\t<div class=\"elementor-element elementor-element-51c6959 elementor-widget elementor-widget-text-editor\" data-id=\"51c6959\" data-element_type=\"widget\" data-e-type=\"widget\" data-widget_type=\"text-editor.default\">\n\t\t\t\t<div class=\"elementor-widget-container\">\n\t\t\t\t\t\t\t\t\t<p><img loading=\"lazy\" decoding=\"async\" class=\" wp-image-23363\" src=\"https:\/\/www.protect-the-planet.de\/wp-content\/uploads\/2023\/11\/buergerbegehren-2-300x130.jpg\" alt=\"Dorothea Sick-Thies und Markus Gore halten ein Banner von Protect the Planet auf dem Marienplatz\" width=\"607\" height=\"263\" srcset=\"https:\/\/www.protect-the-planet.de\/wp-content\/uploads\/2023\/11\/buergerbegehren-2-300x130.jpg 300w, https:\/\/www.protect-the-planet.de\/wp-content\/uploads\/2023\/11\/buergerbegehren-2-768x333.jpg 768w, https:\/\/www.protect-the-planet.de\/wp-content\/uploads\/2023\/11\/buergerbegehren-2.jpg 1024w\" sizes=\"(max-width: 607px) 100vw, 607px\" \/><\/p><h3><strong>Lokales<br \/><\/strong><\/h3><p>Think global, act local: Neben bundesweiten und internationalen Kampagnen liegt unser Fokus auch auf dem Lokalen. Hier in M\u00fcnchen sind wir Teil eines gro\u00dfen Netzwerks, mit dem wir immer wieder starke Aktionen auf die Beine stellen.<\/p><p>So wurde im Jahr 2023 das <a href=\"https:\/\/www.protect-the-planet.de\/2023_03_01-bb-gruenflaechen-erfolg\/\">B\u00fcrgerbegehren Gr\u00fcnfl\u00e4chen-erhalten<\/a> nach einigen rechtlichen Verwirrungen im Stadtrat angenommen. Damit ist in M\u00fcnchen, der am meisten versiegelten Gro\u00dfstadt Deutschlands, der Weg zum Schutz der Gr\u00fcnfl\u00e4chen geebnet. Ein wichtiger Schritt angesichts der immer hei\u00dfer werdenden Sommer in der Stadt.<\/p><p>Am 23. September waren wir mit dem WindRat und vielen weiteren M\u00fcnchner Klima-Organisationen aus unserem Netzwerk f\u00fcr einen <a href=\"https:\/\/www.protect-the-planet.de\/klima-aktionstag-auf-dem-gaertnerplatz-in-muenchen-wir-machen-wind-1-000-windraeder-fuer-bayern\/\">Aktionstag am G\u00e4rtnerplatz<\/a>. In Bayern wird seit Jahren der Windkraftausbau blockiert. Mit der Aktion wollten die Klimaorganisationen auf den schleppenden Ausbau in Bayern hinweisen. Passant*innen konnten an den St\u00e4nden ins Gespr\u00e4ch kommen oder Windr\u00e4der basteln, um zusammen symbolisch die Windwende in Bayern voranzubringen.<\/p><p>Ein Dauerthema der Landeshauptstadt, um das kein Klima-interessierter Mensch in M\u00fcnchen herumkommt, ist der Kohleblock im Heizkraftwerk Nord bei Unterf\u00f6hring. Auch hier gab es 2023 erhebliche Entwicklungen, die wir als Mitglied im Netzwerk Saubere Energie M\u00fcnchen eng begleitet haben und weiterhin verfolgen: So hat der <a href=\"https:\/\/energienetzwerk-muc.de\/stadtrat-beschliesst-gasumbau-des-hkw-nord\/\">Stadtrat einen Umbau des Kohleblocks auf Erdgas<\/a> beschlossen \u2013 was allerdings bedeutet, dass das HKW Nord als Gaskraftwerk signifikant l\u00e4nger und umfangreicher gefahren werden darf als mit Kohle \u2013 was mit einer Steigerung statt Einsparung der CO\u2082-Emissionen am Standort Nord einhergehen k\u00f6nnte.<\/p>\t\t\t\t\t\t\t\t<\/div>\n\t\t\t\t<\/div>\n\t\t\t\t<div class=\"elementor-element elementor-element-d3dc1e1 elementor-grid-3 elementor-grid-tablet-2 elementor-grid-mobile-1 elementor-posts--thumbnail-top elementor-widget elementor-widget-posts\" data-id=\"d3dc1e1\" data-element_type=\"widget\" data-e-type=\"widget\" data-settings=\"{&quot;classic_columns&quot;:&quot;3&quot;,&quot;classic_columns_tablet&quot;:&quot;2&quot;,&quot;classic_columns_mobile&quot;:&quot;1&quot;,&quot;classic_row_gap&quot;:{&quot;unit&quot;:&quot;px&quot;,&quot;size&quot;:35,&quot;sizes&quot;:[]},&quot;classic_row_gap_tablet&quot;:{&quot;unit&quot;:&quot;px&quot;,&quot;size&quot;:&quot;&quot;,&quot;sizes&quot;:[]},&quot;classic_row_gap_mobile&quot;:{&quot;unit&quot;:&quot;px&quot;,&quot;size&quot;:&quot;&quot;,&quot;sizes&quot;:[]}}\" data-widget_type=\"posts.classic\">\n\t\t\t\t<div class=\"elementor-widget-container\">\n\t\t\t\t\t\t\t<div class=\"elementor-posts-container elementor-posts elementor-posts--skin-classic elementor-grid\" role=\"list\">\n\t\t\t\t<article class=\"elementor-post elementor-grid-item post-22681 post type-post status-publish format-standard has-post-thumbnail hentry category-news tag-buergerbegehren-en tag-buergerbegehren-gruenflaechen_erhalten-de-en tag-erfolg-en tag-gruenflaechen-erhalten-en tag-klimaanpassung-en tag-muenchen-en\" role=\"listitem\">\n\t\t\t\t<a class=\"elementor-post__thumbnail__link\" href=\"https:\/\/www.protect-the-planet.de\/en\/2023_02_01-gruenflaechenbegehren\/\" tabindex=\"-1\" target=&quot;_blank&quot;>\n\t\t\t<div class=\"elementor-post__thumbnail\"><img loading=\"lazy\" decoding=\"async\" width=\"300\" height=\"188\" src=\"https:\/\/www.protect-the-planet.de\/wp-content\/uploads\/2023\/02\/beitragsbild-gruenflaechen-erhalten-1-300x188.png\" class=\"attachment-medium size-medium wp-image-21827\" alt=\"\" srcset=\"https:\/\/www.protect-the-planet.de\/wp-content\/uploads\/2023\/02\/beitragsbild-gruenflaechen-erhalten-1-300x188.png 300w, https:\/\/www.protect-the-planet.de\/wp-content\/uploads\/2023\/02\/beitragsbild-gruenflaechen-erhalten-1-768x480.png 768w, https:\/\/www.protect-the-planet.de\/wp-content\/uploads\/2023\/02\/beitragsbild-gruenflaechen-erhalten-1.png 800w\" sizes=\"(max-width: 300px) 100vw, 300px\" \/><\/div>\n\t\t<\/a>\n\t\t\t\t<div class=\"elementor-post__text\">\n\t\t\t\t<h3 class=\"elementor-post__title\">\n\t\t\t<a href=\"https:\/\/www.protect-the-planet.de\/en\/2023_02_01-gruenflaechenbegehren\/\" target=&quot;_blank&quot;>\n\t\t\t\tN\u00e4chstes B\u00fcrgerbegehren erfolgreich: Gr\u00fcnfl\u00e4chen-erhalten im Stadtrat angenommen!\t\t\t<\/a>\n\t\t<\/h3>\n\t\t\t\t<div class=\"elementor-post__meta-data\">\n\t\t\t\t\t<span class=\"elementor-post-date\">\n\t\t\t2. February 2023\t\t<\/span>\n\t\t\t\t<\/div>\n\t\t\t\t<div class=\"elementor-post__excerpt\">\n\t\t\t<p>Protect the Planet hat das B\u00fcrgerbegehren unterst\u00fctzt &#8211; der Stadtrat es nach 60.000 Unterschriften angenommen: Stadtk\u00fchlung und Naherholung ist damit\t\t<\/div>\n\t\t\n\t\t<a class=\"elementor-post__read-more\" href=\"https:\/\/www.protect-the-planet.de\/en\/2023_02_01-gruenflaechenbegehren\/\" aria-label=\"Read more about N\u00e4chstes B\u00fcrgerbegehren erfolgreich: Gr\u00fcnfl\u00e4chen-erhalten im Stadtrat angenommen!\" tabindex=\"-1\" target=\"_blank\">\n\t\t\tWeiterlesen \u00bb\t\t<\/a>\n\n\t\t\t\t<\/div>\n\t\t\t\t<\/article>\n\t\t\t\t<article class=\"elementor-post elementor-grid-item post-22679 post type-post status-publish format-standard has-post-thumbnail hentry category-news tag-buergerbegehren-en tag-buergerbegehren-gruenflaechen_erhalten-de-en tag-erfolg-en tag-gruenflaechen-erhalten-en tag-klimaanpassung-en tag-muenchen-en\" role=\"listitem\">\n\t\t\t\t<a class=\"elementor-post__thumbnail__link\" href=\"https:\/\/www.protect-the-planet.de\/en\/2023_03_01-bb-gruenflaechen-erfolg\/\" tabindex=\"-1\" target=&quot;_blank&quot;>\n\t\t\t<div class=\"elementor-post__thumbnail\"><img loading=\"lazy\" decoding=\"async\" width=\"300\" height=\"188\" src=\"https:\/\/www.protect-the-planet.de\/wp-content\/uploads\/2023\/03\/beitragsbild-buergerbegehren-gruenflaechen-300x188.png\" class=\"attachment-medium size-medium wp-image-21828\" alt=\"\" srcset=\"https:\/\/www.protect-the-planet.de\/wp-content\/uploads\/2023\/03\/beitragsbild-buergerbegehren-gruenflaechen-300x188.png 300w, https:\/\/www.protect-the-planet.de\/wp-content\/uploads\/2023\/03\/beitragsbild-buergerbegehren-gruenflaechen-768x480.png 768w, https:\/\/www.protect-the-planet.de\/wp-content\/uploads\/2023\/03\/beitragsbild-buergerbegehren-gruenflaechen.png 800w\" sizes=\"(max-width: 300px) 100vw, 300px\" \/><\/div>\n\t\t<\/a>\n\t\t\t\t<div class=\"elementor-post__text\">\n\t\t\t\t<h3 class=\"elementor-post__title\">\n\t\t\t<a href=\"https:\/\/www.protect-the-planet.de\/en\/2023_03_01-bb-gruenflaechen-erfolg\/\" target=&quot;_blank&quot;>\n\t\t\t\tNach rechtlichen Verwirrungen: B\u00fcrgerbegehren Gr\u00fcnfl\u00e4chen-erhalten nochmal (!) erfolgreich!\t\t\t<\/a>\n\t\t<\/h3>\n\t\t\t\t<div class=\"elementor-post__meta-data\">\n\t\t\t\t\t<span class=\"elementor-post-date\">\n\t\t\t14. March 2023\t\t<\/span>\n\t\t\t\t<\/div>\n\t\t\t\t<div class=\"elementor-post__excerpt\">\n\t\t\t<p>Annahme &#8211; R\u00fccknahme der Annahme &#8211; wiederholte Annahme &#8211; das Possenspiel um das B\u00fcrgerbegehren hat ein Ende, Protect the Planet\t\t<\/div>\n\t\t\n\t\t<a class=\"elementor-post__read-more\" href=\"https:\/\/www.protect-the-planet.de\/en\/2023_03_01-bb-gruenflaechen-erfolg\/\" aria-label=\"Read more about Nach rechtlichen Verwirrungen: B\u00fcrgerbegehren Gr\u00fcnfl\u00e4chen-erhalten nochmal (!) erfolgreich!\" tabindex=\"-1\" target=\"_blank\">\n\t\t\tWeiterlesen \u00bb\t\t<\/a>\n\n\t\t\t\t<\/div>\n\t\t\t\t<\/article>\n\t\t\t\t<article class=\"elementor-post elementor-grid-item post-22658 post type-post status-publish format-standard has-post-thumbnail hentry category-news tag-bayernwahl-en tag-bayernwind-en tag-demonstration-en tag-landtagswahl-bayern-2023-en tag-ltwby23-en tag-muenchen-en tag-windenergie-en tag-windkraft-en\" role=\"listitem\">\n\t\t\t\t<a class=\"elementor-post__thumbnail__link\" href=\"https:\/\/www.protect-the-planet.de\/en\/klima-aktionstag-auf-dem-gaertnerplatz-in-muenchen-wir-machen-wind-1-000-windraeder-fuer-bayern\/\" tabindex=\"-1\" target=&quot;_blank&quot;>\n\t\t\t<div class=\"elementor-post__thumbnail\"><img loading=\"lazy\" decoding=\"async\" width=\"300\" height=\"225\" src=\"https:\/\/www.protect-the-planet.de\/wp-content\/uploads\/2023\/09\/IMG_0783-Wind-in-Bayern-300x225.jpg\" class=\"attachment-medium size-medium wp-image-21956\" alt=\"\" srcset=\"https:\/\/www.protect-the-planet.de\/wp-content\/uploads\/2023\/09\/IMG_0783-Wind-in-Bayern-300x225.jpg 300w, https:\/\/www.protect-the-planet.de\/wp-content\/uploads\/2023\/09\/IMG_0783-Wind-in-Bayern-1024x768.jpg 1024w, https:\/\/www.protect-the-planet.de\/wp-content\/uploads\/2023\/09\/IMG_0783-Wind-in-Bayern-768x576.jpg 768w, https:\/\/www.protect-the-planet.de\/wp-content\/uploads\/2023\/09\/IMG_0783-Wind-in-Bayern-1536x1152.jpg 1536w, https:\/\/www.protect-the-planet.de\/wp-content\/uploads\/2023\/09\/IMG_0783-Wind-in-Bayern-2048x1536.jpg 2048w, https:\/\/www.protect-the-planet.de\/wp-content\/uploads\/2023\/09\/IMG_0783-Wind-in-Bayern-1320x990.jpg 1320w\" sizes=\"(max-width: 300px) 100vw, 300px\" \/><\/div>\n\t\t<\/a>\n\t\t\t\t<div class=\"elementor-post__text\">\n\t\t\t\t<h3 class=\"elementor-post__title\">\n\t\t\t<a href=\"https:\/\/www.protect-the-planet.de\/en\/klima-aktionstag-auf-dem-gaertnerplatz-in-muenchen-wir-machen-wind-1-000-windraeder-fuer-bayern\/\" target=&quot;_blank&quot;>\n\t\t\t\tKlima-Aktionstag auf dem G\u00e4rtnerplatz in M\u00fcnchen: &#8220;Wir machen Wind &#8211; 1.000 Windr\u00e4der f\u00fcr Bayern&#8221;\t\t\t<\/a>\n\t\t<\/h3>\n\t\t\t\t<div class=\"elementor-post__meta-data\">\n\t\t\t\t\t<span class=\"elementor-post-date\">\n\t\t\t25. September 2023\t\t<\/span>\n\t\t\t\t<\/div>\n\t\t\t\t<div class=\"elementor-post__excerpt\">\n\t\t\t<p>Wind-Aktion zur Landtagswahl: Die M\u00fcnchner Klimabewegung hat am 23.09. einen Aktionstag auf dem G\u00e4rtnerplatz f\u00fcr konsequente Klimapolitik und mehr Windkraft\t\t<\/div>\n\t\t\n\t\t<a class=\"elementor-post__read-more\" href=\"https:\/\/www.protect-the-planet.de\/en\/klima-aktionstag-auf-dem-gaertnerplatz-in-muenchen-wir-machen-wind-1-000-windraeder-fuer-bayern\/\" aria-label=\"Read more about Klima-Aktionstag auf dem G\u00e4rtnerplatz in M\u00fcnchen: &#8220;Wir machen Wind &#8211; 1.000 Windr\u00e4der f\u00fcr Bayern&#8221;\" tabindex=\"-1\" target=\"_blank\">\n\t\t\tWeiterlesen \u00bb\t\t<\/a>\n\n\t\t\t\t<\/div>\n\t\t\t\t<\/article>\n\t\t\t\t<\/div>\n\t\t\n\t\t\t\t\t\t<\/div>\n\t\t\t\t<\/div>\n\t\t\t\t<div class=\"elementor-element elementor-element-8cfbb08 elementor-widget-divider--view-line elementor-widget elementor-widget-divider\" data-id=\"8cfbb08\" data-element_type=\"widget\" data-e-type=\"widget\" data-widget_type=\"divider.default\">\n\t\t\t\t<div class=\"elementor-widget-container\">\n\t\t\t\t\t\t\t<div class=\"elementor-divider\">\n\t\t\t<span class=\"elementor-divider-separator\">\n\t\t\t\t\t\t<\/span>\n\t\t<\/div>\n\t\t\t\t\t\t<\/div>\n\t\t\t\t<\/div>\n\t\t\t\t<div class=\"elementor-element elementor-element-80089aa elementor-widget elementor-widget-text-editor\" data-id=\"80089aa\" data-element_type=\"widget\" data-e-type=\"widget\" data-widget_type=\"text-editor.default\">\n\t\t\t\t<div class=\"elementor-widget-container\">\n\t\t\t\t\t\t\t\t\t<h3><em><img loading=\"lazy\" decoding=\"async\" class=\"alignnone wp-image-25251\" src=\"https:\/\/www.protect-the-planet.de\/wp-content\/uploads\/2024\/02\/Jahresbericht-Newsletter-300x130.jpg\" alt=\"Zu sehen ist der Bildschirm eines Laptops, vor dem eine Person sitzt. Auf dem Bildschirm ist die Startseite von Protect the Planet ge\u00f6ffnet. Zu sehen sind die aktuellen Beitr\u00e4ge und der Slogan: &quot;unsere Vision: die Klimakrise stoppen!&quot;\" width=\"614\" height=\"266\" srcset=\"https:\/\/www.protect-the-planet.de\/wp-content\/uploads\/2024\/02\/Jahresbericht-Newsletter-300x130.jpg 300w, https:\/\/www.protect-the-planet.de\/wp-content\/uploads\/2024\/02\/Jahresbericht-Newsletter-768x333.jpg 768w, https:\/\/www.protect-the-planet.de\/wp-content\/uploads\/2024\/02\/Jahresbericht-Newsletter.jpg 1024w\" sizes=\"(max-width: 614px) 100vw, 614px\" \/><\/em><\/h3><h3><strong>\u00d6ffentlichkeitsarbeit<\/strong><\/h3><p>&#8220;Tue Gutes und sprich dar\u00fcber&#8221; \u2013 das ist die Grundlage f\u00fcr unsere \u00d6ffentlichkeitsarbeit. Unser Ziel ist es, unsere Projekte und Aktivit\u00e4ten noch st\u00e4rker nach au\u00dfen zu tragen. Und f\u00fcr genau dieses Ziel haben wir 2023 einiges getan!<\/p><p>Neben der Kommunikation \u00fcber unsere Social Media Kan\u00e4le, unseren <a href=\"https:\/\/www.protect-the-planet.de\/protect-the-planet-auf-youtube\/\">Youtube-Kanal<\/a> und unseren <a href=\"https:\/\/www.protect-the-planet.de\/newsletter\/\">Newsletter<\/a>, den wir alle zwei Monate verschicken, haben wir 2023 auch einen <a href=\"https:\/\/www.protect-the-planet.de\/der-protect-the-planet-jahresbericht-2022-ist-da\/\">Print-Jahresbericht 2022<\/a> ver\u00f6ffentlicht. Dar\u00fcber hinaus fand unsere Arbeit auch in Presseartikeln beispielsweise zur <a href=\"https:\/\/www.sueddeutsche.de\/muenchen\/muenchen-iaa-diskussion-podium-vda-dunkel-diehl-rade-1.6209929\">IAA-Podiumsdiskussion<\/a> oder zu unserer <a href=\"https:\/\/www.sueddeutsche.de\/bayern\/bayern-windkraft-csu-initiative-unternehmen-kommentar-1.6041832?reduced=true\">bayernwind-Kampagne<\/a> Niederschlag.<\/p><p>Au\u00dferdem haben wir unsere <a href=\"https:\/\/www.protect-the-planet.de\/\">Homepage<\/a> komplett \u00fcberarbeitet. Sie ist im September 2023 mit neuem Design und neuer Struktur auf Deutsch und <a href=\"https:\/\/www.protect-the-planet.de\/en\/\">Englisch<\/a> online gegangen.<\/p><p>Und nicht zuletzt haben wir im Bereich der \u00d6ffentlichkeitsarbeit Verst\u00e4rkung von Jana H\u00e4fner und Fenya Kirst bekommen.<\/p>\t\t\t\t\t\t\t\t<\/div>\n\t\t\t\t<\/div>\n\t\t\t\t<div class=\"elementor-element elementor-element-c552575 elementor-align-center elementor-widget elementor-widget-button\" data-id=\"c552575\" data-element_type=\"widget\" data-e-type=\"widget\" data-widget_type=\"button.default\">\n\t\t\t\t<div class=\"elementor-widget-container\">\n\t\t\t\t\t\t\t\t\t<div class=\"elementor-button-wrapper\">\n\t\t\t\t\t<a class=\"elementor-button elementor-button-link elementor-size-sm\" href=\"https:\/\/www.protect-the-planet.de\/newsletter\/\">\n\t\t\t\t\t\t<span class=\"elementor-button-content-wrapper\">\n\t\t\t\t\t\t\t\t\t<span class=\"elementor-button-text\">Zur Newsletter-Anmeldung<\/span>\n\t\t\t\t\t<\/span>\n\t\t\t\t\t<\/a>\n\t\t\t\t<\/div>\n\t\t\t\t\t\t\t\t<\/div>\n\t\t\t\t<\/div>\n\t\t\t\t<div class=\"elementor-element elementor-element-f09eb36 elementor-widget-divider--view-line elementor-widget elementor-widget-divider\" data-id=\"f09eb36\" data-element_type=\"widget\" data-e-type=\"widget\" data-widget_type=\"divider.default\">\n\t\t\t\t<div class=\"elementor-widget-container\">\n\t\t\t\t\t\t\t<div class=\"elementor-divider\">\n\t\t\t<span class=\"elementor-divider-separator\">\n\t\t\t\t\t\t<\/span>\n\t\t<\/div>\n\t\t\t\t\t\t<\/div>\n\t\t\t\t<\/div>\n\t\t\t\t\t<\/div>\n\t\t\t\t<\/div>\n\t\t<div class=\"elementor-element elementor-element-2cd1f63 e-flex e-con-boxed e-con e-parent\" data-id=\"2cd1f63\" data-element_type=\"container\" data-e-type=\"container\">\n\t\t\t\t\t<div class=\"e-con-inner\">\n\t\t\t\t<div class=\"elementor-element elementor-element-10c94df elementor-widget elementor-widget-text-editor\" data-id=\"10c94df\" data-element_type=\"widget\" data-e-type=\"widget\" data-widget_type=\"text-editor.default\">\n\t\t\t\t<div class=\"elementor-widget-container\">\n\t\t\t\t\t\t\t\t\t<p><img loading=\"lazy\" decoding=\"async\" class=\"alignnone wp-image-25457\" src=\"https:\/\/www.protect-the-planet.de\/wp-content\/uploads\/2024\/03\/Jahresbericht-team-beirat-300x130.jpg\" alt=\"Das Protect the Planet Team und der Beirat stehen vor einem See. \" width=\"614\" height=\"266\" srcset=\"https:\/\/www.protect-the-planet.de\/wp-content\/uploads\/2024\/03\/Jahresbericht-team-beirat-300x130.jpg 300w, https:\/\/www.protect-the-planet.de\/wp-content\/uploads\/2024\/03\/Jahresbericht-team-beirat-768x333.jpg 768w, https:\/\/www.protect-the-planet.de\/wp-content\/uploads\/2024\/03\/Jahresbericht-team-beirat.jpg 1024w\" sizes=\"(max-width: 614px) 100vw, 614px\" \/><\/p><h2><strong>Protect the Planet sagt Danke!<br \/><\/strong><\/h2><p>Wir schauen positiv ins kommende Jahr und freuen uns auf die n\u00e4chsten Projekte und Herausforderungen. Unsere Arbeit w\u00e4re nicht m\u00f6glich ohne die gro\u00dfartige Unterst\u00fctzung von vielen Seiten. Daf\u00fcr wollen wir uns herzlich bedanken.<\/p><p>Danke an alle, die unsere Arbeit auch 2023 m\u00f6glich gemacht haben, alle Ratgeber*innen, Mitstreiter*innen und Netzwerkpartner*innen sowie an alle, die uns Geld gespendet haben!<\/p>\t\t\t\t\t\t\t\t<\/div>\n\t\t\t\t<\/div>\n\t\t\t\t<div class=\"elementor-element elementor-element-3496f15 elementor-widget-divider--view-line elementor-widget elementor-widget-divider\" data-id=\"3496f15\" data-element_type=\"widget\" data-e-type=\"widget\" data-widget_type=\"divider.default\">\n\t\t\t\t<div class=\"elementor-widget-container\">\n\t\t\t\t\t\t\t<div class=\"elementor-divider\">\n\t\t\t<span class=\"elementor-divider-separator\">\n\t\t\t\t\t\t<\/span>\n\t\t<\/div>\n\t\t\t\t\t\t<\/div>\n\t\t\t\t<\/div>\n\t\t\t\t<div class=\"elementor-element elementor-element-69610fe elementor-widget elementor-widget-text-editor\" data-id=\"69610fe\" data-element_type=\"widget\" data-e-type=\"widget\" data-widget_type=\"text-editor.default\">\n\t\t\t\t<div class=\"elementor-widget-container\">\n\t\t\t\t\t\t\t\t\t<h3>Kostet nicht die Welt, aber schont sie: Ihre Spende<\/h3><p>Wenn Sie die gemeinn\u00fctzige Klima- und Umweltschutzarbeit von Protect the Planet oder unsere Veranstaltungsreihe unterst\u00fctzen m\u00f6chten, freuen wir uns \u00fcber Ihre Spende. Auf Wunsch erhalten Sie selbstverst\u00e4ndlich auch eine Spendenquittung.\u00a0<\/p>\t\t\t\t\t\t\t\t<\/div>\n\t\t\t\t<\/div>\n\t\t\t\t\t<\/div>\n\t\t\t\t<\/div>\n\t\t<div class=\"elementor-element elementor-element-1544543 e-flex e-con-boxed e-con e-parent\" data-id=\"1544543\" data-element_type=\"container\" data-e-type=\"container\">\n\t\t\t\t\t<div class=\"e-con-inner\">\n\t\t\t\t<div class=\"elementor-element elementor-element-b125848 elementor-align-center elementor-widget elementor-widget-button\" data-id=\"b125848\" data-element_type=\"widget\" data-e-type=\"widget\" data-widget_type=\"button.default\">\n\t\t\t\t<div class=\"elementor-widget-container\">\n\t\t\t\t\t\t\t\t\t<div class=\"elementor-button-wrapper\">\n\t\t\t\t\t<a class=\"elementor-button elementor-button-link elementor-size-sm\" href=\"https:\/\/www.protect-the-planet.de\/spenden\/\">\n\t\t\t\t\t\t<span class=\"elementor-button-content-wrapper\">\n\t\t\t\t\t\t\t\t\t<span class=\"elementor-button-text\">Jetzt spenden<\/span>\n\t\t\t\t\t<\/span>\n\t\t\t\t\t<\/a>\n\t\t\t\t<\/div>\n\t\t\t\t\t\t\t\t<\/div>\n\t\t\t\t<\/div>\n\t\t\t\t<div class=\"elementor-element elementor-element-a3239a0 elementor-widget-divider--view-line elementor-widget elementor-widget-divider\" data-id=\"a3239a0\" data-element_type=\"widget\" data-e-type=\"widget\" data-widget_type=\"divider.default\">\n\t\t\t\t<div class=\"elementor-widget-container\">\n\t\t\t\t\t\t\t<div class=\"elementor-divider\">\n\t\t\t<span class=\"elementor-divider-separator\">\n\t\t\t\t\t\t<\/span>\n\t\t<\/div>\n\t\t\t\t\t\t<\/div>\n\t\t\t\t<\/div>\n\t\t\t\t<div class=\"elementor-element elementor-element-4f1b78d elementor-widget elementor-widget-text-editor\" data-id=\"4f1b78d\" data-element_type=\"widget\" data-e-type=\"widget\" data-widget_type=\"text-editor.default\">\n\t\t\t\t<div class=\"elementor-widget-container\">\n\t\t\t\t\t\t\t\t\t<h3>Bleiben Sie auf dem Laufenden<\/h3><p>Folgen Sie uns in den sozialen Medien oder abonnieren Sie unseren <a href=\"https:\/\/www.protect-the-planet.de\/newsletter\/\">Newsletter<\/a>!<\/p>\t\t\t\t\t\t\t\t<\/div>\n\t\t\t\t<\/div>\n\t\t\t\t\t<\/div>\n\t\t\t\t<\/div>\n\t\t<div class=\"elementor-element elementor-element-fe9bddc e-flex e-con-boxed e-con e-parent\" data-id=\"fe9bddc\" data-element_type=\"container\" data-e-type=\"container\">\n\t\t\t\t\t<div class=\"e-con-inner\">\n\t\t<div class=\"elementor-element elementor-element-4f7912a e-con-full e-flex e-con e-child\" data-id=\"4f7912a\" data-element_type=\"container\" data-e-type=\"container\">\n\t\t\t\t<div class=\"elementor-element elementor-element-00455dd elementor-view-default elementor-widget elementor-widget-icon\" data-id=\"00455dd\" data-element_type=\"widget\" data-e-type=\"widget\" data-widget_type=\"icon.default\">\n\t\t\t\t<div class=\"elementor-widget-container\">\n\t\t\t\t\t\t\t<div class=\"elementor-icon-wrapper\">\n\t\t\t<a class=\"elementor-icon\" href=\"https:\/\/www.facebook.com\/protecttheplanetDE\/about\/\">\n\t\t\t<i aria-hidden=\"true\" class=\"fab fa-facebook\"><\/i>\t\t\t<\/a>\n\t\t<\/div>\n\t\t\t\t\t\t<\/div>\n\t\t\t\t<\/div>\n\t\t\t\t<\/div>\n\t\t<div class=\"elementor-element elementor-element-4fafaf6 e-con-full e-flex e-con e-child\" data-id=\"4fafaf6\" data-element_type=\"container\" data-e-type=\"container\">\n\t\t\t\t<div class=\"elementor-element elementor-element-cffc7eb elementor-view-default elementor-widget elementor-widget-icon\" data-id=\"cffc7eb\" data-element_type=\"widget\" data-e-type=\"widget\" data-widget_type=\"icon.default\">\n\t\t\t\t<div class=\"elementor-widget-container\">\n\t\t\t\t\t\t\t<div class=\"elementor-icon-wrapper\">\n\t\t\t<a class=\"elementor-icon\" href=\"https:\/\/twitter.com\/PtP_de\">\n\t\t\t<i aria-hidden=\"true\" class=\"fab fa-twitter\"><\/i>\t\t\t<\/a>\n\t\t<\/div>\n\t\t\t\t\t\t<\/div>\n\t\t\t\t<\/div>\n\t\t\t\t<\/div>\n\t\t<div class=\"elementor-element elementor-element-6d1e72a e-con-full e-flex e-con e-child\" data-id=\"6d1e72a\" data-element_type=\"container\" data-e-type=\"container\">\n\t\t\t\t<div class=\"elementor-element elementor-element-e9fc31b elementor-view-default elementor-widget elementor-widget-icon\" data-id=\"e9fc31b\" data-element_type=\"widget\" data-e-type=\"widget\" data-widget_type=\"icon.default\">\n\t\t\t\t<div class=\"elementor-widget-container\">\n\t\t\t\t\t\t\t<div class=\"elementor-icon-wrapper\">\n\t\t\t<a class=\"elementor-icon\" href=\"https:\/\/www.instagram.com\/protecttheplanetorg\/\">\n\t\t\t<i aria-hidden=\"true\" class=\"fab fa-instagram\"><\/i>\t\t\t<\/a>\n\t\t<\/div>\n\t\t\t\t\t\t<\/div>\n\t\t\t\t<\/div>\n\t\t\t\t<\/div>\n\t\t<div class=\"elementor-element elementor-element-2c6c059 e-con-full e-flex e-con e-child\" data-id=\"2c6c059\" data-element_type=\"container\" data-e-type=\"container\">\n\t\t\t\t<div class=\"elementor-element elementor-element-6a8d19a elementor-view-default elementor-widget elementor-widget-icon\" data-id=\"6a8d19a\" data-element_type=\"widget\" data-e-type=\"widget\" data-widget_type=\"icon.default\">\n\t\t\t\t<div class=\"elementor-widget-container\">\n\t\t\t\t\t\t\t<div class=\"elementor-icon-wrapper\">\n\t\t\t<a class=\"elementor-icon\" href=\"https:\/\/www.linkedin.com\/company\/69735641\">\n\t\t\t<i aria-hidden=\"true\" class=\"fab fa-linkedin\"><\/i>\t\t\t<\/a>\n\t\t<\/div>\n\t\t\t\t\t\t<\/div>\n\t\t\t\t<\/div>\n\t\t\t\t<\/div>\n\t\t\t\t\t<\/div>\n\t\t\t\t<\/div>\n\t\t\t\t<\/div>\n\t\t","protected":false},"excerpt":{"rendered":"<p>Auch 2023 waren wir aktiv f\u00fcr den Klimaschutz und unsere Vision, die Klimakatastrophe abzumildern und unseren Planeten lebenswert und gerecht zu gestalten. Lesen Sie mehr in unserem Jahresr\u00fcckblick. <\/p>\n","protected":false},"author":3,"featured_media":25478,"comment_status":"closed","ping_status":"closed","sticky":false,"template":"","format":"standard","meta":{"footnotes":""},"categories":[729],"tags":[1124,710,745,860],"class_list":["post-25036","post","type-post","status-publish","format-standard","has-post-thumbnail","hentry","category-news","tag-jahresruckblick","tag-klimaschutz-en","tag-projekte-en","tag-team-en"],"yoast_head":"<!-- This site is optimized with the Yoast SEO plugin v27.5 - https:\/\/yoast.com\/product\/yoast-seo-wordpress\/ -->\n<title>Der Protect the Planet-Jahresr\u00fcckblick 2023 - Protect the Planet<\/title>\n<meta name=\"description\" content=\"Auch 2023 waren wir aktiv f\u00fcr den Klimaschutz und unsere Vision, die Klimakatastrophe abzumildern. Lesen Sie mehr in unserem Jahresr\u00fcckblick.\" \/>\n<meta name=\"robots\" content=\"index, follow, max-snippet:-1, max-image-preview:large, max-video-preview:-1\" \/>\n<link rel=\"canonical\" href=\"https:\/\/www.protect-the-planet.de\/en\/jahresrueckblick-2023\/\" \/>\n<meta property=\"og:locale\" content=\"en_US\" \/>\n<meta property=\"og:type\" content=\"article\" \/>\n<meta property=\"og:title\" content=\"Der Protect the Planet-Jahresr\u00fcckblick 2023 - Protect the Planet\" \/>\n<meta property=\"og:description\" content=\"Auch 2023 waren wir aktiv f\u00fcr den Klimaschutz und unsere Vision, die Klimakatastrophe abzumildern. Lesen Sie mehr in unserem Jahresr\u00fcckblick.\" \/>\n<meta property=\"og:url\" content=\"https:\/\/www.protect-the-planet.de\/en\/jahresrueckblick-2023\/\" \/>\n<meta property=\"og:site_name\" content=\"Protect the Planet\" \/>\n<meta property=\"article:publisher\" content=\"https:\/\/www.facebook.com\/protecttheplanetDE\/\" \/>\n<meta property=\"article:published_time\" content=\"2024-03-21T09:23:56+00:00\" \/>\n<meta property=\"article:modified_time\" content=\"2024-04-29T11:01:00+00:00\" \/>\n<meta property=\"og:image\" content=\"https:\/\/www.protect-the-planet.de\/wp-content\/uploads\/2024\/03\/beitragsbild-jahresrueckblick-2023.jpg\" \/>\n\t<meta property=\"og:image:width\" content=\"800\" \/>\n\t<meta property=\"og:image:height\" content=\"500\" \/>\n\t<meta property=\"og:image:type\" content=\"image\/jpeg\" \/>\n<meta name=\"author\" content=\"Fenja Jacobs\" \/>\n<meta name=\"twitter:card\" content=\"summary_large_image\" \/>\n<meta name=\"twitter:creator\" content=\"@PtP_de\" \/>\n<meta name=\"twitter:site\" content=\"@PtP_de\" \/>\n<meta name=\"twitter:label1\" content=\"Written by\" \/>\n\t<meta name=\"twitter:data1\" content=\"Fenja Jacobs\" \/>\n\t<meta name=\"twitter:label2\" content=\"Est. reading time\" \/>\n\t<meta name=\"twitter:data2\" content=\"5 minutes\" \/>\n<script type=\"application\/ld+json\" class=\"yoast-schema-graph\">{\"@context\":\"https:\\\/\\\/schema.org\",\"@graph\":[{\"@type\":\"Article\",\"@id\":\"https:\\\/\\\/www.protect-the-planet.de\\\/en\\\/jahresrueckblick-2023\\\/#article\",\"isPartOf\":{\"@id\":\"https:\\\/\\\/www.protect-the-planet.de\\\/en\\\/jahresrueckblick-2023\\\/\"},\"author\":{\"name\":\"Fenja Jacobs\",\"@id\":\"https:\\\/\\\/www.protect-the-planet.de\\\/en\\\/#\\\/schema\\\/person\\\/c843c153d0dd33ec584996931e438bce\"},\"headline\":\"Der Protect the Planet-Jahresr\u00fcckblick 2023\",\"datePublished\":\"2024-03-21T09:23:56+00:00\",\"dateModified\":\"2024-04-29T11:01:00+00:00\",\"mainEntityOfPage\":{\"@id\":\"https:\\\/\\\/www.protect-the-planet.de\\\/en\\\/jahresrueckblick-2023\\\/\"},\"wordCount\":736,\"publisher\":{\"@id\":\"https:\\\/\\\/www.protect-the-planet.de\\\/en\\\/#organization\"},\"image\":{\"@id\":\"https:\\\/\\\/www.protect-the-planet.de\\\/en\\\/jahresrueckblick-2023\\\/#primaryimage\"},\"thumbnailUrl\":\"https:\\\/\\\/www.protect-the-planet.de\\\/wp-content\\\/uploads\\\/2024\\\/03\\\/beitragsbild-jahresrueckblick-2023.jpg\",\"keywords\":[\"jahresr\u00fcckblick\",\"Klimaschutz\",\"Projekte\",\"team\"],\"articleSection\":[\"News\"],\"inLanguage\":\"en-US\"},{\"@type\":\"WebPage\",\"@id\":\"https:\\\/\\\/www.protect-the-planet.de\\\/en\\\/jahresrueckblick-2023\\\/\",\"url\":\"https:\\\/\\\/www.protect-the-planet.de\\\/en\\\/jahresrueckblick-2023\\\/\",\"name\":\"Der Protect the Planet-Jahresr\u00fcckblick 2023 - Protect the Planet\",\"isPartOf\":{\"@id\":\"https:\\\/\\\/www.protect-the-planet.de\\\/en\\\/#website\"},\"primaryImageOfPage\":{\"@id\":\"https:\\\/\\\/www.protect-the-planet.de\\\/en\\\/jahresrueckblick-2023\\\/#primaryimage\"},\"image\":{\"@id\":\"https:\\\/\\\/www.protect-the-planet.de\\\/en\\\/jahresrueckblick-2023\\\/#primaryimage\"},\"thumbnailUrl\":\"https:\\\/\\\/www.protect-the-planet.de\\\/wp-content\\\/uploads\\\/2024\\\/03\\\/beitragsbild-jahresrueckblick-2023.jpg\",\"datePublished\":\"2024-03-21T09:23:56+00:00\",\"dateModified\":\"2024-04-29T11:01:00+00:00\",\"description\":\"Auch 2023 waren wir aktiv f\u00fcr den Klimaschutz und unsere Vision, die Klimakatastrophe abzumildern. Lesen Sie mehr in unserem Jahresr\u00fcckblick.\",\"breadcrumb\":{\"@id\":\"https:\\\/\\\/www.protect-the-planet.de\\\/en\\\/jahresrueckblick-2023\\\/#breadcrumb\"},\"inLanguage\":\"en-US\",\"potentialAction\":[{\"@type\":\"ReadAction\",\"target\":[\"https:\\\/\\\/www.protect-the-planet.de\\\/en\\\/jahresrueckblick-2023\\\/\"]}]},{\"@type\":\"ImageObject\",\"inLanguage\":\"en-US\",\"@id\":\"https:\\\/\\\/www.protect-the-planet.de\\\/en\\\/jahresrueckblick-2023\\\/#primaryimage\",\"url\":\"https:\\\/\\\/www.protect-the-planet.de\\\/wp-content\\\/uploads\\\/2024\\\/03\\\/beitragsbild-jahresrueckblick-2023.jpg\",\"contentUrl\":\"https:\\\/\\\/www.protect-the-planet.de\\\/wp-content\\\/uploads\\\/2024\\\/03\\\/beitragsbild-jahresrueckblick-2023.jpg\",\"width\":800,\"height\":500,\"caption\":\"Der Protect the Planet Jahresr\u00fcckblick 2023. Schriftzug vor einem Laptop mit der ge\u00f6ffneten Protect the Planet-Homepage und einem Blumenstrau\u00df.\"},{\"@type\":\"BreadcrumbList\",\"@id\":\"https:\\\/\\\/www.protect-the-planet.de\\\/en\\\/jahresrueckblick-2023\\\/#breadcrumb\",\"itemListElement\":[{\"@type\":\"ListItem\",\"position\":1,\"name\":\"Startseite\",\"item\":\"https:\\\/\\\/www.protect-the-planet.de\\\/en\\\/home\\\/\"},{\"@type\":\"ListItem\",\"position\":2,\"name\":\"Der Protect the Planet-Jahresr\u00fcckblick 2023\"}]},{\"@type\":\"WebSite\",\"@id\":\"https:\\\/\\\/www.protect-the-planet.de\\\/en\\\/#website\",\"url\":\"https:\\\/\\\/www.protect-the-planet.de\\\/en\\\/\",\"name\":\"Protect the Planet\",\"description\":\"If we don&#039;t change, the climate will.\",\"publisher\":{\"@id\":\"https:\\\/\\\/www.protect-the-planet.de\\\/en\\\/#organization\"},\"alternateName\":\"Protect the Panet gGmbH\",\"potentialAction\":[{\"@type\":\"SearchAction\",\"target\":{\"@type\":\"EntryPoint\",\"urlTemplate\":\"https:\\\/\\\/www.protect-the-planet.de\\\/en\\\/?s={search_term_string}\"},\"query-input\":{\"@type\":\"PropertyValueSpecification\",\"valueRequired\":true,\"valueName\":\"search_term_string\"}}],\"inLanguage\":\"en-US\"},{\"@type\":\"Organization\",\"@id\":\"https:\\\/\\\/www.protect-the-planet.de\\\/en\\\/#organization\",\"name\":\"Protect the Planet\",\"url\":\"https:\\\/\\\/www.protect-the-planet.de\\\/en\\\/\",\"logo\":{\"@type\":\"ImageObject\",\"inLanguage\":\"en-US\",\"@id\":\"https:\\\/\\\/www.protect-the-planet.de\\\/en\\\/#\\\/schema\\\/logo\\\/image\\\/\",\"url\":\"https:\\\/\\\/www.protect-the-planet.de\\\/wp-content\\\/uploads\\\/2023\\\/09\\\/LOGO-positiv_transparent-klein.png\",\"contentUrl\":\"https:\\\/\\\/www.protect-the-planet.de\\\/wp-content\\\/uploads\\\/2023\\\/09\\\/LOGO-positiv_transparent-klein.png\",\"width\":123,\"height\":68,\"caption\":\"Protect the Planet\"},\"image\":{\"@id\":\"https:\\\/\\\/www.protect-the-planet.de\\\/en\\\/#\\\/schema\\\/logo\\\/image\\\/\"},\"sameAs\":[\"https:\\\/\\\/www.facebook.com\\\/protecttheplanetDE\\\/\",\"https:\\\/\\\/x.com\\\/PtP_de\",\"https:\\\/\\\/www.instagram.com\\\/protecttheplanetorg\\\/\",\"https:\\\/\\\/www.linkedin.com\\\/company\\\/protect-the-planet\",\"https:\\\/\\\/www.youtube.com\\\/@protecttheplanet\"]},{\"@type\":\"Person\",\"@id\":\"https:\\\/\\\/www.protect-the-planet.de\\\/en\\\/#\\\/schema\\\/person\\\/c843c153d0dd33ec584996931e438bce\",\"name\":\"Fenja Jacobs\",\"image\":{\"@type\":\"ImageObject\",\"inLanguage\":\"en-US\",\"@id\":\"https:\\\/\\\/secure.gravatar.com\\\/avatar\\\/1319de9aaea70b6c6ed807392ef95d6582ceaf98cca9de0a0022ba8e0d3a7fc3?s=96&d=mm&r=g\",\"url\":\"https:\\\/\\\/secure.gravatar.com\\\/avatar\\\/1319de9aaea70b6c6ed807392ef95d6582ceaf98cca9de0a0022ba8e0d3a7fc3?s=96&d=mm&r=g\",\"contentUrl\":\"https:\\\/\\\/secure.gravatar.com\\\/avatar\\\/1319de9aaea70b6c6ed807392ef95d6582ceaf98cca9de0a0022ba8e0d3a7fc3?s=96&d=mm&r=g\",\"caption\":\"Fenja Jacobs\"},\"url\":\"https:\\\/\\\/www.protect-the-planet.de\\\/en\\\/author\\\/fenja-jacobs\\\/\"}]}<\/script>\n<!-- \/ Yoast SEO plugin. -->","yoast_head_json":{"title":"Der Protect the Planet-Jahresr\u00fcckblick 2023 - Protect the Planet","description":"Auch 2023 waren wir aktiv f\u00fcr den Klimaschutz und unsere Vision, die Klimakatastrophe abzumildern. Lesen Sie mehr in unserem Jahresr\u00fcckblick.","robots":{"index":"index","follow":"follow","max-snippet":"max-snippet:-1","max-image-preview":"max-image-preview:large","max-video-preview":"max-video-preview:-1"},"canonical":"https:\/\/www.protect-the-planet.de\/en\/jahresrueckblick-2023\/","og_locale":"en_US","og_type":"article","og_title":"Der Protect the Planet-Jahresr\u00fcckblick 2023 - Protect the Planet","og_description":"Auch 2023 waren wir aktiv f\u00fcr den Klimaschutz und unsere Vision, die Klimakatastrophe abzumildern. Lesen Sie mehr in unserem Jahresr\u00fcckblick.","og_url":"https:\/\/www.protect-the-planet.de\/en\/jahresrueckblick-2023\/","og_site_name":"Protect the Planet","article_publisher":"https:\/\/www.facebook.com\/protecttheplanetDE\/","article_published_time":"2024-03-21T09:23:56+00:00","article_modified_time":"2024-04-29T11:01:00+00:00","og_image":[{"width":800,"height":500,"url":"https:\/\/www.protect-the-planet.de\/wp-content\/uploads\/2024\/03\/beitragsbild-jahresrueckblick-2023.jpg","type":"image\/jpeg"}],"author":"Fenja Jacobs","twitter_card":"summary_large_image","twitter_creator":"@PtP_de","twitter_site":"@PtP_de","twitter_misc":{"Written by":"Fenja Jacobs","Est. reading time":"5 minutes"},"schema":{"@context":"https:\/\/schema.org","@graph":[{"@type":"Article","@id":"https:\/\/www.protect-the-planet.de\/en\/jahresrueckblick-2023\/#article","isPartOf":{"@id":"https:\/\/www.protect-the-planet.de\/en\/jahresrueckblick-2023\/"},"author":{"name":"Fenja Jacobs","@id":"https:\/\/www.protect-the-planet.de\/en\/#\/schema\/person\/c843c153d0dd33ec584996931e438bce"},"headline":"Der Protect the Planet-Jahresr\u00fcckblick 2023","datePublished":"2024-03-21T09:23:56+00:00","dateModified":"2024-04-29T11:01:00+00:00","mainEntityOfPage":{"@id":"https:\/\/www.protect-the-planet.de\/en\/jahresrueckblick-2023\/"},"wordCount":736,"publisher":{"@id":"https:\/\/www.protect-the-planet.de\/en\/#organization"},"image":{"@id":"https:\/\/www.protect-the-planet.de\/en\/jahresrueckblick-2023\/#primaryimage"},"thumbnailUrl":"https:\/\/www.protect-the-planet.de\/wp-content\/uploads\/2024\/03\/beitragsbild-jahresrueckblick-2023.jpg","keywords":["jahresr\u00fcckblick","Klimaschutz","Projekte","team"],"articleSection":["News"],"inLanguage":"en-US"},{"@type":"WebPage","@id":"https:\/\/www.protect-the-planet.de\/en\/jahresrueckblick-2023\/","url":"https:\/\/www.protect-the-planet.de\/en\/jahresrueckblick-2023\/","name":"Der Protect the Planet-Jahresr\u00fcckblick 2023 - Protect the Planet","isPartOf":{"@id":"https:\/\/www.protect-the-planet.de\/en\/#website"},"primaryImageOfPage":{"@id":"https:\/\/www.protect-the-planet.de\/en\/jahresrueckblick-2023\/#primaryimage"},"image":{"@id":"https:\/\/www.protect-the-planet.de\/en\/jahresrueckblick-2023\/#primaryimage"},"thumbnailUrl":"https:\/\/www.protect-the-planet.de\/wp-content\/uploads\/2024\/03\/beitragsbild-jahresrueckblick-2023.jpg","datePublished":"2024-03-21T09:23:56+00:00","dateModified":"2024-04-29T11:01:00+00:00","description":"Auch 2023 waren wir aktiv f\u00fcr den Klimaschutz und unsere Vision, die Klimakatastrophe abzumildern. Lesen Sie mehr in unserem Jahresr\u00fcckblick.","breadcrumb":{"@id":"https:\/\/www.protect-the-planet.de\/en\/jahresrueckblick-2023\/#breadcrumb"},"inLanguage":"en-US","potentialAction":[{"@type":"ReadAction","target":["https:\/\/www.protect-the-planet.de\/en\/jahresrueckblick-2023\/"]}]},{"@type":"ImageObject","inLanguage":"en-US","@id":"https:\/\/www.protect-the-planet.de\/en\/jahresrueckblick-2023\/#primaryimage","url":"https:\/\/www.protect-the-planet.de\/wp-content\/uploads\/2024\/03\/beitragsbild-jahresrueckblick-2023.jpg","contentUrl":"https:\/\/www.protect-the-planet.de\/wp-content\/uploads\/2024\/03\/beitragsbild-jahresrueckblick-2023.jpg","width":800,"height":500,"caption":"Der Protect the Planet Jahresr\u00fcckblick 2023. Schriftzug vor einem Laptop mit der ge\u00f6ffneten Protect the Planet-Homepage und einem Blumenstrau\u00df."},{"@type":"BreadcrumbList","@id":"https:\/\/www.protect-the-planet.de\/en\/jahresrueckblick-2023\/#breadcrumb","itemListElement":[{"@type":"ListItem","position":1,"name":"Startseite","item":"https:\/\/www.protect-the-planet.de\/en\/home\/"},{"@type":"ListItem","position":2,"name":"Der Protect the Planet-Jahresr\u00fcckblick 2023"}]},{"@type":"WebSite","@id":"https:\/\/www.protect-the-planet.de\/en\/#website","url":"https:\/\/www.protect-the-planet.de\/en\/","name":"Protect the Planet","description":"If we don&#039;t change, the climate will.","publisher":{"@id":"https:\/\/www.protect-the-planet.de\/en\/#organization"},"alternateName":"Protect the Panet gGmbH","potentialAction":[{"@type":"SearchAction","target":{"@type":"EntryPoint","urlTemplate":"https:\/\/www.protect-the-planet.de\/en\/?s={search_term_string}"},"query-input":{"@type":"PropertyValueSpecification","valueRequired":true,"valueName":"search_term_string"}}],"inLanguage":"en-US"},{"@type":"Organization","@id":"https:\/\/www.protect-the-planet.de\/en\/#organization","name":"Protect the Planet","url":"https:\/\/www.protect-the-planet.de\/en\/","logo":{"@type":"ImageObject","inLanguage":"en-US","@id":"https:\/\/www.protect-the-planet.de\/en\/#\/schema\/logo\/image\/","url":"https:\/\/www.protect-the-planet.de\/wp-content\/uploads\/2023\/09\/LOGO-positiv_transparent-klein.png","contentUrl":"https:\/\/www.protect-the-planet.de\/wp-content\/uploads\/2023\/09\/LOGO-positiv_transparent-klein.png","width":123,"height":68,"caption":"Protect the Planet"},"image":{"@id":"https:\/\/www.protect-the-planet.de\/en\/#\/schema\/logo\/image\/"},"sameAs":["https:\/\/www.facebook.com\/protecttheplanetDE\/","https:\/\/x.com\/PtP_de","https:\/\/www.instagram.com\/protecttheplanetorg\/","https:\/\/www.linkedin.com\/company\/protect-the-planet","https:\/\/www.youtube.com\/@protecttheplanet"]},{"@type":"Person","@id":"https:\/\/www.protect-the-planet.de\/en\/#\/schema\/person\/c843c153d0dd33ec584996931e438bce","name":"Fenja Jacobs","image":{"@type":"ImageObject","inLanguage":"en-US","@id":"https:\/\/secure.gravatar.com\/avatar\/1319de9aaea70b6c6ed807392ef95d6582ceaf98cca9de0a0022ba8e0d3a7fc3?s=96&d=mm&r=g","url":"https:\/\/secure.gravatar.com\/avatar\/1319de9aaea70b6c6ed807392ef95d6582ceaf98cca9de0a0022ba8e0d3a7fc3?s=96&d=mm&r=g","contentUrl":"https:\/\/secure.gravatar.com\/avatar\/1319de9aaea70b6c6ed807392ef95d6582ceaf98cca9de0a0022ba8e0d3a7fc3?s=96&d=mm&r=g","caption":"Fenja Jacobs"},"url":"https:\/\/www.protect-the-planet.de\/en\/author\/fenja-jacobs\/"}]}},"_links":{"self":[{"href":"https:\/\/www.protect-the-planet.de\/en\/wp-json\/wp\/v2\/posts\/25036","targetHints":{"allow":["GET"]}}],"collection":[{"href":"https:\/\/www.protect-the-planet.de\/en\/wp-json\/wp\/v2\/posts"}],"about":[{"href":"https:\/\/www.protect-the-planet.de\/en\/wp-json\/wp\/v2\/types\/post"}],"author":[{"embeddable":true,"href":"https:\/\/www.protect-the-planet.de\/en\/wp-json\/wp\/v2\/users\/3"}],"replies":[{"embeddable":true,"href":"https:\/\/www.protect-the-planet.de\/en\/wp-json\/wp\/v2\/comments?post=25036"}],"version-history":[{"count":0,"href":"https:\/\/www.protect-the-planet.de\/en\/wp-json\/wp\/v2\/posts\/25036\/revisions"}],"wp:featuredmedia":[{"embeddable":true,"href":"https:\/\/www.protect-the-planet.de\/en\/wp-json\/wp\/v2\/media\/25478"}],"wp:attachment":[{"href":"https:\/\/www.protect-the-planet.de\/en\/wp-json\/wp\/v2\/media?parent=25036"}],"wp:term":[{"taxonomy":"category","embeddable":true,"href":"https:\/\/www.protect-the-planet.de\/en\/wp-json\/wp\/v2\/categories?post=25036"},{"taxonomy":"post_tag","embeddable":true,"href":"https:\/\/www.protect-the-planet.de\/en\/wp-json\/wp\/v2\/tags?post=25036"}],"curies":[{"name":"wp","href":"https:\/\/api.w.org\/{rel}","templated":true}]}}