{"id":24976,"date":"2024-02-08T12:21:36","date_gmt":"2024-02-08T11:21:36","guid":{"rendered":"https:\/\/www.protect-the-planet.de\/?p=24976"},"modified":"2024-02-08T16:50:18","modified_gmt":"2024-02-08T15:50:18","slug":"muenchens-energieversorgung-erneuerbar-und-dezentral","status":"publish","type":"post","link":"https:\/\/www.protect-the-planet.de\/en\/muenchens-energieversorgung-erneuerbar-und-dezentral\/","title":{"rendered":"Impuls: Energieversorgung erneuerbar und dezentral? \u00a0"},"content":{"rendered":"\n<p>\u201eWie l\u00e4sst sich ein wirklich nachhaltiges und zukunftsf\u00e4higes M\u00fcnchen gestalten? Welche Innovationen in der Stadtplanung brauchen wir, um zuk\u00fcnftige Herausforderungen in Mobilit\u00e4t, Bauwesen und Stadtentwicklung zu meistern?\u201c Um diese Fragen ging es beim\u00a0<a href=\"https:\/\/www.eventbrite.de\/e\/munich-next-level-x-perle-sustainable-city-mash-up-tickets-773746254877?aff=ebdssbdestsearch\">Sustainable City Mash-Up<\/a>\u00a0am 07.02., organisiert von Mucbook\/Munich Innovation Crew. Und was eignet sich besser als ein gem\u00fctliches Abendevent in der szenischen Zwischennutzung PERLE in Laim, um gemeinsam zu diskutieren, sich zu vernetzen und Ideen zu schmieden f\u00fcr ein nachhaltiges M\u00fcnchen der Zukunft?<\/p>\n\n\n\n<p>Mit einem Impulsvortrag \u00fcber dezentrale Energieversorgung in den Quartieren der Zukunft durfte auch unsere Projektmanagerin Fenya Kirst mit dabei sein. Als Mitglied im Netzwerk Saubere Energie M\u00fcnchen und mit Projekten wie dem&nbsp;<a href=\"https:\/\/www.protect-the-planet.de\/en\/windrat-wind-alliance\/\">WindRat<\/a>&nbsp;geh\u00f6rt das Thema Energiewende zu unseren Lieblings-Klimaschutz-Themen, und es gibt viel, was wir dazu zu sagen h\u00e4tten. F\u00fcr das Event haben wir uns auf ein paar anschauliche Beispiele und einen inspirierten Blick in die Zukunft beschr\u00e4nkt \u2013 wer nicht dabei war, kann diesen gerne nachfolgend nachlesen.<\/p>\n\n\n\n<p>Gerne empfehlen wir an dieser Stelle auch alle anderen Mucbook-Events weiter, die\u00a0<a href=\"https:\/\/www.mucbook.de\/events\/\">hier im Mucbook-Kalender<\/a>\u00a0zu finden sind. Schlie\u00dflich gibt es neben der Klimakrise noch andere dr\u00e4ngende gesellschaftliche Themen, die besprochen werden wollen und m\u00fcssen.\u00a0<\/p>\n\n\n\n<figure class=\"wp-block-gallery has-nested-images columns-default is-cropped wp-block-gallery-1 is-layout-flex wp-block-gallery-is-layout-flex\">\n<figure class=\"wp-block-image size-large\"><img fetchpriority=\"high\" decoding=\"async\" width=\"1024\" height=\"512\" data-id=\"24977\" src=\"https:\/\/www.protect-the-planet.de\/wp-content\/uploads\/2024\/02\/MNL_Logo3-1-1024x512.jpg\" alt=\"\" class=\"wp-image-24977\" srcset=\"https:\/\/www.protect-the-planet.de\/wp-content\/uploads\/2024\/02\/MNL_Logo3-1-1024x512.jpg 1024w, https:\/\/www.protect-the-planet.de\/wp-content\/uploads\/2024\/02\/MNL_Logo3-1-300x150.jpg 300w, https:\/\/www.protect-the-planet.de\/wp-content\/uploads\/2024\/02\/MNL_Logo3-1-768x384.jpg 768w, https:\/\/www.protect-the-planet.de\/wp-content\/uploads\/2024\/02\/MNL_Logo3-1.jpg 1100w\" sizes=\"(max-width: 1024px) 100vw, 1024px\" \/><\/figure>\n\n\n\n<figure class=\"wp-block-image size-large\"><img decoding=\"async\" width=\"1024\" height=\"768\" data-id=\"24968\" src=\"https:\/\/www.protect-the-planet.de\/wp-content\/uploads\/2024\/02\/IMG_0132-1024x768.jpg\" alt=\"\" class=\"wp-image-24968\" srcset=\"https:\/\/www.protect-the-planet.de\/wp-content\/uploads\/2024\/02\/IMG_0132-1024x768.jpg 1024w, https:\/\/www.protect-the-planet.de\/wp-content\/uploads\/2024\/02\/IMG_0132-300x225.jpg 300w, https:\/\/www.protect-the-planet.de\/wp-content\/uploads\/2024\/02\/IMG_0132-768x576.jpg 768w, https:\/\/www.protect-the-planet.de\/wp-content\/uploads\/2024\/02\/IMG_0132-1536x1152.jpg 1536w, https:\/\/www.protect-the-planet.de\/wp-content\/uploads\/2024\/02\/IMG_0132-2048x1536.jpg 2048w, https:\/\/www.protect-the-planet.de\/wp-content\/uploads\/2024\/02\/IMG_0132-1320x990.jpg 1320w\" sizes=\"(max-width: 1024px) 100vw, 1024px\" \/><\/figure>\n\n\n\n<figure class=\"wp-block-image size-large\"><img decoding=\"async\" width=\"1024\" height=\"768\" data-id=\"24972\" src=\"https:\/\/www.protect-the-planet.de\/wp-content\/uploads\/2024\/02\/IMG_0135-1024x768.jpg\" alt=\"\" class=\"wp-image-24972\" srcset=\"https:\/\/www.protect-the-planet.de\/wp-content\/uploads\/2024\/02\/IMG_0135-1024x768.jpg 1024w, https:\/\/www.protect-the-planet.de\/wp-content\/uploads\/2024\/02\/IMG_0135-300x225.jpg 300w, https:\/\/www.protect-the-planet.de\/wp-content\/uploads\/2024\/02\/IMG_0135-768x576.jpg 768w, https:\/\/www.protect-the-planet.de\/wp-content\/uploads\/2024\/02\/IMG_0135-1536x1152.jpg 1536w, https:\/\/www.protect-the-planet.de\/wp-content\/uploads\/2024\/02\/IMG_0135-2048x1536.jpg 2048w, https:\/\/www.protect-the-planet.de\/wp-content\/uploads\/2024\/02\/IMG_0135-1320x990.jpg 1320w\" sizes=\"(max-width: 1024px) 100vw, 1024px\" \/><\/figure>\n\n\n\n<figure class=\"wp-block-image size-large\"><img loading=\"lazy\" decoding=\"async\" width=\"1024\" height=\"768\" data-id=\"24974\" src=\"https:\/\/www.protect-the-planet.de\/wp-content\/uploads\/2024\/02\/IMG_0141-1024x768.jpg\" alt=\"\" class=\"wp-image-24974\" srcset=\"https:\/\/www.protect-the-planet.de\/wp-content\/uploads\/2024\/02\/IMG_0141-1024x768.jpg 1024w, https:\/\/www.protect-the-planet.de\/wp-content\/uploads\/2024\/02\/IMG_0141-300x225.jpg 300w, https:\/\/www.protect-the-planet.de\/wp-content\/uploads\/2024\/02\/IMG_0141-768x576.jpg 768w, https:\/\/www.protect-the-planet.de\/wp-content\/uploads\/2024\/02\/IMG_0141-1536x1152.jpg 1536w, https:\/\/www.protect-the-planet.de\/wp-content\/uploads\/2024\/02\/IMG_0141-2048x1536.jpg 2048w, https:\/\/www.protect-the-planet.de\/wp-content\/uploads\/2024\/02\/IMG_0141-1320x990.jpg 1320w\" sizes=\"(max-width: 1024px) 100vw, 1024px\" \/><\/figure>\n\n\n\n<figure class=\"wp-block-image size-large\"><img loading=\"lazy\" decoding=\"async\" width=\"1024\" height=\"768\" data-id=\"24970\" src=\"https:\/\/www.protect-the-planet.de\/wp-content\/uploads\/2024\/02\/IMG_0142-1024x768.jpg\" alt=\"\" class=\"wp-image-24970\" srcset=\"https:\/\/www.protect-the-planet.de\/wp-content\/uploads\/2024\/02\/IMG_0142-1024x768.jpg 1024w, https:\/\/www.protect-the-planet.de\/wp-content\/uploads\/2024\/02\/IMG_0142-300x225.jpg 300w, https:\/\/www.protect-the-planet.de\/wp-content\/uploads\/2024\/02\/IMG_0142-768x576.jpg 768w, https:\/\/www.protect-the-planet.de\/wp-content\/uploads\/2024\/02\/IMG_0142-1536x1152.jpg 1536w, https:\/\/www.protect-the-planet.de\/wp-content\/uploads\/2024\/02\/IMG_0142-2048x1536.jpg 2048w, https:\/\/www.protect-the-planet.de\/wp-content\/uploads\/2024\/02\/IMG_0142-1320x990.jpg 1320w\" sizes=\"(max-width: 1024px) 100vw, 1024px\" \/><\/figure>\n<\/figure>\n\n\n\n<h2 class=\"wp-block-heading\"><strong>Erneuerbar und dezentral: Energieversorgung in den Quartieren der Zukunft<\/strong><\/h2>\n\n\n\n<p>07.02.2024, von Fenya Kirst<\/p>\n\n\n\n<div class=\"wp-block-group is-vertical is-layout-flex wp-container-core-group-is-layout-fe9cc265 wp-block-group-is-layout-flex\">\n<p>Wie steht es um M\u00fcnchens Strom und W\u00e4rme im Jahr 2024? Leider immer noch sehr fossil: Unsere Energie wird gro\u00dfteils zentral in den Erdgaskraftwerken im M\u00fcnchner S\u00fcden und im Kohleblock in Unterf\u00f6hring erzeugt \u2013&nbsp;auch wenn die Stadtwerke M\u00fcnchen das gerne anders darstellen. Klar k\u00f6nnten wir einfach darauf warten, dass die SWM irgendwann doch noch ein paar Geothermieanlagen bauen \u2013 und nat\u00fcrlich passiert da auch schon viel. Aber das wird zu lange dauern, und es wird nicht reichen. Deshalb m\u00fcssen wir die Energiewende auch im Kleinen denken und im Kleinen angehen \u2013 in den Stadtvierteln und Quartieren. Und praktischerweise hat das \u2013 neben Klimaschutz \u2013 noch viel mehr Vorteile.<\/p>\n\n\n\n<h3 class=\"wp-block-heading\">Drei Beispiele, wie dezentrale und erneuerbare Energieversorgung in Quartieren konkret aussehen kann:<\/h3>\n\n\n\n<ul class=\"wp-block-list\">\n<li><strong>In Frankfurt am Main wird das Stadtquartier Franky<\/strong>, derzeit noch im Entstehen, den W\u00e4rmebedarf seiner 3000 Bewohner*innen zu mindestens 60 % aus der Abw\u00e4rme eines nahegelegenen Rechenzentrums beziehen. Das spart CO2, das senkt die Heizkosten, und hilft auch dem Rechenzentrum: Laut Energieeffizienzgesetz m\u00fcssen die n\u00e4mlich sowieso darauf achten, ihre Energie aus der Abw\u00e4rme besser zu nutzen \u2013&nbsp;also eine klassische win-win-win-Situation.&nbsp;<\/li>\n<\/ul>\n\n\n\n<ul class=\"wp-block-list\">\n<li>In Quartier Nord-West der&nbsp;<strong>Neubausiedlung Am Ackermannbogen<\/strong>&nbsp;(beim Olympiapark) werden \u00fcber 300 Wohnungen mit Solarer Nahw\u00e4rme beheizt \u2013 Solarkollektoren auf den D\u00e4chern liefern Warmwasser das ganze Jahr hindurch, ein Hei\u00dfwasserspeicher stellt sicher, dass die solare W\u00e4rme auch einen Gro\u00dfteil des Winters zur Verf\u00fcgung steht. Fast die H\u00e4lfte des Heizw\u00e4rmebedarfs wird so durch die Sonne geliefert&nbsp;\u2013 f\u00fcr die Anwohner*innen auch ein finanzieller Vorteil.&nbsp;<\/li>\n<\/ul>\n\n\n\n<ul class=\"wp-block-list\">\n<li>Ein pers\u00f6nliches Beispiel: Ich habe einen Bekannten, der (au\u00dferhalb M\u00fcnchens) mit seiner Nachbarschaft ein eigenes&nbsp;<strong>Hackschnitzelheizkraftwerk<\/strong>&nbsp;betreibt, inklusive Beteiligung an Wartungsarbeiten und Co. Die Nachbarschaft nimmt das sehr gerne als sehr regelm\u00e4\u00dfigen Anlass, um gemeinsam ein, zwei, drei, auch mehrere Biere trinken zu gehen. Gemeinsame Projekte wie dieses verbinden Menschen, sie schaffen Identit\u00e4t und Gemeinschaft. Was f\u00fcr eine sch\u00f6ne Nebenwirkung dezentraler Energieversorgung.<\/li>\n<\/ul>\n\n\n\n<p>Ein Blick auf Quartiere wie Franky oder den Ackermannbogen, derzeit nur Pilotprojekte, geben uns einen Eindruck davon, wie vielf\u00e4ltig die L\u00f6sungen sein k\u00f6nnen \u2013 sein m\u00fcssen \u2013 aber auch sein d\u00fcrfen, um die Energiewende ganz lokal bei sich vor Ort umzusetzen. Wie sch\u00f6n eigentlich: Jedes Quartier kann eine L\u00f6sung f\u00fcr sich finden, die zur lokalen Gegebenheit am besten passt. Ganz individuell, unter Beteiligung der Menschen vor Ort, die \u00fcber \u201eihre\u201c ganz eigene Energiel\u00f6sung auch ein St\u00fcck gemeinsame Identit\u00e4t aufbauen \u2013 und vielleicht sogar finanziell an Gewinnen beteiligt werden k\u00f6nnen.\u00a0<\/p>\n\n\n\n<h3 class=\"wp-block-heading\">Fazit<\/h3>\n\n\n\n<p>Eine dezentrale und erneuerbare Energieversorgung schafft Unabh\u00e4ngigkeit von gro\u00dfen Stromanbietern und von \u00d6l- und Gaspreisschwankungen, Unabh\u00e4ngigkeit davon, ob irgendwo hunderte Kilometer weit entfernt ein Strommast umgefallen ist. Es lohnt sich finanziell, meist sind die Strom- und Heizkosten signifikant g\u00fcnstiger. Dazu kommen soziale Identit\u00e4t, Teilhabe, Verbindung in die Nachbarschaft. Das alles kommt obendrauf auf das Grundziel, das eigentlich ja schon f\u00fcr sich selbst steht: Klimaneutralit\u00e4t. Wir k\u00f6nnen damit nur gewinnen.<\/p>\n<\/div>\n","protected":false},"excerpt":{"rendered":"<p>\u201eWie l\u00e4sst sich ein wirklich nachhaltiges und zukunftsf\u00e4higes M\u00fcnchen gestalten? Welche Innovationen in der Stadtplanung brauchen wir, um zuk\u00fcnftige Herausforderungen in Mobilit\u00e4t, Bauwesen und Stadtentwicklung zu meistern?\u201c Um diese Fragen ging es beim\u00a0Sustainable City Mash-Up\u00a0am 07.02., organisiert von Mucbook\/Munich Innovation Crew. Und was eignet sich besser als ein gem\u00fctliches Abendevent in der szenischen Zwischennutzung PERLE [&hellip;]<\/p>\n","protected":false},"author":6,"featured_media":24971,"comment_status":"closed","ping_status":"closed","sticky":false,"template":"","format":"standard","meta":{"footnotes":""},"categories":[729],"tags":[1008,858,1009,753,1010,1011,1012],"class_list":["post-24976","post","type-post","status-publish","format-standard","has-post-thumbnail","hentry","category-news","tag-energie-en","tag-event-en","tag-mucbook-en","tag-muenchen-en","tag-munich-en","tag-stadtwerke-muenchen-en","tag-sustainable-city-mashup-en"],"yoast_head":"<!-- This site is optimized with the Yoast SEO plugin v27.5 - https:\/\/yoast.com\/product\/yoast-seo-wordpress\/ -->\n<title>Impuls: Energieversorgung erneuerbar und dezentral? \u00a0 - Protect the Planet<\/title>\n<meta name=\"description\" content=\"F\u00fcr einen Impulsvortrag \u00fcber dezentrale Energieversorgung waren wir am 07.02.2024 zum Sustainable City Mashup von Mucbook eingeladen.\" \/>\n<meta name=\"robots\" content=\"index, follow, max-snippet:-1, max-image-preview:large, max-video-preview:-1\" \/>\n<link rel=\"canonical\" href=\"https:\/\/www.protect-the-planet.de\/en\/muenchens-energieversorgung-erneuerbar-und-dezentral\/\" \/>\n<meta property=\"og:locale\" content=\"en_US\" \/>\n<meta property=\"og:type\" content=\"article\" \/>\n<meta property=\"og:title\" content=\"Impuls: Energieversorgung erneuerbar und dezentral? \u00a0 - Protect the Planet\" \/>\n<meta property=\"og:description\" content=\"F\u00fcr einen Impulsvortrag \u00fcber dezentrale Energieversorgung waren wir am 07.02.2024 zum Sustainable City Mashup von Mucbook eingeladen.\" \/>\n<meta property=\"og:url\" content=\"https:\/\/www.protect-the-planet.de\/en\/muenchens-energieversorgung-erneuerbar-und-dezentral\/\" \/>\n<meta property=\"og:site_name\" content=\"Protect the Planet\" \/>\n<meta property=\"article:publisher\" content=\"https:\/\/www.facebook.com\/protecttheplanetDE\/\" \/>\n<meta property=\"article:published_time\" content=\"2024-02-08T11:21:36+00:00\" \/>\n<meta property=\"article:modified_time\" content=\"2024-02-08T15:50:18+00:00\" \/>\n<meta property=\"og:image\" content=\"https:\/\/www.protect-the-planet.de\/wp-content\/uploads\/2024\/02\/IMG_0142-scaled.jpg\" \/>\n\t<meta property=\"og:image:width\" content=\"2560\" \/>\n\t<meta property=\"og:image:height\" content=\"1920\" \/>\n\t<meta property=\"og:image:type\" content=\"image\/jpeg\" \/>\n<meta name=\"author\" content=\"Fenya Kirst\" \/>\n<meta name=\"twitter:card\" content=\"summary_large_image\" \/>\n<meta name=\"twitter:creator\" content=\"@PtP_de\" \/>\n<meta name=\"twitter:site\" content=\"@PtP_de\" \/>\n<meta name=\"twitter:label1\" content=\"Written by\" \/>\n\t<meta name=\"twitter:data1\" content=\"Fenya Kirst\" \/>\n\t<meta name=\"twitter:label2\" content=\"Est. reading time\" \/>\n\t<meta name=\"twitter:data2\" content=\"5 minutes\" \/>\n<script type=\"application\/ld+json\" class=\"yoast-schema-graph\">{\"@context\":\"https:\\\/\\\/schema.org\",\"@graph\":[{\"@type\":\"Article\",\"@id\":\"https:\\\/\\\/www.protect-the-planet.de\\\/en\\\/muenchens-energieversorgung-erneuerbar-und-dezentral\\\/#article\",\"isPartOf\":{\"@id\":\"https:\\\/\\\/www.protect-the-planet.de\\\/en\\\/muenchens-energieversorgung-erneuerbar-und-dezentral\\\/\"},\"author\":{\"name\":\"Fenya Kirst\",\"@id\":\"https:\\\/\\\/www.protect-the-planet.de\\\/en\\\/#\\\/schema\\\/person\\\/34a10854efaaf0bf11a3b6fbe966fcd0\"},\"headline\":\"Impuls: Energieversorgung erneuerbar und dezentral? \u00a0\",\"datePublished\":\"2024-02-08T11:21:36+00:00\",\"dateModified\":\"2024-02-08T15:50:18+00:00\",\"mainEntityOfPage\":{\"@id\":\"https:\\\/\\\/www.protect-the-planet.de\\\/en\\\/muenchens-energieversorgung-erneuerbar-und-dezentral\\\/\"},\"wordCount\":736,\"publisher\":{\"@id\":\"https:\\\/\\\/www.protect-the-planet.de\\\/en\\\/#organization\"},\"image\":{\"@id\":\"https:\\\/\\\/www.protect-the-planet.de\\\/en\\\/muenchens-energieversorgung-erneuerbar-und-dezentral\\\/#primaryimage\"},\"thumbnailUrl\":\"https:\\\/\\\/www.protect-the-planet.de\\\/wp-content\\\/uploads\\\/2024\\\/02\\\/IMG_0142-scaled.jpg\",\"keywords\":[\"Energie\",\"event\",\"Mucbook\",\"M\u00fcnchen\",\"Munich\",\"Stadtwerke M\u00fcnchen\",\"Sustainable City Mashup\"],\"articleSection\":[\"News\"],\"inLanguage\":\"en-US\"},{\"@type\":\"WebPage\",\"@id\":\"https:\\\/\\\/www.protect-the-planet.de\\\/en\\\/muenchens-energieversorgung-erneuerbar-und-dezentral\\\/\",\"url\":\"https:\\\/\\\/www.protect-the-planet.de\\\/en\\\/muenchens-energieversorgung-erneuerbar-und-dezentral\\\/\",\"name\":\"Impuls: Energieversorgung erneuerbar und dezentral? \u00a0 - Protect the Planet\",\"isPartOf\":{\"@id\":\"https:\\\/\\\/www.protect-the-planet.de\\\/en\\\/#website\"},\"primaryImageOfPage\":{\"@id\":\"https:\\\/\\\/www.protect-the-planet.de\\\/en\\\/muenchens-energieversorgung-erneuerbar-und-dezentral\\\/#primaryimage\"},\"image\":{\"@id\":\"https:\\\/\\\/www.protect-the-planet.de\\\/en\\\/muenchens-energieversorgung-erneuerbar-und-dezentral\\\/#primaryimage\"},\"thumbnailUrl\":\"https:\\\/\\\/www.protect-the-planet.de\\\/wp-content\\\/uploads\\\/2024\\\/02\\\/IMG_0142-scaled.jpg\",\"datePublished\":\"2024-02-08T11:21:36+00:00\",\"dateModified\":\"2024-02-08T15:50:18+00:00\",\"description\":\"F\u00fcr einen Impulsvortrag \u00fcber dezentrale Energieversorgung waren wir am 07.02.2024 zum Sustainable City Mashup von Mucbook eingeladen.\",\"breadcrumb\":{\"@id\":\"https:\\\/\\\/www.protect-the-planet.de\\\/en\\\/muenchens-energieversorgung-erneuerbar-und-dezentral\\\/#breadcrumb\"},\"inLanguage\":\"en-US\",\"potentialAction\":[{\"@type\":\"ReadAction\",\"target\":[\"https:\\\/\\\/www.protect-the-planet.de\\\/en\\\/muenchens-energieversorgung-erneuerbar-und-dezentral\\\/\"]}]},{\"@type\":\"ImageObject\",\"inLanguage\":\"en-US\",\"@id\":\"https:\\\/\\\/www.protect-the-planet.de\\\/en\\\/muenchens-energieversorgung-erneuerbar-und-dezentral\\\/#primaryimage\",\"url\":\"https:\\\/\\\/www.protect-the-planet.de\\\/wp-content\\\/uploads\\\/2024\\\/02\\\/IMG_0142-scaled.jpg\",\"contentUrl\":\"https:\\\/\\\/www.protect-the-planet.de\\\/wp-content\\\/uploads\\\/2024\\\/02\\\/IMG_0142-scaled.jpg\",\"width\":2560,\"height\":1920,\"caption\":\"Man sieht einen gro\u00dfen Veranstaltungsraum am Abend mit bunter Beleuchtung, Beamer und vielen Menschen auf gem\u00fctlichen St\u00fchlen und Sesseln.\"},{\"@type\":\"BreadcrumbList\",\"@id\":\"https:\\\/\\\/www.protect-the-planet.de\\\/en\\\/muenchens-energieversorgung-erneuerbar-und-dezentral\\\/#breadcrumb\",\"itemListElement\":[{\"@type\":\"ListItem\",\"position\":1,\"name\":\"Startseite\",\"item\":\"https:\\\/\\\/www.protect-the-planet.de\\\/en\\\/home\\\/\"},{\"@type\":\"ListItem\",\"position\":2,\"name\":\"Impuls: Energieversorgung erneuerbar und dezentral? \u00a0\"}]},{\"@type\":\"WebSite\",\"@id\":\"https:\\\/\\\/www.protect-the-planet.de\\\/en\\\/#website\",\"url\":\"https:\\\/\\\/www.protect-the-planet.de\\\/en\\\/\",\"name\":\"Protect the Planet\",\"description\":\"If we don&#039;t change, the climate will.\",\"publisher\":{\"@id\":\"https:\\\/\\\/www.protect-the-planet.de\\\/en\\\/#organization\"},\"alternateName\":\"Protect the Panet gGmbH\",\"potentialAction\":[{\"@type\":\"SearchAction\",\"target\":{\"@type\":\"EntryPoint\",\"urlTemplate\":\"https:\\\/\\\/www.protect-the-planet.de\\\/en\\\/?s={search_term_string}\"},\"query-input\":{\"@type\":\"PropertyValueSpecification\",\"valueRequired\":true,\"valueName\":\"search_term_string\"}}],\"inLanguage\":\"en-US\"},{\"@type\":\"Organization\",\"@id\":\"https:\\\/\\\/www.protect-the-planet.de\\\/en\\\/#organization\",\"name\":\"Protect the Planet\",\"url\":\"https:\\\/\\\/www.protect-the-planet.de\\\/en\\\/\",\"logo\":{\"@type\":\"ImageObject\",\"inLanguage\":\"en-US\",\"@id\":\"https:\\\/\\\/www.protect-the-planet.de\\\/en\\\/#\\\/schema\\\/logo\\\/image\\\/\",\"url\":\"https:\\\/\\\/www.protect-the-planet.de\\\/wp-content\\\/uploads\\\/2023\\\/09\\\/LOGO-positiv_transparent-klein.png\",\"contentUrl\":\"https:\\\/\\\/www.protect-the-planet.de\\\/wp-content\\\/uploads\\\/2023\\\/09\\\/LOGO-positiv_transparent-klein.png\",\"width\":123,\"height\":68,\"caption\":\"Protect the Planet\"},\"image\":{\"@id\":\"https:\\\/\\\/www.protect-the-planet.de\\\/en\\\/#\\\/schema\\\/logo\\\/image\\\/\"},\"sameAs\":[\"https:\\\/\\\/www.facebook.com\\\/protecttheplanetDE\\\/\",\"https:\\\/\\\/x.com\\\/PtP_de\",\"https:\\\/\\\/www.instagram.com\\\/protecttheplanetorg\\\/\",\"https:\\\/\\\/www.linkedin.com\\\/company\\\/protect-the-planet\",\"https:\\\/\\\/www.youtube.com\\\/@protecttheplanet\"]},{\"@type\":\"Person\",\"@id\":\"https:\\\/\\\/www.protect-the-planet.de\\\/en\\\/#\\\/schema\\\/person\\\/34a10854efaaf0bf11a3b6fbe966fcd0\",\"name\":\"Fenya Kirst\",\"image\":{\"@type\":\"ImageObject\",\"inLanguage\":\"en-US\",\"@id\":\"https:\\\/\\\/www.protect-the-planet.de\\\/wp-content\\\/uploads\\\/2024\\\/03\\\/cropped-2310_ProtectThePlanet_Portraet-Fenya-quadr-scaled-1-96x96.jpg\",\"url\":\"https:\\\/\\\/www.protect-the-planet.de\\\/wp-content\\\/uploads\\\/2024\\\/03\\\/cropped-2310_ProtectThePlanet_Portraet-Fenya-quadr-scaled-1-96x96.jpg\",\"contentUrl\":\"https:\\\/\\\/www.protect-the-planet.de\\\/wp-content\\\/uploads\\\/2024\\\/03\\\/cropped-2310_ProtectThePlanet_Portraet-Fenya-quadr-scaled-1-96x96.jpg\",\"caption\":\"Fenya Kirst\"},\"description\":\"fenya.kirst@protect-the-planet.de +49 162 9085805\",\"url\":\"https:\\\/\\\/www.protect-the-planet.de\\\/en\\\/author\\\/fenya-kirst\\\/\"}]}<\/script>\n<!-- \/ Yoast SEO plugin. -->","yoast_head_json":{"title":"Impuls: Energieversorgung erneuerbar und dezentral? \u00a0 - Protect the Planet","description":"F\u00fcr einen Impulsvortrag \u00fcber dezentrale Energieversorgung waren wir am 07.02.2024 zum Sustainable City Mashup von Mucbook eingeladen.","robots":{"index":"index","follow":"follow","max-snippet":"max-snippet:-1","max-image-preview":"max-image-preview:large","max-video-preview":"max-video-preview:-1"},"canonical":"https:\/\/www.protect-the-planet.de\/en\/muenchens-energieversorgung-erneuerbar-und-dezentral\/","og_locale":"en_US","og_type":"article","og_title":"Impuls: Energieversorgung erneuerbar und dezentral? \u00a0 - Protect the Planet","og_description":"F\u00fcr einen Impulsvortrag \u00fcber dezentrale Energieversorgung waren wir am 07.02.2024 zum Sustainable City Mashup von Mucbook eingeladen.","og_url":"https:\/\/www.protect-the-planet.de\/en\/muenchens-energieversorgung-erneuerbar-und-dezentral\/","og_site_name":"Protect the Planet","article_publisher":"https:\/\/www.facebook.com\/protecttheplanetDE\/","article_published_time":"2024-02-08T11:21:36+00:00","article_modified_time":"2024-02-08T15:50:18+00:00","og_image":[{"width":2560,"height":1920,"url":"https:\/\/www.protect-the-planet.de\/wp-content\/uploads\/2024\/02\/IMG_0142-scaled.jpg","type":"image\/jpeg"}],"author":"Fenya Kirst","twitter_card":"summary_large_image","twitter_creator":"@PtP_de","twitter_site":"@PtP_de","twitter_misc":{"Written by":"Fenya Kirst","Est. reading time":"5 minutes"},"schema":{"@context":"https:\/\/schema.org","@graph":[{"@type":"Article","@id":"https:\/\/www.protect-the-planet.de\/en\/muenchens-energieversorgung-erneuerbar-und-dezentral\/#article","isPartOf":{"@id":"https:\/\/www.protect-the-planet.de\/en\/muenchens-energieversorgung-erneuerbar-und-dezentral\/"},"author":{"name":"Fenya Kirst","@id":"https:\/\/www.protect-the-planet.de\/en\/#\/schema\/person\/34a10854efaaf0bf11a3b6fbe966fcd0"},"headline":"Impuls: Energieversorgung erneuerbar und dezentral? \u00a0","datePublished":"2024-02-08T11:21:36+00:00","dateModified":"2024-02-08T15:50:18+00:00","mainEntityOfPage":{"@id":"https:\/\/www.protect-the-planet.de\/en\/muenchens-energieversorgung-erneuerbar-und-dezentral\/"},"wordCount":736,"publisher":{"@id":"https:\/\/www.protect-the-planet.de\/en\/#organization"},"image":{"@id":"https:\/\/www.protect-the-planet.de\/en\/muenchens-energieversorgung-erneuerbar-und-dezentral\/#primaryimage"},"thumbnailUrl":"https:\/\/www.protect-the-planet.de\/wp-content\/uploads\/2024\/02\/IMG_0142-scaled.jpg","keywords":["Energie","event","Mucbook","M\u00fcnchen","Munich","Stadtwerke M\u00fcnchen","Sustainable City Mashup"],"articleSection":["News"],"inLanguage":"en-US"},{"@type":"WebPage","@id":"https:\/\/www.protect-the-planet.de\/en\/muenchens-energieversorgung-erneuerbar-und-dezentral\/","url":"https:\/\/www.protect-the-planet.de\/en\/muenchens-energieversorgung-erneuerbar-und-dezentral\/","name":"Impuls: Energieversorgung erneuerbar und dezentral? \u00a0 - Protect the Planet","isPartOf":{"@id":"https:\/\/www.protect-the-planet.de\/en\/#website"},"primaryImageOfPage":{"@id":"https:\/\/www.protect-the-planet.de\/en\/muenchens-energieversorgung-erneuerbar-und-dezentral\/#primaryimage"},"image":{"@id":"https:\/\/www.protect-the-planet.de\/en\/muenchens-energieversorgung-erneuerbar-und-dezentral\/#primaryimage"},"thumbnailUrl":"https:\/\/www.protect-the-planet.de\/wp-content\/uploads\/2024\/02\/IMG_0142-scaled.jpg","datePublished":"2024-02-08T11:21:36+00:00","dateModified":"2024-02-08T15:50:18+00:00","description":"F\u00fcr einen Impulsvortrag \u00fcber dezentrale Energieversorgung waren wir am 07.02.2024 zum Sustainable City Mashup von Mucbook eingeladen.","breadcrumb":{"@id":"https:\/\/www.protect-the-planet.de\/en\/muenchens-energieversorgung-erneuerbar-und-dezentral\/#breadcrumb"},"inLanguage":"en-US","potentialAction":[{"@type":"ReadAction","target":["https:\/\/www.protect-the-planet.de\/en\/muenchens-energieversorgung-erneuerbar-und-dezentral\/"]}]},{"@type":"ImageObject","inLanguage":"en-US","@id":"https:\/\/www.protect-the-planet.de\/en\/muenchens-energieversorgung-erneuerbar-und-dezentral\/#primaryimage","url":"https:\/\/www.protect-the-planet.de\/wp-content\/uploads\/2024\/02\/IMG_0142-scaled.jpg","contentUrl":"https:\/\/www.protect-the-planet.de\/wp-content\/uploads\/2024\/02\/IMG_0142-scaled.jpg","width":2560,"height":1920,"caption":"Man sieht einen gro\u00dfen Veranstaltungsraum am Abend mit bunter Beleuchtung, Beamer und vielen Menschen auf gem\u00fctlichen St\u00fchlen und Sesseln."},{"@type":"BreadcrumbList","@id":"https:\/\/www.protect-the-planet.de\/en\/muenchens-energieversorgung-erneuerbar-und-dezentral\/#breadcrumb","itemListElement":[{"@type":"ListItem","position":1,"name":"Startseite","item":"https:\/\/www.protect-the-planet.de\/en\/home\/"},{"@type":"ListItem","position":2,"name":"Impuls: Energieversorgung erneuerbar und dezentral? \u00a0"}]},{"@type":"WebSite","@id":"https:\/\/www.protect-the-planet.de\/en\/#website","url":"https:\/\/www.protect-the-planet.de\/en\/","name":"Protect the Planet","description":"If we don&#039;t change, the climate will.","publisher":{"@id":"https:\/\/www.protect-the-planet.de\/en\/#organization"},"alternateName":"Protect the Panet gGmbH","potentialAction":[{"@type":"SearchAction","target":{"@type":"EntryPoint","urlTemplate":"https:\/\/www.protect-the-planet.de\/en\/?s={search_term_string}"},"query-input":{"@type":"PropertyValueSpecification","valueRequired":true,"valueName":"search_term_string"}}],"inLanguage":"en-US"},{"@type":"Organization","@id":"https:\/\/www.protect-the-planet.de\/en\/#organization","name":"Protect the Planet","url":"https:\/\/www.protect-the-planet.de\/en\/","logo":{"@type":"ImageObject","inLanguage":"en-US","@id":"https:\/\/www.protect-the-planet.de\/en\/#\/schema\/logo\/image\/","url":"https:\/\/www.protect-the-planet.de\/wp-content\/uploads\/2023\/09\/LOGO-positiv_transparent-klein.png","contentUrl":"https:\/\/www.protect-the-planet.de\/wp-content\/uploads\/2023\/09\/LOGO-positiv_transparent-klein.png","width":123,"height":68,"caption":"Protect the Planet"},"image":{"@id":"https:\/\/www.protect-the-planet.de\/en\/#\/schema\/logo\/image\/"},"sameAs":["https:\/\/www.facebook.com\/protecttheplanetDE\/","https:\/\/x.com\/PtP_de","https:\/\/www.instagram.com\/protecttheplanetorg\/","https:\/\/www.linkedin.com\/company\/protect-the-planet","https:\/\/www.youtube.com\/@protecttheplanet"]},{"@type":"Person","@id":"https:\/\/www.protect-the-planet.de\/en\/#\/schema\/person\/34a10854efaaf0bf11a3b6fbe966fcd0","name":"Fenya Kirst","image":{"@type":"ImageObject","inLanguage":"en-US","@id":"https:\/\/www.protect-the-planet.de\/wp-content\/uploads\/2024\/03\/cropped-2310_ProtectThePlanet_Portraet-Fenya-quadr-scaled-1-96x96.jpg","url":"https:\/\/www.protect-the-planet.de\/wp-content\/uploads\/2024\/03\/cropped-2310_ProtectThePlanet_Portraet-Fenya-quadr-scaled-1-96x96.jpg","contentUrl":"https:\/\/www.protect-the-planet.de\/wp-content\/uploads\/2024\/03\/cropped-2310_ProtectThePlanet_Portraet-Fenya-quadr-scaled-1-96x96.jpg","caption":"Fenya Kirst"},"description":"fenya.kirst@protect-the-planet.de +49 162 9085805","url":"https:\/\/www.protect-the-planet.de\/en\/author\/fenya-kirst\/"}]}},"_links":{"self":[{"href":"https:\/\/www.protect-the-planet.de\/en\/wp-json\/wp\/v2\/posts\/24976","targetHints":{"allow":["GET"]}}],"collection":[{"href":"https:\/\/www.protect-the-planet.de\/en\/wp-json\/wp\/v2\/posts"}],"about":[{"href":"https:\/\/www.protect-the-planet.de\/en\/wp-json\/wp\/v2\/types\/post"}],"author":[{"embeddable":true,"href":"https:\/\/www.protect-the-planet.de\/en\/wp-json\/wp\/v2\/users\/6"}],"replies":[{"embeddable":true,"href":"https:\/\/www.protect-the-planet.de\/en\/wp-json\/wp\/v2\/comments?post=24976"}],"version-history":[{"count":0,"href":"https:\/\/www.protect-the-planet.de\/en\/wp-json\/wp\/v2\/posts\/24976\/revisions"}],"wp:featuredmedia":[{"embeddable":true,"href":"https:\/\/www.protect-the-planet.de\/en\/wp-json\/wp\/v2\/media\/24971"}],"wp:attachment":[{"href":"https:\/\/www.protect-the-planet.de\/en\/wp-json\/wp\/v2\/media?parent=24976"}],"wp:term":[{"taxonomy":"category","embeddable":true,"href":"https:\/\/www.protect-the-planet.de\/en\/wp-json\/wp\/v2\/categories?post=24976"},{"taxonomy":"post_tag","embeddable":true,"href":"https:\/\/www.protect-the-planet.de\/en\/wp-json\/wp\/v2\/tags?post=24976"}],"curies":[{"name":"wp","href":"https:\/\/api.w.org\/{rel}","templated":true}]}}