{"id":24950,"date":"2024-02-08T09:36:13","date_gmt":"2024-02-08T08:36:13","guid":{"rendered":"https:\/\/www.protect-the-planet.de\/?p=24950"},"modified":"2024-04-29T13:42:16","modified_gmt":"2024-04-29T11:42:16","slug":"gemeinsam-gegen-rechts-fuer-demokratie-vielfalt","status":"publish","type":"post","link":"https:\/\/www.protect-the-planet.de\/en\/gemeinsam-gegen-rechts-fuer-demokratie-vielfalt\/","title":{"rendered":"320.000 Menschen in M\u00fcnchen gegen Rechts auf der Stra\u00dfe"},"content":{"rendered":"\t\t<div data-elementor-type=\"wp-post\" data-elementor-id=\"24950\" class=\"elementor elementor-24950 elementor-24949\" data-elementor-post-type=\"post\">\n\t\t\t\t<div class=\"elementor-element elementor-element-6f7ba5a5 e-flex e-con-boxed e-con e-parent\" data-id=\"6f7ba5a5\" data-element_type=\"container\" data-e-type=\"container\">\n\t\t\t\t\t<div class=\"e-con-inner\">\n\t\t\t\t<div class=\"elementor-element elementor-element-368c5612 elementor-widget elementor-widget-text-editor\" data-id=\"368c5612\" data-element_type=\"widget\" data-e-type=\"widget\" data-widget_type=\"text-editor.default\">\n\t\t\t\t<div class=\"elementor-widget-container\">\n\t\t\t\t\t\t\t\t\t<h3 style=\"font-weight: 400;\"><strong>R\u00fcckblick auf die Demonstration \u201eGemeinsam gegen Rechts \u2013 f\u00fcr Demokratie &amp; Vielfalt\u201c am 21.01.2024 <\/strong>\u00a0\u00a0\u00a0<\/h3><p style=\"font-weight: 400;\">Mit einer beeindruckenden Teilnehmer*innenzahl von gesch\u00e4tzten 320.000 Menschen setzte die Veranstaltung am Sonntag, den 21. Januar in M\u00fcnchen ein starkes Zeichen gegen den Rechtsruck in Deutschland. Der \u00fcberw\u00e4ltigende Andrang f\u00fchrte dazu, dass die Demonstration aus Sicherheitsgr\u00fcnden vorzeitig beendet werden musste. Die Demonstration wurde von einem B\u00fcndnis aus \u00fcber 270 Organisationen, Vereinen und Institutionen organisiert. Protect the Planet war als Teil dieses B\u00fcndnisses am Tag selbst vor Ort.<\/p><h3><strong>Ein \u00fcberw\u00e4ltigendes Signal<\/strong><\/h3><p style=\"font-weight: 400;\">Die Stra\u00dfen rund um das Siegestor waren gef\u00fcllt mit Menschen, die sich f\u00fcr Demokratie, Vielfalt und Toleranz stark machten. Die enorme Beteiligung unterstreicht nicht nur den Wunsch der Bev\u00f6lkerung nach einem klaren Statement gegen den Rechtsruck, sondern auch den Zusammenhalt einer breiten zivilgesellschaftlichen Front. Menschen verschiedenster Hintergr\u00fcnde, Altersgruppen und Interessen kamen zusammen, um f\u00fcr eine gerechte Gesellschaft einzustehen. Transparente, Plakate und Slogans spiegelten die Vielfalt der Anliegen und die Entschlossenheit wider, gemeinsam eine positive Ver\u00e4nderung herbeizuf\u00fchren.<\/p><figure id=\"attachment_24952\" aria-describedby=\"caption-attachment-24952\" style=\"width: 234px\" class=\"wp-caption aligncenter\"><img fetchpriority=\"high\" decoding=\"async\" class=\"size-medium wp-image-24952\" src=\"https:\/\/www.protect-the-planet.de\/wp-content\/uploads\/2024\/02\/signal-2024-02-08-091350_002-234x300.jpeg\" alt=\"Demomenge Demo gegen Rechts \" width=\"234\" height=\"300\" srcset=\"https:\/\/www.protect-the-planet.de\/wp-content\/uploads\/2024\/02\/signal-2024-02-08-091350_002-234x300.jpeg 234w, https:\/\/www.protect-the-planet.de\/wp-content\/uploads\/2024\/02\/signal-2024-02-08-091350_002-799x1024.jpeg 799w, https:\/\/www.protect-the-planet.de\/wp-content\/uploads\/2024\/02\/signal-2024-02-08-091350_002-768x985.jpeg 768w, https:\/\/www.protect-the-planet.de\/wp-content\/uploads\/2024\/02\/signal-2024-02-08-091350_002.jpeg 915w\" sizes=\"(max-width: 234px) 100vw, 234px\" \/><figcaption id=\"caption-attachment-24952\" class=\"wp-caption-text\">gro\u00dfer Andrang bei der &#8220;Demo gegen Rechts&#8221;, <em>Foto: Jennifer von der Heydt<\/em><\/figcaption><\/figure><h3><strong>Was hat Demokratie mit Klimaschutz zu tun?<\/strong><\/h3><p style=\"font-weight: 400;\">Die Themen Klimaschutz und Demokratie k\u00f6nnen nicht getrennt voneinander betrachtet werden. Wie Luisa Neubauer gesagt hat: \u00a0\u201cWir k\u00f6nnen uns die Sache mit der Klimakrise an den Nagel h\u00e4ngen, wenn die Demokratie geschreddert wird. [&#8230;] Eine gerechte Demokratie braucht ein gesch\u00fctztes Klima. Wenn wir das Klima retten wollen, brauchen wir eine intakte Demokratie.\u201c Demokratie ist die Basis f\u00fcr sozial gerechten Klimaschutz. Daher gehen auch wir gegen Faschismus auf die Stra\u00dfe.<\/p><h3>Ausblick auf die Zukunft<\/h3><p style=\"font-weight: 400;\">Trotz des unerwarteten Endes war die Demonstration ein beeindruckendes Zeichen f\u00fcr den Wunsch nach Demokratie und Vielfalt in der Gesellschaft. Der enorme Zuspruch verdeutlicht, dass Menschen bereit sind, sich gegen extremistische Ideologien zu engagieren. Dieser Moment sollte als Ansporn dienen, weiterhin f\u00fcr demokratische Werte einzutreten und den Kampf gegen rechte Tendenzen fortzusetzen, auf der Stra\u00dfe, als auch im t\u00e4glichen Leben. Eine starke Gemeinschaft ist in der Lage ist, positive Ver\u00e4nderungen herbeizuf\u00fchren.<\/p>\t\t\t\t\t\t\t\t<\/div>\n\t\t\t\t<\/div>\n\t\t\t\t\t<\/div>\n\t\t\t\t<\/div>\n\t\t\t\t<\/div>\n\t\t","protected":false},"excerpt":{"rendered":"<p>Mit einer beeindruckenden Teilnehmer*innenzahl von gesch\u00e4tzten 320.000 Menschen setzte die Veranstaltung am Sonntag, den 21. Januar in M\u00fcnchen ein starkes Zeichen gegen den Rechtsruck in Deutschland. <\/p>\n","protected":false},"author":4,"featured_media":25048,"comment_status":"closed","ping_status":"closed","sticky":false,"template":"","format":"standard","meta":{"footnotes":""},"categories":[729],"tags":[821,752,763,753,999,1043],"class_list":["post-24950","post","type-post","status-publish","format-standard","has-post-thumbnail","hentry","category-news","tag-demokratie-en","tag-demonstration-en","tag-fridays-for-future-en","tag-muenchen-en","tag-rechtsruck","tag-vielfalt-en"],"yoast_head":"<!-- This site is optimized with the Yoast SEO plugin v27.5 - https:\/\/yoast.com\/product\/yoast-seo-wordpress\/ -->\n<title>320.000 Menschen in M\u00fcnchen gegen Rechts auf der Stra\u00dfe - Protect the Planet<\/title>\n<meta name=\"description\" content=\"Protect the Planet war bei der Demo am Sonntag \u201eGemeinsam gegen Rechts \u2013 F\u00fcr Demokratie &amp; Vielfalt\u201c dabei.\" \/>\n<meta name=\"robots\" content=\"index, follow, max-snippet:-1, max-image-preview:large, max-video-preview:-1\" \/>\n<link rel=\"canonical\" href=\"https:\/\/www.protect-the-planet.de\/en\/gemeinsam-gegen-rechts-fuer-demokratie-vielfalt\/\" \/>\n<meta property=\"og:locale\" content=\"en_US\" \/>\n<meta property=\"og:type\" content=\"article\" \/>\n<meta property=\"og:title\" content=\"320.000 Menschen in M\u00fcnchen gegen Rechts auf der Stra\u00dfe - Protect the Planet\" \/>\n<meta property=\"og:description\" content=\"Protect the Planet war bei der Demo am Sonntag \u201eGemeinsam gegen Rechts \u2013 F\u00fcr Demokratie &amp; Vielfalt\u201c dabei.\" \/>\n<meta property=\"og:url\" content=\"https:\/\/www.protect-the-planet.de\/en\/gemeinsam-gegen-rechts-fuer-demokratie-vielfalt\/\" \/>\n<meta property=\"og:site_name\" content=\"Protect the Planet\" \/>\n<meta property=\"article:publisher\" content=\"https:\/\/www.facebook.com\/protecttheplanetDE\/\" \/>\n<meta property=\"article:published_time\" content=\"2024-02-08T08:36:13+00:00\" \/>\n<meta property=\"article:modified_time\" content=\"2024-04-29T11:42:16+00:00\" \/>\n<meta property=\"og:image\" content=\"https:\/\/www.protect-the-planet.de\/wp-content\/uploads\/2024\/02\/image00001-scaled.jpeg\" \/>\n\t<meta property=\"og:image:width\" content=\"1920\" \/>\n\t<meta property=\"og:image:height\" content=\"2560\" \/>\n\t<meta property=\"og:image:type\" content=\"image\/jpeg\" \/>\n<meta name=\"author\" content=\"Jana H\u00e4fner\" \/>\n<meta name=\"twitter:card\" content=\"summary_large_image\" \/>\n<meta name=\"twitter:creator\" content=\"@PtP_de\" \/>\n<meta name=\"twitter:site\" content=\"@PtP_de\" \/>\n<meta name=\"twitter:label1\" content=\"Written by\" \/>\n\t<meta name=\"twitter:data1\" content=\"Jana H\u00e4fner\" \/>\n\t<meta name=\"twitter:label2\" content=\"Est. reading time\" \/>\n\t<meta name=\"twitter:data2\" content=\"3 minutes\" \/>\n<script type=\"application\/ld+json\" class=\"yoast-schema-graph\">{\"@context\":\"https:\\\/\\\/schema.org\",\"@graph\":[{\"@type\":\"Article\",\"@id\":\"https:\\\/\\\/www.protect-the-planet.de\\\/en\\\/gemeinsam-gegen-rechts-fuer-demokratie-vielfalt\\\/#article\",\"isPartOf\":{\"@id\":\"https:\\\/\\\/www.protect-the-planet.de\\\/en\\\/gemeinsam-gegen-rechts-fuer-demokratie-vielfalt\\\/\"},\"author\":{\"name\":\"Jana H\u00e4fner\",\"@id\":\"https:\\\/\\\/www.protect-the-planet.de\\\/en\\\/#\\\/schema\\\/person\\\/94315f5fbca131d26764146a638b8fc6\"},\"headline\":\"320.000 Menschen in M\u00fcnchen gegen Rechts auf der Stra\u00dfe\",\"datePublished\":\"2024-02-08T08:36:13+00:00\",\"dateModified\":\"2024-04-29T11:42:16+00:00\",\"mainEntityOfPage\":{\"@id\":\"https:\\\/\\\/www.protect-the-planet.de\\\/en\\\/gemeinsam-gegen-rechts-fuer-demokratie-vielfalt\\\/\"},\"wordCount\":412,\"publisher\":{\"@id\":\"https:\\\/\\\/www.protect-the-planet.de\\\/en\\\/#organization\"},\"image\":{\"@id\":\"https:\\\/\\\/www.protect-the-planet.de\\\/en\\\/gemeinsam-gegen-rechts-fuer-demokratie-vielfalt\\\/#primaryimage\"},\"thumbnailUrl\":\"https:\\\/\\\/www.protect-the-planet.de\\\/wp-content\\\/uploads\\\/2024\\\/02\\\/image00001-scaled.jpeg\",\"keywords\":[\"Demokratie\",\"Demonstration\",\"Fridays for Future\",\"M\u00fcnchen\",\"Rechtsruck\",\"Vielfalt\"],\"articleSection\":[\"News\"],\"inLanguage\":\"en-US\"},{\"@type\":\"WebPage\",\"@id\":\"https:\\\/\\\/www.protect-the-planet.de\\\/en\\\/gemeinsam-gegen-rechts-fuer-demokratie-vielfalt\\\/\",\"url\":\"https:\\\/\\\/www.protect-the-planet.de\\\/en\\\/gemeinsam-gegen-rechts-fuer-demokratie-vielfalt\\\/\",\"name\":\"320.000 Menschen in M\u00fcnchen gegen Rechts auf der Stra\u00dfe - Protect the Planet\",\"isPartOf\":{\"@id\":\"https:\\\/\\\/www.protect-the-planet.de\\\/en\\\/#website\"},\"primaryImageOfPage\":{\"@id\":\"https:\\\/\\\/www.protect-the-planet.de\\\/en\\\/gemeinsam-gegen-rechts-fuer-demokratie-vielfalt\\\/#primaryimage\"},\"image\":{\"@id\":\"https:\\\/\\\/www.protect-the-planet.de\\\/en\\\/gemeinsam-gegen-rechts-fuer-demokratie-vielfalt\\\/#primaryimage\"},\"thumbnailUrl\":\"https:\\\/\\\/www.protect-the-planet.de\\\/wp-content\\\/uploads\\\/2024\\\/02\\\/image00001-scaled.jpeg\",\"datePublished\":\"2024-02-08T08:36:13+00:00\",\"dateModified\":\"2024-04-29T11:42:16+00:00\",\"description\":\"Protect the Planet war bei der Demo am Sonntag \u201eGemeinsam gegen Rechts \u2013 F\u00fcr Demokratie & Vielfalt\u201c dabei.\",\"breadcrumb\":{\"@id\":\"https:\\\/\\\/www.protect-the-planet.de\\\/en\\\/gemeinsam-gegen-rechts-fuer-demokratie-vielfalt\\\/#breadcrumb\"},\"inLanguage\":\"en-US\",\"potentialAction\":[{\"@type\":\"ReadAction\",\"target\":[\"https:\\\/\\\/www.protect-the-planet.de\\\/en\\\/gemeinsam-gegen-rechts-fuer-demokratie-vielfalt\\\/\"]}]},{\"@type\":\"ImageObject\",\"inLanguage\":\"en-US\",\"@id\":\"https:\\\/\\\/www.protect-the-planet.de\\\/en\\\/gemeinsam-gegen-rechts-fuer-demokratie-vielfalt\\\/#primaryimage\",\"url\":\"https:\\\/\\\/www.protect-the-planet.de\\\/wp-content\\\/uploads\\\/2024\\\/02\\\/image00001-scaled.jpeg\",\"contentUrl\":\"https:\\\/\\\/www.protect-the-planet.de\\\/wp-content\\\/uploads\\\/2024\\\/02\\\/image00001-scaled.jpeg\",\"width\":1920,\"height\":2560,\"caption\":\"Drohnenbild Siegestor Demo gegen Rechts\"},{\"@type\":\"BreadcrumbList\",\"@id\":\"https:\\\/\\\/www.protect-the-planet.de\\\/en\\\/gemeinsam-gegen-rechts-fuer-demokratie-vielfalt\\\/#breadcrumb\",\"itemListElement\":[{\"@type\":\"ListItem\",\"position\":1,\"name\":\"Startseite\",\"item\":\"https:\\\/\\\/www.protect-the-planet.de\\\/en\\\/home\\\/\"},{\"@type\":\"ListItem\",\"position\":2,\"name\":\"320.000 Menschen in M\u00fcnchen gegen Rechts auf der Stra\u00dfe\"}]},{\"@type\":\"WebSite\",\"@id\":\"https:\\\/\\\/www.protect-the-planet.de\\\/en\\\/#website\",\"url\":\"https:\\\/\\\/www.protect-the-planet.de\\\/en\\\/\",\"name\":\"Protect the Planet\",\"description\":\"If we don&#039;t change, the climate will.\",\"publisher\":{\"@id\":\"https:\\\/\\\/www.protect-the-planet.de\\\/en\\\/#organization\"},\"alternateName\":\"Protect the Panet gGmbH\",\"potentialAction\":[{\"@type\":\"SearchAction\",\"target\":{\"@type\":\"EntryPoint\",\"urlTemplate\":\"https:\\\/\\\/www.protect-the-planet.de\\\/en\\\/?s={search_term_string}\"},\"query-input\":{\"@type\":\"PropertyValueSpecification\",\"valueRequired\":true,\"valueName\":\"search_term_string\"}}],\"inLanguage\":\"en-US\"},{\"@type\":\"Organization\",\"@id\":\"https:\\\/\\\/www.protect-the-planet.de\\\/en\\\/#organization\",\"name\":\"Protect the Planet\",\"url\":\"https:\\\/\\\/www.protect-the-planet.de\\\/en\\\/\",\"logo\":{\"@type\":\"ImageObject\",\"inLanguage\":\"en-US\",\"@id\":\"https:\\\/\\\/www.protect-the-planet.de\\\/en\\\/#\\\/schema\\\/logo\\\/image\\\/\",\"url\":\"https:\\\/\\\/www.protect-the-planet.de\\\/wp-content\\\/uploads\\\/2023\\\/09\\\/LOGO-positiv_transparent-klein.png\",\"contentUrl\":\"https:\\\/\\\/www.protect-the-planet.de\\\/wp-content\\\/uploads\\\/2023\\\/09\\\/LOGO-positiv_transparent-klein.png\",\"width\":123,\"height\":68,\"caption\":\"Protect the Planet\"},\"image\":{\"@id\":\"https:\\\/\\\/www.protect-the-planet.de\\\/en\\\/#\\\/schema\\\/logo\\\/image\\\/\"},\"sameAs\":[\"https:\\\/\\\/www.facebook.com\\\/protecttheplanetDE\\\/\",\"https:\\\/\\\/x.com\\\/PtP_de\",\"https:\\\/\\\/www.instagram.com\\\/protecttheplanetorg\\\/\",\"https:\\\/\\\/www.linkedin.com\\\/company\\\/protect-the-planet\",\"https:\\\/\\\/www.youtube.com\\\/@protecttheplanet\"]},{\"@type\":\"Person\",\"@id\":\"https:\\\/\\\/www.protect-the-planet.de\\\/en\\\/#\\\/schema\\\/person\\\/94315f5fbca131d26764146a638b8fc6\",\"name\":\"Jana H\u00e4fner\",\"image\":{\"@type\":\"ImageObject\",\"inLanguage\":\"en-US\",\"@id\":\"https:\\\/\\\/www.protect-the-planet.de\\\/wp-content\\\/uploads\\\/2024\\\/04\\\/cropped-2310_ProtectThePlanet_206-96x96.jpg\",\"url\":\"https:\\\/\\\/www.protect-the-planet.de\\\/wp-content\\\/uploads\\\/2024\\\/04\\\/cropped-2310_ProtectThePlanet_206-96x96.jpg\",\"contentUrl\":\"https:\\\/\\\/www.protect-the-planet.de\\\/wp-content\\\/uploads\\\/2024\\\/04\\\/cropped-2310_ProtectThePlanet_206-96x96.jpg\",\"caption\":\"Jana H\u00e4fner\"},\"description\":\"jana.haefner@protect-the-planet.de +49 152 53089270\",\"url\":\"https:\\\/\\\/www.protect-the-planet.de\\\/en\\\/author\\\/jana-haefner\\\/\"}]}<\/script>\n<!-- \/ Yoast SEO plugin. -->","yoast_head_json":{"title":"320.000 Menschen in M\u00fcnchen gegen Rechts auf der Stra\u00dfe - Protect the Planet","description":"Protect the Planet war bei der Demo am Sonntag \u201eGemeinsam gegen Rechts \u2013 F\u00fcr Demokratie & Vielfalt\u201c dabei.","robots":{"index":"index","follow":"follow","max-snippet":"max-snippet:-1","max-image-preview":"max-image-preview:large","max-video-preview":"max-video-preview:-1"},"canonical":"https:\/\/www.protect-the-planet.de\/en\/gemeinsam-gegen-rechts-fuer-demokratie-vielfalt\/","og_locale":"en_US","og_type":"article","og_title":"320.000 Menschen in M\u00fcnchen gegen Rechts auf der Stra\u00dfe - Protect the Planet","og_description":"Protect the Planet war bei der Demo am Sonntag \u201eGemeinsam gegen Rechts \u2013 F\u00fcr Demokratie & Vielfalt\u201c dabei.","og_url":"https:\/\/www.protect-the-planet.de\/en\/gemeinsam-gegen-rechts-fuer-demokratie-vielfalt\/","og_site_name":"Protect the Planet","article_publisher":"https:\/\/www.facebook.com\/protecttheplanetDE\/","article_published_time":"2024-02-08T08:36:13+00:00","article_modified_time":"2024-04-29T11:42:16+00:00","og_image":[{"width":1920,"height":2560,"url":"https:\/\/www.protect-the-planet.de\/wp-content\/uploads\/2024\/02\/image00001-scaled.jpeg","type":"image\/jpeg"}],"author":"Jana H\u00e4fner","twitter_card":"summary_large_image","twitter_creator":"@PtP_de","twitter_site":"@PtP_de","twitter_misc":{"Written by":"Jana H\u00e4fner","Est. reading time":"3 minutes"},"schema":{"@context":"https:\/\/schema.org","@graph":[{"@type":"Article","@id":"https:\/\/www.protect-the-planet.de\/en\/gemeinsam-gegen-rechts-fuer-demokratie-vielfalt\/#article","isPartOf":{"@id":"https:\/\/www.protect-the-planet.de\/en\/gemeinsam-gegen-rechts-fuer-demokratie-vielfalt\/"},"author":{"name":"Jana H\u00e4fner","@id":"https:\/\/www.protect-the-planet.de\/en\/#\/schema\/person\/94315f5fbca131d26764146a638b8fc6"},"headline":"320.000 Menschen in M\u00fcnchen gegen Rechts auf der Stra\u00dfe","datePublished":"2024-02-08T08:36:13+00:00","dateModified":"2024-04-29T11:42:16+00:00","mainEntityOfPage":{"@id":"https:\/\/www.protect-the-planet.de\/en\/gemeinsam-gegen-rechts-fuer-demokratie-vielfalt\/"},"wordCount":412,"publisher":{"@id":"https:\/\/www.protect-the-planet.de\/en\/#organization"},"image":{"@id":"https:\/\/www.protect-the-planet.de\/en\/gemeinsam-gegen-rechts-fuer-demokratie-vielfalt\/#primaryimage"},"thumbnailUrl":"https:\/\/www.protect-the-planet.de\/wp-content\/uploads\/2024\/02\/image00001-scaled.jpeg","keywords":["Demokratie","Demonstration","Fridays for Future","M\u00fcnchen","Rechtsruck","Vielfalt"],"articleSection":["News"],"inLanguage":"en-US"},{"@type":"WebPage","@id":"https:\/\/www.protect-the-planet.de\/en\/gemeinsam-gegen-rechts-fuer-demokratie-vielfalt\/","url":"https:\/\/www.protect-the-planet.de\/en\/gemeinsam-gegen-rechts-fuer-demokratie-vielfalt\/","name":"320.000 Menschen in M\u00fcnchen gegen Rechts auf der Stra\u00dfe - Protect the Planet","isPartOf":{"@id":"https:\/\/www.protect-the-planet.de\/en\/#website"},"primaryImageOfPage":{"@id":"https:\/\/www.protect-the-planet.de\/en\/gemeinsam-gegen-rechts-fuer-demokratie-vielfalt\/#primaryimage"},"image":{"@id":"https:\/\/www.protect-the-planet.de\/en\/gemeinsam-gegen-rechts-fuer-demokratie-vielfalt\/#primaryimage"},"thumbnailUrl":"https:\/\/www.protect-the-planet.de\/wp-content\/uploads\/2024\/02\/image00001-scaled.jpeg","datePublished":"2024-02-08T08:36:13+00:00","dateModified":"2024-04-29T11:42:16+00:00","description":"Protect the Planet war bei der Demo am Sonntag \u201eGemeinsam gegen Rechts \u2013 F\u00fcr Demokratie & Vielfalt\u201c dabei.","breadcrumb":{"@id":"https:\/\/www.protect-the-planet.de\/en\/gemeinsam-gegen-rechts-fuer-demokratie-vielfalt\/#breadcrumb"},"inLanguage":"en-US","potentialAction":[{"@type":"ReadAction","target":["https:\/\/www.protect-the-planet.de\/en\/gemeinsam-gegen-rechts-fuer-demokratie-vielfalt\/"]}]},{"@type":"ImageObject","inLanguage":"en-US","@id":"https:\/\/www.protect-the-planet.de\/en\/gemeinsam-gegen-rechts-fuer-demokratie-vielfalt\/#primaryimage","url":"https:\/\/www.protect-the-planet.de\/wp-content\/uploads\/2024\/02\/image00001-scaled.jpeg","contentUrl":"https:\/\/www.protect-the-planet.de\/wp-content\/uploads\/2024\/02\/image00001-scaled.jpeg","width":1920,"height":2560,"caption":"Drohnenbild Siegestor Demo gegen Rechts"},{"@type":"BreadcrumbList","@id":"https:\/\/www.protect-the-planet.de\/en\/gemeinsam-gegen-rechts-fuer-demokratie-vielfalt\/#breadcrumb","itemListElement":[{"@type":"ListItem","position":1,"name":"Startseite","item":"https:\/\/www.protect-the-planet.de\/en\/home\/"},{"@type":"ListItem","position":2,"name":"320.000 Menschen in M\u00fcnchen gegen Rechts auf der Stra\u00dfe"}]},{"@type":"WebSite","@id":"https:\/\/www.protect-the-planet.de\/en\/#website","url":"https:\/\/www.protect-the-planet.de\/en\/","name":"Protect the Planet","description":"If we don&#039;t change, the climate will.","publisher":{"@id":"https:\/\/www.protect-the-planet.de\/en\/#organization"},"alternateName":"Protect the Panet gGmbH","potentialAction":[{"@type":"SearchAction","target":{"@type":"EntryPoint","urlTemplate":"https:\/\/www.protect-the-planet.de\/en\/?s={search_term_string}"},"query-input":{"@type":"PropertyValueSpecification","valueRequired":true,"valueName":"search_term_string"}}],"inLanguage":"en-US"},{"@type":"Organization","@id":"https:\/\/www.protect-the-planet.de\/en\/#organization","name":"Protect the Planet","url":"https:\/\/www.protect-the-planet.de\/en\/","logo":{"@type":"ImageObject","inLanguage":"en-US","@id":"https:\/\/www.protect-the-planet.de\/en\/#\/schema\/logo\/image\/","url":"https:\/\/www.protect-the-planet.de\/wp-content\/uploads\/2023\/09\/LOGO-positiv_transparent-klein.png","contentUrl":"https:\/\/www.protect-the-planet.de\/wp-content\/uploads\/2023\/09\/LOGO-positiv_transparent-klein.png","width":123,"height":68,"caption":"Protect the Planet"},"image":{"@id":"https:\/\/www.protect-the-planet.de\/en\/#\/schema\/logo\/image\/"},"sameAs":["https:\/\/www.facebook.com\/protecttheplanetDE\/","https:\/\/x.com\/PtP_de","https:\/\/www.instagram.com\/protecttheplanetorg\/","https:\/\/www.linkedin.com\/company\/protect-the-planet","https:\/\/www.youtube.com\/@protecttheplanet"]},{"@type":"Person","@id":"https:\/\/www.protect-the-planet.de\/en\/#\/schema\/person\/94315f5fbca131d26764146a638b8fc6","name":"Jana H\u00e4fner","image":{"@type":"ImageObject","inLanguage":"en-US","@id":"https:\/\/www.protect-the-planet.de\/wp-content\/uploads\/2024\/04\/cropped-2310_ProtectThePlanet_206-96x96.jpg","url":"https:\/\/www.protect-the-planet.de\/wp-content\/uploads\/2024\/04\/cropped-2310_ProtectThePlanet_206-96x96.jpg","contentUrl":"https:\/\/www.protect-the-planet.de\/wp-content\/uploads\/2024\/04\/cropped-2310_ProtectThePlanet_206-96x96.jpg","caption":"Jana H\u00e4fner"},"description":"jana.haefner@protect-the-planet.de +49 152 53089270","url":"https:\/\/www.protect-the-planet.de\/en\/author\/jana-haefner\/"}]}},"_links":{"self":[{"href":"https:\/\/www.protect-the-planet.de\/en\/wp-json\/wp\/v2\/posts\/24950","targetHints":{"allow":["GET"]}}],"collection":[{"href":"https:\/\/www.protect-the-planet.de\/en\/wp-json\/wp\/v2\/posts"}],"about":[{"href":"https:\/\/www.protect-the-planet.de\/en\/wp-json\/wp\/v2\/types\/post"}],"author":[{"embeddable":true,"href":"https:\/\/www.protect-the-planet.de\/en\/wp-json\/wp\/v2\/users\/4"}],"replies":[{"embeddable":true,"href":"https:\/\/www.protect-the-planet.de\/en\/wp-json\/wp\/v2\/comments?post=24950"}],"version-history":[{"count":0,"href":"https:\/\/www.protect-the-planet.de\/en\/wp-json\/wp\/v2\/posts\/24950\/revisions"}],"wp:featuredmedia":[{"embeddable":true,"href":"https:\/\/www.protect-the-planet.de\/en\/wp-json\/wp\/v2\/media\/25048"}],"wp:attachment":[{"href":"https:\/\/www.protect-the-planet.de\/en\/wp-json\/wp\/v2\/media?parent=24950"}],"wp:term":[{"taxonomy":"category","embeddable":true,"href":"https:\/\/www.protect-the-planet.de\/en\/wp-json\/wp\/v2\/categories?post=24950"},{"taxonomy":"post_tag","embeddable":true,"href":"https:\/\/www.protect-the-planet.de\/en\/wp-json\/wp\/v2\/tags?post=24950"}],"curies":[{"name":"wp","href":"https:\/\/api.w.org\/{rel}","templated":true}]}}