{"id":24586,"date":"2024-01-05T11:18:25","date_gmt":"2024-01-05T10:18:25","guid":{"rendered":"https:\/\/www.protect-the-planet.de\/veranstaltungsreihe-klima-neue-heizung\/"},"modified":"2024-04-15T16:40:42","modified_gmt":"2024-04-15T14:40:42","slug":"veranstaltungsreihe-klima-neue-heizung","status":"publish","type":"post","link":"https:\/\/www.protect-the-planet.de\/en\/veranstaltungsreihe-klima-neue-heizung\/","title":{"rendered":"Veranstaltungsreihe: \u201eKlima \u2013 neue Heizung? Was geht mich das an?\u201c"},"content":{"rendered":"\n<p>Sp\u00e4testens seit Habecks vielfach diskutiertem und umstrittenem Heizungsgesetz von 2023 ist bekannt: Auf unserem Weg zur Energiewende ist die W\u00e4rmeversorgung eines der gr\u00f6\u00dften Sorgenkinder. Denn Deutschland heizt nach wie vor gr\u00f6\u00dftenteils fossil: Fast drei Viertel aller Wohnungen beziehen ihre W\u00e4rme nach wie vor aus einer \u00d6l- oder Gasheizung (<a href=\"https:\/\/de.statista.com\/statistik\/daten\/studie\/376165\/umfrage\/anteil-verwendeteter-energietraeger-bei-der-beheizung-von-wohnungen-in-deutschland\/\">Statista 2023<\/a>). Die Debatte um das Heizungsgesetz hat viele Menschen aber auch verunsichert. Wir fragen deshalb: \u201eKlima \u2013 neue Heizung? Was geht mich das an?&#8221;<\/p>\n\n\n\n<p>Im ersten Teil unserer&nbsp;<a href=\"https:\/\/www.protect-the-planet.de\/veranstaltungen\/\">Klima-Veranstaltungsreihe<\/a>&nbsp;2024 legen wir damit einen thematischen Schwerpunkt auf das wichtige und dr\u00e4ngende Thema Heizen. Mit unserem ehrenamtlichen Organisator Helmut Paschlau haben wir uns darum bem\u00fcht, ebenso renommierte wie praxisnahe Referent*innen zu finden. Wir freuen uns besonders, dass wir mit einigen Vortr\u00e4gen zu Gast bei der&nbsp;<a href=\"https:\/\/www.shk-innung-muenchen.de\/\">Innung Spengler, Sanit\u00e4r- und Heizungstechnik M\u00fcnchen<\/a>&nbsp;sein d\u00fcrfen \u2013 und damit auch r\u00e4umlich \u201enah dran\u201c an der Heizungswende.<\/p>\n\n\n\n<p><strong>Melden Sie sich an zu unseren kostenfreien Hybrid-Vortr\u00e4gen rund um das Thema Heizungswende:<\/strong><\/p>\n\n\n\n<ul class=\"wp-block-list\">\n<li><strong>Donnerstag, 15.02.2024<\/strong>, ab 19 Uhr (hybrid: online via Zoom und live im M\u00fcnchner Zukunftssalon):\u00a0<a href=\"https:\/\/www.protect-the-planet.de\/en\/event\/2024-02-15-alfred-baeder-muenche-wird-solar\/\">Alfred B\u00e4der: \u201eM\u00fcnchen wird Solar\u201c: Photovoltaik light \u2013 nicht nur auf Balkon und Dach!<\/a><\/li>\n\n\n\n<li><strong>Donnerstag, 29.02.2024<\/strong>, ab 19 Uhr (nur online):&nbsp;<a href=\"https:\/\/www.protect-the-planet.de\/en\/event\/prof-dr-hirschl-vom-consumer-zum-prosumer\/\">Prof. Dr. Bernd Hirschl: \u201eEnergiewende in Eigenheim und Wohnung \u2013 vom ConSUMER zum PROsumer\u201c<\/a><\/li>\n\n\n\n<li><strong>Montag, 11.03.2024<\/strong>, ab 19 Uhr (hybrid): <a href=\"https:\/\/www.protect-the-planet.de\/en\/event\/ra-christoph-meyer-heizungs-gesetze-wie-bin-ich-betroffen-als-mieterin-als-eigentuemer\/\">RA Christoph Meyer: \u201eHeizungsgesetze: (Wie) Bin ich betroffen \u2013 als Mieterin, als Eigent\u00fcmer?\u201c<\/a><\/li>\n\n\n\n<li><strong>Mittwoch, 27.03.2024<\/strong>, ab 19 Uhr (hybrid: online via Zoom und live bei der\u00a0SHK-Innung):\u00a0<a href=\"https:\/\/www.protect-the-planet.de\/en\/event\/2023-03-27-dr-clausen-heizungsinnung\/\">Dr. Jens Clausen: \u201eMit Wasserstoff heizen?? Oder doch mit W\u00e4rmepumpe, Pellets, Solarthermie, Fernw\u00e4rme\u2026?!\u201c<\/a>\n<ul class=\"wp-block-list\">\n<li><strong>Vor dem Vortrag<\/strong>, ab 18 Uhr (nur live bei der\u00a0SHK-Innung): <a href=\"https:\/\/www.protect-the-planet.de\/event\/2023-03-27-thomas-frank-besichtigung-shk\/\">Thomas Frank: &#8220;Besichtigung im &#8220;Heizungskeller&#8221; der SHK Innung: W\u00e4rmepumpe, Pellet-Heizung, Solarthermie, Fernw\u00e4rme-Anschluss&#8230; besichtigen, anfassen, erkl\u00e4ren lassen.&#8221;<\/a><\/li>\n<\/ul>\n<\/li>\n\n\n\n<li><strong>Donnerstag, 18.04.2024<\/strong>, ab 19 Uhr (hybrid: online via Zoom und live bei der\u00a0SHK-Innung):\u00a0<a href=\"https:\/\/www.protect-the-planet.de\/en\/event\/dr-kai-zosseder-fernwaermeversorgung-muenchens-bis-2035-klimaneutral\/\">Dr. Kai Zosseder: \u201eFernw\u00e4rmeversorgung M\u00fcnchens \u2013 bis 2035 klimaneutral?\u201c<\/a><\/li>\n\n\n\n<li><strong>Dienstag, 30.04.2024<\/strong>, ab 19 Uhr (hybrid: online via Zoom und live bei der\u00a0SHK-Innung):\u00a0<a href=\"https:\/\/www.protect-the-planet.de\/en\/event\/dr-rave-und-dr-koschel-kommunale-waermeplanung-muenchen\/\">Dr. Tilmann Rave und Dr. Herbert Koschel: \u201eKommunale W\u00e4rmeplanung M\u00fcnchen \u2013 Stand und Ausblick\u201c<\/a> <em>(Achtung: Das Datum hat sich ge\u00e4ndert, vom 11. auf den 30.04.!)<\/em><\/li>\n<\/ul>\n\n\n\n<div style=\"height:42px\" aria-hidden=\"true\" class=\"wp-block-spacer\"><\/div>\n\n\n\n<h2 class=\"wp-block-heading\">\u00dcber die Veranstaltungsreihe \u201eKlima \u2013 neue Heizung?\u201c<\/h2>\n\n\n\n<p><strong>Die Veranstalter<\/strong>:<br><a href=\"https:\/\/energienetzwerk-muc.de\/\">Saubere Energie M\u00fcnchen e.V.<\/a>&nbsp;<strong>und<\/strong>&nbsp;<a href=\"https:\/\/twitter.com\/ptp_de\/\">Protect the Planet<\/a><\/p>\n\n\n\n<p><strong>Event-Kooperationspartner:<\/strong><\/p>\n\n\n\n<ul class=\"wp-block-list\">\n<li><a href=\"https:\/\/twitter.com\/fff_muc\">Fridays for Future M\u00fcnchen<\/a><\/li>\n\n\n\n<li><a href=\"http:\/\/bn-muenchen.de\/\">Bund Naturschutz in Bayern e.V. Kreisgruppe M\u00fcnchen<\/a><\/li>\n\n\n\n<li><a href=\"https:\/\/www.greencity.de\/verein\/\">Greencity \u2013 der Verein<\/a><\/li>\n\n\n\n<li><a href=\"https:\/\/twitter.com\/Kohleausstieg_M\">Raus-aus-der-Steinkohle M\u00fcnchen<\/a><\/li>\n\n\n\n<li><a href=\"https:\/\/fossilfreemunich.wixsite.com\/home\">Fossil Free M\u00fcnchen<\/a><\/li>\n\n\n\n<li><a href=\"https:\/\/muenchen.scientists4future.org\/\">Scientists4Future M\u00fcnchen<\/a><\/li>\n\n\n\n<li><a href=\"https:\/\/oekom-verein.de\/\">oekom e.V.<\/a><\/li>\n\n\n\n<li><a href=\"https:\/\/www.bene-muenchen.de\/\">BenE M\u00fcnchen<\/a><\/li>\n\n\n\n<li><a href=\"https:\/\/germanzero.de\/\">M\u00fcnchen Zero<\/a><\/li>\n\n\n\n<li><a href=\"https:\/\/umwelt.asta.tum.de\/\">Studentische Vertretung der TUM \u2013 Referat f\u00fcr Umwelt<\/a><\/li>\n\n\n\n<li><a href=\"https:\/\/nachhaltigkeit-ev.de\/\">Verein f\u00fcr Nachhaltigkeit e. V.<\/a><\/li>\n\n\n\n<li><a href=\"https:\/\/www.dgs.de\/dgs\/organisation\/sektionen\/muenchen\/\">Deutsche Gesellschaft f\u00fcr Sonnenenergie e.V., Sektion M\u00fcnchen\/Oberbayern<\/a><\/li>\n<\/ul>\n\n\n\n<p><\/p>\n\n\n\n<p><strong>Medienpartner:<\/strong><\/p>\n\n\n\n<ul class=\"wp-block-list\">\n<li><a href=\"https:\/\/lora924.de\/\">Radio Lora 92.4<\/a><\/li>\n\n\n\n<li><a href=\"https:\/\/www.forum-csr.net\/\">forum nachhaltig wirtschaften<\/a><\/li>\n<\/ul>\n","protected":false},"excerpt":{"rendered":"<p>Melden Sie sich an zu unseren kostenfreien Hybrid-Vortr\u00e4gen rund um das Thema Klima und Heizen, Februar bis April 2024.<\/p>\n","protected":false},"author":6,"featured_media":26366,"comment_status":"closed","ping_status":"closed","sticky":false,"template":"","format":"standard","meta":{"footnotes":""},"categories":[729],"tags":[698,800,986,941,987,826,710,753,702,703],"class_list":["post-24586","post","type-post","status-publish","format-standard","has-post-thumbnail","hentry","category-news","tag-dr-helmut-paschlau-en","tag-energiewende-en","tag-heizen-en","tag-heizung-en","tag-heizungswende-en","tag-klimaneutralitaet-en","tag-klimaschutz-en","tag-muenchen-en","tag-vortrag-en","tag-vortragsreihe-en"],"yoast_head":"<!-- This site is optimized with the Yoast SEO plugin v27.5 - https:\/\/yoast.com\/product\/yoast-seo-wordpress\/ -->\n<title>Veranstaltungsreihe: \u201eKlima \u2013 neue Heizung? Was geht mich das an?\u201c - Protect the Planet<\/title>\n<meta name=\"description\" content=\"Melden Sie sich an zu unseren kostenfreien Hybrid-Vortr\u00e4gen rund um das Thema Klima und Heizen, Februar bis April 2024.\" \/>\n<meta name=\"robots\" content=\"index, follow, max-snippet:-1, max-image-preview:large, max-video-preview:-1\" \/>\n<link rel=\"canonical\" href=\"https:\/\/www.protect-the-planet.de\/en\/veranstaltungsreihe-klima-neue-heizung\/\" \/>\n<meta property=\"og:locale\" content=\"en_US\" \/>\n<meta property=\"og:type\" content=\"article\" \/>\n<meta property=\"og:title\" content=\"Veranstaltungsreihe: \u201eKlima \u2013 neue Heizung? Was geht mich das an?\u201c - Protect the Planet\" \/>\n<meta property=\"og:description\" content=\"Melden Sie sich an zu unseren kostenfreien Hybrid-Vortr\u00e4gen rund um das Thema Klima und Heizen, Februar bis April 2024.\" \/>\n<meta property=\"og:url\" content=\"https:\/\/www.protect-the-planet.de\/en\/veranstaltungsreihe-klima-neue-heizung\/\" \/>\n<meta property=\"og:site_name\" content=\"Protect the Planet\" \/>\n<meta property=\"article:publisher\" content=\"https:\/\/www.facebook.com\/protecttheplanetDE\/\" \/>\n<meta property=\"article:published_time\" content=\"2024-01-05T10:18:25+00:00\" \/>\n<meta property=\"article:modified_time\" content=\"2024-04-15T14:40:42+00:00\" \/>\n<meta property=\"og:image\" content=\"https:\/\/www.protect-the-planet.de\/wp-content\/uploads\/2024\/01\/10.jpg\" \/>\n\t<meta property=\"og:image:width\" content=\"900\" \/>\n\t<meta property=\"og:image:height\" content=\"550\" \/>\n\t<meta property=\"og:image:type\" content=\"image\/jpeg\" \/>\n<meta name=\"author\" content=\"Fenya Kirst\" \/>\n<meta name=\"twitter:card\" content=\"summary_large_image\" \/>\n<meta name=\"twitter:creator\" content=\"@PtP_de\" \/>\n<meta name=\"twitter:site\" content=\"@PtP_de\" \/>\n<meta name=\"twitter:label1\" content=\"Written by\" \/>\n\t<meta name=\"twitter:data1\" content=\"Fenya Kirst\" \/>\n\t<meta name=\"twitter:label2\" content=\"Est. reading time\" \/>\n\t<meta name=\"twitter:data2\" content=\"3 minutes\" \/>\n<script type=\"application\/ld+json\" class=\"yoast-schema-graph\">{\"@context\":\"https:\\\/\\\/schema.org\",\"@graph\":[{\"@type\":\"Article\",\"@id\":\"https:\\\/\\\/www.protect-the-planet.de\\\/en\\\/veranstaltungsreihe-klima-neue-heizung\\\/#article\",\"isPartOf\":{\"@id\":\"https:\\\/\\\/www.protect-the-planet.de\\\/en\\\/veranstaltungsreihe-klima-neue-heizung\\\/\"},\"author\":{\"name\":\"Fenya Kirst\",\"@id\":\"https:\\\/\\\/www.protect-the-planet.de\\\/en\\\/#\\\/schema\\\/person\\\/34a10854efaaf0bf11a3b6fbe966fcd0\"},\"headline\":\"Veranstaltungsreihe: \u201eKlima \u2013 neue Heizung? Was geht mich das an?\u201c\",\"datePublished\":\"2024-01-05T10:18:25+00:00\",\"dateModified\":\"2024-04-15T14:40:42+00:00\",\"mainEntityOfPage\":{\"@id\":\"https:\\\/\\\/www.protect-the-planet.de\\\/en\\\/veranstaltungsreihe-klima-neue-heizung\\\/\"},\"wordCount\":443,\"publisher\":{\"@id\":\"https:\\\/\\\/www.protect-the-planet.de\\\/en\\\/#organization\"},\"image\":{\"@id\":\"https:\\\/\\\/www.protect-the-planet.de\\\/en\\\/veranstaltungsreihe-klima-neue-heizung\\\/#primaryimage\"},\"thumbnailUrl\":\"https:\\\/\\\/www.protect-the-planet.de\\\/wp-content\\\/uploads\\\/2024\\\/01\\\/10.jpg\",\"keywords\":[\"Dr. Helmut Paschlau\",\"Energiewende\",\"Heizen\",\"Heizung\",\"Heizungswende\",\"Klimaneutralit\u00e4t\",\"Klimaschutz\",\"M\u00fcnchen\",\"Vortrag\",\"Vortragsreihe\"],\"articleSection\":[\"News\"],\"inLanguage\":\"en-US\"},{\"@type\":\"WebPage\",\"@id\":\"https:\\\/\\\/www.protect-the-planet.de\\\/en\\\/veranstaltungsreihe-klima-neue-heizung\\\/\",\"url\":\"https:\\\/\\\/www.protect-the-planet.de\\\/en\\\/veranstaltungsreihe-klima-neue-heizung\\\/\",\"name\":\"Veranstaltungsreihe: \u201eKlima \u2013 neue Heizung? Was geht mich das an?\u201c - Protect the Planet\",\"isPartOf\":{\"@id\":\"https:\\\/\\\/www.protect-the-planet.de\\\/en\\\/#website\"},\"primaryImageOfPage\":{\"@id\":\"https:\\\/\\\/www.protect-the-planet.de\\\/en\\\/veranstaltungsreihe-klima-neue-heizung\\\/#primaryimage\"},\"image\":{\"@id\":\"https:\\\/\\\/www.protect-the-planet.de\\\/en\\\/veranstaltungsreihe-klima-neue-heizung\\\/#primaryimage\"},\"thumbnailUrl\":\"https:\\\/\\\/www.protect-the-planet.de\\\/wp-content\\\/uploads\\\/2024\\\/01\\\/10.jpg\",\"datePublished\":\"2024-01-05T10:18:25+00:00\",\"dateModified\":\"2024-04-15T14:40:42+00:00\",\"description\":\"Melden Sie sich an zu unseren kostenfreien Hybrid-Vortr\u00e4gen rund um das Thema Klima und Heizen, Februar bis April 2024.\",\"breadcrumb\":{\"@id\":\"https:\\\/\\\/www.protect-the-planet.de\\\/en\\\/veranstaltungsreihe-klima-neue-heizung\\\/#breadcrumb\"},\"inLanguage\":\"en-US\",\"potentialAction\":[{\"@type\":\"ReadAction\",\"target\":[\"https:\\\/\\\/www.protect-the-planet.de\\\/en\\\/veranstaltungsreihe-klima-neue-heizung\\\/\"]}]},{\"@type\":\"ImageObject\",\"inLanguage\":\"en-US\",\"@id\":\"https:\\\/\\\/www.protect-the-planet.de\\\/en\\\/veranstaltungsreihe-klima-neue-heizung\\\/#primaryimage\",\"url\":\"https:\\\/\\\/www.protect-the-planet.de\\\/wp-content\\\/uploads\\\/2024\\\/01\\\/10.jpg\",\"contentUrl\":\"https:\\\/\\\/www.protect-the-planet.de\\\/wp-content\\\/uploads\\\/2024\\\/01\\\/10.jpg\",\"width\":900,\"height\":550},{\"@type\":\"BreadcrumbList\",\"@id\":\"https:\\\/\\\/www.protect-the-planet.de\\\/en\\\/veranstaltungsreihe-klima-neue-heizung\\\/#breadcrumb\",\"itemListElement\":[{\"@type\":\"ListItem\",\"position\":1,\"name\":\"Startseite\",\"item\":\"https:\\\/\\\/www.protect-the-planet.de\\\/en\\\/home\\\/\"},{\"@type\":\"ListItem\",\"position\":2,\"name\":\"Veranstaltungsreihe: \u201eKlima \u2013 neue Heizung? Was geht mich das an?\u201c\"}]},{\"@type\":\"WebSite\",\"@id\":\"https:\\\/\\\/www.protect-the-planet.de\\\/en\\\/#website\",\"url\":\"https:\\\/\\\/www.protect-the-planet.de\\\/en\\\/\",\"name\":\"Protect the Planet\",\"description\":\"If we don&#039;t change, the climate will.\",\"publisher\":{\"@id\":\"https:\\\/\\\/www.protect-the-planet.de\\\/en\\\/#organization\"},\"alternateName\":\"Protect the Panet gGmbH\",\"potentialAction\":[{\"@type\":\"SearchAction\",\"target\":{\"@type\":\"EntryPoint\",\"urlTemplate\":\"https:\\\/\\\/www.protect-the-planet.de\\\/en\\\/?s={search_term_string}\"},\"query-input\":{\"@type\":\"PropertyValueSpecification\",\"valueRequired\":true,\"valueName\":\"search_term_string\"}}],\"inLanguage\":\"en-US\"},{\"@type\":\"Organization\",\"@id\":\"https:\\\/\\\/www.protect-the-planet.de\\\/en\\\/#organization\",\"name\":\"Protect the Planet\",\"url\":\"https:\\\/\\\/www.protect-the-planet.de\\\/en\\\/\",\"logo\":{\"@type\":\"ImageObject\",\"inLanguage\":\"en-US\",\"@id\":\"https:\\\/\\\/www.protect-the-planet.de\\\/en\\\/#\\\/schema\\\/logo\\\/image\\\/\",\"url\":\"https:\\\/\\\/www.protect-the-planet.de\\\/wp-content\\\/uploads\\\/2023\\\/09\\\/LOGO-positiv_transparent-klein.png\",\"contentUrl\":\"https:\\\/\\\/www.protect-the-planet.de\\\/wp-content\\\/uploads\\\/2023\\\/09\\\/LOGO-positiv_transparent-klein.png\",\"width\":123,\"height\":68,\"caption\":\"Protect the Planet\"},\"image\":{\"@id\":\"https:\\\/\\\/www.protect-the-planet.de\\\/en\\\/#\\\/schema\\\/logo\\\/image\\\/\"},\"sameAs\":[\"https:\\\/\\\/www.facebook.com\\\/protecttheplanetDE\\\/\",\"https:\\\/\\\/x.com\\\/PtP_de\",\"https:\\\/\\\/www.instagram.com\\\/protecttheplanetorg\\\/\",\"https:\\\/\\\/www.linkedin.com\\\/company\\\/protect-the-planet\",\"https:\\\/\\\/www.youtube.com\\\/@protecttheplanet\"]},{\"@type\":\"Person\",\"@id\":\"https:\\\/\\\/www.protect-the-planet.de\\\/en\\\/#\\\/schema\\\/person\\\/34a10854efaaf0bf11a3b6fbe966fcd0\",\"name\":\"Fenya Kirst\",\"image\":{\"@type\":\"ImageObject\",\"inLanguage\":\"en-US\",\"@id\":\"https:\\\/\\\/www.protect-the-planet.de\\\/wp-content\\\/uploads\\\/2024\\\/03\\\/cropped-2310_ProtectThePlanet_Portraet-Fenya-quadr-scaled-1-96x96.jpg\",\"url\":\"https:\\\/\\\/www.protect-the-planet.de\\\/wp-content\\\/uploads\\\/2024\\\/03\\\/cropped-2310_ProtectThePlanet_Portraet-Fenya-quadr-scaled-1-96x96.jpg\",\"contentUrl\":\"https:\\\/\\\/www.protect-the-planet.de\\\/wp-content\\\/uploads\\\/2024\\\/03\\\/cropped-2310_ProtectThePlanet_Portraet-Fenya-quadr-scaled-1-96x96.jpg\",\"caption\":\"Fenya Kirst\"},\"description\":\"fenya.kirst@protect-the-planet.de +49 162 9085805\",\"url\":\"https:\\\/\\\/www.protect-the-planet.de\\\/en\\\/author\\\/fenya-kirst\\\/\"}]}<\/script>\n<!-- \/ Yoast SEO plugin. -->","yoast_head_json":{"title":"Veranstaltungsreihe: \u201eKlima \u2013 neue Heizung? Was geht mich das an?\u201c - Protect the Planet","description":"Melden Sie sich an zu unseren kostenfreien Hybrid-Vortr\u00e4gen rund um das Thema Klima und Heizen, Februar bis April 2024.","robots":{"index":"index","follow":"follow","max-snippet":"max-snippet:-1","max-image-preview":"max-image-preview:large","max-video-preview":"max-video-preview:-1"},"canonical":"https:\/\/www.protect-the-planet.de\/en\/veranstaltungsreihe-klima-neue-heizung\/","og_locale":"en_US","og_type":"article","og_title":"Veranstaltungsreihe: \u201eKlima \u2013 neue Heizung? Was geht mich das an?\u201c - Protect the Planet","og_description":"Melden Sie sich an zu unseren kostenfreien Hybrid-Vortr\u00e4gen rund um das Thema Klima und Heizen, Februar bis April 2024.","og_url":"https:\/\/www.protect-the-planet.de\/en\/veranstaltungsreihe-klima-neue-heizung\/","og_site_name":"Protect the Planet","article_publisher":"https:\/\/www.facebook.com\/protecttheplanetDE\/","article_published_time":"2024-01-05T10:18:25+00:00","article_modified_time":"2024-04-15T14:40:42+00:00","og_image":[{"width":900,"height":550,"url":"https:\/\/www.protect-the-planet.de\/wp-content\/uploads\/2024\/01\/10.jpg","type":"image\/jpeg"}],"author":"Fenya Kirst","twitter_card":"summary_large_image","twitter_creator":"@PtP_de","twitter_site":"@PtP_de","twitter_misc":{"Written by":"Fenya Kirst","Est. reading time":"3 minutes"},"schema":{"@context":"https:\/\/schema.org","@graph":[{"@type":"Article","@id":"https:\/\/www.protect-the-planet.de\/en\/veranstaltungsreihe-klima-neue-heizung\/#article","isPartOf":{"@id":"https:\/\/www.protect-the-planet.de\/en\/veranstaltungsreihe-klima-neue-heizung\/"},"author":{"name":"Fenya Kirst","@id":"https:\/\/www.protect-the-planet.de\/en\/#\/schema\/person\/34a10854efaaf0bf11a3b6fbe966fcd0"},"headline":"Veranstaltungsreihe: \u201eKlima \u2013 neue Heizung? Was geht mich das an?\u201c","datePublished":"2024-01-05T10:18:25+00:00","dateModified":"2024-04-15T14:40:42+00:00","mainEntityOfPage":{"@id":"https:\/\/www.protect-the-planet.de\/en\/veranstaltungsreihe-klima-neue-heizung\/"},"wordCount":443,"publisher":{"@id":"https:\/\/www.protect-the-planet.de\/en\/#organization"},"image":{"@id":"https:\/\/www.protect-the-planet.de\/en\/veranstaltungsreihe-klima-neue-heizung\/#primaryimage"},"thumbnailUrl":"https:\/\/www.protect-the-planet.de\/wp-content\/uploads\/2024\/01\/10.jpg","keywords":["Dr. Helmut Paschlau","Energiewende","Heizen","Heizung","Heizungswende","Klimaneutralit\u00e4t","Klimaschutz","M\u00fcnchen","Vortrag","Vortragsreihe"],"articleSection":["News"],"inLanguage":"en-US"},{"@type":"WebPage","@id":"https:\/\/www.protect-the-planet.de\/en\/veranstaltungsreihe-klima-neue-heizung\/","url":"https:\/\/www.protect-the-planet.de\/en\/veranstaltungsreihe-klima-neue-heizung\/","name":"Veranstaltungsreihe: \u201eKlima \u2013 neue Heizung? Was geht mich das an?\u201c - Protect the Planet","isPartOf":{"@id":"https:\/\/www.protect-the-planet.de\/en\/#website"},"primaryImageOfPage":{"@id":"https:\/\/www.protect-the-planet.de\/en\/veranstaltungsreihe-klima-neue-heizung\/#primaryimage"},"image":{"@id":"https:\/\/www.protect-the-planet.de\/en\/veranstaltungsreihe-klima-neue-heizung\/#primaryimage"},"thumbnailUrl":"https:\/\/www.protect-the-planet.de\/wp-content\/uploads\/2024\/01\/10.jpg","datePublished":"2024-01-05T10:18:25+00:00","dateModified":"2024-04-15T14:40:42+00:00","description":"Melden Sie sich an zu unseren kostenfreien Hybrid-Vortr\u00e4gen rund um das Thema Klima und Heizen, Februar bis April 2024.","breadcrumb":{"@id":"https:\/\/www.protect-the-planet.de\/en\/veranstaltungsreihe-klima-neue-heizung\/#breadcrumb"},"inLanguage":"en-US","potentialAction":[{"@type":"ReadAction","target":["https:\/\/www.protect-the-planet.de\/en\/veranstaltungsreihe-klima-neue-heizung\/"]}]},{"@type":"ImageObject","inLanguage":"en-US","@id":"https:\/\/www.protect-the-planet.de\/en\/veranstaltungsreihe-klima-neue-heizung\/#primaryimage","url":"https:\/\/www.protect-the-planet.de\/wp-content\/uploads\/2024\/01\/10.jpg","contentUrl":"https:\/\/www.protect-the-planet.de\/wp-content\/uploads\/2024\/01\/10.jpg","width":900,"height":550},{"@type":"BreadcrumbList","@id":"https:\/\/www.protect-the-planet.de\/en\/veranstaltungsreihe-klima-neue-heizung\/#breadcrumb","itemListElement":[{"@type":"ListItem","position":1,"name":"Startseite","item":"https:\/\/www.protect-the-planet.de\/en\/home\/"},{"@type":"ListItem","position":2,"name":"Veranstaltungsreihe: \u201eKlima \u2013 neue Heizung? Was geht mich das an?\u201c"}]},{"@type":"WebSite","@id":"https:\/\/www.protect-the-planet.de\/en\/#website","url":"https:\/\/www.protect-the-planet.de\/en\/","name":"Protect the Planet","description":"If we don&#039;t change, the climate will.","publisher":{"@id":"https:\/\/www.protect-the-planet.de\/en\/#organization"},"alternateName":"Protect the Panet gGmbH","potentialAction":[{"@type":"SearchAction","target":{"@type":"EntryPoint","urlTemplate":"https:\/\/www.protect-the-planet.de\/en\/?s={search_term_string}"},"query-input":{"@type":"PropertyValueSpecification","valueRequired":true,"valueName":"search_term_string"}}],"inLanguage":"en-US"},{"@type":"Organization","@id":"https:\/\/www.protect-the-planet.de\/en\/#organization","name":"Protect the Planet","url":"https:\/\/www.protect-the-planet.de\/en\/","logo":{"@type":"ImageObject","inLanguage":"en-US","@id":"https:\/\/www.protect-the-planet.de\/en\/#\/schema\/logo\/image\/","url":"https:\/\/www.protect-the-planet.de\/wp-content\/uploads\/2023\/09\/LOGO-positiv_transparent-klein.png","contentUrl":"https:\/\/www.protect-the-planet.de\/wp-content\/uploads\/2023\/09\/LOGO-positiv_transparent-klein.png","width":123,"height":68,"caption":"Protect the Planet"},"image":{"@id":"https:\/\/www.protect-the-planet.de\/en\/#\/schema\/logo\/image\/"},"sameAs":["https:\/\/www.facebook.com\/protecttheplanetDE\/","https:\/\/x.com\/PtP_de","https:\/\/www.instagram.com\/protecttheplanetorg\/","https:\/\/www.linkedin.com\/company\/protect-the-planet","https:\/\/www.youtube.com\/@protecttheplanet"]},{"@type":"Person","@id":"https:\/\/www.protect-the-planet.de\/en\/#\/schema\/person\/34a10854efaaf0bf11a3b6fbe966fcd0","name":"Fenya Kirst","image":{"@type":"ImageObject","inLanguage":"en-US","@id":"https:\/\/www.protect-the-planet.de\/wp-content\/uploads\/2024\/03\/cropped-2310_ProtectThePlanet_Portraet-Fenya-quadr-scaled-1-96x96.jpg","url":"https:\/\/www.protect-the-planet.de\/wp-content\/uploads\/2024\/03\/cropped-2310_ProtectThePlanet_Portraet-Fenya-quadr-scaled-1-96x96.jpg","contentUrl":"https:\/\/www.protect-the-planet.de\/wp-content\/uploads\/2024\/03\/cropped-2310_ProtectThePlanet_Portraet-Fenya-quadr-scaled-1-96x96.jpg","caption":"Fenya Kirst"},"description":"fenya.kirst@protect-the-planet.de +49 162 9085805","url":"https:\/\/www.protect-the-planet.de\/en\/author\/fenya-kirst\/"}]}},"_links":{"self":[{"href":"https:\/\/www.protect-the-planet.de\/en\/wp-json\/wp\/v2\/posts\/24586","targetHints":{"allow":["GET"]}}],"collection":[{"href":"https:\/\/www.protect-the-planet.de\/en\/wp-json\/wp\/v2\/posts"}],"about":[{"href":"https:\/\/www.protect-the-planet.de\/en\/wp-json\/wp\/v2\/types\/post"}],"author":[{"embeddable":true,"href":"https:\/\/www.protect-the-planet.de\/en\/wp-json\/wp\/v2\/users\/6"}],"replies":[{"embeddable":true,"href":"https:\/\/www.protect-the-planet.de\/en\/wp-json\/wp\/v2\/comments?post=24586"}],"version-history":[{"count":0,"href":"https:\/\/www.protect-the-planet.de\/en\/wp-json\/wp\/v2\/posts\/24586\/revisions"}],"wp:featuredmedia":[{"embeddable":true,"href":"https:\/\/www.protect-the-planet.de\/en\/wp-json\/wp\/v2\/media\/26366"}],"wp:attachment":[{"href":"https:\/\/www.protect-the-planet.de\/en\/wp-json\/wp\/v2\/media?parent=24586"}],"wp:term":[{"taxonomy":"category","embeddable":true,"href":"https:\/\/www.protect-the-planet.de\/en\/wp-json\/wp\/v2\/categories?post=24586"},{"taxonomy":"post_tag","embeddable":true,"href":"https:\/\/www.protect-the-planet.de\/en\/wp-json\/wp\/v2\/tags?post=24586"}],"curies":[{"name":"wp","href":"https:\/\/api.w.org\/{rel}","templated":true}]}}