{"id":23757,"date":"2023-11-17T13:21:36","date_gmt":"2023-11-17T12:21:36","guid":{"rendered":"https:\/\/www.protect-the-planet.de\/vergiss-meyn-nicht-ein-beruehrender-blick-in-den-besetzten-hambacher-forst\/"},"modified":"2024-04-17T16:18:21","modified_gmt":"2024-04-17T14:18:21","slug":"vergiss-meyn-nicht-ein-beruehrender-blick-in-den-besetzten-hambacher-forst","status":"publish","type":"post","link":"https:\/\/www.protect-the-planet.de\/en\/vergiss-meyn-nicht-ein-beruehrender-blick-in-den-besetzten-hambacher-forst\/","title":{"rendered":"Vergiss Meyn Nicht: Ein ber\u00fchrender Blick in den besetzten Hambacher Forst\u00a0"},"content":{"rendered":"\n<p>Die Klimakrise ist nicht nur Wissenschafts- oder Politikfrage. Es geht um Pers\u00f6nliches, Emotionales, und wie all das zusammenh\u00e4ngt. Selten wird das so deutlich wie in dem Dokumentarfilm<strong>\u00a0<a href=\"https:\/\/www.wfilm.de\/vergiss-meyn-nicht\/inhalt\/\">\u201eVergiss Meyn Nicht\u201c<\/a><\/strong>\u00a0\u2013 benannt nach Steffen Meyn, dem Journalisten und Filmstudenten, der am 19. September 2018 im Hambacher Forst von einer Br\u00fccke st\u00fcrzte und verstarb.<\/p>\n\n\n\n<p>Als Mitveranstalter durften wir am Donnerstag, 16. November 2023 eine Sondervorf\u00fchrung dieses Films mit anschlie\u00dfender Talkrunde m\u00f6glich machen, gemeinsam mit\u00a0<a href=\"https:\/\/www.colabora-together.de\/\">Colabora<\/a>\u00a0und dem\u00a0<a href=\"https:\/\/www.filmtheatersendlingertor.de\/\">Kino Sendlinger Tor<\/a>. Als Ehreng\u00e4st*innen waren die drei\u00a0<strong>Regisseur*innen Fabiana Fragale, Kilian Kuhlendahl und Jens M\u00fchlhoff<\/strong> pers\u00f6nlich vor Ort. Dazu durften wir Filmpate\u00a0<strong>Konstantin Wecker<\/strong>\u00a0begr\u00fc\u00dfen \u2013 und Elisabeth und Horst Meyn,\u00a0<strong>Steffen Meyns Eltern<\/strong>. Die Vorstellung war ein Highlight in unserem\u00a0<a href=\"https:\/\/www.protect-the-planet.de\/veranstaltungen\/\">Veranstaltungskatalog<\/a>, das die Emotionen des Publikums zwischen Emp\u00f6rung, tiefer Betroffenheit, Anspannung und Momenten des Schmunzelns hin- und herjagte.<\/p>\n\n\n\n<h2 class=\"wp-block-heading\">Vergiss Meyn Nicht: So war es im &#8220;Hambi&#8221;<\/h2>\n\n\n\n<p>\u00dcber 200 Menschen verfolgten am Donnerstagabend im historischen Kino Sendlinger Tor die faszinierenden Aufnahmen, die Steffen Meyn bei seinen Recherchen im besetzten&nbsp;<strong>\u201eHambi\u201c<\/strong>&nbsp;2018 mit einer Helmkamera pers\u00f6nlich drehte. So tritt zum einen der ber\u00fchmte Hambacher Forst sehr real in Erscheinung \u2013 n\u00e4mlich nicht als idyllischer M\u00e4rchenwald, sondern als recht unspektakul\u00e4rer Forst neben einer riesigen&nbsp;<strong>Kohlegrube<\/strong>. Zum anderen wird in den Aufnahmen wie in Begleitinterviews deutlich, wie das eigentlich aussieht, wenn man einen Wald besetzt und dort als Aktivist*in lebt. Welche&nbsp;<strong>Probleme und Konfliktlinien<\/strong>&nbsp;auch innerhalb der Besetzer*innen auftreten, wie sie um ihre Haltung und die Frage nach den geeigneten Mitteln ringen. Am greifbarsten aber wird die Person Steffen Meyn, der die Ereignisse im Wald nicht unkritisch begleitet.&nbsp;<\/p>\n\n\n\n<p>Den Rahmen der Sondervorstellung gestaltete eine Ansprache von Stifterin und Unternehmerin&nbsp;<strong>Dorothea Sick-Thiess<\/strong>&nbsp;vor Beginn und eine Talkrunde mit Regisseurin&nbsp;<strong>Fabiana Fragale&nbsp;<\/strong>und&nbsp;<strong>Filmpate Konstantin Wecker<\/strong>&nbsp;nach Ende des Films. Auch&nbsp;<strong>Steffen Meyns Mutter<\/strong>&nbsp;Elisabeth richtete sich an die Zuschauer*innen, mit Tr\u00e4nen in den Augen und der klaren Botschaft, sich nicht unterkriegen zu lassen.<\/p>\n\n\n\n<p><strong>Mehr Informationen \u00fcber \u201eVergiss Meyn Nicht\u201c inklusive Filmausschnitte und Trailer finden Sie\u00a0<a href=\"https:\/\/www.wfilm.de\/vergiss-meyn-nicht\/inhalt\/\">hier<\/a>\u00a0auf der Website des Filmverleihs\u00a0<a href=\"https:\/\/www.wfilm.de\/\">W-Film<\/a>.<\/strong><\/p>\n\n\n\n<figure class=\"wp-block-gallery has-nested-images columns-default is-cropped wp-block-gallery-1 is-layout-flex wp-block-gallery-is-layout-flex\">\n<figure class=\"wp-block-image size-large\"><img fetchpriority=\"high\" decoding=\"async\" width=\"1024\" height=\"682\" data-id=\"23166\" src=\"https:\/\/www.protect-the-planet.de\/wp-content\/uploads\/2023\/11\/2023_11_16-SoVo-Meyn-in-Muenchen_PtP_Talkrunde-Konstantin-Wecker-und-Fabiana-Fragale-1_DSC_0045_klein-1024x682.jpeg\" alt=\"\" class=\"wp-image-23166\" srcset=\"https:\/\/www.protect-the-planet.de\/wp-content\/uploads\/2023\/11\/2023_11_16-SoVo-Meyn-in-Muenchen_PtP_Talkrunde-Konstantin-Wecker-und-Fabiana-Fragale-1_DSC_0045_klein-1024x682.jpeg 1024w, https:\/\/www.protect-the-planet.de\/wp-content\/uploads\/2023\/11\/2023_11_16-SoVo-Meyn-in-Muenchen_PtP_Talkrunde-Konstantin-Wecker-und-Fabiana-Fragale-1_DSC_0045_klein-300x200.jpeg 300w, https:\/\/www.protect-the-planet.de\/wp-content\/uploads\/2023\/11\/2023_11_16-SoVo-Meyn-in-Muenchen_PtP_Talkrunde-Konstantin-Wecker-und-Fabiana-Fragale-1_DSC_0045_klein-768x512.jpeg 768w, https:\/\/www.protect-the-planet.de\/wp-content\/uploads\/2023\/11\/2023_11_16-SoVo-Meyn-in-Muenchen_PtP_Talkrunde-Konstantin-Wecker-und-Fabiana-Fragale-1_DSC_0045_klein.jpeg 1280w\" sizes=\"(max-width: 1024px) 100vw, 1024px\" \/><\/figure>\n\n\n\n<figure class=\"wp-block-image size-large\"><img decoding=\"async\" width=\"682\" height=\"1024\" data-id=\"23157\" src=\"https:\/\/www.protect-the-planet.de\/wp-content\/uploads\/2023\/11\/2023_11_16-SoVo-Meyn-in-Muenchen_PtP_Regisseurinnen-Signieren_DSC_0100_klein-682x1024.jpeg\" alt=\"\" class=\"wp-image-23157\" srcset=\"https:\/\/www.protect-the-planet.de\/wp-content\/uploads\/2023\/11\/2023_11_16-SoVo-Meyn-in-Muenchen_PtP_Regisseurinnen-Signieren_DSC_0100_klein-682x1024.jpeg 682w, https:\/\/www.protect-the-planet.de\/wp-content\/uploads\/2023\/11\/2023_11_16-SoVo-Meyn-in-Muenchen_PtP_Regisseurinnen-Signieren_DSC_0100_klein-200x300.jpeg 200w, https:\/\/www.protect-the-planet.de\/wp-content\/uploads\/2023\/11\/2023_11_16-SoVo-Meyn-in-Muenchen_PtP_Regisseurinnen-Signieren_DSC_0100_klein-768x1152.jpeg 768w, https:\/\/www.protect-the-planet.de\/wp-content\/uploads\/2023\/11\/2023_11_16-SoVo-Meyn-in-Muenchen_PtP_Regisseurinnen-Signieren_DSC_0100_klein.jpeg 853w\" sizes=\"(max-width: 682px) 100vw, 682px\" \/><\/figure>\n\n\n\n<figure class=\"wp-block-image size-large\"><img decoding=\"async\" width=\"682\" height=\"1024\" data-id=\"23164\" src=\"https:\/\/www.protect-the-planet.de\/wp-content\/uploads\/2023\/11\/2023_11_16-SoVo-Meyn-in-Muenchen_PtP_Gruppenfoto-mit-Regisseurinnen-Eltern-3_DSC_0093_klein-682x1024.jpeg\" alt=\"\" class=\"wp-image-23164\" srcset=\"https:\/\/www.protect-the-planet.de\/wp-content\/uploads\/2023\/11\/2023_11_16-SoVo-Meyn-in-Muenchen_PtP_Gruppenfoto-mit-Regisseurinnen-Eltern-3_DSC_0093_klein-682x1024.jpeg 682w, https:\/\/www.protect-the-planet.de\/wp-content\/uploads\/2023\/11\/2023_11_16-SoVo-Meyn-in-Muenchen_PtP_Gruppenfoto-mit-Regisseurinnen-Eltern-3_DSC_0093_klein-200x300.jpeg 200w, https:\/\/www.protect-the-planet.de\/wp-content\/uploads\/2023\/11\/2023_11_16-SoVo-Meyn-in-Muenchen_PtP_Gruppenfoto-mit-Regisseurinnen-Eltern-3_DSC_0093_klein-768x1152.jpeg 768w, https:\/\/www.protect-the-planet.de\/wp-content\/uploads\/2023\/11\/2023_11_16-SoVo-Meyn-in-Muenchen_PtP_Gruppenfoto-mit-Regisseurinnen-Eltern-3_DSC_0093_klein.jpeg 853w\" sizes=\"(max-width: 682px) 100vw, 682px\" \/><\/figure>\n\n\n\n<figure class=\"wp-block-image size-large\"><img loading=\"lazy\" decoding=\"async\" width=\"1024\" height=\"682\" data-id=\"23159\" src=\"https:\/\/www.protect-the-planet.de\/wp-content\/uploads\/2023\/11\/2023_11_16-SoVo-Meyn-in-Muenchen_PtP_Gruppenfoto-mit-allen-lustig_DSC_0088_klein-1024x682.jpeg\" alt=\"\" class=\"wp-image-23159\" srcset=\"https:\/\/www.protect-the-planet.de\/wp-content\/uploads\/2023\/11\/2023_11_16-SoVo-Meyn-in-Muenchen_PtP_Gruppenfoto-mit-allen-lustig_DSC_0088_klein-1024x682.jpeg 1024w, https:\/\/www.protect-the-planet.de\/wp-content\/uploads\/2023\/11\/2023_11_16-SoVo-Meyn-in-Muenchen_PtP_Gruppenfoto-mit-allen-lustig_DSC_0088_klein-300x200.jpeg 300w, https:\/\/www.protect-the-planet.de\/wp-content\/uploads\/2023\/11\/2023_11_16-SoVo-Meyn-in-Muenchen_PtP_Gruppenfoto-mit-allen-lustig_DSC_0088_klein-768x512.jpeg 768w, https:\/\/www.protect-the-planet.de\/wp-content\/uploads\/2023\/11\/2023_11_16-SoVo-Meyn-in-Muenchen_PtP_Gruppenfoto-mit-allen-lustig_DSC_0088_klein.jpeg 1280w\" sizes=\"(max-width: 1024px) 100vw, 1024px\" \/><\/figure>\n\n\n\n<figure class=\"wp-block-image size-large\"><img loading=\"lazy\" decoding=\"async\" width=\"1024\" height=\"682\" data-id=\"23161\" src=\"https:\/\/www.protect-the-planet.de\/wp-content\/uploads\/2023\/11\/2023_11_16-SoVo-Meyn-in-Muenchen_PtP_Elisabeth-Meyn-Ansprache_DSC_0039_klein-1024x682.jpeg\" alt=\"\" class=\"wp-image-23161\" srcset=\"https:\/\/www.protect-the-planet.de\/wp-content\/uploads\/2023\/11\/2023_11_16-SoVo-Meyn-in-Muenchen_PtP_Elisabeth-Meyn-Ansprache_DSC_0039_klein-1024x682.jpeg 1024w, https:\/\/www.protect-the-planet.de\/wp-content\/uploads\/2023\/11\/2023_11_16-SoVo-Meyn-in-Muenchen_PtP_Elisabeth-Meyn-Ansprache_DSC_0039_klein-300x200.jpeg 300w, https:\/\/www.protect-the-planet.de\/wp-content\/uploads\/2023\/11\/2023_11_16-SoVo-Meyn-in-Muenchen_PtP_Elisabeth-Meyn-Ansprache_DSC_0039_klein-768x512.jpeg 768w, https:\/\/www.protect-the-planet.de\/wp-content\/uploads\/2023\/11\/2023_11_16-SoVo-Meyn-in-Muenchen_PtP_Elisabeth-Meyn-Ansprache_DSC_0039_klein.jpeg 1280w\" sizes=\"(max-width: 1024px) 100vw, 1024px\" \/><\/figure>\n\n\n\n<figure class=\"wp-block-image size-large\"><img loading=\"lazy\" decoding=\"async\" width=\"682\" height=\"1024\" data-id=\"23160\" src=\"https:\/\/www.protect-the-planet.de\/wp-content\/uploads\/2023\/11\/2023_11_16-SoVo-Meyn-in-Muenchen_PtP_Dorothea-Sick-Thies-Ansprache-2_DSC_0023_klein-682x1024.jpeg\" alt=\"\" class=\"wp-image-23160\" srcset=\"https:\/\/www.protect-the-planet.de\/wp-content\/uploads\/2023\/11\/2023_11_16-SoVo-Meyn-in-Muenchen_PtP_Dorothea-Sick-Thies-Ansprache-2_DSC_0023_klein-682x1024.jpeg 682w, https:\/\/www.protect-the-planet.de\/wp-content\/uploads\/2023\/11\/2023_11_16-SoVo-Meyn-in-Muenchen_PtP_Dorothea-Sick-Thies-Ansprache-2_DSC_0023_klein-200x300.jpeg 200w, https:\/\/www.protect-the-planet.de\/wp-content\/uploads\/2023\/11\/2023_11_16-SoVo-Meyn-in-Muenchen_PtP_Dorothea-Sick-Thies-Ansprache-2_DSC_0023_klein-768x1152.jpeg 768w, https:\/\/www.protect-the-planet.de\/wp-content\/uploads\/2023\/11\/2023_11_16-SoVo-Meyn-in-Muenchen_PtP_Dorothea-Sick-Thies-Ansprache-2_DSC_0023_klein.jpeg 853w\" sizes=\"(max-width: 682px) 100vw, 682px\" \/><\/figure>\n<\/figure>\n","protected":false},"excerpt":{"rendered":"<p>Die Klimakrise ist nicht nur Wissenschafts- oder Politikfrage. Es geht um Pers\u00f6nliches, Emotionales, und wie all das zusammenh\u00e4ngt. Selten wird das so deutlich wie in dem Dokumentarfilm\u00a0\u201eVergiss Meyn Nicht\u201c\u00a0\u2013 benannt nach Steffen Meyn, dem Journalisten und Filmstudenten, der am 19. September 2018 im Hambacher Forst von einer Br\u00fccke st\u00fcrzte und verstarb.<\/p>\n","protected":false},"author":6,"featured_media":23154,"comment_status":"closed","ping_status":"closed","sticky":false,"template":"","format":"standard","meta":{"footnotes":""},"categories":[729],"tags":[721,722,923,924,733,925,727],"class_list":["post-23757","post","type-post","status-publish","format-standard","has-post-thumbnail","hentry","category-news","tag-hambacher-forst-en","tag-hambi-en","tag-hambi-bleibt-en","tag-klimaaktivismus-en","tag-klimakrise-en","tag-steffen-meyn-en","tag-vergiss-meyn-nicht-en"],"yoast_head":"<!-- This site is optimized with the Yoast SEO plugin v27.5 - https:\/\/yoast.com\/product\/yoast-seo-wordpress\/ -->\n<title>Vergiss Meyn Nicht: Ein ber\u00fchrender Blick in den besetzten Hambacher Forst\u00a0 - Protect the Planet<\/title>\n<meta name=\"description\" content=\"Wie weit kann und darf Aktivismus gehen? Der Dokumentarfilm &quot;Vergiss Meyn Nicht&quot; bietet Einblick in den Hambacher Forst und in eine Protestbewegung, die um ihre Haltung und geeignete Mittel ringt.\" \/>\n<meta name=\"robots\" content=\"index, follow, max-snippet:-1, max-image-preview:large, max-video-preview:-1\" \/>\n<link rel=\"canonical\" href=\"https:\/\/www.protect-the-planet.de\/en\/vergiss-meyn-nicht-ein-beruehrender-blick-in-den-besetzten-hambacher-forst\/\" \/>\n<meta property=\"og:locale\" content=\"en_US\" \/>\n<meta property=\"og:type\" content=\"article\" \/>\n<meta property=\"og:title\" content=\"Vergiss Meyn Nicht: Ein ber\u00fchrender Blick in den besetzten Hambacher Forst\u00a0 - Protect the Planet\" \/>\n<meta property=\"og:description\" content=\"Wie weit kann und darf Aktivismus gehen? Der Dokumentarfilm &quot;Vergiss Meyn Nicht&quot; bietet Einblick in den Hambacher Forst und in eine Protestbewegung, die um ihre Haltung und geeignete Mittel ringt.\" \/>\n<meta property=\"og:url\" content=\"https:\/\/www.protect-the-planet.de\/en\/vergiss-meyn-nicht-ein-beruehrender-blick-in-den-besetzten-hambacher-forst\/\" \/>\n<meta property=\"og:site_name\" content=\"Protect the Planet\" \/>\n<meta property=\"article:publisher\" content=\"https:\/\/www.facebook.com\/protecttheplanetDE\/\" \/>\n<meta property=\"article:published_time\" content=\"2023-11-17T12:21:36+00:00\" \/>\n<meta property=\"article:modified_time\" content=\"2024-04-17T14:18:21+00:00\" \/>\n<meta property=\"og:image\" content=\"https:\/\/www.protect-the-planet.de\/wp-content\/uploads\/2023\/11\/2023_11_16-SoVo-Meyn-in-Muenchen_PtP_Gruppe-mit-Regisseurinnen-und-Eltern-2_DSC_0081_klein.jpeg\" \/>\n\t<meta property=\"og:image:width\" content=\"1280\" \/>\n\t<meta property=\"og:image:height\" content=\"853\" \/>\n\t<meta property=\"og:image:type\" content=\"image\/jpeg\" \/>\n<meta name=\"author\" content=\"Fenya Kirst\" \/>\n<meta name=\"twitter:card\" content=\"summary_large_image\" \/>\n<meta name=\"twitter:creator\" content=\"@PtP_de\" \/>\n<meta name=\"twitter:site\" content=\"@PtP_de\" \/>\n<meta name=\"twitter:label1\" content=\"Written by\" \/>\n\t<meta name=\"twitter:data1\" content=\"Fenya Kirst\" \/>\n\t<meta name=\"twitter:label2\" content=\"Est. reading time\" \/>\n\t<meta name=\"twitter:data2\" content=\"4 minutes\" \/>\n<script type=\"application\/ld+json\" class=\"yoast-schema-graph\">{\"@context\":\"https:\\\/\\\/schema.org\",\"@graph\":[{\"@type\":\"Article\",\"@id\":\"https:\\\/\\\/www.protect-the-planet.de\\\/en\\\/vergiss-meyn-nicht-ein-beruehrender-blick-in-den-besetzten-hambacher-forst\\\/#article\",\"isPartOf\":{\"@id\":\"https:\\\/\\\/www.protect-the-planet.de\\\/en\\\/vergiss-meyn-nicht-ein-beruehrender-blick-in-den-besetzten-hambacher-forst\\\/\"},\"author\":{\"name\":\"Fenya Kirst\",\"@id\":\"https:\\\/\\\/www.protect-the-planet.de\\\/en\\\/#\\\/schema\\\/person\\\/34a10854efaaf0bf11a3b6fbe966fcd0\"},\"headline\":\"Vergiss Meyn Nicht: Ein ber\u00fchrender Blick in den besetzten Hambacher Forst\u00a0\",\"datePublished\":\"2023-11-17T12:21:36+00:00\",\"dateModified\":\"2024-04-17T14:18:21+00:00\",\"mainEntityOfPage\":{\"@id\":\"https:\\\/\\\/www.protect-the-planet.de\\\/en\\\/vergiss-meyn-nicht-ein-beruehrender-blick-in-den-besetzten-hambacher-forst\\\/\"},\"wordCount\":375,\"publisher\":{\"@id\":\"https:\\\/\\\/www.protect-the-planet.de\\\/en\\\/#organization\"},\"image\":{\"@id\":\"https:\\\/\\\/www.protect-the-planet.de\\\/en\\\/vergiss-meyn-nicht-ein-beruehrender-blick-in-den-besetzten-hambacher-forst\\\/#primaryimage\"},\"thumbnailUrl\":\"https:\\\/\\\/www.protect-the-planet.de\\\/wp-content\\\/uploads\\\/2023\\\/11\\\/2023_11_16-SoVo-Meyn-in-Muenchen_PtP_Gruppe-mit-Regisseurinnen-und-Eltern-2_DSC_0081_klein.jpeg\",\"keywords\":[\"Hambacher Forst\",\"Hambi\",\"Hambi bleibt\",\"Klimaaktivismus\",\"Klimakrise\",\"Steffen Meyn\",\"Vergiss Meyn Nicht\"],\"articleSection\":[\"News\"],\"inLanguage\":\"en-US\"},{\"@type\":\"WebPage\",\"@id\":\"https:\\\/\\\/www.protect-the-planet.de\\\/en\\\/vergiss-meyn-nicht-ein-beruehrender-blick-in-den-besetzten-hambacher-forst\\\/\",\"url\":\"https:\\\/\\\/www.protect-the-planet.de\\\/en\\\/vergiss-meyn-nicht-ein-beruehrender-blick-in-den-besetzten-hambacher-forst\\\/\",\"name\":\"Vergiss Meyn Nicht: Ein ber\u00fchrender Blick in den besetzten Hambacher Forst\u00a0 - Protect the Planet\",\"isPartOf\":{\"@id\":\"https:\\\/\\\/www.protect-the-planet.de\\\/en\\\/#website\"},\"primaryImageOfPage\":{\"@id\":\"https:\\\/\\\/www.protect-the-planet.de\\\/en\\\/vergiss-meyn-nicht-ein-beruehrender-blick-in-den-besetzten-hambacher-forst\\\/#primaryimage\"},\"image\":{\"@id\":\"https:\\\/\\\/www.protect-the-planet.de\\\/en\\\/vergiss-meyn-nicht-ein-beruehrender-blick-in-den-besetzten-hambacher-forst\\\/#primaryimage\"},\"thumbnailUrl\":\"https:\\\/\\\/www.protect-the-planet.de\\\/wp-content\\\/uploads\\\/2023\\\/11\\\/2023_11_16-SoVo-Meyn-in-Muenchen_PtP_Gruppe-mit-Regisseurinnen-und-Eltern-2_DSC_0081_klein.jpeg\",\"datePublished\":\"2023-11-17T12:21:36+00:00\",\"dateModified\":\"2024-04-17T14:18:21+00:00\",\"description\":\"Wie weit kann und darf Aktivismus gehen? Der Dokumentarfilm \\\"Vergiss Meyn Nicht\\\" bietet Einblick in den Hambacher Forst und in eine Protestbewegung, die um ihre Haltung und geeignete Mittel ringt.\",\"breadcrumb\":{\"@id\":\"https:\\\/\\\/www.protect-the-planet.de\\\/en\\\/vergiss-meyn-nicht-ein-beruehrender-blick-in-den-besetzten-hambacher-forst\\\/#breadcrumb\"},\"inLanguage\":\"en-US\",\"potentialAction\":[{\"@type\":\"ReadAction\",\"target\":[\"https:\\\/\\\/www.protect-the-planet.de\\\/en\\\/vergiss-meyn-nicht-ein-beruehrender-blick-in-den-besetzten-hambacher-forst\\\/\"]}]},{\"@type\":\"ImageObject\",\"inLanguage\":\"en-US\",\"@id\":\"https:\\\/\\\/www.protect-the-planet.de\\\/en\\\/vergiss-meyn-nicht-ein-beruehrender-blick-in-den-besetzten-hambacher-forst\\\/#primaryimage\",\"url\":\"https:\\\/\\\/www.protect-the-planet.de\\\/wp-content\\\/uploads\\\/2023\\\/11\\\/2023_11_16-SoVo-Meyn-in-Muenchen_PtP_Gruppe-mit-Regisseurinnen-und-Eltern-2_DSC_0081_klein.jpeg\",\"contentUrl\":\"https:\\\/\\\/www.protect-the-planet.de\\\/wp-content\\\/uploads\\\/2023\\\/11\\\/2023_11_16-SoVo-Meyn-in-Muenchen_PtP_Gruppe-mit-Regisseurinnen-und-Eltern-2_DSC_0081_klein.jpeg\",\"width\":1280,\"height\":853},{\"@type\":\"BreadcrumbList\",\"@id\":\"https:\\\/\\\/www.protect-the-planet.de\\\/en\\\/vergiss-meyn-nicht-ein-beruehrender-blick-in-den-besetzten-hambacher-forst\\\/#breadcrumb\",\"itemListElement\":[{\"@type\":\"ListItem\",\"position\":1,\"name\":\"Startseite\",\"item\":\"https:\\\/\\\/www.protect-the-planet.de\\\/en\\\/home\\\/\"},{\"@type\":\"ListItem\",\"position\":2,\"name\":\"Vergiss Meyn Nicht: Ein ber\u00fchrender Blick in den besetzten Hambacher Forst\u00a0\"}]},{\"@type\":\"WebSite\",\"@id\":\"https:\\\/\\\/www.protect-the-planet.de\\\/en\\\/#website\",\"url\":\"https:\\\/\\\/www.protect-the-planet.de\\\/en\\\/\",\"name\":\"Protect the Planet\",\"description\":\"If we don&#039;t change, the climate will.\",\"publisher\":{\"@id\":\"https:\\\/\\\/www.protect-the-planet.de\\\/en\\\/#organization\"},\"alternateName\":\"Protect the Panet gGmbH\",\"potentialAction\":[{\"@type\":\"SearchAction\",\"target\":{\"@type\":\"EntryPoint\",\"urlTemplate\":\"https:\\\/\\\/www.protect-the-planet.de\\\/en\\\/?s={search_term_string}\"},\"query-input\":{\"@type\":\"PropertyValueSpecification\",\"valueRequired\":true,\"valueName\":\"search_term_string\"}}],\"inLanguage\":\"en-US\"},{\"@type\":\"Organization\",\"@id\":\"https:\\\/\\\/www.protect-the-planet.de\\\/en\\\/#organization\",\"name\":\"Protect the Planet\",\"url\":\"https:\\\/\\\/www.protect-the-planet.de\\\/en\\\/\",\"logo\":{\"@type\":\"ImageObject\",\"inLanguage\":\"en-US\",\"@id\":\"https:\\\/\\\/www.protect-the-planet.de\\\/en\\\/#\\\/schema\\\/logo\\\/image\\\/\",\"url\":\"https:\\\/\\\/www.protect-the-planet.de\\\/wp-content\\\/uploads\\\/2023\\\/09\\\/LOGO-positiv_transparent-klein.png\",\"contentUrl\":\"https:\\\/\\\/www.protect-the-planet.de\\\/wp-content\\\/uploads\\\/2023\\\/09\\\/LOGO-positiv_transparent-klein.png\",\"width\":123,\"height\":68,\"caption\":\"Protect the Planet\"},\"image\":{\"@id\":\"https:\\\/\\\/www.protect-the-planet.de\\\/en\\\/#\\\/schema\\\/logo\\\/image\\\/\"},\"sameAs\":[\"https:\\\/\\\/www.facebook.com\\\/protecttheplanetDE\\\/\",\"https:\\\/\\\/x.com\\\/PtP_de\",\"https:\\\/\\\/www.instagram.com\\\/protecttheplanetorg\\\/\",\"https:\\\/\\\/www.linkedin.com\\\/company\\\/protect-the-planet\",\"https:\\\/\\\/www.youtube.com\\\/@protecttheplanet\"]},{\"@type\":\"Person\",\"@id\":\"https:\\\/\\\/www.protect-the-planet.de\\\/en\\\/#\\\/schema\\\/person\\\/34a10854efaaf0bf11a3b6fbe966fcd0\",\"name\":\"Fenya Kirst\",\"image\":{\"@type\":\"ImageObject\",\"inLanguage\":\"en-US\",\"@id\":\"https:\\\/\\\/www.protect-the-planet.de\\\/wp-content\\\/uploads\\\/2024\\\/03\\\/cropped-2310_ProtectThePlanet_Portraet-Fenya-quadr-scaled-1-96x96.jpg\",\"url\":\"https:\\\/\\\/www.protect-the-planet.de\\\/wp-content\\\/uploads\\\/2024\\\/03\\\/cropped-2310_ProtectThePlanet_Portraet-Fenya-quadr-scaled-1-96x96.jpg\",\"contentUrl\":\"https:\\\/\\\/www.protect-the-planet.de\\\/wp-content\\\/uploads\\\/2024\\\/03\\\/cropped-2310_ProtectThePlanet_Portraet-Fenya-quadr-scaled-1-96x96.jpg\",\"caption\":\"Fenya Kirst\"},\"description\":\"fenya.kirst@protect-the-planet.de +49 162 9085805\",\"url\":\"https:\\\/\\\/www.protect-the-planet.de\\\/en\\\/author\\\/fenya-kirst\\\/\"}]}<\/script>\n<!-- \/ Yoast SEO plugin. -->","yoast_head_json":{"title":"Vergiss Meyn Nicht: Ein ber\u00fchrender Blick in den besetzten Hambacher Forst\u00a0 - Protect the Planet","description":"Wie weit kann und darf Aktivismus gehen? Der Dokumentarfilm \"Vergiss Meyn Nicht\" bietet Einblick in den Hambacher Forst und in eine Protestbewegung, die um ihre Haltung und geeignete Mittel ringt.","robots":{"index":"index","follow":"follow","max-snippet":"max-snippet:-1","max-image-preview":"max-image-preview:large","max-video-preview":"max-video-preview:-1"},"canonical":"https:\/\/www.protect-the-planet.de\/en\/vergiss-meyn-nicht-ein-beruehrender-blick-in-den-besetzten-hambacher-forst\/","og_locale":"en_US","og_type":"article","og_title":"Vergiss Meyn Nicht: Ein ber\u00fchrender Blick in den besetzten Hambacher Forst\u00a0 - Protect the Planet","og_description":"Wie weit kann und darf Aktivismus gehen? Der Dokumentarfilm \"Vergiss Meyn Nicht\" bietet Einblick in den Hambacher Forst und in eine Protestbewegung, die um ihre Haltung und geeignete Mittel ringt.","og_url":"https:\/\/www.protect-the-planet.de\/en\/vergiss-meyn-nicht-ein-beruehrender-blick-in-den-besetzten-hambacher-forst\/","og_site_name":"Protect the Planet","article_publisher":"https:\/\/www.facebook.com\/protecttheplanetDE\/","article_published_time":"2023-11-17T12:21:36+00:00","article_modified_time":"2024-04-17T14:18:21+00:00","og_image":[{"width":1280,"height":853,"url":"https:\/\/www.protect-the-planet.de\/wp-content\/uploads\/2023\/11\/2023_11_16-SoVo-Meyn-in-Muenchen_PtP_Gruppe-mit-Regisseurinnen-und-Eltern-2_DSC_0081_klein.jpeg","type":"image\/jpeg"}],"author":"Fenya Kirst","twitter_card":"summary_large_image","twitter_creator":"@PtP_de","twitter_site":"@PtP_de","twitter_misc":{"Written by":"Fenya Kirst","Est. reading time":"4 minutes"},"schema":{"@context":"https:\/\/schema.org","@graph":[{"@type":"Article","@id":"https:\/\/www.protect-the-planet.de\/en\/vergiss-meyn-nicht-ein-beruehrender-blick-in-den-besetzten-hambacher-forst\/#article","isPartOf":{"@id":"https:\/\/www.protect-the-planet.de\/en\/vergiss-meyn-nicht-ein-beruehrender-blick-in-den-besetzten-hambacher-forst\/"},"author":{"name":"Fenya Kirst","@id":"https:\/\/www.protect-the-planet.de\/en\/#\/schema\/person\/34a10854efaaf0bf11a3b6fbe966fcd0"},"headline":"Vergiss Meyn Nicht: Ein ber\u00fchrender Blick in den besetzten Hambacher Forst\u00a0","datePublished":"2023-11-17T12:21:36+00:00","dateModified":"2024-04-17T14:18:21+00:00","mainEntityOfPage":{"@id":"https:\/\/www.protect-the-planet.de\/en\/vergiss-meyn-nicht-ein-beruehrender-blick-in-den-besetzten-hambacher-forst\/"},"wordCount":375,"publisher":{"@id":"https:\/\/www.protect-the-planet.de\/en\/#organization"},"image":{"@id":"https:\/\/www.protect-the-planet.de\/en\/vergiss-meyn-nicht-ein-beruehrender-blick-in-den-besetzten-hambacher-forst\/#primaryimage"},"thumbnailUrl":"https:\/\/www.protect-the-planet.de\/wp-content\/uploads\/2023\/11\/2023_11_16-SoVo-Meyn-in-Muenchen_PtP_Gruppe-mit-Regisseurinnen-und-Eltern-2_DSC_0081_klein.jpeg","keywords":["Hambacher Forst","Hambi","Hambi bleibt","Klimaaktivismus","Klimakrise","Steffen Meyn","Vergiss Meyn Nicht"],"articleSection":["News"],"inLanguage":"en-US"},{"@type":"WebPage","@id":"https:\/\/www.protect-the-planet.de\/en\/vergiss-meyn-nicht-ein-beruehrender-blick-in-den-besetzten-hambacher-forst\/","url":"https:\/\/www.protect-the-planet.de\/en\/vergiss-meyn-nicht-ein-beruehrender-blick-in-den-besetzten-hambacher-forst\/","name":"Vergiss Meyn Nicht: Ein ber\u00fchrender Blick in den besetzten Hambacher Forst\u00a0 - Protect the Planet","isPartOf":{"@id":"https:\/\/www.protect-the-planet.de\/en\/#website"},"primaryImageOfPage":{"@id":"https:\/\/www.protect-the-planet.de\/en\/vergiss-meyn-nicht-ein-beruehrender-blick-in-den-besetzten-hambacher-forst\/#primaryimage"},"image":{"@id":"https:\/\/www.protect-the-planet.de\/en\/vergiss-meyn-nicht-ein-beruehrender-blick-in-den-besetzten-hambacher-forst\/#primaryimage"},"thumbnailUrl":"https:\/\/www.protect-the-planet.de\/wp-content\/uploads\/2023\/11\/2023_11_16-SoVo-Meyn-in-Muenchen_PtP_Gruppe-mit-Regisseurinnen-und-Eltern-2_DSC_0081_klein.jpeg","datePublished":"2023-11-17T12:21:36+00:00","dateModified":"2024-04-17T14:18:21+00:00","description":"Wie weit kann und darf Aktivismus gehen? Der Dokumentarfilm \"Vergiss Meyn Nicht\" bietet Einblick in den Hambacher Forst und in eine Protestbewegung, die um ihre Haltung und geeignete Mittel ringt.","breadcrumb":{"@id":"https:\/\/www.protect-the-planet.de\/en\/vergiss-meyn-nicht-ein-beruehrender-blick-in-den-besetzten-hambacher-forst\/#breadcrumb"},"inLanguage":"en-US","potentialAction":[{"@type":"ReadAction","target":["https:\/\/www.protect-the-planet.de\/en\/vergiss-meyn-nicht-ein-beruehrender-blick-in-den-besetzten-hambacher-forst\/"]}]},{"@type":"ImageObject","inLanguage":"en-US","@id":"https:\/\/www.protect-the-planet.de\/en\/vergiss-meyn-nicht-ein-beruehrender-blick-in-den-besetzten-hambacher-forst\/#primaryimage","url":"https:\/\/www.protect-the-planet.de\/wp-content\/uploads\/2023\/11\/2023_11_16-SoVo-Meyn-in-Muenchen_PtP_Gruppe-mit-Regisseurinnen-und-Eltern-2_DSC_0081_klein.jpeg","contentUrl":"https:\/\/www.protect-the-planet.de\/wp-content\/uploads\/2023\/11\/2023_11_16-SoVo-Meyn-in-Muenchen_PtP_Gruppe-mit-Regisseurinnen-und-Eltern-2_DSC_0081_klein.jpeg","width":1280,"height":853},{"@type":"BreadcrumbList","@id":"https:\/\/www.protect-the-planet.de\/en\/vergiss-meyn-nicht-ein-beruehrender-blick-in-den-besetzten-hambacher-forst\/#breadcrumb","itemListElement":[{"@type":"ListItem","position":1,"name":"Startseite","item":"https:\/\/www.protect-the-planet.de\/en\/home\/"},{"@type":"ListItem","position":2,"name":"Vergiss Meyn Nicht: Ein ber\u00fchrender Blick in den besetzten Hambacher Forst\u00a0"}]},{"@type":"WebSite","@id":"https:\/\/www.protect-the-planet.de\/en\/#website","url":"https:\/\/www.protect-the-planet.de\/en\/","name":"Protect the Planet","description":"If we don&#039;t change, the climate will.","publisher":{"@id":"https:\/\/www.protect-the-planet.de\/en\/#organization"},"alternateName":"Protect the Panet gGmbH","potentialAction":[{"@type":"SearchAction","target":{"@type":"EntryPoint","urlTemplate":"https:\/\/www.protect-the-planet.de\/en\/?s={search_term_string}"},"query-input":{"@type":"PropertyValueSpecification","valueRequired":true,"valueName":"search_term_string"}}],"inLanguage":"en-US"},{"@type":"Organization","@id":"https:\/\/www.protect-the-planet.de\/en\/#organization","name":"Protect the Planet","url":"https:\/\/www.protect-the-planet.de\/en\/","logo":{"@type":"ImageObject","inLanguage":"en-US","@id":"https:\/\/www.protect-the-planet.de\/en\/#\/schema\/logo\/image\/","url":"https:\/\/www.protect-the-planet.de\/wp-content\/uploads\/2023\/09\/LOGO-positiv_transparent-klein.png","contentUrl":"https:\/\/www.protect-the-planet.de\/wp-content\/uploads\/2023\/09\/LOGO-positiv_transparent-klein.png","width":123,"height":68,"caption":"Protect the Planet"},"image":{"@id":"https:\/\/www.protect-the-planet.de\/en\/#\/schema\/logo\/image\/"},"sameAs":["https:\/\/www.facebook.com\/protecttheplanetDE\/","https:\/\/x.com\/PtP_de","https:\/\/www.instagram.com\/protecttheplanetorg\/","https:\/\/www.linkedin.com\/company\/protect-the-planet","https:\/\/www.youtube.com\/@protecttheplanet"]},{"@type":"Person","@id":"https:\/\/www.protect-the-planet.de\/en\/#\/schema\/person\/34a10854efaaf0bf11a3b6fbe966fcd0","name":"Fenya Kirst","image":{"@type":"ImageObject","inLanguage":"en-US","@id":"https:\/\/www.protect-the-planet.de\/wp-content\/uploads\/2024\/03\/cropped-2310_ProtectThePlanet_Portraet-Fenya-quadr-scaled-1-96x96.jpg","url":"https:\/\/www.protect-the-planet.de\/wp-content\/uploads\/2024\/03\/cropped-2310_ProtectThePlanet_Portraet-Fenya-quadr-scaled-1-96x96.jpg","contentUrl":"https:\/\/www.protect-the-planet.de\/wp-content\/uploads\/2024\/03\/cropped-2310_ProtectThePlanet_Portraet-Fenya-quadr-scaled-1-96x96.jpg","caption":"Fenya Kirst"},"description":"fenya.kirst@protect-the-planet.de +49 162 9085805","url":"https:\/\/www.protect-the-planet.de\/en\/author\/fenya-kirst\/"}]}},"_links":{"self":[{"href":"https:\/\/www.protect-the-planet.de\/en\/wp-json\/wp\/v2\/posts\/23757","targetHints":{"allow":["GET"]}}],"collection":[{"href":"https:\/\/www.protect-the-planet.de\/en\/wp-json\/wp\/v2\/posts"}],"about":[{"href":"https:\/\/www.protect-the-planet.de\/en\/wp-json\/wp\/v2\/types\/post"}],"author":[{"embeddable":true,"href":"https:\/\/www.protect-the-planet.de\/en\/wp-json\/wp\/v2\/users\/6"}],"replies":[{"embeddable":true,"href":"https:\/\/www.protect-the-planet.de\/en\/wp-json\/wp\/v2\/comments?post=23757"}],"version-history":[{"count":0,"href":"https:\/\/www.protect-the-planet.de\/en\/wp-json\/wp\/v2\/posts\/23757\/revisions"}],"wp:featuredmedia":[{"embeddable":true,"href":"https:\/\/www.protect-the-planet.de\/en\/wp-json\/wp\/v2\/media\/23154"}],"wp:attachment":[{"href":"https:\/\/www.protect-the-planet.de\/en\/wp-json\/wp\/v2\/media?parent=23757"}],"wp:term":[{"taxonomy":"category","embeddable":true,"href":"https:\/\/www.protect-the-planet.de\/en\/wp-json\/wp\/v2\/categories?post=23757"},{"taxonomy":"post_tag","embeddable":true,"href":"https:\/\/www.protect-the-planet.de\/en\/wp-json\/wp\/v2\/tags?post=23757"}],"curies":[{"name":"wp","href":"https:\/\/api.w.org\/{rel}","templated":true}]}}