{"id":23755,"date":"2023-11-20T13:31:23","date_gmt":"2023-11-20T12:31:23","guid":{"rendered":"https:\/\/www.protect-the-planet.de\/wir-sind-mitglied-beim-climate-action-network-europe\/"},"modified":"2023-12-04T12:44:06","modified_gmt":"2023-12-04T11:44:06","slug":"wir-sind-mitglied-beim-climate-action-network-europe","status":"publish","type":"post","link":"https:\/\/www.protect-the-planet.de\/en\/wir-sind-mitglied-beim-climate-action-network-europe\/","title":{"rendered":"Wir sind Mitglied beim Climate Action Network Europe!"},"content":{"rendered":"\n<p>Im Kampf gegen die Klimakrise muss die ganze Welt zusammenarbeiten \u2013 umso mehr freut es uns, dass wir einen weiteren gro\u00dfen Schritt Richtung internationaler Vernetzung unternehmen konnten: Die Autumn General Assembly des Climate Action Network Europe (<strong>CAN Europe<\/strong>) hat im Oktober 2023 unseren Mitgliedschaftsantrag offiziell angenommen.\u00a0<\/p>\n\n\n\n<p>Neben unserer deutschlandweiten Vernetzung mit anderen Klima-Initiativen (z.&nbsp;B. in der&nbsp;<a href=\"https:\/\/www.protect-the-planet.de\/klima-allianz\/\">Klima-Allianz Deutschland<\/a>) k\u00f6nnen wir so nun in Zukunft einen noch st\u00e4rkeren Fokus auf die internationale Ebene legen. Besonders blicken wir dabei auch auf die&nbsp;<strong>Europawahl im Juni 2024<\/strong>. Denn schlie\u00dflich ist die Klimakrise kein Problem, das sich in nationalen Grenzen l\u00f6sen l\u00e4sst \u2013 und gemeinsam bewegt man immer mehr als allein.&nbsp;<\/p>\n\n\n\n<p><strong>Wir freuen uns auf die europaweite Zusammenarbeit mit&nbsp;<a href=\"https:\/\/caneurope.org\/\">CAN Europe<\/a>!<\/strong><\/p>\n\n\n\n<h2 class=\"wp-block-heading\"><strong>\u00dcber das Climate Action Network Europe<\/strong><\/h2>\n\n\n\n<div class=\"wp-block-media-text has-media-on-the-right is-stacked-on-mobile\" style=\"grid-template-columns:auto 32%\"><div class=\"wp-block-media-text__content\">\n<p>CAN Europe besteht mittlerweile aus \u00fcber 200 Mitgliedsorganisationen in 40 europ\u00e4ischen L\u00e4ndern. Darunter sind nationale und internationale, gro\u00dfe und kleine Namen \u2013 wie Fairtrade International, WWF, Greenpeace, Welthungerhilfe, Plant for the Planet, Oxfam, und nun auch: Protect the Planet. CAN Europe organisiert zum Beispiel&nbsp;<a href=\"https:\/\/caneurope.org\/campaigns\/\">gemeinsame Lobby-Kampagnen<\/a>&nbsp;mit seinen Mitgliedern, um die europ\u00e4ische Politik auf einen klimafreundlicheren Weg zu bringen. Auch Informationsaustausch und Strategiefragen stehen im Fokus.&nbsp;<\/p>\n<\/div><figure class=\"wp-block-media-text__media\"><img fetchpriority=\"high\" decoding=\"async\" width=\"399\" height=\"451\" src=\"https:\/\/www.protect-the-planet.de\/wp-content\/uploads\/2023\/11\/cane-logo-rgb_high_cropped-v2.png\" alt=\"\" class=\"wp-image-23218 size-full\" srcset=\"https:\/\/www.protect-the-planet.de\/wp-content\/uploads\/2023\/11\/cane-logo-rgb_high_cropped-v2.png 399w, https:\/\/www.protect-the-planet.de\/wp-content\/uploads\/2023\/11\/cane-logo-rgb_high_cropped-v2-265x300.png 265w\" sizes=\"(max-width: 399px) 100vw, 399px\" \/><\/figure><\/div>\n\n\n\n<h3 class=\"wp-block-heading\">CAN Europe-<strong>Kampagne: Together for 1.5&nbsp;<\/strong><\/h3>\n\n\n\n<figure class=\"wp-block-embed is-type-video is-provider-youtube wp-block-embed-youtube wp-embed-aspect-16-9 wp-has-aspect-ratio\"><div class=\"wp-block-embed__wrapper\">\n <div class=\"brlbs-cmpnt-container brlbs-cmpnt-content-blocker brlbs-cmpnt-with-individual-styles\" data-borlabs-cookie-content-blocker-id=\"youtube-content-blocker\" data-borlabs-cookie-content=\"PGlmcmFtZSB0aXRsZT0iTmF0aW9uYWwgRW5lcmd5IGFuZCBDbGltYXRlIFBsYW5zIC0gZXhwbGFpbmVyIChHZXJtYW4pIiB3aWR0aD0iODAwIiBoZWlnaHQ9IjQ1MCIgc3JjPSJodHRwczovL3d3dy55b3V0dWJlLW5vY29va2llLmNvbS9lbWJlZC81dHVXejlRb09kST9mZWF0dXJlPW9lbWJlZCIgZnJhbWVib3JkZXI9IjAiIGFsbG93PSJhY2NlbGVyb21ldGVyOyBhdXRvcGxheTsgY2xpcGJvYXJkLXdyaXRlOyBlbmNyeXB0ZWQtbWVkaWE7IGd5cm9zY29wZTsgcGljdHVyZS1pbi1waWN0dXJlOyB3ZWItc2hhcmUiIGFsbG93ZnVsbHNjcmVlbj48L2lmcmFtZT4=\"><div class=\"brlbs-cmpnt-cb-preset-c brlbs-cmpnt-cb-youtube\"> <div class=\"brlbs-cmpnt-cb-thumbnail\" style=\"background-image: url('https:\/\/www.protect-the-planet.de\/wp-content\/uploads\/borlabs-cookie\/1\/yt_5tuWz9QoOdI_hqdefault.jpg')\"><\/div> <div class=\"brlbs-cmpnt-cb-main\"> <div class=\"brlbs-cmpnt-cb-play-button\"><\/div> <div class=\"brlbs-cmpnt-cb-content\"> <p class=\"brlbs-cmpnt-cb-description\">You are currently viewing a placeholder content from <strong>YouTube<\/strong>. To access the actual content, click the button below. Please note that doing so will share data with third-party providers.<\/p> <a class=\"brlbs-cmpnt-cb-provider-toggle\" href=\"#\" data-borlabs-cookie-show-provider-information role=\"button\">More Information<\/a> <\/div> <div class=\"brlbs-cmpnt-cb-buttons\"> <a class=\"brlbs-cmpnt-cb-btn\" href=\"#\" data-borlabs-cookie-unblock role=\"button\">Unblock content<\/a> <a class=\"brlbs-cmpnt-cb-btn\" href=\"#\" data-borlabs-cookie-accept-service role=\"button\" style=\"display: inherit\">Accept required service and unblock content<\/a> <\/div> <\/div> <\/div><\/div>\n<\/div><\/figure>\n","protected":false},"excerpt":{"rendered":"<p>Protect the Planet ist Mitglied des Climate Action Network Europe, um einen noch st\u00e4rkeren Fokus auf internationale Vernetzung zu legen.<\/p>\n","protected":false},"author":6,"featured_media":23216,"comment_status":"closed","ping_status":"closed","sticky":false,"template":"","format":"standard","meta":{"footnotes":""},"categories":[729],"tags":[916,917,918,919,826,710,920,753,921,922],"class_list":["post-23755","post","type-post","status-publish","format-standard","has-post-thumbnail","hentry","category-news","tag-can-europe-en","tag-climate-action-network-europe-en","tag-climateawareness-en","tag-eu-en","tag-klimaneutralitaet-en","tag-klimaschutz-en","tag-klimavernetzung-en","tag-muenchen-en","tag-nachhaltigkeit-en","tag-vernetzung-en"],"yoast_head":"<!-- This site is optimized with the Yoast SEO plugin v27.5 - https:\/\/yoast.com\/product\/yoast-seo-wordpress\/ -->\n<title>Wir sind Mitglied beim Climate Action Network Europe! - Protect the Planet<\/title>\n<meta name=\"description\" content=\"Protect the Planet ist Mitglied des Climate Action Network Europe, um einen noch st\u00e4rkeren Fokus auf internationale Vernetzung zu legen.\" \/>\n<meta name=\"robots\" content=\"index, follow, max-snippet:-1, max-image-preview:large, max-video-preview:-1\" \/>\n<link rel=\"canonical\" href=\"https:\/\/www.protect-the-planet.de\/en\/wir-sind-mitglied-beim-climate-action-network-europe\/\" \/>\n<meta property=\"og:locale\" content=\"en_US\" \/>\n<meta property=\"og:type\" content=\"article\" \/>\n<meta property=\"og:title\" content=\"Wir sind Mitglied beim Climate Action Network Europe! - Protect the Planet\" \/>\n<meta property=\"og:description\" content=\"Protect the Planet ist Mitglied des Climate Action Network Europe, um einen noch st\u00e4rkeren Fokus auf internationale Vernetzung zu legen.\" \/>\n<meta property=\"og:url\" content=\"https:\/\/www.protect-the-planet.de\/en\/wir-sind-mitglied-beim-climate-action-network-europe\/\" \/>\n<meta property=\"og:site_name\" content=\"Protect the Planet\" \/>\n<meta property=\"article:publisher\" content=\"https:\/\/www.facebook.com\/protecttheplanetDE\/\" \/>\n<meta property=\"article:published_time\" content=\"2023-11-20T12:31:23+00:00\" \/>\n<meta property=\"article:modified_time\" content=\"2023-12-04T11:44:06+00:00\" \/>\n<meta property=\"og:image\" content=\"https:\/\/www.protect-the-planet.de\/wp-content\/uploads\/2023\/11\/beitrag-CAN-europe-2.jpg\" \/>\n\t<meta property=\"og:image:width\" content=\"800\" \/>\n\t<meta property=\"og:image:height\" content=\"500\" \/>\n\t<meta property=\"og:image:type\" content=\"image\/jpeg\" \/>\n<meta name=\"author\" content=\"Fenya Kirst\" \/>\n<meta name=\"twitter:card\" content=\"summary_large_image\" \/>\n<meta name=\"twitter:creator\" content=\"@PtP_de\" \/>\n<meta name=\"twitter:site\" content=\"@PtP_de\" \/>\n<meta name=\"twitter:label1\" content=\"Written by\" \/>\n\t<meta name=\"twitter:data1\" content=\"Fenya Kirst\" \/>\n\t<meta name=\"twitter:label2\" content=\"Est. reading time\" \/>\n\t<meta name=\"twitter:data2\" content=\"2 minutes\" \/>\n<script type=\"application\/ld+json\" class=\"yoast-schema-graph\">{\"@context\":\"https:\\\/\\\/schema.org\",\"@graph\":[{\"@type\":\"Article\",\"@id\":\"https:\\\/\\\/www.protect-the-planet.de\\\/en\\\/wir-sind-mitglied-beim-climate-action-network-europe\\\/#article\",\"isPartOf\":{\"@id\":\"https:\\\/\\\/www.protect-the-planet.de\\\/en\\\/wir-sind-mitglied-beim-climate-action-network-europe\\\/\"},\"author\":{\"name\":\"Fenya Kirst\",\"@id\":\"https:\\\/\\\/www.protect-the-planet.de\\\/en\\\/#\\\/schema\\\/person\\\/34a10854efaaf0bf11a3b6fbe966fcd0\"},\"headline\":\"Wir sind Mitglied beim Climate Action Network Europe!\",\"datePublished\":\"2023-11-20T12:31:23+00:00\",\"dateModified\":\"2023-12-04T11:44:06+00:00\",\"mainEntityOfPage\":{\"@id\":\"https:\\\/\\\/www.protect-the-planet.de\\\/en\\\/wir-sind-mitglied-beim-climate-action-network-europe\\\/\"},\"wordCount\":222,\"publisher\":{\"@id\":\"https:\\\/\\\/www.protect-the-planet.de\\\/en\\\/#organization\"},\"image\":{\"@id\":\"https:\\\/\\\/www.protect-the-planet.de\\\/en\\\/wir-sind-mitglied-beim-climate-action-network-europe\\\/#primaryimage\"},\"thumbnailUrl\":\"https:\\\/\\\/www.protect-the-planet.de\\\/wp-content\\\/uploads\\\/2023\\\/11\\\/beitrag-CAN-europe-2.jpg\",\"keywords\":[\"can europe\",\"climate action network europe\",\"Climateawareness\",\"EU\",\"Klimaneutralit\u00e4t\",\"Klimaschutz\",\"klimavernetzung\",\"M\u00fcnchen\",\"Nachhaltigkeit\",\"vernetzung\"],\"articleSection\":[\"News\"],\"inLanguage\":\"en-US\"},{\"@type\":\"WebPage\",\"@id\":\"https:\\\/\\\/www.protect-the-planet.de\\\/en\\\/wir-sind-mitglied-beim-climate-action-network-europe\\\/\",\"url\":\"https:\\\/\\\/www.protect-the-planet.de\\\/en\\\/wir-sind-mitglied-beim-climate-action-network-europe\\\/\",\"name\":\"Wir sind Mitglied beim Climate Action Network Europe! - Protect the Planet\",\"isPartOf\":{\"@id\":\"https:\\\/\\\/www.protect-the-planet.de\\\/en\\\/#website\"},\"primaryImageOfPage\":{\"@id\":\"https:\\\/\\\/www.protect-the-planet.de\\\/en\\\/wir-sind-mitglied-beim-climate-action-network-europe\\\/#primaryimage\"},\"image\":{\"@id\":\"https:\\\/\\\/www.protect-the-planet.de\\\/en\\\/wir-sind-mitglied-beim-climate-action-network-europe\\\/#primaryimage\"},\"thumbnailUrl\":\"https:\\\/\\\/www.protect-the-planet.de\\\/wp-content\\\/uploads\\\/2023\\\/11\\\/beitrag-CAN-europe-2.jpg\",\"datePublished\":\"2023-11-20T12:31:23+00:00\",\"dateModified\":\"2023-12-04T11:44:06+00:00\",\"description\":\"Protect the Planet ist Mitglied des Climate Action Network Europe, um einen noch st\u00e4rkeren Fokus auf internationale Vernetzung zu legen.\",\"breadcrumb\":{\"@id\":\"https:\\\/\\\/www.protect-the-planet.de\\\/en\\\/wir-sind-mitglied-beim-climate-action-network-europe\\\/#breadcrumb\"},\"inLanguage\":\"en-US\",\"potentialAction\":[{\"@type\":\"ReadAction\",\"target\":[\"https:\\\/\\\/www.protect-the-planet.de\\\/en\\\/wir-sind-mitglied-beim-climate-action-network-europe\\\/\"]}]},{\"@type\":\"ImageObject\",\"inLanguage\":\"en-US\",\"@id\":\"https:\\\/\\\/www.protect-the-planet.de\\\/en\\\/wir-sind-mitglied-beim-climate-action-network-europe\\\/#primaryimage\",\"url\":\"https:\\\/\\\/www.protect-the-planet.de\\\/wp-content\\\/uploads\\\/2023\\\/11\\\/beitrag-CAN-europe-2.jpg\",\"contentUrl\":\"https:\\\/\\\/www.protect-the-planet.de\\\/wp-content\\\/uploads\\\/2023\\\/11\\\/beitrag-CAN-europe-2.jpg\",\"width\":800,\"height\":500,\"caption\":\"Ausschnitt einer gemalten Weltkarte, auf der eine Lupe auf Europa liegt. Logo von CAN Europe, Text: \\\"Wir sind Mitglied beim Climate Action Network Europe\\\"\"},{\"@type\":\"BreadcrumbList\",\"@id\":\"https:\\\/\\\/www.protect-the-planet.de\\\/en\\\/wir-sind-mitglied-beim-climate-action-network-europe\\\/#breadcrumb\",\"itemListElement\":[{\"@type\":\"ListItem\",\"position\":1,\"name\":\"Startseite\",\"item\":\"https:\\\/\\\/www.protect-the-planet.de\\\/en\\\/home\\\/\"},{\"@type\":\"ListItem\",\"position\":2,\"name\":\"Wir sind Mitglied beim Climate Action Network Europe!\"}]},{\"@type\":\"WebSite\",\"@id\":\"https:\\\/\\\/www.protect-the-planet.de\\\/en\\\/#website\",\"url\":\"https:\\\/\\\/www.protect-the-planet.de\\\/en\\\/\",\"name\":\"Protect the Planet\",\"description\":\"If we don&#039;t change, the climate will.\",\"publisher\":{\"@id\":\"https:\\\/\\\/www.protect-the-planet.de\\\/en\\\/#organization\"},\"alternateName\":\"Protect the Panet gGmbH\",\"potentialAction\":[{\"@type\":\"SearchAction\",\"target\":{\"@type\":\"EntryPoint\",\"urlTemplate\":\"https:\\\/\\\/www.protect-the-planet.de\\\/en\\\/?s={search_term_string}\"},\"query-input\":{\"@type\":\"PropertyValueSpecification\",\"valueRequired\":true,\"valueName\":\"search_term_string\"}}],\"inLanguage\":\"en-US\"},{\"@type\":\"Organization\",\"@id\":\"https:\\\/\\\/www.protect-the-planet.de\\\/en\\\/#organization\",\"name\":\"Protect the Planet\",\"url\":\"https:\\\/\\\/www.protect-the-planet.de\\\/en\\\/\",\"logo\":{\"@type\":\"ImageObject\",\"inLanguage\":\"en-US\",\"@id\":\"https:\\\/\\\/www.protect-the-planet.de\\\/en\\\/#\\\/schema\\\/logo\\\/image\\\/\",\"url\":\"https:\\\/\\\/www.protect-the-planet.de\\\/wp-content\\\/uploads\\\/2023\\\/09\\\/LOGO-positiv_transparent-klein.png\",\"contentUrl\":\"https:\\\/\\\/www.protect-the-planet.de\\\/wp-content\\\/uploads\\\/2023\\\/09\\\/LOGO-positiv_transparent-klein.png\",\"width\":123,\"height\":68,\"caption\":\"Protect the Planet\"},\"image\":{\"@id\":\"https:\\\/\\\/www.protect-the-planet.de\\\/en\\\/#\\\/schema\\\/logo\\\/image\\\/\"},\"sameAs\":[\"https:\\\/\\\/www.facebook.com\\\/protecttheplanetDE\\\/\",\"https:\\\/\\\/x.com\\\/PtP_de\",\"https:\\\/\\\/www.instagram.com\\\/protecttheplanetorg\\\/\",\"https:\\\/\\\/www.linkedin.com\\\/company\\\/protect-the-planet\",\"https:\\\/\\\/www.youtube.com\\\/@protecttheplanet\"]},{\"@type\":\"Person\",\"@id\":\"https:\\\/\\\/www.protect-the-planet.de\\\/en\\\/#\\\/schema\\\/person\\\/34a10854efaaf0bf11a3b6fbe966fcd0\",\"name\":\"Fenya Kirst\",\"image\":{\"@type\":\"ImageObject\",\"inLanguage\":\"en-US\",\"@id\":\"https:\\\/\\\/www.protect-the-planet.de\\\/wp-content\\\/uploads\\\/2024\\\/03\\\/cropped-2310_ProtectThePlanet_Portraet-Fenya-quadr-scaled-1-96x96.jpg\",\"url\":\"https:\\\/\\\/www.protect-the-planet.de\\\/wp-content\\\/uploads\\\/2024\\\/03\\\/cropped-2310_ProtectThePlanet_Portraet-Fenya-quadr-scaled-1-96x96.jpg\",\"contentUrl\":\"https:\\\/\\\/www.protect-the-planet.de\\\/wp-content\\\/uploads\\\/2024\\\/03\\\/cropped-2310_ProtectThePlanet_Portraet-Fenya-quadr-scaled-1-96x96.jpg\",\"caption\":\"Fenya Kirst\"},\"description\":\"fenya.kirst@protect-the-planet.de +49 162 9085805\",\"url\":\"https:\\\/\\\/www.protect-the-planet.de\\\/en\\\/author\\\/fenya-kirst\\\/\"}]}<\/script>\n<!-- \/ Yoast SEO plugin. -->","yoast_head_json":{"title":"Wir sind Mitglied beim Climate Action Network Europe! - Protect the Planet","description":"Protect the Planet ist Mitglied des Climate Action Network Europe, um einen noch st\u00e4rkeren Fokus auf internationale Vernetzung zu legen.","robots":{"index":"index","follow":"follow","max-snippet":"max-snippet:-1","max-image-preview":"max-image-preview:large","max-video-preview":"max-video-preview:-1"},"canonical":"https:\/\/www.protect-the-planet.de\/en\/wir-sind-mitglied-beim-climate-action-network-europe\/","og_locale":"en_US","og_type":"article","og_title":"Wir sind Mitglied beim Climate Action Network Europe! - Protect the Planet","og_description":"Protect the Planet ist Mitglied des Climate Action Network Europe, um einen noch st\u00e4rkeren Fokus auf internationale Vernetzung zu legen.","og_url":"https:\/\/www.protect-the-planet.de\/en\/wir-sind-mitglied-beim-climate-action-network-europe\/","og_site_name":"Protect the Planet","article_publisher":"https:\/\/www.facebook.com\/protecttheplanetDE\/","article_published_time":"2023-11-20T12:31:23+00:00","article_modified_time":"2023-12-04T11:44:06+00:00","og_image":[{"width":800,"height":500,"url":"https:\/\/www.protect-the-planet.de\/wp-content\/uploads\/2023\/11\/beitrag-CAN-europe-2.jpg","type":"image\/jpeg"}],"author":"Fenya Kirst","twitter_card":"summary_large_image","twitter_creator":"@PtP_de","twitter_site":"@PtP_de","twitter_misc":{"Written by":"Fenya Kirst","Est. reading time":"2 minutes"},"schema":{"@context":"https:\/\/schema.org","@graph":[{"@type":"Article","@id":"https:\/\/www.protect-the-planet.de\/en\/wir-sind-mitglied-beim-climate-action-network-europe\/#article","isPartOf":{"@id":"https:\/\/www.protect-the-planet.de\/en\/wir-sind-mitglied-beim-climate-action-network-europe\/"},"author":{"name":"Fenya Kirst","@id":"https:\/\/www.protect-the-planet.de\/en\/#\/schema\/person\/34a10854efaaf0bf11a3b6fbe966fcd0"},"headline":"Wir sind Mitglied beim Climate Action Network Europe!","datePublished":"2023-11-20T12:31:23+00:00","dateModified":"2023-12-04T11:44:06+00:00","mainEntityOfPage":{"@id":"https:\/\/www.protect-the-planet.de\/en\/wir-sind-mitglied-beim-climate-action-network-europe\/"},"wordCount":222,"publisher":{"@id":"https:\/\/www.protect-the-planet.de\/en\/#organization"},"image":{"@id":"https:\/\/www.protect-the-planet.de\/en\/wir-sind-mitglied-beim-climate-action-network-europe\/#primaryimage"},"thumbnailUrl":"https:\/\/www.protect-the-planet.de\/wp-content\/uploads\/2023\/11\/beitrag-CAN-europe-2.jpg","keywords":["can europe","climate action network europe","Climateawareness","EU","Klimaneutralit\u00e4t","Klimaschutz","klimavernetzung","M\u00fcnchen","Nachhaltigkeit","vernetzung"],"articleSection":["News"],"inLanguage":"en-US"},{"@type":"WebPage","@id":"https:\/\/www.protect-the-planet.de\/en\/wir-sind-mitglied-beim-climate-action-network-europe\/","url":"https:\/\/www.protect-the-planet.de\/en\/wir-sind-mitglied-beim-climate-action-network-europe\/","name":"Wir sind Mitglied beim Climate Action Network Europe! - Protect the Planet","isPartOf":{"@id":"https:\/\/www.protect-the-planet.de\/en\/#website"},"primaryImageOfPage":{"@id":"https:\/\/www.protect-the-planet.de\/en\/wir-sind-mitglied-beim-climate-action-network-europe\/#primaryimage"},"image":{"@id":"https:\/\/www.protect-the-planet.de\/en\/wir-sind-mitglied-beim-climate-action-network-europe\/#primaryimage"},"thumbnailUrl":"https:\/\/www.protect-the-planet.de\/wp-content\/uploads\/2023\/11\/beitrag-CAN-europe-2.jpg","datePublished":"2023-11-20T12:31:23+00:00","dateModified":"2023-12-04T11:44:06+00:00","description":"Protect the Planet ist Mitglied des Climate Action Network Europe, um einen noch st\u00e4rkeren Fokus auf internationale Vernetzung zu legen.","breadcrumb":{"@id":"https:\/\/www.protect-the-planet.de\/en\/wir-sind-mitglied-beim-climate-action-network-europe\/#breadcrumb"},"inLanguage":"en-US","potentialAction":[{"@type":"ReadAction","target":["https:\/\/www.protect-the-planet.de\/en\/wir-sind-mitglied-beim-climate-action-network-europe\/"]}]},{"@type":"ImageObject","inLanguage":"en-US","@id":"https:\/\/www.protect-the-planet.de\/en\/wir-sind-mitglied-beim-climate-action-network-europe\/#primaryimage","url":"https:\/\/www.protect-the-planet.de\/wp-content\/uploads\/2023\/11\/beitrag-CAN-europe-2.jpg","contentUrl":"https:\/\/www.protect-the-planet.de\/wp-content\/uploads\/2023\/11\/beitrag-CAN-europe-2.jpg","width":800,"height":500,"caption":"Ausschnitt einer gemalten Weltkarte, auf der eine Lupe auf Europa liegt. Logo von CAN Europe, Text: \"Wir sind Mitglied beim Climate Action Network Europe\""},{"@type":"BreadcrumbList","@id":"https:\/\/www.protect-the-planet.de\/en\/wir-sind-mitglied-beim-climate-action-network-europe\/#breadcrumb","itemListElement":[{"@type":"ListItem","position":1,"name":"Startseite","item":"https:\/\/www.protect-the-planet.de\/en\/home\/"},{"@type":"ListItem","position":2,"name":"Wir sind Mitglied beim Climate Action Network Europe!"}]},{"@type":"WebSite","@id":"https:\/\/www.protect-the-planet.de\/en\/#website","url":"https:\/\/www.protect-the-planet.de\/en\/","name":"Protect the Planet","description":"If we don&#039;t change, the climate will.","publisher":{"@id":"https:\/\/www.protect-the-planet.de\/en\/#organization"},"alternateName":"Protect the Panet gGmbH","potentialAction":[{"@type":"SearchAction","target":{"@type":"EntryPoint","urlTemplate":"https:\/\/www.protect-the-planet.de\/en\/?s={search_term_string}"},"query-input":{"@type":"PropertyValueSpecification","valueRequired":true,"valueName":"search_term_string"}}],"inLanguage":"en-US"},{"@type":"Organization","@id":"https:\/\/www.protect-the-planet.de\/en\/#organization","name":"Protect the Planet","url":"https:\/\/www.protect-the-planet.de\/en\/","logo":{"@type":"ImageObject","inLanguage":"en-US","@id":"https:\/\/www.protect-the-planet.de\/en\/#\/schema\/logo\/image\/","url":"https:\/\/www.protect-the-planet.de\/wp-content\/uploads\/2023\/09\/LOGO-positiv_transparent-klein.png","contentUrl":"https:\/\/www.protect-the-planet.de\/wp-content\/uploads\/2023\/09\/LOGO-positiv_transparent-klein.png","width":123,"height":68,"caption":"Protect the Planet"},"image":{"@id":"https:\/\/www.protect-the-planet.de\/en\/#\/schema\/logo\/image\/"},"sameAs":["https:\/\/www.facebook.com\/protecttheplanetDE\/","https:\/\/x.com\/PtP_de","https:\/\/www.instagram.com\/protecttheplanetorg\/","https:\/\/www.linkedin.com\/company\/protect-the-planet","https:\/\/www.youtube.com\/@protecttheplanet"]},{"@type":"Person","@id":"https:\/\/www.protect-the-planet.de\/en\/#\/schema\/person\/34a10854efaaf0bf11a3b6fbe966fcd0","name":"Fenya Kirst","image":{"@type":"ImageObject","inLanguage":"en-US","@id":"https:\/\/www.protect-the-planet.de\/wp-content\/uploads\/2024\/03\/cropped-2310_ProtectThePlanet_Portraet-Fenya-quadr-scaled-1-96x96.jpg","url":"https:\/\/www.protect-the-planet.de\/wp-content\/uploads\/2024\/03\/cropped-2310_ProtectThePlanet_Portraet-Fenya-quadr-scaled-1-96x96.jpg","contentUrl":"https:\/\/www.protect-the-planet.de\/wp-content\/uploads\/2024\/03\/cropped-2310_ProtectThePlanet_Portraet-Fenya-quadr-scaled-1-96x96.jpg","caption":"Fenya Kirst"},"description":"fenya.kirst@protect-the-planet.de +49 162 9085805","url":"https:\/\/www.protect-the-planet.de\/en\/author\/fenya-kirst\/"}]}},"_links":{"self":[{"href":"https:\/\/www.protect-the-planet.de\/en\/wp-json\/wp\/v2\/posts\/23755","targetHints":{"allow":["GET"]}}],"collection":[{"href":"https:\/\/www.protect-the-planet.de\/en\/wp-json\/wp\/v2\/posts"}],"about":[{"href":"https:\/\/www.protect-the-planet.de\/en\/wp-json\/wp\/v2\/types\/post"}],"author":[{"embeddable":true,"href":"https:\/\/www.protect-the-planet.de\/en\/wp-json\/wp\/v2\/users\/6"}],"replies":[{"embeddable":true,"href":"https:\/\/www.protect-the-planet.de\/en\/wp-json\/wp\/v2\/comments?post=23755"}],"version-history":[{"count":0,"href":"https:\/\/www.protect-the-planet.de\/en\/wp-json\/wp\/v2\/posts\/23755\/revisions"}],"wp:featuredmedia":[{"embeddable":true,"href":"https:\/\/www.protect-the-planet.de\/en\/wp-json\/wp\/v2\/media\/23216"}],"wp:attachment":[{"href":"https:\/\/www.protect-the-planet.de\/en\/wp-json\/wp\/v2\/media?parent=23755"}],"wp:term":[{"taxonomy":"category","embeddable":true,"href":"https:\/\/www.protect-the-planet.de\/en\/wp-json\/wp\/v2\/categories?post=23755"},{"taxonomy":"post_tag","embeddable":true,"href":"https:\/\/www.protect-the-planet.de\/en\/wp-json\/wp\/v2\/tags?post=23755"}],"curies":[{"name":"wp","href":"https:\/\/api.w.org\/{rel}","templated":true}]}}