{"id":23751,"date":"2023-11-28T14:01:03","date_gmt":"2023-11-28T13:01:03","guid":{"rendered":"https:\/\/www.protect-the-planet.de\/die-un-klimakonferenz-in-dubai-ueber-die-cop-28\/"},"modified":"2025-09-05T11:19:16","modified_gmt":"2025-09-05T09:19:16","slug":"die-un-klimakonferenz-in-dubai-ueber-die-cop-28","status":"publish","type":"post","link":"https:\/\/www.protect-the-planet.de\/en\/die-un-klimakonferenz-in-dubai-ueber-die-cop-28\/","title":{"rendered":"Die UN-Klimakonferenz in Dubai: \u00fcber die COP 28\u00a0"},"content":{"rendered":"\n<p>\u201eBringing the world together\u201c, so steht es auf der\u00a0<a href=\"https:\/\/www.cop28.com\/en\/\">Website der COP28<\/a>\u00a0\u2013 der 28. Klimakonferenz der Vereinten Nationen. Die Welt zusammenbringen, und zwar zusammen nach <strong>Dubai, in die Vereinigten Arabischen Emirate<\/strong> \u2013 das allein macht einen der gr\u00f6\u00dften Kritikpunkte an der diesj\u00e4hrigen UN-Klimakonferenz aus: Die COP ausgerechnet in einem der Staaten mit dem weltweit gr\u00f6\u00dften Pro-Kopf-Aussto\u00df an CO<sub>2<\/sub>, der mit Erd\u00f6l und Erdgas Milliarden verdient und die F\u00f6rderung fossiler Brennstoffe nach wie vor massiv vorantreibt. Die COP28 steht aber ebenso <strong>im Schatten des Kriegs in Israel und Gaza<\/strong>: Es ist zu erwarten, dass die geopolitisch aktuell so schwierige Lage bei den Verhandlungen auf der COP28 mindestens ein pr\u00e4sentes Thema sein wird.\u00a0<\/p>\n\n\n\n<p>Wir sind \u2013&nbsp;<a href=\"https:\/\/www.protect-the-planet.de\/en\/klimakonferenzen\/\">im Gegensatz zu den letzten Jahren<\/a>&nbsp;\u2013 bei der COP 28 nicht in Dubai vor Ort. Dennoch ist der Termin f\u00fcr uns nat\u00fcrlich, wie f\u00fcr alle Umwelt- und Klimaorganisationen, dick im Kalender markiert und wir werden die Debatten der COP und die Ergebnisse der Verhandlungen detailliert verfolgen.<\/p>\n\n\n\n<h2 class=\"wp-block-heading\"><strong>\u00dcber die COP 28<\/strong><\/h2>\n\n\n\n<p>Die diesj\u00e4hrige COP vom <strong>30.11. bis 12.12.2023<\/strong> ist die 28.&nbsp;Mitgliederkonferenz (engl.: Conference of the Parties, COP) der&nbsp;Klimarahmenkonvention&nbsp;(engl.: UN Framework Convention on Climate Change).&nbsp;Mehr als <strong>70.000 Teilnehmer*innen<\/strong> werden erwartet, darunter Unternehmen, NGOs und nat\u00fcrlich die Vertretungen der Mitgliedsstaaten. COP28 liegt genau auf&nbsp;<strong>Halbzeit&nbsp;zwischen dem Pariser Klimaabkommen 2015 und dem Zieljahr 2030<\/strong>, bis zu dem z.B. Deutschland seine Treibhausgasemissionen um \u00fcber die H\u00e4lfte im Vergleich zu 1990 gesenkt haben will (<a href=\"https:\/\/www.bmuv.de\/presse\/fragen-und-antworten-faq\/haeufig-gestellte-fragen-zum-klimaschutzprogramm-2030\">BMUV<\/a>).<\/p>\n\n\n\n<h3 class=\"wp-block-heading\"><strong>Zwei gro\u00dfe Themen auf der COP28<\/strong><\/h3>\n\n\n\n<p>In diesem Jahr endet die&nbsp;<strong>erste<\/strong>&nbsp;<strong>globale Bestandsaufnahme (engl. \u201eglobal stocktake\u201c)<\/strong>&nbsp;\u00fcber die Fortschritte der Vertragsstaaten im Klimaschutz, die vor zwei Jahren auf der COP26 begonnen hat. Diese Bestandsaufnahme findet alle f\u00fcnf Jahre statt und legt offen, wo sich die Welt auf dem Weg zu den Zielen des Pariser Klimaabkommens von 2015 befindet. Auf dieser Grundlage sollen die Staaten dann nachbessern, damit die Pariser Ziele auch wirklich eingehalten werden k\u00f6nnen. Ein sog. Synthesebericht der globalen Bestandsaufnahme liegt bereits vor und zeigt wesentliche L\u00fccken in der Umsetzung des Pariser Abkommens auf. [1]&nbsp;Die Vertragsstaaten m\u00fcssen auf der COP28 verhandeln, welche konkreten Handlungsaufforderungen das nach sich ziehen wird.<\/p>\n\n\n\n<p>Dar\u00fcber hinaus wird das Thema Finanzen in verschiedener Hinsicht auf der Tagesordnung stehen: Zum einen geht es um den&nbsp;<strong>\u201eLoss and Damage Fund\u201c<\/strong>, der Gelder zur Verf\u00fcgung stellen soll, um klimabedingte Sch\u00e4den und Verluste auszugleichen und finanziell schw\u00e4chere Staaten dabei zu unterst\u00fctzen. Die Einrichtung dieses Fonds wurde letztes Jahr auf der COP27 beschlossen \u2013 2023 m\u00fcssen nun Details verhandelt werden. Konkret: Wer zahlt wie viel ein und wer bekommt wie viel heraus? [2] Zum anderen ist die <strong>Finanzierung von Ma\u00dfnahmen zur Klimaanpassung und zum Klimaschutz <\/strong>auf der Agenda. Einige Staaten des globalen Nordens haben sich 2020 verpflichtet, j\u00e4hrlich 100 Mrd. US-D (in Form von \u00f6ffentlichen und privaten Geldern) f\u00fcr finanziell schw\u00e4chere L\u00e4nder zu mobilisieren, die typischerweise im globalen S\u00fcden jetzt schon st\u00e4rker von den Auswirkungen der Erderhitzung betroffen sind. In diesem Jahr wird dieses Versprechen voraussichtlich zum ersten Mal eingehalten.&nbsp;<\/p>\n\n\n\n<h2 class=\"wp-block-heading\">Forderungen zur Klimakonferenz<\/h2>\n\n\n\n<p>Fast alle bekannten Umwelt- und Klimaorganisationen haben Forderungen und Positionspapiere zur COP 28 ver\u00f6ffentlicht. Ein paar Hinweise zum Weiterlesen:<\/p>\n\n\n\n<ul class=\"wp-block-list\">\n<li><a href=\"https:\/\/www.klima-allianz.de\/fileadmin\/user_upload\/Dateien\/Daten\/Publikationen\/Koop._Positionen\/COP28_KurskorrekturFuerKlimaschutz_barrierefrei.pdf\">Klima-Allianz Deutschland und Venro: Kurskorrektur f\u00fcr den Klimaschutz. Forderungen zur 28. Weltklimakonferenz in Dubai. Berlin 2023.<\/a><\/li>\n\n\n\n<li><a href=\"https:\/\/www.germanwatch.org\/de\/erwartungen_cop28\">Germanwach e.V.: Klimapolitik in einer polarisierten Welt.&nbsp;Erwartungen an die COP28 in Dubai. Berlin 2023.<\/a><\/li>\n\n\n\n<li><a href=\"https:\/\/germanzero.de\/gz-media\/pages\/assets\/f5a39f0062-1700557373\/231121_germanzerp-positionspapier-zur-cop28.pdf\">German Zero e.V.: Positionspapier zur COP28. Berlin 2023.<\/a><\/li>\n\n\n\n<li><a href=\"https:\/\/klimadelegation.de\/wp-content\/uploads\/2023\/11\/Positionspaper_COP28.pdf\">Klimadelegation e.V.: Positionspaper zur COP28<\/a>. <\/li>\n<\/ul>\n\n\n\n<div style=\"height:43px\" aria-hidden=\"true\" class=\"wp-block-spacer\"><\/div>\n\n\n\n<hr class=\"wp-block-separator has-alpha-channel-opacity is-style-default\"\/>\n\n\n\n<div style=\"height:52px\" aria-hidden=\"true\" class=\"wp-block-spacer\"><\/div>\n\n\n\n<p>[1] UNFCCC, 2023,&nbsp;<a href=\"https:\/\/unfccc.int\/sites\/default\/files\/resource\/sb2023_09_adv.pdf?download\">Technical dialogue of the first global stocktake. Synthesis report by the co-facilitators on the technical dialogue<\/a>&nbsp;(letzter Aufruf: 28.11.2023).&nbsp;Einsch\u00e4tzung dazu u.a. im Hintergrundpapier von Germanwatch e.V.:&nbsp;<a href=\"https:\/\/www.germanwatch.org\/de\/erwartungen_cop28\">Klimapolitik in einer polarisierten Welt.&nbsp;Erwartungen an die COP28 in Dubai<\/a>. Berlin 2023.)<\/p>\n\n\n\n<p>[2] Mehr z.B. im <a href=\"https:\/\/klimadelegation.de\/wp-content\/uploads\/2023\/11\/Positionspaper_COP28.pdf\">Positionspaper der Klimadelegation zur COP28<\/a>.<\/p>\n","protected":false},"excerpt":{"rendered":"<p>Die COP28 wird Themen wie die erste\u00a0globale Bestandsaufnahme \u00fcber die Fortschritte der Vertragsstaaten im Klimaschutz behandeln.<\/p>\n","protected":false},"author":6,"featured_media":23529,"comment_status":"closed","ping_status":"closed","sticky":false,"template":"","format":"standard","meta":{"footnotes":""},"categories":[729],"tags":[912,913,876,733,826,710,753,914,915],"class_list":["post-23751","post","type-post","status-publish","format-standard","has-post-thumbnail","hentry","category-news","tag-cop-en","tag-cop28-en","tag-klimakonferenz-en","tag-klimakrise-en","tag-klimaneutralitaet-en","tag-klimaschutz-en","tag-muenchen-en","tag-un-en","tag-weltklimakonferenz-en"],"yoast_head":"<!-- This site is optimized with the Yoast SEO plugin v27.5 - https:\/\/yoast.com\/product\/yoast-seo-wordpress\/ -->\n<title>Die UN-Klimakonferenz in Dubai: \u00fcber die COP 28\u00a0 - Protect the Planet<\/title>\n<meta name=\"description\" content=\"Die COP28 wird Themen wie die erste\u00a0globale Bestandsaufnahme \u00fcber die Fortschritte der Vertragsstaaten im Klimaschutz behandeln.\" \/>\n<meta name=\"robots\" content=\"index, follow, max-snippet:-1, max-image-preview:large, max-video-preview:-1\" \/>\n<link rel=\"canonical\" href=\"https:\/\/www.protect-the-planet.de\/en\/die-un-klimakonferenz-in-dubai-ueber-die-cop-28\/\" \/>\n<meta property=\"og:locale\" content=\"en_US\" \/>\n<meta property=\"og:type\" content=\"article\" \/>\n<meta property=\"og:title\" content=\"Die UN-Klimakonferenz in Dubai: \u00fcber die COP 28\u00a0 - Protect the Planet\" \/>\n<meta property=\"og:description\" content=\"Die COP28 wird Themen wie die erste\u00a0globale Bestandsaufnahme \u00fcber die Fortschritte der Vertragsstaaten im Klimaschutz behandeln.\" \/>\n<meta property=\"og:url\" content=\"https:\/\/www.protect-the-planet.de\/en\/die-un-klimakonferenz-in-dubai-ueber-die-cop-28\/\" \/>\n<meta property=\"og:site_name\" content=\"Protect the Planet\" \/>\n<meta property=\"article:publisher\" content=\"https:\/\/www.facebook.com\/protecttheplanetDE\/\" \/>\n<meta property=\"article:published_time\" content=\"2023-11-28T13:01:03+00:00\" \/>\n<meta property=\"article:modified_time\" content=\"2025-09-05T09:19:16+00:00\" \/>\n<meta property=\"og:image\" content=\"https:\/\/www.protect-the-planet.de\/wp-content\/uploads\/2023\/11\/COP28-in-Dubai-2.jpg\" \/>\n\t<meta property=\"og:image:width\" content=\"800\" \/>\n\t<meta property=\"og:image:height\" content=\"500\" \/>\n\t<meta property=\"og:image:type\" content=\"image\/jpeg\" \/>\n<meta name=\"author\" content=\"Fenya Kirst\" \/>\n<meta name=\"twitter:card\" content=\"summary_large_image\" \/>\n<meta name=\"twitter:creator\" content=\"@PtP_de\" \/>\n<meta name=\"twitter:site\" content=\"@PtP_de\" \/>\n<meta name=\"twitter:label1\" content=\"Written by\" \/>\n\t<meta name=\"twitter:data1\" content=\"Fenya Kirst\" \/>\n\t<meta name=\"twitter:label2\" content=\"Est. reading time\" \/>\n\t<meta name=\"twitter:data2\" content=\"4 minutes\" \/>\n<script type=\"application\/ld+json\" class=\"yoast-schema-graph\">{\"@context\":\"https:\\\/\\\/schema.org\",\"@graph\":[{\"@type\":\"Article\",\"@id\":\"https:\\\/\\\/www.protect-the-planet.de\\\/en\\\/die-un-klimakonferenz-in-dubai-ueber-die-cop-28\\\/#article\",\"isPartOf\":{\"@id\":\"https:\\\/\\\/www.protect-the-planet.de\\\/en\\\/die-un-klimakonferenz-in-dubai-ueber-die-cop-28\\\/\"},\"author\":{\"name\":\"Fenya Kirst\",\"@id\":\"https:\\\/\\\/www.protect-the-planet.de\\\/en\\\/#\\\/schema\\\/person\\\/34a10854efaaf0bf11a3b6fbe966fcd0\"},\"headline\":\"Die UN-Klimakonferenz in Dubai: \u00fcber die COP 28\u00a0\",\"datePublished\":\"2023-11-28T13:01:03+00:00\",\"dateModified\":\"2025-09-05T09:19:16+00:00\",\"mainEntityOfPage\":{\"@id\":\"https:\\\/\\\/www.protect-the-planet.de\\\/en\\\/die-un-klimakonferenz-in-dubai-ueber-die-cop-28\\\/\"},\"wordCount\":647,\"publisher\":{\"@id\":\"https:\\\/\\\/www.protect-the-planet.de\\\/en\\\/#organization\"},\"image\":{\"@id\":\"https:\\\/\\\/www.protect-the-planet.de\\\/en\\\/die-un-klimakonferenz-in-dubai-ueber-die-cop-28\\\/#primaryimage\"},\"thumbnailUrl\":\"https:\\\/\\\/www.protect-the-planet.de\\\/wp-content\\\/uploads\\\/2023\\\/11\\\/COP28-in-Dubai-2.jpg\",\"keywords\":[\"COP\",\"COP28\",\"Klimakonferenz\",\"Klimakrise\",\"Klimaneutralit\u00e4t\",\"Klimaschutz\",\"M\u00fcnchen\",\"UN\",\"Weltklimakonferenz\"],\"articleSection\":[\"News\"],\"inLanguage\":\"en-US\"},{\"@type\":\"WebPage\",\"@id\":\"https:\\\/\\\/www.protect-the-planet.de\\\/en\\\/die-un-klimakonferenz-in-dubai-ueber-die-cop-28\\\/\",\"url\":\"https:\\\/\\\/www.protect-the-planet.de\\\/en\\\/die-un-klimakonferenz-in-dubai-ueber-die-cop-28\\\/\",\"name\":\"Die UN-Klimakonferenz in Dubai: \u00fcber die COP 28\u00a0 - Protect the Planet\",\"isPartOf\":{\"@id\":\"https:\\\/\\\/www.protect-the-planet.de\\\/en\\\/#website\"},\"primaryImageOfPage\":{\"@id\":\"https:\\\/\\\/www.protect-the-planet.de\\\/en\\\/die-un-klimakonferenz-in-dubai-ueber-die-cop-28\\\/#primaryimage\"},\"image\":{\"@id\":\"https:\\\/\\\/www.protect-the-planet.de\\\/en\\\/die-un-klimakonferenz-in-dubai-ueber-die-cop-28\\\/#primaryimage\"},\"thumbnailUrl\":\"https:\\\/\\\/www.protect-the-planet.de\\\/wp-content\\\/uploads\\\/2023\\\/11\\\/COP28-in-Dubai-2.jpg\",\"datePublished\":\"2023-11-28T13:01:03+00:00\",\"dateModified\":\"2025-09-05T09:19:16+00:00\",\"description\":\"Die COP28 wird Themen wie die erste\u00a0globale Bestandsaufnahme \u00fcber die Fortschritte der Vertragsstaaten im Klimaschutz behandeln.\",\"breadcrumb\":{\"@id\":\"https:\\\/\\\/www.protect-the-planet.de\\\/en\\\/die-un-klimakonferenz-in-dubai-ueber-die-cop-28\\\/#breadcrumb\"},\"inLanguage\":\"en-US\",\"potentialAction\":[{\"@type\":\"ReadAction\",\"target\":[\"https:\\\/\\\/www.protect-the-planet.de\\\/en\\\/die-un-klimakonferenz-in-dubai-ueber-die-cop-28\\\/\"]}]},{\"@type\":\"ImageObject\",\"inLanguage\":\"en-US\",\"@id\":\"https:\\\/\\\/www.protect-the-planet.de\\\/en\\\/die-un-klimakonferenz-in-dubai-ueber-die-cop-28\\\/#primaryimage\",\"url\":\"https:\\\/\\\/www.protect-the-planet.de\\\/wp-content\\\/uploads\\\/2023\\\/11\\\/COP28-in-Dubai-2.jpg\",\"contentUrl\":\"https:\\\/\\\/www.protect-the-planet.de\\\/wp-content\\\/uploads\\\/2023\\\/11\\\/COP28-in-Dubai-2.jpg\",\"width\":800,\"height\":500},{\"@type\":\"BreadcrumbList\",\"@id\":\"https:\\\/\\\/www.protect-the-planet.de\\\/en\\\/die-un-klimakonferenz-in-dubai-ueber-die-cop-28\\\/#breadcrumb\",\"itemListElement\":[{\"@type\":\"ListItem\",\"position\":1,\"name\":\"Startseite\",\"item\":\"https:\\\/\\\/www.protect-the-planet.de\\\/en\\\/home\\\/\"},{\"@type\":\"ListItem\",\"position\":2,\"name\":\"Die UN-Klimakonferenz in Dubai: \u00fcber die COP 28\u00a0\"}]},{\"@type\":\"WebSite\",\"@id\":\"https:\\\/\\\/www.protect-the-planet.de\\\/en\\\/#website\",\"url\":\"https:\\\/\\\/www.protect-the-planet.de\\\/en\\\/\",\"name\":\"Protect the Planet\",\"description\":\"If we don&#039;t change, the climate will.\",\"publisher\":{\"@id\":\"https:\\\/\\\/www.protect-the-planet.de\\\/en\\\/#organization\"},\"alternateName\":\"Protect the Panet gGmbH\",\"potentialAction\":[{\"@type\":\"SearchAction\",\"target\":{\"@type\":\"EntryPoint\",\"urlTemplate\":\"https:\\\/\\\/www.protect-the-planet.de\\\/en\\\/?s={search_term_string}\"},\"query-input\":{\"@type\":\"PropertyValueSpecification\",\"valueRequired\":true,\"valueName\":\"search_term_string\"}}],\"inLanguage\":\"en-US\"},{\"@type\":\"Organization\",\"@id\":\"https:\\\/\\\/www.protect-the-planet.de\\\/en\\\/#organization\",\"name\":\"Protect the Planet\",\"url\":\"https:\\\/\\\/www.protect-the-planet.de\\\/en\\\/\",\"logo\":{\"@type\":\"ImageObject\",\"inLanguage\":\"en-US\",\"@id\":\"https:\\\/\\\/www.protect-the-planet.de\\\/en\\\/#\\\/schema\\\/logo\\\/image\\\/\",\"url\":\"https:\\\/\\\/www.protect-the-planet.de\\\/wp-content\\\/uploads\\\/2023\\\/09\\\/LOGO-positiv_transparent-klein.png\",\"contentUrl\":\"https:\\\/\\\/www.protect-the-planet.de\\\/wp-content\\\/uploads\\\/2023\\\/09\\\/LOGO-positiv_transparent-klein.png\",\"width\":123,\"height\":68,\"caption\":\"Protect the Planet\"},\"image\":{\"@id\":\"https:\\\/\\\/www.protect-the-planet.de\\\/en\\\/#\\\/schema\\\/logo\\\/image\\\/\"},\"sameAs\":[\"https:\\\/\\\/www.facebook.com\\\/protecttheplanetDE\\\/\",\"https:\\\/\\\/x.com\\\/PtP_de\",\"https:\\\/\\\/www.instagram.com\\\/protecttheplanetorg\\\/\",\"https:\\\/\\\/www.linkedin.com\\\/company\\\/protect-the-planet\",\"https:\\\/\\\/www.youtube.com\\\/@protecttheplanet\"]},{\"@type\":\"Person\",\"@id\":\"https:\\\/\\\/www.protect-the-planet.de\\\/en\\\/#\\\/schema\\\/person\\\/34a10854efaaf0bf11a3b6fbe966fcd0\",\"name\":\"Fenya Kirst\",\"image\":{\"@type\":\"ImageObject\",\"inLanguage\":\"en-US\",\"@id\":\"https:\\\/\\\/www.protect-the-planet.de\\\/wp-content\\\/uploads\\\/2024\\\/03\\\/cropped-2310_ProtectThePlanet_Portraet-Fenya-quadr-scaled-1-96x96.jpg\",\"url\":\"https:\\\/\\\/www.protect-the-planet.de\\\/wp-content\\\/uploads\\\/2024\\\/03\\\/cropped-2310_ProtectThePlanet_Portraet-Fenya-quadr-scaled-1-96x96.jpg\",\"contentUrl\":\"https:\\\/\\\/www.protect-the-planet.de\\\/wp-content\\\/uploads\\\/2024\\\/03\\\/cropped-2310_ProtectThePlanet_Portraet-Fenya-quadr-scaled-1-96x96.jpg\",\"caption\":\"Fenya Kirst\"},\"description\":\"fenya.kirst@protect-the-planet.de +49 162 9085805\",\"url\":\"https:\\\/\\\/www.protect-the-planet.de\\\/en\\\/author\\\/fenya-kirst\\\/\"}]}<\/script>\n<!-- \/ Yoast SEO plugin. -->","yoast_head_json":{"title":"Die UN-Klimakonferenz in Dubai: \u00fcber die COP 28\u00a0 - Protect the Planet","description":"Die COP28 wird Themen wie die erste\u00a0globale Bestandsaufnahme \u00fcber die Fortschritte der Vertragsstaaten im Klimaschutz behandeln.","robots":{"index":"index","follow":"follow","max-snippet":"max-snippet:-1","max-image-preview":"max-image-preview:large","max-video-preview":"max-video-preview:-1"},"canonical":"https:\/\/www.protect-the-planet.de\/en\/die-un-klimakonferenz-in-dubai-ueber-die-cop-28\/","og_locale":"en_US","og_type":"article","og_title":"Die UN-Klimakonferenz in Dubai: \u00fcber die COP 28\u00a0 - Protect the Planet","og_description":"Die COP28 wird Themen wie die erste\u00a0globale Bestandsaufnahme \u00fcber die Fortschritte der Vertragsstaaten im Klimaschutz behandeln.","og_url":"https:\/\/www.protect-the-planet.de\/en\/die-un-klimakonferenz-in-dubai-ueber-die-cop-28\/","og_site_name":"Protect the Planet","article_publisher":"https:\/\/www.facebook.com\/protecttheplanetDE\/","article_published_time":"2023-11-28T13:01:03+00:00","article_modified_time":"2025-09-05T09:19:16+00:00","og_image":[{"width":800,"height":500,"url":"https:\/\/www.protect-the-planet.de\/wp-content\/uploads\/2023\/11\/COP28-in-Dubai-2.jpg","type":"image\/jpeg"}],"author":"Fenya Kirst","twitter_card":"summary_large_image","twitter_creator":"@PtP_de","twitter_site":"@PtP_de","twitter_misc":{"Written by":"Fenya Kirst","Est. reading time":"4 minutes"},"schema":{"@context":"https:\/\/schema.org","@graph":[{"@type":"Article","@id":"https:\/\/www.protect-the-planet.de\/en\/die-un-klimakonferenz-in-dubai-ueber-die-cop-28\/#article","isPartOf":{"@id":"https:\/\/www.protect-the-planet.de\/en\/die-un-klimakonferenz-in-dubai-ueber-die-cop-28\/"},"author":{"name":"Fenya Kirst","@id":"https:\/\/www.protect-the-planet.de\/en\/#\/schema\/person\/34a10854efaaf0bf11a3b6fbe966fcd0"},"headline":"Die UN-Klimakonferenz in Dubai: \u00fcber die COP 28\u00a0","datePublished":"2023-11-28T13:01:03+00:00","dateModified":"2025-09-05T09:19:16+00:00","mainEntityOfPage":{"@id":"https:\/\/www.protect-the-planet.de\/en\/die-un-klimakonferenz-in-dubai-ueber-die-cop-28\/"},"wordCount":647,"publisher":{"@id":"https:\/\/www.protect-the-planet.de\/en\/#organization"},"image":{"@id":"https:\/\/www.protect-the-planet.de\/en\/die-un-klimakonferenz-in-dubai-ueber-die-cop-28\/#primaryimage"},"thumbnailUrl":"https:\/\/www.protect-the-planet.de\/wp-content\/uploads\/2023\/11\/COP28-in-Dubai-2.jpg","keywords":["COP","COP28","Klimakonferenz","Klimakrise","Klimaneutralit\u00e4t","Klimaschutz","M\u00fcnchen","UN","Weltklimakonferenz"],"articleSection":["News"],"inLanguage":"en-US"},{"@type":"WebPage","@id":"https:\/\/www.protect-the-planet.de\/en\/die-un-klimakonferenz-in-dubai-ueber-die-cop-28\/","url":"https:\/\/www.protect-the-planet.de\/en\/die-un-klimakonferenz-in-dubai-ueber-die-cop-28\/","name":"Die UN-Klimakonferenz in Dubai: \u00fcber die COP 28\u00a0 - Protect the Planet","isPartOf":{"@id":"https:\/\/www.protect-the-planet.de\/en\/#website"},"primaryImageOfPage":{"@id":"https:\/\/www.protect-the-planet.de\/en\/die-un-klimakonferenz-in-dubai-ueber-die-cop-28\/#primaryimage"},"image":{"@id":"https:\/\/www.protect-the-planet.de\/en\/die-un-klimakonferenz-in-dubai-ueber-die-cop-28\/#primaryimage"},"thumbnailUrl":"https:\/\/www.protect-the-planet.de\/wp-content\/uploads\/2023\/11\/COP28-in-Dubai-2.jpg","datePublished":"2023-11-28T13:01:03+00:00","dateModified":"2025-09-05T09:19:16+00:00","description":"Die COP28 wird Themen wie die erste\u00a0globale Bestandsaufnahme \u00fcber die Fortschritte der Vertragsstaaten im Klimaschutz behandeln.","breadcrumb":{"@id":"https:\/\/www.protect-the-planet.de\/en\/die-un-klimakonferenz-in-dubai-ueber-die-cop-28\/#breadcrumb"},"inLanguage":"en-US","potentialAction":[{"@type":"ReadAction","target":["https:\/\/www.protect-the-planet.de\/en\/die-un-klimakonferenz-in-dubai-ueber-die-cop-28\/"]}]},{"@type":"ImageObject","inLanguage":"en-US","@id":"https:\/\/www.protect-the-planet.de\/en\/die-un-klimakonferenz-in-dubai-ueber-die-cop-28\/#primaryimage","url":"https:\/\/www.protect-the-planet.de\/wp-content\/uploads\/2023\/11\/COP28-in-Dubai-2.jpg","contentUrl":"https:\/\/www.protect-the-planet.de\/wp-content\/uploads\/2023\/11\/COP28-in-Dubai-2.jpg","width":800,"height":500},{"@type":"BreadcrumbList","@id":"https:\/\/www.protect-the-planet.de\/en\/die-un-klimakonferenz-in-dubai-ueber-die-cop-28\/#breadcrumb","itemListElement":[{"@type":"ListItem","position":1,"name":"Startseite","item":"https:\/\/www.protect-the-planet.de\/en\/home\/"},{"@type":"ListItem","position":2,"name":"Die UN-Klimakonferenz in Dubai: \u00fcber die COP 28\u00a0"}]},{"@type":"WebSite","@id":"https:\/\/www.protect-the-planet.de\/en\/#website","url":"https:\/\/www.protect-the-planet.de\/en\/","name":"Protect the Planet","description":"If we don&#039;t change, the climate will.","publisher":{"@id":"https:\/\/www.protect-the-planet.de\/en\/#organization"},"alternateName":"Protect the Panet gGmbH","potentialAction":[{"@type":"SearchAction","target":{"@type":"EntryPoint","urlTemplate":"https:\/\/www.protect-the-planet.de\/en\/?s={search_term_string}"},"query-input":{"@type":"PropertyValueSpecification","valueRequired":true,"valueName":"search_term_string"}}],"inLanguage":"en-US"},{"@type":"Organization","@id":"https:\/\/www.protect-the-planet.de\/en\/#organization","name":"Protect the Planet","url":"https:\/\/www.protect-the-planet.de\/en\/","logo":{"@type":"ImageObject","inLanguage":"en-US","@id":"https:\/\/www.protect-the-planet.de\/en\/#\/schema\/logo\/image\/","url":"https:\/\/www.protect-the-planet.de\/wp-content\/uploads\/2023\/09\/LOGO-positiv_transparent-klein.png","contentUrl":"https:\/\/www.protect-the-planet.de\/wp-content\/uploads\/2023\/09\/LOGO-positiv_transparent-klein.png","width":123,"height":68,"caption":"Protect the Planet"},"image":{"@id":"https:\/\/www.protect-the-planet.de\/en\/#\/schema\/logo\/image\/"},"sameAs":["https:\/\/www.facebook.com\/protecttheplanetDE\/","https:\/\/x.com\/PtP_de","https:\/\/www.instagram.com\/protecttheplanetorg\/","https:\/\/www.linkedin.com\/company\/protect-the-planet","https:\/\/www.youtube.com\/@protecttheplanet"]},{"@type":"Person","@id":"https:\/\/www.protect-the-planet.de\/en\/#\/schema\/person\/34a10854efaaf0bf11a3b6fbe966fcd0","name":"Fenya Kirst","image":{"@type":"ImageObject","inLanguage":"en-US","@id":"https:\/\/www.protect-the-planet.de\/wp-content\/uploads\/2024\/03\/cropped-2310_ProtectThePlanet_Portraet-Fenya-quadr-scaled-1-96x96.jpg","url":"https:\/\/www.protect-the-planet.de\/wp-content\/uploads\/2024\/03\/cropped-2310_ProtectThePlanet_Portraet-Fenya-quadr-scaled-1-96x96.jpg","contentUrl":"https:\/\/www.protect-the-planet.de\/wp-content\/uploads\/2024\/03\/cropped-2310_ProtectThePlanet_Portraet-Fenya-quadr-scaled-1-96x96.jpg","caption":"Fenya Kirst"},"description":"fenya.kirst@protect-the-planet.de +49 162 9085805","url":"https:\/\/www.protect-the-planet.de\/en\/author\/fenya-kirst\/"}]}},"_links":{"self":[{"href":"https:\/\/www.protect-the-planet.de\/en\/wp-json\/wp\/v2\/posts\/23751","targetHints":{"allow":["GET"]}}],"collection":[{"href":"https:\/\/www.protect-the-planet.de\/en\/wp-json\/wp\/v2\/posts"}],"about":[{"href":"https:\/\/www.protect-the-planet.de\/en\/wp-json\/wp\/v2\/types\/post"}],"author":[{"embeddable":true,"href":"https:\/\/www.protect-the-planet.de\/en\/wp-json\/wp\/v2\/users\/6"}],"replies":[{"embeddable":true,"href":"https:\/\/www.protect-the-planet.de\/en\/wp-json\/wp\/v2\/comments?post=23751"}],"version-history":[{"count":1,"href":"https:\/\/www.protect-the-planet.de\/en\/wp-json\/wp\/v2\/posts\/23751\/revisions"}],"predecessor-version":[{"id":31571,"href":"https:\/\/www.protect-the-planet.de\/en\/wp-json\/wp\/v2\/posts\/23751\/revisions\/31571"}],"wp:featuredmedia":[{"embeddable":true,"href":"https:\/\/www.protect-the-planet.de\/en\/wp-json\/wp\/v2\/media\/23529"}],"wp:attachment":[{"href":"https:\/\/www.protect-the-planet.de\/en\/wp-json\/wp\/v2\/media?parent=23751"}],"wp:term":[{"taxonomy":"category","embeddable":true,"href":"https:\/\/www.protect-the-planet.de\/en\/wp-json\/wp\/v2\/categories?post=23751"},{"taxonomy":"post_tag","embeddable":true,"href":"https:\/\/www.protect-the-planet.de\/en\/wp-json\/wp\/v2\/tags?post=23751"}],"curies":[{"name":"wp","href":"https:\/\/api.w.org\/{rel}","templated":true}]}}