{"id":23098,"date":"2023-11-14T15:13:20","date_gmt":"2023-11-14T14:13:20","guid":{"rendered":"https:\/\/www.protect-the-planet.de\/?p=23098"},"modified":"2024-04-29T14:17:03","modified_gmt":"2024-04-29T12:17:03","slug":"appell-breites-buendnis-fordert-starkes-klimaschutzgesetz","status":"publish","type":"post","link":"https:\/\/www.protect-the-planet.de\/en\/appell-breites-buendnis-fordert-starkes-klimaschutzgesetz\/","title":{"rendered":"Appell: Breites B\u00fcndnis fordert starkes Klimaschutzgesetz"},"content":{"rendered":"\t\t<div data-elementor-type=\"wp-post\" data-elementor-id=\"23098\" class=\"elementor elementor-23098 elementor-23097\" data-elementor-post-type=\"post\">\n\t\t\t\t<div class=\"elementor-element elementor-element-32fbeab e-flex e-con-boxed e-con e-parent\" data-id=\"32fbeab\" data-element_type=\"container\" data-e-type=\"container\">\n\t\t\t\t\t<div class=\"e-con-inner\">\n\t\t\t\t<div class=\"elementor-element elementor-element-7b6598e elementor-widget elementor-widget-text-editor\" data-id=\"7b6598e\" data-element_type=\"widget\" data-e-type=\"widget\" data-widget_type=\"text-editor.default\">\n\t\t\t\t<div class=\"elementor-widget-container\">\n\t\t\t\t\t\t\t\t\t<p style=\"font-weight: 400;\">Die Bundesregierung plant, das Bundes-Klimaschutzgesetz erheblich abzuschw\u00e4chen. Das darf auf keinen Fall passieren, denn so wird die Erreichung unserer gesetzlich festgelegten Klimaziele immer schwieriger. Die Klimakrise ist bereits heute sp\u00fcrbar und mit jeder Tonne CO<span data-contrast=\"auto\"><sub>2<\/sub><\/span><span data-contrast=\"auto\"> entfernen wir uns weiter von einer sicheren und lebenswerten Welt. <\/span><\/p><p style=\"font-weight: 400;\">Wir k\u00e4mpfen als Umweltorganisation <a href=\"https:\/\/www.protect-the-planet.de\/der-protect-the-planet-jahresbericht-2022-ist-da\/\">jeden Tag gegen diese Entwicklung<\/a>, um der Klimakatastrophe noch etwas entgegenzusetzen. Doch die politischen Rahmenbedingungen sind nat\u00fcrlich essenziell, damit dies gelingen kann. Unter anderem die <a href=\"https:\/\/www.duh.de\/presse\/pressemitteilungen\/pressemitteilung\/anhoerung-zum-klimaschutzgesetz-im-bundestag-deutsche-umwelthilfe-ruft-abgeordnete-auf-entkernung-d\/\">DUH<\/a> bef\u00fcrchtet, die geplante Abschw\u00e4chung des Gesetzes w\u00fcrde auch gegen den historischen \u201eKlima-Beschluss\u201c des Bundesverfassungsgerichts von 2021 versto\u00dfen. Unter anderem sollen die CO<sub>2<\/sub>-Obergrenzen f\u00fcr alle Sektoren abgeschafft werden.<\/p><p style=\"font-weight: 400;\">Ein noch schw\u00e4cheres Klimaschutzgesetz k\u00f6nnen wir uns nicht leisten. <strong>Wir brauchen ein starkes Klimaschutzgesetz!<\/strong> \u00a0Am 8.11.2023 findet die \u00f6ffentliche Anh\u00f6rung zum neuen Gesetz statt. Wir unterst\u00fctzen daher Social Media-Aktion der <a href=\"https:\/\/www.klima-allianz.de\">Klima-Allianz Deutschland<\/a> unter #StarkesKSG.<\/p>\t\t\t\t\t\t\t\t<\/div>\n\t\t\t\t<\/div>\n\t\t\t\t\t<\/div>\n\t\t\t\t<\/div>\n\t\t\t\t<\/div>\n\t\t","protected":false},"excerpt":{"rendered":"<p>Wir haben uns einem breiten B\u00fcndnis aus 50 Klima-, Umwelt-, Sozial-, Entwicklungs-, und Jugendverb\u00e4nden sowie Gewerkschaften und religi\u00f6sen Gemeinschaften angeschlossen und appellieren gemeinsam an die Abgeordneten des Bundestages, das Bundes-Klimaschutzgesetz deutlich zu st\u00e4rken.<\/p>\n","protected":false},"author":3,"featured_media":23101,"comment_status":"closed","ping_status":"closed","sticky":false,"template":"","format":"standard","meta":{"footnotes":""},"categories":[729],"tags":[878,851,852,804,733,710,853],"class_list":["post-23098","post","type-post","status-publish","format-standard","has-post-thumbnail","hentry","category-news","tag-buendnis-en","tag-gesetz-en","tag-klima-allianz-en","tag-klimakatastrophe-en","tag-klimakrise-en","tag-klimaschutz-en","tag-klimaschutzgesetz-en"],"yoast_head":"<!-- This site is optimized with the Yoast SEO plugin v27.5 - https:\/\/yoast.com\/product\/yoast-seo-wordpress\/ -->\n<title>Appell: Breites B\u00fcndnis fordert starkes Klimaschutzgesetz - Protect the Planet<\/title>\n<meta name=\"description\" content=\"Wir haben uns einem breiten B\u00fcndnis angeschlossen und appellieren an die Regierung, das Bundes-Klimaschutzgesetz deutlich zu st\u00e4rken.\" \/>\n<meta name=\"robots\" content=\"index, follow, max-snippet:-1, max-image-preview:large, max-video-preview:-1\" \/>\n<link rel=\"canonical\" href=\"https:\/\/www.protect-the-planet.de\/en\/appell-breites-buendnis-fordert-starkes-klimaschutzgesetz\/\" \/>\n<meta property=\"og:locale\" content=\"en_US\" \/>\n<meta property=\"og:type\" content=\"article\" \/>\n<meta property=\"og:title\" content=\"Appell: Breites B\u00fcndnis fordert starkes Klimaschutzgesetz - Protect the Planet\" \/>\n<meta property=\"og:description\" content=\"Wir haben uns einem breiten B\u00fcndnis angeschlossen und appellieren an die Regierung, das Bundes-Klimaschutzgesetz deutlich zu st\u00e4rken.\" \/>\n<meta property=\"og:url\" content=\"https:\/\/www.protect-the-planet.de\/en\/appell-breites-buendnis-fordert-starkes-klimaschutzgesetz\/\" \/>\n<meta property=\"og:site_name\" content=\"Protect the Planet\" \/>\n<meta property=\"article:publisher\" content=\"https:\/\/www.facebook.com\/protecttheplanetDE\/\" \/>\n<meta property=\"article:published_time\" content=\"2023-11-14T14:13:20+00:00\" \/>\n<meta property=\"article:modified_time\" content=\"2024-04-29T12:17:03+00:00\" \/>\n<meta property=\"og:image\" content=\"https:\/\/www.protect-the-planet.de\/wp-content\/uploads\/2023\/11\/csm_Verbaendeappell_KSP_1600x900px_9fd4e05086.jpg\" \/>\n\t<meta property=\"og:image:width\" content=\"1000\" \/>\n\t<meta property=\"og:image:height\" content=\"562\" \/>\n\t<meta property=\"og:image:type\" content=\"image\/jpeg\" \/>\n<meta name=\"author\" content=\"Fenja Jacobs\" \/>\n<meta name=\"twitter:card\" content=\"summary_large_image\" \/>\n<meta name=\"twitter:creator\" content=\"@PtP_de\" \/>\n<meta name=\"twitter:site\" content=\"@PtP_de\" \/>\n<meta name=\"twitter:label1\" content=\"Written by\" \/>\n\t<meta name=\"twitter:data1\" content=\"Fenja Jacobs\" \/>\n\t<meta name=\"twitter:label2\" content=\"Est. reading time\" \/>\n\t<meta name=\"twitter:data2\" content=\"1 minute\" \/>\n<script type=\"application\/ld+json\" class=\"yoast-schema-graph\">{\"@context\":\"https:\\\/\\\/schema.org\",\"@graph\":[{\"@type\":\"Article\",\"@id\":\"https:\\\/\\\/www.protect-the-planet.de\\\/en\\\/appell-breites-buendnis-fordert-starkes-klimaschutzgesetz\\\/#article\",\"isPartOf\":{\"@id\":\"https:\\\/\\\/www.protect-the-planet.de\\\/en\\\/appell-breites-buendnis-fordert-starkes-klimaschutzgesetz\\\/\"},\"author\":{\"name\":\"Fenja Jacobs\",\"@id\":\"https:\\\/\\\/www.protect-the-planet.de\\\/en\\\/#\\\/schema\\\/person\\\/c843c153d0dd33ec584996931e438bce\"},\"headline\":\"Appell: Breites B\u00fcndnis fordert starkes Klimaschutzgesetz\",\"datePublished\":\"2023-11-14T14:13:20+00:00\",\"dateModified\":\"2024-04-29T12:17:03+00:00\",\"mainEntityOfPage\":{\"@id\":\"https:\\\/\\\/www.protect-the-planet.de\\\/en\\\/appell-breites-buendnis-fordert-starkes-klimaschutzgesetz\\\/\"},\"wordCount\":155,\"publisher\":{\"@id\":\"https:\\\/\\\/www.protect-the-planet.de\\\/en\\\/#organization\"},\"image\":{\"@id\":\"https:\\\/\\\/www.protect-the-planet.de\\\/en\\\/appell-breites-buendnis-fordert-starkes-klimaschutzgesetz\\\/#primaryimage\"},\"thumbnailUrl\":\"https:\\\/\\\/www.protect-the-planet.de\\\/wp-content\\\/uploads\\\/2023\\\/11\\\/csm_Verbaendeappell_KSP_1600x900px_9fd4e05086.jpg\",\"keywords\":[\"b\u00fcndnis\",\"Gesetz\",\"Klima-Allianz\",\"klimakatastrophe\",\"Klimakrise\",\"Klimaschutz\",\"Klimaschutzgesetz\"],\"articleSection\":[\"News\"],\"inLanguage\":\"en-US\"},{\"@type\":\"WebPage\",\"@id\":\"https:\\\/\\\/www.protect-the-planet.de\\\/en\\\/appell-breites-buendnis-fordert-starkes-klimaschutzgesetz\\\/\",\"url\":\"https:\\\/\\\/www.protect-the-planet.de\\\/en\\\/appell-breites-buendnis-fordert-starkes-klimaschutzgesetz\\\/\",\"name\":\"Appell: Breites B\u00fcndnis fordert starkes Klimaschutzgesetz - Protect the Planet\",\"isPartOf\":{\"@id\":\"https:\\\/\\\/www.protect-the-planet.de\\\/en\\\/#website\"},\"primaryImageOfPage\":{\"@id\":\"https:\\\/\\\/www.protect-the-planet.de\\\/en\\\/appell-breites-buendnis-fordert-starkes-klimaschutzgesetz\\\/#primaryimage\"},\"image\":{\"@id\":\"https:\\\/\\\/www.protect-the-planet.de\\\/en\\\/appell-breites-buendnis-fordert-starkes-klimaschutzgesetz\\\/#primaryimage\"},\"thumbnailUrl\":\"https:\\\/\\\/www.protect-the-planet.de\\\/wp-content\\\/uploads\\\/2023\\\/11\\\/csm_Verbaendeappell_KSP_1600x900px_9fd4e05086.jpg\",\"datePublished\":\"2023-11-14T14:13:20+00:00\",\"dateModified\":\"2024-04-29T12:17:03+00:00\",\"description\":\"Wir haben uns einem breiten B\u00fcndnis angeschlossen und appellieren an die Regierung, das Bundes-Klimaschutzgesetz deutlich zu st\u00e4rken.\",\"breadcrumb\":{\"@id\":\"https:\\\/\\\/www.protect-the-planet.de\\\/en\\\/appell-breites-buendnis-fordert-starkes-klimaschutzgesetz\\\/#breadcrumb\"},\"inLanguage\":\"en-US\",\"potentialAction\":[{\"@type\":\"ReadAction\",\"target\":[\"https:\\\/\\\/www.protect-the-planet.de\\\/en\\\/appell-breites-buendnis-fordert-starkes-klimaschutzgesetz\\\/\"]}]},{\"@type\":\"ImageObject\",\"inLanguage\":\"en-US\",\"@id\":\"https:\\\/\\\/www.protect-the-planet.de\\\/en\\\/appell-breites-buendnis-fordert-starkes-klimaschutzgesetz\\\/#primaryimage\",\"url\":\"https:\\\/\\\/www.protect-the-planet.de\\\/wp-content\\\/uploads\\\/2023\\\/11\\\/csm_Verbaendeappell_KSP_1600x900px_9fd4e05086.jpg\",\"contentUrl\":\"https:\\\/\\\/www.protect-the-planet.de\\\/wp-content\\\/uploads\\\/2023\\\/11\\\/csm_Verbaendeappell_KSP_1600x900px_9fd4e05086.jpg\",\"width\":1000,\"height\":562,\"caption\":\"Verbaendeappell: Klimaschutzgesetz st\u00e4rken statt schw\u00e4chen - Klimaziele einhalten.\"},{\"@type\":\"BreadcrumbList\",\"@id\":\"https:\\\/\\\/www.protect-the-planet.de\\\/en\\\/appell-breites-buendnis-fordert-starkes-klimaschutzgesetz\\\/#breadcrumb\",\"itemListElement\":[{\"@type\":\"ListItem\",\"position\":1,\"name\":\"Startseite\",\"item\":\"https:\\\/\\\/www.protect-the-planet.de\\\/en\\\/home\\\/\"},{\"@type\":\"ListItem\",\"position\":2,\"name\":\"Appell: Breites B\u00fcndnis fordert starkes Klimaschutzgesetz\"}]},{\"@type\":\"WebSite\",\"@id\":\"https:\\\/\\\/www.protect-the-planet.de\\\/en\\\/#website\",\"url\":\"https:\\\/\\\/www.protect-the-planet.de\\\/en\\\/\",\"name\":\"Protect the Planet\",\"description\":\"If we don&#039;t change, the climate will.\",\"publisher\":{\"@id\":\"https:\\\/\\\/www.protect-the-planet.de\\\/en\\\/#organization\"},\"alternateName\":\"Protect the Panet gGmbH\",\"potentialAction\":[{\"@type\":\"SearchAction\",\"target\":{\"@type\":\"EntryPoint\",\"urlTemplate\":\"https:\\\/\\\/www.protect-the-planet.de\\\/en\\\/?s={search_term_string}\"},\"query-input\":{\"@type\":\"PropertyValueSpecification\",\"valueRequired\":true,\"valueName\":\"search_term_string\"}}],\"inLanguage\":\"en-US\"},{\"@type\":\"Organization\",\"@id\":\"https:\\\/\\\/www.protect-the-planet.de\\\/en\\\/#organization\",\"name\":\"Protect the Planet\",\"url\":\"https:\\\/\\\/www.protect-the-planet.de\\\/en\\\/\",\"logo\":{\"@type\":\"ImageObject\",\"inLanguage\":\"en-US\",\"@id\":\"https:\\\/\\\/www.protect-the-planet.de\\\/en\\\/#\\\/schema\\\/logo\\\/image\\\/\",\"url\":\"https:\\\/\\\/www.protect-the-planet.de\\\/wp-content\\\/uploads\\\/2023\\\/09\\\/LOGO-positiv_transparent-klein.png\",\"contentUrl\":\"https:\\\/\\\/www.protect-the-planet.de\\\/wp-content\\\/uploads\\\/2023\\\/09\\\/LOGO-positiv_transparent-klein.png\",\"width\":123,\"height\":68,\"caption\":\"Protect the Planet\"},\"image\":{\"@id\":\"https:\\\/\\\/www.protect-the-planet.de\\\/en\\\/#\\\/schema\\\/logo\\\/image\\\/\"},\"sameAs\":[\"https:\\\/\\\/www.facebook.com\\\/protecttheplanetDE\\\/\",\"https:\\\/\\\/x.com\\\/PtP_de\",\"https:\\\/\\\/www.instagram.com\\\/protecttheplanetorg\\\/\",\"https:\\\/\\\/www.linkedin.com\\\/company\\\/protect-the-planet\",\"https:\\\/\\\/www.youtube.com\\\/@protecttheplanet\"]},{\"@type\":\"Person\",\"@id\":\"https:\\\/\\\/www.protect-the-planet.de\\\/en\\\/#\\\/schema\\\/person\\\/c843c153d0dd33ec584996931e438bce\",\"name\":\"Fenja Jacobs\",\"image\":{\"@type\":\"ImageObject\",\"inLanguage\":\"en-US\",\"@id\":\"https:\\\/\\\/secure.gravatar.com\\\/avatar\\\/1319de9aaea70b6c6ed807392ef95d6582ceaf98cca9de0a0022ba8e0d3a7fc3?s=96&d=mm&r=g\",\"url\":\"https:\\\/\\\/secure.gravatar.com\\\/avatar\\\/1319de9aaea70b6c6ed807392ef95d6582ceaf98cca9de0a0022ba8e0d3a7fc3?s=96&d=mm&r=g\",\"contentUrl\":\"https:\\\/\\\/secure.gravatar.com\\\/avatar\\\/1319de9aaea70b6c6ed807392ef95d6582ceaf98cca9de0a0022ba8e0d3a7fc3?s=96&d=mm&r=g\",\"caption\":\"Fenja Jacobs\"},\"url\":\"https:\\\/\\\/www.protect-the-planet.de\\\/en\\\/author\\\/fenja-jacobs\\\/\"}]}<\/script>\n<!-- \/ Yoast SEO plugin. -->","yoast_head_json":{"title":"Appell: Breites B\u00fcndnis fordert starkes Klimaschutzgesetz - Protect the Planet","description":"Wir haben uns einem breiten B\u00fcndnis angeschlossen und appellieren an die Regierung, das Bundes-Klimaschutzgesetz deutlich zu st\u00e4rken.","robots":{"index":"index","follow":"follow","max-snippet":"max-snippet:-1","max-image-preview":"max-image-preview:large","max-video-preview":"max-video-preview:-1"},"canonical":"https:\/\/www.protect-the-planet.de\/en\/appell-breites-buendnis-fordert-starkes-klimaschutzgesetz\/","og_locale":"en_US","og_type":"article","og_title":"Appell: Breites B\u00fcndnis fordert starkes Klimaschutzgesetz - Protect the Planet","og_description":"Wir haben uns einem breiten B\u00fcndnis angeschlossen und appellieren an die Regierung, das Bundes-Klimaschutzgesetz deutlich zu st\u00e4rken.","og_url":"https:\/\/www.protect-the-planet.de\/en\/appell-breites-buendnis-fordert-starkes-klimaschutzgesetz\/","og_site_name":"Protect the Planet","article_publisher":"https:\/\/www.facebook.com\/protecttheplanetDE\/","article_published_time":"2023-11-14T14:13:20+00:00","article_modified_time":"2024-04-29T12:17:03+00:00","og_image":[{"width":1000,"height":562,"url":"https:\/\/www.protect-the-planet.de\/wp-content\/uploads\/2023\/11\/csm_Verbaendeappell_KSP_1600x900px_9fd4e05086.jpg","type":"image\/jpeg"}],"author":"Fenja Jacobs","twitter_card":"summary_large_image","twitter_creator":"@PtP_de","twitter_site":"@PtP_de","twitter_misc":{"Written by":"Fenja Jacobs","Est. reading time":"1 minute"},"schema":{"@context":"https:\/\/schema.org","@graph":[{"@type":"Article","@id":"https:\/\/www.protect-the-planet.de\/en\/appell-breites-buendnis-fordert-starkes-klimaschutzgesetz\/#article","isPartOf":{"@id":"https:\/\/www.protect-the-planet.de\/en\/appell-breites-buendnis-fordert-starkes-klimaschutzgesetz\/"},"author":{"name":"Fenja Jacobs","@id":"https:\/\/www.protect-the-planet.de\/en\/#\/schema\/person\/c843c153d0dd33ec584996931e438bce"},"headline":"Appell: Breites B\u00fcndnis fordert starkes Klimaschutzgesetz","datePublished":"2023-11-14T14:13:20+00:00","dateModified":"2024-04-29T12:17:03+00:00","mainEntityOfPage":{"@id":"https:\/\/www.protect-the-planet.de\/en\/appell-breites-buendnis-fordert-starkes-klimaschutzgesetz\/"},"wordCount":155,"publisher":{"@id":"https:\/\/www.protect-the-planet.de\/en\/#organization"},"image":{"@id":"https:\/\/www.protect-the-planet.de\/en\/appell-breites-buendnis-fordert-starkes-klimaschutzgesetz\/#primaryimage"},"thumbnailUrl":"https:\/\/www.protect-the-planet.de\/wp-content\/uploads\/2023\/11\/csm_Verbaendeappell_KSP_1600x900px_9fd4e05086.jpg","keywords":["b\u00fcndnis","Gesetz","Klima-Allianz","klimakatastrophe","Klimakrise","Klimaschutz","Klimaschutzgesetz"],"articleSection":["News"],"inLanguage":"en-US"},{"@type":"WebPage","@id":"https:\/\/www.protect-the-planet.de\/en\/appell-breites-buendnis-fordert-starkes-klimaschutzgesetz\/","url":"https:\/\/www.protect-the-planet.de\/en\/appell-breites-buendnis-fordert-starkes-klimaschutzgesetz\/","name":"Appell: Breites B\u00fcndnis fordert starkes Klimaschutzgesetz - Protect the Planet","isPartOf":{"@id":"https:\/\/www.protect-the-planet.de\/en\/#website"},"primaryImageOfPage":{"@id":"https:\/\/www.protect-the-planet.de\/en\/appell-breites-buendnis-fordert-starkes-klimaschutzgesetz\/#primaryimage"},"image":{"@id":"https:\/\/www.protect-the-planet.de\/en\/appell-breites-buendnis-fordert-starkes-klimaschutzgesetz\/#primaryimage"},"thumbnailUrl":"https:\/\/www.protect-the-planet.de\/wp-content\/uploads\/2023\/11\/csm_Verbaendeappell_KSP_1600x900px_9fd4e05086.jpg","datePublished":"2023-11-14T14:13:20+00:00","dateModified":"2024-04-29T12:17:03+00:00","description":"Wir haben uns einem breiten B\u00fcndnis angeschlossen und appellieren an die Regierung, das Bundes-Klimaschutzgesetz deutlich zu st\u00e4rken.","breadcrumb":{"@id":"https:\/\/www.protect-the-planet.de\/en\/appell-breites-buendnis-fordert-starkes-klimaschutzgesetz\/#breadcrumb"},"inLanguage":"en-US","potentialAction":[{"@type":"ReadAction","target":["https:\/\/www.protect-the-planet.de\/en\/appell-breites-buendnis-fordert-starkes-klimaschutzgesetz\/"]}]},{"@type":"ImageObject","inLanguage":"en-US","@id":"https:\/\/www.protect-the-planet.de\/en\/appell-breites-buendnis-fordert-starkes-klimaschutzgesetz\/#primaryimage","url":"https:\/\/www.protect-the-planet.de\/wp-content\/uploads\/2023\/11\/csm_Verbaendeappell_KSP_1600x900px_9fd4e05086.jpg","contentUrl":"https:\/\/www.protect-the-planet.de\/wp-content\/uploads\/2023\/11\/csm_Verbaendeappell_KSP_1600x900px_9fd4e05086.jpg","width":1000,"height":562,"caption":"Verbaendeappell: Klimaschutzgesetz st\u00e4rken statt schw\u00e4chen - Klimaziele einhalten."},{"@type":"BreadcrumbList","@id":"https:\/\/www.protect-the-planet.de\/en\/appell-breites-buendnis-fordert-starkes-klimaschutzgesetz\/#breadcrumb","itemListElement":[{"@type":"ListItem","position":1,"name":"Startseite","item":"https:\/\/www.protect-the-planet.de\/en\/home\/"},{"@type":"ListItem","position":2,"name":"Appell: Breites B\u00fcndnis fordert starkes Klimaschutzgesetz"}]},{"@type":"WebSite","@id":"https:\/\/www.protect-the-planet.de\/en\/#website","url":"https:\/\/www.protect-the-planet.de\/en\/","name":"Protect the Planet","description":"If we don&#039;t change, the climate will.","publisher":{"@id":"https:\/\/www.protect-the-planet.de\/en\/#organization"},"alternateName":"Protect the Panet gGmbH","potentialAction":[{"@type":"SearchAction","target":{"@type":"EntryPoint","urlTemplate":"https:\/\/www.protect-the-planet.de\/en\/?s={search_term_string}"},"query-input":{"@type":"PropertyValueSpecification","valueRequired":true,"valueName":"search_term_string"}}],"inLanguage":"en-US"},{"@type":"Organization","@id":"https:\/\/www.protect-the-planet.de\/en\/#organization","name":"Protect the Planet","url":"https:\/\/www.protect-the-planet.de\/en\/","logo":{"@type":"ImageObject","inLanguage":"en-US","@id":"https:\/\/www.protect-the-planet.de\/en\/#\/schema\/logo\/image\/","url":"https:\/\/www.protect-the-planet.de\/wp-content\/uploads\/2023\/09\/LOGO-positiv_transparent-klein.png","contentUrl":"https:\/\/www.protect-the-planet.de\/wp-content\/uploads\/2023\/09\/LOGO-positiv_transparent-klein.png","width":123,"height":68,"caption":"Protect the Planet"},"image":{"@id":"https:\/\/www.protect-the-planet.de\/en\/#\/schema\/logo\/image\/"},"sameAs":["https:\/\/www.facebook.com\/protecttheplanetDE\/","https:\/\/x.com\/PtP_de","https:\/\/www.instagram.com\/protecttheplanetorg\/","https:\/\/www.linkedin.com\/company\/protect-the-planet","https:\/\/www.youtube.com\/@protecttheplanet"]},{"@type":"Person","@id":"https:\/\/www.protect-the-planet.de\/en\/#\/schema\/person\/c843c153d0dd33ec584996931e438bce","name":"Fenja Jacobs","image":{"@type":"ImageObject","inLanguage":"en-US","@id":"https:\/\/secure.gravatar.com\/avatar\/1319de9aaea70b6c6ed807392ef95d6582ceaf98cca9de0a0022ba8e0d3a7fc3?s=96&d=mm&r=g","url":"https:\/\/secure.gravatar.com\/avatar\/1319de9aaea70b6c6ed807392ef95d6582ceaf98cca9de0a0022ba8e0d3a7fc3?s=96&d=mm&r=g","contentUrl":"https:\/\/secure.gravatar.com\/avatar\/1319de9aaea70b6c6ed807392ef95d6582ceaf98cca9de0a0022ba8e0d3a7fc3?s=96&d=mm&r=g","caption":"Fenja Jacobs"},"url":"https:\/\/www.protect-the-planet.de\/en\/author\/fenja-jacobs\/"}]}},"_links":{"self":[{"href":"https:\/\/www.protect-the-planet.de\/en\/wp-json\/wp\/v2\/posts\/23098","targetHints":{"allow":["GET"]}}],"collection":[{"href":"https:\/\/www.protect-the-planet.de\/en\/wp-json\/wp\/v2\/posts"}],"about":[{"href":"https:\/\/www.protect-the-planet.de\/en\/wp-json\/wp\/v2\/types\/post"}],"author":[{"embeddable":true,"href":"https:\/\/www.protect-the-planet.de\/en\/wp-json\/wp\/v2\/users\/3"}],"replies":[{"embeddable":true,"href":"https:\/\/www.protect-the-planet.de\/en\/wp-json\/wp\/v2\/comments?post=23098"}],"version-history":[{"count":0,"href":"https:\/\/www.protect-the-planet.de\/en\/wp-json\/wp\/v2\/posts\/23098\/revisions"}],"wp:featuredmedia":[{"embeddable":true,"href":"https:\/\/www.protect-the-planet.de\/en\/wp-json\/wp\/v2\/media\/23101"}],"wp:attachment":[{"href":"https:\/\/www.protect-the-planet.de\/en\/wp-json\/wp\/v2\/media?parent=23098"}],"wp:term":[{"taxonomy":"category","embeddable":true,"href":"https:\/\/www.protect-the-planet.de\/en\/wp-json\/wp\/v2\/categories?post=23098"},{"taxonomy":"post_tag","embeddable":true,"href":"https:\/\/www.protect-the-planet.de\/en\/wp-json\/wp\/v2\/tags?post=23098"}],"curies":[{"name":"wp","href":"https:\/\/api.w.org\/{rel}","templated":true}]}}