{"id":22956,"date":"2022-10-19T20:18:57","date_gmt":"2022-10-19T18:18:57","guid":{"rendered":"https:\/\/www.protect-the-planet.de\/2022-tempolimit\/"},"modified":"2024-04-10T14:34:35","modified_gmt":"2024-04-10T12:34:35","slug":"2022-tempolimit","status":"publish","type":"post","link":"https:\/\/www.protect-the-planet.de\/en\/2022-tempolimit\/","title":{"rendered":"Alle f\u00fcrs Tempolimit \u2013 wir sind dabei!"},"content":{"rendered":"\t\t<div data-elementor-type=\"wp-post\" data-elementor-id=\"22956\" class=\"elementor elementor-22956 elementor-11910\" data-elementor-post-type=\"post\">\n\t\t\t\t<div class=\"elementor-element elementor-element-78d05c8 e-flex e-con-boxed e-con e-parent\" data-id=\"78d05c8\" data-element_type=\"container\" data-e-type=\"container\">\n\t\t\t\t\t<div class=\"e-con-inner\">\n\t\t<div class=\"elementor-element elementor-element-48187f2 e-con-full e-flex e-con e-parent\" data-id=\"48187f2\" data-element_type=\"container\" data-e-type=\"container\">\n\t\t\t\t<div class=\"elementor-element elementor-element-dfdff3d elementor-widget elementor-widget-text-editor\" data-id=\"dfdff3d\" data-element_type=\"widget\" data-e-type=\"widget\" data-widget_type=\"text-editor.default\">\n\t\t\t\t<div class=\"elementor-widget-container\">\n\t\t\t\t\t\t\t\t\t<div class=\"page\" title=\"Page 1\"><div class=\"section\"><div class=\"layoutArea\"><div class=\"column\"><p><strong>Raserei auf Kosten von Klima und Gesundheit? \u2013 Wir sagen: Nein. Protect the Planet unterst\u00fctzt die Kampagne &#8220;Tempolimit.jetzt&#8221; und fordert demokratische Abgeordnete aller Couleur im Bundestag auf, sich dieser Forderung anzuschlie\u00dfen.<br \/><\/strong><\/p><p><img fetchpriority=\"high\" decoding=\"async\" class=\" wp-image-17056\" src=\"https:\/\/www.protect-the-planet.de\/wp-content\/uploads\/2023\/07\/tacho_768x374-300x146.jpg\" alt=\"Tacho\" width=\"621\" height=\"302\" srcset=\"https:\/\/www.protect-the-planet.de\/wp-content\/uploads\/2023\/07\/tacho_768x374-300x146.jpg 300w, https:\/\/www.protect-the-planet.de\/wp-content\/uploads\/2023\/07\/tacho_768x374.jpg 768w\" sizes=\"(max-width: 621px) 100vw, 621px\" \/><\/p><\/div><\/div><\/div><\/div><p>&#8220;Ein Tempolimit ist l\u00e4ngst \u00fcberf\u00e4llig, um die Klimaziele von Paris nicht aus den Augen zu verlieren und den Beitrag des Verkehrs zur Reduktion der Emissionen anzugehen!&#8221;, so Fenja Jacobs, Projektmanagerin von Protect the Planet. &#8220;Wir schlie\u00dfen uns der Kampagne an und setzen uns daf\u00fcr ein, dass viele Parlamentsabgeordnete sich den Forderungen zeitnah anschlie\u00dfen. Super, dass nun alle Menschen in Deutschland ihre Parlamentsvertretungen hinsichtlich deren Positition zum Tempolimit \u00fcberpr\u00fcfen k\u00f6nnen!&#8221;<\/p><p>Auch Dr. Martin K\u00f6ppel, Gesch\u00e4ftsf\u00fchrer von Protect the Planet und Protect the Planet-Gr\u00fcnderin Dorothea Sick-Thies setzen sich f\u00fcr ein Tempolimit ein:<\/p><p><img decoding=\"async\" class=\"alignnone wp-image-17057\" src=\"https:\/\/www.protect-the-planet.de\/wp-content\/uploads\/2023\/07\/zitat_dr_martin_koeppel-300x100.jpg\" alt=\"Dr. Martin K\u00f6ppel_: &quot;Ein Tempolimit ist eine einfache und gleichzeitig so wirksame Ma\u00dfnahme: Es rettet Leben, schont unsere Umwelt und das Klima und spart auch noch Geld! Wenn wir es nicht jetzt einf\u00fchren - wann dann?\" width=\"621\" height=\"207\" srcset=\"https:\/\/www.protect-the-planet.de\/wp-content\/uploads\/2023\/07\/zitat_dr_martin_koeppel-300x100.jpg 300w, https:\/\/www.protect-the-planet.de\/wp-content\/uploads\/2023\/07\/zitat_dr_martin_koeppel-1024x341.jpg 1024w, https:\/\/www.protect-the-planet.de\/wp-content\/uploads\/2023\/07\/zitat_dr_martin_koeppel-768x256.jpg 768w, https:\/\/www.protect-the-planet.de\/wp-content\/uploads\/2023\/07\/zitat_dr_martin_koeppel.jpg 1200w\" sizes=\"(max-width: 621px) 100vw, 621px\" \/><\/p><p><img decoding=\"async\" class=\"alignnone wp-image-17059\" src=\"https:\/\/www.protect-the-planet.de\/wp-content\/uploads\/2023\/07\/zitat_dorthea_sick-thies-300x100.jpg\" alt=\"Zitat Dorothea Sick-Thies: Ein Tempolimit von 120 km\/h w\u00fcrde pro Jahr ganze 2,6 Mio Tonnen CO2-Aussto\u00df einsparen, das entspricht einem Kraftstoffverbrauch von \u00fcber 800 Millionen Litern. Ein Tempolimit von 100 km\/h sogar 5,4 Mio. Tonnen. Bei diesen Zahlen w\u00e4re es vollkommen unverantwortlich, das Tempolimit nicht einzuf\u00fchren!\" width=\"639\" height=\"213\" srcset=\"https:\/\/www.protect-the-planet.de\/wp-content\/uploads\/2023\/07\/zitat_dorthea_sick-thies-300x100.jpg 300w, https:\/\/www.protect-the-planet.de\/wp-content\/uploads\/2023\/07\/zitat_dorthea_sick-thies-768x256.jpg 768w, https:\/\/www.protect-the-planet.de\/wp-content\/uploads\/2023\/07\/zitat_dorthea_sick-thies.jpg 800w\" sizes=\"(max-width: 639px) 100vw, 639px\" \/><\/p><p>Welche Parlamentarier*innen wie in Sachen Raserstopp und Tempolimit stimmen <a href=\"https:\/\/tempolimit.jetzt\/abgeordnete\/\">kann man hier einsehen<\/a>. Dort kann man auch mit den eigenen Abgeordneten in Kontakt treten \u2013 und diese zu einer Stellungnahme und zu einem Nein zu Raserei und Ja f\u00fcr mehr Klimaschutz auffordern. Jetzt mitmachen!<\/p><div class=\"wp-block-spacer\" aria-hidden=\"true\">Warum braucht es ein Tempolimit?<\/div><div class=\"wp-container-161 wp-block-columns\"><div class=\"wp-container-159 wp-block-column\"><ul><li><strong>Unabh\u00e4ngigkeit<\/strong>: Ein Tempolimit reduziert Deutschlands Abh\u00e4ngigkeit von (russischen) \u00d6limporten.<\/li><li><strong>Klimaschutz<\/strong>: Ein Tempolimit reduziert Emissionen und Umweltsch\u00e4den.<\/li><li><strong>Leben retten<\/strong>: Ein Tempolimit reduziert schwere und t\u00f6dliche Unf\u00e4lle.<\/li><li><strong>Kosteng\u00fcnstig<\/strong>: Die Einf\u00fchrung eines Tempolimit kostet kaum etwas.<\/li><li><strong>Freie Fahrt<\/strong>: Ein Tempolimit reduziert Staus und der Verkehr l\u00e4uft fl\u00fcssiger \u2013 damit werden Fahrten entspannter &amp; planbarer.<\/li><li><strong>Demokratie<\/strong>: Die Mehrheit f\u00fcr ein Tempolimit in Deutschland w\u00e4chst.<\/li><li><strong>Gesundheit:<\/strong> Ein Tempolimit reduziert verschiedene Luftschadstoffe, die sich negativ auf Gesundheit und Produktivit\u00e4t auswirken.<\/li><li><strong>Kosteneinsparungen<\/strong>: Ein Tempolimit reduziert schwere Unf\u00e4lle und gesundheitliche Beeintr\u00e4chtigungen, f\u00fcr die wir alle bezahlen.<\/li><li><strong>Direkte Wirkung<\/strong>: Ein Tempolimit kann sofort eingef\u00fchrt werden.<\/li><\/ul><p> <div class=\"brlbs-cmpnt-container brlbs-cmpnt-content-blocker brlbs-cmpnt-with-individual-styles\" data-borlabs-cookie-content-blocker-id=\"youtube-content-blocker\" data-borlabs-cookie-content=\"PGlmcmFtZSB0aXRsZT0iWW91VHViZSB2aWRlbyBwbGF5ZXIiIHNyYz0iaHR0cHM6Ly93d3cueW91dHViZS1ub2Nvb2tpZS5jb20vZW1iZWQvSXRLR3BOSk5DNWsiIHdpZHRoPSI1NjAiIGhlaWdodD0iMzE1IiBmcmFtZWJvcmRlcj0iMCIgYWxsb3dmdWxsc2NyZWVuPSJhbGxvd2Z1bGxzY3JlZW4iPjwvaWZyYW1lPg==\"><div class=\"brlbs-cmpnt-cb-preset-c brlbs-cmpnt-cb-youtube\"> <div class=\"brlbs-cmpnt-cb-thumbnail\" style=\"background-image: url('https:\/\/www.protect-the-planet.de\/wp-content\/uploads\/borlabs-cookie\/1\/yt_ItKGpNJNC5k_hqdefault.jpg')\"><\/div> <div class=\"brlbs-cmpnt-cb-main\"> <div class=\"brlbs-cmpnt-cb-play-button\"><\/div> <div class=\"brlbs-cmpnt-cb-content\"> <p class=\"brlbs-cmpnt-cb-description\">You are currently viewing a placeholder content from <strong>YouTube<\/strong>. To access the actual content, click the button below. Please note that doing so will share data with third-party providers.<\/p> <a class=\"brlbs-cmpnt-cb-provider-toggle\" href=\"#\" data-borlabs-cookie-show-provider-information role=\"button\">More Information<\/a> <\/div> <div class=\"brlbs-cmpnt-cb-buttons\"> <a class=\"brlbs-cmpnt-cb-btn\" href=\"#\" data-borlabs-cookie-unblock role=\"button\">Unblock content<\/a> <a class=\"brlbs-cmpnt-cb-btn\" href=\"#\" data-borlabs-cookie-accept-service role=\"button\" style=\"display: inherit\">Accept required service and unblock content<\/a> <\/div> <\/div> <\/div><\/div><\/p><\/div><\/div><h3>Ihr*e Ansprechpartner*in:<\/h3><p><strong>Fenja Jacobs<br \/><\/strong><em>Projektmanagerin \u00d6ffentlichkeitsarbeit<br \/><\/em><a href=\"fenja.jacobs@protect-the-planet.de\">fenja.jacobs@protect-the-planet.de<\/a><\/p>\t\t\t\t\t\t\t\t<\/div>\n\t\t\t\t<\/div>\n\t\t\t\t<\/div>\n\t\t\t\t\t<\/div>\n\t\t\t\t<\/div>\n\t\t\t\t<\/div>\n\t\t","protected":false},"excerpt":{"rendered":"<p>Protect the Planet schlie\u00dft sich der Kampagne &#8220;Alle f\u00fcrs Tempolimit&#8221; an und fordert Abgeordnete auf, sich den Forderugen anzuschlie\u00dfen.<\/p>\n","protected":false},"author":3,"featured_media":21866,"comment_status":"open","ping_status":"open","sticky":false,"template":"","format":"standard","meta":{"footnotes":""},"categories":[729],"tags":[743,884,800,885,733,883,807,886,887],"class_list":["post-22956","post","type-post","status-publish","format-standard","has-post-thumbnail","hentry","category-news","tag-2022-en","tag-bundestag-en","tag-energiewende-en","tag-kampagne-en","tag-klimakrise-en","tag-mitmachen-en","tag-petition-en","tag-tempolimit-jetzt-en","tag-verkehrswende-en"],"yoast_head":"<!-- This site is optimized with the Yoast SEO plugin v27.5 - https:\/\/yoast.com\/product\/yoast-seo-wordpress\/ -->\n<title>Alle f\u00fcrs Tempolimit \u2013 wir sind dabei!<\/title>\n<meta name=\"description\" content=\"Protect the Planet schlie\u00dft sich der Kampagne &quot;Alle f\u00fcrs Tempolimit&quot; an und fordert Abgeordnete auf, sich den Forderugen anzuschlie\u00dfen.\" \/>\n<meta name=\"robots\" content=\"index, follow, max-snippet:-1, max-image-preview:large, max-video-preview:-1\" \/>\n<link rel=\"canonical\" href=\"https:\/\/www.protect-the-planet.de\/en\/2022-tempolimit\/\" \/>\n<meta property=\"og:locale\" content=\"en_US\" \/>\n<meta property=\"og:type\" content=\"article\" \/>\n<meta property=\"og:title\" content=\"Alle f\u00fcrs Tempolimit \u2013 wir sind dabei!\" \/>\n<meta property=\"og:description\" content=\"Protect the Planet schlie\u00dft sich der Kampagne &quot;Alle f\u00fcrs Tempolimit&quot; an und fordert Abgeordnete auf, sich den Forderugen anzuschlie\u00dfen.\" \/>\n<meta property=\"og:url\" content=\"https:\/\/www.protect-the-planet.de\/en\/2022-tempolimit\/\" \/>\n<meta property=\"og:site_name\" content=\"Protect the Planet\" \/>\n<meta property=\"article:publisher\" content=\"https:\/\/www.facebook.com\/protecttheplanetDE\/\" \/>\n<meta property=\"article:published_time\" content=\"2022-10-19T18:18:57+00:00\" \/>\n<meta property=\"article:modified_time\" content=\"2024-04-10T12:34:35+00:00\" \/>\n<meta property=\"og:image\" content=\"https:\/\/www.protect-the-planet.de\/wp-content\/uploads\/2022\/10\/beitragsbild-alle-fuers-tempolimit.png\" \/>\n\t<meta property=\"og:image:width\" content=\"800\" \/>\n\t<meta property=\"og:image:height\" content=\"500\" \/>\n\t<meta property=\"og:image:type\" content=\"image\/png\" \/>\n<meta name=\"author\" content=\"Fenja Jacobs\" \/>\n<meta name=\"twitter:card\" content=\"summary_large_image\" \/>\n<meta name=\"twitter:creator\" content=\"@PtP_de\" \/>\n<meta name=\"twitter:site\" content=\"@PtP_de\" \/>\n<meta name=\"twitter:label1\" content=\"Written by\" \/>\n\t<meta name=\"twitter:data1\" content=\"Fenja Jacobs\" \/>\n\t<meta name=\"twitter:label2\" content=\"Est. reading time\" \/>\n\t<meta name=\"twitter:data2\" content=\"3 minutes\" \/>\n<script type=\"application\/ld+json\" class=\"yoast-schema-graph\">{\"@context\":\"https:\\\/\\\/schema.org\",\"@graph\":[{\"@type\":\"Article\",\"@id\":\"https:\\\/\\\/www.protect-the-planet.de\\\/en\\\/2022-tempolimit\\\/#article\",\"isPartOf\":{\"@id\":\"https:\\\/\\\/www.protect-the-planet.de\\\/en\\\/2022-tempolimit\\\/\"},\"author\":{\"name\":\"Fenja Jacobs\",\"@id\":\"https:\\\/\\\/www.protect-the-planet.de\\\/en\\\/#\\\/schema\\\/person\\\/c843c153d0dd33ec584996931e438bce\"},\"headline\":\"Alle f\u00fcrs Tempolimit \u2013 wir sind dabei!\",\"datePublished\":\"2022-10-19T18:18:57+00:00\",\"dateModified\":\"2024-04-10T12:34:35+00:00\",\"mainEntityOfPage\":{\"@id\":\"https:\\\/\\\/www.protect-the-planet.de\\\/en\\\/2022-tempolimit\\\/\"},\"wordCount\":315,\"commentCount\":0,\"publisher\":{\"@id\":\"https:\\\/\\\/www.protect-the-planet.de\\\/en\\\/#organization\"},\"image\":{\"@id\":\"https:\\\/\\\/www.protect-the-planet.de\\\/en\\\/2022-tempolimit\\\/#primaryimage\"},\"thumbnailUrl\":\"https:\\\/\\\/www.protect-the-planet.de\\\/wp-content\\\/uploads\\\/2022\\\/10\\\/beitragsbild-alle-fuers-tempolimit.png\",\"keywords\":[\"2022\",\"Bundestag\",\"Energiewende\",\"Kampagne\",\"Klimakrise\",\"Mitmachen\",\"Petition\",\"Tempolimit.jetzt\",\"Verkehrswende\"],\"articleSection\":[\"News\"],\"inLanguage\":\"en-US\",\"potentialAction\":[{\"@type\":\"CommentAction\",\"name\":\"Comment\",\"target\":[\"https:\\\/\\\/www.protect-the-planet.de\\\/en\\\/2022-tempolimit\\\/#respond\"]}]},{\"@type\":\"WebPage\",\"@id\":\"https:\\\/\\\/www.protect-the-planet.de\\\/en\\\/2022-tempolimit\\\/\",\"url\":\"https:\\\/\\\/www.protect-the-planet.de\\\/en\\\/2022-tempolimit\\\/\",\"name\":\"Alle f\u00fcrs Tempolimit \u2013 wir sind dabei!\",\"isPartOf\":{\"@id\":\"https:\\\/\\\/www.protect-the-planet.de\\\/en\\\/#website\"},\"primaryImageOfPage\":{\"@id\":\"https:\\\/\\\/www.protect-the-planet.de\\\/en\\\/2022-tempolimit\\\/#primaryimage\"},\"image\":{\"@id\":\"https:\\\/\\\/www.protect-the-planet.de\\\/en\\\/2022-tempolimit\\\/#primaryimage\"},\"thumbnailUrl\":\"https:\\\/\\\/www.protect-the-planet.de\\\/wp-content\\\/uploads\\\/2022\\\/10\\\/beitragsbild-alle-fuers-tempolimit.png\",\"datePublished\":\"2022-10-19T18:18:57+00:00\",\"dateModified\":\"2024-04-10T12:34:35+00:00\",\"description\":\"Protect the Planet schlie\u00dft sich der Kampagne \\\"Alle f\u00fcrs Tempolimit\\\" an und fordert Abgeordnete auf, sich den Forderugen anzuschlie\u00dfen.\",\"breadcrumb\":{\"@id\":\"https:\\\/\\\/www.protect-the-planet.de\\\/en\\\/2022-tempolimit\\\/#breadcrumb\"},\"inLanguage\":\"en-US\",\"potentialAction\":[{\"@type\":\"ReadAction\",\"target\":[\"https:\\\/\\\/www.protect-the-planet.de\\\/en\\\/2022-tempolimit\\\/\"]}]},{\"@type\":\"ImageObject\",\"inLanguage\":\"en-US\",\"@id\":\"https:\\\/\\\/www.protect-the-planet.de\\\/en\\\/2022-tempolimit\\\/#primaryimage\",\"url\":\"https:\\\/\\\/www.protect-the-planet.de\\\/wp-content\\\/uploads\\\/2022\\\/10\\\/beitragsbild-alle-fuers-tempolimit.png\",\"contentUrl\":\"https:\\\/\\\/www.protect-the-planet.de\\\/wp-content\\\/uploads\\\/2022\\\/10\\\/beitragsbild-alle-fuers-tempolimit.png\",\"width\":800,\"height\":500,\"caption\":\"Beitragsbild Alle f\u00fcrs Tempolimit\"},{\"@type\":\"BreadcrumbList\",\"@id\":\"https:\\\/\\\/www.protect-the-planet.de\\\/en\\\/2022-tempolimit\\\/#breadcrumb\",\"itemListElement\":[{\"@type\":\"ListItem\",\"position\":1,\"name\":\"Startseite\",\"item\":\"https:\\\/\\\/www.protect-the-planet.de\\\/en\\\/home\\\/\"},{\"@type\":\"ListItem\",\"position\":2,\"name\":\"Alle f\u00fcrs Tempolimit \u2013 wir sind dabei!\"}]},{\"@type\":\"WebSite\",\"@id\":\"https:\\\/\\\/www.protect-the-planet.de\\\/en\\\/#website\",\"url\":\"https:\\\/\\\/www.protect-the-planet.de\\\/en\\\/\",\"name\":\"Protect the Planet\",\"description\":\"If we don&#039;t change, the climate will.\",\"publisher\":{\"@id\":\"https:\\\/\\\/www.protect-the-planet.de\\\/en\\\/#organization\"},\"alternateName\":\"Protect the Panet gGmbH\",\"potentialAction\":[{\"@type\":\"SearchAction\",\"target\":{\"@type\":\"EntryPoint\",\"urlTemplate\":\"https:\\\/\\\/www.protect-the-planet.de\\\/en\\\/?s={search_term_string}\"},\"query-input\":{\"@type\":\"PropertyValueSpecification\",\"valueRequired\":true,\"valueName\":\"search_term_string\"}}],\"inLanguage\":\"en-US\"},{\"@type\":\"Organization\",\"@id\":\"https:\\\/\\\/www.protect-the-planet.de\\\/en\\\/#organization\",\"name\":\"Protect the Planet\",\"url\":\"https:\\\/\\\/www.protect-the-planet.de\\\/en\\\/\",\"logo\":{\"@type\":\"ImageObject\",\"inLanguage\":\"en-US\",\"@id\":\"https:\\\/\\\/www.protect-the-planet.de\\\/en\\\/#\\\/schema\\\/logo\\\/image\\\/\",\"url\":\"https:\\\/\\\/www.protect-the-planet.de\\\/wp-content\\\/uploads\\\/2023\\\/09\\\/LOGO-positiv_transparent-klein.png\",\"contentUrl\":\"https:\\\/\\\/www.protect-the-planet.de\\\/wp-content\\\/uploads\\\/2023\\\/09\\\/LOGO-positiv_transparent-klein.png\",\"width\":123,\"height\":68,\"caption\":\"Protect the Planet\"},\"image\":{\"@id\":\"https:\\\/\\\/www.protect-the-planet.de\\\/en\\\/#\\\/schema\\\/logo\\\/image\\\/\"},\"sameAs\":[\"https:\\\/\\\/www.facebook.com\\\/protecttheplanetDE\\\/\",\"https:\\\/\\\/x.com\\\/PtP_de\",\"https:\\\/\\\/www.instagram.com\\\/protecttheplanetorg\\\/\",\"https:\\\/\\\/www.linkedin.com\\\/company\\\/protect-the-planet\",\"https:\\\/\\\/www.youtube.com\\\/@protecttheplanet\"]},{\"@type\":\"Person\",\"@id\":\"https:\\\/\\\/www.protect-the-planet.de\\\/en\\\/#\\\/schema\\\/person\\\/c843c153d0dd33ec584996931e438bce\",\"name\":\"Fenja Jacobs\",\"image\":{\"@type\":\"ImageObject\",\"inLanguage\":\"en-US\",\"@id\":\"https:\\\/\\\/secure.gravatar.com\\\/avatar\\\/1319de9aaea70b6c6ed807392ef95d6582ceaf98cca9de0a0022ba8e0d3a7fc3?s=96&d=mm&r=g\",\"url\":\"https:\\\/\\\/secure.gravatar.com\\\/avatar\\\/1319de9aaea70b6c6ed807392ef95d6582ceaf98cca9de0a0022ba8e0d3a7fc3?s=96&d=mm&r=g\",\"contentUrl\":\"https:\\\/\\\/secure.gravatar.com\\\/avatar\\\/1319de9aaea70b6c6ed807392ef95d6582ceaf98cca9de0a0022ba8e0d3a7fc3?s=96&d=mm&r=g\",\"caption\":\"Fenja Jacobs\"},\"url\":\"https:\\\/\\\/www.protect-the-planet.de\\\/en\\\/author\\\/fenja-jacobs\\\/\"}]}<\/script>\n<!-- \/ Yoast SEO plugin. -->","yoast_head_json":{"title":"Alle f\u00fcrs Tempolimit \u2013 wir sind dabei!","description":"Protect the Planet schlie\u00dft sich der Kampagne \"Alle f\u00fcrs Tempolimit\" an und fordert Abgeordnete auf, sich den Forderugen anzuschlie\u00dfen.","robots":{"index":"index","follow":"follow","max-snippet":"max-snippet:-1","max-image-preview":"max-image-preview:large","max-video-preview":"max-video-preview:-1"},"canonical":"https:\/\/www.protect-the-planet.de\/en\/2022-tempolimit\/","og_locale":"en_US","og_type":"article","og_title":"Alle f\u00fcrs Tempolimit \u2013 wir sind dabei!","og_description":"Protect the Planet schlie\u00dft sich der Kampagne \"Alle f\u00fcrs Tempolimit\" an und fordert Abgeordnete auf, sich den Forderugen anzuschlie\u00dfen.","og_url":"https:\/\/www.protect-the-planet.de\/en\/2022-tempolimit\/","og_site_name":"Protect the Planet","article_publisher":"https:\/\/www.facebook.com\/protecttheplanetDE\/","article_published_time":"2022-10-19T18:18:57+00:00","article_modified_time":"2024-04-10T12:34:35+00:00","og_image":[{"width":800,"height":500,"url":"https:\/\/www.protect-the-planet.de\/wp-content\/uploads\/2022\/10\/beitragsbild-alle-fuers-tempolimit.png","type":"image\/png"}],"author":"Fenja Jacobs","twitter_card":"summary_large_image","twitter_creator":"@PtP_de","twitter_site":"@PtP_de","twitter_misc":{"Written by":"Fenja Jacobs","Est. reading time":"3 minutes"},"schema":{"@context":"https:\/\/schema.org","@graph":[{"@type":"Article","@id":"https:\/\/www.protect-the-planet.de\/en\/2022-tempolimit\/#article","isPartOf":{"@id":"https:\/\/www.protect-the-planet.de\/en\/2022-tempolimit\/"},"author":{"name":"Fenja Jacobs","@id":"https:\/\/www.protect-the-planet.de\/en\/#\/schema\/person\/c843c153d0dd33ec584996931e438bce"},"headline":"Alle f\u00fcrs Tempolimit \u2013 wir sind dabei!","datePublished":"2022-10-19T18:18:57+00:00","dateModified":"2024-04-10T12:34:35+00:00","mainEntityOfPage":{"@id":"https:\/\/www.protect-the-planet.de\/en\/2022-tempolimit\/"},"wordCount":315,"commentCount":0,"publisher":{"@id":"https:\/\/www.protect-the-planet.de\/en\/#organization"},"image":{"@id":"https:\/\/www.protect-the-planet.de\/en\/2022-tempolimit\/#primaryimage"},"thumbnailUrl":"https:\/\/www.protect-the-planet.de\/wp-content\/uploads\/2022\/10\/beitragsbild-alle-fuers-tempolimit.png","keywords":["2022","Bundestag","Energiewende","Kampagne","Klimakrise","Mitmachen","Petition","Tempolimit.jetzt","Verkehrswende"],"articleSection":["News"],"inLanguage":"en-US","potentialAction":[{"@type":"CommentAction","name":"Comment","target":["https:\/\/www.protect-the-planet.de\/en\/2022-tempolimit\/#respond"]}]},{"@type":"WebPage","@id":"https:\/\/www.protect-the-planet.de\/en\/2022-tempolimit\/","url":"https:\/\/www.protect-the-planet.de\/en\/2022-tempolimit\/","name":"Alle f\u00fcrs Tempolimit \u2013 wir sind dabei!","isPartOf":{"@id":"https:\/\/www.protect-the-planet.de\/en\/#website"},"primaryImageOfPage":{"@id":"https:\/\/www.protect-the-planet.de\/en\/2022-tempolimit\/#primaryimage"},"image":{"@id":"https:\/\/www.protect-the-planet.de\/en\/2022-tempolimit\/#primaryimage"},"thumbnailUrl":"https:\/\/www.protect-the-planet.de\/wp-content\/uploads\/2022\/10\/beitragsbild-alle-fuers-tempolimit.png","datePublished":"2022-10-19T18:18:57+00:00","dateModified":"2024-04-10T12:34:35+00:00","description":"Protect the Planet schlie\u00dft sich der Kampagne \"Alle f\u00fcrs Tempolimit\" an und fordert Abgeordnete auf, sich den Forderugen anzuschlie\u00dfen.","breadcrumb":{"@id":"https:\/\/www.protect-the-planet.de\/en\/2022-tempolimit\/#breadcrumb"},"inLanguage":"en-US","potentialAction":[{"@type":"ReadAction","target":["https:\/\/www.protect-the-planet.de\/en\/2022-tempolimit\/"]}]},{"@type":"ImageObject","inLanguage":"en-US","@id":"https:\/\/www.protect-the-planet.de\/en\/2022-tempolimit\/#primaryimage","url":"https:\/\/www.protect-the-planet.de\/wp-content\/uploads\/2022\/10\/beitragsbild-alle-fuers-tempolimit.png","contentUrl":"https:\/\/www.protect-the-planet.de\/wp-content\/uploads\/2022\/10\/beitragsbild-alle-fuers-tempolimit.png","width":800,"height":500,"caption":"Beitragsbild Alle f\u00fcrs Tempolimit"},{"@type":"BreadcrumbList","@id":"https:\/\/www.protect-the-planet.de\/en\/2022-tempolimit\/#breadcrumb","itemListElement":[{"@type":"ListItem","position":1,"name":"Startseite","item":"https:\/\/www.protect-the-planet.de\/en\/home\/"},{"@type":"ListItem","position":2,"name":"Alle f\u00fcrs Tempolimit \u2013 wir sind dabei!"}]},{"@type":"WebSite","@id":"https:\/\/www.protect-the-planet.de\/en\/#website","url":"https:\/\/www.protect-the-planet.de\/en\/","name":"Protect the Planet","description":"If we don&#039;t change, the climate will.","publisher":{"@id":"https:\/\/www.protect-the-planet.de\/en\/#organization"},"alternateName":"Protect the Panet gGmbH","potentialAction":[{"@type":"SearchAction","target":{"@type":"EntryPoint","urlTemplate":"https:\/\/www.protect-the-planet.de\/en\/?s={search_term_string}"},"query-input":{"@type":"PropertyValueSpecification","valueRequired":true,"valueName":"search_term_string"}}],"inLanguage":"en-US"},{"@type":"Organization","@id":"https:\/\/www.protect-the-planet.de\/en\/#organization","name":"Protect the Planet","url":"https:\/\/www.protect-the-planet.de\/en\/","logo":{"@type":"ImageObject","inLanguage":"en-US","@id":"https:\/\/www.protect-the-planet.de\/en\/#\/schema\/logo\/image\/","url":"https:\/\/www.protect-the-planet.de\/wp-content\/uploads\/2023\/09\/LOGO-positiv_transparent-klein.png","contentUrl":"https:\/\/www.protect-the-planet.de\/wp-content\/uploads\/2023\/09\/LOGO-positiv_transparent-klein.png","width":123,"height":68,"caption":"Protect the Planet"},"image":{"@id":"https:\/\/www.protect-the-planet.de\/en\/#\/schema\/logo\/image\/"},"sameAs":["https:\/\/www.facebook.com\/protecttheplanetDE\/","https:\/\/x.com\/PtP_de","https:\/\/www.instagram.com\/protecttheplanetorg\/","https:\/\/www.linkedin.com\/company\/protect-the-planet","https:\/\/www.youtube.com\/@protecttheplanet"]},{"@type":"Person","@id":"https:\/\/www.protect-the-planet.de\/en\/#\/schema\/person\/c843c153d0dd33ec584996931e438bce","name":"Fenja Jacobs","image":{"@type":"ImageObject","inLanguage":"en-US","@id":"https:\/\/secure.gravatar.com\/avatar\/1319de9aaea70b6c6ed807392ef95d6582ceaf98cca9de0a0022ba8e0d3a7fc3?s=96&d=mm&r=g","url":"https:\/\/secure.gravatar.com\/avatar\/1319de9aaea70b6c6ed807392ef95d6582ceaf98cca9de0a0022ba8e0d3a7fc3?s=96&d=mm&r=g","contentUrl":"https:\/\/secure.gravatar.com\/avatar\/1319de9aaea70b6c6ed807392ef95d6582ceaf98cca9de0a0022ba8e0d3a7fc3?s=96&d=mm&r=g","caption":"Fenja Jacobs"},"url":"https:\/\/www.protect-the-planet.de\/en\/author\/fenja-jacobs\/"}]}},"_links":{"self":[{"href":"https:\/\/www.protect-the-planet.de\/en\/wp-json\/wp\/v2\/posts\/22956","targetHints":{"allow":["GET"]}}],"collection":[{"href":"https:\/\/www.protect-the-planet.de\/en\/wp-json\/wp\/v2\/posts"}],"about":[{"href":"https:\/\/www.protect-the-planet.de\/en\/wp-json\/wp\/v2\/types\/post"}],"author":[{"embeddable":true,"href":"https:\/\/www.protect-the-planet.de\/en\/wp-json\/wp\/v2\/users\/3"}],"replies":[{"embeddable":true,"href":"https:\/\/www.protect-the-planet.de\/en\/wp-json\/wp\/v2\/comments?post=22956"}],"version-history":[{"count":0,"href":"https:\/\/www.protect-the-planet.de\/en\/wp-json\/wp\/v2\/posts\/22956\/revisions"}],"wp:featuredmedia":[{"embeddable":true,"href":"https:\/\/www.protect-the-planet.de\/en\/wp-json\/wp\/v2\/media\/21866"}],"wp:attachment":[{"href":"https:\/\/www.protect-the-planet.de\/en\/wp-json\/wp\/v2\/media?parent=22956"}],"wp:term":[{"taxonomy":"category","embeddable":true,"href":"https:\/\/www.protect-the-planet.de\/en\/wp-json\/wp\/v2\/categories?post=22956"},{"taxonomy":"post_tag","embeddable":true,"href":"https:\/\/www.protect-the-planet.de\/en\/wp-json\/wp\/v2\/tags?post=22956"}],"curies":[{"name":"wp","href":"https:\/\/api.w.org\/{rel}","templated":true}]}}