{"id":22952,"date":"2022-11-18T15:40:26","date_gmt":"2022-11-18T14:40:26","guid":{"rendered":"https:\/\/www.protect-the-planet.de\/cop27\/"},"modified":"2025-09-05T11:19:28","modified_gmt":"2025-09-05T09:19:28","slug":"cop27","status":"publish","type":"post","link":"https:\/\/www.protect-the-planet.de\/en\/cop27\/","title":{"rendered":"Die Klimakonferenz in Sharm-El-Sheikh: ein Bericht"},"content":{"rendered":"\t\t<div data-elementor-type=\"wp-post\" data-elementor-id=\"22952\" class=\"elementor elementor-22952 elementor-12249\" data-elementor-post-type=\"post\">\n\t\t\t\t<div class=\"elementor-element elementor-element-1bd33d5 e-flex e-con-boxed e-con e-parent\" data-id=\"1bd33d5\" data-element_type=\"container\" data-e-type=\"container\">\n\t\t\t\t\t<div class=\"e-con-inner\">\n\t\t<div class=\"elementor-element elementor-element-170a519 e-con-full e-flex e-con e-parent\" data-id=\"170a519\" data-element_type=\"container\" data-e-type=\"container\">\n\t\t\t\t<div class=\"elementor-element elementor-element-709144f elementor-widget elementor-widget-text-editor\" data-id=\"709144f\" data-element_type=\"widget\" data-e-type=\"widget\" data-widget_type=\"text-editor.default\">\n\t\t\t\t<div class=\"elementor-widget-container\">\n\t\t\t\t\t\t\t\t\t<h2><span style=\"font-family: Helvetica, Arial, sans-serif;\"><b>Die UN-Klimaschutzkonferenz und was in Deutschland nun zu tun ist: &#8220;we are not defeated yet&#8221;!<\/b><br \/><\/span><\/h2><p><strong>Vom 06. bis 18. November fand die 27. Klimakonferenz in Sharm El-Sheikh, \u00c4gypten statt. Auch Markus Raschke und Dr. Martin K\u00f6ppel von Protect the Planet waren vor Ort. Wir haben hier die Ziviligesellschaft vertreten, bei mehreren Side-Events zum Thema Klimaklagen moderiert, Vortr\u00e4ge gehalten und unsere Erfahrungen eingebracht. Zudem haben wir uns mit vielen Mitstreiter*innen aus NGOs und Unternehmen von der ganzen Welt vernetzt.\u00a0<\/strong><strong>Neben vielen spannenden Veranstaltungen und Begegnungen, gab es auch Momente des Frusts angesichts der Unt\u00e4tigkeit der Regierungen und der Dringlichkeit zu Handeln und Momente der Beklemmung angesichts der verheerenden Menschenrechtslage in \u00c4gypten. Ein Bericht mit gemischten Gef\u00fchlen.<\/strong><\/p><p><img fetchpriority=\"high\" decoding=\"async\" class=\" wp-image-17016\" src=\"https:\/\/www.protect-the-planet.de\/wp-content\/uploads\/2023\/07\/eingang_cop27_2022_768x576-300x225.jpeg\" alt=\"Eingang COP27 Sharm El-Sheikh Egypt 2022\" width=\"620\" height=\"465\" srcset=\"https:\/\/www.protect-the-planet.de\/wp-content\/uploads\/2023\/07\/eingang_cop27_2022_768x576-300x225.jpeg 300w, https:\/\/www.protect-the-planet.de\/wp-content\/uploads\/2023\/07\/eingang_cop27_2022_768x576.jpeg 768w\" sizes=\"(max-width: 620px) 100vw, 620px\" \/><\/p><p>Auch dieses Jahr war die Zivilgesellschaft wieder zahlreich und lautstark vertreten, wenn auch stark im Versammlungsrecht eingeschr\u00e4nkt. Doch trotz der repressiven Haltung der \u00e4gyptischen Sicherheitsbeh\u00f6rden, zeigten sich die vielen Vertreter*innen sozialer Bewegungen, NGOs und indigener Gruppen entschlossen.<\/p><p>Die Botschaften der diversen bunten und lauten Demonstrationen auf der diesj\u00e4hrigen Klimakonferenz waren plakativ und leicht verst\u00e4ndlich:<\/p><ul><li><strong>Act now:<\/strong> Wir m\u00fcssen jetzt handeln!<\/li><li><strong>No more blabla:<\/strong> keine leeren Versprechungen mehr!<\/li><li><strong>Don&#8217;t gas Africa:<\/strong> keine weiteren Gasquellen in Afrika erschlie\u00dfen!<\/li><li><strong>Loss and damage finance now: <\/strong>die Sch\u00e4den, unter denen viele L\u00e4nder bereits heute leiden m\u00fcssen durch Zahlungen der verm\u00f6genderen Verursacherl\u00e4nder kompensiert werden!<\/li><\/ul><p><img decoding=\"async\" class=\"alignnone wp-image-17017\" src=\"https:\/\/www.protect-the-planet.de\/wp-content\/uploads\/2023\/07\/demo_auf_cop27_768x576-300x225.jpeg\" alt=\"Demonstration auf der COP27: &quot;No climate Justine without human rights&quot;\" width=\"615\" height=\"461\" srcset=\"https:\/\/www.protect-the-planet.de\/wp-content\/uploads\/2023\/07\/demo_auf_cop27_768x576-300x225.jpeg 300w, https:\/\/www.protect-the-planet.de\/wp-content\/uploads\/2023\/07\/demo_auf_cop27_768x576.jpeg 768w\" sizes=\"(max-width: 615px) 100vw, 615px\" \/><\/p><p>Die vor allem aus westlichen und demokratisch regierten L\u00e4ndern angereiste Zivilgesellschaft auf der von \u00c4gypten ausgerichteten UN-Klimakonferenz vermittelte ein Bild von Resignationstendenzen und Verzweiflung, doch war dennoch auch von Hoffnung und Entschlossenheit gepr\u00e4gt.<br \/>&#8220;Noch geben wir uns nicht geschlagen&#8221; (&#8220;We are not defeated yet&#8221;) als gew\u00e4hltes Motto zeigt den Frust auf, der sich bei vielen angestaut hat und die Bef\u00fcrchtung, dass die verantwortlichen Regierungen aller L\u00e4nder keine befriedigenden Antworten auf diese gro\u00dfe existenzielle Krise der Menschheit bieten.<\/p><h3>Side-Event im &#8220;German Pavilion&#8221; mit Protect the Planet: Rechtsmittel als Game-Changer?<\/h3><p>In funktionierenden Rechtsstaaten wird daher neben dem Lobbying f\u00fcr bessere Gesetze immer mehr auf Klimaklagen zur\u00fcckgegriffen. So auch in Deutschland, als das Bundsverfassungsgericht die Klimapolitik der Merkel-Regierungen 2021 mit seinem historischen Urteil f\u00fcr k\u00fcnftige Generationen abgestraft hat. Dr. Martin K\u00f6ppel von Protect the Planet moderierte zu den rechtlichen M\u00f6glichkeiten ein Side-Event im &#8220;German Pavilion&#8221; des Au\u00dfenministeriums zum Thema <strong>&#8220;A legal Perspective on Climate Change &#8211; How legal means serve as a game changer in climate politics?&#8221;<\/strong>. <a href=\"https:\/\/www.youtube.com\/watch?v=0JGVuHpE0dY&amp;feature=youtu.be\">Hier<\/a> k\u00f6nnen Sie die spannende Diskussion unter anderem mit Luisa Neubauer nachschauen.<\/p><p><img decoding=\"async\" class=\"alignnone wp-image-17018\" src=\"https:\/\/www.protect-the-planet.de\/wp-content\/uploads\/2023\/07\/cop27_side_event_german_pavillon_1024x768-300x225.jpeg\" alt=\"COP27, Side Event im &quot;German Pavillion&quot;\" width=\"627\" height=\"470\" srcset=\"https:\/\/www.protect-the-planet.de\/wp-content\/uploads\/2023\/07\/cop27_side_event_german_pavillon_1024x768-300x225.jpeg 300w, https:\/\/www.protect-the-planet.de\/wp-content\/uploads\/2023\/07\/cop27_side_event_german_pavillon_1024x768-768x576.jpeg 768w, https:\/\/www.protect-the-planet.de\/wp-content\/uploads\/2023\/07\/cop27_side_event_german_pavillon_1024x768.jpeg 1024w\" sizes=\"(max-width: 627px) 100vw, 627px\" \/><\/p><p>Auf dem Side-Event betonte Lea Nesselhauf von GermanZero e.V. die Notwendigkeit, nicht &#8220;Klimapolitik ins Blaue zu betreiben wie bisher&#8221;, sondern mit klaren Restbudgets eine Lastumkehr zu betreiben und die Erlaubnis zur Klimasch\u00e4digung zu limitieren. Auch Lutz Weischer von Germanwatch e.V. betonte, dass diese Forderung durch das Urteil des Bundesverfassungsgerichts von 2021 umgesetzt werden m\u00fcsse. Deutschland brauche zudem ambitioniertete Klimapartnerschaften und m\u00fcsse die Klimafinanzierung auf Internationaler Ebene in weit gr\u00f6\u00dferem Ausma\u00df als bisher angehen. Luisa Neubauer antwortete auf die Frage, warum sie ihre Regierung verklagt hat: &#8220;Die Antwort ist einfach: weil wir alles andere bereits versucht haben!&#8221;<\/p><p>Auch die Politik ist sich teilweise dem Handlungsdruck bewusst, wenn auch die Ergebnisse nicht immer darauf schlie\u00dfen lassen. So sagte Au\u00dfenministerin Annalena Baerbock in der an das Side-Event anschlie\u00dfenden <a href=\"https:\/\/www.youtube.com\/watch?v=S2lzfPsJCYE\">Pressekonferenz<\/a> am letzten Tag der COP27, dem 18. November, sehr deutlich: &#8220;die L\u00fccke zum 1,5-Grad-Pfad ist immer noch viel zu gro\u00df&#8221;.<\/p><h3>Oder doch Unternehmen als echte Game-Changer? \u2013 Dorothea Sick-Thies und Martin K\u00f6ppel beim Solutions Summit und bei den Solutions Dialogues im Rahmen des Future Economy Forums<\/h3><p>Um die Klimakonferenz herum gab es zahlreiche Veranstaltungen, etwa mit den &#8220;game changern&#8221; aus der Wirtschaft, die beispielsweise auf Abendveranstaltungen des &#8220;<a href=\"https:\/\/events.futureeconomy.forum\/egypt-solutions-events\/summit-program\">Future Economy Forums<\/a>&#8221; zusammenkamen. Diese Veranstaltungen wurden von NOW, Sekem und der Heliopolis University organisiert und fanden neben der COP in Sharm El-Sheikh, aber auch in Kairo im Vorfeld statt.<\/p><p>Protect the Planet-Gr\u00fcnderin <strong>Dorothea Sick-Thies<\/strong> beteiligte sich als Familienunternehmerin mit einem Beitrag auf dem <a href=\"https:\/\/events.futureeconomy.forum\/egypt-solutions-events\/summit-program\">Solutions Summit,<\/a> einer zweit\u00e4gigen Konferenz in Kairo im Vorfeld zur UN-Klimakonferenz. \u00dcber 800 Teilnehmende, darunter \u00c4gyptische Politiker*innen, sowie F\u00fchrungskr\u00e4fte aus den Bereichen Wirtschaft, Finanzen, Landwirtschaft und Zivilgesellschaft, diskutierten zwei Tage lang \u00fcber L\u00f6sungen f\u00fcr die Klimakrise. Dorothea Sick-Thies spricht in ihrer Videobotschaft \u00fcber ihren pers\u00f6nlichen Hintergrund, die Arbeit der Firma Sick und \u00fcber die Dringlichkeit, jetzt angesichts der Klimakatastrophe entschieden zu handeln.<\/p><p> <div class=\"brlbs-cmpnt-container brlbs-cmpnt-content-blocker brlbs-cmpnt-with-individual-styles\" data-borlabs-cookie-content-blocker-id=\"youtube-content-blocker\" data-borlabs-cookie-content=\"PGlmcmFtZSB0aXRsZT0iWW91VHViZSB2aWRlbyBwbGF5ZXIiIHNyYz0iaHR0cHM6Ly93d3cueW91dHViZS1ub2Nvb2tpZS5jb20vZW1iZWQvZnZXSVNYWDYxMlEiIHdpZHRoPSI1NjAiIGhlaWdodD0iMzE1IiBmcmFtZWJvcmRlcj0iMCIgYWxsb3dmdWxsc2NyZWVuPSJhbGxvd2Z1bGxzY3JlZW4iPjwvaWZyYW1lPg==\"><div class=\"brlbs-cmpnt-cb-preset-c brlbs-cmpnt-cb-youtube\"> <div class=\"brlbs-cmpnt-cb-thumbnail\" style=\"background-image: url('https:\/\/www.protect-the-planet.de\/wp-content\/uploads\/borlabs-cookie\/1\/yt_fvWISXX612Q_hqdefault.jpg')\"><\/div> <div class=\"brlbs-cmpnt-cb-main\"> <div class=\"brlbs-cmpnt-cb-play-button\"><\/div> <div class=\"brlbs-cmpnt-cb-content\"> <p class=\"brlbs-cmpnt-cb-description\">You are currently viewing a placeholder content from <strong>YouTube<\/strong>. To access the actual content, click the button below. Please note that doing so will share data with third-party providers.<\/p> <a class=\"brlbs-cmpnt-cb-provider-toggle\" href=\"#\" data-borlabs-cookie-show-provider-information role=\"button\">More Information<\/a> <\/div> <div class=\"brlbs-cmpnt-cb-buttons\"> <a class=\"brlbs-cmpnt-cb-btn\" href=\"#\" data-borlabs-cookie-unblock role=\"button\">Unblock content<\/a> <a class=\"brlbs-cmpnt-cb-btn\" href=\"#\" data-borlabs-cookie-accept-service role=\"button\" style=\"display: inherit\">Accept required service and unblock content<\/a> <\/div> <\/div> <\/div><\/div><\/p><p>Auch Protect the Planet-Gesch\u00e4ftsf\u00fchrer Dr. Martin K\u00f6ppel war auf einem Panel der <a href=\"https:\/\/events.futureeconomy.forum\/cop-solutions-dialogues\/\">COP Solutions Dialogues<\/a> vertreten. Gemeinsam mit Sarah Mead vom Climate Litigation Network der niederl\u00e4ndischen NGO urgenda und der bekannten &#8220;Elder&#8221; Mary Robinson pr\u00e4sentierte er zum Thema des Abends <strong>&#8220;Wisdom, Law and International Frameworks for a Liveable Planet&#8221;<\/strong> die rechtlichen Bestrebungen, Klimagerechtigkeit zu erreichen und echte effiziente Klimaschutzma\u00dfnahmen voranzutreiben. Ein effizientes Mittel daf\u00fcr sind beispielsweise <strong>unsere Klimaklagen vor dem Bundesverfassungsgericht<\/strong> (<a href=\"https:\/\/www.germanwatch.org\/de\/verfassungsbeschwerde\">Neubauer et al. vs. Bundesrepublik Deutschland<\/a>) <strong>und vor dem Europ\u00e4ischen Gerichtshof<\/strong> (<a href=\"https:\/\/www.protect-the-planet.de\/projekte\/klimaklage\/\">People&#8217;s Climate Case<\/a> oder Carvalho et al vs. EU).<\/p><p>Mit auf dem Panel waren auch der italienische Parlamentarier Mauro del Barba, Malcolm Dalesa vom ICJ aus Vanuatu, sowie die Jugendvertreterin Cynthia Houniuhi von den Pacific Islands Students Fighting Climate Change.<\/p><p><img loading=\"lazy\" decoding=\"async\" class=\" wp-image-17014\" src=\"https:\/\/www.protect-the-planet.de\/wp-content\/uploads\/2022\/11\/cop27_solutions_dialogues_1200x675-300x169.jpg\" alt=\"COP27 Solutions Dialogues\" width=\"644\" height=\"363\" srcset=\"https:\/\/www.protect-the-planet.de\/wp-content\/uploads\/2022\/11\/cop27_solutions_dialogues_1200x675-300x169.jpg 300w, https:\/\/www.protect-the-planet.de\/wp-content\/uploads\/2022\/11\/cop27_solutions_dialogues_1200x675-1024x576.jpg 1024w, https:\/\/www.protect-the-planet.de\/wp-content\/uploads\/2022\/11\/cop27_solutions_dialogues_1200x675-768x432.jpg 768w, https:\/\/www.protect-the-planet.de\/wp-content\/uploads\/2022\/11\/cop27_solutions_dialogues_1200x675.jpg 1200w\" sizes=\"(max-width: 644px) 100vw, 644px\" \/><\/p><h3>Klimakonferenzen als Ort der Begegnung \u2013 Klimakl\u00e4ger*innen und People&#8217;s Plenary fordern mehr Klimaschutz!<\/h3><p>Ob Klimaklagende wie Luisa Neubauer oder Saul Luciano Lliuya, die sich bei <a href=\"https:\/\/www.youtube.com\/watch?v=0JGVuHpE0dY&amp;feature=youtu.be\">&#8220;Climate Litigation against corporations \u2013 RWE &amp; Holcim Cases: Strategies, demands and lessons learned&#8221;<\/a>, einer Veranstaltung mit urgenda und Germanwatch begegnen oder das People&#8217;s Plenary: Die Zivilgesellschaft auf der COP fordert: &#8220;No more Blablabla&#8221;.<\/p><p>Am 17. November, dem vorletzen Tag der Konferenz, gab es das &#8220;People&#8217;s Plenary&#8221; \u2013 eine bunte, diverse und laute Veranstaltung mit allen Vertretungen der Zivilgesellschaft auf der COP und einem starken Fokus auf Loss and Damage und auf die Betroffenen an vorderster Front der Klimakatastrophe. Auch wenn hier sp\u00fcrbar unterschiedliche L\u00f6sungsans\u00e4tze und auch eigene Interessen zu bemerken sind: die Solidarit\u00e4t dieser Veranstaltung war in jedem Fall um ein Vielfaches h\u00f6her, als das f\u00fcr die Verhandlungen der Staaten wahrnehmbar wurde. <a href=\"https:\/\/media.un.org\/en\/asset\/k1d\/k1dx8m61nd\">In diesem motivierenden Video<\/a> ist der Tenor der Veranstaltung gut sp\u00fcrbar.<\/p><h3>Weltrettungs-Klimakonferenz in der Diktatur \u2013 Misstrauen und \u00dcberwachung an einem schmucklosen Massentourismusmagneten<\/h3><p>Wer in Sharm-El Sheik, dem Ort an der Sinaispitze mit faszinierendem Blick auf die imposanten Berge mit all ihrer biblischen Historie nun im &#8220;Winter&#8221; bei 28 \u00b0C und Sonnenschein Solarpanele oder Photovoltaikanlagen vermutet, wird lange suchen. Wir haben in 10 Tagen vor Ort keine entdeckt. Brachial an die K\u00fcste gebauter Massentourismus neben absterbenden Korallen, 12-spurige Stra\u00dfen bei 30.000 Einwohner*innen und eine Plastikkultur sind wohl ein geeigneter Ort f\u00fcr eine Klimakonferenz \u2013 und symbolisch f\u00fcr die vielen L\u00e4ndern, in denen das einfach Realit\u00e4t ist.<br \/>Dass die Konferenz allerdings im Geb\u00e4ude des \u00e4gyptischen Auslandsgeheimdienstes stattfindet, die offizielle COP-App \u00dcberwachungsm\u00f6glichkeiten er\u00f6ffnet und Staatsagenten Versammlungen auf der Konferenz st\u00f6ren, passt in das Bild diverser verst\u00f6render Berichte von Kolleg*innen aus der NGO-Welt, die unsch\u00f6ne Erfahrungen mit den Beh\u00f6rden machen mussten. Die Ger\u00fcchte, dass \u00c4gypten alles und jeden auf dieser Konferenz abh\u00f6rt, dass freie Demonstrationen selbst im UN-Gel\u00e4nde von M\u00e4nnern ohne Kennzeichnung oder COP-Zulassungs-Badge gefilmt werden und dass Demonstrationen am Ende zwischen lauten Klimaanlagen, Baumaterialien und M\u00fcllsammlungen am Ende des Gel\u00e4ndes stattfinden \u2013 all das passt nicht zu einer Konferenz, die dem Anspruch von nichts weniger als Weltrettung aus der Klimakrise gerecht werden sollte. Die meisten waren froh, m\u00f6glichst bald wieder das Land zu verlassen \u2013 verhandelnde L\u00e4ndervertretungen inklusive. Wie so eine Ebene von Vertrauen in Verhandlungen aufgebaut werden soll, das ist wohl nur der UN klar.<\/p><p>Die Ergebnisse der Konferenz sind d\u00fcrftig, ein Minimalkonsens, um halbwegs gesichtswahrend den Heimweg antreten zu k\u00f6nnen und weit weniger als das, was die Welt von dieser Gesellschaft erwartet: die Bewahrung der Erde, die Einhaltung des 1,5-Grad-Ziels und echte \u00dcbernahme von Verantwortung.\u00a0<\/p>\t\t\t\t\t\t\t\t<\/div>\n\t\t\t\t<\/div>\n\t\t\t\t<\/div>\n\t\t\t\t\t<\/div>\n\t\t\t\t<\/div>\n\t\t\t\t<\/div>\n\t\t","protected":false},"excerpt":{"rendered":"<p>Vom 06. bis 18. November fand die 27. Klimakonferenz in Sharm El-Sheikh, \u00c4gypten statt. Auch Markus Raschke und Dr. Martin K\u00f6ppel von Protect the Planet waren vor Ort. Ein Bericht mit gemischten Gef\u00fchlen.<\/p>\n","protected":false},"author":5,"featured_media":21863,"comment_status":"open","ping_status":"open","sticky":false,"template":"","format":"standard","meta":{"footnotes":""},"categories":[729],"tags":[743,870,871,800,872,873,874,875,876,733,877],"class_list":["post-22952","post","type-post","status-publish","format-standard","has-post-thumbnail","hentry","category-news","tag-2022-en","tag-aegypten-en","tag-cop27-en","tag-energiewende-en","tag-erneuerbare-en","tag-fossile-en","tag-global-en","tag-internationale-politik-en","tag-klimakonferenz-en","tag-klimakrise-en","tag-sharm-el-sheikh-en"],"yoast_head":"<!-- This site is optimized with the Yoast SEO plugin v27.5 - https:\/\/yoast.com\/product\/yoast-seo-wordpress\/ -->\n<title>Die Klimakonferenz in Sharm-El-Sheikh: ein Bericht<\/title>\n<meta name=\"description\" content=\"Protect the Planet war auf der COP27 \u2013 der Klimakonferenz in Sharm-El-Sheikh. Ein Bericht von Markus Raschke.\" \/>\n<meta name=\"robots\" content=\"index, follow, max-snippet:-1, max-image-preview:large, max-video-preview:-1\" \/>\n<link rel=\"canonical\" href=\"https:\/\/www.protect-the-planet.de\/en\/cop27\/\" \/>\n<meta property=\"og:locale\" content=\"en_US\" \/>\n<meta property=\"og:type\" content=\"article\" \/>\n<meta property=\"og:title\" content=\"Die Klimakonferenz in Sharm-El-Sheikh: ein Bericht\" \/>\n<meta property=\"og:description\" content=\"Protect the Planet war auf der COP27 \u2013 der Klimakonferenz in Sharm-El-Sheikh. Ein Bericht von Markus Raschke.\" \/>\n<meta property=\"og:url\" content=\"https:\/\/www.protect-the-planet.de\/en\/cop27\/\" \/>\n<meta property=\"og:site_name\" content=\"Protect the Planet\" \/>\n<meta property=\"article:publisher\" content=\"https:\/\/www.facebook.com\/protecttheplanetDE\/\" \/>\n<meta property=\"article:published_time\" content=\"2022-11-18T14:40:26+00:00\" \/>\n<meta property=\"article:modified_time\" content=\"2025-09-05T09:19:28+00:00\" \/>\n<meta property=\"og:image\" content=\"https:\/\/www.protect-the-planet.de\/wp-content\/uploads\/2022\/11\/beitragsbild-cop27.jpg\" \/>\n\t<meta property=\"og:image:width\" content=\"2048\" \/>\n\t<meta property=\"og:image:height\" content=\"1152\" \/>\n\t<meta property=\"og:image:type\" content=\"image\/jpeg\" \/>\n<meta name=\"author\" content=\"Markus Raschke\" \/>\n<meta name=\"twitter:card\" content=\"summary_large_image\" \/>\n<meta name=\"twitter:creator\" content=\"@PtP_de\" \/>\n<meta name=\"twitter:site\" content=\"@PtP_de\" \/>\n<meta name=\"twitter:label1\" content=\"Written by\" \/>\n\t<meta name=\"twitter:data1\" content=\"Markus Raschke\" \/>\n\t<meta name=\"twitter:label2\" content=\"Est. reading time\" \/>\n\t<meta name=\"twitter:data2\" content=\"8 minutes\" \/>\n<script type=\"application\/ld+json\" class=\"yoast-schema-graph\">{\"@context\":\"https:\\\/\\\/schema.org\",\"@graph\":[{\"@type\":\"Article\",\"@id\":\"https:\\\/\\\/www.protect-the-planet.de\\\/en\\\/cop27\\\/#article\",\"isPartOf\":{\"@id\":\"https:\\\/\\\/www.protect-the-planet.de\\\/en\\\/cop27\\\/\"},\"author\":{\"name\":\"Markus Raschke\",\"@id\":\"https:\\\/\\\/www.protect-the-planet.de\\\/en\\\/#\\\/schema\\\/person\\\/2938106dc0af5691b82b52a1b3f39b0b\"},\"headline\":\"Die Klimakonferenz in Sharm-El-Sheikh: ein Bericht\",\"datePublished\":\"2022-11-18T14:40:26+00:00\",\"dateModified\":\"2025-09-05T09:19:28+00:00\",\"mainEntityOfPage\":{\"@id\":\"https:\\\/\\\/www.protect-the-planet.de\\\/en\\\/cop27\\\/\"},\"wordCount\":1317,\"commentCount\":0,\"publisher\":{\"@id\":\"https:\\\/\\\/www.protect-the-planet.de\\\/en\\\/#organization\"},\"image\":{\"@id\":\"https:\\\/\\\/www.protect-the-planet.de\\\/en\\\/cop27\\\/#primaryimage\"},\"thumbnailUrl\":\"https:\\\/\\\/www.protect-the-planet.de\\\/wp-content\\\/uploads\\\/2022\\\/11\\\/beitragsbild-cop27.jpg\",\"keywords\":[\"2022\",\"\u00e4gypten\",\"cop27\",\"Energiewende\",\"erneuerbare\",\"fossile\",\"Global\",\"internationale politik\",\"Klimakonferenz\",\"Klimakrise\",\"sharm-el-sheikh\"],\"articleSection\":[\"News\"],\"inLanguage\":\"en-US\",\"potentialAction\":[{\"@type\":\"CommentAction\",\"name\":\"Comment\",\"target\":[\"https:\\\/\\\/www.protect-the-planet.de\\\/en\\\/cop27\\\/#respond\"]}]},{\"@type\":\"WebPage\",\"@id\":\"https:\\\/\\\/www.protect-the-planet.de\\\/en\\\/cop27\\\/\",\"url\":\"https:\\\/\\\/www.protect-the-planet.de\\\/en\\\/cop27\\\/\",\"name\":\"Die Klimakonferenz in Sharm-El-Sheikh: ein Bericht\",\"isPartOf\":{\"@id\":\"https:\\\/\\\/www.protect-the-planet.de\\\/en\\\/#website\"},\"primaryImageOfPage\":{\"@id\":\"https:\\\/\\\/www.protect-the-planet.de\\\/en\\\/cop27\\\/#primaryimage\"},\"image\":{\"@id\":\"https:\\\/\\\/www.protect-the-planet.de\\\/en\\\/cop27\\\/#primaryimage\"},\"thumbnailUrl\":\"https:\\\/\\\/www.protect-the-planet.de\\\/wp-content\\\/uploads\\\/2022\\\/11\\\/beitragsbild-cop27.jpg\",\"datePublished\":\"2022-11-18T14:40:26+00:00\",\"dateModified\":\"2025-09-05T09:19:28+00:00\",\"description\":\"Protect the Planet war auf der COP27 \u2013 der Klimakonferenz in Sharm-El-Sheikh. Ein Bericht von Markus Raschke.\",\"breadcrumb\":{\"@id\":\"https:\\\/\\\/www.protect-the-planet.de\\\/en\\\/cop27\\\/#breadcrumb\"},\"inLanguage\":\"en-US\",\"potentialAction\":[{\"@type\":\"ReadAction\",\"target\":[\"https:\\\/\\\/www.protect-the-planet.de\\\/en\\\/cop27\\\/\"]}]},{\"@type\":\"ImageObject\",\"inLanguage\":\"en-US\",\"@id\":\"https:\\\/\\\/www.protect-the-planet.de\\\/en\\\/cop27\\\/#primaryimage\",\"url\":\"https:\\\/\\\/www.protect-the-planet.de\\\/wp-content\\\/uploads\\\/2022\\\/11\\\/beitragsbild-cop27.jpg\",\"contentUrl\":\"https:\\\/\\\/www.protect-the-planet.de\\\/wp-content\\\/uploads\\\/2022\\\/11\\\/beitragsbild-cop27.jpg\",\"width\":2048,\"height\":1152,\"caption\":\"Beitragsbild COP 27\"},{\"@type\":\"BreadcrumbList\",\"@id\":\"https:\\\/\\\/www.protect-the-planet.de\\\/en\\\/cop27\\\/#breadcrumb\",\"itemListElement\":[{\"@type\":\"ListItem\",\"position\":1,\"name\":\"Startseite\",\"item\":\"https:\\\/\\\/www.protect-the-planet.de\\\/en\\\/home\\\/\"},{\"@type\":\"ListItem\",\"position\":2,\"name\":\"Die Klimakonferenz in Sharm-El-Sheikh: ein Bericht\"}]},{\"@type\":\"WebSite\",\"@id\":\"https:\\\/\\\/www.protect-the-planet.de\\\/en\\\/#website\",\"url\":\"https:\\\/\\\/www.protect-the-planet.de\\\/en\\\/\",\"name\":\"Protect the Planet\",\"description\":\"If we don&#039;t change, the climate will.\",\"publisher\":{\"@id\":\"https:\\\/\\\/www.protect-the-planet.de\\\/en\\\/#organization\"},\"alternateName\":\"Protect the Panet gGmbH\",\"potentialAction\":[{\"@type\":\"SearchAction\",\"target\":{\"@type\":\"EntryPoint\",\"urlTemplate\":\"https:\\\/\\\/www.protect-the-planet.de\\\/en\\\/?s={search_term_string}\"},\"query-input\":{\"@type\":\"PropertyValueSpecification\",\"valueRequired\":true,\"valueName\":\"search_term_string\"}}],\"inLanguage\":\"en-US\"},{\"@type\":\"Organization\",\"@id\":\"https:\\\/\\\/www.protect-the-planet.de\\\/en\\\/#organization\",\"name\":\"Protect the Planet\",\"url\":\"https:\\\/\\\/www.protect-the-planet.de\\\/en\\\/\",\"logo\":{\"@type\":\"ImageObject\",\"inLanguage\":\"en-US\",\"@id\":\"https:\\\/\\\/www.protect-the-planet.de\\\/en\\\/#\\\/schema\\\/logo\\\/image\\\/\",\"url\":\"https:\\\/\\\/www.protect-the-planet.de\\\/wp-content\\\/uploads\\\/2023\\\/09\\\/LOGO-positiv_transparent-klein.png\",\"contentUrl\":\"https:\\\/\\\/www.protect-the-planet.de\\\/wp-content\\\/uploads\\\/2023\\\/09\\\/LOGO-positiv_transparent-klein.png\",\"width\":123,\"height\":68,\"caption\":\"Protect the Planet\"},\"image\":{\"@id\":\"https:\\\/\\\/www.protect-the-planet.de\\\/en\\\/#\\\/schema\\\/logo\\\/image\\\/\"},\"sameAs\":[\"https:\\\/\\\/www.facebook.com\\\/protecttheplanetDE\\\/\",\"https:\\\/\\\/x.com\\\/PtP_de\",\"https:\\\/\\\/www.instagram.com\\\/protecttheplanetorg\\\/\",\"https:\\\/\\\/www.linkedin.com\\\/company\\\/protect-the-planet\",\"https:\\\/\\\/www.youtube.com\\\/@protecttheplanet\"]},{\"@type\":\"Person\",\"@id\":\"https:\\\/\\\/www.protect-the-planet.de\\\/en\\\/#\\\/schema\\\/person\\\/2938106dc0af5691b82b52a1b3f39b0b\",\"name\":\"Markus Raschke\",\"image\":{\"@type\":\"ImageObject\",\"inLanguage\":\"en-US\",\"@id\":\"https:\\\/\\\/www.protect-the-planet.de\\\/wp-content\\\/uploads\\\/2023\\\/06\\\/cropped-Gruppe-9@2x-96x96.png\",\"url\":\"https:\\\/\\\/www.protect-the-planet.de\\\/wp-content\\\/uploads\\\/2023\\\/06\\\/cropped-Gruppe-9@2x-96x96.png\",\"contentUrl\":\"https:\\\/\\\/www.protect-the-planet.de\\\/wp-content\\\/uploads\\\/2023\\\/06\\\/cropped-Gruppe-9@2x-96x96.png\",\"caption\":\"Markus Raschke\"},\"description\":\"markus.raschke@protect-the-planet.de +49 160 930 54 965\",\"url\":\"https:\\\/\\\/www.protect-the-planet.de\\\/en\\\/author\\\/raschke\\\/\"}]}<\/script>\n<!-- \/ Yoast SEO plugin. -->","yoast_head_json":{"title":"Die Klimakonferenz in Sharm-El-Sheikh: ein Bericht","description":"Protect the Planet war auf der COP27 \u2013 der Klimakonferenz in Sharm-El-Sheikh. Ein Bericht von Markus Raschke.","robots":{"index":"index","follow":"follow","max-snippet":"max-snippet:-1","max-image-preview":"max-image-preview:large","max-video-preview":"max-video-preview:-1"},"canonical":"https:\/\/www.protect-the-planet.de\/en\/cop27\/","og_locale":"en_US","og_type":"article","og_title":"Die Klimakonferenz in Sharm-El-Sheikh: ein Bericht","og_description":"Protect the Planet war auf der COP27 \u2013 der Klimakonferenz in Sharm-El-Sheikh. Ein Bericht von Markus Raschke.","og_url":"https:\/\/www.protect-the-planet.de\/en\/cop27\/","og_site_name":"Protect the Planet","article_publisher":"https:\/\/www.facebook.com\/protecttheplanetDE\/","article_published_time":"2022-11-18T14:40:26+00:00","article_modified_time":"2025-09-05T09:19:28+00:00","og_image":[{"width":2048,"height":1152,"url":"https:\/\/www.protect-the-planet.de\/wp-content\/uploads\/2022\/11\/beitragsbild-cop27.jpg","type":"image\/jpeg"}],"author":"Markus Raschke","twitter_card":"summary_large_image","twitter_creator":"@PtP_de","twitter_site":"@PtP_de","twitter_misc":{"Written by":"Markus Raschke","Est. reading time":"8 minutes"},"schema":{"@context":"https:\/\/schema.org","@graph":[{"@type":"Article","@id":"https:\/\/www.protect-the-planet.de\/en\/cop27\/#article","isPartOf":{"@id":"https:\/\/www.protect-the-planet.de\/en\/cop27\/"},"author":{"name":"Markus Raschke","@id":"https:\/\/www.protect-the-planet.de\/en\/#\/schema\/person\/2938106dc0af5691b82b52a1b3f39b0b"},"headline":"Die Klimakonferenz in Sharm-El-Sheikh: ein Bericht","datePublished":"2022-11-18T14:40:26+00:00","dateModified":"2025-09-05T09:19:28+00:00","mainEntityOfPage":{"@id":"https:\/\/www.protect-the-planet.de\/en\/cop27\/"},"wordCount":1317,"commentCount":0,"publisher":{"@id":"https:\/\/www.protect-the-planet.de\/en\/#organization"},"image":{"@id":"https:\/\/www.protect-the-planet.de\/en\/cop27\/#primaryimage"},"thumbnailUrl":"https:\/\/www.protect-the-planet.de\/wp-content\/uploads\/2022\/11\/beitragsbild-cop27.jpg","keywords":["2022","\u00e4gypten","cop27","Energiewende","erneuerbare","fossile","Global","internationale politik","Klimakonferenz","Klimakrise","sharm-el-sheikh"],"articleSection":["News"],"inLanguage":"en-US","potentialAction":[{"@type":"CommentAction","name":"Comment","target":["https:\/\/www.protect-the-planet.de\/en\/cop27\/#respond"]}]},{"@type":"WebPage","@id":"https:\/\/www.protect-the-planet.de\/en\/cop27\/","url":"https:\/\/www.protect-the-planet.de\/en\/cop27\/","name":"Die Klimakonferenz in Sharm-El-Sheikh: ein Bericht","isPartOf":{"@id":"https:\/\/www.protect-the-planet.de\/en\/#website"},"primaryImageOfPage":{"@id":"https:\/\/www.protect-the-planet.de\/en\/cop27\/#primaryimage"},"image":{"@id":"https:\/\/www.protect-the-planet.de\/en\/cop27\/#primaryimage"},"thumbnailUrl":"https:\/\/www.protect-the-planet.de\/wp-content\/uploads\/2022\/11\/beitragsbild-cop27.jpg","datePublished":"2022-11-18T14:40:26+00:00","dateModified":"2025-09-05T09:19:28+00:00","description":"Protect the Planet war auf der COP27 \u2013 der Klimakonferenz in Sharm-El-Sheikh. Ein Bericht von Markus Raschke.","breadcrumb":{"@id":"https:\/\/www.protect-the-planet.de\/en\/cop27\/#breadcrumb"},"inLanguage":"en-US","potentialAction":[{"@type":"ReadAction","target":["https:\/\/www.protect-the-planet.de\/en\/cop27\/"]}]},{"@type":"ImageObject","inLanguage":"en-US","@id":"https:\/\/www.protect-the-planet.de\/en\/cop27\/#primaryimage","url":"https:\/\/www.protect-the-planet.de\/wp-content\/uploads\/2022\/11\/beitragsbild-cop27.jpg","contentUrl":"https:\/\/www.protect-the-planet.de\/wp-content\/uploads\/2022\/11\/beitragsbild-cop27.jpg","width":2048,"height":1152,"caption":"Beitragsbild COP 27"},{"@type":"BreadcrumbList","@id":"https:\/\/www.protect-the-planet.de\/en\/cop27\/#breadcrumb","itemListElement":[{"@type":"ListItem","position":1,"name":"Startseite","item":"https:\/\/www.protect-the-planet.de\/en\/home\/"},{"@type":"ListItem","position":2,"name":"Die Klimakonferenz in Sharm-El-Sheikh: ein Bericht"}]},{"@type":"WebSite","@id":"https:\/\/www.protect-the-planet.de\/en\/#website","url":"https:\/\/www.protect-the-planet.de\/en\/","name":"Protect the Planet","description":"If we don&#039;t change, the climate will.","publisher":{"@id":"https:\/\/www.protect-the-planet.de\/en\/#organization"},"alternateName":"Protect the Panet gGmbH","potentialAction":[{"@type":"SearchAction","target":{"@type":"EntryPoint","urlTemplate":"https:\/\/www.protect-the-planet.de\/en\/?s={search_term_string}"},"query-input":{"@type":"PropertyValueSpecification","valueRequired":true,"valueName":"search_term_string"}}],"inLanguage":"en-US"},{"@type":"Organization","@id":"https:\/\/www.protect-the-planet.de\/en\/#organization","name":"Protect the Planet","url":"https:\/\/www.protect-the-planet.de\/en\/","logo":{"@type":"ImageObject","inLanguage":"en-US","@id":"https:\/\/www.protect-the-planet.de\/en\/#\/schema\/logo\/image\/","url":"https:\/\/www.protect-the-planet.de\/wp-content\/uploads\/2023\/09\/LOGO-positiv_transparent-klein.png","contentUrl":"https:\/\/www.protect-the-planet.de\/wp-content\/uploads\/2023\/09\/LOGO-positiv_transparent-klein.png","width":123,"height":68,"caption":"Protect the Planet"},"image":{"@id":"https:\/\/www.protect-the-planet.de\/en\/#\/schema\/logo\/image\/"},"sameAs":["https:\/\/www.facebook.com\/protecttheplanetDE\/","https:\/\/x.com\/PtP_de","https:\/\/www.instagram.com\/protecttheplanetorg\/","https:\/\/www.linkedin.com\/company\/protect-the-planet","https:\/\/www.youtube.com\/@protecttheplanet"]},{"@type":"Person","@id":"https:\/\/www.protect-the-planet.de\/en\/#\/schema\/person\/2938106dc0af5691b82b52a1b3f39b0b","name":"Markus Raschke","image":{"@type":"ImageObject","inLanguage":"en-US","@id":"https:\/\/www.protect-the-planet.de\/wp-content\/uploads\/2023\/06\/cropped-Gruppe-9@2x-96x96.png","url":"https:\/\/www.protect-the-planet.de\/wp-content\/uploads\/2023\/06\/cropped-Gruppe-9@2x-96x96.png","contentUrl":"https:\/\/www.protect-the-planet.de\/wp-content\/uploads\/2023\/06\/cropped-Gruppe-9@2x-96x96.png","caption":"Markus Raschke"},"description":"markus.raschke@protect-the-planet.de +49 160 930 54 965","url":"https:\/\/www.protect-the-planet.de\/en\/author\/raschke\/"}]}},"_links":{"self":[{"href":"https:\/\/www.protect-the-planet.de\/en\/wp-json\/wp\/v2\/posts\/22952","targetHints":{"allow":["GET"]}}],"collection":[{"href":"https:\/\/www.protect-the-planet.de\/en\/wp-json\/wp\/v2\/posts"}],"about":[{"href":"https:\/\/www.protect-the-planet.de\/en\/wp-json\/wp\/v2\/types\/post"}],"author":[{"embeddable":true,"href":"https:\/\/www.protect-the-planet.de\/en\/wp-json\/wp\/v2\/users\/5"}],"replies":[{"embeddable":true,"href":"https:\/\/www.protect-the-planet.de\/en\/wp-json\/wp\/v2\/comments?post=22952"}],"version-history":[{"count":3,"href":"https:\/\/www.protect-the-planet.de\/en\/wp-json\/wp\/v2\/posts\/22952\/revisions"}],"predecessor-version":[{"id":31621,"href":"https:\/\/www.protect-the-planet.de\/en\/wp-json\/wp\/v2\/posts\/22952\/revisions\/31621"}],"wp:featuredmedia":[{"embeddable":true,"href":"https:\/\/www.protect-the-planet.de\/en\/wp-json\/wp\/v2\/media\/21863"}],"wp:attachment":[{"href":"https:\/\/www.protect-the-planet.de\/en\/wp-json\/wp\/v2\/media?parent=22952"}],"wp:term":[{"taxonomy":"category","embeddable":true,"href":"https:\/\/www.protect-the-planet.de\/en\/wp-json\/wp\/v2\/categories?post=22952"},{"taxonomy":"post_tag","embeddable":true,"href":"https:\/\/www.protect-the-planet.de\/en\/wp-json\/wp\/v2\/tags?post=22952"}],"curies":[{"name":"wp","href":"https:\/\/api.w.org\/{rel}","templated":true}]}}