{"id":22951,"date":"2022-12-15T16:12:26","date_gmt":"2022-12-15T15:12:26","guid":{"rendered":"https:\/\/www.protect-the-planet.de\/erloesabschoepfung\/"},"modified":"2024-04-10T14:54:23","modified_gmt":"2024-04-10T12:54:23","slug":"erloesabschoepfung","status":"publish","type":"post","link":"https:\/\/www.protect-the-planet.de\/en\/erloesabschoepfung\/","title":{"rendered":"\u00dcberm\u00e4\u00dfige Erl\u00f6sabsch\u00f6pfung gef\u00e4hrdet Erreichen der Klimaschutzziele!"},"content":{"rendered":"\t\t<div data-elementor-type=\"wp-post\" data-elementor-id=\"22951\" class=\"elementor elementor-22951 elementor-12502\" data-elementor-post-type=\"post\">\n\t\t\t\t<div class=\"elementor-element elementor-element-464c80f e-flex e-con-boxed e-con e-parent\" data-id=\"464c80f\" data-element_type=\"container\" data-e-type=\"container\">\n\t\t\t\t\t<div class=\"e-con-inner\">\n\t\t<div class=\"elementor-element elementor-element-44bde8e e-con-full e-flex e-con e-parent\" data-id=\"44bde8e\" data-element_type=\"container\" data-e-type=\"container\">\n\t\t\t\t<div class=\"elementor-element elementor-element-659c10c elementor-widget elementor-widget-text-editor\" data-id=\"659c10c\" data-element_type=\"widget\" data-e-type=\"widget\" data-widget_type=\"text-editor.default\">\n\t\t\t\t<div class=\"elementor-widget-container\">\n\t\t\t\t\t\t\t\t\t<img fetchpriority=\"high\" decoding=\"async\" class=\"alignnone wp-image-16940\" src=\"https:\/\/www.protect-the-planet.de\/wp-content\/uploads\/2022\/12\/img_kohleausstieg_03-300x178.jpg\" alt=\"Kohleausstieg\" width=\"624\" height=\"370\" srcset=\"https:\/\/www.protect-the-planet.de\/wp-content\/uploads\/2022\/12\/img_kohleausstieg_03-300x178.jpg 300w, https:\/\/www.protect-the-planet.de\/wp-content\/uploads\/2022\/12\/img_kohleausstieg_03-768x456.jpg 768w, https:\/\/www.protect-the-planet.de\/wp-content\/uploads\/2022\/12\/img_kohleausstieg_03.jpg 798w\" sizes=\"(max-width: 624px) 100vw, 624px\" \/>\n\nDie Bundesregierung will die Strompreisbremse teilweise durch das Absch\u00f6pfen \u00fcberm\u00e4\u00dfiger Gewinne am Strommarkt ab Dezember finanzieren, wobei die Laufzeit der Absch\u00f6pfung laut Ministerium bis 30. Juni 2023 befristet sein soll.\n\nEs geht dabei um Festlegung von Obergrenzen f\u00fcr zul\u00e4ssige Gewinne in der Stromerzeugung, g\u00fcltig f\u00fcr erneuerbare Energien, Kernenergie, Braunkohle, Strom aus der M\u00fcllverbrennung und Mineral\u00f6l. \u00dcber die Deckelung hinausgehende Gewinne w\u00fcrden zu 90 % abgesch\u00f6pft zur anteiligen Finanzierung der Strompreisbremse. Im Gegensatz zur EU setzt die Ampel-Koalition f\u00fcr die Absch\u00f6pfung je nach Energietr\u00e4ger allerdings deutlich tiefer an. <a href=\"https:\/\/www.erneuerbareenergien.de\/energiemarkt\/energierecht\/bsw-solar-erloesabschoepfung-von-betreibern-von-oekostromanlagen-ist-verfassungswidrig\">Treffen w\u00fcrde das in erster Linie den CO<sub>2<\/sub>-freien und zukunftsf\u00e4higen Windstrom<\/a>!\n\n\u00dcbergewinne bei der Stromerzeugung abzusch\u00f6pfen und damit Entlastungsma\u00dfnahmen zu finanzieren ist absolut legitim. Allerdings nicht durch die Schaffung eines unorganisierten B\u00fcrokratiemonsters, mit dem noch dazu dringend notwendige Investitionen in den Ausbau erneuerbarer Energien ausgebremst werden.\n\n\u201eDie Bundesregierung hat es vers\u00e4umt, die milliardenschweren Energiehilfen f\u00fcr die Industrie mit verbindlichen Klimaschutzma\u00dfnahmen zu verkn\u00fcpfen. Staatliche Hilfen m\u00fcssen daf\u00fcr sorgen, dass fossile Abh\u00e4ngigkeiten sinken&#8221;, <a href=\"https:\/\/www.ecoreporter.de\/artikel\/regierung-beschlie%C3%9Ft-strompreisbremse-und-absch%C3%B6pfung-f%C3%BCr-%C3%BCbergewinne\/\">erkl\u00e4rte Greenpeace-Klimaexperte Bastian Neuwirth<\/a> bei Twitter.\n\nDie Erneuerbaren Energien brauchen jetzt Geld f\u00fcr Investitionen. Die geplante Erl\u00f6sabsch\u00f6pfung bei gewerblichen Erneuerbaren-Energien-Anlagen darf sich nicht zu einer zu einer Investitionsbremse entwickeln und verhindern, dass Milliarden Euro nicht in den Klimaschutz und dringend notwendige Energiewende flie\u00dfen! Daf\u00fcr gilt es jetzt laut und klar die Stimme zu erheben!\t\t\t\t\t\t\t\t<\/div>\n\t\t\t\t<\/div>\n\t\t\t\t<\/div>\n\t\t\t\t\t<\/div>\n\t\t\t\t<\/div>\n\t\t\t\t<\/div>\n\t\t","protected":false},"excerpt":{"rendered":"<p>Die Bundesregierung will die Strompreisbremse teilweise durch das Absch\u00f6pfen \u00fcberm\u00e4\u00dfiger Gewinne am Strommarkt ab Dezember finanzieren, wobei die Laufzeit der Absch\u00f6pfung laut Ministerium bis 30. Juni 2023 befristet sein soll.<\/p>\n","protected":false},"author":3,"featured_media":21862,"comment_status":"open","ping_status":"open","sticky":false,"template":"","format":"standard","meta":{"footnotes":""},"categories":[729],"tags":[],"class_list":["post-22951","post","type-post","status-publish","format-standard","has-post-thumbnail","hentry","category-news"],"yoast_head":"<!-- This site is optimized with the Yoast SEO plugin v27.5 - https:\/\/yoast.com\/product\/yoast-seo-wordpress\/ -->\n<title>\u00dcberm\u00e4\u00dfige Erl\u00f6sabsch\u00f6pfung gef\u00e4hrdet Erreichen der Klimaschutzziele! - Protect the Planet<\/title>\n<meta name=\"robots\" content=\"index, follow, max-snippet:-1, max-image-preview:large, max-video-preview:-1\" \/>\n<link rel=\"canonical\" href=\"https:\/\/www.protect-the-planet.de\/en\/erloesabschoepfung\/\" \/>\n<meta property=\"og:locale\" content=\"en_US\" \/>\n<meta property=\"og:type\" content=\"article\" \/>\n<meta property=\"og:title\" content=\"\u00dcberm\u00e4\u00dfige Erl\u00f6sabsch\u00f6pfung gef\u00e4hrdet Erreichen der Klimaschutzziele! - Protect the Planet\" \/>\n<meta property=\"og:description\" content=\"Die Bundesregierung will die Strompreisbremse teilweise durch das Absch\u00f6pfen \u00fcberm\u00e4\u00dfiger Gewinne am Strommarkt ab Dezember finanzieren, wobei die Laufzeit der Absch\u00f6pfung laut Ministerium bis 30. Juni 2023 befristet sein soll.\" \/>\n<meta property=\"og:url\" content=\"https:\/\/www.protect-the-planet.de\/en\/erloesabschoepfung\/\" \/>\n<meta property=\"og:site_name\" content=\"Protect the Planet\" \/>\n<meta property=\"article:publisher\" content=\"https:\/\/www.facebook.com\/protecttheplanetDE\/\" \/>\n<meta property=\"article:published_time\" content=\"2022-12-15T15:12:26+00:00\" \/>\n<meta property=\"article:modified_time\" content=\"2024-04-10T12:54:23+00:00\" \/>\n<meta property=\"og:image\" content=\"https:\/\/www.protect-the-planet.de\/wp-content\/uploads\/2022\/12\/raus-aus-der-Steinkohle-2.png\" \/>\n\t<meta property=\"og:image:width\" content=\"800\" \/>\n\t<meta property=\"og:image:height\" content=\"500\" \/>\n\t<meta property=\"og:image:type\" content=\"image\/png\" \/>\n<meta name=\"author\" content=\"Fenja Jacobs\" \/>\n<meta name=\"twitter:card\" content=\"summary_large_image\" \/>\n<meta name=\"twitter:creator\" content=\"@PtP_de\" \/>\n<meta name=\"twitter:site\" content=\"@PtP_de\" \/>\n<meta name=\"twitter:label1\" content=\"Written by\" \/>\n\t<meta name=\"twitter:data1\" content=\"Fenja Jacobs\" \/>\n\t<meta name=\"twitter:label2\" content=\"Est. reading time\" \/>\n\t<meta name=\"twitter:data2\" content=\"2 minutes\" \/>\n<script type=\"application\/ld+json\" class=\"yoast-schema-graph\">{\"@context\":\"https:\\\/\\\/schema.org\",\"@graph\":[{\"@type\":\"Article\",\"@id\":\"https:\\\/\\\/www.protect-the-planet.de\\\/en\\\/erloesabschoepfung\\\/#article\",\"isPartOf\":{\"@id\":\"https:\\\/\\\/www.protect-the-planet.de\\\/en\\\/erloesabschoepfung\\\/\"},\"author\":{\"name\":\"Fenja Jacobs\",\"@id\":\"https:\\\/\\\/www.protect-the-planet.de\\\/en\\\/#\\\/schema\\\/person\\\/c843c153d0dd33ec584996931e438bce\"},\"headline\":\"\u00dcberm\u00e4\u00dfige Erl\u00f6sabsch\u00f6pfung gef\u00e4hrdet Erreichen der Klimaschutzziele!\",\"datePublished\":\"2022-12-15T15:12:26+00:00\",\"dateModified\":\"2024-04-10T12:54:23+00:00\",\"mainEntityOfPage\":{\"@id\":\"https:\\\/\\\/www.protect-the-planet.de\\\/en\\\/erloesabschoepfung\\\/\"},\"wordCount\":251,\"commentCount\":0,\"publisher\":{\"@id\":\"https:\\\/\\\/www.protect-the-planet.de\\\/en\\\/#organization\"},\"image\":{\"@id\":\"https:\\\/\\\/www.protect-the-planet.de\\\/en\\\/erloesabschoepfung\\\/#primaryimage\"},\"thumbnailUrl\":\"https:\\\/\\\/www.protect-the-planet.de\\\/wp-content\\\/uploads\\\/2022\\\/12\\\/raus-aus-der-Steinkohle-2.png\",\"articleSection\":[\"News\"],\"inLanguage\":\"en-US\",\"potentialAction\":[{\"@type\":\"CommentAction\",\"name\":\"Comment\",\"target\":[\"https:\\\/\\\/www.protect-the-planet.de\\\/en\\\/erloesabschoepfung\\\/#respond\"]}]},{\"@type\":\"WebPage\",\"@id\":\"https:\\\/\\\/www.protect-the-planet.de\\\/en\\\/erloesabschoepfung\\\/\",\"url\":\"https:\\\/\\\/www.protect-the-planet.de\\\/en\\\/erloesabschoepfung\\\/\",\"name\":\"\u00dcberm\u00e4\u00dfige Erl\u00f6sabsch\u00f6pfung gef\u00e4hrdet Erreichen der Klimaschutzziele! - Protect the Planet\",\"isPartOf\":{\"@id\":\"https:\\\/\\\/www.protect-the-planet.de\\\/en\\\/#website\"},\"primaryImageOfPage\":{\"@id\":\"https:\\\/\\\/www.protect-the-planet.de\\\/en\\\/erloesabschoepfung\\\/#primaryimage\"},\"image\":{\"@id\":\"https:\\\/\\\/www.protect-the-planet.de\\\/en\\\/erloesabschoepfung\\\/#primaryimage\"},\"thumbnailUrl\":\"https:\\\/\\\/www.protect-the-planet.de\\\/wp-content\\\/uploads\\\/2022\\\/12\\\/raus-aus-der-Steinkohle-2.png\",\"datePublished\":\"2022-12-15T15:12:26+00:00\",\"dateModified\":\"2024-04-10T12:54:23+00:00\",\"breadcrumb\":{\"@id\":\"https:\\\/\\\/www.protect-the-planet.de\\\/en\\\/erloesabschoepfung\\\/#breadcrumb\"},\"inLanguage\":\"en-US\",\"potentialAction\":[{\"@type\":\"ReadAction\",\"target\":[\"https:\\\/\\\/www.protect-the-planet.de\\\/en\\\/erloesabschoepfung\\\/\"]}]},{\"@type\":\"ImageObject\",\"inLanguage\":\"en-US\",\"@id\":\"https:\\\/\\\/www.protect-the-planet.de\\\/en\\\/erloesabschoepfung\\\/#primaryimage\",\"url\":\"https:\\\/\\\/www.protect-the-planet.de\\\/wp-content\\\/uploads\\\/2022\\\/12\\\/raus-aus-der-Steinkohle-2.png\",\"contentUrl\":\"https:\\\/\\\/www.protect-the-planet.de\\\/wp-content\\\/uploads\\\/2022\\\/12\\\/raus-aus-der-Steinkohle-2.png\",\"width\":800,\"height\":500,\"caption\":\"Beitragsbild Raus aus der Steinkohle\"},{\"@type\":\"BreadcrumbList\",\"@id\":\"https:\\\/\\\/www.protect-the-planet.de\\\/en\\\/erloesabschoepfung\\\/#breadcrumb\",\"itemListElement\":[{\"@type\":\"ListItem\",\"position\":1,\"name\":\"Startseite\",\"item\":\"https:\\\/\\\/www.protect-the-planet.de\\\/en\\\/home\\\/\"},{\"@type\":\"ListItem\",\"position\":2,\"name\":\"\u00dcberm\u00e4\u00dfige Erl\u00f6sabsch\u00f6pfung gef\u00e4hrdet Erreichen der Klimaschutzziele!\"}]},{\"@type\":\"WebSite\",\"@id\":\"https:\\\/\\\/www.protect-the-planet.de\\\/en\\\/#website\",\"url\":\"https:\\\/\\\/www.protect-the-planet.de\\\/en\\\/\",\"name\":\"Protect the Planet\",\"description\":\"If we don&#039;t change, the climate will.\",\"publisher\":{\"@id\":\"https:\\\/\\\/www.protect-the-planet.de\\\/en\\\/#organization\"},\"alternateName\":\"Protect the Panet gGmbH\",\"potentialAction\":[{\"@type\":\"SearchAction\",\"target\":{\"@type\":\"EntryPoint\",\"urlTemplate\":\"https:\\\/\\\/www.protect-the-planet.de\\\/en\\\/?s={search_term_string}\"},\"query-input\":{\"@type\":\"PropertyValueSpecification\",\"valueRequired\":true,\"valueName\":\"search_term_string\"}}],\"inLanguage\":\"en-US\"},{\"@type\":\"Organization\",\"@id\":\"https:\\\/\\\/www.protect-the-planet.de\\\/en\\\/#organization\",\"name\":\"Protect the Planet\",\"url\":\"https:\\\/\\\/www.protect-the-planet.de\\\/en\\\/\",\"logo\":{\"@type\":\"ImageObject\",\"inLanguage\":\"en-US\",\"@id\":\"https:\\\/\\\/www.protect-the-planet.de\\\/en\\\/#\\\/schema\\\/logo\\\/image\\\/\",\"url\":\"https:\\\/\\\/www.protect-the-planet.de\\\/wp-content\\\/uploads\\\/2023\\\/09\\\/LOGO-positiv_transparent-klein.png\",\"contentUrl\":\"https:\\\/\\\/www.protect-the-planet.de\\\/wp-content\\\/uploads\\\/2023\\\/09\\\/LOGO-positiv_transparent-klein.png\",\"width\":123,\"height\":68,\"caption\":\"Protect the Planet\"},\"image\":{\"@id\":\"https:\\\/\\\/www.protect-the-planet.de\\\/en\\\/#\\\/schema\\\/logo\\\/image\\\/\"},\"sameAs\":[\"https:\\\/\\\/www.facebook.com\\\/protecttheplanetDE\\\/\",\"https:\\\/\\\/x.com\\\/PtP_de\",\"https:\\\/\\\/www.instagram.com\\\/protecttheplanetorg\\\/\",\"https:\\\/\\\/www.linkedin.com\\\/company\\\/protect-the-planet\",\"https:\\\/\\\/www.youtube.com\\\/@protecttheplanet\"]},{\"@type\":\"Person\",\"@id\":\"https:\\\/\\\/www.protect-the-planet.de\\\/en\\\/#\\\/schema\\\/person\\\/c843c153d0dd33ec584996931e438bce\",\"name\":\"Fenja Jacobs\",\"image\":{\"@type\":\"ImageObject\",\"inLanguage\":\"en-US\",\"@id\":\"https:\\\/\\\/secure.gravatar.com\\\/avatar\\\/1319de9aaea70b6c6ed807392ef95d6582ceaf98cca9de0a0022ba8e0d3a7fc3?s=96&d=mm&r=g\",\"url\":\"https:\\\/\\\/secure.gravatar.com\\\/avatar\\\/1319de9aaea70b6c6ed807392ef95d6582ceaf98cca9de0a0022ba8e0d3a7fc3?s=96&d=mm&r=g\",\"contentUrl\":\"https:\\\/\\\/secure.gravatar.com\\\/avatar\\\/1319de9aaea70b6c6ed807392ef95d6582ceaf98cca9de0a0022ba8e0d3a7fc3?s=96&d=mm&r=g\",\"caption\":\"Fenja Jacobs\"},\"url\":\"https:\\\/\\\/www.protect-the-planet.de\\\/en\\\/author\\\/fenja-jacobs\\\/\"}]}<\/script>\n<!-- \/ Yoast SEO plugin. -->","yoast_head_json":{"title":"\u00dcberm\u00e4\u00dfige Erl\u00f6sabsch\u00f6pfung gef\u00e4hrdet Erreichen der Klimaschutzziele! - Protect the Planet","robots":{"index":"index","follow":"follow","max-snippet":"max-snippet:-1","max-image-preview":"max-image-preview:large","max-video-preview":"max-video-preview:-1"},"canonical":"https:\/\/www.protect-the-planet.de\/en\/erloesabschoepfung\/","og_locale":"en_US","og_type":"article","og_title":"\u00dcberm\u00e4\u00dfige Erl\u00f6sabsch\u00f6pfung gef\u00e4hrdet Erreichen der Klimaschutzziele! - Protect the Planet","og_description":"Die Bundesregierung will die Strompreisbremse teilweise durch das Absch\u00f6pfen \u00fcberm\u00e4\u00dfiger Gewinne am Strommarkt ab Dezember finanzieren, wobei die Laufzeit der Absch\u00f6pfung laut Ministerium bis 30. Juni 2023 befristet sein soll.","og_url":"https:\/\/www.protect-the-planet.de\/en\/erloesabschoepfung\/","og_site_name":"Protect the Planet","article_publisher":"https:\/\/www.facebook.com\/protecttheplanetDE\/","article_published_time":"2022-12-15T15:12:26+00:00","article_modified_time":"2024-04-10T12:54:23+00:00","og_image":[{"width":800,"height":500,"url":"https:\/\/www.protect-the-planet.de\/wp-content\/uploads\/2022\/12\/raus-aus-der-Steinkohle-2.png","type":"image\/png"}],"author":"Fenja Jacobs","twitter_card":"summary_large_image","twitter_creator":"@PtP_de","twitter_site":"@PtP_de","twitter_misc":{"Written by":"Fenja Jacobs","Est. reading time":"2 minutes"},"schema":{"@context":"https:\/\/schema.org","@graph":[{"@type":"Article","@id":"https:\/\/www.protect-the-planet.de\/en\/erloesabschoepfung\/#article","isPartOf":{"@id":"https:\/\/www.protect-the-planet.de\/en\/erloesabschoepfung\/"},"author":{"name":"Fenja Jacobs","@id":"https:\/\/www.protect-the-planet.de\/en\/#\/schema\/person\/c843c153d0dd33ec584996931e438bce"},"headline":"\u00dcberm\u00e4\u00dfige Erl\u00f6sabsch\u00f6pfung gef\u00e4hrdet Erreichen der Klimaschutzziele!","datePublished":"2022-12-15T15:12:26+00:00","dateModified":"2024-04-10T12:54:23+00:00","mainEntityOfPage":{"@id":"https:\/\/www.protect-the-planet.de\/en\/erloesabschoepfung\/"},"wordCount":251,"commentCount":0,"publisher":{"@id":"https:\/\/www.protect-the-planet.de\/en\/#organization"},"image":{"@id":"https:\/\/www.protect-the-planet.de\/en\/erloesabschoepfung\/#primaryimage"},"thumbnailUrl":"https:\/\/www.protect-the-planet.de\/wp-content\/uploads\/2022\/12\/raus-aus-der-Steinkohle-2.png","articleSection":["News"],"inLanguage":"en-US","potentialAction":[{"@type":"CommentAction","name":"Comment","target":["https:\/\/www.protect-the-planet.de\/en\/erloesabschoepfung\/#respond"]}]},{"@type":"WebPage","@id":"https:\/\/www.protect-the-planet.de\/en\/erloesabschoepfung\/","url":"https:\/\/www.protect-the-planet.de\/en\/erloesabschoepfung\/","name":"\u00dcberm\u00e4\u00dfige Erl\u00f6sabsch\u00f6pfung gef\u00e4hrdet Erreichen der Klimaschutzziele! - Protect the Planet","isPartOf":{"@id":"https:\/\/www.protect-the-planet.de\/en\/#website"},"primaryImageOfPage":{"@id":"https:\/\/www.protect-the-planet.de\/en\/erloesabschoepfung\/#primaryimage"},"image":{"@id":"https:\/\/www.protect-the-planet.de\/en\/erloesabschoepfung\/#primaryimage"},"thumbnailUrl":"https:\/\/www.protect-the-planet.de\/wp-content\/uploads\/2022\/12\/raus-aus-der-Steinkohle-2.png","datePublished":"2022-12-15T15:12:26+00:00","dateModified":"2024-04-10T12:54:23+00:00","breadcrumb":{"@id":"https:\/\/www.protect-the-planet.de\/en\/erloesabschoepfung\/#breadcrumb"},"inLanguage":"en-US","potentialAction":[{"@type":"ReadAction","target":["https:\/\/www.protect-the-planet.de\/en\/erloesabschoepfung\/"]}]},{"@type":"ImageObject","inLanguage":"en-US","@id":"https:\/\/www.protect-the-planet.de\/en\/erloesabschoepfung\/#primaryimage","url":"https:\/\/www.protect-the-planet.de\/wp-content\/uploads\/2022\/12\/raus-aus-der-Steinkohle-2.png","contentUrl":"https:\/\/www.protect-the-planet.de\/wp-content\/uploads\/2022\/12\/raus-aus-der-Steinkohle-2.png","width":800,"height":500,"caption":"Beitragsbild Raus aus der Steinkohle"},{"@type":"BreadcrumbList","@id":"https:\/\/www.protect-the-planet.de\/en\/erloesabschoepfung\/#breadcrumb","itemListElement":[{"@type":"ListItem","position":1,"name":"Startseite","item":"https:\/\/www.protect-the-planet.de\/en\/home\/"},{"@type":"ListItem","position":2,"name":"\u00dcberm\u00e4\u00dfige Erl\u00f6sabsch\u00f6pfung gef\u00e4hrdet Erreichen der Klimaschutzziele!"}]},{"@type":"WebSite","@id":"https:\/\/www.protect-the-planet.de\/en\/#website","url":"https:\/\/www.protect-the-planet.de\/en\/","name":"Protect the Planet","description":"If we don&#039;t change, the climate will.","publisher":{"@id":"https:\/\/www.protect-the-planet.de\/en\/#organization"},"alternateName":"Protect the Panet gGmbH","potentialAction":[{"@type":"SearchAction","target":{"@type":"EntryPoint","urlTemplate":"https:\/\/www.protect-the-planet.de\/en\/?s={search_term_string}"},"query-input":{"@type":"PropertyValueSpecification","valueRequired":true,"valueName":"search_term_string"}}],"inLanguage":"en-US"},{"@type":"Organization","@id":"https:\/\/www.protect-the-planet.de\/en\/#organization","name":"Protect the Planet","url":"https:\/\/www.protect-the-planet.de\/en\/","logo":{"@type":"ImageObject","inLanguage":"en-US","@id":"https:\/\/www.protect-the-planet.de\/en\/#\/schema\/logo\/image\/","url":"https:\/\/www.protect-the-planet.de\/wp-content\/uploads\/2023\/09\/LOGO-positiv_transparent-klein.png","contentUrl":"https:\/\/www.protect-the-planet.de\/wp-content\/uploads\/2023\/09\/LOGO-positiv_transparent-klein.png","width":123,"height":68,"caption":"Protect the Planet"},"image":{"@id":"https:\/\/www.protect-the-planet.de\/en\/#\/schema\/logo\/image\/"},"sameAs":["https:\/\/www.facebook.com\/protecttheplanetDE\/","https:\/\/x.com\/PtP_de","https:\/\/www.instagram.com\/protecttheplanetorg\/","https:\/\/www.linkedin.com\/company\/protect-the-planet","https:\/\/www.youtube.com\/@protecttheplanet"]},{"@type":"Person","@id":"https:\/\/www.protect-the-planet.de\/en\/#\/schema\/person\/c843c153d0dd33ec584996931e438bce","name":"Fenja Jacobs","image":{"@type":"ImageObject","inLanguage":"en-US","@id":"https:\/\/secure.gravatar.com\/avatar\/1319de9aaea70b6c6ed807392ef95d6582ceaf98cca9de0a0022ba8e0d3a7fc3?s=96&d=mm&r=g","url":"https:\/\/secure.gravatar.com\/avatar\/1319de9aaea70b6c6ed807392ef95d6582ceaf98cca9de0a0022ba8e0d3a7fc3?s=96&d=mm&r=g","contentUrl":"https:\/\/secure.gravatar.com\/avatar\/1319de9aaea70b6c6ed807392ef95d6582ceaf98cca9de0a0022ba8e0d3a7fc3?s=96&d=mm&r=g","caption":"Fenja Jacobs"},"url":"https:\/\/www.protect-the-planet.de\/en\/author\/fenja-jacobs\/"}]}},"_links":{"self":[{"href":"https:\/\/www.protect-the-planet.de\/en\/wp-json\/wp\/v2\/posts\/22951","targetHints":{"allow":["GET"]}}],"collection":[{"href":"https:\/\/www.protect-the-planet.de\/en\/wp-json\/wp\/v2\/posts"}],"about":[{"href":"https:\/\/www.protect-the-planet.de\/en\/wp-json\/wp\/v2\/types\/post"}],"author":[{"embeddable":true,"href":"https:\/\/www.protect-the-planet.de\/en\/wp-json\/wp\/v2\/users\/3"}],"replies":[{"embeddable":true,"href":"https:\/\/www.protect-the-planet.de\/en\/wp-json\/wp\/v2\/comments?post=22951"}],"version-history":[{"count":0,"href":"https:\/\/www.protect-the-planet.de\/en\/wp-json\/wp\/v2\/posts\/22951\/revisions"}],"wp:featuredmedia":[{"embeddable":true,"href":"https:\/\/www.protect-the-planet.de\/en\/wp-json\/wp\/v2\/media\/21862"}],"wp:attachment":[{"href":"https:\/\/www.protect-the-planet.de\/en\/wp-json\/wp\/v2\/media?parent=22951"}],"wp:term":[{"taxonomy":"category","embeddable":true,"href":"https:\/\/www.protect-the-planet.de\/en\/wp-json\/wp\/v2\/categories?post=22951"},{"taxonomy":"post_tag","embeddable":true,"href":"https:\/\/www.protect-the-planet.de\/en\/wp-json\/wp\/v2\/tags?post=22951"}],"curies":[{"name":"wp","href":"https:\/\/api.w.org\/{rel}","templated":true}]}}