{"id":22949,"date":"2022-12-19T17:07:31","date_gmt":"2022-12-19T16:07:31","guid":{"rendered":"https:\/\/www.protect-the-planet.de\/vandana-shiva-muenchen\/"},"modified":"2024-04-10T14:43:18","modified_gmt":"2024-04-10T12:43:18","slug":"vandana-shiva-muenchen","status":"publish","type":"post","link":"https:\/\/www.protect-the-planet.de\/en\/vandana-shiva-muenchen\/","title":{"rendered":"Vandana Shiva zu Gast in M\u00fcnchen: eine inspirierende Begegnung"},"content":{"rendered":"\t\t<div data-elementor-type=\"wp-post\" data-elementor-id=\"22949\" class=\"elementor elementor-22949 elementor-12501\" data-elementor-post-type=\"post\">\n\t\t\t\t<div class=\"elementor-element elementor-element-070e8ee e-flex e-con-boxed e-con e-parent\" data-id=\"070e8ee\" data-element_type=\"container\" data-e-type=\"container\">\n\t\t\t\t\t<div class=\"e-con-inner\">\n\t\t<div class=\"elementor-element elementor-element-95021ae e-con-full e-flex e-con e-parent\" data-id=\"95021ae\" data-element_type=\"container\" data-e-type=\"container\">\n\t\t\t\t<div class=\"elementor-element elementor-element-ef7276f elementor-widget elementor-widget-text-editor\" data-id=\"ef7276f\" data-element_type=\"widget\" data-e-type=\"widget\" data-widget_type=\"text-editor.default\">\n\t\t\t\t<div class=\"elementor-widget-container\">\n\t\t\t\t\t\t\t\t\t<p>Am 26. November war die Aktivistin und Tr\u00e4gerin des alternativen Nobelpreises Vandana Shiva zu Gast bei uns in M\u00fcnchen! Wir von Protect the Planet waren Co-Gastgeber der Premiere des preisgekr\u00f6nten Films &#8220;Vandana Shiva \u2013 Ein Leben f\u00fcr die Erde&#8221; im Filmtheater Sendlinger Tor, auf der auch Vandana Shiva und Regisseurin Camila Becket sprachen und mit dem Publikum diskutierten. Der Film zeigt eindr\u00fccklich verschiedene Stationen des Lebens dieser beeindruckenden Pers\u00f6nlichkeit.\u00a0Im Vorfeld der Filmpremiere veranstalteten wir ein &#8220;Tea-Time-Event&#8221; in famili\u00e4rer Atmosph\u00e4re mit Keynotes von Dorothea Sick-Thies, Vandana Shiva und Dr. Martin K\u00f6ppel. Vandana Shiva inspirierte die Zuh\u00f6renden mit ihrer klaren Haltung und ihrer unersch\u00fctterlichen Hoffnung f\u00fcr die Zukunft. Nach der fossilen \u00c4ra sei es jetzt Zeit f\u00fcr die \u00c4ra des Bodens!<\/p><figure id=\"attachment_16915\" aria-describedby=\"caption-attachment-16915\" style=\"width: 612px\" class=\"wp-caption alignnone\"><img fetchpriority=\"high\" decoding=\"async\" class=\" wp-image-16915\" src=\"https:\/\/www.protect-the-planet.de\/wp-content\/uploads\/2023\/07\/foto_ptp_vandana_shiva-300x196.jpg\" alt=\"v.l.n.r.: Carl-A. Fechner (Filmemacher &amp; Gr\u00fcnder von Protect the Planet), Vandana Shiva, Dorothea Sick-Thies (Gr\u00fcnderin von Protect the Planet) &amp; Dr. Martin K\u00f6ppel (Gesch\u00e4ftsf\u00fchrer von Protect the Planet)\" width=\"612\" height=\"400\" srcset=\"https:\/\/www.protect-the-planet.de\/wp-content\/uploads\/2023\/07\/foto_ptp_vandana_shiva-300x196.jpg 300w, https:\/\/www.protect-the-planet.de\/wp-content\/uploads\/2023\/07\/foto_ptp_vandana_shiva-1024x670.jpg 1024w, https:\/\/www.protect-the-planet.de\/wp-content\/uploads\/2023\/07\/foto_ptp_vandana_shiva-768x503.jpg 768w, https:\/\/www.protect-the-planet.de\/wp-content\/uploads\/2023\/07\/foto_ptp_vandana_shiva-1320x864.jpg 1320w, https:\/\/www.protect-the-planet.de\/wp-content\/uploads\/2023\/07\/foto_ptp_vandana_shiva.jpg 1429w\" sizes=\"(max-width: 612px) 100vw, 612px\" \/><figcaption id=\"caption-attachment-16915\" class=\"wp-caption-text\"><em>v.l.n.r.: Carl-A. Fechner (Filmemacher &amp; Gr\u00fcnder von Protect the Planet), Vandana Shiva, Dorothea Sick-Thies (Gr\u00fcnderin von Protect the Planet) &amp; Dr. Martin K\u00f6ppel (Gesch\u00e4ftsf\u00fchrer von Protect the Planet)<\/em><\/figcaption><\/figure><p>Vandana Shiva ist eine beeindruckende Frau. Die studierte Physikerin wandte sich schon fr\u00fch dem Aktivismus zu. In den 70er-Jahren engagierte sie sich in der Chipko-Bewegung \u2013 eine mehrheitlich von l\u00e4ndlichen Frauen getragene Bewegung gegen die Abholzung von W\u00e4ldern im indischen Uttarakhand. Die Aktivist*innen umarmten B\u00e4ume oder ketteten sich an diese an, um zu verhindern, dass die W\u00e4lder zerst\u00f6rt werden. Bilder der b\u00e4umeumarmenden Frauen gingen um die Welt. Vandana Shiva pr\u00e4gte \u00f6kofeministische Theorie und Bewegungen mit ihren Ausf\u00fchrungen zum Zusammenhang zwischen Patriarchat und Umweltzerst\u00f6rung. Dar\u00fcber hinaus setzt sie sich gegen Gentechnik ein und f\u00fcr die Vielfalt von Saatgut. Sie kritisiert die Konzentration von Macht in den H\u00e4nden einiger weniger Menschen, das kapitalistische Wirtschaftssystem und die Ungleichbehandlung der Geschlechter. Die weltbekannte Aktivistin ist nicht wegzudenken aus der globalen Klima- und Umwelt-Bewegung. Bei allen wichtigen Protesten, alternativen G7-Gipfeln und Klimakongressen steht sie auf der B\u00fchne oder in vorderster Reihe und motiviert mit ihren klaren Worten und ihrer optimistischen Art, sich f\u00fcr ein gutes Leben f\u00fcr alle einzusetzen. Aufgeben ist f\u00fcr sie keine Option, denn wir h\u00e4tten ihrzufolge geradezu eine Verantwortung, weiter hoffnungsvoll zu bleiben. &#8220;Who are we to give up?&#8221;<\/p><p>Im November feierte Vandana Shiva ihren 70. Geburtstag. Zu diesem Anlass erschien ihre Autobiographie \u201e<a href=\"https:\/\/vandana-shiva.de\/buecher\/terra-viva\/\">Terra viva<\/a>\u201c sowie der Film \u201e<a href=\"https:\/\/www.youtube.com\/watch?v=ytCkADpfaNs\">Vandana &#8211; Shiva \u2013 mein Leben f\u00fcr die Erde<\/a>\u201c. Zur Filmpremiere reiste sie auch nach M\u00fcnchen.<\/p><figure id=\"attachment_16921\" aria-describedby=\"caption-attachment-16921\" style=\"width: 611px\" class=\"wp-caption alignnone\"><img decoding=\"async\" class=\" wp-image-16921\" src=\"https:\/\/www.protect-the-planet.de\/wp-content\/uploads\/2023\/07\/vandana_shiva_credit_kartikey_shiva-300x200.jpg\" alt=\"Vandana Shiva\" width=\"611\" height=\"407\" srcset=\"https:\/\/www.protect-the-planet.de\/wp-content\/uploads\/2023\/07\/vandana_shiva_credit_kartikey_shiva-300x200.jpg 300w, https:\/\/www.protect-the-planet.de\/wp-content\/uploads\/2023\/07\/vandana_shiva_credit_kartikey_shiva-768x512.jpg 768w, https:\/\/www.protect-the-planet.de\/wp-content\/uploads\/2023\/07\/vandana_shiva_credit_kartikey_shiva.jpg 1024w\" sizes=\"(max-width: 611px) 100vw, 611px\" \/><figcaption id=\"caption-attachment-16921\" class=\"wp-caption-text\"><em>Foto: Kartikey Shiva<\/em><\/figcaption><\/figure><p>Im Vorfeld der Filmpremiere im Filmtheater Sendlinger Tor luden wir von Protect the Planet zu einer &#8220;Tea-Time&#8221; mit Vandana Shiva in famili\u00e4rer Atmosph\u00e4re ein. Dorothea Sick-Thies begr\u00fc\u00dfte Vandana Shiva und erz\u00e4hlte in ihrer Begr\u00fc\u00dfungsrede von ihrem eigenen Hintergrund und dem Engagement ihres Vaters gegen die Klimakrise, der sie sehr pr\u00e4gte und sie heute antreibt, sich selbst f\u00fcr einen lebenswerten Planeten einzusetzen.<\/p><p>Vandana Shiva fasste daraufhin den Zustand der Welt in ihren eigenen klaren Worten zusammen. Sie benannte die Probleme mit einer sehr klaren Haltung und strahlte dabei eine gro\u00dfe Gelassenheit und Hoffnung f\u00fcr die Zukunft aus. Sie pl\u00e4dierte f\u00fcr ein Ende der fossilen \u00c4ra, welche unseren Verstand und unser Herz versteinert h\u00e4tte. Nun sei es Zeit f\u00fcr die \u00c4ra des Bodens: &#8220;The era of oil has fossilized our mindes and hearts. We need the era of soil!&#8221;<\/p><p><img decoding=\"async\" class=\"alignnone  wp-image-16929\" src=\"https:\/\/www.protect-the-planet.de\/wp-content\/uploads\/2023\/07\/vandana_shiva_1536x1152-300x225.png\" alt=\"Vandana Shiva in einer Gespr\u00e4chsrunde\" width=\"617\" height=\"463\" srcset=\"https:\/\/www.protect-the-planet.de\/wp-content\/uploads\/2023\/07\/vandana_shiva_1536x1152-300x225.png 300w, https:\/\/www.protect-the-planet.de\/wp-content\/uploads\/2023\/07\/vandana_shiva_1536x1152-1024x768.png 1024w, https:\/\/www.protect-the-planet.de\/wp-content\/uploads\/2023\/07\/vandana_shiva_1536x1152-768x576.png 768w, https:\/\/www.protect-the-planet.de\/wp-content\/uploads\/2023\/07\/vandana_shiva_1536x1152-1320x990.png 1320w, https:\/\/www.protect-the-planet.de\/wp-content\/uploads\/2023\/07\/vandana_shiva_1536x1152.png 1536w\" sizes=\"(max-width: 617px) 100vw, 617px\" \/><\/p><p>Dr. Martin K\u00f6ppel, Gesch\u00e4ftsf\u00fchrer von Protect the Planet, berichtete den Anwesenden \u00fcber die Erfahrungen, die er und Markus Raschke auf der Klimakonferenz in \u00c4gypten gemacht haben. \u00dcber die schlechte Lage der Menschenrechte vor Ort, absurde Auflagen f\u00fcr Aktivist*innen und alles andere als einen klimafreundliche Konferenzort. Aber auch \u00fcber die wichtige Vernetzung der globalen Klimabewegung und positiven Entwicklungen und Initiativen.<\/p><p>Im Anschluss konnten die G\u00e4ste Fragen stellen und diskutierten dar\u00fcber, wie wir hin zu einem lebenswerten Planeten kommen. Die anwesenden G\u00e4ste sangen sogar nachtr\u00e4glich zum 70. Geburtstag spontan ein St\u00e4ndchen f\u00fcr Vandana Shiva.<\/p><p><img loading=\"lazy\" decoding=\"async\" class=\"alignnone  wp-image-16930\" src=\"https:\/\/www.protect-the-planet.de\/wp-content\/uploads\/2023\/07\/gespraechsrunde_1536x1024-300x200.jpg\" alt=\"Gespr\u00e4chsrunde\" width=\"617\" height=\"411\" srcset=\"https:\/\/www.protect-the-planet.de\/wp-content\/uploads\/2023\/07\/gespraechsrunde_1536x1024-300x200.jpg 300w, https:\/\/www.protect-the-planet.de\/wp-content\/uploads\/2023\/07\/gespraechsrunde_1536x1024-1024x683.jpg 1024w, https:\/\/www.protect-the-planet.de\/wp-content\/uploads\/2023\/07\/gespraechsrunde_1536x1024-768x512.jpg 768w, https:\/\/www.protect-the-planet.de\/wp-content\/uploads\/2023\/07\/gespraechsrunde_1536x1024-1320x880.jpg 1320w, https:\/\/www.protect-the-planet.de\/wp-content\/uploads\/2023\/07\/gespraechsrunde_1536x1024.jpg 1536w\" sizes=\"(max-width: 617px) 100vw, 617px\" \/><\/p><p>Am Abend ging es weiter im Filmtheater Sendlinger Tor. Im gut gef\u00fcllten Kinosaal wurde nach einer kurzen Begr\u00fc\u00dfung von Protect the Planet-Gr\u00fcnderin Dorothea Sick-Thies zum ersten Mal in M\u00fcnchen der Film &#8220;Vandana Shiva \u2013 mein Leben f\u00fcr die Erde&#8221; gezeigt. Der preisgekr\u00f6nte Film beleuchtet die verschiedenen Stationen in Vandana Shivas Leben und ihr Leben f\u00fcr den Einsatz f\u00fcr eine bessere Welt. Es gab standing ovations.<\/p><figure id=\"attachment_16931\" aria-describedby=\"caption-attachment-16931\" style=\"width: 619px\" class=\"wp-caption alignnone\"><img loading=\"lazy\" decoding=\"async\" class=\" wp-image-16931\" src=\"https:\/\/www.protect-the-planet.de\/wp-content\/uploads\/2023\/07\/dorothea_sick-thies_im_filmtheater_sendlinger_tor_1536x1152-300x225.png\" alt=\"Dorothea Sick-Thies begr\u00fc\u00dft das Publikum im Filmtheater Sendlinger Tor vor der Filmpremiere des Films \u201eVandana Shiva \u2013 mein Leben f\u00fcr die Erde\u201c\" width=\"619\" height=\"464\" srcset=\"https:\/\/www.protect-the-planet.de\/wp-content\/uploads\/2023\/07\/dorothea_sick-thies_im_filmtheater_sendlinger_tor_1536x1152-300x225.png 300w, https:\/\/www.protect-the-planet.de\/wp-content\/uploads\/2023\/07\/dorothea_sick-thies_im_filmtheater_sendlinger_tor_1536x1152-1024x768.png 1024w, https:\/\/www.protect-the-planet.de\/wp-content\/uploads\/2023\/07\/dorothea_sick-thies_im_filmtheater_sendlinger_tor_1536x1152-768x576.png 768w, https:\/\/www.protect-the-planet.de\/wp-content\/uploads\/2023\/07\/dorothea_sick-thies_im_filmtheater_sendlinger_tor_1536x1152-1320x990.png 1320w, https:\/\/www.protect-the-planet.de\/wp-content\/uploads\/2023\/07\/dorothea_sick-thies_im_filmtheater_sendlinger_tor_1536x1152.png 1536w\" sizes=\"(max-width: 619px) 100vw, 619px\" \/><figcaption id=\"caption-attachment-16931\" class=\"wp-caption-text\"><em>Dorothea Sick-Thies begr\u00fc\u00dft das Publikum im Filmtheater Sendlinger Tor vor der Filmpremiere des Films \u201eVandana Shiva \u2013 mein Leben f\u00fcr die Erde\u201c<\/em><\/figcaption><\/figure><p>Auch hier sa\u00df Vandana Shiva erneut auf der B\u00fchne. Gemeinsam mit Regisseurin Camila Becket beantwortete sie Fragen aus dem Publikum und erz\u00e4hlte mit viel Humor und Gelassenheit beispielsweise davon, wie ihr von Gegner*innen einmal ein &#8220;<a href=\"https:\/\/www.filmsforaction.org\/watch\/bullshit-2005\/\">Bullshit Award<\/a>&#8221; verliehen wurde.<\/p><figure id=\"attachment_16932\" aria-describedby=\"caption-attachment-16932\" style=\"width: 618px\" class=\"wp-caption alignnone\"><img loading=\"lazy\" decoding=\"async\" class=\" wp-image-16932\" src=\"https:\/\/www.protect-the-planet.de\/wp-content\/uploads\/2023\/07\/camila_becket_und_vandana_shiva-300x200.jpg\" alt=\"Camila Becket und Vandana Shiva (Mitte) beantworten Fragen aus dem Publikum\" width=\"618\" height=\"412\" srcset=\"https:\/\/www.protect-the-planet.de\/wp-content\/uploads\/2023\/07\/camila_becket_und_vandana_shiva-300x200.jpg 300w, https:\/\/www.protect-the-planet.de\/wp-content\/uploads\/2023\/07\/camila_becket_und_vandana_shiva-1024x683.jpg 1024w, https:\/\/www.protect-the-planet.de\/wp-content\/uploads\/2023\/07\/camila_becket_und_vandana_shiva-768x512.jpg 768w, https:\/\/www.protect-the-planet.de\/wp-content\/uploads\/2023\/07\/camila_becket_und_vandana_shiva-1320x880.jpg 1320w, https:\/\/www.protect-the-planet.de\/wp-content\/uploads\/2023\/07\/camila_becket_und_vandana_shiva.jpg 1509w\" sizes=\"(max-width: 618px) 100vw, 618px\" \/><figcaption id=\"caption-attachment-16932\" class=\"wp-caption-text\"><em>Camila Becket und Vandana Shiva (Mitte) beantworten Fragen aus dem Publikum<\/em><\/figcaption><\/figure><p>\u00a0<\/p>\t\t\t\t\t\t\t\t<\/div>\n\t\t\t\t<\/div>\n\t\t\t\t<\/div>\n\t\t\t\t\t<\/div>\n\t\t\t\t<\/div>\n\t\t\t\t<\/div>\n\t\t","protected":false},"excerpt":{"rendered":"<p>Am 26. November war die Aktivistin und Tr\u00e4gerin des alternativen Nobelpreises Vandana Shiva zu Gast bei uns in M\u00fcnchen! Wir von Protect the Planet waren Co-Gastgeber der Premiere des preisgekr\u00f6nten Films \u201eVandana Shiva \u2013 Ein Leben f\u00fcr die Erde\u201c im Filmtheater Sendlinger Tor, auf der auch Vandana Shiva und Regisseurin Camila Becket sprachen und mit dem Publikum diskutierten.<\/p>\n","protected":false},"author":3,"featured_media":21861,"comment_status":"open","ping_status":"open","sticky":false,"template":"","format":"standard","meta":{"footnotes":""},"categories":[729],"tags":[],"class_list":["post-22949","post","type-post","status-publish","format-standard","has-post-thumbnail","hentry","category-news"],"yoast_head":"<!-- This site is optimized with the Yoast SEO plugin v27.5 - https:\/\/yoast.com\/product\/yoast-seo-wordpress\/ -->\n<title>Vandana Shiva zu Gast in M\u00fcnchen: eine inspirierende Begegnung - Protect the Planet<\/title>\n<meta name=\"description\" content=\"Am 26. November war die Aktivistin und Tr\u00e4gerin des alternativen Nobelpreises Vandana Shiva zu Gast bei uns in M\u00fcnchen und inspirierte mit klaren Worten!\" \/>\n<meta name=\"robots\" content=\"index, follow, max-snippet:-1, max-image-preview:large, max-video-preview:-1\" \/>\n<link rel=\"canonical\" href=\"https:\/\/www.protect-the-planet.de\/en\/vandana-shiva-muenchen\/\" \/>\n<meta property=\"og:locale\" content=\"en_US\" \/>\n<meta property=\"og:type\" content=\"article\" \/>\n<meta property=\"og:title\" content=\"Vandana Shiva zu Gast in M\u00fcnchen: eine inspirierende Begegnung - Protect the Planet\" \/>\n<meta property=\"og:description\" content=\"Am 26. November war die Aktivistin und Tr\u00e4gerin des alternativen Nobelpreises Vandana Shiva zu Gast bei uns in M\u00fcnchen und inspirierte mit klaren Worten!\" \/>\n<meta property=\"og:url\" content=\"https:\/\/www.protect-the-planet.de\/en\/vandana-shiva-muenchen\/\" \/>\n<meta property=\"og:site_name\" content=\"Protect the Planet\" \/>\n<meta property=\"article:publisher\" content=\"https:\/\/www.facebook.com\/protecttheplanetDE\/\" \/>\n<meta property=\"article:published_time\" content=\"2022-12-19T16:07:31+00:00\" \/>\n<meta property=\"article:modified_time\" content=\"2024-04-10T12:43:18+00:00\" \/>\n<meta property=\"og:image\" content=\"https:\/\/www.protect-the-planet.de\/wp-content\/uploads\/2022\/12\/beitragsbild-vandana-shiva-scaled.jpg\" \/>\n\t<meta property=\"og:image:width\" content=\"2560\" \/>\n\t<meta property=\"og:image:height\" content=\"1707\" \/>\n\t<meta property=\"og:image:type\" content=\"image\/jpeg\" \/>\n<meta name=\"author\" content=\"Fenja Jacobs\" \/>\n<meta name=\"twitter:card\" content=\"summary_large_image\" \/>\n<meta name=\"twitter:creator\" content=\"@PtP_de\" \/>\n<meta name=\"twitter:site\" content=\"@PtP_de\" \/>\n<meta name=\"twitter:label1\" content=\"Written by\" \/>\n\t<meta name=\"twitter:data1\" content=\"Fenja Jacobs\" \/>\n\t<meta name=\"twitter:label2\" content=\"Est. reading time\" \/>\n\t<meta name=\"twitter:data2\" content=\"6 minutes\" \/>\n<script type=\"application\/ld+json\" class=\"yoast-schema-graph\">{\"@context\":\"https:\\\/\\\/schema.org\",\"@graph\":[{\"@type\":\"Article\",\"@id\":\"https:\\\/\\\/www.protect-the-planet.de\\\/en\\\/vandana-shiva-muenchen\\\/#article\",\"isPartOf\":{\"@id\":\"https:\\\/\\\/www.protect-the-planet.de\\\/en\\\/vandana-shiva-muenchen\\\/\"},\"author\":{\"name\":\"Fenja Jacobs\",\"@id\":\"https:\\\/\\\/www.protect-the-planet.de\\\/en\\\/#\\\/schema\\\/person\\\/c843c153d0dd33ec584996931e438bce\"},\"headline\":\"Vandana Shiva zu Gast in M\u00fcnchen: eine inspirierende Begegnung\",\"datePublished\":\"2022-12-19T16:07:31+00:00\",\"dateModified\":\"2024-04-10T12:43:18+00:00\",\"mainEntityOfPage\":{\"@id\":\"https:\\\/\\\/www.protect-the-planet.de\\\/en\\\/vandana-shiva-muenchen\\\/\"},\"wordCount\":849,\"commentCount\":0,\"publisher\":{\"@id\":\"https:\\\/\\\/www.protect-the-planet.de\\\/en\\\/#organization\"},\"image\":{\"@id\":\"https:\\\/\\\/www.protect-the-planet.de\\\/en\\\/vandana-shiva-muenchen\\\/#primaryimage\"},\"thumbnailUrl\":\"https:\\\/\\\/www.protect-the-planet.de\\\/wp-content\\\/uploads\\\/2022\\\/12\\\/beitragsbild-vandana-shiva-scaled.jpg\",\"articleSection\":[\"News\"],\"inLanguage\":\"en-US\",\"potentialAction\":[{\"@type\":\"CommentAction\",\"name\":\"Comment\",\"target\":[\"https:\\\/\\\/www.protect-the-planet.de\\\/en\\\/vandana-shiva-muenchen\\\/#respond\"]}]},{\"@type\":\"WebPage\",\"@id\":\"https:\\\/\\\/www.protect-the-planet.de\\\/en\\\/vandana-shiva-muenchen\\\/\",\"url\":\"https:\\\/\\\/www.protect-the-planet.de\\\/en\\\/vandana-shiva-muenchen\\\/\",\"name\":\"Vandana Shiva zu Gast in M\u00fcnchen: eine inspirierende Begegnung - Protect the Planet\",\"isPartOf\":{\"@id\":\"https:\\\/\\\/www.protect-the-planet.de\\\/en\\\/#website\"},\"primaryImageOfPage\":{\"@id\":\"https:\\\/\\\/www.protect-the-planet.de\\\/en\\\/vandana-shiva-muenchen\\\/#primaryimage\"},\"image\":{\"@id\":\"https:\\\/\\\/www.protect-the-planet.de\\\/en\\\/vandana-shiva-muenchen\\\/#primaryimage\"},\"thumbnailUrl\":\"https:\\\/\\\/www.protect-the-planet.de\\\/wp-content\\\/uploads\\\/2022\\\/12\\\/beitragsbild-vandana-shiva-scaled.jpg\",\"datePublished\":\"2022-12-19T16:07:31+00:00\",\"dateModified\":\"2024-04-10T12:43:18+00:00\",\"description\":\"Am 26. November war die Aktivistin und Tr\u00e4gerin des alternativen Nobelpreises Vandana Shiva zu Gast bei uns in M\u00fcnchen und inspirierte mit klaren Worten!\",\"breadcrumb\":{\"@id\":\"https:\\\/\\\/www.protect-the-planet.de\\\/en\\\/vandana-shiva-muenchen\\\/#breadcrumb\"},\"inLanguage\":\"en-US\",\"potentialAction\":[{\"@type\":\"ReadAction\",\"target\":[\"https:\\\/\\\/www.protect-the-planet.de\\\/en\\\/vandana-shiva-muenchen\\\/\"]}]},{\"@type\":\"ImageObject\",\"inLanguage\":\"en-US\",\"@id\":\"https:\\\/\\\/www.protect-the-planet.de\\\/en\\\/vandana-shiva-muenchen\\\/#primaryimage\",\"url\":\"https:\\\/\\\/www.protect-the-planet.de\\\/wp-content\\\/uploads\\\/2022\\\/12\\\/beitragsbild-vandana-shiva-scaled.jpg\",\"contentUrl\":\"https:\\\/\\\/www.protect-the-planet.de\\\/wp-content\\\/uploads\\\/2022\\\/12\\\/beitragsbild-vandana-shiva-scaled.jpg\",\"width\":2560,\"height\":1707,\"caption\":\"Beitragsbild Vandana Shiva\"},{\"@type\":\"BreadcrumbList\",\"@id\":\"https:\\\/\\\/www.protect-the-planet.de\\\/en\\\/vandana-shiva-muenchen\\\/#breadcrumb\",\"itemListElement\":[{\"@type\":\"ListItem\",\"position\":1,\"name\":\"Startseite\",\"item\":\"https:\\\/\\\/www.protect-the-planet.de\\\/en\\\/home\\\/\"},{\"@type\":\"ListItem\",\"position\":2,\"name\":\"Vandana Shiva zu Gast in M\u00fcnchen: eine inspirierende Begegnung\"}]},{\"@type\":\"WebSite\",\"@id\":\"https:\\\/\\\/www.protect-the-planet.de\\\/en\\\/#website\",\"url\":\"https:\\\/\\\/www.protect-the-planet.de\\\/en\\\/\",\"name\":\"Protect the Planet\",\"description\":\"If we don&#039;t change, the climate will.\",\"publisher\":{\"@id\":\"https:\\\/\\\/www.protect-the-planet.de\\\/en\\\/#organization\"},\"alternateName\":\"Protect the Panet gGmbH\",\"potentialAction\":[{\"@type\":\"SearchAction\",\"target\":{\"@type\":\"EntryPoint\",\"urlTemplate\":\"https:\\\/\\\/www.protect-the-planet.de\\\/en\\\/?s={search_term_string}\"},\"query-input\":{\"@type\":\"PropertyValueSpecification\",\"valueRequired\":true,\"valueName\":\"search_term_string\"}}],\"inLanguage\":\"en-US\"},{\"@type\":\"Organization\",\"@id\":\"https:\\\/\\\/www.protect-the-planet.de\\\/en\\\/#organization\",\"name\":\"Protect the Planet\",\"url\":\"https:\\\/\\\/www.protect-the-planet.de\\\/en\\\/\",\"logo\":{\"@type\":\"ImageObject\",\"inLanguage\":\"en-US\",\"@id\":\"https:\\\/\\\/www.protect-the-planet.de\\\/en\\\/#\\\/schema\\\/logo\\\/image\\\/\",\"url\":\"https:\\\/\\\/www.protect-the-planet.de\\\/wp-content\\\/uploads\\\/2023\\\/09\\\/LOGO-positiv_transparent-klein.png\",\"contentUrl\":\"https:\\\/\\\/www.protect-the-planet.de\\\/wp-content\\\/uploads\\\/2023\\\/09\\\/LOGO-positiv_transparent-klein.png\",\"width\":123,\"height\":68,\"caption\":\"Protect the Planet\"},\"image\":{\"@id\":\"https:\\\/\\\/www.protect-the-planet.de\\\/en\\\/#\\\/schema\\\/logo\\\/image\\\/\"},\"sameAs\":[\"https:\\\/\\\/www.facebook.com\\\/protecttheplanetDE\\\/\",\"https:\\\/\\\/x.com\\\/PtP_de\",\"https:\\\/\\\/www.instagram.com\\\/protecttheplanetorg\\\/\",\"https:\\\/\\\/www.linkedin.com\\\/company\\\/protect-the-planet\",\"https:\\\/\\\/www.youtube.com\\\/@protecttheplanet\"]},{\"@type\":\"Person\",\"@id\":\"https:\\\/\\\/www.protect-the-planet.de\\\/en\\\/#\\\/schema\\\/person\\\/c843c153d0dd33ec584996931e438bce\",\"name\":\"Fenja Jacobs\",\"image\":{\"@type\":\"ImageObject\",\"inLanguage\":\"en-US\",\"@id\":\"https:\\\/\\\/secure.gravatar.com\\\/avatar\\\/1319de9aaea70b6c6ed807392ef95d6582ceaf98cca9de0a0022ba8e0d3a7fc3?s=96&d=mm&r=g\",\"url\":\"https:\\\/\\\/secure.gravatar.com\\\/avatar\\\/1319de9aaea70b6c6ed807392ef95d6582ceaf98cca9de0a0022ba8e0d3a7fc3?s=96&d=mm&r=g\",\"contentUrl\":\"https:\\\/\\\/secure.gravatar.com\\\/avatar\\\/1319de9aaea70b6c6ed807392ef95d6582ceaf98cca9de0a0022ba8e0d3a7fc3?s=96&d=mm&r=g\",\"caption\":\"Fenja Jacobs\"},\"url\":\"https:\\\/\\\/www.protect-the-planet.de\\\/en\\\/author\\\/fenja-jacobs\\\/\"}]}<\/script>\n<!-- \/ Yoast SEO plugin. -->","yoast_head_json":{"title":"Vandana Shiva zu Gast in M\u00fcnchen: eine inspirierende Begegnung - Protect the Planet","description":"Am 26. November war die Aktivistin und Tr\u00e4gerin des alternativen Nobelpreises Vandana Shiva zu Gast bei uns in M\u00fcnchen und inspirierte mit klaren Worten!","robots":{"index":"index","follow":"follow","max-snippet":"max-snippet:-1","max-image-preview":"max-image-preview:large","max-video-preview":"max-video-preview:-1"},"canonical":"https:\/\/www.protect-the-planet.de\/en\/vandana-shiva-muenchen\/","og_locale":"en_US","og_type":"article","og_title":"Vandana Shiva zu Gast in M\u00fcnchen: eine inspirierende Begegnung - Protect the Planet","og_description":"Am 26. November war die Aktivistin und Tr\u00e4gerin des alternativen Nobelpreises Vandana Shiva zu Gast bei uns in M\u00fcnchen und inspirierte mit klaren Worten!","og_url":"https:\/\/www.protect-the-planet.de\/en\/vandana-shiva-muenchen\/","og_site_name":"Protect the Planet","article_publisher":"https:\/\/www.facebook.com\/protecttheplanetDE\/","article_published_time":"2022-12-19T16:07:31+00:00","article_modified_time":"2024-04-10T12:43:18+00:00","og_image":[{"width":2560,"height":1707,"url":"https:\/\/www.protect-the-planet.de\/wp-content\/uploads\/2022\/12\/beitragsbild-vandana-shiva-scaled.jpg","type":"image\/jpeg"}],"author":"Fenja Jacobs","twitter_card":"summary_large_image","twitter_creator":"@PtP_de","twitter_site":"@PtP_de","twitter_misc":{"Written by":"Fenja Jacobs","Est. reading time":"6 minutes"},"schema":{"@context":"https:\/\/schema.org","@graph":[{"@type":"Article","@id":"https:\/\/www.protect-the-planet.de\/en\/vandana-shiva-muenchen\/#article","isPartOf":{"@id":"https:\/\/www.protect-the-planet.de\/en\/vandana-shiva-muenchen\/"},"author":{"name":"Fenja Jacobs","@id":"https:\/\/www.protect-the-planet.de\/en\/#\/schema\/person\/c843c153d0dd33ec584996931e438bce"},"headline":"Vandana Shiva zu Gast in M\u00fcnchen: eine inspirierende Begegnung","datePublished":"2022-12-19T16:07:31+00:00","dateModified":"2024-04-10T12:43:18+00:00","mainEntityOfPage":{"@id":"https:\/\/www.protect-the-planet.de\/en\/vandana-shiva-muenchen\/"},"wordCount":849,"commentCount":0,"publisher":{"@id":"https:\/\/www.protect-the-planet.de\/en\/#organization"},"image":{"@id":"https:\/\/www.protect-the-planet.de\/en\/vandana-shiva-muenchen\/#primaryimage"},"thumbnailUrl":"https:\/\/www.protect-the-planet.de\/wp-content\/uploads\/2022\/12\/beitragsbild-vandana-shiva-scaled.jpg","articleSection":["News"],"inLanguage":"en-US","potentialAction":[{"@type":"CommentAction","name":"Comment","target":["https:\/\/www.protect-the-planet.de\/en\/vandana-shiva-muenchen\/#respond"]}]},{"@type":"WebPage","@id":"https:\/\/www.protect-the-planet.de\/en\/vandana-shiva-muenchen\/","url":"https:\/\/www.protect-the-planet.de\/en\/vandana-shiva-muenchen\/","name":"Vandana Shiva zu Gast in M\u00fcnchen: eine inspirierende Begegnung - Protect the Planet","isPartOf":{"@id":"https:\/\/www.protect-the-planet.de\/en\/#website"},"primaryImageOfPage":{"@id":"https:\/\/www.protect-the-planet.de\/en\/vandana-shiva-muenchen\/#primaryimage"},"image":{"@id":"https:\/\/www.protect-the-planet.de\/en\/vandana-shiva-muenchen\/#primaryimage"},"thumbnailUrl":"https:\/\/www.protect-the-planet.de\/wp-content\/uploads\/2022\/12\/beitragsbild-vandana-shiva-scaled.jpg","datePublished":"2022-12-19T16:07:31+00:00","dateModified":"2024-04-10T12:43:18+00:00","description":"Am 26. November war die Aktivistin und Tr\u00e4gerin des alternativen Nobelpreises Vandana Shiva zu Gast bei uns in M\u00fcnchen und inspirierte mit klaren Worten!","breadcrumb":{"@id":"https:\/\/www.protect-the-planet.de\/en\/vandana-shiva-muenchen\/#breadcrumb"},"inLanguage":"en-US","potentialAction":[{"@type":"ReadAction","target":["https:\/\/www.protect-the-planet.de\/en\/vandana-shiva-muenchen\/"]}]},{"@type":"ImageObject","inLanguage":"en-US","@id":"https:\/\/www.protect-the-planet.de\/en\/vandana-shiva-muenchen\/#primaryimage","url":"https:\/\/www.protect-the-planet.de\/wp-content\/uploads\/2022\/12\/beitragsbild-vandana-shiva-scaled.jpg","contentUrl":"https:\/\/www.protect-the-planet.de\/wp-content\/uploads\/2022\/12\/beitragsbild-vandana-shiva-scaled.jpg","width":2560,"height":1707,"caption":"Beitragsbild Vandana Shiva"},{"@type":"BreadcrumbList","@id":"https:\/\/www.protect-the-planet.de\/en\/vandana-shiva-muenchen\/#breadcrumb","itemListElement":[{"@type":"ListItem","position":1,"name":"Startseite","item":"https:\/\/www.protect-the-planet.de\/en\/home\/"},{"@type":"ListItem","position":2,"name":"Vandana Shiva zu Gast in M\u00fcnchen: eine inspirierende Begegnung"}]},{"@type":"WebSite","@id":"https:\/\/www.protect-the-planet.de\/en\/#website","url":"https:\/\/www.protect-the-planet.de\/en\/","name":"Protect the Planet","description":"If we don&#039;t change, the climate will.","publisher":{"@id":"https:\/\/www.protect-the-planet.de\/en\/#organization"},"alternateName":"Protect the Panet gGmbH","potentialAction":[{"@type":"SearchAction","target":{"@type":"EntryPoint","urlTemplate":"https:\/\/www.protect-the-planet.de\/en\/?s={search_term_string}"},"query-input":{"@type":"PropertyValueSpecification","valueRequired":true,"valueName":"search_term_string"}}],"inLanguage":"en-US"},{"@type":"Organization","@id":"https:\/\/www.protect-the-planet.de\/en\/#organization","name":"Protect the Planet","url":"https:\/\/www.protect-the-planet.de\/en\/","logo":{"@type":"ImageObject","inLanguage":"en-US","@id":"https:\/\/www.protect-the-planet.de\/en\/#\/schema\/logo\/image\/","url":"https:\/\/www.protect-the-planet.de\/wp-content\/uploads\/2023\/09\/LOGO-positiv_transparent-klein.png","contentUrl":"https:\/\/www.protect-the-planet.de\/wp-content\/uploads\/2023\/09\/LOGO-positiv_transparent-klein.png","width":123,"height":68,"caption":"Protect the Planet"},"image":{"@id":"https:\/\/www.protect-the-planet.de\/en\/#\/schema\/logo\/image\/"},"sameAs":["https:\/\/www.facebook.com\/protecttheplanetDE\/","https:\/\/x.com\/PtP_de","https:\/\/www.instagram.com\/protecttheplanetorg\/","https:\/\/www.linkedin.com\/company\/protect-the-planet","https:\/\/www.youtube.com\/@protecttheplanet"]},{"@type":"Person","@id":"https:\/\/www.protect-the-planet.de\/en\/#\/schema\/person\/c843c153d0dd33ec584996931e438bce","name":"Fenja Jacobs","image":{"@type":"ImageObject","inLanguage":"en-US","@id":"https:\/\/secure.gravatar.com\/avatar\/1319de9aaea70b6c6ed807392ef95d6582ceaf98cca9de0a0022ba8e0d3a7fc3?s=96&d=mm&r=g","url":"https:\/\/secure.gravatar.com\/avatar\/1319de9aaea70b6c6ed807392ef95d6582ceaf98cca9de0a0022ba8e0d3a7fc3?s=96&d=mm&r=g","contentUrl":"https:\/\/secure.gravatar.com\/avatar\/1319de9aaea70b6c6ed807392ef95d6582ceaf98cca9de0a0022ba8e0d3a7fc3?s=96&d=mm&r=g","caption":"Fenja Jacobs"},"url":"https:\/\/www.protect-the-planet.de\/en\/author\/fenja-jacobs\/"}]}},"_links":{"self":[{"href":"https:\/\/www.protect-the-planet.de\/en\/wp-json\/wp\/v2\/posts\/22949","targetHints":{"allow":["GET"]}}],"collection":[{"href":"https:\/\/www.protect-the-planet.de\/en\/wp-json\/wp\/v2\/posts"}],"about":[{"href":"https:\/\/www.protect-the-planet.de\/en\/wp-json\/wp\/v2\/types\/post"}],"author":[{"embeddable":true,"href":"https:\/\/www.protect-the-planet.de\/en\/wp-json\/wp\/v2\/users\/3"}],"replies":[{"embeddable":true,"href":"https:\/\/www.protect-the-planet.de\/en\/wp-json\/wp\/v2\/comments?post=22949"}],"version-history":[{"count":0,"href":"https:\/\/www.protect-the-planet.de\/en\/wp-json\/wp\/v2\/posts\/22949\/revisions"}],"wp:featuredmedia":[{"embeddable":true,"href":"https:\/\/www.protect-the-planet.de\/en\/wp-json\/wp\/v2\/media\/21861"}],"wp:attachment":[{"href":"https:\/\/www.protect-the-planet.de\/en\/wp-json\/wp\/v2\/media?parent=22949"}],"wp:term":[{"taxonomy":"category","embeddable":true,"href":"https:\/\/www.protect-the-planet.de\/en\/wp-json\/wp\/v2\/categories?post=22949"},{"taxonomy":"post_tag","embeddable":true,"href":"https:\/\/www.protect-the-planet.de\/en\/wp-json\/wp\/v2\/tags?post=22949"}],"curies":[{"name":"wp","href":"https:\/\/api.w.org\/{rel}","templated":true}]}}