{"id":22948,"date":"2023-01-13T17:07:05","date_gmt":"2023-01-13T16:07:05","guid":{"rendered":"https:\/\/www.protect-the-planet.de\/2023_01_moratorium-fuer-luetz\/"},"modified":"2024-03-14T17:42:55","modified_gmt":"2024-03-14T16:42:55","slug":"2023_01_moratorium-fuer-luetz","status":"publish","type":"post","link":"https:\/\/www.protect-the-planet.de\/en\/2023_01_moratorium-fuer-luetz\/","title":{"rendered":"Es braucht jetzt ein L\u00fctzerath-Moratorium!"},"content":{"rendered":"\t\t<div data-elementor-type=\"wp-post\" data-elementor-id=\"22948\" class=\"elementor elementor-22948 elementor-12725\" data-elementor-post-type=\"post\">\n\t\t\t\t\t\t<section class=\"elementor-section elementor-top-section elementor-element elementor-element-33b0962f elementor-section-boxed elementor-section-height-default elementor-section-height-default\" data-id=\"33b0962f\" data-element_type=\"section\" data-e-type=\"section\">\n\t\t\t\t\t\t<div class=\"elementor-container elementor-column-gap-default\">\n\t\t\t\t\t<div class=\"elementor-column elementor-col-100 elementor-top-column elementor-element elementor-element-7336f0a1\" data-id=\"7336f0a1\" data-element_type=\"column\" data-e-type=\"column\">\n\t\t\t<div class=\"elementor-widget-wrap elementor-element-populated\">\n\t\t\t\t<div class=\"elementor-element elementor-element-237b7ca e-flex e-con-boxed e-con e-parent\" data-id=\"237b7ca\" data-element_type=\"container\" data-e-type=\"container\">\n\t\t\t\t\t<div class=\"e-con-inner\">\n\t\t\t\t<div class=\"elementor-element elementor-element-a945f38 elementor-widget elementor-widget-image\" data-id=\"a945f38\" data-element_type=\"widget\" data-e-type=\"widget\" data-widget_type=\"image.default\">\n\t\t\t\t<div class=\"elementor-widget-container\">\n\t\t\t\t\t\t\t\t\t\t\t\t\t\t\t<img fetchpriority=\"high\" decoding=\"async\" width=\"725\" height=\"300\" src=\"https:\/\/www.protect-the-planet.de\/wp-content\/uploads\/2023\/01\/petition-luetzerath_moratorium_jetzt.png\" class=\"attachment-large size-large wp-image-21624\" alt=\"\" srcset=\"https:\/\/www.protect-the-planet.de\/wp-content\/uploads\/2023\/01\/petition-luetzerath_moratorium_jetzt.png 725w, https:\/\/www.protect-the-planet.de\/wp-content\/uploads\/2023\/01\/petition-luetzerath_moratorium_jetzt-300x124.png 300w\" sizes=\"(max-width: 725px) 100vw, 725px\" \/>\t\t\t\t\t\t\t\t\t\t\t\t\t\t\t<\/div>\n\t\t\t\t<\/div>\n\t\t\t\t\t<\/div>\n\t\t\t\t<\/div>\n\t\t\t\t<div class=\"elementor-element elementor-element-36de3dfb elementor-widget elementor-widget-text-editor\" data-id=\"36de3dfb\" data-element_type=\"widget\" data-e-type=\"widget\" data-widget_type=\"text-editor.default\">\n\t\t\t\t<div class=\"elementor-widget-container\">\n\t\t\t\t\t\t\t\t\t<h2><span style=\"color: var( --e-global-color-primary ); text-align: var(--text-align);\">Wir fordern: Moratorium f\u00fcr L\u00fctzerath!<\/span><\/h2><h3>Sofortiger Stop der Landschafts- und Klimaverw\u00fcstung!<\/h3><p>Gegen den Protest sehr vieler besorgter Menschen aus dem ganzen Bundesgebiet wird derzeit der kleine Ort L\u00fctzerath in NRW durch die Polizei ger\u00e4umt, da die Braunkohle darunter abgebaut werden soll.<\/p><p>Das immer wieder ins Feld gef\u00fchrte Argument, das Abbaggern von L\u00fctzerath sei wichtig f\u00fcr die Gew\u00e4hrleistung der Energiesicherheit Deutschlands, ist inzwischen von renommierten Expert*innen und Fachleuten aus Wirtschaft und Wissenschaft mehr als widerlegt worden!<\/p><p>Mit dem Abbau der Kohle sind die deutschen Klimaziele auf 1,5 Grad hin nicht zu schaffen &#8211; k\u00fcnftige Generationen zahlen hierf\u00fcr einen hohen Preis, wie auch das Bundesverfassungsgericht festgestellt hat. Das darf nicht sein, daher braucht es einen Stop der R\u00e4umung und der Abbruchgenehmigung &#8211; ein Moratorium.<\/p><p>Protect the Planet hat in k\u00fcrzester Zeit und mit Unterst\u00fctzung unz\u00e4hliger Mitstreiter*innen einen sofortigen Aufruf f\u00fcr die Unterzeichnung eines Moratoriums gegen die R\u00e4umung des Ortes L\u00fctzerath ins Leben gerufen.<\/p><p>Eine Vielzahl von Menschen aus Wirtschaft, Wissenschaft, Umweltverb\u00e4nden, Religionsgruppen, Kunst und Kultur unterst\u00fctzen inzwischen das Moratorium als Erstunterzeichnende, die Zahl steigt kontinuierlich an.<\/p><p>Es\u00a0braucht eine Atempause zur Deeskalation und f\u00fcr klimapolitisch verantwortbare Entscheidungen.<\/p><p>Wir fordern alle Beteiligten auf, sich an einen Tisch zu setzen, um gemeinsame zukunftsf\u00e4hige Wege zu suchen. Solch ein Dialog w\u00fcrde die Glaubw\u00fcrdigkeit der deutschen Klimapolitik wesentlich st\u00e4rken \u2013 international und besonders bei der jungen Generation. F\u00fcr diesen Dialog und die St\u00e4rkung der Glaubw\u00fcrdigkeit der deutschen Klimapolitik k\u00e4mpfen wir!<\/p><p>Hier gehts zur Petition mit den Erstunterzeichnern:<\/p>\t\t\t\t\t\t\t\t<\/div>\n\t\t\t\t<\/div>\n\t\t\t\t<div class=\"elementor-element elementor-element-cfde7db elementor-align-center elementor-widget elementor-widget-button\" data-id=\"cfde7db\" data-element_type=\"widget\" data-e-type=\"widget\" data-widget_type=\"button.default\">\n\t\t\t\t<div class=\"elementor-widget-container\">\n\t\t\t\t\t\t\t\t\t<div class=\"elementor-button-wrapper\">\n\t\t\t\t\t<a class=\"elementor-button elementor-button-link elementor-size-sm\" href=\"https:\/\/www.protect-the-planet.de\/2023_01_moratorium-fuer-luetz\/%3C\/strong%3E%3Cstrong%3Ehttps:\/\/weact.campact.de\/petitions\/moratorium-fur-lutzerath\">\n\t\t\t\t\t\t<span class=\"elementor-button-content-wrapper\">\n\t\t\t\t\t\t\t\t\t<span class=\"elementor-button-text\">LINK ZUR PETITION<\/span>\n\t\t\t\t\t<\/span>\n\t\t\t\t\t<\/a>\n\t\t\t\t<\/div>\n\t\t\t\t\t\t\t\t<\/div>\n\t\t\t\t<\/div>\n\t\t<div class=\"elementor-element elementor-element-9930fc9 e-flex e-con-boxed e-con e-parent\" data-id=\"9930fc9\" data-element_type=\"container\" data-e-type=\"container\">\n\t\t\t\t\t<div class=\"e-con-inner\">\n\t\t\t\t<div class=\"elementor-element elementor-element-1a19795 elementor-align-center elementor-widget elementor-widget-button\" data-id=\"1a19795\" data-element_type=\"widget\" data-e-type=\"widget\" data-widget_type=\"button.default\">\n\t\t\t\t<div class=\"elementor-widget-container\">\n\t\t\t\t\t\t\t\t\t<div class=\"elementor-button-wrapper\">\n\t\t\t\t\t<a class=\"elementor-button elementor-button-link elementor-size-sm\" href=\"https:\/\/www.protect-the-planet.de\/2023_01_moratorium-fuer-luetz\/%3C\/strong%3E%3Cstrong%3Ehttps:\/\/www.protect-the-planet.de\/wp-content\/uploads\/2023_02_09-Prof-Hirschl-Energiewende-in-Eigenheim-und-Wohnung.p%3C\/strong%3E%3Cstrong%3Edf\">\n\t\t\t\t\t\t<span class=\"elementor-button-content-wrapper\">\n\t\t\t\t\t\t\t\t\t<span class=\"elementor-button-text\">MORATORIUM F\u00dcR L\u00dcTZERATH (PDF)<\/span>\n\t\t\t\t\t<\/span>\n\t\t\t\t\t<\/a>\n\t\t\t\t<\/div>\n\t\t\t\t\t\t\t\t<\/div>\n\t\t\t\t<\/div>\n\t\t\t\t<div class=\"elementor-element elementor-element-4083661 elementor-widget elementor-widget-spacer\" data-id=\"4083661\" data-element_type=\"widget\" data-e-type=\"widget\" data-widget_type=\"spacer.default\">\n\t\t\t\t<div class=\"elementor-widget-container\">\n\t\t\t\t\t\t\t<div class=\"elementor-spacer\">\n\t\t\t<div class=\"elementor-spacer-inner\"><\/div>\n\t\t<\/div>\n\t\t\t\t\t\t<\/div>\n\t\t\t\t<\/div>\n\t\t\t\t\t<\/div>\n\t\t\t\t<\/div>\n\t\t\t\t\t<\/div>\n\t\t<\/div>\n\t\t\t\t\t<\/div>\n\t\t<\/section>\n\t\t\t\t<\/div>\n\t\t","protected":false},"excerpt":{"rendered":"<p>Wir fordern: Moratorium f\u00fcr L\u00fctzerath!<br \/>\nSofortiger Stop der Landschafts- und Klimaverw\u00fcstung!<\/p>\n","protected":false},"author":5,"featured_media":21860,"comment_status":"open","ping_status":"open","sticky":false,"template":"","format":"standard","meta":{"footnotes":""},"categories":[729],"tags":[806,867,868,807],"class_list":["post-22948","post","type-post","status-publish","format-standard","has-post-thumbnail","hentry","category-news","tag-luetzerath-en","tag-moratorium-en","tag-nrw-en","tag-petition-en"],"yoast_head":"<!-- This site is optimized with the Yoast SEO plugin v27.5 - https:\/\/yoast.com\/product\/yoast-seo-wordpress\/ -->\n<title>Es braucht jetzt ein L\u00fctzerath-Moratorium! - Protect the Planet<\/title>\n<meta name=\"description\" content=\"Zeichnen Sie die Petition gemeinsam mit zahlreichen bekannten Pers\u00f6nlichkeiten aus Wirtschaft, Kunst, Kultur, Wissenschaft und Gesellschaft!\" \/>\n<meta name=\"robots\" content=\"index, follow, max-snippet:-1, max-image-preview:large, max-video-preview:-1\" \/>\n<link rel=\"canonical\" href=\"https:\/\/www.protect-the-planet.de\/en\/2023_01_moratorium-fuer-luetz\/\" \/>\n<meta property=\"og:locale\" content=\"en_US\" \/>\n<meta property=\"og:type\" content=\"article\" \/>\n<meta property=\"og:title\" content=\"Es braucht jetzt ein L\u00fctzerath-Moratorium! - Protect the Planet\" \/>\n<meta property=\"og:description\" content=\"Zeichnen Sie die Petition gemeinsam mit zahlreichen bekannten Pers\u00f6nlichkeiten aus Wirtschaft, Kunst, Kultur, Wissenschaft und Gesellschaft!\" \/>\n<meta property=\"og:url\" content=\"https:\/\/www.protect-the-planet.de\/en\/2023_01_moratorium-fuer-luetz\/\" \/>\n<meta property=\"og:site_name\" content=\"Protect the Planet\" \/>\n<meta property=\"article:publisher\" content=\"https:\/\/www.facebook.com\/protecttheplanetDE\/\" \/>\n<meta property=\"article:published_time\" content=\"2023-01-13T16:07:05+00:00\" \/>\n<meta property=\"article:modified_time\" content=\"2024-03-14T16:42:55+00:00\" \/>\n<meta property=\"og:image\" content=\"https:\/\/www.protect-the-planet.de\/wp-content\/uploads\/2023\/01\/beitragsbild-luetzerath-moratorium-1.png\" \/>\n\t<meta property=\"og:image:width\" content=\"800\" \/>\n\t<meta property=\"og:image:height\" content=\"500\" \/>\n\t<meta property=\"og:image:type\" content=\"image\/png\" \/>\n<meta name=\"author\" content=\"Markus Raschke\" \/>\n<meta name=\"twitter:card\" content=\"summary_large_image\" \/>\n<meta name=\"twitter:creator\" content=\"@PtP_de\" \/>\n<meta name=\"twitter:site\" content=\"@PtP_de\" \/>\n<meta name=\"twitter:label1\" content=\"Written by\" \/>\n\t<meta name=\"twitter:data1\" content=\"Markus Raschke\" \/>\n\t<meta name=\"twitter:label2\" content=\"Est. reading time\" \/>\n\t<meta name=\"twitter:data2\" content=\"3 minutes\" \/>\n<script type=\"application\/ld+json\" class=\"yoast-schema-graph\">{\"@context\":\"https:\\\/\\\/schema.org\",\"@graph\":[{\"@type\":\"Article\",\"@id\":\"https:\\\/\\\/www.protect-the-planet.de\\\/en\\\/2023_01_moratorium-fuer-luetz\\\/#article\",\"isPartOf\":{\"@id\":\"https:\\\/\\\/www.protect-the-planet.de\\\/en\\\/2023_01_moratorium-fuer-luetz\\\/\"},\"author\":{\"name\":\"Markus Raschke\",\"@id\":\"https:\\\/\\\/www.protect-the-planet.de\\\/en\\\/#\\\/schema\\\/person\\\/2938106dc0af5691b82b52a1b3f39b0b\"},\"headline\":\"Es braucht jetzt ein L\u00fctzerath-Moratorium!\",\"datePublished\":\"2023-01-13T16:07:05+00:00\",\"dateModified\":\"2024-03-14T16:42:55+00:00\",\"mainEntityOfPage\":{\"@id\":\"https:\\\/\\\/www.protect-the-planet.de\\\/en\\\/2023_01_moratorium-fuer-luetz\\\/\"},\"wordCount\":285,\"commentCount\":0,\"publisher\":{\"@id\":\"https:\\\/\\\/www.protect-the-planet.de\\\/en\\\/#organization\"},\"image\":{\"@id\":\"https:\\\/\\\/www.protect-the-planet.de\\\/en\\\/2023_01_moratorium-fuer-luetz\\\/#primaryimage\"},\"thumbnailUrl\":\"https:\\\/\\\/www.protect-the-planet.de\\\/wp-content\\\/uploads\\\/2023\\\/01\\\/beitragsbild-luetzerath-moratorium-1.png\",\"keywords\":[\"L\u00fctzerath\",\"Moratorium\",\"NRW\",\"Petition\"],\"articleSection\":[\"News\"],\"inLanguage\":\"en-US\",\"potentialAction\":[{\"@type\":\"CommentAction\",\"name\":\"Comment\",\"target\":[\"https:\\\/\\\/www.protect-the-planet.de\\\/en\\\/2023_01_moratorium-fuer-luetz\\\/#respond\"]}]},{\"@type\":\"WebPage\",\"@id\":\"https:\\\/\\\/www.protect-the-planet.de\\\/en\\\/2023_01_moratorium-fuer-luetz\\\/\",\"url\":\"https:\\\/\\\/www.protect-the-planet.de\\\/en\\\/2023_01_moratorium-fuer-luetz\\\/\",\"name\":\"Es braucht jetzt ein L\u00fctzerath-Moratorium! - Protect the Planet\",\"isPartOf\":{\"@id\":\"https:\\\/\\\/www.protect-the-planet.de\\\/en\\\/#website\"},\"primaryImageOfPage\":{\"@id\":\"https:\\\/\\\/www.protect-the-planet.de\\\/en\\\/2023_01_moratorium-fuer-luetz\\\/#primaryimage\"},\"image\":{\"@id\":\"https:\\\/\\\/www.protect-the-planet.de\\\/en\\\/2023_01_moratorium-fuer-luetz\\\/#primaryimage\"},\"thumbnailUrl\":\"https:\\\/\\\/www.protect-the-planet.de\\\/wp-content\\\/uploads\\\/2023\\\/01\\\/beitragsbild-luetzerath-moratorium-1.png\",\"datePublished\":\"2023-01-13T16:07:05+00:00\",\"dateModified\":\"2024-03-14T16:42:55+00:00\",\"description\":\"Zeichnen Sie die Petition gemeinsam mit zahlreichen bekannten Pers\u00f6nlichkeiten aus Wirtschaft, Kunst, Kultur, Wissenschaft und Gesellschaft!\",\"breadcrumb\":{\"@id\":\"https:\\\/\\\/www.protect-the-planet.de\\\/en\\\/2023_01_moratorium-fuer-luetz\\\/#breadcrumb\"},\"inLanguage\":\"en-US\",\"potentialAction\":[{\"@type\":\"ReadAction\",\"target\":[\"https:\\\/\\\/www.protect-the-planet.de\\\/en\\\/2023_01_moratorium-fuer-luetz\\\/\"]}]},{\"@type\":\"ImageObject\",\"inLanguage\":\"en-US\",\"@id\":\"https:\\\/\\\/www.protect-the-planet.de\\\/en\\\/2023_01_moratorium-fuer-luetz\\\/#primaryimage\",\"url\":\"https:\\\/\\\/www.protect-the-planet.de\\\/wp-content\\\/uploads\\\/2023\\\/01\\\/beitragsbild-luetzerath-moratorium-1.png\",\"contentUrl\":\"https:\\\/\\\/www.protect-the-planet.de\\\/wp-content\\\/uploads\\\/2023\\\/01\\\/beitragsbild-luetzerath-moratorium-1.png\",\"width\":800,\"height\":500,\"caption\":\"Beitragsbild L\u00fctzerath Moratorium\"},{\"@type\":\"BreadcrumbList\",\"@id\":\"https:\\\/\\\/www.protect-the-planet.de\\\/en\\\/2023_01_moratorium-fuer-luetz\\\/#breadcrumb\",\"itemListElement\":[{\"@type\":\"ListItem\",\"position\":1,\"name\":\"Startseite\",\"item\":\"https:\\\/\\\/www.protect-the-planet.de\\\/en\\\/home\\\/\"},{\"@type\":\"ListItem\",\"position\":2,\"name\":\"Es braucht jetzt ein L\u00fctzerath-Moratorium!\"}]},{\"@type\":\"WebSite\",\"@id\":\"https:\\\/\\\/www.protect-the-planet.de\\\/en\\\/#website\",\"url\":\"https:\\\/\\\/www.protect-the-planet.de\\\/en\\\/\",\"name\":\"Protect the Planet\",\"description\":\"If we don&#039;t change, the climate will.\",\"publisher\":{\"@id\":\"https:\\\/\\\/www.protect-the-planet.de\\\/en\\\/#organization\"},\"alternateName\":\"Protect the Panet gGmbH\",\"potentialAction\":[{\"@type\":\"SearchAction\",\"target\":{\"@type\":\"EntryPoint\",\"urlTemplate\":\"https:\\\/\\\/www.protect-the-planet.de\\\/en\\\/?s={search_term_string}\"},\"query-input\":{\"@type\":\"PropertyValueSpecification\",\"valueRequired\":true,\"valueName\":\"search_term_string\"}}],\"inLanguage\":\"en-US\"},{\"@type\":\"Organization\",\"@id\":\"https:\\\/\\\/www.protect-the-planet.de\\\/en\\\/#organization\",\"name\":\"Protect the Planet\",\"url\":\"https:\\\/\\\/www.protect-the-planet.de\\\/en\\\/\",\"logo\":{\"@type\":\"ImageObject\",\"inLanguage\":\"en-US\",\"@id\":\"https:\\\/\\\/www.protect-the-planet.de\\\/en\\\/#\\\/schema\\\/logo\\\/image\\\/\",\"url\":\"https:\\\/\\\/www.protect-the-planet.de\\\/wp-content\\\/uploads\\\/2023\\\/09\\\/LOGO-positiv_transparent-klein.png\",\"contentUrl\":\"https:\\\/\\\/www.protect-the-planet.de\\\/wp-content\\\/uploads\\\/2023\\\/09\\\/LOGO-positiv_transparent-klein.png\",\"width\":123,\"height\":68,\"caption\":\"Protect the Planet\"},\"image\":{\"@id\":\"https:\\\/\\\/www.protect-the-planet.de\\\/en\\\/#\\\/schema\\\/logo\\\/image\\\/\"},\"sameAs\":[\"https:\\\/\\\/www.facebook.com\\\/protecttheplanetDE\\\/\",\"https:\\\/\\\/x.com\\\/PtP_de\",\"https:\\\/\\\/www.instagram.com\\\/protecttheplanetorg\\\/\",\"https:\\\/\\\/www.linkedin.com\\\/company\\\/protect-the-planet\",\"https:\\\/\\\/www.youtube.com\\\/@protecttheplanet\"]},{\"@type\":\"Person\",\"@id\":\"https:\\\/\\\/www.protect-the-planet.de\\\/en\\\/#\\\/schema\\\/person\\\/2938106dc0af5691b82b52a1b3f39b0b\",\"name\":\"Markus Raschke\",\"image\":{\"@type\":\"ImageObject\",\"inLanguage\":\"en-US\",\"@id\":\"https:\\\/\\\/www.protect-the-planet.de\\\/wp-content\\\/uploads\\\/2023\\\/06\\\/cropped-Gruppe-9@2x-96x96.png\",\"url\":\"https:\\\/\\\/www.protect-the-planet.de\\\/wp-content\\\/uploads\\\/2023\\\/06\\\/cropped-Gruppe-9@2x-96x96.png\",\"contentUrl\":\"https:\\\/\\\/www.protect-the-planet.de\\\/wp-content\\\/uploads\\\/2023\\\/06\\\/cropped-Gruppe-9@2x-96x96.png\",\"caption\":\"Markus Raschke\"},\"description\":\"markus.raschke@protect-the-planet.de +49 160 930 54 965\",\"url\":\"https:\\\/\\\/www.protect-the-planet.de\\\/en\\\/author\\\/raschke\\\/\"}]}<\/script>\n<!-- \/ Yoast SEO plugin. -->","yoast_head_json":{"title":"Es braucht jetzt ein L\u00fctzerath-Moratorium! - Protect the Planet","description":"Zeichnen Sie die Petition gemeinsam mit zahlreichen bekannten Pers\u00f6nlichkeiten aus Wirtschaft, Kunst, Kultur, Wissenschaft und Gesellschaft!","robots":{"index":"index","follow":"follow","max-snippet":"max-snippet:-1","max-image-preview":"max-image-preview:large","max-video-preview":"max-video-preview:-1"},"canonical":"https:\/\/www.protect-the-planet.de\/en\/2023_01_moratorium-fuer-luetz\/","og_locale":"en_US","og_type":"article","og_title":"Es braucht jetzt ein L\u00fctzerath-Moratorium! - Protect the Planet","og_description":"Zeichnen Sie die Petition gemeinsam mit zahlreichen bekannten Pers\u00f6nlichkeiten aus Wirtschaft, Kunst, Kultur, Wissenschaft und Gesellschaft!","og_url":"https:\/\/www.protect-the-planet.de\/en\/2023_01_moratorium-fuer-luetz\/","og_site_name":"Protect the Planet","article_publisher":"https:\/\/www.facebook.com\/protecttheplanetDE\/","article_published_time":"2023-01-13T16:07:05+00:00","article_modified_time":"2024-03-14T16:42:55+00:00","og_image":[{"width":800,"height":500,"url":"https:\/\/www.protect-the-planet.de\/wp-content\/uploads\/2023\/01\/beitragsbild-luetzerath-moratorium-1.png","type":"image\/png"}],"author":"Markus Raschke","twitter_card":"summary_large_image","twitter_creator":"@PtP_de","twitter_site":"@PtP_de","twitter_misc":{"Written by":"Markus Raschke","Est. reading time":"3 minutes"},"schema":{"@context":"https:\/\/schema.org","@graph":[{"@type":"Article","@id":"https:\/\/www.protect-the-planet.de\/en\/2023_01_moratorium-fuer-luetz\/#article","isPartOf":{"@id":"https:\/\/www.protect-the-planet.de\/en\/2023_01_moratorium-fuer-luetz\/"},"author":{"name":"Markus Raschke","@id":"https:\/\/www.protect-the-planet.de\/en\/#\/schema\/person\/2938106dc0af5691b82b52a1b3f39b0b"},"headline":"Es braucht jetzt ein L\u00fctzerath-Moratorium!","datePublished":"2023-01-13T16:07:05+00:00","dateModified":"2024-03-14T16:42:55+00:00","mainEntityOfPage":{"@id":"https:\/\/www.protect-the-planet.de\/en\/2023_01_moratorium-fuer-luetz\/"},"wordCount":285,"commentCount":0,"publisher":{"@id":"https:\/\/www.protect-the-planet.de\/en\/#organization"},"image":{"@id":"https:\/\/www.protect-the-planet.de\/en\/2023_01_moratorium-fuer-luetz\/#primaryimage"},"thumbnailUrl":"https:\/\/www.protect-the-planet.de\/wp-content\/uploads\/2023\/01\/beitragsbild-luetzerath-moratorium-1.png","keywords":["L\u00fctzerath","Moratorium","NRW","Petition"],"articleSection":["News"],"inLanguage":"en-US","potentialAction":[{"@type":"CommentAction","name":"Comment","target":["https:\/\/www.protect-the-planet.de\/en\/2023_01_moratorium-fuer-luetz\/#respond"]}]},{"@type":"WebPage","@id":"https:\/\/www.protect-the-planet.de\/en\/2023_01_moratorium-fuer-luetz\/","url":"https:\/\/www.protect-the-planet.de\/en\/2023_01_moratorium-fuer-luetz\/","name":"Es braucht jetzt ein L\u00fctzerath-Moratorium! - Protect the Planet","isPartOf":{"@id":"https:\/\/www.protect-the-planet.de\/en\/#website"},"primaryImageOfPage":{"@id":"https:\/\/www.protect-the-planet.de\/en\/2023_01_moratorium-fuer-luetz\/#primaryimage"},"image":{"@id":"https:\/\/www.protect-the-planet.de\/en\/2023_01_moratorium-fuer-luetz\/#primaryimage"},"thumbnailUrl":"https:\/\/www.protect-the-planet.de\/wp-content\/uploads\/2023\/01\/beitragsbild-luetzerath-moratorium-1.png","datePublished":"2023-01-13T16:07:05+00:00","dateModified":"2024-03-14T16:42:55+00:00","description":"Zeichnen Sie die Petition gemeinsam mit zahlreichen bekannten Pers\u00f6nlichkeiten aus Wirtschaft, Kunst, Kultur, Wissenschaft und Gesellschaft!","breadcrumb":{"@id":"https:\/\/www.protect-the-planet.de\/en\/2023_01_moratorium-fuer-luetz\/#breadcrumb"},"inLanguage":"en-US","potentialAction":[{"@type":"ReadAction","target":["https:\/\/www.protect-the-planet.de\/en\/2023_01_moratorium-fuer-luetz\/"]}]},{"@type":"ImageObject","inLanguage":"en-US","@id":"https:\/\/www.protect-the-planet.de\/en\/2023_01_moratorium-fuer-luetz\/#primaryimage","url":"https:\/\/www.protect-the-planet.de\/wp-content\/uploads\/2023\/01\/beitragsbild-luetzerath-moratorium-1.png","contentUrl":"https:\/\/www.protect-the-planet.de\/wp-content\/uploads\/2023\/01\/beitragsbild-luetzerath-moratorium-1.png","width":800,"height":500,"caption":"Beitragsbild L\u00fctzerath Moratorium"},{"@type":"BreadcrumbList","@id":"https:\/\/www.protect-the-planet.de\/en\/2023_01_moratorium-fuer-luetz\/#breadcrumb","itemListElement":[{"@type":"ListItem","position":1,"name":"Startseite","item":"https:\/\/www.protect-the-planet.de\/en\/home\/"},{"@type":"ListItem","position":2,"name":"Es braucht jetzt ein L\u00fctzerath-Moratorium!"}]},{"@type":"WebSite","@id":"https:\/\/www.protect-the-planet.de\/en\/#website","url":"https:\/\/www.protect-the-planet.de\/en\/","name":"Protect the Planet","description":"If we don&#039;t change, the climate will.","publisher":{"@id":"https:\/\/www.protect-the-planet.de\/en\/#organization"},"alternateName":"Protect the Panet gGmbH","potentialAction":[{"@type":"SearchAction","target":{"@type":"EntryPoint","urlTemplate":"https:\/\/www.protect-the-planet.de\/en\/?s={search_term_string}"},"query-input":{"@type":"PropertyValueSpecification","valueRequired":true,"valueName":"search_term_string"}}],"inLanguage":"en-US"},{"@type":"Organization","@id":"https:\/\/www.protect-the-planet.de\/en\/#organization","name":"Protect the Planet","url":"https:\/\/www.protect-the-planet.de\/en\/","logo":{"@type":"ImageObject","inLanguage":"en-US","@id":"https:\/\/www.protect-the-planet.de\/en\/#\/schema\/logo\/image\/","url":"https:\/\/www.protect-the-planet.de\/wp-content\/uploads\/2023\/09\/LOGO-positiv_transparent-klein.png","contentUrl":"https:\/\/www.protect-the-planet.de\/wp-content\/uploads\/2023\/09\/LOGO-positiv_transparent-klein.png","width":123,"height":68,"caption":"Protect the Planet"},"image":{"@id":"https:\/\/www.protect-the-planet.de\/en\/#\/schema\/logo\/image\/"},"sameAs":["https:\/\/www.facebook.com\/protecttheplanetDE\/","https:\/\/x.com\/PtP_de","https:\/\/www.instagram.com\/protecttheplanetorg\/","https:\/\/www.linkedin.com\/company\/protect-the-planet","https:\/\/www.youtube.com\/@protecttheplanet"]},{"@type":"Person","@id":"https:\/\/www.protect-the-planet.de\/en\/#\/schema\/person\/2938106dc0af5691b82b52a1b3f39b0b","name":"Markus Raschke","image":{"@type":"ImageObject","inLanguage":"en-US","@id":"https:\/\/www.protect-the-planet.de\/wp-content\/uploads\/2023\/06\/cropped-Gruppe-9@2x-96x96.png","url":"https:\/\/www.protect-the-planet.de\/wp-content\/uploads\/2023\/06\/cropped-Gruppe-9@2x-96x96.png","contentUrl":"https:\/\/www.protect-the-planet.de\/wp-content\/uploads\/2023\/06\/cropped-Gruppe-9@2x-96x96.png","caption":"Markus Raschke"},"description":"markus.raschke@protect-the-planet.de +49 160 930 54 965","url":"https:\/\/www.protect-the-planet.de\/en\/author\/raschke\/"}]}},"_links":{"self":[{"href":"https:\/\/www.protect-the-planet.de\/en\/wp-json\/wp\/v2\/posts\/22948","targetHints":{"allow":["GET"]}}],"collection":[{"href":"https:\/\/www.protect-the-planet.de\/en\/wp-json\/wp\/v2\/posts"}],"about":[{"href":"https:\/\/www.protect-the-planet.de\/en\/wp-json\/wp\/v2\/types\/post"}],"author":[{"embeddable":true,"href":"https:\/\/www.protect-the-planet.de\/en\/wp-json\/wp\/v2\/users\/5"}],"replies":[{"embeddable":true,"href":"https:\/\/www.protect-the-planet.de\/en\/wp-json\/wp\/v2\/comments?post=22948"}],"version-history":[{"count":0,"href":"https:\/\/www.protect-the-planet.de\/en\/wp-json\/wp\/v2\/posts\/22948\/revisions"}],"wp:featuredmedia":[{"embeddable":true,"href":"https:\/\/www.protect-the-planet.de\/en\/wp-json\/wp\/v2\/media\/21860"}],"wp:attachment":[{"href":"https:\/\/www.protect-the-planet.de\/en\/wp-json\/wp\/v2\/media?parent=22948"}],"wp:term":[{"taxonomy":"category","embeddable":true,"href":"https:\/\/www.protect-the-planet.de\/en\/wp-json\/wp\/v2\/categories?post=22948"},{"taxonomy":"post_tag","embeddable":true,"href":"https:\/\/www.protect-the-planet.de\/en\/wp-json\/wp\/v2\/tags?post=22948"}],"curies":[{"name":"wp","href":"https:\/\/api.w.org\/{rel}","templated":true}]}}