{"id":22766,"date":"2023-11-06T15:44:31","date_gmt":"2023-11-06T14:44:31","guid":{"rendered":"https:\/\/www.protect-the-planet.de\/?p=22766"},"modified":"2023-11-09T09:34:27","modified_gmt":"2023-11-09T08:34:27","slug":"filmabend-mit-vergiss-meyn-nicht-und-talkgast-konstantin-wecker-2","status":"publish","type":"post","link":"https:\/\/www.protect-the-planet.de\/en\/filmabend-mit-vergiss-meyn-nicht-und-talkgast-konstantin-wecker-2\/","title":{"rendered":"Neu im Team: Fenya Kirst als Elternzeitvertretung f\u00fcr Markus Raschke"},"content":{"rendered":"\t\t<div data-elementor-type=\"wp-post\" data-elementor-id=\"22766\" class=\"elementor elementor-22766 elementor-22765\" data-elementor-post-type=\"post\">\n\t\t\t\t<div class=\"elementor-element elementor-element-61f0461 e-flex e-con-boxed e-con e-parent\" data-id=\"61f0461\" data-element_type=\"container\" data-e-type=\"container\">\n\t\t\t\t\t<div class=\"e-con-inner\">\n\t\t\t\t<div class=\"elementor-element elementor-element-5577457d elementor-widget elementor-widget-text-editor\" data-id=\"5577457d\" data-element_type=\"widget\" data-e-type=\"widget\" data-widget_type=\"text-editor.default\">\n\t\t\t\t<div class=\"elementor-widget-container\">\n\t\t\t\t\t\t\t\t\t<div class=\"TypographyPresentation TypographyPresentation--m RichText3-paragraph--withVSpacingNormal RichText3-paragraph\">Seit Mitte Oktober ist unser Protect the Planet-Team nochmal um ein Gesicht gewachsen: Wir freuen uns, dass Fenya Kirst als Projektmanagerin von nun an mit an Board sein wird! Mit ihrer beruflichen Erfahrung in \u00d6ffentlichkeitsarbeit und Projektmanagement wird sie in Elternzeitvertretung f\u00fcr Markus Raschke u.a. Projekte im lokalen M\u00fcnchner Netzwerk \u00fcbernehmen und auch den WindRat in der \u00d6ffentlichkeitsarbeit unterst\u00fctzen.<\/div>\n<div class=\"TypographyPresentation TypographyPresentation--m RichText3-paragraph--withVSpacingNormal RichText3-paragraph\"> <\/div>\n<div class=\"TypographyPresentation TypographyPresentation--m RichText3-paragraph--withVSpacingNormal RichText3-paragraph\">Von Students for Future zu Studienzeiten \u00fcber das B\u00fcndnis \u201eM\u00fcnchen muss handeln\u201c und dem M\u00fcnchner Ern\u00e4hrungsrat bis hin zum Netzwerk bzw. <a href=\"https:\/\/energienetzwerk-muc.de\">Verein Saubere Energie M\u00fcnchen<\/a>: Fenya Kirst ist seit mehreren Jahren in der M\u00fcnchner Klimagerechtigkeitsbewegung aktiv und damit mit ihrem Know-how und Netzwerk f\u00fcr uns eine ideale Team-Erg\u00e4nzung.<\/div>\n<div class=\"TypographyPresentation TypographyPresentation--m RichText3-paragraph--withVSpacingNormal RichText3-paragraph\"> <\/div>\n<div class=\"TypographyPresentation TypographyPresentation--m RichText3-paragraph--withVSpacingNormal RichText3-paragraph\">Herzlich Willkommen im Team!<\/div>\n\t\t\t\t\t\t\t\t<\/div>\n\t\t\t\t<\/div>\n\t\t\t\t\t<\/div>\n\t\t\t\t<\/div>\n\t\t<div class=\"elementor-element elementor-element-3260a55 e-flex e-con-boxed e-con e-parent\" data-id=\"3260a55\" data-element_type=\"container\" data-e-type=\"container\">\n\t\t\t\t\t<div class=\"e-con-inner\">\n\t\t<div class=\"elementor-element elementor-element-058b38f e-flex e-con-boxed e-con e-parent\" data-id=\"058b38f\" data-element_type=\"container\" data-e-type=\"container\">\n\t\t\t\t\t<div class=\"e-con-inner\">\n\t\t\t\t\t<\/div>\n\t\t\t\t<\/div>\n\t\t\t\t\t<\/div>\n\t\t\t\t<\/div>\n\t\t<div class=\"elementor-element elementor-element-26cb85a e-flex e-con-boxed e-con e-parent\" data-id=\"26cb85a\" data-element_type=\"container\" data-e-type=\"container\">\n\t\t\t\t\t<div class=\"e-con-inner\">\n\t\t\t\t\t<\/div>\n\t\t\t\t<\/div>\n\t\t<div class=\"elementor-element elementor-element-1634251 e-flex e-con-boxed e-con e-parent\" data-id=\"1634251\" data-element_type=\"container\" data-e-type=\"container\">\n\t\t\t\t\t<div class=\"e-con-inner\">\n\t\t\t\t<div class=\"elementor-element elementor-element-e13bc76 elementor-widget elementor-widget-spacer\" data-id=\"e13bc76\" data-element_type=\"widget\" data-e-type=\"widget\" data-widget_type=\"spacer.default\">\n\t\t\t\t<div class=\"elementor-widget-container\">\n\t\t\t\t\t\t\t<div class=\"elementor-spacer\">\n\t\t\t<div class=\"elementor-spacer-inner\"><\/div>\n\t\t<\/div>\n\t\t\t\t\t\t<\/div>\n\t\t\t\t<\/div>\n\t\t\t\t\t<\/div>\n\t\t\t\t<\/div>\n\t\t\t\t<\/div>\n\t\t","protected":false},"excerpt":{"rendered":"<p>Seit Mitte Oktober ist unser Protect the Planet-Team nochmal um ein Gesicht gewachsen: Wir freuen uns, dass Fenya Kirst als Projektmanagerin von nun an mit an Board sein wird!<\/p>\n","protected":false},"author":3,"featured_media":22431,"comment_status":"open","ping_status":"open","sticky":false,"template":"","format":"standard","meta":{"footnotes":""},"categories":[729],"tags":[719,862,861,863,864,860],"class_list":["post-22766","post","type-post","status-publish","format-standard","has-post-thumbnail","hentry","category-news","tag-aktivismus-en","tag-elternzeitvertretung-en","tag-mitarbeiterin-en","tag-oeffentlichkeitsarbeit-en","tag-projektmanagement-en","tag-team-en"],"yoast_head":"<!-- This site is optimized with the Yoast SEO plugin v27.5 - https:\/\/yoast.com\/product\/yoast-seo-wordpress\/ -->\n<title>Neu im Team: Fenya Kirst als Elternzeitvertretung f\u00fcr Markus Raschke - Protect the Planet<\/title>\n<meta name=\"description\" content=\"Seit Mitte Oktober ist unser Team um ein Gesicht gewachsen: Wir freuen uns, dass Fenya Kirst als Projektmanagerin von nun an mit an Board sein wird!\" \/>\n<meta name=\"robots\" content=\"index, follow, max-snippet:-1, max-image-preview:large, max-video-preview:-1\" \/>\n<link rel=\"canonical\" href=\"https:\/\/www.protect-the-planet.de\/en\/filmabend-mit-vergiss-meyn-nicht-und-talkgast-konstantin-wecker-2\/\" \/>\n<meta property=\"og:locale\" content=\"en_US\" \/>\n<meta property=\"og:type\" content=\"article\" \/>\n<meta property=\"og:title\" content=\"Neu im Team: Fenya Kirst als Elternzeitvertretung f\u00fcr Markus Raschke - Protect the Planet\" \/>\n<meta property=\"og:description\" content=\"Seit Mitte Oktober ist unser Team um ein Gesicht gewachsen: Wir freuen uns, dass Fenya Kirst als Projektmanagerin von nun an mit an Board sein wird!\" \/>\n<meta property=\"og:url\" content=\"https:\/\/www.protect-the-planet.de\/en\/filmabend-mit-vergiss-meyn-nicht-und-talkgast-konstantin-wecker-2\/\" \/>\n<meta property=\"og:site_name\" content=\"Protect the Planet\" \/>\n<meta property=\"article:publisher\" content=\"https:\/\/www.facebook.com\/protecttheplanetDE\/\" \/>\n<meta property=\"article:published_time\" content=\"2023-11-06T14:44:31+00:00\" \/>\n<meta property=\"article:modified_time\" content=\"2023-11-09T08:34:27+00:00\" \/>\n<meta property=\"og:image\" content=\"https:\/\/www.protect-the-planet.de\/wp-content\/uploads\/2023\/10\/Fenya-Kirst_Bild-Hochformat-e1698153953597.jpg\" \/>\n\t<meta property=\"og:image:width\" content=\"588\" \/>\n\t<meta property=\"og:image:height\" content=\"786\" \/>\n\t<meta property=\"og:image:type\" content=\"image\/jpeg\" \/>\n<meta name=\"author\" content=\"Fenja Jacobs\" \/>\n<meta name=\"twitter:card\" content=\"summary_large_image\" \/>\n<meta name=\"twitter:creator\" content=\"@PtP_de\" \/>\n<meta name=\"twitter:site\" content=\"@PtP_de\" \/>\n<meta name=\"twitter:label1\" content=\"Written by\" \/>\n\t<meta name=\"twitter:data1\" content=\"Fenja Jacobs\" \/>\n\t<meta name=\"twitter:label2\" content=\"Est. reading time\" \/>\n\t<meta name=\"twitter:data2\" content=\"2 minutes\" \/>\n<script type=\"application\/ld+json\" class=\"yoast-schema-graph\">{\"@context\":\"https:\\\/\\\/schema.org\",\"@graph\":[{\"@type\":\"Article\",\"@id\":\"https:\\\/\\\/www.protect-the-planet.de\\\/en\\\/filmabend-mit-vergiss-meyn-nicht-und-talkgast-konstantin-wecker-2\\\/#article\",\"isPartOf\":{\"@id\":\"https:\\\/\\\/www.protect-the-planet.de\\\/en\\\/filmabend-mit-vergiss-meyn-nicht-und-talkgast-konstantin-wecker-2\\\/\"},\"author\":{\"name\":\"Fenja Jacobs\",\"@id\":\"https:\\\/\\\/www.protect-the-planet.de\\\/en\\\/#\\\/schema\\\/person\\\/c843c153d0dd33ec584996931e438bce\"},\"headline\":\"Neu im Team: Fenya Kirst als Elternzeitvertretung f\u00fcr Markus Raschke\",\"datePublished\":\"2023-11-06T14:44:31+00:00\",\"dateModified\":\"2023-11-09T08:34:27+00:00\",\"mainEntityOfPage\":{\"@id\":\"https:\\\/\\\/www.protect-the-planet.de\\\/en\\\/filmabend-mit-vergiss-meyn-nicht-und-talkgast-konstantin-wecker-2\\\/\"},\"wordCount\":134,\"commentCount\":0,\"publisher\":{\"@id\":\"https:\\\/\\\/www.protect-the-planet.de\\\/en\\\/#organization\"},\"image\":{\"@id\":\"https:\\\/\\\/www.protect-the-planet.de\\\/en\\\/filmabend-mit-vergiss-meyn-nicht-und-talkgast-konstantin-wecker-2\\\/#primaryimage\"},\"thumbnailUrl\":\"https:\\\/\\\/www.protect-the-planet.de\\\/wp-content\\\/uploads\\\/2023\\\/10\\\/Fenya-Kirst_Bild-Hochformat-e1698153953597.jpg\",\"keywords\":[\"Aktivismus\",\"elternzeitvertretung\",\"mitarbeiterin\",\"\u00f6ffentlichkeitsarbeit\",\"projektmanagement\",\"team\"],\"articleSection\":[\"News\"],\"inLanguage\":\"en-US\",\"potentialAction\":[{\"@type\":\"CommentAction\",\"name\":\"Comment\",\"target\":[\"https:\\\/\\\/www.protect-the-planet.de\\\/en\\\/filmabend-mit-vergiss-meyn-nicht-und-talkgast-konstantin-wecker-2\\\/#respond\"]}]},{\"@type\":\"WebPage\",\"@id\":\"https:\\\/\\\/www.protect-the-planet.de\\\/en\\\/filmabend-mit-vergiss-meyn-nicht-und-talkgast-konstantin-wecker-2\\\/\",\"url\":\"https:\\\/\\\/www.protect-the-planet.de\\\/en\\\/filmabend-mit-vergiss-meyn-nicht-und-talkgast-konstantin-wecker-2\\\/\",\"name\":\"Neu im Team: Fenya Kirst als Elternzeitvertretung f\u00fcr Markus Raschke - Protect the Planet\",\"isPartOf\":{\"@id\":\"https:\\\/\\\/www.protect-the-planet.de\\\/en\\\/#website\"},\"primaryImageOfPage\":{\"@id\":\"https:\\\/\\\/www.protect-the-planet.de\\\/en\\\/filmabend-mit-vergiss-meyn-nicht-und-talkgast-konstantin-wecker-2\\\/#primaryimage\"},\"image\":{\"@id\":\"https:\\\/\\\/www.protect-the-planet.de\\\/en\\\/filmabend-mit-vergiss-meyn-nicht-und-talkgast-konstantin-wecker-2\\\/#primaryimage\"},\"thumbnailUrl\":\"https:\\\/\\\/www.protect-the-planet.de\\\/wp-content\\\/uploads\\\/2023\\\/10\\\/Fenya-Kirst_Bild-Hochformat-e1698153953597.jpg\",\"datePublished\":\"2023-11-06T14:44:31+00:00\",\"dateModified\":\"2023-11-09T08:34:27+00:00\",\"description\":\"Seit Mitte Oktober ist unser Team um ein Gesicht gewachsen: Wir freuen uns, dass Fenya Kirst als Projektmanagerin von nun an mit an Board sein wird!\",\"breadcrumb\":{\"@id\":\"https:\\\/\\\/www.protect-the-planet.de\\\/en\\\/filmabend-mit-vergiss-meyn-nicht-und-talkgast-konstantin-wecker-2\\\/#breadcrumb\"},\"inLanguage\":\"en-US\",\"potentialAction\":[{\"@type\":\"ReadAction\",\"target\":[\"https:\\\/\\\/www.protect-the-planet.de\\\/en\\\/filmabend-mit-vergiss-meyn-nicht-und-talkgast-konstantin-wecker-2\\\/\"]}]},{\"@type\":\"ImageObject\",\"inLanguage\":\"en-US\",\"@id\":\"https:\\\/\\\/www.protect-the-planet.de\\\/en\\\/filmabend-mit-vergiss-meyn-nicht-und-talkgast-konstantin-wecker-2\\\/#primaryimage\",\"url\":\"https:\\\/\\\/www.protect-the-planet.de\\\/wp-content\\\/uploads\\\/2023\\\/10\\\/Fenya-Kirst_Bild-Hochformat-e1698153953597.jpg\",\"contentUrl\":\"https:\\\/\\\/www.protect-the-planet.de\\\/wp-content\\\/uploads\\\/2023\\\/10\\\/Fenya-Kirst_Bild-Hochformat-e1698153953597.jpg\",\"width\":588,\"height\":786},{\"@type\":\"BreadcrumbList\",\"@id\":\"https:\\\/\\\/www.protect-the-planet.de\\\/en\\\/filmabend-mit-vergiss-meyn-nicht-und-talkgast-konstantin-wecker-2\\\/#breadcrumb\",\"itemListElement\":[{\"@type\":\"ListItem\",\"position\":1,\"name\":\"Startseite\",\"item\":\"https:\\\/\\\/www.protect-the-planet.de\\\/en\\\/home\\\/\"},{\"@type\":\"ListItem\",\"position\":2,\"name\":\"Neu im Team: Fenya Kirst als Elternzeitvertretung f\u00fcr Markus Raschke\"}]},{\"@type\":\"WebSite\",\"@id\":\"https:\\\/\\\/www.protect-the-planet.de\\\/en\\\/#website\",\"url\":\"https:\\\/\\\/www.protect-the-planet.de\\\/en\\\/\",\"name\":\"Protect the Planet\",\"description\":\"If we don&#039;t change, the climate will.\",\"publisher\":{\"@id\":\"https:\\\/\\\/www.protect-the-planet.de\\\/en\\\/#organization\"},\"alternateName\":\"Protect the Panet gGmbH\",\"potentialAction\":[{\"@type\":\"SearchAction\",\"target\":{\"@type\":\"EntryPoint\",\"urlTemplate\":\"https:\\\/\\\/www.protect-the-planet.de\\\/en\\\/?s={search_term_string}\"},\"query-input\":{\"@type\":\"PropertyValueSpecification\",\"valueRequired\":true,\"valueName\":\"search_term_string\"}}],\"inLanguage\":\"en-US\"},{\"@type\":\"Organization\",\"@id\":\"https:\\\/\\\/www.protect-the-planet.de\\\/en\\\/#organization\",\"name\":\"Protect the Planet\",\"url\":\"https:\\\/\\\/www.protect-the-planet.de\\\/en\\\/\",\"logo\":{\"@type\":\"ImageObject\",\"inLanguage\":\"en-US\",\"@id\":\"https:\\\/\\\/www.protect-the-planet.de\\\/en\\\/#\\\/schema\\\/logo\\\/image\\\/\",\"url\":\"https:\\\/\\\/www.protect-the-planet.de\\\/wp-content\\\/uploads\\\/2023\\\/09\\\/LOGO-positiv_transparent-klein.png\",\"contentUrl\":\"https:\\\/\\\/www.protect-the-planet.de\\\/wp-content\\\/uploads\\\/2023\\\/09\\\/LOGO-positiv_transparent-klein.png\",\"width\":123,\"height\":68,\"caption\":\"Protect the Planet\"},\"image\":{\"@id\":\"https:\\\/\\\/www.protect-the-planet.de\\\/en\\\/#\\\/schema\\\/logo\\\/image\\\/\"},\"sameAs\":[\"https:\\\/\\\/www.facebook.com\\\/protecttheplanetDE\\\/\",\"https:\\\/\\\/x.com\\\/PtP_de\",\"https:\\\/\\\/www.instagram.com\\\/protecttheplanetorg\\\/\",\"https:\\\/\\\/www.linkedin.com\\\/company\\\/protect-the-planet\",\"https:\\\/\\\/www.youtube.com\\\/@protecttheplanet\"]},{\"@type\":\"Person\",\"@id\":\"https:\\\/\\\/www.protect-the-planet.de\\\/en\\\/#\\\/schema\\\/person\\\/c843c153d0dd33ec584996931e438bce\",\"name\":\"Fenja Jacobs\",\"image\":{\"@type\":\"ImageObject\",\"inLanguage\":\"en-US\",\"@id\":\"https:\\\/\\\/secure.gravatar.com\\\/avatar\\\/1319de9aaea70b6c6ed807392ef95d6582ceaf98cca9de0a0022ba8e0d3a7fc3?s=96&d=mm&r=g\",\"url\":\"https:\\\/\\\/secure.gravatar.com\\\/avatar\\\/1319de9aaea70b6c6ed807392ef95d6582ceaf98cca9de0a0022ba8e0d3a7fc3?s=96&d=mm&r=g\",\"contentUrl\":\"https:\\\/\\\/secure.gravatar.com\\\/avatar\\\/1319de9aaea70b6c6ed807392ef95d6582ceaf98cca9de0a0022ba8e0d3a7fc3?s=96&d=mm&r=g\",\"caption\":\"Fenja Jacobs\"},\"url\":\"https:\\\/\\\/www.protect-the-planet.de\\\/en\\\/author\\\/fenja-jacobs\\\/\"}]}<\/script>\n<!-- \/ Yoast SEO plugin. -->","yoast_head_json":{"title":"Neu im Team: Fenya Kirst als Elternzeitvertretung f\u00fcr Markus Raschke - Protect the Planet","description":"Seit Mitte Oktober ist unser Team um ein Gesicht gewachsen: Wir freuen uns, dass Fenya Kirst als Projektmanagerin von nun an mit an Board sein wird!","robots":{"index":"index","follow":"follow","max-snippet":"max-snippet:-1","max-image-preview":"max-image-preview:large","max-video-preview":"max-video-preview:-1"},"canonical":"https:\/\/www.protect-the-planet.de\/en\/filmabend-mit-vergiss-meyn-nicht-und-talkgast-konstantin-wecker-2\/","og_locale":"en_US","og_type":"article","og_title":"Neu im Team: Fenya Kirst als Elternzeitvertretung f\u00fcr Markus Raschke - Protect the Planet","og_description":"Seit Mitte Oktober ist unser Team um ein Gesicht gewachsen: Wir freuen uns, dass Fenya Kirst als Projektmanagerin von nun an mit an Board sein wird!","og_url":"https:\/\/www.protect-the-planet.de\/en\/filmabend-mit-vergiss-meyn-nicht-und-talkgast-konstantin-wecker-2\/","og_site_name":"Protect the Planet","article_publisher":"https:\/\/www.facebook.com\/protecttheplanetDE\/","article_published_time":"2023-11-06T14:44:31+00:00","article_modified_time":"2023-11-09T08:34:27+00:00","og_image":[{"width":588,"height":786,"url":"https:\/\/www.protect-the-planet.de\/wp-content\/uploads\/2023\/10\/Fenya-Kirst_Bild-Hochformat-e1698153953597.jpg","type":"image\/jpeg"}],"author":"Fenja Jacobs","twitter_card":"summary_large_image","twitter_creator":"@PtP_de","twitter_site":"@PtP_de","twitter_misc":{"Written by":"Fenja Jacobs","Est. reading time":"2 minutes"},"schema":{"@context":"https:\/\/schema.org","@graph":[{"@type":"Article","@id":"https:\/\/www.protect-the-planet.de\/en\/filmabend-mit-vergiss-meyn-nicht-und-talkgast-konstantin-wecker-2\/#article","isPartOf":{"@id":"https:\/\/www.protect-the-planet.de\/en\/filmabend-mit-vergiss-meyn-nicht-und-talkgast-konstantin-wecker-2\/"},"author":{"name":"Fenja Jacobs","@id":"https:\/\/www.protect-the-planet.de\/en\/#\/schema\/person\/c843c153d0dd33ec584996931e438bce"},"headline":"Neu im Team: Fenya Kirst als Elternzeitvertretung f\u00fcr Markus Raschke","datePublished":"2023-11-06T14:44:31+00:00","dateModified":"2023-11-09T08:34:27+00:00","mainEntityOfPage":{"@id":"https:\/\/www.protect-the-planet.de\/en\/filmabend-mit-vergiss-meyn-nicht-und-talkgast-konstantin-wecker-2\/"},"wordCount":134,"commentCount":0,"publisher":{"@id":"https:\/\/www.protect-the-planet.de\/en\/#organization"},"image":{"@id":"https:\/\/www.protect-the-planet.de\/en\/filmabend-mit-vergiss-meyn-nicht-und-talkgast-konstantin-wecker-2\/#primaryimage"},"thumbnailUrl":"https:\/\/www.protect-the-planet.de\/wp-content\/uploads\/2023\/10\/Fenya-Kirst_Bild-Hochformat-e1698153953597.jpg","keywords":["Aktivismus","elternzeitvertretung","mitarbeiterin","\u00f6ffentlichkeitsarbeit","projektmanagement","team"],"articleSection":["News"],"inLanguage":"en-US","potentialAction":[{"@type":"CommentAction","name":"Comment","target":["https:\/\/www.protect-the-planet.de\/en\/filmabend-mit-vergiss-meyn-nicht-und-talkgast-konstantin-wecker-2\/#respond"]}]},{"@type":"WebPage","@id":"https:\/\/www.protect-the-planet.de\/en\/filmabend-mit-vergiss-meyn-nicht-und-talkgast-konstantin-wecker-2\/","url":"https:\/\/www.protect-the-planet.de\/en\/filmabend-mit-vergiss-meyn-nicht-und-talkgast-konstantin-wecker-2\/","name":"Neu im Team: Fenya Kirst als Elternzeitvertretung f\u00fcr Markus Raschke - Protect the Planet","isPartOf":{"@id":"https:\/\/www.protect-the-planet.de\/en\/#website"},"primaryImageOfPage":{"@id":"https:\/\/www.protect-the-planet.de\/en\/filmabend-mit-vergiss-meyn-nicht-und-talkgast-konstantin-wecker-2\/#primaryimage"},"image":{"@id":"https:\/\/www.protect-the-planet.de\/en\/filmabend-mit-vergiss-meyn-nicht-und-talkgast-konstantin-wecker-2\/#primaryimage"},"thumbnailUrl":"https:\/\/www.protect-the-planet.de\/wp-content\/uploads\/2023\/10\/Fenya-Kirst_Bild-Hochformat-e1698153953597.jpg","datePublished":"2023-11-06T14:44:31+00:00","dateModified":"2023-11-09T08:34:27+00:00","description":"Seit Mitte Oktober ist unser Team um ein Gesicht gewachsen: Wir freuen uns, dass Fenya Kirst als Projektmanagerin von nun an mit an Board sein wird!","breadcrumb":{"@id":"https:\/\/www.protect-the-planet.de\/en\/filmabend-mit-vergiss-meyn-nicht-und-talkgast-konstantin-wecker-2\/#breadcrumb"},"inLanguage":"en-US","potentialAction":[{"@type":"ReadAction","target":["https:\/\/www.protect-the-planet.de\/en\/filmabend-mit-vergiss-meyn-nicht-und-talkgast-konstantin-wecker-2\/"]}]},{"@type":"ImageObject","inLanguage":"en-US","@id":"https:\/\/www.protect-the-planet.de\/en\/filmabend-mit-vergiss-meyn-nicht-und-talkgast-konstantin-wecker-2\/#primaryimage","url":"https:\/\/www.protect-the-planet.de\/wp-content\/uploads\/2023\/10\/Fenya-Kirst_Bild-Hochformat-e1698153953597.jpg","contentUrl":"https:\/\/www.protect-the-planet.de\/wp-content\/uploads\/2023\/10\/Fenya-Kirst_Bild-Hochformat-e1698153953597.jpg","width":588,"height":786},{"@type":"BreadcrumbList","@id":"https:\/\/www.protect-the-planet.de\/en\/filmabend-mit-vergiss-meyn-nicht-und-talkgast-konstantin-wecker-2\/#breadcrumb","itemListElement":[{"@type":"ListItem","position":1,"name":"Startseite","item":"https:\/\/www.protect-the-planet.de\/en\/home\/"},{"@type":"ListItem","position":2,"name":"Neu im Team: Fenya Kirst als Elternzeitvertretung f\u00fcr Markus Raschke"}]},{"@type":"WebSite","@id":"https:\/\/www.protect-the-planet.de\/en\/#website","url":"https:\/\/www.protect-the-planet.de\/en\/","name":"Protect the Planet","description":"If we don&#039;t change, the climate will.","publisher":{"@id":"https:\/\/www.protect-the-planet.de\/en\/#organization"},"alternateName":"Protect the Panet gGmbH","potentialAction":[{"@type":"SearchAction","target":{"@type":"EntryPoint","urlTemplate":"https:\/\/www.protect-the-planet.de\/en\/?s={search_term_string}"},"query-input":{"@type":"PropertyValueSpecification","valueRequired":true,"valueName":"search_term_string"}}],"inLanguage":"en-US"},{"@type":"Organization","@id":"https:\/\/www.protect-the-planet.de\/en\/#organization","name":"Protect the Planet","url":"https:\/\/www.protect-the-planet.de\/en\/","logo":{"@type":"ImageObject","inLanguage":"en-US","@id":"https:\/\/www.protect-the-planet.de\/en\/#\/schema\/logo\/image\/","url":"https:\/\/www.protect-the-planet.de\/wp-content\/uploads\/2023\/09\/LOGO-positiv_transparent-klein.png","contentUrl":"https:\/\/www.protect-the-planet.de\/wp-content\/uploads\/2023\/09\/LOGO-positiv_transparent-klein.png","width":123,"height":68,"caption":"Protect the Planet"},"image":{"@id":"https:\/\/www.protect-the-planet.de\/en\/#\/schema\/logo\/image\/"},"sameAs":["https:\/\/www.facebook.com\/protecttheplanetDE\/","https:\/\/x.com\/PtP_de","https:\/\/www.instagram.com\/protecttheplanetorg\/","https:\/\/www.linkedin.com\/company\/protect-the-planet","https:\/\/www.youtube.com\/@protecttheplanet"]},{"@type":"Person","@id":"https:\/\/www.protect-the-planet.de\/en\/#\/schema\/person\/c843c153d0dd33ec584996931e438bce","name":"Fenja Jacobs","image":{"@type":"ImageObject","inLanguage":"en-US","@id":"https:\/\/secure.gravatar.com\/avatar\/1319de9aaea70b6c6ed807392ef95d6582ceaf98cca9de0a0022ba8e0d3a7fc3?s=96&d=mm&r=g","url":"https:\/\/secure.gravatar.com\/avatar\/1319de9aaea70b6c6ed807392ef95d6582ceaf98cca9de0a0022ba8e0d3a7fc3?s=96&d=mm&r=g","contentUrl":"https:\/\/secure.gravatar.com\/avatar\/1319de9aaea70b6c6ed807392ef95d6582ceaf98cca9de0a0022ba8e0d3a7fc3?s=96&d=mm&r=g","caption":"Fenja Jacobs"},"url":"https:\/\/www.protect-the-planet.de\/en\/author\/fenja-jacobs\/"}]}},"_links":{"self":[{"href":"https:\/\/www.protect-the-planet.de\/en\/wp-json\/wp\/v2\/posts\/22766","targetHints":{"allow":["GET"]}}],"collection":[{"href":"https:\/\/www.protect-the-planet.de\/en\/wp-json\/wp\/v2\/posts"}],"about":[{"href":"https:\/\/www.protect-the-planet.de\/en\/wp-json\/wp\/v2\/types\/post"}],"author":[{"embeddable":true,"href":"https:\/\/www.protect-the-planet.de\/en\/wp-json\/wp\/v2\/users\/3"}],"replies":[{"embeddable":true,"href":"https:\/\/www.protect-the-planet.de\/en\/wp-json\/wp\/v2\/comments?post=22766"}],"version-history":[{"count":0,"href":"https:\/\/www.protect-the-planet.de\/en\/wp-json\/wp\/v2\/posts\/22766\/revisions"}],"wp:featuredmedia":[{"embeddable":true,"href":"https:\/\/www.protect-the-planet.de\/en\/wp-json\/wp\/v2\/media\/22431"}],"wp:attachment":[{"href":"https:\/\/www.protect-the-planet.de\/en\/wp-json\/wp\/v2\/media?parent=22766"}],"wp:term":[{"taxonomy":"category","embeddable":true,"href":"https:\/\/www.protect-the-planet.de\/en\/wp-json\/wp\/v2\/categories?post=22766"},{"taxonomy":"post_tag","embeddable":true,"href":"https:\/\/www.protect-the-planet.de\/en\/wp-json\/wp\/v2\/tags?post=22766"}],"curies":[{"name":"wp","href":"https:\/\/api.w.org\/{rel}","templated":true}]}}