{"id":22690,"date":"2023-11-02T15:16:34","date_gmt":"2023-11-02T14:16:34","guid":{"rendered":"https:\/\/www.protect-the-planet.de\/?p=22690"},"modified":"2023-11-09T09:31:19","modified_gmt":"2023-11-09T08:31:19","slug":"filmabend-mit-vergiss-meyn-nicht-und-talkgast-konstantin-wecker","status":"publish","type":"post","link":"https:\/\/www.protect-the-planet.de\/en\/filmabend-mit-vergiss-meyn-nicht-und-talkgast-konstantin-wecker\/","title":{"rendered":"Einen Monat Klimagerechtigkeit: Der M\u00fcnchner Klimaherbst 2023"},"content":{"rendered":"\t\t<div data-elementor-type=\"wp-post\" data-elementor-id=\"22690\" class=\"elementor elementor-22690 elementor-22689\" data-elementor-post-type=\"post\">\n\t\t\t\t<div class=\"elementor-element elementor-element-61f0461 e-flex e-con-boxed e-con e-parent\" data-id=\"61f0461\" data-element_type=\"container\" data-e-type=\"container\">\n\t\t\t\t\t<div class=\"e-con-inner\">\n\t\t\t\t<div class=\"elementor-element elementor-element-5577457d elementor-widget elementor-widget-text-editor\" data-id=\"5577457d\" data-element_type=\"widget\" data-e-type=\"widget\" data-widget_type=\"text-editor.default\">\n\t\t\t\t<div class=\"elementor-widget-container\">\n\t\t\t\t\t\t\t\t\t<div class=\"page\" title=\"Page 2\">\n<div class=\"layoutArea\">\n<div class=\"column\">\n<p style=\"font-weight: 400;\">Der <a href=\"https:\/\/klimaherbst.de\/\">M\u00fcnchner Klimaherbst<\/a> 2023 ist vorbei \u2013 aber die Veranstaltungsreihe war auch in diesem Jahr wieder ein voller Erfolg und ein absolutes Highlight in unserem Jahreskalender. \u00dcber 60 Events wurden zum diesj\u00e4hrigen Thema \u201e<strong>Klimagerechtigkeit<\/strong>\u201c durchgef\u00fchrt, organisiert von einer Vielzahl an Organisationen aus der M\u00fcnchner Nachhaltigkeitsbewegung.<\/p>\n<p style=\"font-weight: 400;\">Wir als Protect the Planet waren in Kooperation mit unserem ehrenamtlichen Veranstaltungskoordinator Dr. Helmut Paschlau (wir danken herzlich an dieser Stelle!) und dem <a href=\"https:\/\/energienetzwerk-muc.de\/verein\/\">Verein Saubere Energie M\u00fcnchen e.V.<\/a> gleich mit <strong>mehreren Veranstaltungen<\/strong> dabei. Die Aufzeichnungen finden sich zum Nachsehen auf <strong>Youtube<\/strong>:<\/p>\n<ul>\n<li><a href=\"https:\/\/www.protect-the-planet.de\/event\/2023_10_09-vogt-klimagerechtigkeit-sozialethik\/\"> Dr. Markus Vogt (Lehrstuhl Sozialethik der LMU): \u201eWas ist Klimagerechtigkeit? Was hat das mit uns zu tun?\u201c<\/a><\/li>\n<li><a href=\"https:\/\/www.protect-the-planet.de\/event\/2023_10_10-munichzero-klima-monitoring\/\">Julia Kirchweger, Ferdinand Ort, Dr. Heiner Fuhrmann (M\u00fcnchenZero): \u201eKlima-Monitoring f\u00fcr M\u00fcnchen\u201c<\/a><\/li>\n<li><a href=\"https:\/\/www.protect-the-planet.de\/event\/2023_10_17-mvhs-klimagerechtes-muc\/\">Gro\u00dfe Podiumsdiskussion: \u201eKlimagerechtes M\u00fcnchen \u2013 Was tut die Stadt?\u201c<\/a><\/li>\n<li><a href=\"https:\/\/www.protect-the-planet.de\/event\/2023_10_12-averbeck-wasserstoff\/\"> Christiane Averbeck (Klima-Allianz Deutschland): \u201eWasserstoff \u2013 neokoloniales Projekt oder Klima-gerecht?\u201c<\/a><\/li>\n<li><a href=\"https:\/\/www.protect-the-planet.de\/en\/event\/2023_10_26-zuber-fahrplan-klimagerechtes-d\/\"> Julian Zuber (GermanZero e.V.): \u201eFahrplan f\u00fcr ein klimagerechteres Deutschland\u201c<\/a><\/li>\n<\/ul>\n<p>(Die Veranstaltung mit Dr. Verheyen zum Thema <a href=\"https:\/\/www.protect-the-planet.de\/event\/2023_10_30-verheyen-klimaklagen-als-ausweg\/\">\u201eKlimaklagen als Ausweg aus der Klimakrise?\u201c<\/a> musste leider verschoben werden \u2013 melden Sie sich zum <a href=\"https:\/\/www.protect-the-planet.de\/en\/newsletters\/\">Newsletter<\/a> an, um \u00fcber den neuen Termin informiert zu werden.)<\/p>\n<\/div>\n<div class=\"column\">\n<h2 style=\"font-weight: 400;\"><strong>Das Thema des Klimaherbstes: Klimagerechtigkeit.<\/strong><\/h2>\n<p style=\"font-weight: 400;\">Was auf den ersten Blick f\u00fcr klimainteressierte Menschen nach einem bekannten Begriff klingt, ist auf den zweiten Blick doch gar nicht so leicht zu definieren. (Eine Einf\u00fchrung in den Begriff gibt der Klimaherbst auf seiner Website <a href=\"https:\/\/klimaherbst.de\/klimagerechtigkeit\/\">hier<\/a>.) Beim Abschluss-Dinner res\u00fcmiert das Klimaherbst-Team vor allem: Durch den thematischen Schwerpunkt auf Klima<u>gerechtigkeit<\/u> ergab sich die M\u00f6glichkeit, zahlreiche neue Partner*innen ins Boot zu holen, zum Beispiel aus migrantischen Gruppen in M\u00fcnchen. So ist tats\u00e4chlich ein Gro\u00dfteil der Veranstaltungen des Klimaherbstes dieses Jahr als Kooperation zwischen verschiedenen Organisationen entstanden. Der Beamer wirft beim Abschlussdinner den ber\u00fchmten Spruch von Christoph Bals, Germanwatch e.V., an die Wand: <strong>\u201eKooperation ist die einzig konstruktive Antwort auf den Klimawandel.\u201c<\/strong><\/p>\n<p style=\"font-weight: 400;\">Wir sagen <strong>DANKE<\/strong> an die Organisator*innen des M\u00fcnchner Klimaherbstes, die diesen Veranstaltungsmonat zwischen Wiesn und Halloween auch in diesem Jahr wieder mit Bravour auf die Beine gestellt haben. Wir sind nat\u00fcrlich im n\u00e4chsten Jahr wieder mit dabei!<\/p>\n<p style=\"font-weight: 400;\">Noch kann man f\u00fcr die Veranstaltungen 2023 <strong><a href=\"https:\/\/klimaherbst.de\/feedback\/\">online Feedback<\/a><\/strong> abgeben: Wir bitten, gro\u00dfz\u00fcgig davon Gebrauch zu machen, damit der Klimaherbst n\u00e4chstes Jahr noch gr\u00f6\u00dfer und noch spannender werden kann.<\/p>\n<\/div>\n<\/div>\n<\/div>\n\t\t\t\t\t\t\t\t<\/div>\n\t\t\t\t<\/div>\n\t\t\t\t\t<\/div>\n\t\t\t\t<\/div>\n\t\t<div class=\"elementor-element elementor-element-3260a55 e-flex e-con-boxed e-con e-parent\" data-id=\"3260a55\" data-element_type=\"container\" data-e-type=\"container\">\n\t\t\t\t\t<div class=\"e-con-inner\">\n\t\t<div class=\"elementor-element elementor-element-058b38f e-flex e-con-boxed e-con e-parent\" data-id=\"058b38f\" data-element_type=\"container\" data-e-type=\"container\">\n\t\t\t\t\t<div class=\"e-con-inner\">\n\t\t\t\t\t<\/div>\n\t\t\t\t<\/div>\n\t\t\t\t\t<\/div>\n\t\t\t\t<\/div>\n\t\t<div class=\"elementor-element elementor-element-26cb85a e-flex e-con-boxed e-con e-parent\" data-id=\"26cb85a\" data-element_type=\"container\" data-e-type=\"container\">\n\t\t\t\t\t<div class=\"e-con-inner\">\n\t\t\t\t\t<\/div>\n\t\t\t\t<\/div>\n\t\t<div class=\"elementor-element elementor-element-1634251 e-flex e-con-boxed e-con e-parent\" data-id=\"1634251\" data-element_type=\"container\" data-e-type=\"container\">\n\t\t\t\t\t<div class=\"e-con-inner\">\n\t\t\t\t<div class=\"elementor-element elementor-element-e13bc76 elementor-widget elementor-widget-spacer\" data-id=\"e13bc76\" data-element_type=\"widget\" data-e-type=\"widget\" data-widget_type=\"spacer.default\">\n\t\t\t\t<div class=\"elementor-widget-container\">\n\t\t\t\t\t\t\t<div class=\"elementor-spacer\">\n\t\t\t<div class=\"elementor-spacer-inner\"><\/div>\n\t\t<\/div>\n\t\t\t\t\t\t<\/div>\n\t\t\t\t<\/div>\n\t\t\t\t\t<\/div>\n\t\t\t\t<\/div>\n\t\t\t\t<\/div>\n\t\t","protected":false},"excerpt":{"rendered":"<p>Der M\u00fcnchner Klimaherbst 2023 ist vorbei \u2013 aber die Veranstaltungsreihe war auch in diesem Jahr wieder ein voller Erfolg und ein absolutes Highlight in unserem Jahreskalender.<\/p>\n","protected":false},"author":6,"featured_media":22693,"comment_status":"open","ping_status":"open","sticky":false,"template":"","format":"standard","meta":{"footnotes":""},"categories":[729],"tags":[719,858,857,855,733,710,734,753,856,854,859,703],"class_list":["post-22690","post","type-post","status-publish","format-standard","has-post-thumbnail","hentry","category-news","tag-aktivismus-en","tag-event-en","tag-klimabildung-en","tag-klimaherbst-en","tag-klimakrise-en","tag-klimaschutz-en","tag-klimaziele-en","tag-muenchen-en","tag-netzwerk-klimaherbst-en","tag-paschlau-en","tag-veranstaltungen-en","tag-vortragsreihe-en"],"yoast_head":"<!-- This site is optimized with the Yoast SEO plugin v27.5 - https:\/\/yoast.com\/product\/yoast-seo-wordpress\/ -->\n<title>Einen Monat Klimagerechtigkeit: Der M\u00fcnchner Klimaherbst 2023 - Protect the Planet<\/title>\n<meta name=\"description\" content=\"Der M\u00fcnchner Klimaherbst 2023 ist vorbei \u2013 aber die Veranstaltungsreihe war auch in diesem Jahr wieder ein voller Erfolg und ein absolutes Highlight in unserem Jahreskalender.\" \/>\n<meta name=\"robots\" content=\"index, follow, max-snippet:-1, max-image-preview:large, max-video-preview:-1\" \/>\n<link rel=\"canonical\" href=\"https:\/\/www.protect-the-planet.de\/en\/filmabend-mit-vergiss-meyn-nicht-und-talkgast-konstantin-wecker\/\" \/>\n<meta property=\"og:locale\" content=\"en_US\" \/>\n<meta property=\"og:type\" content=\"article\" \/>\n<meta property=\"og:title\" content=\"Einen Monat Klimagerechtigkeit: Der M\u00fcnchner Klimaherbst 2023 - Protect the Planet\" \/>\n<meta property=\"og:description\" content=\"Der M\u00fcnchner Klimaherbst 2023 ist vorbei \u2013 aber die Veranstaltungsreihe war auch in diesem Jahr wieder ein voller Erfolg und ein absolutes Highlight in unserem Jahreskalender.\" \/>\n<meta property=\"og:url\" content=\"https:\/\/www.protect-the-planet.de\/en\/filmabend-mit-vergiss-meyn-nicht-und-talkgast-konstantin-wecker\/\" \/>\n<meta property=\"og:site_name\" content=\"Protect the Planet\" \/>\n<meta property=\"article:publisher\" content=\"https:\/\/www.facebook.com\/protecttheplanetDE\/\" \/>\n<meta property=\"article:published_time\" content=\"2023-11-02T14:16:34+00:00\" \/>\n<meta property=\"article:modified_time\" content=\"2023-11-09T08:31:19+00:00\" \/>\n<meta property=\"og:image\" content=\"https:\/\/www.protect-the-planet.de\/wp-content\/uploads\/2023\/11\/News-Beitragsbilder.jpg\" \/>\n\t<meta property=\"og:image:width\" content=\"800\" \/>\n\t<meta property=\"og:image:height\" content=\"500\" \/>\n\t<meta property=\"og:image:type\" content=\"image\/jpeg\" \/>\n<meta name=\"author\" content=\"Fenya Kirst\" \/>\n<meta name=\"twitter:card\" content=\"summary_large_image\" \/>\n<meta name=\"twitter:creator\" content=\"@PtP_de\" \/>\n<meta name=\"twitter:site\" content=\"@PtP_de\" \/>\n<meta name=\"twitter:label1\" content=\"Written by\" \/>\n\t<meta name=\"twitter:data1\" content=\"Fenya Kirst\" \/>\n\t<meta name=\"twitter:label2\" content=\"Est. reading time\" \/>\n\t<meta name=\"twitter:data2\" content=\"2 minutes\" \/>\n<script type=\"application\/ld+json\" class=\"yoast-schema-graph\">{\"@context\":\"https:\\\/\\\/schema.org\",\"@graph\":[{\"@type\":\"Article\",\"@id\":\"https:\\\/\\\/www.protect-the-planet.de\\\/en\\\/filmabend-mit-vergiss-meyn-nicht-und-talkgast-konstantin-wecker\\\/#article\",\"isPartOf\":{\"@id\":\"https:\\\/\\\/www.protect-the-planet.de\\\/en\\\/filmabend-mit-vergiss-meyn-nicht-und-talkgast-konstantin-wecker\\\/\"},\"author\":{\"name\":\"Fenya Kirst\",\"@id\":\"https:\\\/\\\/www.protect-the-planet.de\\\/en\\\/#\\\/schema\\\/person\\\/34a10854efaaf0bf11a3b6fbe966fcd0\"},\"headline\":\"Einen Monat Klimagerechtigkeit: Der M\u00fcnchner Klimaherbst 2023\",\"datePublished\":\"2023-11-02T14:16:34+00:00\",\"dateModified\":\"2023-11-09T08:31:19+00:00\",\"mainEntityOfPage\":{\"@id\":\"https:\\\/\\\/www.protect-the-planet.de\\\/en\\\/filmabend-mit-vergiss-meyn-nicht-und-talkgast-konstantin-wecker\\\/\"},\"wordCount\":387,\"commentCount\":0,\"publisher\":{\"@id\":\"https:\\\/\\\/www.protect-the-planet.de\\\/en\\\/#organization\"},\"image\":{\"@id\":\"https:\\\/\\\/www.protect-the-planet.de\\\/en\\\/filmabend-mit-vergiss-meyn-nicht-und-talkgast-konstantin-wecker\\\/#primaryimage\"},\"thumbnailUrl\":\"https:\\\/\\\/www.protect-the-planet.de\\\/wp-content\\\/uploads\\\/2023\\\/11\\\/News-Beitragsbilder.jpg\",\"keywords\":[\"Aktivismus\",\"event\",\"Klimabildung\",\"Klimaherbst\",\"Klimakrise\",\"Klimaschutz\",\"Klimaziele\",\"M\u00fcnchen\",\"Netzwerk Klimaherbst\",\"Paschlau\",\"veranstaltungen\",\"Vortragsreihe\"],\"articleSection\":[\"News\"],\"inLanguage\":\"en-US\",\"potentialAction\":[{\"@type\":\"CommentAction\",\"name\":\"Comment\",\"target\":[\"https:\\\/\\\/www.protect-the-planet.de\\\/en\\\/filmabend-mit-vergiss-meyn-nicht-und-talkgast-konstantin-wecker\\\/#respond\"]}]},{\"@type\":\"WebPage\",\"@id\":\"https:\\\/\\\/www.protect-the-planet.de\\\/en\\\/filmabend-mit-vergiss-meyn-nicht-und-talkgast-konstantin-wecker\\\/\",\"url\":\"https:\\\/\\\/www.protect-the-planet.de\\\/en\\\/filmabend-mit-vergiss-meyn-nicht-und-talkgast-konstantin-wecker\\\/\",\"name\":\"Einen Monat Klimagerechtigkeit: Der M\u00fcnchner Klimaherbst 2023 - Protect the Planet\",\"isPartOf\":{\"@id\":\"https:\\\/\\\/www.protect-the-planet.de\\\/en\\\/#website\"},\"primaryImageOfPage\":{\"@id\":\"https:\\\/\\\/www.protect-the-planet.de\\\/en\\\/filmabend-mit-vergiss-meyn-nicht-und-talkgast-konstantin-wecker\\\/#primaryimage\"},\"image\":{\"@id\":\"https:\\\/\\\/www.protect-the-planet.de\\\/en\\\/filmabend-mit-vergiss-meyn-nicht-und-talkgast-konstantin-wecker\\\/#primaryimage\"},\"thumbnailUrl\":\"https:\\\/\\\/www.protect-the-planet.de\\\/wp-content\\\/uploads\\\/2023\\\/11\\\/News-Beitragsbilder.jpg\",\"datePublished\":\"2023-11-02T14:16:34+00:00\",\"dateModified\":\"2023-11-09T08:31:19+00:00\",\"description\":\"Der M\u00fcnchner Klimaherbst 2023 ist vorbei \u2013 aber die Veranstaltungsreihe war auch in diesem Jahr wieder ein voller Erfolg und ein absolutes Highlight in unserem Jahreskalender.\",\"breadcrumb\":{\"@id\":\"https:\\\/\\\/www.protect-the-planet.de\\\/en\\\/filmabend-mit-vergiss-meyn-nicht-und-talkgast-konstantin-wecker\\\/#breadcrumb\"},\"inLanguage\":\"en-US\",\"potentialAction\":[{\"@type\":\"ReadAction\",\"target\":[\"https:\\\/\\\/www.protect-the-planet.de\\\/en\\\/filmabend-mit-vergiss-meyn-nicht-und-talkgast-konstantin-wecker\\\/\"]}]},{\"@type\":\"ImageObject\",\"inLanguage\":\"en-US\",\"@id\":\"https:\\\/\\\/www.protect-the-planet.de\\\/en\\\/filmabend-mit-vergiss-meyn-nicht-und-talkgast-konstantin-wecker\\\/#primaryimage\",\"url\":\"https:\\\/\\\/www.protect-the-planet.de\\\/wp-content\\\/uploads\\\/2023\\\/11\\\/News-Beitragsbilder.jpg\",\"contentUrl\":\"https:\\\/\\\/www.protect-the-planet.de\\\/wp-content\\\/uploads\\\/2023\\\/11\\\/News-Beitragsbilder.jpg\",\"width\":800,\"height\":500},{\"@type\":\"BreadcrumbList\",\"@id\":\"https:\\\/\\\/www.protect-the-planet.de\\\/en\\\/filmabend-mit-vergiss-meyn-nicht-und-talkgast-konstantin-wecker\\\/#breadcrumb\",\"itemListElement\":[{\"@type\":\"ListItem\",\"position\":1,\"name\":\"Startseite\",\"item\":\"https:\\\/\\\/www.protect-the-planet.de\\\/en\\\/home\\\/\"},{\"@type\":\"ListItem\",\"position\":2,\"name\":\"Einen Monat Klimagerechtigkeit: Der M\u00fcnchner Klimaherbst 2023\"}]},{\"@type\":\"WebSite\",\"@id\":\"https:\\\/\\\/www.protect-the-planet.de\\\/en\\\/#website\",\"url\":\"https:\\\/\\\/www.protect-the-planet.de\\\/en\\\/\",\"name\":\"Protect the Planet\",\"description\":\"If we don&#039;t change, the climate will.\",\"publisher\":{\"@id\":\"https:\\\/\\\/www.protect-the-planet.de\\\/en\\\/#organization\"},\"alternateName\":\"Protect the Panet gGmbH\",\"potentialAction\":[{\"@type\":\"SearchAction\",\"target\":{\"@type\":\"EntryPoint\",\"urlTemplate\":\"https:\\\/\\\/www.protect-the-planet.de\\\/en\\\/?s={search_term_string}\"},\"query-input\":{\"@type\":\"PropertyValueSpecification\",\"valueRequired\":true,\"valueName\":\"search_term_string\"}}],\"inLanguage\":\"en-US\"},{\"@type\":\"Organization\",\"@id\":\"https:\\\/\\\/www.protect-the-planet.de\\\/en\\\/#organization\",\"name\":\"Protect the Planet\",\"url\":\"https:\\\/\\\/www.protect-the-planet.de\\\/en\\\/\",\"logo\":{\"@type\":\"ImageObject\",\"inLanguage\":\"en-US\",\"@id\":\"https:\\\/\\\/www.protect-the-planet.de\\\/en\\\/#\\\/schema\\\/logo\\\/image\\\/\",\"url\":\"https:\\\/\\\/www.protect-the-planet.de\\\/wp-content\\\/uploads\\\/2023\\\/09\\\/LOGO-positiv_transparent-klein.png\",\"contentUrl\":\"https:\\\/\\\/www.protect-the-planet.de\\\/wp-content\\\/uploads\\\/2023\\\/09\\\/LOGO-positiv_transparent-klein.png\",\"width\":123,\"height\":68,\"caption\":\"Protect the Planet\"},\"image\":{\"@id\":\"https:\\\/\\\/www.protect-the-planet.de\\\/en\\\/#\\\/schema\\\/logo\\\/image\\\/\"},\"sameAs\":[\"https:\\\/\\\/www.facebook.com\\\/protecttheplanetDE\\\/\",\"https:\\\/\\\/x.com\\\/PtP_de\",\"https:\\\/\\\/www.instagram.com\\\/protecttheplanetorg\\\/\",\"https:\\\/\\\/www.linkedin.com\\\/company\\\/protect-the-planet\",\"https:\\\/\\\/www.youtube.com\\\/@protecttheplanet\"]},{\"@type\":\"Person\",\"@id\":\"https:\\\/\\\/www.protect-the-planet.de\\\/en\\\/#\\\/schema\\\/person\\\/34a10854efaaf0bf11a3b6fbe966fcd0\",\"name\":\"Fenya Kirst\",\"image\":{\"@type\":\"ImageObject\",\"inLanguage\":\"en-US\",\"@id\":\"https:\\\/\\\/www.protect-the-planet.de\\\/wp-content\\\/uploads\\\/2024\\\/03\\\/cropped-2310_ProtectThePlanet_Portraet-Fenya-quadr-scaled-1-96x96.jpg\",\"url\":\"https:\\\/\\\/www.protect-the-planet.de\\\/wp-content\\\/uploads\\\/2024\\\/03\\\/cropped-2310_ProtectThePlanet_Portraet-Fenya-quadr-scaled-1-96x96.jpg\",\"contentUrl\":\"https:\\\/\\\/www.protect-the-planet.de\\\/wp-content\\\/uploads\\\/2024\\\/03\\\/cropped-2310_ProtectThePlanet_Portraet-Fenya-quadr-scaled-1-96x96.jpg\",\"caption\":\"Fenya Kirst\"},\"description\":\"fenya.kirst@protect-the-planet.de +49 162 9085805\",\"url\":\"https:\\\/\\\/www.protect-the-planet.de\\\/en\\\/author\\\/fenya-kirst\\\/\"}]}<\/script>\n<!-- \/ Yoast SEO plugin. -->","yoast_head_json":{"title":"Einen Monat Klimagerechtigkeit: Der M\u00fcnchner Klimaherbst 2023 - Protect the Planet","description":"Der M\u00fcnchner Klimaherbst 2023 ist vorbei \u2013 aber die Veranstaltungsreihe war auch in diesem Jahr wieder ein voller Erfolg und ein absolutes Highlight in unserem Jahreskalender.","robots":{"index":"index","follow":"follow","max-snippet":"max-snippet:-1","max-image-preview":"max-image-preview:large","max-video-preview":"max-video-preview:-1"},"canonical":"https:\/\/www.protect-the-planet.de\/en\/filmabend-mit-vergiss-meyn-nicht-und-talkgast-konstantin-wecker\/","og_locale":"en_US","og_type":"article","og_title":"Einen Monat Klimagerechtigkeit: Der M\u00fcnchner Klimaherbst 2023 - Protect the Planet","og_description":"Der M\u00fcnchner Klimaherbst 2023 ist vorbei \u2013 aber die Veranstaltungsreihe war auch in diesem Jahr wieder ein voller Erfolg und ein absolutes Highlight in unserem Jahreskalender.","og_url":"https:\/\/www.protect-the-planet.de\/en\/filmabend-mit-vergiss-meyn-nicht-und-talkgast-konstantin-wecker\/","og_site_name":"Protect the Planet","article_publisher":"https:\/\/www.facebook.com\/protecttheplanetDE\/","article_published_time":"2023-11-02T14:16:34+00:00","article_modified_time":"2023-11-09T08:31:19+00:00","og_image":[{"width":800,"height":500,"url":"https:\/\/www.protect-the-planet.de\/wp-content\/uploads\/2023\/11\/News-Beitragsbilder.jpg","type":"image\/jpeg"}],"author":"Fenya Kirst","twitter_card":"summary_large_image","twitter_creator":"@PtP_de","twitter_site":"@PtP_de","twitter_misc":{"Written by":"Fenya Kirst","Est. reading time":"2 minutes"},"schema":{"@context":"https:\/\/schema.org","@graph":[{"@type":"Article","@id":"https:\/\/www.protect-the-planet.de\/en\/filmabend-mit-vergiss-meyn-nicht-und-talkgast-konstantin-wecker\/#article","isPartOf":{"@id":"https:\/\/www.protect-the-planet.de\/en\/filmabend-mit-vergiss-meyn-nicht-und-talkgast-konstantin-wecker\/"},"author":{"name":"Fenya Kirst","@id":"https:\/\/www.protect-the-planet.de\/en\/#\/schema\/person\/34a10854efaaf0bf11a3b6fbe966fcd0"},"headline":"Einen Monat Klimagerechtigkeit: Der M\u00fcnchner Klimaherbst 2023","datePublished":"2023-11-02T14:16:34+00:00","dateModified":"2023-11-09T08:31:19+00:00","mainEntityOfPage":{"@id":"https:\/\/www.protect-the-planet.de\/en\/filmabend-mit-vergiss-meyn-nicht-und-talkgast-konstantin-wecker\/"},"wordCount":387,"commentCount":0,"publisher":{"@id":"https:\/\/www.protect-the-planet.de\/en\/#organization"},"image":{"@id":"https:\/\/www.protect-the-planet.de\/en\/filmabend-mit-vergiss-meyn-nicht-und-talkgast-konstantin-wecker\/#primaryimage"},"thumbnailUrl":"https:\/\/www.protect-the-planet.de\/wp-content\/uploads\/2023\/11\/News-Beitragsbilder.jpg","keywords":["Aktivismus","event","Klimabildung","Klimaherbst","Klimakrise","Klimaschutz","Klimaziele","M\u00fcnchen","Netzwerk Klimaherbst","Paschlau","veranstaltungen","Vortragsreihe"],"articleSection":["News"],"inLanguage":"en-US","potentialAction":[{"@type":"CommentAction","name":"Comment","target":["https:\/\/www.protect-the-planet.de\/en\/filmabend-mit-vergiss-meyn-nicht-und-talkgast-konstantin-wecker\/#respond"]}]},{"@type":"WebPage","@id":"https:\/\/www.protect-the-planet.de\/en\/filmabend-mit-vergiss-meyn-nicht-und-talkgast-konstantin-wecker\/","url":"https:\/\/www.protect-the-planet.de\/en\/filmabend-mit-vergiss-meyn-nicht-und-talkgast-konstantin-wecker\/","name":"Einen Monat Klimagerechtigkeit: Der M\u00fcnchner Klimaherbst 2023 - Protect the Planet","isPartOf":{"@id":"https:\/\/www.protect-the-planet.de\/en\/#website"},"primaryImageOfPage":{"@id":"https:\/\/www.protect-the-planet.de\/en\/filmabend-mit-vergiss-meyn-nicht-und-talkgast-konstantin-wecker\/#primaryimage"},"image":{"@id":"https:\/\/www.protect-the-planet.de\/en\/filmabend-mit-vergiss-meyn-nicht-und-talkgast-konstantin-wecker\/#primaryimage"},"thumbnailUrl":"https:\/\/www.protect-the-planet.de\/wp-content\/uploads\/2023\/11\/News-Beitragsbilder.jpg","datePublished":"2023-11-02T14:16:34+00:00","dateModified":"2023-11-09T08:31:19+00:00","description":"Der M\u00fcnchner Klimaherbst 2023 ist vorbei \u2013 aber die Veranstaltungsreihe war auch in diesem Jahr wieder ein voller Erfolg und ein absolutes Highlight in unserem Jahreskalender.","breadcrumb":{"@id":"https:\/\/www.protect-the-planet.de\/en\/filmabend-mit-vergiss-meyn-nicht-und-talkgast-konstantin-wecker\/#breadcrumb"},"inLanguage":"en-US","potentialAction":[{"@type":"ReadAction","target":["https:\/\/www.protect-the-planet.de\/en\/filmabend-mit-vergiss-meyn-nicht-und-talkgast-konstantin-wecker\/"]}]},{"@type":"ImageObject","inLanguage":"en-US","@id":"https:\/\/www.protect-the-planet.de\/en\/filmabend-mit-vergiss-meyn-nicht-und-talkgast-konstantin-wecker\/#primaryimage","url":"https:\/\/www.protect-the-planet.de\/wp-content\/uploads\/2023\/11\/News-Beitragsbilder.jpg","contentUrl":"https:\/\/www.protect-the-planet.de\/wp-content\/uploads\/2023\/11\/News-Beitragsbilder.jpg","width":800,"height":500},{"@type":"BreadcrumbList","@id":"https:\/\/www.protect-the-planet.de\/en\/filmabend-mit-vergiss-meyn-nicht-und-talkgast-konstantin-wecker\/#breadcrumb","itemListElement":[{"@type":"ListItem","position":1,"name":"Startseite","item":"https:\/\/www.protect-the-planet.de\/en\/home\/"},{"@type":"ListItem","position":2,"name":"Einen Monat Klimagerechtigkeit: Der M\u00fcnchner Klimaherbst 2023"}]},{"@type":"WebSite","@id":"https:\/\/www.protect-the-planet.de\/en\/#website","url":"https:\/\/www.protect-the-planet.de\/en\/","name":"Protect the Planet","description":"If we don&#039;t change, the climate will.","publisher":{"@id":"https:\/\/www.protect-the-planet.de\/en\/#organization"},"alternateName":"Protect the Panet gGmbH","potentialAction":[{"@type":"SearchAction","target":{"@type":"EntryPoint","urlTemplate":"https:\/\/www.protect-the-planet.de\/en\/?s={search_term_string}"},"query-input":{"@type":"PropertyValueSpecification","valueRequired":true,"valueName":"search_term_string"}}],"inLanguage":"en-US"},{"@type":"Organization","@id":"https:\/\/www.protect-the-planet.de\/en\/#organization","name":"Protect the Planet","url":"https:\/\/www.protect-the-planet.de\/en\/","logo":{"@type":"ImageObject","inLanguage":"en-US","@id":"https:\/\/www.protect-the-planet.de\/en\/#\/schema\/logo\/image\/","url":"https:\/\/www.protect-the-planet.de\/wp-content\/uploads\/2023\/09\/LOGO-positiv_transparent-klein.png","contentUrl":"https:\/\/www.protect-the-planet.de\/wp-content\/uploads\/2023\/09\/LOGO-positiv_transparent-klein.png","width":123,"height":68,"caption":"Protect the Planet"},"image":{"@id":"https:\/\/www.protect-the-planet.de\/en\/#\/schema\/logo\/image\/"},"sameAs":["https:\/\/www.facebook.com\/protecttheplanetDE\/","https:\/\/x.com\/PtP_de","https:\/\/www.instagram.com\/protecttheplanetorg\/","https:\/\/www.linkedin.com\/company\/protect-the-planet","https:\/\/www.youtube.com\/@protecttheplanet"]},{"@type":"Person","@id":"https:\/\/www.protect-the-planet.de\/en\/#\/schema\/person\/34a10854efaaf0bf11a3b6fbe966fcd0","name":"Fenya Kirst","image":{"@type":"ImageObject","inLanguage":"en-US","@id":"https:\/\/www.protect-the-planet.de\/wp-content\/uploads\/2024\/03\/cropped-2310_ProtectThePlanet_Portraet-Fenya-quadr-scaled-1-96x96.jpg","url":"https:\/\/www.protect-the-planet.de\/wp-content\/uploads\/2024\/03\/cropped-2310_ProtectThePlanet_Portraet-Fenya-quadr-scaled-1-96x96.jpg","contentUrl":"https:\/\/www.protect-the-planet.de\/wp-content\/uploads\/2024\/03\/cropped-2310_ProtectThePlanet_Portraet-Fenya-quadr-scaled-1-96x96.jpg","caption":"Fenya Kirst"},"description":"fenya.kirst@protect-the-planet.de +49 162 9085805","url":"https:\/\/www.protect-the-planet.de\/en\/author\/fenya-kirst\/"}]}},"_links":{"self":[{"href":"https:\/\/www.protect-the-planet.de\/en\/wp-json\/wp\/v2\/posts\/22690","targetHints":{"allow":["GET"]}}],"collection":[{"href":"https:\/\/www.protect-the-planet.de\/en\/wp-json\/wp\/v2\/posts"}],"about":[{"href":"https:\/\/www.protect-the-planet.de\/en\/wp-json\/wp\/v2\/types\/post"}],"author":[{"embeddable":true,"href":"https:\/\/www.protect-the-planet.de\/en\/wp-json\/wp\/v2\/users\/6"}],"replies":[{"embeddable":true,"href":"https:\/\/www.protect-the-planet.de\/en\/wp-json\/wp\/v2\/comments?post=22690"}],"version-history":[{"count":0,"href":"https:\/\/www.protect-the-planet.de\/en\/wp-json\/wp\/v2\/posts\/22690\/revisions"}],"wp:featuredmedia":[{"embeddable":true,"href":"https:\/\/www.protect-the-planet.de\/en\/wp-json\/wp\/v2\/media\/22693"}],"wp:attachment":[{"href":"https:\/\/www.protect-the-planet.de\/en\/wp-json\/wp\/v2\/media?parent=22690"}],"wp:term":[{"taxonomy":"category","embeddable":true,"href":"https:\/\/www.protect-the-planet.de\/en\/wp-json\/wp\/v2\/categories?post=22690"},{"taxonomy":"post_tag","embeddable":true,"href":"https:\/\/www.protect-the-planet.de\/en\/wp-json\/wp\/v2\/tags?post=22690"}],"curies":[{"name":"wp","href":"https:\/\/api.w.org\/{rel}","templated":true}]}}