{"id":22682,"date":"2023-01-31T16:38:18","date_gmt":"2023-01-31T15:38:18","guid":{"rendered":"https:\/\/www.protect-the-planet.de\/windrat-dbu\/"},"modified":"2024-03-14T17:38:45","modified_gmt":"2024-03-14T16:38:45","slug":"windrat-dbu","status":"publish","type":"post","link":"https:\/\/www.protect-the-planet.de\/en\/windrat-dbu\/","title":{"rendered":"WindRat-Projekt bekommt F\u00f6rderung von der Deutschen Bundesstiftung Umwelt"},"content":{"rendered":"\t\t<div data-elementor-type=\"wp-post\" data-elementor-id=\"22682\" class=\"elementor elementor-22682 elementor-13120\" data-elementor-post-type=\"post\">\n\t\t\t\t<div class=\"elementor-element elementor-element-d8cd1cc e-flex e-con-boxed e-con e-parent\" data-id=\"d8cd1cc\" data-element_type=\"container\" data-e-type=\"container\">\n\t\t\t\t\t<div class=\"e-con-inner\">\n\t\t<div class=\"elementor-element elementor-element-7d67bb4 e-con-full e-flex e-con e-parent\" data-id=\"7d67bb4\" data-element_type=\"container\" data-e-type=\"container\">\n\t\t\t\t<div class=\"elementor-element elementor-element-b94cf43 elementor-widget elementor-widget-text-editor\" data-id=\"b94cf43\" data-element_type=\"widget\" data-e-type=\"widget\" data-widget_type=\"text-editor.default\">\n\t\t\t\t<div class=\"elementor-widget-container\">\n\t\t\t\t\t\t\t\t\t<h2>DBU-Projekt \u201eDie Windwende \u2013 praxisnah zum Anpacken\u201c gestartet!<\/h2><p>Mit unserem durch die <a href=\"https:\/\/www.dbu.de\/\">Deutsche Bundesstiftung Umwelt<\/a> (DBU) genehmigten F\u00f6rderprojekt packen wir die Windwende in Deutschland praxisnah an!<\/p><p><img fetchpriority=\"high\" decoding=\"async\" class=\" wp-image-16814\" src=\"https:\/\/www.protect-the-planet.de\/wp-content\/uploads\/2023\/07\/Foto_Windrat-1024x573-1-300x168.jpg\" alt=\"Foto Windrat\" width=\"615\" height=\"344\" srcset=\"https:\/\/www.protect-the-planet.de\/wp-content\/uploads\/2023\/07\/Foto_Windrat-1024x573-1-300x168.jpg 300w, https:\/\/www.protect-the-planet.de\/wp-content\/uploads\/2023\/07\/Foto_Windrat-1024x573-1-768x430.jpg 768w, https:\/\/www.protect-the-planet.de\/wp-content\/uploads\/2023\/07\/Foto_Windrat-1024x573-1.jpg 1024w\" sizes=\"(max-width: 615px) 100vw, 615px\" \/><\/p><p>Mit diesem Projekt wollen wir kommunale Entscheider*innen sowie B\u00fcrger*innen durch die Pr\u00e4sentation erfolgreicher best-practice Beispiele aus Deutschland in Form von Video-Clips f\u00fcr ihre eigenen Planungen und Prozesse vor Ort inspirieren und motivieren.<\/p><p>Durch Wissensvermittlung in Videoform mit anerkannten Fachexpert:innen und lokalen Akteuren vor Ort wird konkretes \u201eR\u00fcstzeug\u201c vermittelt, um spezifische Hemmnisse bei der Planung und Umsetzung von Windenergieprojekten zu \u00fcberwinden und von Beginn an erfolgreiche Projekte zu initiieren, zu planen und gemeinsam umzusetzen.<\/p><p>Dieses Wissen soll dar\u00fcber hinaus im Rahmen geeigneter Formate der Fort- und Weiterbildung von den Zielgruppen aus Politik, Wirtschaft, Vereine, Verb\u00e4nde und Zivilgesellschaft genutzt, angewendet und umgesetzt werden k\u00f6nnen.<\/p><p>Das 2-j\u00e4hrige F\u00f6rderprojekt wird dabei begleitet durch eine breit angelegte \u00d6ffentlichkeitsarbeit auf verschiedensten Kan\u00e4len (z.B. Social media, Printmedien, Veranstaltungen).<\/p><p>Mehr Informationen: <a href=\"https:\/\/wind-rat.de\">www.wind-rat.de<\/a><\/p>\t\t\t\t\t\t\t\t<\/div>\n\t\t\t\t<\/div>\n\t\t\t\t<\/div>\n\t\t\t\t\t<\/div>\n\t\t\t\t<\/div>\n\t\t\t\t<\/div>\n\t\t","protected":false},"excerpt":{"rendered":"<p>Mit unserem durch die Deutsche Bundesstiftung Umwelt (DBU) genehmigten F\u00f6rderprojekt packen wir die Windwende in Deutschland praxisnah an!<\/p>\n","protected":false},"author":3,"featured_media":21821,"comment_status":"open","ping_status":"open","sticky":false,"template":"","format":"standard","meta":{"footnotes":""},"categories":[729],"tags":[825,754,779],"class_list":["post-22682","post","type-post","status-publish","format-standard","has-post-thumbnail","hentry","category-news","tag-wind-rat-en","tag-windenergie-en","tag-windrat-en"],"yoast_head":"<!-- This site is optimized with the Yoast SEO plugin v27.5 - https:\/\/yoast.com\/product\/yoast-seo-wordpress\/ -->\n<title>WindRat-Projekt bekommt F\u00f6rderung von der Deutschen Bundesstiftung Umwelt - Protect the Planet<\/title>\n<meta name=\"description\" content=\"Mit unserem durch die Deutsche Bundesstiftung Umwelt (DBU) genehmigten F\u00f6rderprojekt packen wir die Windwende in Deutschland praxisnah an!\" \/>\n<meta name=\"robots\" content=\"index, follow, max-snippet:-1, max-image-preview:large, max-video-preview:-1\" \/>\n<link rel=\"canonical\" href=\"https:\/\/www.protect-the-planet.de\/en\/windrat-dbu\/\" \/>\n<meta property=\"og:locale\" content=\"en_US\" \/>\n<meta property=\"og:type\" content=\"article\" \/>\n<meta property=\"og:title\" content=\"WindRat-Projekt bekommt F\u00f6rderung von der Deutschen Bundesstiftung Umwelt - Protect the Planet\" \/>\n<meta property=\"og:description\" content=\"Mit unserem durch die Deutsche Bundesstiftung Umwelt (DBU) genehmigten F\u00f6rderprojekt packen wir die Windwende in Deutschland praxisnah an!\" \/>\n<meta property=\"og:url\" content=\"https:\/\/www.protect-the-planet.de\/en\/windrat-dbu\/\" \/>\n<meta property=\"og:site_name\" content=\"Protect the Planet\" \/>\n<meta property=\"article:publisher\" content=\"https:\/\/www.facebook.com\/protecttheplanetDE\/\" \/>\n<meta property=\"article:published_time\" content=\"2023-01-31T15:38:18+00:00\" \/>\n<meta property=\"article:modified_time\" content=\"2024-03-14T16:38:45+00:00\" \/>\n<meta property=\"og:image\" content=\"https:\/\/www.protect-the-planet.de\/wp-content\/uploads\/2023\/01\/beitragsbild-windrat-dbu.png\" \/>\n\t<meta property=\"og:image:width\" content=\"800\" \/>\n\t<meta property=\"og:image:height\" content=\"500\" \/>\n\t<meta property=\"og:image:type\" content=\"image\/png\" \/>\n<meta name=\"author\" content=\"Fenja Jacobs\" \/>\n<meta name=\"twitter:card\" content=\"summary_large_image\" \/>\n<meta name=\"twitter:creator\" content=\"@PtP_de\" \/>\n<meta name=\"twitter:site\" content=\"@PtP_de\" \/>\n<meta name=\"twitter:label1\" content=\"Written by\" \/>\n\t<meta name=\"twitter:data1\" content=\"Fenja Jacobs\" \/>\n\t<meta name=\"twitter:label2\" content=\"Est. reading time\" \/>\n\t<meta name=\"twitter:data2\" content=\"2 minutes\" \/>\n<script type=\"application\/ld+json\" class=\"yoast-schema-graph\">{\"@context\":\"https:\\\/\\\/schema.org\",\"@graph\":[{\"@type\":\"Article\",\"@id\":\"https:\\\/\\\/www.protect-the-planet.de\\\/en\\\/windrat-dbu\\\/#article\",\"isPartOf\":{\"@id\":\"https:\\\/\\\/www.protect-the-planet.de\\\/en\\\/windrat-dbu\\\/\"},\"author\":{\"name\":\"Fenja Jacobs\",\"@id\":\"https:\\\/\\\/www.protect-the-planet.de\\\/en\\\/#\\\/schema\\\/person\\\/c843c153d0dd33ec584996931e438bce\"},\"headline\":\"WindRat-Projekt bekommt F\u00f6rderung von der Deutschen Bundesstiftung Umwelt\",\"datePublished\":\"2023-01-31T15:38:18+00:00\",\"dateModified\":\"2024-03-14T16:38:45+00:00\",\"mainEntityOfPage\":{\"@id\":\"https:\\\/\\\/www.protect-the-planet.de\\\/en\\\/windrat-dbu\\\/\"},\"wordCount\":175,\"commentCount\":0,\"publisher\":{\"@id\":\"https:\\\/\\\/www.protect-the-planet.de\\\/en\\\/#organization\"},\"image\":{\"@id\":\"https:\\\/\\\/www.protect-the-planet.de\\\/en\\\/windrat-dbu\\\/#primaryimage\"},\"thumbnailUrl\":\"https:\\\/\\\/www.protect-the-planet.de\\\/wp-content\\\/uploads\\\/2023\\\/01\\\/beitragsbild-windrat-dbu.png\",\"keywords\":[\"Wind-Rat\",\"Windenergie\",\"WindRat\"],\"articleSection\":[\"News\"],\"inLanguage\":\"en-US\",\"potentialAction\":[{\"@type\":\"CommentAction\",\"name\":\"Comment\",\"target\":[\"https:\\\/\\\/www.protect-the-planet.de\\\/en\\\/windrat-dbu\\\/#respond\"]}]},{\"@type\":\"WebPage\",\"@id\":\"https:\\\/\\\/www.protect-the-planet.de\\\/en\\\/windrat-dbu\\\/\",\"url\":\"https:\\\/\\\/www.protect-the-planet.de\\\/en\\\/windrat-dbu\\\/\",\"name\":\"WindRat-Projekt bekommt F\u00f6rderung von der Deutschen Bundesstiftung Umwelt - Protect the Planet\",\"isPartOf\":{\"@id\":\"https:\\\/\\\/www.protect-the-planet.de\\\/en\\\/#website\"},\"primaryImageOfPage\":{\"@id\":\"https:\\\/\\\/www.protect-the-planet.de\\\/en\\\/windrat-dbu\\\/#primaryimage\"},\"image\":{\"@id\":\"https:\\\/\\\/www.protect-the-planet.de\\\/en\\\/windrat-dbu\\\/#primaryimage\"},\"thumbnailUrl\":\"https:\\\/\\\/www.protect-the-planet.de\\\/wp-content\\\/uploads\\\/2023\\\/01\\\/beitragsbild-windrat-dbu.png\",\"datePublished\":\"2023-01-31T15:38:18+00:00\",\"dateModified\":\"2024-03-14T16:38:45+00:00\",\"description\":\"Mit unserem durch die Deutsche Bundesstiftung Umwelt (DBU) genehmigten F\u00f6rderprojekt packen wir die Windwende in Deutschland praxisnah an!\",\"breadcrumb\":{\"@id\":\"https:\\\/\\\/www.protect-the-planet.de\\\/en\\\/windrat-dbu\\\/#breadcrumb\"},\"inLanguage\":\"en-US\",\"potentialAction\":[{\"@type\":\"ReadAction\",\"target\":[\"https:\\\/\\\/www.protect-the-planet.de\\\/en\\\/windrat-dbu\\\/\"]}]},{\"@type\":\"ImageObject\",\"inLanguage\":\"en-US\",\"@id\":\"https:\\\/\\\/www.protect-the-planet.de\\\/en\\\/windrat-dbu\\\/#primaryimage\",\"url\":\"https:\\\/\\\/www.protect-the-planet.de\\\/wp-content\\\/uploads\\\/2023\\\/01\\\/beitragsbild-windrat-dbu.png\",\"contentUrl\":\"https:\\\/\\\/www.protect-the-planet.de\\\/wp-content\\\/uploads\\\/2023\\\/01\\\/beitragsbild-windrat-dbu.png\",\"width\":800,\"height\":500,\"caption\":\"Beitragsbild WindRat DBU\"},{\"@type\":\"BreadcrumbList\",\"@id\":\"https:\\\/\\\/www.protect-the-planet.de\\\/en\\\/windrat-dbu\\\/#breadcrumb\",\"itemListElement\":[{\"@type\":\"ListItem\",\"position\":1,\"name\":\"Startseite\",\"item\":\"https:\\\/\\\/www.protect-the-planet.de\\\/en\\\/home\\\/\"},{\"@type\":\"ListItem\",\"position\":2,\"name\":\"WindRat-Projekt bekommt F\u00f6rderung von der Deutschen Bundesstiftung Umwelt\"}]},{\"@type\":\"WebSite\",\"@id\":\"https:\\\/\\\/www.protect-the-planet.de\\\/en\\\/#website\",\"url\":\"https:\\\/\\\/www.protect-the-planet.de\\\/en\\\/\",\"name\":\"Protect the Planet\",\"description\":\"If we don&#039;t change, the climate will.\",\"publisher\":{\"@id\":\"https:\\\/\\\/www.protect-the-planet.de\\\/en\\\/#organization\"},\"alternateName\":\"Protect the Panet gGmbH\",\"potentialAction\":[{\"@type\":\"SearchAction\",\"target\":{\"@type\":\"EntryPoint\",\"urlTemplate\":\"https:\\\/\\\/www.protect-the-planet.de\\\/en\\\/?s={search_term_string}\"},\"query-input\":{\"@type\":\"PropertyValueSpecification\",\"valueRequired\":true,\"valueName\":\"search_term_string\"}}],\"inLanguage\":\"en-US\"},{\"@type\":\"Organization\",\"@id\":\"https:\\\/\\\/www.protect-the-planet.de\\\/en\\\/#organization\",\"name\":\"Protect the Planet\",\"url\":\"https:\\\/\\\/www.protect-the-planet.de\\\/en\\\/\",\"logo\":{\"@type\":\"ImageObject\",\"inLanguage\":\"en-US\",\"@id\":\"https:\\\/\\\/www.protect-the-planet.de\\\/en\\\/#\\\/schema\\\/logo\\\/image\\\/\",\"url\":\"https:\\\/\\\/www.protect-the-planet.de\\\/wp-content\\\/uploads\\\/2023\\\/09\\\/LOGO-positiv_transparent-klein.png\",\"contentUrl\":\"https:\\\/\\\/www.protect-the-planet.de\\\/wp-content\\\/uploads\\\/2023\\\/09\\\/LOGO-positiv_transparent-klein.png\",\"width\":123,\"height\":68,\"caption\":\"Protect the Planet\"},\"image\":{\"@id\":\"https:\\\/\\\/www.protect-the-planet.de\\\/en\\\/#\\\/schema\\\/logo\\\/image\\\/\"},\"sameAs\":[\"https:\\\/\\\/www.facebook.com\\\/protecttheplanetDE\\\/\",\"https:\\\/\\\/x.com\\\/PtP_de\",\"https:\\\/\\\/www.instagram.com\\\/protecttheplanetorg\\\/\",\"https:\\\/\\\/www.linkedin.com\\\/company\\\/protect-the-planet\",\"https:\\\/\\\/www.youtube.com\\\/@protecttheplanet\"]},{\"@type\":\"Person\",\"@id\":\"https:\\\/\\\/www.protect-the-planet.de\\\/en\\\/#\\\/schema\\\/person\\\/c843c153d0dd33ec584996931e438bce\",\"name\":\"Fenja Jacobs\",\"image\":{\"@type\":\"ImageObject\",\"inLanguage\":\"en-US\",\"@id\":\"https:\\\/\\\/secure.gravatar.com\\\/avatar\\\/1319de9aaea70b6c6ed807392ef95d6582ceaf98cca9de0a0022ba8e0d3a7fc3?s=96&d=mm&r=g\",\"url\":\"https:\\\/\\\/secure.gravatar.com\\\/avatar\\\/1319de9aaea70b6c6ed807392ef95d6582ceaf98cca9de0a0022ba8e0d3a7fc3?s=96&d=mm&r=g\",\"contentUrl\":\"https:\\\/\\\/secure.gravatar.com\\\/avatar\\\/1319de9aaea70b6c6ed807392ef95d6582ceaf98cca9de0a0022ba8e0d3a7fc3?s=96&d=mm&r=g\",\"caption\":\"Fenja Jacobs\"},\"url\":\"https:\\\/\\\/www.protect-the-planet.de\\\/en\\\/author\\\/fenja-jacobs\\\/\"}]}<\/script>\n<!-- \/ Yoast SEO plugin. -->","yoast_head_json":{"title":"WindRat-Projekt bekommt F\u00f6rderung von der Deutschen Bundesstiftung Umwelt - Protect the Planet","description":"Mit unserem durch die Deutsche Bundesstiftung Umwelt (DBU) genehmigten F\u00f6rderprojekt packen wir die Windwende in Deutschland praxisnah an!","robots":{"index":"index","follow":"follow","max-snippet":"max-snippet:-1","max-image-preview":"max-image-preview:large","max-video-preview":"max-video-preview:-1"},"canonical":"https:\/\/www.protect-the-planet.de\/en\/windrat-dbu\/","og_locale":"en_US","og_type":"article","og_title":"WindRat-Projekt bekommt F\u00f6rderung von der Deutschen Bundesstiftung Umwelt - Protect the Planet","og_description":"Mit unserem durch die Deutsche Bundesstiftung Umwelt (DBU) genehmigten F\u00f6rderprojekt packen wir die Windwende in Deutschland praxisnah an!","og_url":"https:\/\/www.protect-the-planet.de\/en\/windrat-dbu\/","og_site_name":"Protect the Planet","article_publisher":"https:\/\/www.facebook.com\/protecttheplanetDE\/","article_published_time":"2023-01-31T15:38:18+00:00","article_modified_time":"2024-03-14T16:38:45+00:00","og_image":[{"width":800,"height":500,"url":"https:\/\/www.protect-the-planet.de\/wp-content\/uploads\/2023\/01\/beitragsbild-windrat-dbu.png","type":"image\/png"}],"author":"Fenja Jacobs","twitter_card":"summary_large_image","twitter_creator":"@PtP_de","twitter_site":"@PtP_de","twitter_misc":{"Written by":"Fenja Jacobs","Est. reading time":"2 minutes"},"schema":{"@context":"https:\/\/schema.org","@graph":[{"@type":"Article","@id":"https:\/\/www.protect-the-planet.de\/en\/windrat-dbu\/#article","isPartOf":{"@id":"https:\/\/www.protect-the-planet.de\/en\/windrat-dbu\/"},"author":{"name":"Fenja Jacobs","@id":"https:\/\/www.protect-the-planet.de\/en\/#\/schema\/person\/c843c153d0dd33ec584996931e438bce"},"headline":"WindRat-Projekt bekommt F\u00f6rderung von der Deutschen Bundesstiftung Umwelt","datePublished":"2023-01-31T15:38:18+00:00","dateModified":"2024-03-14T16:38:45+00:00","mainEntityOfPage":{"@id":"https:\/\/www.protect-the-planet.de\/en\/windrat-dbu\/"},"wordCount":175,"commentCount":0,"publisher":{"@id":"https:\/\/www.protect-the-planet.de\/en\/#organization"},"image":{"@id":"https:\/\/www.protect-the-planet.de\/en\/windrat-dbu\/#primaryimage"},"thumbnailUrl":"https:\/\/www.protect-the-planet.de\/wp-content\/uploads\/2023\/01\/beitragsbild-windrat-dbu.png","keywords":["Wind-Rat","Windenergie","WindRat"],"articleSection":["News"],"inLanguage":"en-US","potentialAction":[{"@type":"CommentAction","name":"Comment","target":["https:\/\/www.protect-the-planet.de\/en\/windrat-dbu\/#respond"]}]},{"@type":"WebPage","@id":"https:\/\/www.protect-the-planet.de\/en\/windrat-dbu\/","url":"https:\/\/www.protect-the-planet.de\/en\/windrat-dbu\/","name":"WindRat-Projekt bekommt F\u00f6rderung von der Deutschen Bundesstiftung Umwelt - Protect the Planet","isPartOf":{"@id":"https:\/\/www.protect-the-planet.de\/en\/#website"},"primaryImageOfPage":{"@id":"https:\/\/www.protect-the-planet.de\/en\/windrat-dbu\/#primaryimage"},"image":{"@id":"https:\/\/www.protect-the-planet.de\/en\/windrat-dbu\/#primaryimage"},"thumbnailUrl":"https:\/\/www.protect-the-planet.de\/wp-content\/uploads\/2023\/01\/beitragsbild-windrat-dbu.png","datePublished":"2023-01-31T15:38:18+00:00","dateModified":"2024-03-14T16:38:45+00:00","description":"Mit unserem durch die Deutsche Bundesstiftung Umwelt (DBU) genehmigten F\u00f6rderprojekt packen wir die Windwende in Deutschland praxisnah an!","breadcrumb":{"@id":"https:\/\/www.protect-the-planet.de\/en\/windrat-dbu\/#breadcrumb"},"inLanguage":"en-US","potentialAction":[{"@type":"ReadAction","target":["https:\/\/www.protect-the-planet.de\/en\/windrat-dbu\/"]}]},{"@type":"ImageObject","inLanguage":"en-US","@id":"https:\/\/www.protect-the-planet.de\/en\/windrat-dbu\/#primaryimage","url":"https:\/\/www.protect-the-planet.de\/wp-content\/uploads\/2023\/01\/beitragsbild-windrat-dbu.png","contentUrl":"https:\/\/www.protect-the-planet.de\/wp-content\/uploads\/2023\/01\/beitragsbild-windrat-dbu.png","width":800,"height":500,"caption":"Beitragsbild WindRat DBU"},{"@type":"BreadcrumbList","@id":"https:\/\/www.protect-the-planet.de\/en\/windrat-dbu\/#breadcrumb","itemListElement":[{"@type":"ListItem","position":1,"name":"Startseite","item":"https:\/\/www.protect-the-planet.de\/en\/home\/"},{"@type":"ListItem","position":2,"name":"WindRat-Projekt bekommt F\u00f6rderung von der Deutschen Bundesstiftung Umwelt"}]},{"@type":"WebSite","@id":"https:\/\/www.protect-the-planet.de\/en\/#website","url":"https:\/\/www.protect-the-planet.de\/en\/","name":"Protect the Planet","description":"If we don&#039;t change, the climate will.","publisher":{"@id":"https:\/\/www.protect-the-planet.de\/en\/#organization"},"alternateName":"Protect the Panet gGmbH","potentialAction":[{"@type":"SearchAction","target":{"@type":"EntryPoint","urlTemplate":"https:\/\/www.protect-the-planet.de\/en\/?s={search_term_string}"},"query-input":{"@type":"PropertyValueSpecification","valueRequired":true,"valueName":"search_term_string"}}],"inLanguage":"en-US"},{"@type":"Organization","@id":"https:\/\/www.protect-the-planet.de\/en\/#organization","name":"Protect the Planet","url":"https:\/\/www.protect-the-planet.de\/en\/","logo":{"@type":"ImageObject","inLanguage":"en-US","@id":"https:\/\/www.protect-the-planet.de\/en\/#\/schema\/logo\/image\/","url":"https:\/\/www.protect-the-planet.de\/wp-content\/uploads\/2023\/09\/LOGO-positiv_transparent-klein.png","contentUrl":"https:\/\/www.protect-the-planet.de\/wp-content\/uploads\/2023\/09\/LOGO-positiv_transparent-klein.png","width":123,"height":68,"caption":"Protect the Planet"},"image":{"@id":"https:\/\/www.protect-the-planet.de\/en\/#\/schema\/logo\/image\/"},"sameAs":["https:\/\/www.facebook.com\/protecttheplanetDE\/","https:\/\/x.com\/PtP_de","https:\/\/www.instagram.com\/protecttheplanetorg\/","https:\/\/www.linkedin.com\/company\/protect-the-planet","https:\/\/www.youtube.com\/@protecttheplanet"]},{"@type":"Person","@id":"https:\/\/www.protect-the-planet.de\/en\/#\/schema\/person\/c843c153d0dd33ec584996931e438bce","name":"Fenja Jacobs","image":{"@type":"ImageObject","inLanguage":"en-US","@id":"https:\/\/secure.gravatar.com\/avatar\/1319de9aaea70b6c6ed807392ef95d6582ceaf98cca9de0a0022ba8e0d3a7fc3?s=96&d=mm&r=g","url":"https:\/\/secure.gravatar.com\/avatar\/1319de9aaea70b6c6ed807392ef95d6582ceaf98cca9de0a0022ba8e0d3a7fc3?s=96&d=mm&r=g","contentUrl":"https:\/\/secure.gravatar.com\/avatar\/1319de9aaea70b6c6ed807392ef95d6582ceaf98cca9de0a0022ba8e0d3a7fc3?s=96&d=mm&r=g","caption":"Fenja Jacobs"},"url":"https:\/\/www.protect-the-planet.de\/en\/author\/fenja-jacobs\/"}]}},"_links":{"self":[{"href":"https:\/\/www.protect-the-planet.de\/en\/wp-json\/wp\/v2\/posts\/22682","targetHints":{"allow":["GET"]}}],"collection":[{"href":"https:\/\/www.protect-the-planet.de\/en\/wp-json\/wp\/v2\/posts"}],"about":[{"href":"https:\/\/www.protect-the-planet.de\/en\/wp-json\/wp\/v2\/types\/post"}],"author":[{"embeddable":true,"href":"https:\/\/www.protect-the-planet.de\/en\/wp-json\/wp\/v2\/users\/3"}],"replies":[{"embeddable":true,"href":"https:\/\/www.protect-the-planet.de\/en\/wp-json\/wp\/v2\/comments?post=22682"}],"version-history":[{"count":0,"href":"https:\/\/www.protect-the-planet.de\/en\/wp-json\/wp\/v2\/posts\/22682\/revisions"}],"wp:featuredmedia":[{"embeddable":true,"href":"https:\/\/www.protect-the-planet.de\/en\/wp-json\/wp\/v2\/media\/21821"}],"wp:attachment":[{"href":"https:\/\/www.protect-the-planet.de\/en\/wp-json\/wp\/v2\/media?parent=22682"}],"wp:term":[{"taxonomy":"category","embeddable":true,"href":"https:\/\/www.protect-the-planet.de\/en\/wp-json\/wp\/v2\/categories?post=22682"},{"taxonomy":"post_tag","embeddable":true,"href":"https:\/\/www.protect-the-planet.de\/en\/wp-json\/wp\/v2\/tags?post=22682"}],"curies":[{"name":"wp","href":"https:\/\/api.w.org\/{rel}","templated":true}]}}