{"id":22681,"date":"2023-02-02T12:55:27","date_gmt":"2023-02-02T11:55:27","guid":{"rendered":"https:\/\/www.protect-the-planet.de\/2023_02_01-gruenflaechenbegehren\/"},"modified":"2024-04-10T14:55:06","modified_gmt":"2024-04-10T12:55:06","slug":"2023_02_01-gruenflaechenbegehren","status":"publish","type":"post","link":"https:\/\/www.protect-the-planet.de\/en\/2023_02_01-gruenflaechenbegehren\/","title":{"rendered":"N\u00e4chstes B\u00fcrgerbegehren erfolgreich: Gr\u00fcnfl\u00e4chen-erhalten im Stadtrat angenommen!"},"content":{"rendered":"\t\t<div data-elementor-type=\"wp-post\" data-elementor-id=\"22681\" class=\"elementor elementor-22681 elementor-13127\" data-elementor-post-type=\"post\">\n\t\t\t\t<div class=\"elementor-element elementor-element-91fad63 e-flex e-con-boxed e-con e-parent\" data-id=\"91fad63\" data-element_type=\"container\" data-e-type=\"container\">\n\t\t\t\t\t<div class=\"e-con-inner\">\n\t\t<div class=\"elementor-element elementor-element-8718cae e-con-full e-flex e-con e-parent\" data-id=\"8718cae\" data-element_type=\"container\" data-e-type=\"container\">\n\t\t\t\t<div class=\"elementor-element elementor-element-62c6e2e elementor-widget elementor-widget-text-editor\" data-id=\"62c6e2e\" data-element_type=\"widget\" data-e-type=\"widget\" data-widget_type=\"text-editor.default\">\n\t\t\t\t<div class=\"elementor-widget-container\">\n\t\t\t\t\t\t\t\t\t<p><img fetchpriority=\"high\" decoding=\"async\" class=\" wp-image-16800\" src=\"https:\/\/www.protect-the-planet.de\/wp-content\/uploads\/2023\/02\/Banner_Buergerbegehren-800x160-1-300x60.jpg\" alt=\"Banner B\u00fcrgerbegehren M\u00fcnchen\" width=\"835\" height=\"167\" srcset=\"https:\/\/www.protect-the-planet.de\/wp-content\/uploads\/2023\/02\/Banner_Buergerbegehren-800x160-1-300x60.jpg 300w, https:\/\/www.protect-the-planet.de\/wp-content\/uploads\/2023\/02\/Banner_Buergerbegehren-800x160-1-768x154.jpg 768w, https:\/\/www.protect-the-planet.de\/wp-content\/uploads\/2023\/02\/Banner_Buergerbegehren-800x160-1.jpg 800w\" sizes=\"(max-width: 835px) 100vw, 835px\" \/><\/p><p class=\"fusion-responsive-typography-calculated\" style=\"--fontsize: 20; line-height: 1.8; --minfontsize: 20;\" data-fontsize=\"20\" data-lineheight=\"36px\"><span style=\"color: #000000;\"><strong>Protect the Planet unter den Unterst\u00fctzern &#8211; Gro\u00dfe Umweltthemen in M\u00fcnchen brauchen leider immer \u00f6fter B\u00fcrgerbegehren, da die Politik zu \u00e4ngstlich agiert.<\/strong><br \/><\/span><\/p><p><img decoding=\"async\" class=\"alignleft wp-image-13142 size-medium\" src=\"https:\/\/www.protect-the-planet.de\/wp-content\/uploads\/2023_02_01_gruenflaechenerhalten_MG_6285-300x200.jpg\" alt=\"\" width=\"300\" height=\"200\" \/>&#8220;Die Stadt wird immer hei\u00dfer, man kann nicht alle Fl\u00e4chen versiegeln und jede Naherholungsfl\u00e4che betonieren &#8211; das ist keine zukunftsgerichtete Stadtplanung. Als Protect the Planet haben wir mit der Annahme des B\u00fcrgerbegehrens durch den M\u00fcnchner Stadtrat nun dreimal seit 2017 ein B\u00fcrgerbeteiligungsprojekt erfolgreich mit zum Ende gebracht. Schade, dass es beim Klimaschutz, beim Artenschutz und auch heute beim Erhalt der k\u00fchlenden Naherholungsfl\u00e4chen und nat\u00fcrlichen Temperatursenken so einen Aufwand, Einsatz und so eine gro\u00dfe B\u00fcrgerbeteiligung braucht, die Politik hat hier schwach agiert.&#8221;, so der Projektmanager Markus Raschke von Protect the Planet.<\/p><p>Protect the Planet hatte 2017 den B\u00fcrgerentscheid &#8220;Raus-aus-der-Steinkohle&#8221;, 2019 das Volksbegehren Artenvielfalt &#8220;Rettet die Bienen&#8221; und nun das Gr\u00fcnfl\u00e4chenbegehren mit unterst\u00fctzt und jeweils tatkr\u00e4ftig mit angepackt. &#8220;Gro\u00dfe Erleichterung, dass nun die um bis zu 4 Grad in Hitzen\u00e4chten k\u00fchlenden Gr\u00fcnfl\u00e4chen erhalten bleiben &#8211; unsere Nachkommen werden es uns danken!&#8221;, so Markus Raschke am Rande der Feier-Demonstration am 1. Februar auf dem M\u00fcnchner Marienplatz vor der Stadtratssitzung. Der Projektmanager hielt dabei ein Schild mit einem Eichh\u00f6rnchen hoch, ein Tier, das auf den \u00fcber 1.000 Gr\u00fcnfl\u00e4chen in M\u00fcnchen oft zu finden ist. 60.000 Unterschriften wurden von den Initiator*innen um Stefan Hofmeir und Tobias Ruff eingereicht, Protect the Planet ist auch Teil des Unterst\u00fctzerkreises des B\u00fcrgerbegehrens, das 2016 als Stadtteilsinitiative gestartet wurde und im Sommer 2022 die Schwelle f\u00fcr B\u00fcrgerbegehren der erforderlichen Unterschriftenzahl erreichte.<\/p><p>Protect the Planet hat 1.000 Unterschriften in M\u00fcnchen f\u00fcr das B\u00fcrgerbegehren gesammelt und konnte damit einen guten Anteil beitragen. <a href=\"https:\/\/www.sueddeutsche.de\/muenchen\/muenchen-bodenversiegelung-klimaschutz-1.5416605\">M\u00fcnchen ist entgegen landl\u00e4ufiger Meinungen die am meisten versiegelte Gro\u00dfstadt<\/a> in Deutschland, und ist bei der Menge Gr\u00fcnfl\u00e4chen unter 79 deutschen Gro\u00dfst\u00e4dten auf Rang 74 zu finden. Durch die Annahme im Stadtrat &#8211; gegen den erkl\u00e4rten Willen des Oberb\u00fcrgermeisters &#8211; bleibt der Fl\u00e4chennutzungsplan von 2016 wirksam und festgelegte Naherholungs-, Freizeit- und Gr\u00fcnfl\u00e4chen, die auch in Zukunft in den zu erwartenden Hitzen\u00e4chten die Stadt k\u00fchlen und Naherholung bringen, bleiben erhalten.<\/p>\t\t\t\t\t\t\t\t<\/div>\n\t\t\t\t<\/div>\n\t\t\t\t<\/div>\n\t\t\t\t\t<\/div>\n\t\t\t\t<\/div>\n\t\t\t\t<\/div>\n\t\t","protected":false},"excerpt":{"rendered":"<p>Protect the Planet hat das B\u00fcrgerbegehren unterst\u00fctzt &#8211; der Stadtrat es nach 60.000 Unterschriften angenommen: Stadtk\u00fchlung und Naherholung ist damit weiterhin durch Gr\u00fcnanlagen gegeben, die Stadt muss nun \u00fcber die Grenzen es Wachstums nachdenken.<\/p>\n","protected":false},"author":5,"featured_media":21827,"comment_status":"open","ping_status":"open","sticky":false,"template":"","format":"standard","meta":{"footnotes":""},"categories":[729],"tags":[815,816,817,818,819,753],"class_list":["post-22681","post","type-post","status-publish","format-standard","has-post-thumbnail","hentry","category-news","tag-buergerbegehren-en","tag-buergerbegehren-gruenflaechen_erhalten-de-en","tag-erfolg-en","tag-gruenflaechen-erhalten-en","tag-klimaanpassung-en","tag-muenchen-en"],"yoast_head":"<!-- This site is optimized with the Yoast SEO plugin v27.5 - https:\/\/yoast.com\/product\/yoast-seo-wordpress\/ -->\n<title>N\u00e4chstes B\u00fcrgerbegehren erfolgreich: Gr\u00fcnfl\u00e4chen-erhalten im Stadtrat angenommen! - Protect the Planet<\/title>\n<meta name=\"description\" content=\"60.000 Unterschriften bringen den Stadtrat zum umdenken: Zum Wohle des Stadtklima bleiben die ausgewiesenen Gr\u00fcnfl\u00e4chen erhalten!\" \/>\n<meta name=\"robots\" content=\"index, follow, max-snippet:-1, max-image-preview:large, max-video-preview:-1\" \/>\n<link rel=\"canonical\" href=\"https:\/\/www.protect-the-planet.de\/en\/2023_02_01-gruenflaechenbegehren\/\" \/>\n<meta property=\"og:locale\" content=\"en_US\" \/>\n<meta property=\"og:type\" content=\"article\" \/>\n<meta property=\"og:title\" content=\"N\u00e4chstes B\u00fcrgerbegehren erfolgreich: Gr\u00fcnfl\u00e4chen-erhalten im Stadtrat angenommen! - Protect the Planet\" \/>\n<meta property=\"og:description\" content=\"60.000 Unterschriften bringen den Stadtrat zum umdenken: Zum Wohle des Stadtklima bleiben die ausgewiesenen Gr\u00fcnfl\u00e4chen erhalten!\" \/>\n<meta property=\"og:url\" content=\"https:\/\/www.protect-the-planet.de\/en\/2023_02_01-gruenflaechenbegehren\/\" \/>\n<meta property=\"og:site_name\" content=\"Protect the Planet\" \/>\n<meta property=\"article:publisher\" content=\"https:\/\/www.facebook.com\/protecttheplanetDE\/\" \/>\n<meta property=\"article:published_time\" content=\"2023-02-02T11:55:27+00:00\" \/>\n<meta property=\"article:modified_time\" content=\"2024-04-10T12:55:06+00:00\" \/>\n<meta property=\"og:image\" content=\"https:\/\/www.protect-the-planet.de\/wp-content\/uploads\/2023\/02\/beitragsbild-gruenflaechen-erhalten-1.png\" \/>\n\t<meta property=\"og:image:width\" content=\"800\" \/>\n\t<meta property=\"og:image:height\" content=\"500\" \/>\n\t<meta property=\"og:image:type\" content=\"image\/png\" \/>\n<meta name=\"author\" content=\"Markus Raschke\" \/>\n<meta name=\"twitter:card\" content=\"summary_large_image\" \/>\n<meta name=\"twitter:creator\" content=\"@PtP_de\" \/>\n<meta name=\"twitter:site\" content=\"@PtP_de\" \/>\n<meta name=\"twitter:label1\" content=\"Written by\" \/>\n\t<meta name=\"twitter:data1\" content=\"Markus Raschke\" \/>\n\t<meta name=\"twitter:label2\" content=\"Est. reading time\" \/>\n\t<meta name=\"twitter:data2\" content=\"3 minutes\" \/>\n<script type=\"application\/ld+json\" class=\"yoast-schema-graph\">{\"@context\":\"https:\\\/\\\/schema.org\",\"@graph\":[{\"@type\":\"Article\",\"@id\":\"https:\\\/\\\/www.protect-the-planet.de\\\/en\\\/2023_02_01-gruenflaechenbegehren\\\/#article\",\"isPartOf\":{\"@id\":\"https:\\\/\\\/www.protect-the-planet.de\\\/en\\\/2023_02_01-gruenflaechenbegehren\\\/\"},\"author\":{\"name\":\"Markus Raschke\",\"@id\":\"https:\\\/\\\/www.protect-the-planet.de\\\/en\\\/#\\\/schema\\\/person\\\/2938106dc0af5691b82b52a1b3f39b0b\"},\"headline\":\"N\u00e4chstes B\u00fcrgerbegehren erfolgreich: Gr\u00fcnfl\u00e4chen-erhalten im Stadtrat angenommen!\",\"datePublished\":\"2023-02-02T11:55:27+00:00\",\"dateModified\":\"2024-04-10T12:55:06+00:00\",\"mainEntityOfPage\":{\"@id\":\"https:\\\/\\\/www.protect-the-planet.de\\\/en\\\/2023_02_01-gruenflaechenbegehren\\\/\"},\"wordCount\":387,\"commentCount\":0,\"publisher\":{\"@id\":\"https:\\\/\\\/www.protect-the-planet.de\\\/en\\\/#organization\"},\"image\":{\"@id\":\"https:\\\/\\\/www.protect-the-planet.de\\\/en\\\/2023_02_01-gruenflaechenbegehren\\\/#primaryimage\"},\"thumbnailUrl\":\"https:\\\/\\\/www.protect-the-planet.de\\\/wp-content\\\/uploads\\\/2023\\\/02\\\/beitragsbild-gruenflaechen-erhalten-1.png\",\"keywords\":[\"B\u00fcrgerbegehren\",\"B\u00fcrgerbegehren \u201eGr\u00fcnfl\u00e4chen_erhalten.de\u201c\",\"Erfolg\",\"Gr\u00fcnfl\u00e4chen-erhalten\",\"Klimaanpassung\",\"M\u00fcnchen\"],\"articleSection\":[\"News\"],\"inLanguage\":\"en-US\",\"potentialAction\":[{\"@type\":\"CommentAction\",\"name\":\"Comment\",\"target\":[\"https:\\\/\\\/www.protect-the-planet.de\\\/en\\\/2023_02_01-gruenflaechenbegehren\\\/#respond\"]}]},{\"@type\":\"WebPage\",\"@id\":\"https:\\\/\\\/www.protect-the-planet.de\\\/en\\\/2023_02_01-gruenflaechenbegehren\\\/\",\"url\":\"https:\\\/\\\/www.protect-the-planet.de\\\/en\\\/2023_02_01-gruenflaechenbegehren\\\/\",\"name\":\"N\u00e4chstes B\u00fcrgerbegehren erfolgreich: Gr\u00fcnfl\u00e4chen-erhalten im Stadtrat angenommen! - Protect the Planet\",\"isPartOf\":{\"@id\":\"https:\\\/\\\/www.protect-the-planet.de\\\/en\\\/#website\"},\"primaryImageOfPage\":{\"@id\":\"https:\\\/\\\/www.protect-the-planet.de\\\/en\\\/2023_02_01-gruenflaechenbegehren\\\/#primaryimage\"},\"image\":{\"@id\":\"https:\\\/\\\/www.protect-the-planet.de\\\/en\\\/2023_02_01-gruenflaechenbegehren\\\/#primaryimage\"},\"thumbnailUrl\":\"https:\\\/\\\/www.protect-the-planet.de\\\/wp-content\\\/uploads\\\/2023\\\/02\\\/beitragsbild-gruenflaechen-erhalten-1.png\",\"datePublished\":\"2023-02-02T11:55:27+00:00\",\"dateModified\":\"2024-04-10T12:55:06+00:00\",\"description\":\"60.000 Unterschriften bringen den Stadtrat zum umdenken: Zum Wohle des Stadtklima bleiben die ausgewiesenen Gr\u00fcnfl\u00e4chen erhalten!\",\"breadcrumb\":{\"@id\":\"https:\\\/\\\/www.protect-the-planet.de\\\/en\\\/2023_02_01-gruenflaechenbegehren\\\/#breadcrumb\"},\"inLanguage\":\"en-US\",\"potentialAction\":[{\"@type\":\"ReadAction\",\"target\":[\"https:\\\/\\\/www.protect-the-planet.de\\\/en\\\/2023_02_01-gruenflaechenbegehren\\\/\"]}]},{\"@type\":\"ImageObject\",\"inLanguage\":\"en-US\",\"@id\":\"https:\\\/\\\/www.protect-the-planet.de\\\/en\\\/2023_02_01-gruenflaechenbegehren\\\/#primaryimage\",\"url\":\"https:\\\/\\\/www.protect-the-planet.de\\\/wp-content\\\/uploads\\\/2023\\\/02\\\/beitragsbild-gruenflaechen-erhalten-1.png\",\"contentUrl\":\"https:\\\/\\\/www.protect-the-planet.de\\\/wp-content\\\/uploads\\\/2023\\\/02\\\/beitragsbild-gruenflaechen-erhalten-1.png\",\"width\":800,\"height\":500,\"caption\":\"Beitragsbild Gr\u00fcnfl\u00e4chen erhalten\"},{\"@type\":\"BreadcrumbList\",\"@id\":\"https:\\\/\\\/www.protect-the-planet.de\\\/en\\\/2023_02_01-gruenflaechenbegehren\\\/#breadcrumb\",\"itemListElement\":[{\"@type\":\"ListItem\",\"position\":1,\"name\":\"Startseite\",\"item\":\"https:\\\/\\\/www.protect-the-planet.de\\\/en\\\/home\\\/\"},{\"@type\":\"ListItem\",\"position\":2,\"name\":\"N\u00e4chstes B\u00fcrgerbegehren erfolgreich: Gr\u00fcnfl\u00e4chen-erhalten im Stadtrat angenommen!\"}]},{\"@type\":\"WebSite\",\"@id\":\"https:\\\/\\\/www.protect-the-planet.de\\\/en\\\/#website\",\"url\":\"https:\\\/\\\/www.protect-the-planet.de\\\/en\\\/\",\"name\":\"Protect the Planet\",\"description\":\"If we don&#039;t change, the climate will.\",\"publisher\":{\"@id\":\"https:\\\/\\\/www.protect-the-planet.de\\\/en\\\/#organization\"},\"alternateName\":\"Protect the Panet gGmbH\",\"potentialAction\":[{\"@type\":\"SearchAction\",\"target\":{\"@type\":\"EntryPoint\",\"urlTemplate\":\"https:\\\/\\\/www.protect-the-planet.de\\\/en\\\/?s={search_term_string}\"},\"query-input\":{\"@type\":\"PropertyValueSpecification\",\"valueRequired\":true,\"valueName\":\"search_term_string\"}}],\"inLanguage\":\"en-US\"},{\"@type\":\"Organization\",\"@id\":\"https:\\\/\\\/www.protect-the-planet.de\\\/en\\\/#organization\",\"name\":\"Protect the Planet\",\"url\":\"https:\\\/\\\/www.protect-the-planet.de\\\/en\\\/\",\"logo\":{\"@type\":\"ImageObject\",\"inLanguage\":\"en-US\",\"@id\":\"https:\\\/\\\/www.protect-the-planet.de\\\/en\\\/#\\\/schema\\\/logo\\\/image\\\/\",\"url\":\"https:\\\/\\\/www.protect-the-planet.de\\\/wp-content\\\/uploads\\\/2023\\\/09\\\/LOGO-positiv_transparent-klein.png\",\"contentUrl\":\"https:\\\/\\\/www.protect-the-planet.de\\\/wp-content\\\/uploads\\\/2023\\\/09\\\/LOGO-positiv_transparent-klein.png\",\"width\":123,\"height\":68,\"caption\":\"Protect the Planet\"},\"image\":{\"@id\":\"https:\\\/\\\/www.protect-the-planet.de\\\/en\\\/#\\\/schema\\\/logo\\\/image\\\/\"},\"sameAs\":[\"https:\\\/\\\/www.facebook.com\\\/protecttheplanetDE\\\/\",\"https:\\\/\\\/x.com\\\/PtP_de\",\"https:\\\/\\\/www.instagram.com\\\/protecttheplanetorg\\\/\",\"https:\\\/\\\/www.linkedin.com\\\/company\\\/protect-the-planet\",\"https:\\\/\\\/www.youtube.com\\\/@protecttheplanet\"]},{\"@type\":\"Person\",\"@id\":\"https:\\\/\\\/www.protect-the-planet.de\\\/en\\\/#\\\/schema\\\/person\\\/2938106dc0af5691b82b52a1b3f39b0b\",\"name\":\"Markus Raschke\",\"image\":{\"@type\":\"ImageObject\",\"inLanguage\":\"en-US\",\"@id\":\"https:\\\/\\\/www.protect-the-planet.de\\\/wp-content\\\/uploads\\\/2023\\\/06\\\/cropped-Gruppe-9@2x-96x96.png\",\"url\":\"https:\\\/\\\/www.protect-the-planet.de\\\/wp-content\\\/uploads\\\/2023\\\/06\\\/cropped-Gruppe-9@2x-96x96.png\",\"contentUrl\":\"https:\\\/\\\/www.protect-the-planet.de\\\/wp-content\\\/uploads\\\/2023\\\/06\\\/cropped-Gruppe-9@2x-96x96.png\",\"caption\":\"Markus Raschke\"},\"description\":\"markus.raschke@protect-the-planet.de +49 160 930 54 965\",\"url\":\"https:\\\/\\\/www.protect-the-planet.de\\\/en\\\/author\\\/raschke\\\/\"}]}<\/script>\n<!-- \/ Yoast SEO plugin. -->","yoast_head_json":{"title":"N\u00e4chstes B\u00fcrgerbegehren erfolgreich: Gr\u00fcnfl\u00e4chen-erhalten im Stadtrat angenommen! - Protect the Planet","description":"60.000 Unterschriften bringen den Stadtrat zum umdenken: Zum Wohle des Stadtklima bleiben die ausgewiesenen Gr\u00fcnfl\u00e4chen erhalten!","robots":{"index":"index","follow":"follow","max-snippet":"max-snippet:-1","max-image-preview":"max-image-preview:large","max-video-preview":"max-video-preview:-1"},"canonical":"https:\/\/www.protect-the-planet.de\/en\/2023_02_01-gruenflaechenbegehren\/","og_locale":"en_US","og_type":"article","og_title":"N\u00e4chstes B\u00fcrgerbegehren erfolgreich: Gr\u00fcnfl\u00e4chen-erhalten im Stadtrat angenommen! - Protect the Planet","og_description":"60.000 Unterschriften bringen den Stadtrat zum umdenken: Zum Wohle des Stadtklima bleiben die ausgewiesenen Gr\u00fcnfl\u00e4chen erhalten!","og_url":"https:\/\/www.protect-the-planet.de\/en\/2023_02_01-gruenflaechenbegehren\/","og_site_name":"Protect the Planet","article_publisher":"https:\/\/www.facebook.com\/protecttheplanetDE\/","article_published_time":"2023-02-02T11:55:27+00:00","article_modified_time":"2024-04-10T12:55:06+00:00","og_image":[{"width":800,"height":500,"url":"https:\/\/www.protect-the-planet.de\/wp-content\/uploads\/2023\/02\/beitragsbild-gruenflaechen-erhalten-1.png","type":"image\/png"}],"author":"Markus Raschke","twitter_card":"summary_large_image","twitter_creator":"@PtP_de","twitter_site":"@PtP_de","twitter_misc":{"Written by":"Markus Raschke","Est. reading time":"3 minutes"},"schema":{"@context":"https:\/\/schema.org","@graph":[{"@type":"Article","@id":"https:\/\/www.protect-the-planet.de\/en\/2023_02_01-gruenflaechenbegehren\/#article","isPartOf":{"@id":"https:\/\/www.protect-the-planet.de\/en\/2023_02_01-gruenflaechenbegehren\/"},"author":{"name":"Markus Raschke","@id":"https:\/\/www.protect-the-planet.de\/en\/#\/schema\/person\/2938106dc0af5691b82b52a1b3f39b0b"},"headline":"N\u00e4chstes B\u00fcrgerbegehren erfolgreich: Gr\u00fcnfl\u00e4chen-erhalten im Stadtrat angenommen!","datePublished":"2023-02-02T11:55:27+00:00","dateModified":"2024-04-10T12:55:06+00:00","mainEntityOfPage":{"@id":"https:\/\/www.protect-the-planet.de\/en\/2023_02_01-gruenflaechenbegehren\/"},"wordCount":387,"commentCount":0,"publisher":{"@id":"https:\/\/www.protect-the-planet.de\/en\/#organization"},"image":{"@id":"https:\/\/www.protect-the-planet.de\/en\/2023_02_01-gruenflaechenbegehren\/#primaryimage"},"thumbnailUrl":"https:\/\/www.protect-the-planet.de\/wp-content\/uploads\/2023\/02\/beitragsbild-gruenflaechen-erhalten-1.png","keywords":["B\u00fcrgerbegehren","B\u00fcrgerbegehren \u201eGr\u00fcnfl\u00e4chen_erhalten.de\u201c","Erfolg","Gr\u00fcnfl\u00e4chen-erhalten","Klimaanpassung","M\u00fcnchen"],"articleSection":["News"],"inLanguage":"en-US","potentialAction":[{"@type":"CommentAction","name":"Comment","target":["https:\/\/www.protect-the-planet.de\/en\/2023_02_01-gruenflaechenbegehren\/#respond"]}]},{"@type":"WebPage","@id":"https:\/\/www.protect-the-planet.de\/en\/2023_02_01-gruenflaechenbegehren\/","url":"https:\/\/www.protect-the-planet.de\/en\/2023_02_01-gruenflaechenbegehren\/","name":"N\u00e4chstes B\u00fcrgerbegehren erfolgreich: Gr\u00fcnfl\u00e4chen-erhalten im Stadtrat angenommen! - Protect the Planet","isPartOf":{"@id":"https:\/\/www.protect-the-planet.de\/en\/#website"},"primaryImageOfPage":{"@id":"https:\/\/www.protect-the-planet.de\/en\/2023_02_01-gruenflaechenbegehren\/#primaryimage"},"image":{"@id":"https:\/\/www.protect-the-planet.de\/en\/2023_02_01-gruenflaechenbegehren\/#primaryimage"},"thumbnailUrl":"https:\/\/www.protect-the-planet.de\/wp-content\/uploads\/2023\/02\/beitragsbild-gruenflaechen-erhalten-1.png","datePublished":"2023-02-02T11:55:27+00:00","dateModified":"2024-04-10T12:55:06+00:00","description":"60.000 Unterschriften bringen den Stadtrat zum umdenken: Zum Wohle des Stadtklima bleiben die ausgewiesenen Gr\u00fcnfl\u00e4chen erhalten!","breadcrumb":{"@id":"https:\/\/www.protect-the-planet.de\/en\/2023_02_01-gruenflaechenbegehren\/#breadcrumb"},"inLanguage":"en-US","potentialAction":[{"@type":"ReadAction","target":["https:\/\/www.protect-the-planet.de\/en\/2023_02_01-gruenflaechenbegehren\/"]}]},{"@type":"ImageObject","inLanguage":"en-US","@id":"https:\/\/www.protect-the-planet.de\/en\/2023_02_01-gruenflaechenbegehren\/#primaryimage","url":"https:\/\/www.protect-the-planet.de\/wp-content\/uploads\/2023\/02\/beitragsbild-gruenflaechen-erhalten-1.png","contentUrl":"https:\/\/www.protect-the-planet.de\/wp-content\/uploads\/2023\/02\/beitragsbild-gruenflaechen-erhalten-1.png","width":800,"height":500,"caption":"Beitragsbild Gr\u00fcnfl\u00e4chen erhalten"},{"@type":"BreadcrumbList","@id":"https:\/\/www.protect-the-planet.de\/en\/2023_02_01-gruenflaechenbegehren\/#breadcrumb","itemListElement":[{"@type":"ListItem","position":1,"name":"Startseite","item":"https:\/\/www.protect-the-planet.de\/en\/home\/"},{"@type":"ListItem","position":2,"name":"N\u00e4chstes B\u00fcrgerbegehren erfolgreich: Gr\u00fcnfl\u00e4chen-erhalten im Stadtrat angenommen!"}]},{"@type":"WebSite","@id":"https:\/\/www.protect-the-planet.de\/en\/#website","url":"https:\/\/www.protect-the-planet.de\/en\/","name":"Protect the Planet","description":"If we don&#039;t change, the climate will.","publisher":{"@id":"https:\/\/www.protect-the-planet.de\/en\/#organization"},"alternateName":"Protect the Panet gGmbH","potentialAction":[{"@type":"SearchAction","target":{"@type":"EntryPoint","urlTemplate":"https:\/\/www.protect-the-planet.de\/en\/?s={search_term_string}"},"query-input":{"@type":"PropertyValueSpecification","valueRequired":true,"valueName":"search_term_string"}}],"inLanguage":"en-US"},{"@type":"Organization","@id":"https:\/\/www.protect-the-planet.de\/en\/#organization","name":"Protect the Planet","url":"https:\/\/www.protect-the-planet.de\/en\/","logo":{"@type":"ImageObject","inLanguage":"en-US","@id":"https:\/\/www.protect-the-planet.de\/en\/#\/schema\/logo\/image\/","url":"https:\/\/www.protect-the-planet.de\/wp-content\/uploads\/2023\/09\/LOGO-positiv_transparent-klein.png","contentUrl":"https:\/\/www.protect-the-planet.de\/wp-content\/uploads\/2023\/09\/LOGO-positiv_transparent-klein.png","width":123,"height":68,"caption":"Protect the Planet"},"image":{"@id":"https:\/\/www.protect-the-planet.de\/en\/#\/schema\/logo\/image\/"},"sameAs":["https:\/\/www.facebook.com\/protecttheplanetDE\/","https:\/\/x.com\/PtP_de","https:\/\/www.instagram.com\/protecttheplanetorg\/","https:\/\/www.linkedin.com\/company\/protect-the-planet","https:\/\/www.youtube.com\/@protecttheplanet"]},{"@type":"Person","@id":"https:\/\/www.protect-the-planet.de\/en\/#\/schema\/person\/2938106dc0af5691b82b52a1b3f39b0b","name":"Markus Raschke","image":{"@type":"ImageObject","inLanguage":"en-US","@id":"https:\/\/www.protect-the-planet.de\/wp-content\/uploads\/2023\/06\/cropped-Gruppe-9@2x-96x96.png","url":"https:\/\/www.protect-the-planet.de\/wp-content\/uploads\/2023\/06\/cropped-Gruppe-9@2x-96x96.png","contentUrl":"https:\/\/www.protect-the-planet.de\/wp-content\/uploads\/2023\/06\/cropped-Gruppe-9@2x-96x96.png","caption":"Markus Raschke"},"description":"markus.raschke@protect-the-planet.de +49 160 930 54 965","url":"https:\/\/www.protect-the-planet.de\/en\/author\/raschke\/"}]}},"_links":{"self":[{"href":"https:\/\/www.protect-the-planet.de\/en\/wp-json\/wp\/v2\/posts\/22681","targetHints":{"allow":["GET"]}}],"collection":[{"href":"https:\/\/www.protect-the-planet.de\/en\/wp-json\/wp\/v2\/posts"}],"about":[{"href":"https:\/\/www.protect-the-planet.de\/en\/wp-json\/wp\/v2\/types\/post"}],"author":[{"embeddable":true,"href":"https:\/\/www.protect-the-planet.de\/en\/wp-json\/wp\/v2\/users\/5"}],"replies":[{"embeddable":true,"href":"https:\/\/www.protect-the-planet.de\/en\/wp-json\/wp\/v2\/comments?post=22681"}],"version-history":[{"count":0,"href":"https:\/\/www.protect-the-planet.de\/en\/wp-json\/wp\/v2\/posts\/22681\/revisions"}],"wp:featuredmedia":[{"embeddable":true,"href":"https:\/\/www.protect-the-planet.de\/en\/wp-json\/wp\/v2\/media\/21827"}],"wp:attachment":[{"href":"https:\/\/www.protect-the-planet.de\/en\/wp-json\/wp\/v2\/media?parent=22681"}],"wp:term":[{"taxonomy":"category","embeddable":true,"href":"https:\/\/www.protect-the-planet.de\/en\/wp-json\/wp\/v2\/categories?post=22681"},{"taxonomy":"post_tag","embeddable":true,"href":"https:\/\/www.protect-the-planet.de\/en\/wp-json\/wp\/v2\/tags?post=22681"}],"curies":[{"name":"wp","href":"https:\/\/api.w.org\/{rel}","templated":true}]}}