{"id":22679,"date":"2023-03-14T13:33:08","date_gmt":"2023-03-14T12:33:08","guid":{"rendered":"https:\/\/www.protect-the-planet.de\/2023_03_01-bb-gruenflaechen-erfolg\/"},"modified":"2024-03-14T17:39:31","modified_gmt":"2024-03-14T16:39:31","slug":"2023_03_01-bb-gruenflaechen-erfolg","status":"publish","type":"post","link":"https:\/\/www.protect-the-planet.de\/en\/2023_03_01-bb-gruenflaechen-erfolg\/","title":{"rendered":"Nach rechtlichen Verwirrungen: B\u00fcrgerbegehren Gr\u00fcnfl\u00e4chen-erhalten nochmal (!) erfolgreich!"},"content":{"rendered":"\t\t<div data-elementor-type=\"wp-post\" data-elementor-id=\"22679\" class=\"elementor elementor-22679 elementor-13707\" data-elementor-post-type=\"post\">\n\t\t\t\t\t\t<section class=\"elementor-section elementor-top-section elementor-element elementor-element-5a062eb elementor-section-boxed elementor-section-height-default elementor-section-height-default\" data-id=\"5a062eb\" data-element_type=\"section\" data-e-type=\"section\">\n\t\t\t\t\t\t<div class=\"elementor-container elementor-column-gap-default\">\n\t\t\t\t\t<div class=\"elementor-column elementor-col-100 elementor-top-column elementor-element elementor-element-3ef2f38f\" data-id=\"3ef2f38f\" data-element_type=\"column\" data-e-type=\"column\">\n\t\t\t<div class=\"elementor-widget-wrap elementor-element-populated\">\n\t\t\t\t\t\t<div class=\"elementor-element elementor-element-3fb409e2 elementor-widget elementor-widget-text-editor\" data-id=\"3fb409e2\" data-element_type=\"widget\" data-e-type=\"widget\" data-widget_type=\"text-editor.default\">\n\t\t\t\t<div class=\"elementor-widget-container\">\n\t\t\t\t\t\t\t\t\t<h2 class=\"fusion-responsive-typography-calculated\" style=\"--fontsize: 30; line-height: 1.2;\" data-fontsize=\"30\" data-lineheight=\"36px\"><span style=\"color: #000000;\">Unser n\u00e4chstes B\u00fcrgerbegehren final doch erfolgreich: Gr\u00fcnfl\u00e4chen-erhalten im Stadtrat angenommen!<\/span><\/h2><p class=\"fusion-responsive-typography-calculated\" style=\"--fontsize: 20; line-height: 1.8; --minfontsize: 20;\" data-fontsize=\"20\" data-lineheight=\"36px\"><strong><span style=\"color: #000000;\">Annahme &#8211; R\u00fccknahme der Annahme &#8211; wiederholte Annahme &#8211; das Possenspiel um das B\u00fcrgerbegehren hat ein Ende, Protect the Planet konnte 1.000 gesammelte Unterschriften zum n\u00e4chsten erfolgreichen B\u00fcrgerbegehren beitragen.<\/span><\/strong><\/p><p><img fetchpriority=\"high\" decoding=\"async\" class=\"wp-image-16779 size-full alignleft\" src=\"https:\/\/www.protect-the-planet.de\/wp-content\/uploads\/2023\/03\/freude-annahme-buergerbegehren-300x268-1.jpeg\" alt=\"Markus Raschke bei der Einreichung des B\u00fcrgerbegehrens\" width=\"300\" height=\"268\" \/><\/p><p>Am 1. Februar haben wir schon den Erfolg gefeiert &#8211; zu fr\u00fch! Denn direkt nach der Annahme des B\u00fcrgerbegehrens wollte Schwarz-Rot-Gr\u00fcn im M\u00fcnchner Rathaus laufende Planungen von der Initiative ausnehmen. Die Regierung von Oberbayern als Aufsichtsbeh\u00f6rde erkl\u00e4rte das f\u00fcr unzul\u00e4ssig und ordnete die Neuabstimmung an.<\/p><p>Markus Raschke, Projektmanager von Protect the Planet f\u00fcr das B\u00fcrgerbegehren freut sich: &#8220;M\u00fcnchen leidet wie viele Gro\u00dfst\u00e4dte unter der zunehmenden Klima\u00fcberhitzung, Hitzen\u00e4chte wie in den Tropen werden immer mehr zum Normalzustand. Hier kann nur k\u00fchlendes Gr\u00fcn helfen &#8211; und die Stadt muss endlich anfangen \u00fcber das Ende der Betonflut nachzudenken, denn M\u00fcnchen ist nach wie vor<a href=\"https:\/\/www.sueddeutsche.de\/muenchen\/muenchen-bodenversiegelung-klimaschutz-1.5416605\"> die am meisten versiegelte Gro\u00dfstadt<\/a> in Deutschland.&#8221;<\/p><p>Auch Tobias Ruff, Stadtrat und Sprecher des B\u00fcrgerbegehrens freut sich: \u201eM\u00fcnchen hat \u00fcber 1.200 Gr\u00fcnanlagen. Diese erhalten durch das angenommene B\u00fcrgerbegehren einen ganz anderen Status in der Stadtplanung. Das B\u00fcrgerbegehren entfaltet daduch an allen Ecken M\u00fcnchens unmittelbare Wirkung und ist somit wahrscheinlich das bedeutendste in der Geschichte der Stadt.&#8221;<\/p><p>\u201eWir sind sehr froh, dass der Stadtrat mit den Stimmen von CSU, Gr\u00fcnen und \u00d6DP\/M\u00fcnchen Liste unser B\u00fcrgerbegehren nun ohne Einschr\u00e4nkung \u00fcbernommen haben. Es w\u00e4re absurd gewesen, wenn es einen B\u00fcrgerentscheid oder gar einen zus\u00e4tzlichen Ratsentscheid gegeben h\u00e4tte, wie die Gr\u00fcnen vorgeschlagen hatten. Damit wurden 3,4 Millionen Euro Steuergelder gespart&#8221;, so Stefan Hofmeir, ebenfalls Sprecher des B\u00fcrgerbegehrens.<\/p><p>Protect the Planet konnte zu den gesammelten 60.000 Unterschriften gut 1.000 beitragen und unterst\u00fctzt weiterhin lokale Initiativen, die pr\u00e4ventiv gegen die Klima\u00fcberhitzung auch in der Stadt vorgehen und der Betonflut ein Ende setzen. Nach &#8220;Raus-aus-der-Steinkohle&#8221; (2017) und dem Volksbegehren &#8220;Rettet die Bienen&#8221; (2019) ist dieses B\u00fcrgerbegehren damit die dritte erfolgreiche B\u00fcrgerbegeteiligungsinitiative, an der Protect the Planet mitgewirkt hat.<\/p>\t\t\t\t\t\t\t\t<\/div>\n\t\t\t\t<\/div>\n\t\t\t\t\t<\/div>\n\t\t<\/div>\n\t\t\t\t\t<\/div>\n\t\t<\/section>\n\t\t<div class=\"elementor-element elementor-element-dd56aa9 e-flex e-con-boxed e-con e-parent\" data-id=\"dd56aa9\" data-element_type=\"container\" data-e-type=\"container\">\n\t\t\t\t\t<div class=\"e-con-inner\">\n\t\t\t\t<div class=\"elementor-element elementor-element-db9a69c elementor-widget elementor-widget-video\" data-id=\"db9a69c\" data-element_type=\"widget\" data-e-type=\"widget\" data-settings=\"{&quot;youtube_url&quot;:&quot;https:\\\/\\\/www.youtube.com\\\/watch?v=1UWpLUvlQio&quot;,&quot;video_type&quot;:&quot;youtube&quot;,&quot;controls&quot;:&quot;yes&quot;}\" data-widget_type=\"video.default\">\n\t\t\t\t<div class=\"elementor-widget-container\">\n\t\t\t\t\t\t\t<div class=\"elementor-wrapper elementor-open-inline\">\n\t\t\t<div class=\"elementor-video\"> <div class=\"brlbs-cmpnt-container brlbs-cmpnt-content-blocker brlbs-cmpnt-with-individual-styles\" data-borlabs-cookie-content-blocker-id=\"youtube-content-blocker\" data-borlabs-cookie-content=\"PHNjcmlwdD4KKGZ1bmN0aW9uKCkgewogICAgbGV0IGQgPSBudWxsOwoKICAgIC8vIGlmIHdlIGFyZSBpbiBhIGxvb3AsIHdlIG5lZWQgdG8gc2VsZWN0IHRoZSBjb3JyZWN0IHZpZGVvIGVsZW1lbnQsIHNpbmNlIFdpZGdldCBJRCBvY2N1cnMgbXVsdGlwbGUgdGltZXMgb24gcGFnZQogICAgY29uc3QgZWxlbXNJbkxvb3AgPSBkb2N1bWVudC5xdWVyeVNlbGVjdG9yQWxsKCc6aXMoZGl2W2RhdGEtZWxlbWVudG9yLXR5cGU9Imxvb3AtaXRlbSJdLGRpdltkYXRhLWVsZW1lbnRvci10eXBlPSJqZXQtbGlzdGluZy1pdGVtcyJdLGRpdltkYXRhLXdpZGdldF90eXBlXj0icHJlbWl1bS1hZGRvbi10YWJzLiJdKSBkaXYuZWxlbWVudG9yLWVsZW1lbnQtZGI5YTY5YycpOwogICAgaWYgKGVsZW1zSW5Mb29wLmxlbmd0aCA9PT0gMSkgewogICAgICAgIGQgPSBlbGVtc0luTG9vcFswXTsKICAgIH0gZWxzZSBpZiAoZWxlbXNJbkxvb3AubGVuZ3RoID4gMSkgewogICAgICAgIGlmICh0eXBlb2YgZG9jdW1lbnQuY3VycmVudFNjcmlwdCA9PT0gJ3VuZGVmaW5lZCcgfHwgZG9jdW1lbnQuY3VycmVudFNjcmlwdCA9PSBudWxsKSB7CiAgICAgICAgICAgIHJldHVybjsKICAgICAgICB9CiAgICAgICAgY29uc3QgdG1wVmlkZW9XaWRnZXQgPSBkb2N1bWVudC5jdXJyZW50U2NyaXB0LmNsb3Nlc3QoJ1tkYXRhLXdpZGdldF90eXBlPSJicmxic192aWRlby5kZWZhdWx0Il0nKTsKICAgICAgICBpZiAodG1wVmlkZW9XaWRnZXQpIHsKICAgICAgICAgICAgZCA9IHRtcFZpZGVvV2lkZ2V0OwogICAgICAgIH0KICAgIH0KCiAgICBpZiAoZCA9PSBudWxsKSB7CiAgICAgICAgZCA9IGRvY3VtZW50LnF1ZXJ5U2VsZWN0b3IoJ2Rpdi5lbGVtZW50b3ItZWxlbWVudC1kYjlhNjljJyk7CiAgICB9CgogICAgaWYgKGQgPT0gbnVsbCkgewogICAgICAgIHJldHVybjsKICAgIH0KICAgIGQuZGF0YXNldC53aWRnZXRfdHlwZSA9IGQuZGF0YXNldC53aWRnZXRfdHlwZS5yZXBsYWNlKCdicmxic18nLCAnJyk7CiAgICBkLmRhdGFzZXQuYnJsYnNVbmJsb2NrZWQgPSAndHJ1ZSc7CgogICAgY29uc3QgaW50ZXJ2YWwgPSBzZXRJbnRlcnZhbCgoKSA9PiB7CiAgICAgICAgaWYgKHR5cGVvZiBlbGVtZW50b3JGcm9udGVuZCAhPT0gJ3VuZGVmaW5lZCcgJiYgdHlwZW9mIGVsZW1lbnRvckZyb250ZW5kLmhvb2tzICE9PSAndW5kZWZpbmVkJykgewogICAgICAgICAgICBjbGVhckludGVydmFsKGludGVydmFsKTsKICAgICAgICAgICAgZWxlbWVudG9yRnJvbnRlbmQuaG9va3MuZG9BY3Rpb24oJ2Zyb250ZW5kL2VsZW1lbnRfcmVhZHkvdmlkZW8uZGVmYXVsdCcsIGpRdWVyeShkKSwgalF1ZXJ5KQogICAgICAgIH0KICAgIH0sIDMwKQp9KSgpOwo8L3NjcmlwdD4=\"><div class=\"brlbs-cmpnt-cb-preset-c brlbs-cmpnt-cb-youtube\"> <div class=\"brlbs-cmpnt-cb-thumbnail\" style=\"background-image: url('https:\/\/www.protect-the-planet.de\/wp-content\/uploads\/borlabs-cookie\/1\/yt_1UWpLUvlQio_hqdefault.jpg')\"><\/div> <div class=\"brlbs-cmpnt-cb-main\"> <div class=\"brlbs-cmpnt-cb-play-button\"><\/div> <div class=\"brlbs-cmpnt-cb-content\"> <p class=\"brlbs-cmpnt-cb-description\">You are currently viewing a placeholder content from <strong>YouTube<\/strong>. To access the actual content, click the button below. Please note that doing so will share data with third-party providers.<\/p> <a class=\"brlbs-cmpnt-cb-provider-toggle\" href=\"#\" data-borlabs-cookie-show-provider-information role=\"button\">More Information<\/a> <\/div> <div class=\"brlbs-cmpnt-cb-buttons\"> <a class=\"brlbs-cmpnt-cb-btn\" href=\"#\" data-borlabs-cookie-unblock role=\"button\">Unblock content<\/a> <a class=\"brlbs-cmpnt-cb-btn\" href=\"#\" data-borlabs-cookie-accept-service role=\"button\" style=\"display: inherit\">Accept required service and unblock content<\/a> <\/div> <\/div> <\/div><\/div><\/div>\t\t<\/div>\n\t\t\t\t\t\t<\/div>\n\t\t\t\t<\/div>\n\t\t\t\t\t<\/div>\n\t\t\t\t<\/div>\n\t\t<div class=\"elementor-element elementor-element-f0d4e2d e-flex e-con-boxed e-con e-parent\" data-id=\"f0d4e2d\" data-element_type=\"container\" data-e-type=\"container\">\n\t\t\t\t\t<div class=\"e-con-inner\">\n\t\t\t\t<div class=\"elementor-element elementor-element-e4bcfbc elementor-widget elementor-widget-spacer\" data-id=\"e4bcfbc\" data-element_type=\"widget\" data-e-type=\"widget\" data-widget_type=\"spacer.default\">\n\t\t\t\t<div class=\"elementor-widget-container\">\n\t\t\t\t\t\t\t<div class=\"elementor-spacer\">\n\t\t\t<div class=\"elementor-spacer-inner\"><\/div>\n\t\t<\/div>\n\t\t\t\t\t\t<\/div>\n\t\t\t\t<\/div>\n\t\t\t\t\t<\/div>\n\t\t\t\t<\/div>\n\t\t\t\t<\/div>\n\t\t","protected":false},"excerpt":{"rendered":"<p>Annahme &#8211; R\u00fccknahme der Annahme &#8211; wiederholte Annahme &#8211; das Possenspiel um das B\u00fcrgerbegehren hat ein Ende, Protect the Planet konnte 1.000 gesammelte Unterschriften zum n\u00e4chsten erfolgreichen B\u00fcrgerbegehren beitragen.<\/p>\n","protected":false},"author":5,"featured_media":21828,"comment_status":"open","ping_status":"open","sticky":false,"template":"","format":"standard","meta":{"footnotes":""},"categories":[729],"tags":[815,816,817,818,819,753],"class_list":["post-22679","post","type-post","status-publish","format-standard","has-post-thumbnail","hentry","category-news","tag-buergerbegehren-en","tag-buergerbegehren-gruenflaechen_erhalten-de-en","tag-erfolg-en","tag-gruenflaechen-erhalten-en","tag-klimaanpassung-en","tag-muenchen-en"],"yoast_head":"<!-- This site is optimized with the Yoast SEO plugin v27.5 - https:\/\/yoast.com\/product\/yoast-seo-wordpress\/ -->\n<title>Nach rechtlichen Verwirrungen: B\u00fcrgerbegehren Gr\u00fcnfl\u00e4chen-erhalten nochmal (!) erfolgreich! - Protect the Planet<\/title>\n<meta name=\"description\" content=\"60.000 Unterschriften bringen den Stadtrat zum umdenken: Zum Wohle des Stadtklima bleiben die ausgewiesenen Gr\u00fcnfl\u00e4chen erhalten!\" \/>\n<meta name=\"robots\" content=\"index, follow, max-snippet:-1, max-image-preview:large, max-video-preview:-1\" \/>\n<link rel=\"canonical\" href=\"https:\/\/www.protect-the-planet.de\/en\/2023_03_01-bb-gruenflaechen-erfolg\/\" \/>\n<meta property=\"og:locale\" content=\"en_US\" \/>\n<meta property=\"og:type\" content=\"article\" \/>\n<meta property=\"og:title\" content=\"Nach rechtlichen Verwirrungen: B\u00fcrgerbegehren Gr\u00fcnfl\u00e4chen-erhalten nochmal (!) erfolgreich! - Protect the Planet\" \/>\n<meta property=\"og:description\" content=\"60.000 Unterschriften bringen den Stadtrat zum umdenken: Zum Wohle des Stadtklima bleiben die ausgewiesenen Gr\u00fcnfl\u00e4chen erhalten!\" \/>\n<meta property=\"og:url\" content=\"https:\/\/www.protect-the-planet.de\/en\/2023_03_01-bb-gruenflaechen-erfolg\/\" \/>\n<meta property=\"og:site_name\" content=\"Protect the Planet\" \/>\n<meta property=\"article:publisher\" content=\"https:\/\/www.facebook.com\/protecttheplanetDE\/\" \/>\n<meta property=\"article:published_time\" content=\"2023-03-14T12:33:08+00:00\" \/>\n<meta property=\"article:modified_time\" content=\"2024-03-14T16:39:31+00:00\" \/>\n<meta property=\"og:image\" content=\"https:\/\/www.protect-the-planet.de\/wp-content\/uploads\/2023\/03\/beitragsbild-buergerbegehren-gruenflaechen.png\" \/>\n\t<meta property=\"og:image:width\" content=\"800\" \/>\n\t<meta property=\"og:image:height\" content=\"500\" \/>\n\t<meta property=\"og:image:type\" content=\"image\/png\" \/>\n<meta name=\"author\" content=\"Markus Raschke\" \/>\n<meta name=\"twitter:card\" content=\"summary_large_image\" \/>\n<meta name=\"twitter:creator\" content=\"@PtP_de\" \/>\n<meta name=\"twitter:site\" content=\"@PtP_de\" \/>\n<meta name=\"twitter:label1\" content=\"Written by\" \/>\n\t<meta name=\"twitter:data1\" content=\"Markus Raschke\" \/>\n\t<meta name=\"twitter:label2\" content=\"Est. reading time\" \/>\n\t<meta name=\"twitter:data2\" content=\"3 minutes\" \/>\n<script type=\"application\/ld+json\" class=\"yoast-schema-graph\">{\"@context\":\"https:\\\/\\\/schema.org\",\"@graph\":[{\"@type\":\"Article\",\"@id\":\"https:\\\/\\\/www.protect-the-planet.de\\\/en\\\/2023_03_01-bb-gruenflaechen-erfolg\\\/#article\",\"isPartOf\":{\"@id\":\"https:\\\/\\\/www.protect-the-planet.de\\\/en\\\/2023_03_01-bb-gruenflaechen-erfolg\\\/\"},\"author\":{\"name\":\"Markus Raschke\",\"@id\":\"https:\\\/\\\/www.protect-the-planet.de\\\/en\\\/#\\\/schema\\\/person\\\/2938106dc0af5691b82b52a1b3f39b0b\"},\"headline\":\"Nach rechtlichen Verwirrungen: B\u00fcrgerbegehren Gr\u00fcnfl\u00e4chen-erhalten nochmal (!) erfolgreich!\",\"datePublished\":\"2023-03-14T12:33:08+00:00\",\"dateModified\":\"2024-03-14T16:39:31+00:00\",\"mainEntityOfPage\":{\"@id\":\"https:\\\/\\\/www.protect-the-planet.de\\\/en\\\/2023_03_01-bb-gruenflaechen-erfolg\\\/\"},\"wordCount\":369,\"commentCount\":0,\"publisher\":{\"@id\":\"https:\\\/\\\/www.protect-the-planet.de\\\/en\\\/#organization\"},\"image\":{\"@id\":\"https:\\\/\\\/www.protect-the-planet.de\\\/en\\\/2023_03_01-bb-gruenflaechen-erfolg\\\/#primaryimage\"},\"thumbnailUrl\":\"https:\\\/\\\/www.protect-the-planet.de\\\/wp-content\\\/uploads\\\/2023\\\/03\\\/beitragsbild-buergerbegehren-gruenflaechen.png\",\"keywords\":[\"B\u00fcrgerbegehren\",\"B\u00fcrgerbegehren \u201eGr\u00fcnfl\u00e4chen_erhalten.de\u201c\",\"Erfolg\",\"Gr\u00fcnfl\u00e4chen-erhalten\",\"Klimaanpassung\",\"M\u00fcnchen\"],\"articleSection\":[\"News\"],\"inLanguage\":\"en-US\",\"potentialAction\":[{\"@type\":\"CommentAction\",\"name\":\"Comment\",\"target\":[\"https:\\\/\\\/www.protect-the-planet.de\\\/en\\\/2023_03_01-bb-gruenflaechen-erfolg\\\/#respond\"]}]},{\"@type\":\"WebPage\",\"@id\":\"https:\\\/\\\/www.protect-the-planet.de\\\/en\\\/2023_03_01-bb-gruenflaechen-erfolg\\\/\",\"url\":\"https:\\\/\\\/www.protect-the-planet.de\\\/en\\\/2023_03_01-bb-gruenflaechen-erfolg\\\/\",\"name\":\"Nach rechtlichen Verwirrungen: B\u00fcrgerbegehren Gr\u00fcnfl\u00e4chen-erhalten nochmal (!) erfolgreich! - Protect the Planet\",\"isPartOf\":{\"@id\":\"https:\\\/\\\/www.protect-the-planet.de\\\/en\\\/#website\"},\"primaryImageOfPage\":{\"@id\":\"https:\\\/\\\/www.protect-the-planet.de\\\/en\\\/2023_03_01-bb-gruenflaechen-erfolg\\\/#primaryimage\"},\"image\":{\"@id\":\"https:\\\/\\\/www.protect-the-planet.de\\\/en\\\/2023_03_01-bb-gruenflaechen-erfolg\\\/#primaryimage\"},\"thumbnailUrl\":\"https:\\\/\\\/www.protect-the-planet.de\\\/wp-content\\\/uploads\\\/2023\\\/03\\\/beitragsbild-buergerbegehren-gruenflaechen.png\",\"datePublished\":\"2023-03-14T12:33:08+00:00\",\"dateModified\":\"2024-03-14T16:39:31+00:00\",\"description\":\"60.000 Unterschriften bringen den Stadtrat zum umdenken: Zum Wohle des Stadtklima bleiben die ausgewiesenen Gr\u00fcnfl\u00e4chen erhalten!\",\"breadcrumb\":{\"@id\":\"https:\\\/\\\/www.protect-the-planet.de\\\/en\\\/2023_03_01-bb-gruenflaechen-erfolg\\\/#breadcrumb\"},\"inLanguage\":\"en-US\",\"potentialAction\":[{\"@type\":\"ReadAction\",\"target\":[\"https:\\\/\\\/www.protect-the-planet.de\\\/en\\\/2023_03_01-bb-gruenflaechen-erfolg\\\/\"]}]},{\"@type\":\"ImageObject\",\"inLanguage\":\"en-US\",\"@id\":\"https:\\\/\\\/www.protect-the-planet.de\\\/en\\\/2023_03_01-bb-gruenflaechen-erfolg\\\/#primaryimage\",\"url\":\"https:\\\/\\\/www.protect-the-planet.de\\\/wp-content\\\/uploads\\\/2023\\\/03\\\/beitragsbild-buergerbegehren-gruenflaechen.png\",\"contentUrl\":\"https:\\\/\\\/www.protect-the-planet.de\\\/wp-content\\\/uploads\\\/2023\\\/03\\\/beitragsbild-buergerbegehren-gruenflaechen.png\",\"width\":800,\"height\":500,\"caption\":\"Beitragsbild Gr\u00fcnfl\u00e4chen erhalten\"},{\"@type\":\"BreadcrumbList\",\"@id\":\"https:\\\/\\\/www.protect-the-planet.de\\\/en\\\/2023_03_01-bb-gruenflaechen-erfolg\\\/#breadcrumb\",\"itemListElement\":[{\"@type\":\"ListItem\",\"position\":1,\"name\":\"Startseite\",\"item\":\"https:\\\/\\\/www.protect-the-planet.de\\\/en\\\/home\\\/\"},{\"@type\":\"ListItem\",\"position\":2,\"name\":\"Nach rechtlichen Verwirrungen: B\u00fcrgerbegehren Gr\u00fcnfl\u00e4chen-erhalten nochmal (!) erfolgreich!\"}]},{\"@type\":\"WebSite\",\"@id\":\"https:\\\/\\\/www.protect-the-planet.de\\\/en\\\/#website\",\"url\":\"https:\\\/\\\/www.protect-the-planet.de\\\/en\\\/\",\"name\":\"Protect the Planet\",\"description\":\"If we don&#039;t change, the climate will.\",\"publisher\":{\"@id\":\"https:\\\/\\\/www.protect-the-planet.de\\\/en\\\/#organization\"},\"alternateName\":\"Protect the Panet gGmbH\",\"potentialAction\":[{\"@type\":\"SearchAction\",\"target\":{\"@type\":\"EntryPoint\",\"urlTemplate\":\"https:\\\/\\\/www.protect-the-planet.de\\\/en\\\/?s={search_term_string}\"},\"query-input\":{\"@type\":\"PropertyValueSpecification\",\"valueRequired\":true,\"valueName\":\"search_term_string\"}}],\"inLanguage\":\"en-US\"},{\"@type\":\"Organization\",\"@id\":\"https:\\\/\\\/www.protect-the-planet.de\\\/en\\\/#organization\",\"name\":\"Protect the Planet\",\"url\":\"https:\\\/\\\/www.protect-the-planet.de\\\/en\\\/\",\"logo\":{\"@type\":\"ImageObject\",\"inLanguage\":\"en-US\",\"@id\":\"https:\\\/\\\/www.protect-the-planet.de\\\/en\\\/#\\\/schema\\\/logo\\\/image\\\/\",\"url\":\"https:\\\/\\\/www.protect-the-planet.de\\\/wp-content\\\/uploads\\\/2023\\\/09\\\/LOGO-positiv_transparent-klein.png\",\"contentUrl\":\"https:\\\/\\\/www.protect-the-planet.de\\\/wp-content\\\/uploads\\\/2023\\\/09\\\/LOGO-positiv_transparent-klein.png\",\"width\":123,\"height\":68,\"caption\":\"Protect the Planet\"},\"image\":{\"@id\":\"https:\\\/\\\/www.protect-the-planet.de\\\/en\\\/#\\\/schema\\\/logo\\\/image\\\/\"},\"sameAs\":[\"https:\\\/\\\/www.facebook.com\\\/protecttheplanetDE\\\/\",\"https:\\\/\\\/x.com\\\/PtP_de\",\"https:\\\/\\\/www.instagram.com\\\/protecttheplanetorg\\\/\",\"https:\\\/\\\/www.linkedin.com\\\/company\\\/protect-the-planet\",\"https:\\\/\\\/www.youtube.com\\\/@protecttheplanet\"]},{\"@type\":\"Person\",\"@id\":\"https:\\\/\\\/www.protect-the-planet.de\\\/en\\\/#\\\/schema\\\/person\\\/2938106dc0af5691b82b52a1b3f39b0b\",\"name\":\"Markus Raschke\",\"image\":{\"@type\":\"ImageObject\",\"inLanguage\":\"en-US\",\"@id\":\"https:\\\/\\\/www.protect-the-planet.de\\\/wp-content\\\/uploads\\\/2023\\\/06\\\/cropped-Gruppe-9@2x-96x96.png\",\"url\":\"https:\\\/\\\/www.protect-the-planet.de\\\/wp-content\\\/uploads\\\/2023\\\/06\\\/cropped-Gruppe-9@2x-96x96.png\",\"contentUrl\":\"https:\\\/\\\/www.protect-the-planet.de\\\/wp-content\\\/uploads\\\/2023\\\/06\\\/cropped-Gruppe-9@2x-96x96.png\",\"caption\":\"Markus Raschke\"},\"description\":\"markus.raschke@protect-the-planet.de +49 160 930 54 965\",\"url\":\"https:\\\/\\\/www.protect-the-planet.de\\\/en\\\/author\\\/raschke\\\/\"}]}<\/script>\n<!-- \/ Yoast SEO plugin. -->","yoast_head_json":{"title":"Nach rechtlichen Verwirrungen: B\u00fcrgerbegehren Gr\u00fcnfl\u00e4chen-erhalten nochmal (!) erfolgreich! - Protect the Planet","description":"60.000 Unterschriften bringen den Stadtrat zum umdenken: Zum Wohle des Stadtklima bleiben die ausgewiesenen Gr\u00fcnfl\u00e4chen erhalten!","robots":{"index":"index","follow":"follow","max-snippet":"max-snippet:-1","max-image-preview":"max-image-preview:large","max-video-preview":"max-video-preview:-1"},"canonical":"https:\/\/www.protect-the-planet.de\/en\/2023_03_01-bb-gruenflaechen-erfolg\/","og_locale":"en_US","og_type":"article","og_title":"Nach rechtlichen Verwirrungen: B\u00fcrgerbegehren Gr\u00fcnfl\u00e4chen-erhalten nochmal (!) erfolgreich! - Protect the Planet","og_description":"60.000 Unterschriften bringen den Stadtrat zum umdenken: Zum Wohle des Stadtklima bleiben die ausgewiesenen Gr\u00fcnfl\u00e4chen erhalten!","og_url":"https:\/\/www.protect-the-planet.de\/en\/2023_03_01-bb-gruenflaechen-erfolg\/","og_site_name":"Protect the Planet","article_publisher":"https:\/\/www.facebook.com\/protecttheplanetDE\/","article_published_time":"2023-03-14T12:33:08+00:00","article_modified_time":"2024-03-14T16:39:31+00:00","og_image":[{"width":800,"height":500,"url":"https:\/\/www.protect-the-planet.de\/wp-content\/uploads\/2023\/03\/beitragsbild-buergerbegehren-gruenflaechen.png","type":"image\/png"}],"author":"Markus Raschke","twitter_card":"summary_large_image","twitter_creator":"@PtP_de","twitter_site":"@PtP_de","twitter_misc":{"Written by":"Markus Raschke","Est. reading time":"3 minutes"},"schema":{"@context":"https:\/\/schema.org","@graph":[{"@type":"Article","@id":"https:\/\/www.protect-the-planet.de\/en\/2023_03_01-bb-gruenflaechen-erfolg\/#article","isPartOf":{"@id":"https:\/\/www.protect-the-planet.de\/en\/2023_03_01-bb-gruenflaechen-erfolg\/"},"author":{"name":"Markus Raschke","@id":"https:\/\/www.protect-the-planet.de\/en\/#\/schema\/person\/2938106dc0af5691b82b52a1b3f39b0b"},"headline":"Nach rechtlichen Verwirrungen: B\u00fcrgerbegehren Gr\u00fcnfl\u00e4chen-erhalten nochmal (!) erfolgreich!","datePublished":"2023-03-14T12:33:08+00:00","dateModified":"2024-03-14T16:39:31+00:00","mainEntityOfPage":{"@id":"https:\/\/www.protect-the-planet.de\/en\/2023_03_01-bb-gruenflaechen-erfolg\/"},"wordCount":369,"commentCount":0,"publisher":{"@id":"https:\/\/www.protect-the-planet.de\/en\/#organization"},"image":{"@id":"https:\/\/www.protect-the-planet.de\/en\/2023_03_01-bb-gruenflaechen-erfolg\/#primaryimage"},"thumbnailUrl":"https:\/\/www.protect-the-planet.de\/wp-content\/uploads\/2023\/03\/beitragsbild-buergerbegehren-gruenflaechen.png","keywords":["B\u00fcrgerbegehren","B\u00fcrgerbegehren \u201eGr\u00fcnfl\u00e4chen_erhalten.de\u201c","Erfolg","Gr\u00fcnfl\u00e4chen-erhalten","Klimaanpassung","M\u00fcnchen"],"articleSection":["News"],"inLanguage":"en-US","potentialAction":[{"@type":"CommentAction","name":"Comment","target":["https:\/\/www.protect-the-planet.de\/en\/2023_03_01-bb-gruenflaechen-erfolg\/#respond"]}]},{"@type":"WebPage","@id":"https:\/\/www.protect-the-planet.de\/en\/2023_03_01-bb-gruenflaechen-erfolg\/","url":"https:\/\/www.protect-the-planet.de\/en\/2023_03_01-bb-gruenflaechen-erfolg\/","name":"Nach rechtlichen Verwirrungen: B\u00fcrgerbegehren Gr\u00fcnfl\u00e4chen-erhalten nochmal (!) erfolgreich! - Protect the Planet","isPartOf":{"@id":"https:\/\/www.protect-the-planet.de\/en\/#website"},"primaryImageOfPage":{"@id":"https:\/\/www.protect-the-planet.de\/en\/2023_03_01-bb-gruenflaechen-erfolg\/#primaryimage"},"image":{"@id":"https:\/\/www.protect-the-planet.de\/en\/2023_03_01-bb-gruenflaechen-erfolg\/#primaryimage"},"thumbnailUrl":"https:\/\/www.protect-the-planet.de\/wp-content\/uploads\/2023\/03\/beitragsbild-buergerbegehren-gruenflaechen.png","datePublished":"2023-03-14T12:33:08+00:00","dateModified":"2024-03-14T16:39:31+00:00","description":"60.000 Unterschriften bringen den Stadtrat zum umdenken: Zum Wohle des Stadtklima bleiben die ausgewiesenen Gr\u00fcnfl\u00e4chen erhalten!","breadcrumb":{"@id":"https:\/\/www.protect-the-planet.de\/en\/2023_03_01-bb-gruenflaechen-erfolg\/#breadcrumb"},"inLanguage":"en-US","potentialAction":[{"@type":"ReadAction","target":["https:\/\/www.protect-the-planet.de\/en\/2023_03_01-bb-gruenflaechen-erfolg\/"]}]},{"@type":"ImageObject","inLanguage":"en-US","@id":"https:\/\/www.protect-the-planet.de\/en\/2023_03_01-bb-gruenflaechen-erfolg\/#primaryimage","url":"https:\/\/www.protect-the-planet.de\/wp-content\/uploads\/2023\/03\/beitragsbild-buergerbegehren-gruenflaechen.png","contentUrl":"https:\/\/www.protect-the-planet.de\/wp-content\/uploads\/2023\/03\/beitragsbild-buergerbegehren-gruenflaechen.png","width":800,"height":500,"caption":"Beitragsbild Gr\u00fcnfl\u00e4chen erhalten"},{"@type":"BreadcrumbList","@id":"https:\/\/www.protect-the-planet.de\/en\/2023_03_01-bb-gruenflaechen-erfolg\/#breadcrumb","itemListElement":[{"@type":"ListItem","position":1,"name":"Startseite","item":"https:\/\/www.protect-the-planet.de\/en\/home\/"},{"@type":"ListItem","position":2,"name":"Nach rechtlichen Verwirrungen: B\u00fcrgerbegehren Gr\u00fcnfl\u00e4chen-erhalten nochmal (!) erfolgreich!"}]},{"@type":"WebSite","@id":"https:\/\/www.protect-the-planet.de\/en\/#website","url":"https:\/\/www.protect-the-planet.de\/en\/","name":"Protect the Planet","description":"If we don&#039;t change, the climate will.","publisher":{"@id":"https:\/\/www.protect-the-planet.de\/en\/#organization"},"alternateName":"Protect the Panet gGmbH","potentialAction":[{"@type":"SearchAction","target":{"@type":"EntryPoint","urlTemplate":"https:\/\/www.protect-the-planet.de\/en\/?s={search_term_string}"},"query-input":{"@type":"PropertyValueSpecification","valueRequired":true,"valueName":"search_term_string"}}],"inLanguage":"en-US"},{"@type":"Organization","@id":"https:\/\/www.protect-the-planet.de\/en\/#organization","name":"Protect the Planet","url":"https:\/\/www.protect-the-planet.de\/en\/","logo":{"@type":"ImageObject","inLanguage":"en-US","@id":"https:\/\/www.protect-the-planet.de\/en\/#\/schema\/logo\/image\/","url":"https:\/\/www.protect-the-planet.de\/wp-content\/uploads\/2023\/09\/LOGO-positiv_transparent-klein.png","contentUrl":"https:\/\/www.protect-the-planet.de\/wp-content\/uploads\/2023\/09\/LOGO-positiv_transparent-klein.png","width":123,"height":68,"caption":"Protect the Planet"},"image":{"@id":"https:\/\/www.protect-the-planet.de\/en\/#\/schema\/logo\/image\/"},"sameAs":["https:\/\/www.facebook.com\/protecttheplanetDE\/","https:\/\/x.com\/PtP_de","https:\/\/www.instagram.com\/protecttheplanetorg\/","https:\/\/www.linkedin.com\/company\/protect-the-planet","https:\/\/www.youtube.com\/@protecttheplanet"]},{"@type":"Person","@id":"https:\/\/www.protect-the-planet.de\/en\/#\/schema\/person\/2938106dc0af5691b82b52a1b3f39b0b","name":"Markus Raschke","image":{"@type":"ImageObject","inLanguage":"en-US","@id":"https:\/\/www.protect-the-planet.de\/wp-content\/uploads\/2023\/06\/cropped-Gruppe-9@2x-96x96.png","url":"https:\/\/www.protect-the-planet.de\/wp-content\/uploads\/2023\/06\/cropped-Gruppe-9@2x-96x96.png","contentUrl":"https:\/\/www.protect-the-planet.de\/wp-content\/uploads\/2023\/06\/cropped-Gruppe-9@2x-96x96.png","caption":"Markus Raschke"},"description":"markus.raschke@protect-the-planet.de +49 160 930 54 965","url":"https:\/\/www.protect-the-planet.de\/en\/author\/raschke\/"}]}},"_links":{"self":[{"href":"https:\/\/www.protect-the-planet.de\/en\/wp-json\/wp\/v2\/posts\/22679","targetHints":{"allow":["GET"]}}],"collection":[{"href":"https:\/\/www.protect-the-planet.de\/en\/wp-json\/wp\/v2\/posts"}],"about":[{"href":"https:\/\/www.protect-the-planet.de\/en\/wp-json\/wp\/v2\/types\/post"}],"author":[{"embeddable":true,"href":"https:\/\/www.protect-the-planet.de\/en\/wp-json\/wp\/v2\/users\/5"}],"replies":[{"embeddable":true,"href":"https:\/\/www.protect-the-planet.de\/en\/wp-json\/wp\/v2\/comments?post=22679"}],"version-history":[{"count":0,"href":"https:\/\/www.protect-the-planet.de\/en\/wp-json\/wp\/v2\/posts\/22679\/revisions"}],"wp:featuredmedia":[{"embeddable":true,"href":"https:\/\/www.protect-the-planet.de\/en\/wp-json\/wp\/v2\/media\/21828"}],"wp:attachment":[{"href":"https:\/\/www.protect-the-planet.de\/en\/wp-json\/wp\/v2\/media?parent=22679"}],"wp:term":[{"taxonomy":"category","embeddable":true,"href":"https:\/\/www.protect-the-planet.de\/en\/wp-json\/wp\/v2\/categories?post=22679"},{"taxonomy":"post_tag","embeddable":true,"href":"https:\/\/www.protect-the-planet.de\/en\/wp-json\/wp\/v2\/tags?post=22679"}],"curies":[{"name":"wp","href":"https:\/\/api.w.org\/{rel}","templated":true}]}}