{"id":22667,"date":"2023-07-17T11:27:44","date_gmt":"2023-07-17T09:27:44","guid":{"rendered":"https:\/\/www.protect-the-planet.de\/2023_07_13-verstaerkung-im-team-jana-haefner-fuer-windrat\/"},"modified":"2024-04-11T15:57:25","modified_gmt":"2024-04-11T13:57:25","slug":"2023_07_13-verstaerkung-im-team-jana-haefner-fuer-windrat","status":"publish","type":"post","link":"https:\/\/www.protect-the-planet.de\/en\/2023_07_13-verstaerkung-im-team-jana-haefner-fuer-windrat\/","title":{"rendered":"Verst\u00e4rkung im Team: Jana H\u00e4fner als Unterst\u00fctzung f\u00fcr den WindRat"},"content":{"rendered":"\t\t<div data-elementor-type=\"wp-post\" data-elementor-id=\"22667\" class=\"elementor elementor-22667 elementor-18590\" data-elementor-post-type=\"post\">\n\t\t\t\t\t\t<section class=\"elementor-section elementor-top-section elementor-element elementor-element-36fd3d3d elementor-section-boxed elementor-section-height-default elementor-section-height-default\" data-id=\"36fd3d3d\" data-element_type=\"section\" data-e-type=\"section\">\n\t\t\t\t\t\t<div class=\"elementor-container elementor-column-gap-default\">\n\t\t\t\t\t<div class=\"elementor-column elementor-col-100 elementor-top-column elementor-element elementor-element-369fa104\" data-id=\"369fa104\" data-element_type=\"column\" data-e-type=\"column\">\n\t\t\t<div class=\"elementor-widget-wrap elementor-element-populated\">\n\t\t\t\t\t\t<div class=\"elementor-element elementor-element-512649f9 elementor-widget elementor-widget-text-editor\" data-id=\"512649f9\" data-element_type=\"widget\" data-e-type=\"widget\" data-widget_type=\"text-editor.default\">\n\t\t\t\t<div class=\"elementor-widget-container\">\n\t\t\t\t\t\t\t\t\t<p><span data-contrast=\"auto\">Wir freuen uns sehr Jana H\u00e4fner bei uns im Team begr\u00fc\u00dfen zu d\u00fcrfen! Als Werkstudentin hat sie Anfang Juli ihre T\u00e4tigkeit bei Protect the Planet aufgenommen.<\/span><\/p><p>Seit mehr als einem Jahr haben wir f\u00fcr den<span data-contrast=\"auto\"> <a href=\"https:\/\/wind-rat.de\/\">WindRat<\/a> \u2013 ein von Protect the Planet initiierter unabh\u00e4ngiger und \u00fcberparteilicher Zusammenschluss von verschiedenen Akteuren der Windbranche, Umweltorganisationen, Energie- und Klimaschutzagenturen der Bundesl\u00e4nder, Wirtschaftsunternehmen, Verb\u00e4nden und Vereinen \u2013 eine eigene Projektmanagementstelle. Diese wird Jana H\u00e4fner mit ihrer Expertise fortan unterst\u00fctzen. <\/span><\/p><p><img decoding=\"async\" class=\" wp-image-18731 alignleft\" src=\"https:\/\/www.protect-the-planet.de\/wp-content\/uploads\/2023\/07\/beitragsbild-jana-haefner-300x225.jpg\" alt=\"Beitragsbild Jana H\u00e4fner\" width=\"240\" height=\"180\" srcset=\"https:\/\/www.protect-the-planet.de\/wp-content\/uploads\/2023\/07\/beitragsbild-jana-haefner-300x225.jpg 300w, https:\/\/www.protect-the-planet.de\/wp-content\/uploads\/2023\/07\/beitragsbild-jana-haefner-1024x768.jpg 1024w, https:\/\/www.protect-the-planet.de\/wp-content\/uploads\/2023\/07\/beitragsbild-jana-haefner-768x576.jpg 768w, https:\/\/www.protect-the-planet.de\/wp-content\/uploads\/2023\/07\/beitragsbild-jana-haefner-1536x1152.jpg 1536w, https:\/\/www.protect-the-planet.de\/wp-content\/uploads\/2023\/07\/beitragsbild-jana-haefner-2048x1536.jpg 2048w, https:\/\/www.protect-the-planet.de\/wp-content\/uploads\/2023\/07\/beitragsbild-jana-haefner-1320x990.jpg 1320w\" sizes=\"(max-width: 240px) 100vw, 240px\" \/>Als Masterstudentin in Management &amp; Technology mit dem Schwerpunkt Energietechnik an der TU M\u00fcnchen hat sie ein tiefes Verst\u00e4ndnis f\u00fcr die Bedeutung von erneuerbaren Energien und deren Beitrag zur Verringerung der Umweltauswirkungen entwickelt. Ihr Engagement als Aktivistin bei Fridays for Future M\u00fcnchen zeigt ihre Leidenschaft und ihr Interesse am Klimaschutz.<\/p><p>Herzlich Willkommen im Team!<\/p>\t\t\t\t\t\t\t\t<\/div>\n\t\t\t\t<\/div>\n\t\t\t\t\t<\/div>\n\t\t<\/div>\n\t\t\t\t\t<\/div>\n\t\t<\/section>\n\t\t\t\t<\/div>\n\t\t","protected":false},"excerpt":{"rendered":"<p>Wir freuen uns sehr Jana H\u00e4fner bei uns im Team begr\u00fc\u00dfen zu d\u00fcrfen! Als Werkstudentin hat sie Anfang Juli ihre T\u00e4tigkeit bei Protect the Planet aufgenommen.<\/p>\n","protected":false},"author":3,"featured_media":21811,"comment_status":"open","ping_status":"open","sticky":false,"template":"","format":"standard","meta":{"footnotes":""},"categories":[729],"tags":[1079,789,779],"class_list":["post-22667","post","type-post","status-publish","format-standard","has-post-thumbnail","hentry","category-news","tag-werkstudentin-en","tag-wind-rat-de-en","tag-windrat-en"],"yoast_head":"<!-- This site is optimized with the Yoast SEO plugin v27.5 - https:\/\/yoast.com\/product\/yoast-seo-wordpress\/ -->\n<title>Verst\u00e4rkung im Team: Jana H\u00e4fner als Unterst\u00fctzung f\u00fcr den WindRat - Protect the Planet<\/title>\n<meta name=\"description\" content=\"Protect the Planet ist nun Mitglied im breiten B\u00fcndnis f\u00fcr Klimaschutz: der Klima-Allianz Deutschland. Gemeinsam sind wir st\u00e4rker!\" \/>\n<meta name=\"robots\" content=\"index, follow, max-snippet:-1, max-image-preview:large, max-video-preview:-1\" \/>\n<link rel=\"canonical\" href=\"https:\/\/www.protect-the-planet.de\/en\/2023_07_13-verstaerkung-im-team-jana-haefner-fuer-windrat\/\" \/>\n<meta property=\"og:locale\" content=\"en_US\" \/>\n<meta property=\"og:type\" content=\"article\" \/>\n<meta property=\"og:title\" content=\"Verst\u00e4rkung im Team: Jana H\u00e4fner als Unterst\u00fctzung f\u00fcr den WindRat - Protect the Planet\" \/>\n<meta property=\"og:description\" content=\"Protect the Planet ist nun Mitglied im breiten B\u00fcndnis f\u00fcr Klimaschutz: der Klima-Allianz Deutschland. Gemeinsam sind wir st\u00e4rker!\" \/>\n<meta property=\"og:url\" content=\"https:\/\/www.protect-the-planet.de\/en\/2023_07_13-verstaerkung-im-team-jana-haefner-fuer-windrat\/\" \/>\n<meta property=\"og:site_name\" content=\"Protect the Planet\" \/>\n<meta property=\"article:publisher\" content=\"https:\/\/www.facebook.com\/protecttheplanetDE\/\" \/>\n<meta property=\"article:published_time\" content=\"2023-07-17T09:27:44+00:00\" \/>\n<meta property=\"article:modified_time\" content=\"2024-04-11T13:57:25+00:00\" \/>\n<meta property=\"og:image\" content=\"https:\/\/www.protect-the-planet.de\/wp-content\/uploads\/2023\/07\/beitragsbild-jana-haefner-scaled.jpg\" \/>\n\t<meta property=\"og:image:width\" content=\"2560\" \/>\n\t<meta property=\"og:image:height\" content=\"1920\" \/>\n\t<meta property=\"og:image:type\" content=\"image\/jpeg\" \/>\n<meta name=\"author\" content=\"Fenja Jacobs\" \/>\n<meta name=\"twitter:card\" content=\"summary_large_image\" \/>\n<meta name=\"twitter:creator\" content=\"@PtP_de\" \/>\n<meta name=\"twitter:site\" content=\"@PtP_de\" \/>\n<meta name=\"twitter:label1\" content=\"Written by\" \/>\n\t<meta name=\"twitter:data1\" content=\"Fenja Jacobs\" \/>\n\t<meta name=\"twitter:label2\" content=\"Est. reading time\" \/>\n\t<meta name=\"twitter:data2\" content=\"2 minutes\" \/>\n<script type=\"application\/ld+json\" class=\"yoast-schema-graph\">{\"@context\":\"https:\\\/\\\/schema.org\",\"@graph\":[{\"@type\":\"Article\",\"@id\":\"https:\\\/\\\/www.protect-the-planet.de\\\/en\\\/2023_07_13-verstaerkung-im-team-jana-haefner-fuer-windrat\\\/#article\",\"isPartOf\":{\"@id\":\"https:\\\/\\\/www.protect-the-planet.de\\\/en\\\/2023_07_13-verstaerkung-im-team-jana-haefner-fuer-windrat\\\/\"},\"author\":{\"name\":\"Fenja Jacobs\",\"@id\":\"https:\\\/\\\/www.protect-the-planet.de\\\/en\\\/#\\\/schema\\\/person\\\/c843c153d0dd33ec584996931e438bce\"},\"headline\":\"Verst\u00e4rkung im Team: Jana H\u00e4fner als Unterst\u00fctzung f\u00fcr den WindRat\",\"datePublished\":\"2023-07-17T09:27:44+00:00\",\"dateModified\":\"2024-04-11T13:57:25+00:00\",\"mainEntityOfPage\":{\"@id\":\"https:\\\/\\\/www.protect-the-planet.de\\\/en\\\/2023_07_13-verstaerkung-im-team-jana-haefner-fuer-windrat\\\/\"},\"wordCount\":155,\"commentCount\":0,\"publisher\":{\"@id\":\"https:\\\/\\\/www.protect-the-planet.de\\\/en\\\/#organization\"},\"image\":{\"@id\":\"https:\\\/\\\/www.protect-the-planet.de\\\/en\\\/2023_07_13-verstaerkung-im-team-jana-haefner-fuer-windrat\\\/#primaryimage\"},\"thumbnailUrl\":\"https:\\\/\\\/www.protect-the-planet.de\\\/wp-content\\\/uploads\\\/2023\\\/07\\\/beitragsbild-jana-haefner-scaled.jpg\",\"keywords\":[\"werkstudentin\",\"Wind-Rat.de\",\"WindRat\"],\"articleSection\":[\"News\"],\"inLanguage\":\"en-US\",\"potentialAction\":[{\"@type\":\"CommentAction\",\"name\":\"Comment\",\"target\":[\"https:\\\/\\\/www.protect-the-planet.de\\\/en\\\/2023_07_13-verstaerkung-im-team-jana-haefner-fuer-windrat\\\/#respond\"]}]},{\"@type\":\"WebPage\",\"@id\":\"https:\\\/\\\/www.protect-the-planet.de\\\/en\\\/2023_07_13-verstaerkung-im-team-jana-haefner-fuer-windrat\\\/\",\"url\":\"https:\\\/\\\/www.protect-the-planet.de\\\/en\\\/2023_07_13-verstaerkung-im-team-jana-haefner-fuer-windrat\\\/\",\"name\":\"Verst\u00e4rkung im Team: Jana H\u00e4fner als Unterst\u00fctzung f\u00fcr den WindRat - Protect the Planet\",\"isPartOf\":{\"@id\":\"https:\\\/\\\/www.protect-the-planet.de\\\/en\\\/#website\"},\"primaryImageOfPage\":{\"@id\":\"https:\\\/\\\/www.protect-the-planet.de\\\/en\\\/2023_07_13-verstaerkung-im-team-jana-haefner-fuer-windrat\\\/#primaryimage\"},\"image\":{\"@id\":\"https:\\\/\\\/www.protect-the-planet.de\\\/en\\\/2023_07_13-verstaerkung-im-team-jana-haefner-fuer-windrat\\\/#primaryimage\"},\"thumbnailUrl\":\"https:\\\/\\\/www.protect-the-planet.de\\\/wp-content\\\/uploads\\\/2023\\\/07\\\/beitragsbild-jana-haefner-scaled.jpg\",\"datePublished\":\"2023-07-17T09:27:44+00:00\",\"dateModified\":\"2024-04-11T13:57:25+00:00\",\"description\":\"Protect the Planet ist nun Mitglied im breiten B\u00fcndnis f\u00fcr Klimaschutz: der Klima-Allianz Deutschland. Gemeinsam sind wir st\u00e4rker!\",\"breadcrumb\":{\"@id\":\"https:\\\/\\\/www.protect-the-planet.de\\\/en\\\/2023_07_13-verstaerkung-im-team-jana-haefner-fuer-windrat\\\/#breadcrumb\"},\"inLanguage\":\"en-US\",\"potentialAction\":[{\"@type\":\"ReadAction\",\"target\":[\"https:\\\/\\\/www.protect-the-planet.de\\\/en\\\/2023_07_13-verstaerkung-im-team-jana-haefner-fuer-windrat\\\/\"]}]},{\"@type\":\"ImageObject\",\"inLanguage\":\"en-US\",\"@id\":\"https:\\\/\\\/www.protect-the-planet.de\\\/en\\\/2023_07_13-verstaerkung-im-team-jana-haefner-fuer-windrat\\\/#primaryimage\",\"url\":\"https:\\\/\\\/www.protect-the-planet.de\\\/wp-content\\\/uploads\\\/2023\\\/07\\\/beitragsbild-jana-haefner-scaled.jpg\",\"contentUrl\":\"https:\\\/\\\/www.protect-the-planet.de\\\/wp-content\\\/uploads\\\/2023\\\/07\\\/beitragsbild-jana-haefner-scaled.jpg\",\"width\":2560,\"height\":1920},{\"@type\":\"BreadcrumbList\",\"@id\":\"https:\\\/\\\/www.protect-the-planet.de\\\/en\\\/2023_07_13-verstaerkung-im-team-jana-haefner-fuer-windrat\\\/#breadcrumb\",\"itemListElement\":[{\"@type\":\"ListItem\",\"position\":1,\"name\":\"Startseite\",\"item\":\"https:\\\/\\\/www.protect-the-planet.de\\\/en\\\/home\\\/\"},{\"@type\":\"ListItem\",\"position\":2,\"name\":\"Verst\u00e4rkung im Team: Jana H\u00e4fner als Unterst\u00fctzung f\u00fcr den WindRat\"}]},{\"@type\":\"WebSite\",\"@id\":\"https:\\\/\\\/www.protect-the-planet.de\\\/en\\\/#website\",\"url\":\"https:\\\/\\\/www.protect-the-planet.de\\\/en\\\/\",\"name\":\"Protect the Planet\",\"description\":\"If we don&#039;t change, the climate will.\",\"publisher\":{\"@id\":\"https:\\\/\\\/www.protect-the-planet.de\\\/en\\\/#organization\"},\"alternateName\":\"Protect the Panet gGmbH\",\"potentialAction\":[{\"@type\":\"SearchAction\",\"target\":{\"@type\":\"EntryPoint\",\"urlTemplate\":\"https:\\\/\\\/www.protect-the-planet.de\\\/en\\\/?s={search_term_string}\"},\"query-input\":{\"@type\":\"PropertyValueSpecification\",\"valueRequired\":true,\"valueName\":\"search_term_string\"}}],\"inLanguage\":\"en-US\"},{\"@type\":\"Organization\",\"@id\":\"https:\\\/\\\/www.protect-the-planet.de\\\/en\\\/#organization\",\"name\":\"Protect the Planet\",\"url\":\"https:\\\/\\\/www.protect-the-planet.de\\\/en\\\/\",\"logo\":{\"@type\":\"ImageObject\",\"inLanguage\":\"en-US\",\"@id\":\"https:\\\/\\\/www.protect-the-planet.de\\\/en\\\/#\\\/schema\\\/logo\\\/image\\\/\",\"url\":\"https:\\\/\\\/www.protect-the-planet.de\\\/wp-content\\\/uploads\\\/2023\\\/09\\\/LOGO-positiv_transparent-klein.png\",\"contentUrl\":\"https:\\\/\\\/www.protect-the-planet.de\\\/wp-content\\\/uploads\\\/2023\\\/09\\\/LOGO-positiv_transparent-klein.png\",\"width\":123,\"height\":68,\"caption\":\"Protect the Planet\"},\"image\":{\"@id\":\"https:\\\/\\\/www.protect-the-planet.de\\\/en\\\/#\\\/schema\\\/logo\\\/image\\\/\"},\"sameAs\":[\"https:\\\/\\\/www.facebook.com\\\/protecttheplanetDE\\\/\",\"https:\\\/\\\/x.com\\\/PtP_de\",\"https:\\\/\\\/www.instagram.com\\\/protecttheplanetorg\\\/\",\"https:\\\/\\\/www.linkedin.com\\\/company\\\/protect-the-planet\",\"https:\\\/\\\/www.youtube.com\\\/@protecttheplanet\"]},{\"@type\":\"Person\",\"@id\":\"https:\\\/\\\/www.protect-the-planet.de\\\/en\\\/#\\\/schema\\\/person\\\/c843c153d0dd33ec584996931e438bce\",\"name\":\"Fenja Jacobs\",\"image\":{\"@type\":\"ImageObject\",\"inLanguage\":\"en-US\",\"@id\":\"https:\\\/\\\/secure.gravatar.com\\\/avatar\\\/1319de9aaea70b6c6ed807392ef95d6582ceaf98cca9de0a0022ba8e0d3a7fc3?s=96&d=mm&r=g\",\"url\":\"https:\\\/\\\/secure.gravatar.com\\\/avatar\\\/1319de9aaea70b6c6ed807392ef95d6582ceaf98cca9de0a0022ba8e0d3a7fc3?s=96&d=mm&r=g\",\"contentUrl\":\"https:\\\/\\\/secure.gravatar.com\\\/avatar\\\/1319de9aaea70b6c6ed807392ef95d6582ceaf98cca9de0a0022ba8e0d3a7fc3?s=96&d=mm&r=g\",\"caption\":\"Fenja Jacobs\"},\"url\":\"https:\\\/\\\/www.protect-the-planet.de\\\/en\\\/author\\\/fenja-jacobs\\\/\"}]}<\/script>\n<!-- \/ Yoast SEO plugin. -->","yoast_head_json":{"title":"Verst\u00e4rkung im Team: Jana H\u00e4fner als Unterst\u00fctzung f\u00fcr den WindRat - Protect the Planet","description":"Protect the Planet ist nun Mitglied im breiten B\u00fcndnis f\u00fcr Klimaschutz: der Klima-Allianz Deutschland. Gemeinsam sind wir st\u00e4rker!","robots":{"index":"index","follow":"follow","max-snippet":"max-snippet:-1","max-image-preview":"max-image-preview:large","max-video-preview":"max-video-preview:-1"},"canonical":"https:\/\/www.protect-the-planet.de\/en\/2023_07_13-verstaerkung-im-team-jana-haefner-fuer-windrat\/","og_locale":"en_US","og_type":"article","og_title":"Verst\u00e4rkung im Team: Jana H\u00e4fner als Unterst\u00fctzung f\u00fcr den WindRat - Protect the Planet","og_description":"Protect the Planet ist nun Mitglied im breiten B\u00fcndnis f\u00fcr Klimaschutz: der Klima-Allianz Deutschland. Gemeinsam sind wir st\u00e4rker!","og_url":"https:\/\/www.protect-the-planet.de\/en\/2023_07_13-verstaerkung-im-team-jana-haefner-fuer-windrat\/","og_site_name":"Protect the Planet","article_publisher":"https:\/\/www.facebook.com\/protecttheplanetDE\/","article_published_time":"2023-07-17T09:27:44+00:00","article_modified_time":"2024-04-11T13:57:25+00:00","og_image":[{"width":2560,"height":1920,"url":"https:\/\/www.protect-the-planet.de\/wp-content\/uploads\/2023\/07\/beitragsbild-jana-haefner-scaled.jpg","type":"image\/jpeg"}],"author":"Fenja Jacobs","twitter_card":"summary_large_image","twitter_creator":"@PtP_de","twitter_site":"@PtP_de","twitter_misc":{"Written by":"Fenja Jacobs","Est. reading time":"2 minutes"},"schema":{"@context":"https:\/\/schema.org","@graph":[{"@type":"Article","@id":"https:\/\/www.protect-the-planet.de\/en\/2023_07_13-verstaerkung-im-team-jana-haefner-fuer-windrat\/#article","isPartOf":{"@id":"https:\/\/www.protect-the-planet.de\/en\/2023_07_13-verstaerkung-im-team-jana-haefner-fuer-windrat\/"},"author":{"name":"Fenja Jacobs","@id":"https:\/\/www.protect-the-planet.de\/en\/#\/schema\/person\/c843c153d0dd33ec584996931e438bce"},"headline":"Verst\u00e4rkung im Team: Jana H\u00e4fner als Unterst\u00fctzung f\u00fcr den WindRat","datePublished":"2023-07-17T09:27:44+00:00","dateModified":"2024-04-11T13:57:25+00:00","mainEntityOfPage":{"@id":"https:\/\/www.protect-the-planet.de\/en\/2023_07_13-verstaerkung-im-team-jana-haefner-fuer-windrat\/"},"wordCount":155,"commentCount":0,"publisher":{"@id":"https:\/\/www.protect-the-planet.de\/en\/#organization"},"image":{"@id":"https:\/\/www.protect-the-planet.de\/en\/2023_07_13-verstaerkung-im-team-jana-haefner-fuer-windrat\/#primaryimage"},"thumbnailUrl":"https:\/\/www.protect-the-planet.de\/wp-content\/uploads\/2023\/07\/beitragsbild-jana-haefner-scaled.jpg","keywords":["werkstudentin","Wind-Rat.de","WindRat"],"articleSection":["News"],"inLanguage":"en-US","potentialAction":[{"@type":"CommentAction","name":"Comment","target":["https:\/\/www.protect-the-planet.de\/en\/2023_07_13-verstaerkung-im-team-jana-haefner-fuer-windrat\/#respond"]}]},{"@type":"WebPage","@id":"https:\/\/www.protect-the-planet.de\/en\/2023_07_13-verstaerkung-im-team-jana-haefner-fuer-windrat\/","url":"https:\/\/www.protect-the-planet.de\/en\/2023_07_13-verstaerkung-im-team-jana-haefner-fuer-windrat\/","name":"Verst\u00e4rkung im Team: Jana H\u00e4fner als Unterst\u00fctzung f\u00fcr den WindRat - Protect the Planet","isPartOf":{"@id":"https:\/\/www.protect-the-planet.de\/en\/#website"},"primaryImageOfPage":{"@id":"https:\/\/www.protect-the-planet.de\/en\/2023_07_13-verstaerkung-im-team-jana-haefner-fuer-windrat\/#primaryimage"},"image":{"@id":"https:\/\/www.protect-the-planet.de\/en\/2023_07_13-verstaerkung-im-team-jana-haefner-fuer-windrat\/#primaryimage"},"thumbnailUrl":"https:\/\/www.protect-the-planet.de\/wp-content\/uploads\/2023\/07\/beitragsbild-jana-haefner-scaled.jpg","datePublished":"2023-07-17T09:27:44+00:00","dateModified":"2024-04-11T13:57:25+00:00","description":"Protect the Planet ist nun Mitglied im breiten B\u00fcndnis f\u00fcr Klimaschutz: der Klima-Allianz Deutschland. Gemeinsam sind wir st\u00e4rker!","breadcrumb":{"@id":"https:\/\/www.protect-the-planet.de\/en\/2023_07_13-verstaerkung-im-team-jana-haefner-fuer-windrat\/#breadcrumb"},"inLanguage":"en-US","potentialAction":[{"@type":"ReadAction","target":["https:\/\/www.protect-the-planet.de\/en\/2023_07_13-verstaerkung-im-team-jana-haefner-fuer-windrat\/"]}]},{"@type":"ImageObject","inLanguage":"en-US","@id":"https:\/\/www.protect-the-planet.de\/en\/2023_07_13-verstaerkung-im-team-jana-haefner-fuer-windrat\/#primaryimage","url":"https:\/\/www.protect-the-planet.de\/wp-content\/uploads\/2023\/07\/beitragsbild-jana-haefner-scaled.jpg","contentUrl":"https:\/\/www.protect-the-planet.de\/wp-content\/uploads\/2023\/07\/beitragsbild-jana-haefner-scaled.jpg","width":2560,"height":1920},{"@type":"BreadcrumbList","@id":"https:\/\/www.protect-the-planet.de\/en\/2023_07_13-verstaerkung-im-team-jana-haefner-fuer-windrat\/#breadcrumb","itemListElement":[{"@type":"ListItem","position":1,"name":"Startseite","item":"https:\/\/www.protect-the-planet.de\/en\/home\/"},{"@type":"ListItem","position":2,"name":"Verst\u00e4rkung im Team: Jana H\u00e4fner als Unterst\u00fctzung f\u00fcr den WindRat"}]},{"@type":"WebSite","@id":"https:\/\/www.protect-the-planet.de\/en\/#website","url":"https:\/\/www.protect-the-planet.de\/en\/","name":"Protect the Planet","description":"If we don&#039;t change, the climate will.","publisher":{"@id":"https:\/\/www.protect-the-planet.de\/en\/#organization"},"alternateName":"Protect the Panet gGmbH","potentialAction":[{"@type":"SearchAction","target":{"@type":"EntryPoint","urlTemplate":"https:\/\/www.protect-the-planet.de\/en\/?s={search_term_string}"},"query-input":{"@type":"PropertyValueSpecification","valueRequired":true,"valueName":"search_term_string"}}],"inLanguage":"en-US"},{"@type":"Organization","@id":"https:\/\/www.protect-the-planet.de\/en\/#organization","name":"Protect the Planet","url":"https:\/\/www.protect-the-planet.de\/en\/","logo":{"@type":"ImageObject","inLanguage":"en-US","@id":"https:\/\/www.protect-the-planet.de\/en\/#\/schema\/logo\/image\/","url":"https:\/\/www.protect-the-planet.de\/wp-content\/uploads\/2023\/09\/LOGO-positiv_transparent-klein.png","contentUrl":"https:\/\/www.protect-the-planet.de\/wp-content\/uploads\/2023\/09\/LOGO-positiv_transparent-klein.png","width":123,"height":68,"caption":"Protect the Planet"},"image":{"@id":"https:\/\/www.protect-the-planet.de\/en\/#\/schema\/logo\/image\/"},"sameAs":["https:\/\/www.facebook.com\/protecttheplanetDE\/","https:\/\/x.com\/PtP_de","https:\/\/www.instagram.com\/protecttheplanetorg\/","https:\/\/www.linkedin.com\/company\/protect-the-planet","https:\/\/www.youtube.com\/@protecttheplanet"]},{"@type":"Person","@id":"https:\/\/www.protect-the-planet.de\/en\/#\/schema\/person\/c843c153d0dd33ec584996931e438bce","name":"Fenja Jacobs","image":{"@type":"ImageObject","inLanguage":"en-US","@id":"https:\/\/secure.gravatar.com\/avatar\/1319de9aaea70b6c6ed807392ef95d6582ceaf98cca9de0a0022ba8e0d3a7fc3?s=96&d=mm&r=g","url":"https:\/\/secure.gravatar.com\/avatar\/1319de9aaea70b6c6ed807392ef95d6582ceaf98cca9de0a0022ba8e0d3a7fc3?s=96&d=mm&r=g","contentUrl":"https:\/\/secure.gravatar.com\/avatar\/1319de9aaea70b6c6ed807392ef95d6582ceaf98cca9de0a0022ba8e0d3a7fc3?s=96&d=mm&r=g","caption":"Fenja Jacobs"},"url":"https:\/\/www.protect-the-planet.de\/en\/author\/fenja-jacobs\/"}]}},"_links":{"self":[{"href":"https:\/\/www.protect-the-planet.de\/en\/wp-json\/wp\/v2\/posts\/22667","targetHints":{"allow":["GET"]}}],"collection":[{"href":"https:\/\/www.protect-the-planet.de\/en\/wp-json\/wp\/v2\/posts"}],"about":[{"href":"https:\/\/www.protect-the-planet.de\/en\/wp-json\/wp\/v2\/types\/post"}],"author":[{"embeddable":true,"href":"https:\/\/www.protect-the-planet.de\/en\/wp-json\/wp\/v2\/users\/3"}],"replies":[{"embeddable":true,"href":"https:\/\/www.protect-the-planet.de\/en\/wp-json\/wp\/v2\/comments?post=22667"}],"version-history":[{"count":0,"href":"https:\/\/www.protect-the-planet.de\/en\/wp-json\/wp\/v2\/posts\/22667\/revisions"}],"wp:featuredmedia":[{"embeddable":true,"href":"https:\/\/www.protect-the-planet.de\/en\/wp-json\/wp\/v2\/media\/21811"}],"wp:attachment":[{"href":"https:\/\/www.protect-the-planet.de\/en\/wp-json\/wp\/v2\/media?parent=22667"}],"wp:term":[{"taxonomy":"category","embeddable":true,"href":"https:\/\/www.protect-the-planet.de\/en\/wp-json\/wp\/v2\/categories?post=22667"},{"taxonomy":"post_tag","embeddable":true,"href":"https:\/\/www.protect-the-planet.de\/en\/wp-json\/wp\/v2\/tags?post=22667"}],"curies":[{"name":"wp","href":"https:\/\/api.w.org\/{rel}","templated":true}]}}