{"id":22666,"date":"2023-07-18T12:08:12","date_gmt":"2023-07-18T10:08:12","guid":{"rendered":"https:\/\/www.protect-the-planet.de\/bayernwind\/"},"modified":"2024-04-11T15:57:14","modified_gmt":"2024-04-11T13:57:14","slug":"bayernwind","status":"publish","type":"post","link":"https:\/\/www.protect-the-planet.de\/en\/bayernwind\/","title":{"rendered":"#bayernwind-Kampagne: Wir wollen, dass in Bayern ein neuer Wind weht."},"content":{"rendered":"\t\t<div data-elementor-type=\"wp-post\" data-elementor-id=\"22666\" class=\"elementor elementor-22666 elementor-18589\" data-elementor-post-type=\"post\">\n\t\t\t\t\t\t<section class=\"elementor-section elementor-top-section elementor-element elementor-element-212bccaa elementor-section-boxed elementor-section-height-default elementor-section-height-default\" data-id=\"212bccaa\" data-element_type=\"section\" data-e-type=\"section\">\n\t\t\t\t\t\t<div class=\"elementor-container elementor-column-gap-default\">\n\t\t\t\t\t<div class=\"elementor-column elementor-col-100 elementor-top-column elementor-element elementor-element-43d9467\" data-id=\"43d9467\" data-element_type=\"column\" data-e-type=\"column\">\n\t\t\t<div class=\"elementor-widget-wrap elementor-element-populated\">\n\t\t\t\t\t\t<div class=\"elementor-element elementor-element-65c76dd8 elementor-widget elementor-widget-text-editor\" data-id=\"65c76dd8\" data-element_type=\"widget\" data-e-type=\"widget\" data-widget_type=\"text-editor.default\">\n\t\t\t\t<div class=\"elementor-widget-container\">\n\t\t\t\t\t\t\t\t\t<p>Bayern ist immer noch trauriges Schlusslicht in Sachen Windenergie. Das muss sich \u00e4ndern! Im Oktober stehen die Landtagswahlen vor der T\u00fcr und das nehmen wir als Anlass, um der Windkraft hier nochmal einen ordentlichen Booster zu geben.\u00a0Denn die Windenergie ist DER zentrale Baustein f\u00fcr das Gelingen der Energiewende auf dem Weg hinzu einer zukunftsf\u00e4higen Energieversorgung.<\/p><p>Mit der Windboosterkampagne <a href=\"https:\/\/wind-rat.de\/bayernwind\/\">#bayernwind<\/a> wollen wir im Vorfeld der bayerischen Landtagswahl am 8. Oktober 2023 zusammen mit bayerischen Unternehmer*innen der bayerischen Staatsregierung \u00a0sowie den Spitzen aller politischen Parteien in Bayern klar signalisieren, dass ein massiv forcierter Ausbau der Windenergie f\u00fcr die bayerische Wirtschaft standortrelevant ist, nicht zuletzt zur Erhaltung unseres Wohlstands und der Lebensqualit\u00e4t in unserem Land.<\/p><p><img fetchpriority=\"high\" decoding=\"async\" class=\"alignnone  wp-image-18671\" src=\"https:\/\/www.protect-the-planet.de\/wp-content\/uploads\/2023\/08\/1_3_1_Twitter_Feed-Bild_Soeder_1024x512-300x150.jpg\" alt=\"Twitter Feed Bild: Wir wollen dass in Bayern ein neuer Wind weht\" width=\"618\" height=\"309\" srcset=\"https:\/\/www.protect-the-planet.de\/wp-content\/uploads\/2023\/08\/1_3_1_Twitter_Feed-Bild_Soeder_1024x512-300x150.jpg 300w, https:\/\/www.protect-the-planet.de\/wp-content\/uploads\/2023\/08\/1_3_1_Twitter_Feed-Bild_Soeder_1024x512-768x384.jpg 768w, https:\/\/www.protect-the-planet.de\/wp-content\/uploads\/2023\/08\/1_3_1_Twitter_Feed-Bild_Soeder_1024x512.jpg 1024w\" sizes=\"(max-width: 618px) 100vw, 618px\" \/><\/p><h3 class=\"fusion-responsive-typography-calculated\" data-fontsize=\"36\" data-lineheight=\"43.2px\">Damit der fehlende Windausbau Bayern nicht bedroht<\/h3><p>Wir bitten die Landesregierung, ihre klimapolitischen Versprechungen einzuhalten. 14 neue Windr\u00e4der pro Jahr sind zu wenig, um den Wirtschaftsstandort Bayern wettbewerbsf\u00e4hig zu erhalten und Energie auch zuk\u00fcnftig bezahlbar zu machen. Wir, die Initiative \u201eBayernwind\u201c, sind ein Zusammenschluss von bayerischen Unternehmen und dem WindRat, um den Ausbau der Windenergie voranzutreiben. Deshalb setzen wir uns gemeinsam f\u00fcr den schnellen Ausbau der Windenergie ein und haben dazu konkrete Anliegen formuliert.<\/p><p><img decoding=\"async\" class=\"alignnone  wp-image-18727\" src=\"https:\/\/www.protect-the-planet.de\/wp-content\/uploads\/2023\/08\/bild-bayernwind-dst-300x150.jpg\" alt=\"Bild Bayernwind Zitat Dorothea Sick-Thies\" width=\"620\" height=\"310\" srcset=\"https:\/\/www.protect-the-planet.de\/wp-content\/uploads\/2023\/08\/bild-bayernwind-dst-300x150.jpg 300w, https:\/\/www.protect-the-planet.de\/wp-content\/uploads\/2023\/08\/bild-bayernwind-dst-768x384.jpg 768w, https:\/\/www.protect-the-planet.de\/wp-content\/uploads\/2023\/08\/bild-bayernwind-dst.jpg 1024w\" sizes=\"(max-width: 620px) 100vw, 620px\" \/><\/p><p>Das Statement von Protect-the-Planet-Gr\u00fcnderin Dorothea Sick-Thies zur Kampagne: \u201eDie Windenergie ist DER zentrale Baustein f\u00fcr eine klimaneutrale und zukunftsf\u00e4hige Energieversorgung in Bayern. V\u00f6llig unverantwortlich hat die bayerische Staatsregierung hier den Windkraftausbau \u00fcber Jahrzehnte blockiert! Bei weiterer Klimaerw\u00e4rmung werden wir in 20 Jahren kein sch\u00f6nes Bayern mehr haben, sondern ausgetrocknete andalusische Verh\u00e4ltnisse! Die L\u00f6sungen sind bekannt, bew\u00e4hrt und faszinierend. Bei den einzigen, damals hart bek\u00e4mpften Windr\u00e4dern von Berg am Starnberger See bekommen die Anleger 7% Rendite \u2013 da kann wohl niemand sagen, das w\u00e4re nicht wirtschaftlich! Windenergie ist B\u00fcrger-Energie. Jeder B\u00fcrger kann sich daran beteiligen und es schafft Arbeitspl\u00e4tze vor Ort. Nur mit dem massiven Ausbau der Windenergie und den anderen erneuerbaren Energien k\u00f6nnen wir unsere Lebensqualit\u00e4t in Bayern halten. Wir m\u00fcssen endlich handeln! Denn der fehlende und schleppende Ausbau der Windenergie in Bayern bedroht nicht nur die Wirtschaft und die Zukunft unserer Kinder.\u201c<\/p><p>Hier geht&#8217;s zur Kampagne: <a href=\"https:\/\/wind-rat.de\/bayernwind\/\">wind-rat.de\/bayernwind<\/a><\/p>\t\t\t\t\t\t\t\t<\/div>\n\t\t\t\t<\/div>\n\t\t\t\t\t<\/div>\n\t\t<\/div>\n\t\t\t\t\t<\/div>\n\t\t<\/section>\n\t\t\t\t<\/div>\n\t\t","protected":false},"excerpt":{"rendered":"<p>Bayern ist immer noch trauriges Schlusslicht in Sachen Windenergie. Das muss sich \u00e4ndern! Im Oktober stehen die Landtagswahlen vor der T\u00fcr und das nehmen wir als Anlass, um der Windkraft hier nochmal einen ordentlichen Booster zu geben.\u00a0Denn die Windenergie ist DER zentrale Baustein f\u00fcr das Gelingen der Energiewende auf dem Weg hinzu einer zukunftsf\u00e4higen Energieversorgung.<\/p>\n","protected":false},"author":3,"featured_media":21809,"comment_status":"open","ping_status":"open","sticky":false,"template":"","format":"standard","meta":{"footnotes":""},"categories":[729],"tags":[776,747,778,754,755,779],"class_list":["post-22666","post","type-post","status-publish","format-standard","has-post-thumbnail","hentry","category-news","tag-bayern-en","tag-bayernwind-en","tag-unternehmen-en","tag-windenergie-en","tag-windkraft-en","tag-windrat-en"],"yoast_head":"<!-- This site is optimized with the Yoast SEO plugin v27.5 - https:\/\/yoast.com\/product\/yoast-seo-wordpress\/ -->\n<title>#bayernwind-Kampagne: Wir wollen, dass in Bayern ein neuer Wind weht. - Protect the Planet<\/title>\n<meta name=\"description\" content=\"Bayern ist trauriges Schlusslicht in Sachen Windenergie. Vor den Landtagswahlen wollen wir der Windkraft einen ordentlichen Booster geben.\" \/>\n<meta name=\"robots\" content=\"index, follow, max-snippet:-1, max-image-preview:large, max-video-preview:-1\" \/>\n<link rel=\"canonical\" href=\"https:\/\/www.protect-the-planet.de\/en\/bayernwind\/\" \/>\n<meta property=\"og:locale\" content=\"en_US\" \/>\n<meta property=\"og:type\" content=\"article\" \/>\n<meta property=\"og:title\" content=\"#bayernwind-Kampagne: Wir wollen, dass in Bayern ein neuer Wind weht. - Protect the Planet\" \/>\n<meta property=\"og:description\" content=\"Bayern ist trauriges Schlusslicht in Sachen Windenergie. Vor den Landtagswahlen wollen wir der Windkraft einen ordentlichen Booster geben.\" \/>\n<meta property=\"og:url\" content=\"https:\/\/www.protect-the-planet.de\/en\/bayernwind\/\" \/>\n<meta property=\"og:site_name\" content=\"Protect the Planet\" \/>\n<meta property=\"article:publisher\" content=\"https:\/\/www.facebook.com\/protecttheplanetDE\/\" \/>\n<meta property=\"article:published_time\" content=\"2023-07-18T10:08:12+00:00\" \/>\n<meta property=\"article:modified_time\" content=\"2024-04-11T13:57:14+00:00\" \/>\n<meta property=\"og:image\" content=\"https:\/\/www.protect-the-planet.de\/wp-content\/uploads\/2023\/07\/beitragsbild-bayernwind.png\" \/>\n\t<meta property=\"og:image:width\" content=\"800\" \/>\n\t<meta property=\"og:image:height\" content=\"500\" \/>\n\t<meta property=\"og:image:type\" content=\"image\/png\" \/>\n<meta name=\"author\" content=\"Fenja Jacobs\" \/>\n<meta name=\"twitter:card\" content=\"summary_large_image\" \/>\n<meta name=\"twitter:creator\" content=\"@PtP_de\" \/>\n<meta name=\"twitter:site\" content=\"@PtP_de\" \/>\n<meta name=\"twitter:label1\" content=\"Written by\" \/>\n\t<meta name=\"twitter:data1\" content=\"Fenja Jacobs\" \/>\n\t<meta name=\"twitter:label2\" content=\"Est. reading time\" \/>\n\t<meta name=\"twitter:data2\" content=\"3 minutes\" \/>\n<script type=\"application\/ld+json\" class=\"yoast-schema-graph\">{\"@context\":\"https:\\\/\\\/schema.org\",\"@graph\":[{\"@type\":\"Article\",\"@id\":\"https:\\\/\\\/www.protect-the-planet.de\\\/en\\\/bayernwind\\\/#article\",\"isPartOf\":{\"@id\":\"https:\\\/\\\/www.protect-the-planet.de\\\/en\\\/bayernwind\\\/\"},\"author\":{\"name\":\"Fenja Jacobs\",\"@id\":\"https:\\\/\\\/www.protect-the-planet.de\\\/en\\\/#\\\/schema\\\/person\\\/c843c153d0dd33ec584996931e438bce\"},\"headline\":\"#bayernwind-Kampagne: Wir wollen, dass in Bayern ein neuer Wind weht.\",\"datePublished\":\"2023-07-18T10:08:12+00:00\",\"dateModified\":\"2024-04-11T13:57:14+00:00\",\"mainEntityOfPage\":{\"@id\":\"https:\\\/\\\/www.protect-the-planet.de\\\/en\\\/bayernwind\\\/\"},\"wordCount\":370,\"commentCount\":0,\"publisher\":{\"@id\":\"https:\\\/\\\/www.protect-the-planet.de\\\/en\\\/#organization\"},\"image\":{\"@id\":\"https:\\\/\\\/www.protect-the-planet.de\\\/en\\\/bayernwind\\\/#primaryimage\"},\"thumbnailUrl\":\"https:\\\/\\\/www.protect-the-planet.de\\\/wp-content\\\/uploads\\\/2023\\\/07\\\/beitragsbild-bayernwind.png\",\"keywords\":[\"Bayern\",\"bayernwind\",\"unternehmen\",\"Windenergie\",\"Windkraft\",\"WindRat\"],\"articleSection\":[\"News\"],\"inLanguage\":\"en-US\",\"potentialAction\":[{\"@type\":\"CommentAction\",\"name\":\"Comment\",\"target\":[\"https:\\\/\\\/www.protect-the-planet.de\\\/en\\\/bayernwind\\\/#respond\"]}]},{\"@type\":\"WebPage\",\"@id\":\"https:\\\/\\\/www.protect-the-planet.de\\\/en\\\/bayernwind\\\/\",\"url\":\"https:\\\/\\\/www.protect-the-planet.de\\\/en\\\/bayernwind\\\/\",\"name\":\"#bayernwind-Kampagne: Wir wollen, dass in Bayern ein neuer Wind weht. - Protect the Planet\",\"isPartOf\":{\"@id\":\"https:\\\/\\\/www.protect-the-planet.de\\\/en\\\/#website\"},\"primaryImageOfPage\":{\"@id\":\"https:\\\/\\\/www.protect-the-planet.de\\\/en\\\/bayernwind\\\/#primaryimage\"},\"image\":{\"@id\":\"https:\\\/\\\/www.protect-the-planet.de\\\/en\\\/bayernwind\\\/#primaryimage\"},\"thumbnailUrl\":\"https:\\\/\\\/www.protect-the-planet.de\\\/wp-content\\\/uploads\\\/2023\\\/07\\\/beitragsbild-bayernwind.png\",\"datePublished\":\"2023-07-18T10:08:12+00:00\",\"dateModified\":\"2024-04-11T13:57:14+00:00\",\"description\":\"Bayern ist trauriges Schlusslicht in Sachen Windenergie. Vor den Landtagswahlen wollen wir der Windkraft einen ordentlichen Booster geben.\",\"breadcrumb\":{\"@id\":\"https:\\\/\\\/www.protect-the-planet.de\\\/en\\\/bayernwind\\\/#breadcrumb\"},\"inLanguage\":\"en-US\",\"potentialAction\":[{\"@type\":\"ReadAction\",\"target\":[\"https:\\\/\\\/www.protect-the-planet.de\\\/en\\\/bayernwind\\\/\"]}]},{\"@type\":\"ImageObject\",\"inLanguage\":\"en-US\",\"@id\":\"https:\\\/\\\/www.protect-the-planet.de\\\/en\\\/bayernwind\\\/#primaryimage\",\"url\":\"https:\\\/\\\/www.protect-the-planet.de\\\/wp-content\\\/uploads\\\/2023\\\/07\\\/beitragsbild-bayernwind.png\",\"contentUrl\":\"https:\\\/\\\/www.protect-the-planet.de\\\/wp-content\\\/uploads\\\/2023\\\/07\\\/beitragsbild-bayernwind.png\",\"width\":800,\"height\":500,\"caption\":\"Beitragsbild Bayernwind\"},{\"@type\":\"BreadcrumbList\",\"@id\":\"https:\\\/\\\/www.protect-the-planet.de\\\/en\\\/bayernwind\\\/#breadcrumb\",\"itemListElement\":[{\"@type\":\"ListItem\",\"position\":1,\"name\":\"Startseite\",\"item\":\"https:\\\/\\\/www.protect-the-planet.de\\\/en\\\/home\\\/\"},{\"@type\":\"ListItem\",\"position\":2,\"name\":\"#bayernwind-Kampagne: Wir wollen, dass in Bayern ein neuer Wind weht.\"}]},{\"@type\":\"WebSite\",\"@id\":\"https:\\\/\\\/www.protect-the-planet.de\\\/en\\\/#website\",\"url\":\"https:\\\/\\\/www.protect-the-planet.de\\\/en\\\/\",\"name\":\"Protect the Planet\",\"description\":\"If we don&#039;t change, the climate will.\",\"publisher\":{\"@id\":\"https:\\\/\\\/www.protect-the-planet.de\\\/en\\\/#organization\"},\"alternateName\":\"Protect the Panet gGmbH\",\"potentialAction\":[{\"@type\":\"SearchAction\",\"target\":{\"@type\":\"EntryPoint\",\"urlTemplate\":\"https:\\\/\\\/www.protect-the-planet.de\\\/en\\\/?s={search_term_string}\"},\"query-input\":{\"@type\":\"PropertyValueSpecification\",\"valueRequired\":true,\"valueName\":\"search_term_string\"}}],\"inLanguage\":\"en-US\"},{\"@type\":\"Organization\",\"@id\":\"https:\\\/\\\/www.protect-the-planet.de\\\/en\\\/#organization\",\"name\":\"Protect the Planet\",\"url\":\"https:\\\/\\\/www.protect-the-planet.de\\\/en\\\/\",\"logo\":{\"@type\":\"ImageObject\",\"inLanguage\":\"en-US\",\"@id\":\"https:\\\/\\\/www.protect-the-planet.de\\\/en\\\/#\\\/schema\\\/logo\\\/image\\\/\",\"url\":\"https:\\\/\\\/www.protect-the-planet.de\\\/wp-content\\\/uploads\\\/2023\\\/09\\\/LOGO-positiv_transparent-klein.png\",\"contentUrl\":\"https:\\\/\\\/www.protect-the-planet.de\\\/wp-content\\\/uploads\\\/2023\\\/09\\\/LOGO-positiv_transparent-klein.png\",\"width\":123,\"height\":68,\"caption\":\"Protect the Planet\"},\"image\":{\"@id\":\"https:\\\/\\\/www.protect-the-planet.de\\\/en\\\/#\\\/schema\\\/logo\\\/image\\\/\"},\"sameAs\":[\"https:\\\/\\\/www.facebook.com\\\/protecttheplanetDE\\\/\",\"https:\\\/\\\/x.com\\\/PtP_de\",\"https:\\\/\\\/www.instagram.com\\\/protecttheplanetorg\\\/\",\"https:\\\/\\\/www.linkedin.com\\\/company\\\/protect-the-planet\",\"https:\\\/\\\/www.youtube.com\\\/@protecttheplanet\"]},{\"@type\":\"Person\",\"@id\":\"https:\\\/\\\/www.protect-the-planet.de\\\/en\\\/#\\\/schema\\\/person\\\/c843c153d0dd33ec584996931e438bce\",\"name\":\"Fenja Jacobs\",\"image\":{\"@type\":\"ImageObject\",\"inLanguage\":\"en-US\",\"@id\":\"https:\\\/\\\/secure.gravatar.com\\\/avatar\\\/1319de9aaea70b6c6ed807392ef95d6582ceaf98cca9de0a0022ba8e0d3a7fc3?s=96&d=mm&r=g\",\"url\":\"https:\\\/\\\/secure.gravatar.com\\\/avatar\\\/1319de9aaea70b6c6ed807392ef95d6582ceaf98cca9de0a0022ba8e0d3a7fc3?s=96&d=mm&r=g\",\"contentUrl\":\"https:\\\/\\\/secure.gravatar.com\\\/avatar\\\/1319de9aaea70b6c6ed807392ef95d6582ceaf98cca9de0a0022ba8e0d3a7fc3?s=96&d=mm&r=g\",\"caption\":\"Fenja Jacobs\"},\"url\":\"https:\\\/\\\/www.protect-the-planet.de\\\/en\\\/author\\\/fenja-jacobs\\\/\"}]}<\/script>\n<!-- \/ Yoast SEO plugin. -->","yoast_head_json":{"title":"#bayernwind-Kampagne: Wir wollen, dass in Bayern ein neuer Wind weht. - Protect the Planet","description":"Bayern ist trauriges Schlusslicht in Sachen Windenergie. Vor den Landtagswahlen wollen wir der Windkraft einen ordentlichen Booster geben.","robots":{"index":"index","follow":"follow","max-snippet":"max-snippet:-1","max-image-preview":"max-image-preview:large","max-video-preview":"max-video-preview:-1"},"canonical":"https:\/\/www.protect-the-planet.de\/en\/bayernwind\/","og_locale":"en_US","og_type":"article","og_title":"#bayernwind-Kampagne: Wir wollen, dass in Bayern ein neuer Wind weht. - Protect the Planet","og_description":"Bayern ist trauriges Schlusslicht in Sachen Windenergie. Vor den Landtagswahlen wollen wir der Windkraft einen ordentlichen Booster geben.","og_url":"https:\/\/www.protect-the-planet.de\/en\/bayernwind\/","og_site_name":"Protect the Planet","article_publisher":"https:\/\/www.facebook.com\/protecttheplanetDE\/","article_published_time":"2023-07-18T10:08:12+00:00","article_modified_time":"2024-04-11T13:57:14+00:00","og_image":[{"width":800,"height":500,"url":"https:\/\/www.protect-the-planet.de\/wp-content\/uploads\/2023\/07\/beitragsbild-bayernwind.png","type":"image\/png"}],"author":"Fenja Jacobs","twitter_card":"summary_large_image","twitter_creator":"@PtP_de","twitter_site":"@PtP_de","twitter_misc":{"Written by":"Fenja Jacobs","Est. reading time":"3 minutes"},"schema":{"@context":"https:\/\/schema.org","@graph":[{"@type":"Article","@id":"https:\/\/www.protect-the-planet.de\/en\/bayernwind\/#article","isPartOf":{"@id":"https:\/\/www.protect-the-planet.de\/en\/bayernwind\/"},"author":{"name":"Fenja Jacobs","@id":"https:\/\/www.protect-the-planet.de\/en\/#\/schema\/person\/c843c153d0dd33ec584996931e438bce"},"headline":"#bayernwind-Kampagne: Wir wollen, dass in Bayern ein neuer Wind weht.","datePublished":"2023-07-18T10:08:12+00:00","dateModified":"2024-04-11T13:57:14+00:00","mainEntityOfPage":{"@id":"https:\/\/www.protect-the-planet.de\/en\/bayernwind\/"},"wordCount":370,"commentCount":0,"publisher":{"@id":"https:\/\/www.protect-the-planet.de\/en\/#organization"},"image":{"@id":"https:\/\/www.protect-the-planet.de\/en\/bayernwind\/#primaryimage"},"thumbnailUrl":"https:\/\/www.protect-the-planet.de\/wp-content\/uploads\/2023\/07\/beitragsbild-bayernwind.png","keywords":["Bayern","bayernwind","unternehmen","Windenergie","Windkraft","WindRat"],"articleSection":["News"],"inLanguage":"en-US","potentialAction":[{"@type":"CommentAction","name":"Comment","target":["https:\/\/www.protect-the-planet.de\/en\/bayernwind\/#respond"]}]},{"@type":"WebPage","@id":"https:\/\/www.protect-the-planet.de\/en\/bayernwind\/","url":"https:\/\/www.protect-the-planet.de\/en\/bayernwind\/","name":"#bayernwind-Kampagne: Wir wollen, dass in Bayern ein neuer Wind weht. - Protect the Planet","isPartOf":{"@id":"https:\/\/www.protect-the-planet.de\/en\/#website"},"primaryImageOfPage":{"@id":"https:\/\/www.protect-the-planet.de\/en\/bayernwind\/#primaryimage"},"image":{"@id":"https:\/\/www.protect-the-planet.de\/en\/bayernwind\/#primaryimage"},"thumbnailUrl":"https:\/\/www.protect-the-planet.de\/wp-content\/uploads\/2023\/07\/beitragsbild-bayernwind.png","datePublished":"2023-07-18T10:08:12+00:00","dateModified":"2024-04-11T13:57:14+00:00","description":"Bayern ist trauriges Schlusslicht in Sachen Windenergie. Vor den Landtagswahlen wollen wir der Windkraft einen ordentlichen Booster geben.","breadcrumb":{"@id":"https:\/\/www.protect-the-planet.de\/en\/bayernwind\/#breadcrumb"},"inLanguage":"en-US","potentialAction":[{"@type":"ReadAction","target":["https:\/\/www.protect-the-planet.de\/en\/bayernwind\/"]}]},{"@type":"ImageObject","inLanguage":"en-US","@id":"https:\/\/www.protect-the-planet.de\/en\/bayernwind\/#primaryimage","url":"https:\/\/www.protect-the-planet.de\/wp-content\/uploads\/2023\/07\/beitragsbild-bayernwind.png","contentUrl":"https:\/\/www.protect-the-planet.de\/wp-content\/uploads\/2023\/07\/beitragsbild-bayernwind.png","width":800,"height":500,"caption":"Beitragsbild Bayernwind"},{"@type":"BreadcrumbList","@id":"https:\/\/www.protect-the-planet.de\/en\/bayernwind\/#breadcrumb","itemListElement":[{"@type":"ListItem","position":1,"name":"Startseite","item":"https:\/\/www.protect-the-planet.de\/en\/home\/"},{"@type":"ListItem","position":2,"name":"#bayernwind-Kampagne: Wir wollen, dass in Bayern ein neuer Wind weht."}]},{"@type":"WebSite","@id":"https:\/\/www.protect-the-planet.de\/en\/#website","url":"https:\/\/www.protect-the-planet.de\/en\/","name":"Protect the Planet","description":"If we don&#039;t change, the climate will.","publisher":{"@id":"https:\/\/www.protect-the-planet.de\/en\/#organization"},"alternateName":"Protect the Panet gGmbH","potentialAction":[{"@type":"SearchAction","target":{"@type":"EntryPoint","urlTemplate":"https:\/\/www.protect-the-planet.de\/en\/?s={search_term_string}"},"query-input":{"@type":"PropertyValueSpecification","valueRequired":true,"valueName":"search_term_string"}}],"inLanguage":"en-US"},{"@type":"Organization","@id":"https:\/\/www.protect-the-planet.de\/en\/#organization","name":"Protect the Planet","url":"https:\/\/www.protect-the-planet.de\/en\/","logo":{"@type":"ImageObject","inLanguage":"en-US","@id":"https:\/\/www.protect-the-planet.de\/en\/#\/schema\/logo\/image\/","url":"https:\/\/www.protect-the-planet.de\/wp-content\/uploads\/2023\/09\/LOGO-positiv_transparent-klein.png","contentUrl":"https:\/\/www.protect-the-planet.de\/wp-content\/uploads\/2023\/09\/LOGO-positiv_transparent-klein.png","width":123,"height":68,"caption":"Protect the Planet"},"image":{"@id":"https:\/\/www.protect-the-planet.de\/en\/#\/schema\/logo\/image\/"},"sameAs":["https:\/\/www.facebook.com\/protecttheplanetDE\/","https:\/\/x.com\/PtP_de","https:\/\/www.instagram.com\/protecttheplanetorg\/","https:\/\/www.linkedin.com\/company\/protect-the-planet","https:\/\/www.youtube.com\/@protecttheplanet"]},{"@type":"Person","@id":"https:\/\/www.protect-the-planet.de\/en\/#\/schema\/person\/c843c153d0dd33ec584996931e438bce","name":"Fenja Jacobs","image":{"@type":"ImageObject","inLanguage":"en-US","@id":"https:\/\/secure.gravatar.com\/avatar\/1319de9aaea70b6c6ed807392ef95d6582ceaf98cca9de0a0022ba8e0d3a7fc3?s=96&d=mm&r=g","url":"https:\/\/secure.gravatar.com\/avatar\/1319de9aaea70b6c6ed807392ef95d6582ceaf98cca9de0a0022ba8e0d3a7fc3?s=96&d=mm&r=g","contentUrl":"https:\/\/secure.gravatar.com\/avatar\/1319de9aaea70b6c6ed807392ef95d6582ceaf98cca9de0a0022ba8e0d3a7fc3?s=96&d=mm&r=g","caption":"Fenja Jacobs"},"url":"https:\/\/www.protect-the-planet.de\/en\/author\/fenja-jacobs\/"}]}},"_links":{"self":[{"href":"https:\/\/www.protect-the-planet.de\/en\/wp-json\/wp\/v2\/posts\/22666","targetHints":{"allow":["GET"]}}],"collection":[{"href":"https:\/\/www.protect-the-planet.de\/en\/wp-json\/wp\/v2\/posts"}],"about":[{"href":"https:\/\/www.protect-the-planet.de\/en\/wp-json\/wp\/v2\/types\/post"}],"author":[{"embeddable":true,"href":"https:\/\/www.protect-the-planet.de\/en\/wp-json\/wp\/v2\/users\/3"}],"replies":[{"embeddable":true,"href":"https:\/\/www.protect-the-planet.de\/en\/wp-json\/wp\/v2\/comments?post=22666"}],"version-history":[{"count":0,"href":"https:\/\/www.protect-the-planet.de\/en\/wp-json\/wp\/v2\/posts\/22666\/revisions"}],"wp:featuredmedia":[{"embeddable":true,"href":"https:\/\/www.protect-the-planet.de\/en\/wp-json\/wp\/v2\/media\/21809"}],"wp:attachment":[{"href":"https:\/\/www.protect-the-planet.de\/en\/wp-json\/wp\/v2\/media?parent=22666"}],"wp:term":[{"taxonomy":"category","embeddable":true,"href":"https:\/\/www.protect-the-planet.de\/en\/wp-json\/wp\/v2\/categories?post=22666"},{"taxonomy":"post_tag","embeddable":true,"href":"https:\/\/www.protect-the-planet.de\/en\/wp-json\/wp\/v2\/tags?post=22666"}],"curies":[{"name":"wp","href":"https:\/\/api.w.org\/{rel}","templated":true}]}}