{"id":22664,"date":"2023-08-03T15:02:21","date_gmt":"2023-08-03T13:02:21","guid":{"rendered":"https:\/\/www.protect-the-planet.de\/2023_08_03-bayernwind-klartext-statt-soederstyle\/"},"modified":"2023-08-03T15:02:21","modified_gmt":"2023-08-03T13:02:21","slug":"2023_08_03-bayernwind-klartext-statt-soederstyle","status":"publish","type":"post","link":"https:\/\/www.protect-the-planet.de\/en\/2023_08_03-bayernwind-klartext-statt-soederstyle\/","title":{"rendered":"Klartext f\u00fcr mehr Wind in Bayern statt S\u00f6der-Style mit vertuschenden Antworten"},"content":{"rendered":"\t\t<div data-elementor-type=\"wp-post\" data-elementor-id=\"22664\" class=\"elementor elementor-22664 elementor-18592\" data-elementor-post-type=\"post\">\n\t\t\t\t<div class=\"elementor-element elementor-element-a25a600 e-flex e-con-boxed e-con e-parent\" data-id=\"a25a600\" data-element_type=\"container\" data-e-type=\"container\">\n\t\t\t\t\t<div class=\"e-con-inner\">\n\t\t\t\t<div class=\"elementor-element elementor-element-16a290d9 elementor-widget elementor-widget-text-editor\" data-id=\"16a290d9\" data-element_type=\"widget\" data-e-type=\"widget\" data-widget_type=\"text-editor.default\">\n\t\t\t\t<div class=\"elementor-widget-container\">\n\t\t\t\t\t\t\t\t\t<p><strong>M\u00fcnchen, 3. August 2023. Die Unternehmerinitiative \u201eBayernwind\u201c ruft ARD\/BR auf, S\u00f6der-Klartext zum Windausbau im kommenden Sommerinterview zu erfragen. Bayerische Unternehmer sehen den Standort gef\u00e4hrdet und erwarten ehrliche Bekenntnisse statt S\u00f6der-Style-Vernebelung beim Ausbau der Windenergie. <\/strong><\/p><p>\u201eBayern ist bei der Windenergie ein Absteiger-Bundesland\u201c so Dr. Martin K\u00f6ppel vom WindRat Deutschland, der gemeinsam mit bayerischen Unternehmer:innen derzeit f\u00fcr einen neuen Wind in Bayern in Sachen Windenergieausbau sorgt. Mit der Kampagne \u201cBayernwind\u201d machen Unternehmer:innen auf die drohenden Standort- und Investitionsrisken und exorbitant hohe regionale Strompreise in Bayern aufmerksam und setzen sich daher f\u00fcr eine industriefreundliche Windenergie-Politik ein.<\/p><p><img fetchpriority=\"high\" decoding=\"async\" class=\" wp-image-18671 alignleft\" src=\"https:\/\/www.protect-the-planet.de\/wp-content\/uploads\/2023\/08\/1_3_1_Twitter_Feed-Bild_Soeder_1024x512-300x150.jpg\" alt=\"Twitter Feed Bild: Wir wollen dass in Bayern ein neuer Wind weht\" width=\"362\" height=\"181\" srcset=\"https:\/\/www.protect-the-planet.de\/wp-content\/uploads\/2023\/08\/1_3_1_Twitter_Feed-Bild_Soeder_1024x512-300x150.jpg 300w, https:\/\/www.protect-the-planet.de\/wp-content\/uploads\/2023\/08\/1_3_1_Twitter_Feed-Bild_Soeder_1024x512-768x384.jpg 768w, https:\/\/www.protect-the-planet.de\/wp-content\/uploads\/2023\/08\/1_3_1_Twitter_Feed-Bild_Soeder_1024x512.jpg 1024w\" sizes=\"(max-width: 362px) 100vw, 362px\" \/>\u201e14 neue Windr\u00e4der in ganz Bayern in einem ganzen Jahr reichen hinten und vorne nicht. Anstatt viel zu reden, muss jetzt dringend gehandelt werden. Die ARD und der Bayerische Rundfunk sind beim kommenden Sommer-Interview gefragt, Klarheit f\u00fcr die bayerischen W\u00e4hler zu schaffen\u201c, so Dr. K\u00f6ppel.<\/p><p>Nach dem Kampagnenstart am 18.7. der Unternehmerinitiative Bayernwind gab es bereits Meldungen in mehreren \u00fcberregionalen Medien, seit Mitte Juli laufen zudem tausende Videoclips zur Bayernwind &amp; S\u00f6derstyle-Kampagne in den M\u00fcnchner U-Bahn und Bussen.<\/p><p>So soll die Bayerische Staatsregierung mindestens zwei Windr\u00e4der pro Woche in Bayern und zwei Windr\u00e4der pro Landkreis und Jahr ans Netz nehmen.<\/p><p><img decoding=\"async\" class=\"alignright wp-image-18663\" src=\"https:\/\/www.protect-the-planet.de\/wp-content\/uploads\/2023\/08\/beitragsbild-soeder-style-300x188.png\" alt=\"NEWS Zitat Dorothea Sick-Thies zu Windausbau\" width=\"323\" height=\"203\" srcset=\"https:\/\/www.protect-the-planet.de\/wp-content\/uploads\/2023\/08\/beitragsbild-soeder-style-300x188.png 300w, https:\/\/www.protect-the-planet.de\/wp-content\/uploads\/2023\/08\/beitragsbild-soeder-style-768x480.png 768w, https:\/\/www.protect-the-planet.de\/wp-content\/uploads\/2023\/08\/beitragsbild-soeder-style.png 800w\" sizes=\"(max-width: 323px) 100vw, 323px\" \/><\/p><p>\u201eDer fehlende und schleppende Ausbau der Windenergie in Bayern bedroht die Wirtschaft und die Zukunft unserer Kinder\u201d, sorgt sich Dorothea Sick-Thies, Aufsichtsr\u00e4tin der SICK AG.<\/p><p><strong>About Bayernwind:<\/strong> <br \/>Die Initiative \u201cBayernwind\u201d ist ein Zusammenschluss bayerischer Unternehmer:innen und dem WindRat. Der WindRat ist ein unabh\u00e4ngiger und \u00fcberparteilicher Zusammenschluss von Akteuren der Windbranche, Wirtschaftsunternehmen, Umweltorganisationen, Energie- und Klimaschutzagenturen der Bundesl\u00e4nder, Verb\u00e4nden sowie Vereinen. Initiiert wurde das Netzwerk im Herbst 2021 von der NGO Protect the Planet. Der WindRat liefert fundierte Fakten und sachliche Informationen in verschiedensten Formaten, inspiriert, ermutigt und unterst\u00fctzt lokale Akteure und engagiert sich auf gesellschaftlicher, politischer, wirtschaftlicher und wissenschaftlicher Ebene f\u00fcr eine zukunftsf\u00e4hige und nachhaltige Energieversorgung.<\/p>\t\t\t\t\t\t\t\t<\/div>\n\t\t\t\t<\/div>\n\t\t\t\t\t<\/div>\n\t\t\t\t<\/div>\n\t\t<div class=\"elementor-element elementor-element-48cbb98c e-flex e-con-boxed e-con e-parent\" data-id=\"48cbb98c\" data-element_type=\"container\" data-e-type=\"container\">\n\t\t\t\t\t<div class=\"e-con-inner\">\n\t\t<div class=\"elementor-element elementor-element-14d6cccb e-flex e-con-boxed e-con e-parent\" data-id=\"14d6cccb\" data-element_type=\"container\" data-e-type=\"container\">\n\t\t\t\t\t<div class=\"e-con-inner\">\n\t\t\t\t\t<\/div>\n\t\t\t\t<\/div>\n\t\t\t\t\t<\/div>\n\t\t\t\t<\/div>\n\t\t<div class=\"elementor-element elementor-element-59634473 e-flex e-con-boxed e-con e-parent\" data-id=\"59634473\" data-element_type=\"container\" data-e-type=\"container\">\n\t\t\t\t\t<div class=\"e-con-inner\">\n\t\t\t\t<div class=\"elementor-element elementor-element-296b31e1 elementor-widget elementor-widget-text-editor\" data-id=\"296b31e1\" data-element_type=\"widget\" data-e-type=\"widget\" data-widget_type=\"text-editor.default\">\n\t\t\t\t<div class=\"elementor-widget-container\">\n\t\t\t\t\t\t\t\t\t<h3>Weitere Informationen:<\/h3><p>Dr. Martin K\u00f6ppel, Initiative \u201cBayernwind\u201d,<a href=\"mailto:martin.koeppel@protect-the-planet.de\"> martin.koeppel@protect-the-planet.de<\/a><\/p><p>Pressefotos der PR-Aktion \u201cBayernwind\u201d <a href=\"http:\/\/www.wind-rat.de\/bayernwind\/sharepics\">www.wind-rat.de\/bayernwind\/sharepics<\/a><\/p><p><strong>Weitere Hintergrund-Informationen und Recherche-Links<\/strong><\/p><p>Webseite Initiative \u201cBayernwind\u201d: <a href=\"https:\/\/wind-rat.de\/bayernwind\/\">https:\/\/wind-rat.de\/bayernwind\/<\/a> und Link zur Pressemappe der Kampagne<\/p><p>Anzahl errichteter Windr\u00e4der: <a href=\"https:\/\/de.statista.com\/statistik\/daten\/studie\/28315\/umfrage\/anzahl-der-%20windenergieanlagen-in-bayern-seit-1989\/\">https:\/\/de.statista.com\/statistik\/daten\/studie\/28315\/umfrage\/anzahl-der- windenergieanlagen-in-bayern-seit-1989\/<\/a><\/p><p>Bewertung der Zubauziele durch den Verband der Bayerischen Energiewirtschaft: <a href=\"https:\/\/www.vbew.de\/energie\/klimaneutrales-bayern-2040\">https:\/\/www.vbew.de\/energie\/klimaneutrales-bayern-2040<\/a> und<\/p><p>Vergleich der Windausbauleistungen zu anderen Landkreisen in Deutschland: <a href=\"https:\/\/www.windbranche.de\/windenergie-ausbau\/kreise\">https:\/\/www.windbranche.de\/windenergie-ausbau\/kreise<\/a><\/p><p>Lokale Akzeptanz f\u00fcr den Ausbau von Windkraft in Bayern\/repr\u00e4sentative Untersuchungsergebnisse der Initiative klimaneutrales Deutschland:<br \/><a href=\"https:\/\/initiative-klimaneutral.de\/presse\/akzeptanz-fuer-windenergie-in-bayern\">https:\/\/initiative-klimaneutral.de\/presse\/akzeptanz-fuer-windenergie-in-bayern<\/a><\/p><p>Klimaziele der Bayerischen Staatsregierung:<br \/><a href=\"http:\/\/www.gesetze-bayern.de\/Content\/Document\/BayKlimaG-2\">www.gesetze-bayern.de\/Content\/Document\/BayKlimaG-2<\/a><\/p><p>Ausbauziele Windenergie der Bayerischen Staatsregierung (Punkt 12): <a href=\"https:\/\/www.bayern.de\/bericht-aus-der-kabinettssitzung-vom-17-mai-2022\/\">https:\/\/www.bayern.de\/bericht-aus-der-kabinettssitzung-vom-17-mai-2022\/<\/a><\/p><p>Bayerischer Energie-Atlas<br \/><a href=\"https:\/\/www.energieatlas.bayern.de\/thema_wind\/windenergie_wissen\/daten\">https:\/\/www.energieatlas.bayern.de\/thema_wind\/windenergie_wissen\/daten<\/a><\/p><p>Bundesverband WindEnergie\/Landesverband Bayern<br \/><a href=\"https:\/\/www.wind-energie.de\/verband\/lvs\/bayern\/\">https:\/\/www.wind-energie.de\/verband\/lvs\/bayern\/<\/a><\/p><p>Unternehmerbefragung und Studie Institut der Deutschen Wirtschaft<br \/><a href=\"https:\/\/epico.org\/de\/studie-standortvorteil\">https:\/\/epico.org\/de\/studie-standortvorteil<\/a><\/p><p><strong>Meldung in \u00fcberregionalen Medien zu Bayernwind (vgl. Text oben)<\/strong><\/p><p>SZ-Artikel <a href=\"https:\/\/www.sueddeutsche.de\/bayern\/bayern-windkraft-csu-initiative-unternehmen-kommentar-1.6041832\">https:\/\/www.sueddeutsche.de\/bayern\/bayern-windkraft-csu-initiative-unternehmen-kommentar-1.6041832<\/a><\/p><p>M\u00fcnchner Runde im BR zum Thema <a href=\"https:\/\/www.ardmediathek.de\/video\/muenchner-runde\/bayerns-wirtschaft-unter-druck-was-wird-aus-wohlstand-jobs-und-wachstum\/br-fernsehen\/Y3JpZDovL2JyLmRlL3ZpZGVvL2FiMjE5NmFlLWU0YjgtNDE1MC05OTkyLTk1NzYwYzMxNGE1Zg\">https:\/\/www.ardmediathek.de\/video\/muenchner-runde\/bayerns-wirtschaft-unter-druck-was-wird-aus-wohlstand-jobs-und-wachstum\/br-fernsehen\/Y3JpZDovL2JyLmRlL3ZpZGVvL2FiMjE5NmFlLWU0YjgtNDE1MC05OTkyLTk1NzYwYzMxNGE1Zg<\/a><\/p><p><span data-ccp-props=\"{&quot;134233117&quot;:true,&quot;134233118&quot;:true}\">\u00a0<\/span><\/p>\t\t\t\t\t\t\t\t<\/div>\n\t\t\t\t<\/div>\n\t\t\t\t\t<\/div>\n\t\t\t\t<\/div>\n\t\t\t\t<\/div>\n\t\t","protected":false},"excerpt":{"rendered":"<p>Bayern ist immer noch trauriges Schlusslicht in Sachen Windenergie. Das muss sich \u00e4ndern! Im Oktober stehen die Landtagswahlen vor der T\u00fcr und das nehmen wir als Anlass, um der Windkraft hier nochmal einen ordentlichen Booster zu geben.\u00a0Denn die Windenergie ist DER zentrale Baustein f\u00fcr das Gelingen der Energiewende auf dem Weg hinzu einer zukunftsf\u00e4higen Energieversorgung.<\/p>\n","protected":false},"author":5,"featured_media":21802,"comment_status":"open","ping_status":"open","sticky":false,"template":"","format":"standard","meta":{"footnotes":""},"categories":[729,730],"tags":[776,747,777,778,754,755,779],"class_list":["post-22664","post","type-post","status-publish","format-standard","has-post-thumbnail","hentry","category-news","category-pressemitteilungen-en","tag-bayern-en","tag-bayernwind-en","tag-soeder-en","tag-unternehmen-en","tag-windenergie-en","tag-windkraft-en","tag-windrat-en"],"yoast_head":"<!-- This site is optimized with the Yoast SEO plugin v27.5 - https:\/\/yoast.com\/product\/yoast-seo-wordpress\/ -->\n<title>Klartext f\u00fcr mehr Wind in Bayern statt S\u00f6der-Style mit vertuschenden Antworten - Protect the Planet<\/title>\n<meta name=\"description\" content=\"Bayern ist trauriges Schlusslicht in Sachen Windenergie. Vor den Landtagswahlen wollen wir der Windkraft einen ordentlichen Booster geben.\" \/>\n<meta name=\"robots\" content=\"index, follow, max-snippet:-1, max-image-preview:large, max-video-preview:-1\" \/>\n<link rel=\"canonical\" href=\"https:\/\/www.protect-the-planet.de\/en\/2023_08_03-bayernwind-klartext-statt-soederstyle\/\" \/>\n<meta property=\"og:locale\" content=\"en_US\" \/>\n<meta property=\"og:type\" content=\"article\" \/>\n<meta property=\"og:title\" content=\"Klartext f\u00fcr mehr Wind in Bayern statt S\u00f6der-Style mit vertuschenden Antworten - Protect the Planet\" \/>\n<meta property=\"og:description\" content=\"Bayern ist trauriges Schlusslicht in Sachen Windenergie. Vor den Landtagswahlen wollen wir der Windkraft einen ordentlichen Booster geben.\" \/>\n<meta property=\"og:url\" content=\"https:\/\/www.protect-the-planet.de\/en\/2023_08_03-bayernwind-klartext-statt-soederstyle\/\" \/>\n<meta property=\"og:site_name\" content=\"Protect the Planet\" \/>\n<meta property=\"article:publisher\" content=\"https:\/\/www.facebook.com\/protecttheplanetDE\/\" \/>\n<meta property=\"article:published_time\" content=\"2023-08-03T13:02:21+00:00\" \/>\n<meta property=\"og:image\" content=\"https:\/\/www.protect-the-planet.de\/wp-content\/uploads\/2023\/08\/beitragsbild-soeder-style.png\" \/>\n\t<meta property=\"og:image:width\" content=\"800\" \/>\n\t<meta property=\"og:image:height\" content=\"500\" \/>\n\t<meta property=\"og:image:type\" content=\"image\/png\" \/>\n<meta name=\"author\" content=\"Markus Raschke\" \/>\n<meta name=\"twitter:card\" content=\"summary_large_image\" \/>\n<meta name=\"twitter:creator\" content=\"@PtP_de\" \/>\n<meta name=\"twitter:site\" content=\"@PtP_de\" \/>\n<meta name=\"twitter:label1\" content=\"Written by\" \/>\n\t<meta name=\"twitter:data1\" content=\"Markus Raschke\" \/>\n\t<meta name=\"twitter:label2\" content=\"Est. reading time\" \/>\n\t<meta name=\"twitter:data2\" content=\"3 minutes\" \/>\n<script type=\"application\/ld+json\" class=\"yoast-schema-graph\">{\"@context\":\"https:\\\/\\\/schema.org\",\"@graph\":[{\"@type\":\"Article\",\"@id\":\"https:\\\/\\\/www.protect-the-planet.de\\\/en\\\/2023_08_03-bayernwind-klartext-statt-soederstyle\\\/#article\",\"isPartOf\":{\"@id\":\"https:\\\/\\\/www.protect-the-planet.de\\\/en\\\/2023_08_03-bayernwind-klartext-statt-soederstyle\\\/\"},\"author\":{\"name\":\"Markus Raschke\",\"@id\":\"https:\\\/\\\/www.protect-the-planet.de\\\/en\\\/#\\\/schema\\\/person\\\/2938106dc0af5691b82b52a1b3f39b0b\"},\"headline\":\"Klartext f\u00fcr mehr Wind in Bayern statt S\u00f6der-Style mit vertuschenden Antworten\",\"datePublished\":\"2023-08-03T13:02:21+00:00\",\"mainEntityOfPage\":{\"@id\":\"https:\\\/\\\/www.protect-the-planet.de\\\/en\\\/2023_08_03-bayernwind-klartext-statt-soederstyle\\\/\"},\"wordCount\":536,\"commentCount\":0,\"publisher\":{\"@id\":\"https:\\\/\\\/www.protect-the-planet.de\\\/en\\\/#organization\"},\"image\":{\"@id\":\"https:\\\/\\\/www.protect-the-planet.de\\\/en\\\/2023_08_03-bayernwind-klartext-statt-soederstyle\\\/#primaryimage\"},\"thumbnailUrl\":\"https:\\\/\\\/www.protect-the-planet.de\\\/wp-content\\\/uploads\\\/2023\\\/08\\\/beitragsbild-soeder-style.png\",\"keywords\":[\"Bayern\",\"bayernwind\",\"S\u00f6der\",\"unternehmen\",\"Windenergie\",\"Windkraft\",\"WindRat\"],\"articleSection\":[\"News\",\"Pressemitteilungen\"],\"inLanguage\":\"en-US\",\"potentialAction\":[{\"@type\":\"CommentAction\",\"name\":\"Comment\",\"target\":[\"https:\\\/\\\/www.protect-the-planet.de\\\/en\\\/2023_08_03-bayernwind-klartext-statt-soederstyle\\\/#respond\"]}]},{\"@type\":\"WebPage\",\"@id\":\"https:\\\/\\\/www.protect-the-planet.de\\\/en\\\/2023_08_03-bayernwind-klartext-statt-soederstyle\\\/\",\"url\":\"https:\\\/\\\/www.protect-the-planet.de\\\/en\\\/2023_08_03-bayernwind-klartext-statt-soederstyle\\\/\",\"name\":\"Klartext f\u00fcr mehr Wind in Bayern statt S\u00f6der-Style mit vertuschenden Antworten - Protect the Planet\",\"isPartOf\":{\"@id\":\"https:\\\/\\\/www.protect-the-planet.de\\\/en\\\/#website\"},\"primaryImageOfPage\":{\"@id\":\"https:\\\/\\\/www.protect-the-planet.de\\\/en\\\/2023_08_03-bayernwind-klartext-statt-soederstyle\\\/#primaryimage\"},\"image\":{\"@id\":\"https:\\\/\\\/www.protect-the-planet.de\\\/en\\\/2023_08_03-bayernwind-klartext-statt-soederstyle\\\/#primaryimage\"},\"thumbnailUrl\":\"https:\\\/\\\/www.protect-the-planet.de\\\/wp-content\\\/uploads\\\/2023\\\/08\\\/beitragsbild-soeder-style.png\",\"datePublished\":\"2023-08-03T13:02:21+00:00\",\"description\":\"Bayern ist trauriges Schlusslicht in Sachen Windenergie. Vor den Landtagswahlen wollen wir der Windkraft einen ordentlichen Booster geben.\",\"breadcrumb\":{\"@id\":\"https:\\\/\\\/www.protect-the-planet.de\\\/en\\\/2023_08_03-bayernwind-klartext-statt-soederstyle\\\/#breadcrumb\"},\"inLanguage\":\"en-US\",\"potentialAction\":[{\"@type\":\"ReadAction\",\"target\":[\"https:\\\/\\\/www.protect-the-planet.de\\\/en\\\/2023_08_03-bayernwind-klartext-statt-soederstyle\\\/\"]}]},{\"@type\":\"ImageObject\",\"inLanguage\":\"en-US\",\"@id\":\"https:\\\/\\\/www.protect-the-planet.de\\\/en\\\/2023_08_03-bayernwind-klartext-statt-soederstyle\\\/#primaryimage\",\"url\":\"https:\\\/\\\/www.protect-the-planet.de\\\/wp-content\\\/uploads\\\/2023\\\/08\\\/beitragsbild-soeder-style.png\",\"contentUrl\":\"https:\\\/\\\/www.protect-the-planet.de\\\/wp-content\\\/uploads\\\/2023\\\/08\\\/beitragsbild-soeder-style.png\",\"width\":800,\"height\":500,\"caption\":\"NEWS Zitat Dorothea Sick-Thies zu Windausbau\"},{\"@type\":\"BreadcrumbList\",\"@id\":\"https:\\\/\\\/www.protect-the-planet.de\\\/en\\\/2023_08_03-bayernwind-klartext-statt-soederstyle\\\/#breadcrumb\",\"itemListElement\":[{\"@type\":\"ListItem\",\"position\":1,\"name\":\"Startseite\",\"item\":\"https:\\\/\\\/www.protect-the-planet.de\\\/en\\\/home\\\/\"},{\"@type\":\"ListItem\",\"position\":2,\"name\":\"Klartext f\u00fcr mehr Wind in Bayern statt S\u00f6der-Style mit vertuschenden Antworten\"}]},{\"@type\":\"WebSite\",\"@id\":\"https:\\\/\\\/www.protect-the-planet.de\\\/en\\\/#website\",\"url\":\"https:\\\/\\\/www.protect-the-planet.de\\\/en\\\/\",\"name\":\"Protect the Planet\",\"description\":\"If we don&#039;t change, the climate will.\",\"publisher\":{\"@id\":\"https:\\\/\\\/www.protect-the-planet.de\\\/en\\\/#organization\"},\"alternateName\":\"Protect the Panet gGmbH\",\"potentialAction\":[{\"@type\":\"SearchAction\",\"target\":{\"@type\":\"EntryPoint\",\"urlTemplate\":\"https:\\\/\\\/www.protect-the-planet.de\\\/en\\\/?s={search_term_string}\"},\"query-input\":{\"@type\":\"PropertyValueSpecification\",\"valueRequired\":true,\"valueName\":\"search_term_string\"}}],\"inLanguage\":\"en-US\"},{\"@type\":\"Organization\",\"@id\":\"https:\\\/\\\/www.protect-the-planet.de\\\/en\\\/#organization\",\"name\":\"Protect the Planet\",\"url\":\"https:\\\/\\\/www.protect-the-planet.de\\\/en\\\/\",\"logo\":{\"@type\":\"ImageObject\",\"inLanguage\":\"en-US\",\"@id\":\"https:\\\/\\\/www.protect-the-planet.de\\\/en\\\/#\\\/schema\\\/logo\\\/image\\\/\",\"url\":\"https:\\\/\\\/www.protect-the-planet.de\\\/wp-content\\\/uploads\\\/2023\\\/09\\\/LOGO-positiv_transparent-klein.png\",\"contentUrl\":\"https:\\\/\\\/www.protect-the-planet.de\\\/wp-content\\\/uploads\\\/2023\\\/09\\\/LOGO-positiv_transparent-klein.png\",\"width\":123,\"height\":68,\"caption\":\"Protect the Planet\"},\"image\":{\"@id\":\"https:\\\/\\\/www.protect-the-planet.de\\\/en\\\/#\\\/schema\\\/logo\\\/image\\\/\"},\"sameAs\":[\"https:\\\/\\\/www.facebook.com\\\/protecttheplanetDE\\\/\",\"https:\\\/\\\/x.com\\\/PtP_de\",\"https:\\\/\\\/www.instagram.com\\\/protecttheplanetorg\\\/\",\"https:\\\/\\\/www.linkedin.com\\\/company\\\/protect-the-planet\",\"https:\\\/\\\/www.youtube.com\\\/@protecttheplanet\"]},{\"@type\":\"Person\",\"@id\":\"https:\\\/\\\/www.protect-the-planet.de\\\/en\\\/#\\\/schema\\\/person\\\/2938106dc0af5691b82b52a1b3f39b0b\",\"name\":\"Markus Raschke\",\"image\":{\"@type\":\"ImageObject\",\"inLanguage\":\"en-US\",\"@id\":\"https:\\\/\\\/www.protect-the-planet.de\\\/wp-content\\\/uploads\\\/2023\\\/06\\\/cropped-Gruppe-9@2x-96x96.png\",\"url\":\"https:\\\/\\\/www.protect-the-planet.de\\\/wp-content\\\/uploads\\\/2023\\\/06\\\/cropped-Gruppe-9@2x-96x96.png\",\"contentUrl\":\"https:\\\/\\\/www.protect-the-planet.de\\\/wp-content\\\/uploads\\\/2023\\\/06\\\/cropped-Gruppe-9@2x-96x96.png\",\"caption\":\"Markus Raschke\"},\"description\":\"markus.raschke@protect-the-planet.de +49 160 930 54 965\",\"url\":\"https:\\\/\\\/www.protect-the-planet.de\\\/en\\\/author\\\/raschke\\\/\"}]}<\/script>\n<!-- \/ Yoast SEO plugin. -->","yoast_head_json":{"title":"Klartext f\u00fcr mehr Wind in Bayern statt S\u00f6der-Style mit vertuschenden Antworten - Protect the Planet","description":"Bayern ist trauriges Schlusslicht in Sachen Windenergie. Vor den Landtagswahlen wollen wir der Windkraft einen ordentlichen Booster geben.","robots":{"index":"index","follow":"follow","max-snippet":"max-snippet:-1","max-image-preview":"max-image-preview:large","max-video-preview":"max-video-preview:-1"},"canonical":"https:\/\/www.protect-the-planet.de\/en\/2023_08_03-bayernwind-klartext-statt-soederstyle\/","og_locale":"en_US","og_type":"article","og_title":"Klartext f\u00fcr mehr Wind in Bayern statt S\u00f6der-Style mit vertuschenden Antworten - Protect the Planet","og_description":"Bayern ist trauriges Schlusslicht in Sachen Windenergie. Vor den Landtagswahlen wollen wir der Windkraft einen ordentlichen Booster geben.","og_url":"https:\/\/www.protect-the-planet.de\/en\/2023_08_03-bayernwind-klartext-statt-soederstyle\/","og_site_name":"Protect the Planet","article_publisher":"https:\/\/www.facebook.com\/protecttheplanetDE\/","article_published_time":"2023-08-03T13:02:21+00:00","og_image":[{"width":800,"height":500,"url":"https:\/\/www.protect-the-planet.de\/wp-content\/uploads\/2023\/08\/beitragsbild-soeder-style.png","type":"image\/png"}],"author":"Markus Raschke","twitter_card":"summary_large_image","twitter_creator":"@PtP_de","twitter_site":"@PtP_de","twitter_misc":{"Written by":"Markus Raschke","Est. reading time":"3 minutes"},"schema":{"@context":"https:\/\/schema.org","@graph":[{"@type":"Article","@id":"https:\/\/www.protect-the-planet.de\/en\/2023_08_03-bayernwind-klartext-statt-soederstyle\/#article","isPartOf":{"@id":"https:\/\/www.protect-the-planet.de\/en\/2023_08_03-bayernwind-klartext-statt-soederstyle\/"},"author":{"name":"Markus Raschke","@id":"https:\/\/www.protect-the-planet.de\/en\/#\/schema\/person\/2938106dc0af5691b82b52a1b3f39b0b"},"headline":"Klartext f\u00fcr mehr Wind in Bayern statt S\u00f6der-Style mit vertuschenden Antworten","datePublished":"2023-08-03T13:02:21+00:00","mainEntityOfPage":{"@id":"https:\/\/www.protect-the-planet.de\/en\/2023_08_03-bayernwind-klartext-statt-soederstyle\/"},"wordCount":536,"commentCount":0,"publisher":{"@id":"https:\/\/www.protect-the-planet.de\/en\/#organization"},"image":{"@id":"https:\/\/www.protect-the-planet.de\/en\/2023_08_03-bayernwind-klartext-statt-soederstyle\/#primaryimage"},"thumbnailUrl":"https:\/\/www.protect-the-planet.de\/wp-content\/uploads\/2023\/08\/beitragsbild-soeder-style.png","keywords":["Bayern","bayernwind","S\u00f6der","unternehmen","Windenergie","Windkraft","WindRat"],"articleSection":["News","Pressemitteilungen"],"inLanguage":"en-US","potentialAction":[{"@type":"CommentAction","name":"Comment","target":["https:\/\/www.protect-the-planet.de\/en\/2023_08_03-bayernwind-klartext-statt-soederstyle\/#respond"]}]},{"@type":"WebPage","@id":"https:\/\/www.protect-the-planet.de\/en\/2023_08_03-bayernwind-klartext-statt-soederstyle\/","url":"https:\/\/www.protect-the-planet.de\/en\/2023_08_03-bayernwind-klartext-statt-soederstyle\/","name":"Klartext f\u00fcr mehr Wind in Bayern statt S\u00f6der-Style mit vertuschenden Antworten - Protect the Planet","isPartOf":{"@id":"https:\/\/www.protect-the-planet.de\/en\/#website"},"primaryImageOfPage":{"@id":"https:\/\/www.protect-the-planet.de\/en\/2023_08_03-bayernwind-klartext-statt-soederstyle\/#primaryimage"},"image":{"@id":"https:\/\/www.protect-the-planet.de\/en\/2023_08_03-bayernwind-klartext-statt-soederstyle\/#primaryimage"},"thumbnailUrl":"https:\/\/www.protect-the-planet.de\/wp-content\/uploads\/2023\/08\/beitragsbild-soeder-style.png","datePublished":"2023-08-03T13:02:21+00:00","description":"Bayern ist trauriges Schlusslicht in Sachen Windenergie. Vor den Landtagswahlen wollen wir der Windkraft einen ordentlichen Booster geben.","breadcrumb":{"@id":"https:\/\/www.protect-the-planet.de\/en\/2023_08_03-bayernwind-klartext-statt-soederstyle\/#breadcrumb"},"inLanguage":"en-US","potentialAction":[{"@type":"ReadAction","target":["https:\/\/www.protect-the-planet.de\/en\/2023_08_03-bayernwind-klartext-statt-soederstyle\/"]}]},{"@type":"ImageObject","inLanguage":"en-US","@id":"https:\/\/www.protect-the-planet.de\/en\/2023_08_03-bayernwind-klartext-statt-soederstyle\/#primaryimage","url":"https:\/\/www.protect-the-planet.de\/wp-content\/uploads\/2023\/08\/beitragsbild-soeder-style.png","contentUrl":"https:\/\/www.protect-the-planet.de\/wp-content\/uploads\/2023\/08\/beitragsbild-soeder-style.png","width":800,"height":500,"caption":"NEWS Zitat Dorothea Sick-Thies zu Windausbau"},{"@type":"BreadcrumbList","@id":"https:\/\/www.protect-the-planet.de\/en\/2023_08_03-bayernwind-klartext-statt-soederstyle\/#breadcrumb","itemListElement":[{"@type":"ListItem","position":1,"name":"Startseite","item":"https:\/\/www.protect-the-planet.de\/en\/home\/"},{"@type":"ListItem","position":2,"name":"Klartext f\u00fcr mehr Wind in Bayern statt S\u00f6der-Style mit vertuschenden Antworten"}]},{"@type":"WebSite","@id":"https:\/\/www.protect-the-planet.de\/en\/#website","url":"https:\/\/www.protect-the-planet.de\/en\/","name":"Protect the Planet","description":"If we don&#039;t change, the climate will.","publisher":{"@id":"https:\/\/www.protect-the-planet.de\/en\/#organization"},"alternateName":"Protect the Panet gGmbH","potentialAction":[{"@type":"SearchAction","target":{"@type":"EntryPoint","urlTemplate":"https:\/\/www.protect-the-planet.de\/en\/?s={search_term_string}"},"query-input":{"@type":"PropertyValueSpecification","valueRequired":true,"valueName":"search_term_string"}}],"inLanguage":"en-US"},{"@type":"Organization","@id":"https:\/\/www.protect-the-planet.de\/en\/#organization","name":"Protect the Planet","url":"https:\/\/www.protect-the-planet.de\/en\/","logo":{"@type":"ImageObject","inLanguage":"en-US","@id":"https:\/\/www.protect-the-planet.de\/en\/#\/schema\/logo\/image\/","url":"https:\/\/www.protect-the-planet.de\/wp-content\/uploads\/2023\/09\/LOGO-positiv_transparent-klein.png","contentUrl":"https:\/\/www.protect-the-planet.de\/wp-content\/uploads\/2023\/09\/LOGO-positiv_transparent-klein.png","width":123,"height":68,"caption":"Protect the Planet"},"image":{"@id":"https:\/\/www.protect-the-planet.de\/en\/#\/schema\/logo\/image\/"},"sameAs":["https:\/\/www.facebook.com\/protecttheplanetDE\/","https:\/\/x.com\/PtP_de","https:\/\/www.instagram.com\/protecttheplanetorg\/","https:\/\/www.linkedin.com\/company\/protect-the-planet","https:\/\/www.youtube.com\/@protecttheplanet"]},{"@type":"Person","@id":"https:\/\/www.protect-the-planet.de\/en\/#\/schema\/person\/2938106dc0af5691b82b52a1b3f39b0b","name":"Markus Raschke","image":{"@type":"ImageObject","inLanguage":"en-US","@id":"https:\/\/www.protect-the-planet.de\/wp-content\/uploads\/2023\/06\/cropped-Gruppe-9@2x-96x96.png","url":"https:\/\/www.protect-the-planet.de\/wp-content\/uploads\/2023\/06\/cropped-Gruppe-9@2x-96x96.png","contentUrl":"https:\/\/www.protect-the-planet.de\/wp-content\/uploads\/2023\/06\/cropped-Gruppe-9@2x-96x96.png","caption":"Markus Raschke"},"description":"markus.raschke@protect-the-planet.de +49 160 930 54 965","url":"https:\/\/www.protect-the-planet.de\/en\/author\/raschke\/"}]}},"_links":{"self":[{"href":"https:\/\/www.protect-the-planet.de\/en\/wp-json\/wp\/v2\/posts\/22664","targetHints":{"allow":["GET"]}}],"collection":[{"href":"https:\/\/www.protect-the-planet.de\/en\/wp-json\/wp\/v2\/posts"}],"about":[{"href":"https:\/\/www.protect-the-planet.de\/en\/wp-json\/wp\/v2\/types\/post"}],"author":[{"embeddable":true,"href":"https:\/\/www.protect-the-planet.de\/en\/wp-json\/wp\/v2\/users\/5"}],"replies":[{"embeddable":true,"href":"https:\/\/www.protect-the-planet.de\/en\/wp-json\/wp\/v2\/comments?post=22664"}],"version-history":[{"count":0,"href":"https:\/\/www.protect-the-planet.de\/en\/wp-json\/wp\/v2\/posts\/22664\/revisions"}],"wp:featuredmedia":[{"embeddable":true,"href":"https:\/\/www.protect-the-planet.de\/en\/wp-json\/wp\/v2\/media\/21802"}],"wp:attachment":[{"href":"https:\/\/www.protect-the-planet.de\/en\/wp-json\/wp\/v2\/media?parent=22664"}],"wp:term":[{"taxonomy":"category","embeddable":true,"href":"https:\/\/www.protect-the-planet.de\/en\/wp-json\/wp\/v2\/categories?post=22664"},{"taxonomy":"post_tag","embeddable":true,"href":"https:\/\/www.protect-the-planet.de\/en\/wp-json\/wp\/v2\/tags?post=22664"}],"curies":[{"name":"wp","href":"https:\/\/api.w.org\/{rel}","templated":true}]}}