{"id":22662,"date":"2023-09-06T08:31:00","date_gmt":"2023-09-06T06:31:00","guid":{"rendered":"https:\/\/www.protect-the-planet.de\/protect-the-planet-mit-podiums-diskussion-auf-der-iaa-vertreten\/"},"modified":"2024-04-17T10:16:45","modified_gmt":"2024-04-17T08:16:45","slug":"protect-the-planet-mit-podiums-diskussion-auf-der-iaa-vertreten","status":"publish","type":"post","link":"https:\/\/www.protect-the-planet.de\/en\/protect-the-planet-mit-podiums-diskussion-auf-der-iaa-vertreten\/","title":{"rendered":"Protect the Planet mit Podiums-Diskussion auf der IAA vertreten!"},"content":{"rendered":"\t\t<div data-elementor-type=\"wp-post\" data-elementor-id=\"22662\" class=\"elementor elementor-22662 elementor-19776\" data-elementor-post-type=\"post\">\n\t\t\t\t\t\t<section class=\"elementor-section elementor-top-section elementor-element elementor-element-5f17ed10 elementor-section-boxed elementor-section-height-default elementor-section-height-default\" data-id=\"5f17ed10\" data-element_type=\"section\" data-e-type=\"section\">\n\t\t\t\t\t\t<div class=\"elementor-container elementor-column-gap-default\">\n\t\t\t\t\t<div class=\"elementor-column elementor-col-100 elementor-top-column elementor-element elementor-element-6980e660\" data-id=\"6980e660\" data-element_type=\"column\" data-e-type=\"column\">\n\t\t\t<div class=\"elementor-widget-wrap elementor-element-populated\">\n\t\t\t\t\t\t<div class=\"elementor-element elementor-element-5577457d elementor-widget elementor-widget-text-editor\" data-id=\"5577457d\" data-element_type=\"widget\" data-e-type=\"widget\" data-widget_type=\"text-editor.default\">\n\t\t\t\t<div class=\"elementor-widget-container\">\n\t\t\t\t\t\t\t\t\t<div class=\"css-1dbjc4n\"><div class=\"css-1dbjc4n r-1s2bzr4\"><p>Im Rahmen der Internationalen Automobilausstellung (IAA) in M\u00fcnchen kuratierte Protect the Planet im \u201eCitizen Lab\u201c am M\u00fcnchner Marienplatz eine spannende Podiumsdiskussion zum Thema \u201eTempolimit \u2013 Wie scheiden sich die Geister\u2026\u201c mit interessanten Teilnehmer*innen und gro\u00dfem Publikumszuspruch, moderiert von TV-Moderator Fero Andersen.<\/p><p>Aus verschiedenen Perspektiven wurden dabei die Vor- und Nachteile eines Tempolimits und dessen Umsetzung auf deutschen Stra\u00dfen diskutiert. Neben dem Thema Emissionen (Treibhausgase, L\u00e4rm) waren dabei auch die Themen Sicherheit und soziale Aspekte wichtige Diskussionspunkte.<\/p><p>Aus der Sicht des ADAC S\u00fcdbayern e.V., vertreten durch den Leiter Verkehrspolitik Herrn Stefan Gerwens, zeichnet sich derzeit eine nachhaltige Meinungsverschiebung innerhalb der rd. 21 Mio. Mitglieder ab in Richtung Bef\u00fcrwortung eines Tempolimits, v.a. auf den Autobahnen. Dr. Stefan Hell, Unfallforscher an der LMU M\u00fcnchen, pl\u00e4dierte f\u00fcr entsprechende Ma\u00dfnahmen v.a. auf deutschen Landstra\u00dfen. Verschiedenste Studien und Untersuchungen zeigten, dass dadurch die Zahl der Verkehrstoten und der schweren Unf\u00e4lle gesenkt werden k\u00f6nne. Laura-Marie Geissler, Rennfahrerin im Porsche-Cup, konnte interessante Aspekte aus ihrer beruflichen Erfahrung miteinbringen, die deutlich zeigten, dass ein Tempolimit auf deutschen Stra\u00dfen umgesetzt werden sollte.<\/p><\/div><p><img fetchpriority=\"high\" decoding=\"async\" class=\"alignnone wp-image-19778\" src=\"https:\/\/www.protect-the-planet.de\/wp-content\/uploads\/2023\/09\/IMG_1774-300x225.jpg\" alt=\"\" width=\"635\" height=\"476\" srcset=\"https:\/\/www.protect-the-planet.de\/wp-content\/uploads\/2023\/09\/IMG_1774-300x225.jpg 300w, https:\/\/www.protect-the-planet.de\/wp-content\/uploads\/2023\/09\/IMG_1774-1024x768.jpg 1024w, https:\/\/www.protect-the-planet.de\/wp-content\/uploads\/2023\/09\/IMG_1774-768x576.jpg 768w, https:\/\/www.protect-the-planet.de\/wp-content\/uploads\/2023\/09\/IMG_1774-1536x1152.jpg 1536w, https:\/\/www.protect-the-planet.de\/wp-content\/uploads\/2023\/09\/IMG_1774-2048x1536.jpg 2048w, https:\/\/www.protect-the-planet.de\/wp-content\/uploads\/2023\/09\/IMG_1774-1320x990.jpg 1320w\" sizes=\"(max-width: 635px) 100vw, 635px\" \/><\/p><p><img decoding=\"async\" class=\"alignnone wp-image-19779\" src=\"https:\/\/www.protect-the-planet.de\/wp-content\/uploads\/2023\/09\/IMG_1775-300x225.jpg\" alt=\"\" width=\"619\" height=\"464\" srcset=\"https:\/\/www.protect-the-planet.de\/wp-content\/uploads\/2023\/09\/IMG_1775-300x225.jpg 300w, https:\/\/www.protect-the-planet.de\/wp-content\/uploads\/2023\/09\/IMG_1775-1024x768.jpg 1024w, https:\/\/www.protect-the-planet.de\/wp-content\/uploads\/2023\/09\/IMG_1775-768x576.jpg 768w, https:\/\/www.protect-the-planet.de\/wp-content\/uploads\/2023\/09\/IMG_1775-1536x1152.jpg 1536w, https:\/\/www.protect-the-planet.de\/wp-content\/uploads\/2023\/09\/IMG_1775-2048x1536.jpg 2048w, https:\/\/www.protect-the-planet.de\/wp-content\/uploads\/2023\/09\/IMG_1775-1320x990.jpg 1320w\" sizes=\"(max-width: 619px) 100vw, 619px\" \/><\/p><\/div>\t\t\t\t\t\t\t\t<\/div>\n\t\t\t\t<\/div>\n\t\t\t\t\t<\/div>\n\t\t<\/div>\n\t\t\t\t\t<\/div>\n\t\t<\/section>\n\t\t<div class=\"elementor-element elementor-element-cecdcb4 e-flex e-con-boxed e-con e-parent\" data-id=\"cecdcb4\" data-element_type=\"container\" data-e-type=\"container\">\n\t\t\t\t\t<div class=\"e-con-inner\">\n\t\t\t\t<div class=\"elementor-element elementor-element-99487b4 elementor-widget elementor-widget-video\" data-id=\"99487b4\" data-element_type=\"widget\" data-e-type=\"widget\" data-settings=\"{&quot;youtube_url&quot;:&quot;https:\\\/\\\/www.youtube.com\\\/watch?v=B9h38WuR18M&amp;list=PL3HlQK_OKE95zvFcScv8sTGjNTnD8qSt2&amp;index=18&quot;,&quot;video_type&quot;:&quot;youtube&quot;,&quot;controls&quot;:&quot;yes&quot;}\" data-widget_type=\"video.default\">\n\t\t\t\t<div class=\"elementor-widget-container\">\n\t\t\t\t\t\t\t<div class=\"elementor-wrapper elementor-open-inline\">\n\t\t\t<div class=\"elementor-video\"> <div class=\"brlbs-cmpnt-container brlbs-cmpnt-content-blocker brlbs-cmpnt-with-individual-styles\" data-borlabs-cookie-content-blocker-id=\"youtube-content-blocker\" data-borlabs-cookie-content=\"PHNjcmlwdD4KKGZ1bmN0aW9uKCkgewogICAgbGV0IGQgPSBudWxsOwoKICAgIC8vIGlmIHdlIGFyZSBpbiBhIGxvb3AsIHdlIG5lZWQgdG8gc2VsZWN0IHRoZSBjb3JyZWN0IHZpZGVvIGVsZW1lbnQsIHNpbmNlIFdpZGdldCBJRCBvY2N1cnMgbXVsdGlwbGUgdGltZXMgb24gcGFnZQogICAgY29uc3QgZWxlbXNJbkxvb3AgPSBkb2N1bWVudC5xdWVyeVNlbGVjdG9yQWxsKCc6aXMoZGl2W2RhdGEtZWxlbWVudG9yLXR5cGU9Imxvb3AtaXRlbSJdLGRpdltkYXRhLWVsZW1lbnRvci10eXBlPSJqZXQtbGlzdGluZy1pdGVtcyJdLGRpdltkYXRhLXdpZGdldF90eXBlXj0icHJlbWl1bS1hZGRvbi10YWJzLiJdKSBkaXYuZWxlbWVudG9yLWVsZW1lbnQtOTk0ODdiNCcpOwogICAgaWYgKGVsZW1zSW5Mb29wLmxlbmd0aCA9PT0gMSkgewogICAgICAgIGQgPSBlbGVtc0luTG9vcFswXTsKICAgIH0gZWxzZSBpZiAoZWxlbXNJbkxvb3AubGVuZ3RoID4gMSkgewogICAgICAgIGlmICh0eXBlb2YgZG9jdW1lbnQuY3VycmVudFNjcmlwdCA9PT0gJ3VuZGVmaW5lZCcgfHwgZG9jdW1lbnQuY3VycmVudFNjcmlwdCA9PSBudWxsKSB7CiAgICAgICAgICAgIHJldHVybjsKICAgICAgICB9CiAgICAgICAgY29uc3QgdG1wVmlkZW9XaWRnZXQgPSBkb2N1bWVudC5jdXJyZW50U2NyaXB0LmNsb3Nlc3QoJ1tkYXRhLXdpZGdldF90eXBlPSJicmxic192aWRlby5kZWZhdWx0Il0nKTsKICAgICAgICBpZiAodG1wVmlkZW9XaWRnZXQpIHsKICAgICAgICAgICAgZCA9IHRtcFZpZGVvV2lkZ2V0OwogICAgICAgIH0KICAgIH0KCiAgICBpZiAoZCA9PSBudWxsKSB7CiAgICAgICAgZCA9IGRvY3VtZW50LnF1ZXJ5U2VsZWN0b3IoJ2Rpdi5lbGVtZW50b3ItZWxlbWVudC05OTQ4N2I0Jyk7CiAgICB9CgogICAgaWYgKGQgPT0gbnVsbCkgewogICAgICAgIHJldHVybjsKICAgIH0KICAgIGQuZGF0YXNldC53aWRnZXRfdHlwZSA9IGQuZGF0YXNldC53aWRnZXRfdHlwZS5yZXBsYWNlKCdicmxic18nLCAnJyk7CiAgICBkLmRhdGFzZXQuYnJsYnNVbmJsb2NrZWQgPSAndHJ1ZSc7CgogICAgY29uc3QgaW50ZXJ2YWwgPSBzZXRJbnRlcnZhbCgoKSA9PiB7CiAgICAgICAgaWYgKHR5cGVvZiBlbGVtZW50b3JGcm9udGVuZCAhPT0gJ3VuZGVmaW5lZCcgJiYgdHlwZW9mIGVsZW1lbnRvckZyb250ZW5kLmhvb2tzICE9PSAndW5kZWZpbmVkJykgewogICAgICAgICAgICBjbGVhckludGVydmFsKGludGVydmFsKTsKICAgICAgICAgICAgZWxlbWVudG9yRnJvbnRlbmQuaG9va3MuZG9BY3Rpb24oJ2Zyb250ZW5kL2VsZW1lbnRfcmVhZHkvdmlkZW8uZGVmYXVsdCcsIGpRdWVyeShkKSwgalF1ZXJ5KQogICAgICAgIH0KICAgIH0sIDMwKQp9KSgpOwo8L3NjcmlwdD4=\"><div class=\"brlbs-cmpnt-cb-preset-c brlbs-cmpnt-cb-youtube\"> <div class=\"brlbs-cmpnt-cb-thumbnail\" style=\"background-image: url('https:\/\/www.protect-the-planet.de\/wp-content\/uploads\/borlabs-cookie\/1\/yt_B9h38WuR18M_hqdefault.jpg')\"><\/div> <div class=\"brlbs-cmpnt-cb-main\"> <div class=\"brlbs-cmpnt-cb-play-button\"><\/div> <div class=\"brlbs-cmpnt-cb-content\"> <p class=\"brlbs-cmpnt-cb-description\">You are currently viewing a placeholder content from <strong>YouTube<\/strong>. To access the actual content, click the button below. Please note that doing so will share data with third-party providers.<\/p> <a class=\"brlbs-cmpnt-cb-provider-toggle\" href=\"#\" data-borlabs-cookie-show-provider-information role=\"button\">More Information<\/a> <\/div> <div class=\"brlbs-cmpnt-cb-buttons\"> <a class=\"brlbs-cmpnt-cb-btn\" href=\"#\" data-borlabs-cookie-unblock role=\"button\">Unblock content<\/a> <a class=\"brlbs-cmpnt-cb-btn\" href=\"#\" data-borlabs-cookie-accept-service role=\"button\" style=\"display: inherit\">Accept required service and unblock content<\/a> <\/div> <\/div> <\/div><\/div><\/div>\t\t<\/div>\n\t\t\t\t\t\t<\/div>\n\t\t\t\t<\/div>\n\t\t\t\t\t<\/div>\n\t\t\t\t<\/div>\n\t\t\t\t<\/div>\n\t\t","protected":false},"excerpt":{"rendered":"<p>Im Rahmen der Internationalen Automobilausstellung (IAA) in M\u00fcnchen kuratierte PtP im \u201eCitizen Lab\u201c am M\u00fcnchner Marienplatz eine spannende Podiumsdiskussion zum Thema \u201eTempolimit \u2013 Wie scheiden sich die Geister\u2026\u201c mit interessanten Teilnehmer*innen und gro\u00dfem Publikumszuspruch, moderiert von TV-Moderator Fero Andersen.<\/p>\n","protected":false},"author":3,"featured_media":21921,"comment_status":"open","ping_status":"open","sticky":false,"template":"","format":"standard","meta":{"footnotes":""},"categories":[729],"tags":[767,758,768,753,769,770],"class_list":["post-22662","post","type-post","status-publish","format-standard","has-post-thumbnail","hentry","category-news","tag-automobilmesse-en","tag-iaa-en","tag-iaamobility-en","tag-muenchen-en","tag-podiumsdiskussion-en","tag-tempolimit-en"],"yoast_head":"<!-- This site is optimized with the Yoast SEO plugin v27.5 - https:\/\/yoast.com\/product\/yoast-seo-wordpress\/ -->\n<title>Protect the Planet mit Podiums-Diskussion auf der IAA vertreten! - Protect the Planet<\/title>\n<meta name=\"description\" content=\"In einem gemeinsamen Appell fordern wir die Bundesregierung auf, sozial gerechte Ma\u00dfnahmen zur Erreichung der Klimaziele auf den Weg zu bringen.\" \/>\n<meta name=\"robots\" content=\"index, follow, max-snippet:-1, max-image-preview:large, max-video-preview:-1\" \/>\n<link rel=\"canonical\" href=\"https:\/\/www.protect-the-planet.de\/en\/protect-the-planet-mit-podiums-diskussion-auf-der-iaa-vertreten\/\" \/>\n<meta property=\"og:locale\" content=\"en_US\" \/>\n<meta property=\"og:type\" content=\"article\" \/>\n<meta property=\"og:title\" content=\"Protect the Planet mit Podiums-Diskussion auf der IAA vertreten! - Protect the Planet\" \/>\n<meta property=\"og:description\" content=\"In einem gemeinsamen Appell fordern wir die Bundesregierung auf, sozial gerechte Ma\u00dfnahmen zur Erreichung der Klimaziele auf den Weg zu bringen.\" \/>\n<meta property=\"og:url\" content=\"https:\/\/www.protect-the-planet.de\/en\/protect-the-planet-mit-podiums-diskussion-auf-der-iaa-vertreten\/\" \/>\n<meta property=\"og:site_name\" content=\"Protect the Planet\" \/>\n<meta property=\"article:publisher\" content=\"https:\/\/www.facebook.com\/protecttheplanetDE\/\" \/>\n<meta property=\"article:published_time\" content=\"2023-09-06T06:31:00+00:00\" \/>\n<meta property=\"article:modified_time\" content=\"2024-04-17T08:16:45+00:00\" \/>\n<meta property=\"og:image\" content=\"https:\/\/www.protect-the-planet.de\/wp-content\/uploads\/2023\/09\/beitragsbild-petition-balkon-solar.png\" \/>\n\t<meta property=\"og:image:width\" content=\"800\" \/>\n\t<meta property=\"og:image:height\" content=\"500\" \/>\n\t<meta property=\"og:image:type\" content=\"image\/png\" \/>\n<meta name=\"author\" content=\"Fenja Jacobs\" \/>\n<meta name=\"twitter:card\" content=\"summary_large_image\" \/>\n<meta name=\"twitter:creator\" content=\"@PtP_de\" \/>\n<meta name=\"twitter:site\" content=\"@PtP_de\" \/>\n<meta name=\"twitter:label1\" content=\"Written by\" \/>\n\t<meta name=\"twitter:data1\" content=\"Fenja Jacobs\" \/>\n\t<meta name=\"twitter:label2\" content=\"Est. reading time\" \/>\n\t<meta name=\"twitter:data2\" content=\"3 minutes\" \/>\n<script type=\"application\/ld+json\" class=\"yoast-schema-graph\">{\"@context\":\"https:\\\/\\\/schema.org\",\"@graph\":[{\"@type\":\"Article\",\"@id\":\"https:\\\/\\\/www.protect-the-planet.de\\\/en\\\/protect-the-planet-mit-podiums-diskussion-auf-der-iaa-vertreten\\\/#article\",\"isPartOf\":{\"@id\":\"https:\\\/\\\/www.protect-the-planet.de\\\/en\\\/protect-the-planet-mit-podiums-diskussion-auf-der-iaa-vertreten\\\/\"},\"author\":{\"name\":\"Fenja Jacobs\",\"@id\":\"https:\\\/\\\/www.protect-the-planet.de\\\/en\\\/#\\\/schema\\\/person\\\/c843c153d0dd33ec584996931e438bce\"},\"headline\":\"Protect the Planet mit Podiums-Diskussion auf der IAA vertreten!\",\"datePublished\":\"2023-09-06T06:31:00+00:00\",\"dateModified\":\"2024-04-17T08:16:45+00:00\",\"mainEntityOfPage\":{\"@id\":\"https:\\\/\\\/www.protect-the-planet.de\\\/en\\\/protect-the-planet-mit-podiums-diskussion-auf-der-iaa-vertreten\\\/\"},\"wordCount\":216,\"commentCount\":0,\"publisher\":{\"@id\":\"https:\\\/\\\/www.protect-the-planet.de\\\/en\\\/#organization\"},\"image\":{\"@id\":\"https:\\\/\\\/www.protect-the-planet.de\\\/en\\\/protect-the-planet-mit-podiums-diskussion-auf-der-iaa-vertreten\\\/#primaryimage\"},\"thumbnailUrl\":\"https:\\\/\\\/www.protect-the-planet.de\\\/wp-content\\\/uploads\\\/2023\\\/09\\\/beitragsbild-petition-balkon-solar.png\",\"keywords\":[\"Automobilmesse\",\"IAA\",\"IAAMobility\",\"M\u00fcnchen\",\"Podiumsdiskussion\",\"tempolimit\"],\"articleSection\":[\"News\"],\"inLanguage\":\"en-US\",\"potentialAction\":[{\"@type\":\"CommentAction\",\"name\":\"Comment\",\"target\":[\"https:\\\/\\\/www.protect-the-planet.de\\\/en\\\/protect-the-planet-mit-podiums-diskussion-auf-der-iaa-vertreten\\\/#respond\"]}]},{\"@type\":\"WebPage\",\"@id\":\"https:\\\/\\\/www.protect-the-planet.de\\\/en\\\/protect-the-planet-mit-podiums-diskussion-auf-der-iaa-vertreten\\\/\",\"url\":\"https:\\\/\\\/www.protect-the-planet.de\\\/en\\\/protect-the-planet-mit-podiums-diskussion-auf-der-iaa-vertreten\\\/\",\"name\":\"Protect the Planet mit Podiums-Diskussion auf der IAA vertreten! - Protect the Planet\",\"isPartOf\":{\"@id\":\"https:\\\/\\\/www.protect-the-planet.de\\\/en\\\/#website\"},\"primaryImageOfPage\":{\"@id\":\"https:\\\/\\\/www.protect-the-planet.de\\\/en\\\/protect-the-planet-mit-podiums-diskussion-auf-der-iaa-vertreten\\\/#primaryimage\"},\"image\":{\"@id\":\"https:\\\/\\\/www.protect-the-planet.de\\\/en\\\/protect-the-planet-mit-podiums-diskussion-auf-der-iaa-vertreten\\\/#primaryimage\"},\"thumbnailUrl\":\"https:\\\/\\\/www.protect-the-planet.de\\\/wp-content\\\/uploads\\\/2023\\\/09\\\/beitragsbild-petition-balkon-solar.png\",\"datePublished\":\"2023-09-06T06:31:00+00:00\",\"dateModified\":\"2024-04-17T08:16:45+00:00\",\"description\":\"In einem gemeinsamen Appell fordern wir die Bundesregierung auf, sozial gerechte Ma\u00dfnahmen zur Erreichung der Klimaziele auf den Weg zu bringen.\",\"breadcrumb\":{\"@id\":\"https:\\\/\\\/www.protect-the-planet.de\\\/en\\\/protect-the-planet-mit-podiums-diskussion-auf-der-iaa-vertreten\\\/#breadcrumb\"},\"inLanguage\":\"en-US\",\"potentialAction\":[{\"@type\":\"ReadAction\",\"target\":[\"https:\\\/\\\/www.protect-the-planet.de\\\/en\\\/protect-the-planet-mit-podiums-diskussion-auf-der-iaa-vertreten\\\/\"]}]},{\"@type\":\"ImageObject\",\"inLanguage\":\"en-US\",\"@id\":\"https:\\\/\\\/www.protect-the-planet.de\\\/en\\\/protect-the-planet-mit-podiums-diskussion-auf-der-iaa-vertreten\\\/#primaryimage\",\"url\":\"https:\\\/\\\/www.protect-the-planet.de\\\/wp-content\\\/uploads\\\/2023\\\/09\\\/beitragsbild-petition-balkon-solar.png\",\"contentUrl\":\"https:\\\/\\\/www.protect-the-planet.de\\\/wp-content\\\/uploads\\\/2023\\\/09\\\/beitragsbild-petition-balkon-solar.png\",\"width\":800,\"height\":500},{\"@type\":\"BreadcrumbList\",\"@id\":\"https:\\\/\\\/www.protect-the-planet.de\\\/en\\\/protect-the-planet-mit-podiums-diskussion-auf-der-iaa-vertreten\\\/#breadcrumb\",\"itemListElement\":[{\"@type\":\"ListItem\",\"position\":1,\"name\":\"Startseite\",\"item\":\"https:\\\/\\\/www.protect-the-planet.de\\\/en\\\/home\\\/\"},{\"@type\":\"ListItem\",\"position\":2,\"name\":\"Protect the Planet mit Podiums-Diskussion auf der IAA vertreten!\"}]},{\"@type\":\"WebSite\",\"@id\":\"https:\\\/\\\/www.protect-the-planet.de\\\/en\\\/#website\",\"url\":\"https:\\\/\\\/www.protect-the-planet.de\\\/en\\\/\",\"name\":\"Protect the Planet\",\"description\":\"If we don&#039;t change, the climate will.\",\"publisher\":{\"@id\":\"https:\\\/\\\/www.protect-the-planet.de\\\/en\\\/#organization\"},\"alternateName\":\"Protect the Panet gGmbH\",\"potentialAction\":[{\"@type\":\"SearchAction\",\"target\":{\"@type\":\"EntryPoint\",\"urlTemplate\":\"https:\\\/\\\/www.protect-the-planet.de\\\/en\\\/?s={search_term_string}\"},\"query-input\":{\"@type\":\"PropertyValueSpecification\",\"valueRequired\":true,\"valueName\":\"search_term_string\"}}],\"inLanguage\":\"en-US\"},{\"@type\":\"Organization\",\"@id\":\"https:\\\/\\\/www.protect-the-planet.de\\\/en\\\/#organization\",\"name\":\"Protect the Planet\",\"url\":\"https:\\\/\\\/www.protect-the-planet.de\\\/en\\\/\",\"logo\":{\"@type\":\"ImageObject\",\"inLanguage\":\"en-US\",\"@id\":\"https:\\\/\\\/www.protect-the-planet.de\\\/en\\\/#\\\/schema\\\/logo\\\/image\\\/\",\"url\":\"https:\\\/\\\/www.protect-the-planet.de\\\/wp-content\\\/uploads\\\/2023\\\/09\\\/LOGO-positiv_transparent-klein.png\",\"contentUrl\":\"https:\\\/\\\/www.protect-the-planet.de\\\/wp-content\\\/uploads\\\/2023\\\/09\\\/LOGO-positiv_transparent-klein.png\",\"width\":123,\"height\":68,\"caption\":\"Protect the Planet\"},\"image\":{\"@id\":\"https:\\\/\\\/www.protect-the-planet.de\\\/en\\\/#\\\/schema\\\/logo\\\/image\\\/\"},\"sameAs\":[\"https:\\\/\\\/www.facebook.com\\\/protecttheplanetDE\\\/\",\"https:\\\/\\\/x.com\\\/PtP_de\",\"https:\\\/\\\/www.instagram.com\\\/protecttheplanetorg\\\/\",\"https:\\\/\\\/www.linkedin.com\\\/company\\\/protect-the-planet\",\"https:\\\/\\\/www.youtube.com\\\/@protecttheplanet\"]},{\"@type\":\"Person\",\"@id\":\"https:\\\/\\\/www.protect-the-planet.de\\\/en\\\/#\\\/schema\\\/person\\\/c843c153d0dd33ec584996931e438bce\",\"name\":\"Fenja Jacobs\",\"image\":{\"@type\":\"ImageObject\",\"inLanguage\":\"en-US\",\"@id\":\"https:\\\/\\\/secure.gravatar.com\\\/avatar\\\/1319de9aaea70b6c6ed807392ef95d6582ceaf98cca9de0a0022ba8e0d3a7fc3?s=96&d=mm&r=g\",\"url\":\"https:\\\/\\\/secure.gravatar.com\\\/avatar\\\/1319de9aaea70b6c6ed807392ef95d6582ceaf98cca9de0a0022ba8e0d3a7fc3?s=96&d=mm&r=g\",\"contentUrl\":\"https:\\\/\\\/secure.gravatar.com\\\/avatar\\\/1319de9aaea70b6c6ed807392ef95d6582ceaf98cca9de0a0022ba8e0d3a7fc3?s=96&d=mm&r=g\",\"caption\":\"Fenja Jacobs\"},\"url\":\"https:\\\/\\\/www.protect-the-planet.de\\\/en\\\/author\\\/fenja-jacobs\\\/\"}]}<\/script>\n<!-- \/ Yoast SEO plugin. -->","yoast_head_json":{"title":"Protect the Planet mit Podiums-Diskussion auf der IAA vertreten! - Protect the Planet","description":"In einem gemeinsamen Appell fordern wir die Bundesregierung auf, sozial gerechte Ma\u00dfnahmen zur Erreichung der Klimaziele auf den Weg zu bringen.","robots":{"index":"index","follow":"follow","max-snippet":"max-snippet:-1","max-image-preview":"max-image-preview:large","max-video-preview":"max-video-preview:-1"},"canonical":"https:\/\/www.protect-the-planet.de\/en\/protect-the-planet-mit-podiums-diskussion-auf-der-iaa-vertreten\/","og_locale":"en_US","og_type":"article","og_title":"Protect the Planet mit Podiums-Diskussion auf der IAA vertreten! - Protect the Planet","og_description":"In einem gemeinsamen Appell fordern wir die Bundesregierung auf, sozial gerechte Ma\u00dfnahmen zur Erreichung der Klimaziele auf den Weg zu bringen.","og_url":"https:\/\/www.protect-the-planet.de\/en\/protect-the-planet-mit-podiums-diskussion-auf-der-iaa-vertreten\/","og_site_name":"Protect the Planet","article_publisher":"https:\/\/www.facebook.com\/protecttheplanetDE\/","article_published_time":"2023-09-06T06:31:00+00:00","article_modified_time":"2024-04-17T08:16:45+00:00","og_image":[{"width":800,"height":500,"url":"https:\/\/www.protect-the-planet.de\/wp-content\/uploads\/2023\/09\/beitragsbild-petition-balkon-solar.png","type":"image\/png"}],"author":"Fenja Jacobs","twitter_card":"summary_large_image","twitter_creator":"@PtP_de","twitter_site":"@PtP_de","twitter_misc":{"Written by":"Fenja Jacobs","Est. reading time":"3 minutes"},"schema":{"@context":"https:\/\/schema.org","@graph":[{"@type":"Article","@id":"https:\/\/www.protect-the-planet.de\/en\/protect-the-planet-mit-podiums-diskussion-auf-der-iaa-vertreten\/#article","isPartOf":{"@id":"https:\/\/www.protect-the-planet.de\/en\/protect-the-planet-mit-podiums-diskussion-auf-der-iaa-vertreten\/"},"author":{"name":"Fenja Jacobs","@id":"https:\/\/www.protect-the-planet.de\/en\/#\/schema\/person\/c843c153d0dd33ec584996931e438bce"},"headline":"Protect the Planet mit Podiums-Diskussion auf der IAA vertreten!","datePublished":"2023-09-06T06:31:00+00:00","dateModified":"2024-04-17T08:16:45+00:00","mainEntityOfPage":{"@id":"https:\/\/www.protect-the-planet.de\/en\/protect-the-planet-mit-podiums-diskussion-auf-der-iaa-vertreten\/"},"wordCount":216,"commentCount":0,"publisher":{"@id":"https:\/\/www.protect-the-planet.de\/en\/#organization"},"image":{"@id":"https:\/\/www.protect-the-planet.de\/en\/protect-the-planet-mit-podiums-diskussion-auf-der-iaa-vertreten\/#primaryimage"},"thumbnailUrl":"https:\/\/www.protect-the-planet.de\/wp-content\/uploads\/2023\/09\/beitragsbild-petition-balkon-solar.png","keywords":["Automobilmesse","IAA","IAAMobility","M\u00fcnchen","Podiumsdiskussion","tempolimit"],"articleSection":["News"],"inLanguage":"en-US","potentialAction":[{"@type":"CommentAction","name":"Comment","target":["https:\/\/www.protect-the-planet.de\/en\/protect-the-planet-mit-podiums-diskussion-auf-der-iaa-vertreten\/#respond"]}]},{"@type":"WebPage","@id":"https:\/\/www.protect-the-planet.de\/en\/protect-the-planet-mit-podiums-diskussion-auf-der-iaa-vertreten\/","url":"https:\/\/www.protect-the-planet.de\/en\/protect-the-planet-mit-podiums-diskussion-auf-der-iaa-vertreten\/","name":"Protect the Planet mit Podiums-Diskussion auf der IAA vertreten! - Protect the Planet","isPartOf":{"@id":"https:\/\/www.protect-the-planet.de\/en\/#website"},"primaryImageOfPage":{"@id":"https:\/\/www.protect-the-planet.de\/en\/protect-the-planet-mit-podiums-diskussion-auf-der-iaa-vertreten\/#primaryimage"},"image":{"@id":"https:\/\/www.protect-the-planet.de\/en\/protect-the-planet-mit-podiums-diskussion-auf-der-iaa-vertreten\/#primaryimage"},"thumbnailUrl":"https:\/\/www.protect-the-planet.de\/wp-content\/uploads\/2023\/09\/beitragsbild-petition-balkon-solar.png","datePublished":"2023-09-06T06:31:00+00:00","dateModified":"2024-04-17T08:16:45+00:00","description":"In einem gemeinsamen Appell fordern wir die Bundesregierung auf, sozial gerechte Ma\u00dfnahmen zur Erreichung der Klimaziele auf den Weg zu bringen.","breadcrumb":{"@id":"https:\/\/www.protect-the-planet.de\/en\/protect-the-planet-mit-podiums-diskussion-auf-der-iaa-vertreten\/#breadcrumb"},"inLanguage":"en-US","potentialAction":[{"@type":"ReadAction","target":["https:\/\/www.protect-the-planet.de\/en\/protect-the-planet-mit-podiums-diskussion-auf-der-iaa-vertreten\/"]}]},{"@type":"ImageObject","inLanguage":"en-US","@id":"https:\/\/www.protect-the-planet.de\/en\/protect-the-planet-mit-podiums-diskussion-auf-der-iaa-vertreten\/#primaryimage","url":"https:\/\/www.protect-the-planet.de\/wp-content\/uploads\/2023\/09\/beitragsbild-petition-balkon-solar.png","contentUrl":"https:\/\/www.protect-the-planet.de\/wp-content\/uploads\/2023\/09\/beitragsbild-petition-balkon-solar.png","width":800,"height":500},{"@type":"BreadcrumbList","@id":"https:\/\/www.protect-the-planet.de\/en\/protect-the-planet-mit-podiums-diskussion-auf-der-iaa-vertreten\/#breadcrumb","itemListElement":[{"@type":"ListItem","position":1,"name":"Startseite","item":"https:\/\/www.protect-the-planet.de\/en\/home\/"},{"@type":"ListItem","position":2,"name":"Protect the Planet mit Podiums-Diskussion auf der IAA vertreten!"}]},{"@type":"WebSite","@id":"https:\/\/www.protect-the-planet.de\/en\/#website","url":"https:\/\/www.protect-the-planet.de\/en\/","name":"Protect the Planet","description":"If we don&#039;t change, the climate will.","publisher":{"@id":"https:\/\/www.protect-the-planet.de\/en\/#organization"},"alternateName":"Protect the Panet gGmbH","potentialAction":[{"@type":"SearchAction","target":{"@type":"EntryPoint","urlTemplate":"https:\/\/www.protect-the-planet.de\/en\/?s={search_term_string}"},"query-input":{"@type":"PropertyValueSpecification","valueRequired":true,"valueName":"search_term_string"}}],"inLanguage":"en-US"},{"@type":"Organization","@id":"https:\/\/www.protect-the-planet.de\/en\/#organization","name":"Protect the Planet","url":"https:\/\/www.protect-the-planet.de\/en\/","logo":{"@type":"ImageObject","inLanguage":"en-US","@id":"https:\/\/www.protect-the-planet.de\/en\/#\/schema\/logo\/image\/","url":"https:\/\/www.protect-the-planet.de\/wp-content\/uploads\/2023\/09\/LOGO-positiv_transparent-klein.png","contentUrl":"https:\/\/www.protect-the-planet.de\/wp-content\/uploads\/2023\/09\/LOGO-positiv_transparent-klein.png","width":123,"height":68,"caption":"Protect the Planet"},"image":{"@id":"https:\/\/www.protect-the-planet.de\/en\/#\/schema\/logo\/image\/"},"sameAs":["https:\/\/www.facebook.com\/protecttheplanetDE\/","https:\/\/x.com\/PtP_de","https:\/\/www.instagram.com\/protecttheplanetorg\/","https:\/\/www.linkedin.com\/company\/protect-the-planet","https:\/\/www.youtube.com\/@protecttheplanet"]},{"@type":"Person","@id":"https:\/\/www.protect-the-planet.de\/en\/#\/schema\/person\/c843c153d0dd33ec584996931e438bce","name":"Fenja Jacobs","image":{"@type":"ImageObject","inLanguage":"en-US","@id":"https:\/\/secure.gravatar.com\/avatar\/1319de9aaea70b6c6ed807392ef95d6582ceaf98cca9de0a0022ba8e0d3a7fc3?s=96&d=mm&r=g","url":"https:\/\/secure.gravatar.com\/avatar\/1319de9aaea70b6c6ed807392ef95d6582ceaf98cca9de0a0022ba8e0d3a7fc3?s=96&d=mm&r=g","contentUrl":"https:\/\/secure.gravatar.com\/avatar\/1319de9aaea70b6c6ed807392ef95d6582ceaf98cca9de0a0022ba8e0d3a7fc3?s=96&d=mm&r=g","caption":"Fenja Jacobs"},"url":"https:\/\/www.protect-the-planet.de\/en\/author\/fenja-jacobs\/"}]}},"_links":{"self":[{"href":"https:\/\/www.protect-the-planet.de\/en\/wp-json\/wp\/v2\/posts\/22662","targetHints":{"allow":["GET"]}}],"collection":[{"href":"https:\/\/www.protect-the-planet.de\/en\/wp-json\/wp\/v2\/posts"}],"about":[{"href":"https:\/\/www.protect-the-planet.de\/en\/wp-json\/wp\/v2\/types\/post"}],"author":[{"embeddable":true,"href":"https:\/\/www.protect-the-planet.de\/en\/wp-json\/wp\/v2\/users\/3"}],"replies":[{"embeddable":true,"href":"https:\/\/www.protect-the-planet.de\/en\/wp-json\/wp\/v2\/comments?post=22662"}],"version-history":[{"count":0,"href":"https:\/\/www.protect-the-planet.de\/en\/wp-json\/wp\/v2\/posts\/22662\/revisions"}],"wp:featuredmedia":[{"embeddable":true,"href":"https:\/\/www.protect-the-planet.de\/en\/wp-json\/wp\/v2\/media\/21921"}],"wp:attachment":[{"href":"https:\/\/www.protect-the-planet.de\/en\/wp-json\/wp\/v2\/media?parent=22662"}],"wp:term":[{"taxonomy":"category","embeddable":true,"href":"https:\/\/www.protect-the-planet.de\/en\/wp-json\/wp\/v2\/categories?post=22662"},{"taxonomy":"post_tag","embeddable":true,"href":"https:\/\/www.protect-the-planet.de\/en\/wp-json\/wp\/v2\/tags?post=22662"}],"curies":[{"name":"wp","href":"https:\/\/api.w.org\/{rel}","templated":true}]}}