{"id":22658,"date":"2023-09-25T16:41:30","date_gmt":"2023-09-25T14:41:30","guid":{"rendered":"https:\/\/www.protect-the-planet.de\/klima-aktionstag-auf-dem-gaertnerplatz-in-muenchen-wir-machen-wind-1-000-windraeder-fuer-bayern\/"},"modified":"2024-04-17T16:06:18","modified_gmt":"2024-04-17T14:06:18","slug":"klima-aktionstag-auf-dem-gaertnerplatz-in-muenchen-wir-machen-wind-1-000-windraeder-fuer-bayern","status":"publish","type":"post","link":"https:\/\/www.protect-the-planet.de\/en\/klima-aktionstag-auf-dem-gaertnerplatz-in-muenchen-wir-machen-wind-1-000-windraeder-fuer-bayern\/","title":{"rendered":"Klima-Aktionstag auf dem G\u00e4rtnerplatz in M\u00fcnchen: &#8220;Wir machen Wind &#8211; 1.000 Windr\u00e4der f\u00fcr Bayern&#8221;"},"content":{"rendered":"\t\t<div data-elementor-type=\"wp-post\" data-elementor-id=\"22658\" class=\"elementor elementor-22658 elementor-20537\" data-elementor-post-type=\"post\">\n\t\t\t\t<div class=\"elementor-element elementor-element-61f0461 e-flex e-con-boxed e-con e-parent\" data-id=\"61f0461\" data-element_type=\"container\" data-e-type=\"container\">\n\t\t\t\t\t<div class=\"e-con-inner\">\n\t\t\t\t<div class=\"elementor-element elementor-element-5577457d elementor-widget elementor-widget-text-editor\" data-id=\"5577457d\" data-element_type=\"widget\" data-e-type=\"widget\" data-widget_type=\"text-editor.default\">\n\t\t\t\t<div class=\"elementor-widget-container\">\n\t\t\t\t\t\t\t\t\t<p><img fetchpriority=\"high\" decoding=\"async\" class=\"size-medium wp-image-20567 alignleft\" src=\"https:\/\/www.protect-the-planet.de\/wp-content\/uploads\/2023\/09\/IMG_0794-Windrad-Gaertnerplatz-225x300.jpg\" alt=\"\" width=\"225\" height=\"300\" srcset=\"https:\/\/www.protect-the-planet.de\/wp-content\/uploads\/2023\/09\/IMG_0794-Windrad-Gaertnerplatz-225x300.jpg 225w, https:\/\/www.protect-the-planet.de\/wp-content\/uploads\/2023\/09\/IMG_0794-Windrad-Gaertnerplatz-768x1024.jpg 768w, https:\/\/www.protect-the-planet.de\/wp-content\/uploads\/2023\/09\/IMG_0794-Windrad-Gaertnerplatz-1152x1536.jpg 1152w, https:\/\/www.protect-the-planet.de\/wp-content\/uploads\/2023\/09\/IMG_0794-Windrad-Gaertnerplatz-1536x2048.jpg 1536w, https:\/\/www.protect-the-planet.de\/wp-content\/uploads\/2023\/09\/IMG_0794-Windrad-Gaertnerplatz-1320x1760.jpg 1320w, https:\/\/www.protect-the-planet.de\/wp-content\/uploads\/2023\/09\/IMG_0794-Windrad-Gaertnerplatz-scaled.jpg 1920w\" sizes=\"(max-width: 225px) 100vw, 225px\" \/><strong>Am 23. September waren wir mit dem <a href=\"https:\/\/wind-rat.de\/\">WindRat<\/a> und vielen weiteren Klima-Organisationen f\u00fcr einen Aktionstag am G\u00e4rtnerplatz. In Bayern wird seit Jahren der Windkraftausbau blockiert. Mit der Aktion wollten die Klimaorganisationen auf den schleppenden Ausbau in Bayern hinweisen. Passant*innen konnten an den St\u00e4nden ins Gespr\u00e4ch kommen oder Windr\u00e4der basteln, um zusammen symbolisch die Windwende in Bayern zu bauen.<\/strong><\/p><p>Auf der einen Seite des G\u00e4rtnerplatzes thronte der Gasbohrturm der Stadtwerke \u2013 ihm gegen\u00fcber ein mehrere Meter hohes Windrad. Das Setting des Klimaaktionstags mit vielen bunten St\u00e4nden und Informationsm\u00f6glichkeiten konnte kaum bildhafter dargestellt werden.<\/p><p>Mit dem Aktionstag setzten wir vor der Landtagswahl ein Zeichen f\u00fcr einen beschleunigten Ausbau der Erneuerbaren und einen schnellen Ausstieg aus fossilen Energien. Kinder und Erwachsene bastelten den ganzen Tag \u00fcber flei\u00dfig kleine Windr\u00e4der aus Recyclingpapier um symbolisch die Windwende in Bayern voranzutreiben.<\/p><p>Daneben waren Extinction Rebellion M\u00fcnchen, Fossil Free M\u00fcnchen, M\u00fcnchen Zero, Protect the Planet, M\u00fcnchner Initiative Nachhaltigkeit, Klimaherbst, Netzwerk Saubere Energie M\u00fcnchen, Solar2030 und die For-Future-Bewegung in vielen Gespr\u00e4chen und mit unterschiedlichsten Aktionen pr\u00e4sent.<\/p><p>In Bayern wird seit Jahren der Windkraftausbau blockiert. Von Anfang 2018 bis heute wurden nur 51 Windr\u00e4der gebaut. Dabei hat sich Bayern ehrgeizige Ziele gesetzt und will bis 2040 klimaneutral werden. Daf\u00fcr muss Bayern massiv Erneuerbare, insbesondere Windkraft, ausbauen. Zudem ist Windkraft knapp hinter Photovoltaik die zweit-kosteng\u00fcnstigste Methode Strom zu erzeugen und macht uns unabh\u00e4ngig von Kohle-, \u00d6l- und Gasimporten. Bundesweit sind 160.000 Menschen in der Windbranche besch\u00e4ftigt \u2013 wir brauchen diese Jobs auch in Bayern!<\/p><p>Jana H\u00e4fner (Aktivistin bei Fridays for Future M\u00fcnchen &amp; Werkstudentin bei Protect the Planet): \u201cBayern muss seine Klimaversprechen einl\u00f6sen. Das geht nur mit einem schnellen Ausbau von Windkraft \u2013 zwei Anlagen pro Woche!\u201d<\/p><p>Peter Keller (Protect the Planet, Projektmanager des WindRats): \u201cDie Landesregierung muss ihre Blockade von Windkraft aufgeben. Bayern wird sonst noch mehr von fossilen Energieimporten aus dem Norden und aus L\u00e4ndern wie Russland abh\u00e4ngig. Wir brauchen einen Ausbau dieser g\u00fcnstigen Energiequelle!\u201d\u00a0<\/p><p>\u00a9MR<\/p>\t\t\t\t\t\t\t\t<\/div>\n\t\t\t\t<\/div>\n\t\t\t\t\t<\/div>\n\t\t\t\t<\/div>\n\t\t\t\t<\/div>\n\t\t","protected":false},"excerpt":{"rendered":"<p>Wind-Aktion zur Landtagswahl: Die M\u00fcnchner Klimabewegung\u00a0 hat am 23.09. einen Aktionstag auf dem G\u00e4rtnerplatz f\u00fcr konsequente Klimapolitik und mehr Windkraft durchgef\u00fchrt. Protect the Planet kam zum Thema Windkraft mit vielen B\u00fcrger*innen ins Gespr\u00e4ch.<\/p>\n","protected":false},"author":5,"featured_media":21956,"comment_status":"open","ping_status":"open","sticky":false,"template":"","format":"standard","meta":{"footnotes":""},"categories":[729],"tags":[746,747,752,750,751,753,754,755],"class_list":["post-22658","post","type-post","status-publish","format-standard","has-post-thumbnail","hentry","category-news","tag-bayernwahl-en","tag-bayernwind-en","tag-demonstration-en","tag-landtagswahl-bayern-2023-en","tag-ltwby23-en","tag-muenchen-en","tag-windenergie-en","tag-windkraft-en"],"yoast_head":"<!-- This site is optimized with the Yoast SEO plugin v27.5 - https:\/\/yoast.com\/product\/yoast-seo-wordpress\/ -->\n<title>Klima-Aktionstag auf dem G\u00e4rtnerplatz in M\u00fcnchen: &quot;Wir machen Wind - 1.000 Windr\u00e4der f\u00fcr Bayern&quot; - Protect the Planet<\/title>\n<meta name=\"description\" content=\"In einem gemeinsamen Appell fordern wir die Bundesregierung auf, sozial gerechte Ma\u00dfnahmen zur Erreichung der Klimaziele auf den Weg zu bringen.\" \/>\n<meta name=\"robots\" content=\"index, follow, max-snippet:-1, max-image-preview:large, max-video-preview:-1\" \/>\n<link rel=\"canonical\" href=\"https:\/\/www.protect-the-planet.de\/en\/klima-aktionstag-auf-dem-gaertnerplatz-in-muenchen-wir-machen-wind-1-000-windraeder-fuer-bayern\/\" \/>\n<meta property=\"og:locale\" content=\"en_US\" \/>\n<meta property=\"og:type\" content=\"article\" \/>\n<meta property=\"og:title\" content=\"Klima-Aktionstag auf dem G\u00e4rtnerplatz in M\u00fcnchen: &quot;Wir machen Wind - 1.000 Windr\u00e4der f\u00fcr Bayern&quot; - Protect the Planet\" \/>\n<meta property=\"og:description\" content=\"In einem gemeinsamen Appell fordern wir die Bundesregierung auf, sozial gerechte Ma\u00dfnahmen zur Erreichung der Klimaziele auf den Weg zu bringen.\" \/>\n<meta property=\"og:url\" content=\"https:\/\/www.protect-the-planet.de\/en\/klima-aktionstag-auf-dem-gaertnerplatz-in-muenchen-wir-machen-wind-1-000-windraeder-fuer-bayern\/\" \/>\n<meta property=\"og:site_name\" content=\"Protect the Planet\" \/>\n<meta property=\"article:publisher\" content=\"https:\/\/www.facebook.com\/protecttheplanetDE\/\" \/>\n<meta property=\"article:published_time\" content=\"2023-09-25T14:41:30+00:00\" \/>\n<meta property=\"article:modified_time\" content=\"2024-04-17T14:06:18+00:00\" \/>\n<meta property=\"og:image\" content=\"https:\/\/www.protect-the-planet.de\/wp-content\/uploads\/2023\/09\/IMG_0783-Wind-in-Bayern-scaled.jpg\" \/>\n\t<meta property=\"og:image:width\" content=\"2560\" \/>\n\t<meta property=\"og:image:height\" content=\"1920\" \/>\n\t<meta property=\"og:image:type\" content=\"image\/jpeg\" \/>\n<meta name=\"author\" content=\"Markus Raschke\" \/>\n<meta name=\"twitter:card\" content=\"summary_large_image\" \/>\n<meta name=\"twitter:creator\" content=\"@PtP_de\" \/>\n<meta name=\"twitter:site\" content=\"@PtP_de\" \/>\n<meta name=\"twitter:label1\" content=\"Written by\" \/>\n\t<meta name=\"twitter:data1\" content=\"Markus Raschke\" \/>\n\t<meta name=\"twitter:label2\" content=\"Est. reading time\" \/>\n\t<meta name=\"twitter:data2\" content=\"3 minutes\" \/>\n<script type=\"application\/ld+json\" class=\"yoast-schema-graph\">{\"@context\":\"https:\\\/\\\/schema.org\",\"@graph\":[{\"@type\":\"Article\",\"@id\":\"https:\\\/\\\/www.protect-the-planet.de\\\/en\\\/klima-aktionstag-auf-dem-gaertnerplatz-in-muenchen-wir-machen-wind-1-000-windraeder-fuer-bayern\\\/#article\",\"isPartOf\":{\"@id\":\"https:\\\/\\\/www.protect-the-planet.de\\\/en\\\/klima-aktionstag-auf-dem-gaertnerplatz-in-muenchen-wir-machen-wind-1-000-windraeder-fuer-bayern\\\/\"},\"author\":{\"name\":\"Markus Raschke\",\"@id\":\"https:\\\/\\\/www.protect-the-planet.de\\\/en\\\/#\\\/schema\\\/person\\\/2938106dc0af5691b82b52a1b3f39b0b\"},\"headline\":\"Klima-Aktionstag auf dem G\u00e4rtnerplatz in M\u00fcnchen: &#8220;Wir machen Wind &#8211; 1.000 Windr\u00e4der f\u00fcr Bayern&#8221;\",\"datePublished\":\"2023-09-25T14:41:30+00:00\",\"dateModified\":\"2024-04-17T14:06:18+00:00\",\"mainEntityOfPage\":{\"@id\":\"https:\\\/\\\/www.protect-the-planet.de\\\/en\\\/klima-aktionstag-auf-dem-gaertnerplatz-in-muenchen-wir-machen-wind-1-000-windraeder-fuer-bayern\\\/\"},\"wordCount\":358,\"commentCount\":0,\"publisher\":{\"@id\":\"https:\\\/\\\/www.protect-the-planet.de\\\/en\\\/#organization\"},\"image\":{\"@id\":\"https:\\\/\\\/www.protect-the-planet.de\\\/en\\\/klima-aktionstag-auf-dem-gaertnerplatz-in-muenchen-wir-machen-wind-1-000-windraeder-fuer-bayern\\\/#primaryimage\"},\"thumbnailUrl\":\"https:\\\/\\\/www.protect-the-planet.de\\\/wp-content\\\/uploads\\\/2023\\\/09\\\/IMG_0783-Wind-in-Bayern-scaled.jpg\",\"keywords\":[\"Bayernwahl\",\"bayernwind\",\"Demonstration\",\"Landtagswahl Bayern 2023\",\"LTWBY23\",\"M\u00fcnchen\",\"Windenergie\",\"Windkraft\"],\"articleSection\":[\"News\"],\"inLanguage\":\"en-US\",\"potentialAction\":[{\"@type\":\"CommentAction\",\"name\":\"Comment\",\"target\":[\"https:\\\/\\\/www.protect-the-planet.de\\\/en\\\/klima-aktionstag-auf-dem-gaertnerplatz-in-muenchen-wir-machen-wind-1-000-windraeder-fuer-bayern\\\/#respond\"]}]},{\"@type\":\"WebPage\",\"@id\":\"https:\\\/\\\/www.protect-the-planet.de\\\/en\\\/klima-aktionstag-auf-dem-gaertnerplatz-in-muenchen-wir-machen-wind-1-000-windraeder-fuer-bayern\\\/\",\"url\":\"https:\\\/\\\/www.protect-the-planet.de\\\/en\\\/klima-aktionstag-auf-dem-gaertnerplatz-in-muenchen-wir-machen-wind-1-000-windraeder-fuer-bayern\\\/\",\"name\":\"Klima-Aktionstag auf dem G\u00e4rtnerplatz in M\u00fcnchen: \\\"Wir machen Wind - 1.000 Windr\u00e4der f\u00fcr Bayern\\\" - Protect the Planet\",\"isPartOf\":{\"@id\":\"https:\\\/\\\/www.protect-the-planet.de\\\/en\\\/#website\"},\"primaryImageOfPage\":{\"@id\":\"https:\\\/\\\/www.protect-the-planet.de\\\/en\\\/klima-aktionstag-auf-dem-gaertnerplatz-in-muenchen-wir-machen-wind-1-000-windraeder-fuer-bayern\\\/#primaryimage\"},\"image\":{\"@id\":\"https:\\\/\\\/www.protect-the-planet.de\\\/en\\\/klima-aktionstag-auf-dem-gaertnerplatz-in-muenchen-wir-machen-wind-1-000-windraeder-fuer-bayern\\\/#primaryimage\"},\"thumbnailUrl\":\"https:\\\/\\\/www.protect-the-planet.de\\\/wp-content\\\/uploads\\\/2023\\\/09\\\/IMG_0783-Wind-in-Bayern-scaled.jpg\",\"datePublished\":\"2023-09-25T14:41:30+00:00\",\"dateModified\":\"2024-04-17T14:06:18+00:00\",\"description\":\"In einem gemeinsamen Appell fordern wir die Bundesregierung auf, sozial gerechte Ma\u00dfnahmen zur Erreichung der Klimaziele auf den Weg zu bringen.\",\"breadcrumb\":{\"@id\":\"https:\\\/\\\/www.protect-the-planet.de\\\/en\\\/klima-aktionstag-auf-dem-gaertnerplatz-in-muenchen-wir-machen-wind-1-000-windraeder-fuer-bayern\\\/#breadcrumb\"},\"inLanguage\":\"en-US\",\"potentialAction\":[{\"@type\":\"ReadAction\",\"target\":[\"https:\\\/\\\/www.protect-the-planet.de\\\/en\\\/klima-aktionstag-auf-dem-gaertnerplatz-in-muenchen-wir-machen-wind-1-000-windraeder-fuer-bayern\\\/\"]}]},{\"@type\":\"ImageObject\",\"inLanguage\":\"en-US\",\"@id\":\"https:\\\/\\\/www.protect-the-planet.de\\\/en\\\/klima-aktionstag-auf-dem-gaertnerplatz-in-muenchen-wir-machen-wind-1-000-windraeder-fuer-bayern\\\/#primaryimage\",\"url\":\"https:\\\/\\\/www.protect-the-planet.de\\\/wp-content\\\/uploads\\\/2023\\\/09\\\/IMG_0783-Wind-in-Bayern-scaled.jpg\",\"contentUrl\":\"https:\\\/\\\/www.protect-the-planet.de\\\/wp-content\\\/uploads\\\/2023\\\/09\\\/IMG_0783-Wind-in-Bayern-scaled.jpg\",\"width\":2560,\"height\":1920},{\"@type\":\"BreadcrumbList\",\"@id\":\"https:\\\/\\\/www.protect-the-planet.de\\\/en\\\/klima-aktionstag-auf-dem-gaertnerplatz-in-muenchen-wir-machen-wind-1-000-windraeder-fuer-bayern\\\/#breadcrumb\",\"itemListElement\":[{\"@type\":\"ListItem\",\"position\":1,\"name\":\"Startseite\",\"item\":\"https:\\\/\\\/www.protect-the-planet.de\\\/en\\\/home\\\/\"},{\"@type\":\"ListItem\",\"position\":2,\"name\":\"Klima-Aktionstag auf dem G\u00e4rtnerplatz in M\u00fcnchen: &#8220;Wir machen Wind &#8211; 1.000 Windr\u00e4der f\u00fcr Bayern&#8221;\"}]},{\"@type\":\"WebSite\",\"@id\":\"https:\\\/\\\/www.protect-the-planet.de\\\/en\\\/#website\",\"url\":\"https:\\\/\\\/www.protect-the-planet.de\\\/en\\\/\",\"name\":\"Protect the Planet\",\"description\":\"If we don&#039;t change, the climate will.\",\"publisher\":{\"@id\":\"https:\\\/\\\/www.protect-the-planet.de\\\/en\\\/#organization\"},\"alternateName\":\"Protect the Panet gGmbH\",\"potentialAction\":[{\"@type\":\"SearchAction\",\"target\":{\"@type\":\"EntryPoint\",\"urlTemplate\":\"https:\\\/\\\/www.protect-the-planet.de\\\/en\\\/?s={search_term_string}\"},\"query-input\":{\"@type\":\"PropertyValueSpecification\",\"valueRequired\":true,\"valueName\":\"search_term_string\"}}],\"inLanguage\":\"en-US\"},{\"@type\":\"Organization\",\"@id\":\"https:\\\/\\\/www.protect-the-planet.de\\\/en\\\/#organization\",\"name\":\"Protect the Planet\",\"url\":\"https:\\\/\\\/www.protect-the-planet.de\\\/en\\\/\",\"logo\":{\"@type\":\"ImageObject\",\"inLanguage\":\"en-US\",\"@id\":\"https:\\\/\\\/www.protect-the-planet.de\\\/en\\\/#\\\/schema\\\/logo\\\/image\\\/\",\"url\":\"https:\\\/\\\/www.protect-the-planet.de\\\/wp-content\\\/uploads\\\/2023\\\/09\\\/LOGO-positiv_transparent-klein.png\",\"contentUrl\":\"https:\\\/\\\/www.protect-the-planet.de\\\/wp-content\\\/uploads\\\/2023\\\/09\\\/LOGO-positiv_transparent-klein.png\",\"width\":123,\"height\":68,\"caption\":\"Protect the Planet\"},\"image\":{\"@id\":\"https:\\\/\\\/www.protect-the-planet.de\\\/en\\\/#\\\/schema\\\/logo\\\/image\\\/\"},\"sameAs\":[\"https:\\\/\\\/www.facebook.com\\\/protecttheplanetDE\\\/\",\"https:\\\/\\\/x.com\\\/PtP_de\",\"https:\\\/\\\/www.instagram.com\\\/protecttheplanetorg\\\/\",\"https:\\\/\\\/www.linkedin.com\\\/company\\\/protect-the-planet\",\"https:\\\/\\\/www.youtube.com\\\/@protecttheplanet\"]},{\"@type\":\"Person\",\"@id\":\"https:\\\/\\\/www.protect-the-planet.de\\\/en\\\/#\\\/schema\\\/person\\\/2938106dc0af5691b82b52a1b3f39b0b\",\"name\":\"Markus Raschke\",\"image\":{\"@type\":\"ImageObject\",\"inLanguage\":\"en-US\",\"@id\":\"https:\\\/\\\/www.protect-the-planet.de\\\/wp-content\\\/uploads\\\/2023\\\/06\\\/cropped-Gruppe-9@2x-96x96.png\",\"url\":\"https:\\\/\\\/www.protect-the-planet.de\\\/wp-content\\\/uploads\\\/2023\\\/06\\\/cropped-Gruppe-9@2x-96x96.png\",\"contentUrl\":\"https:\\\/\\\/www.protect-the-planet.de\\\/wp-content\\\/uploads\\\/2023\\\/06\\\/cropped-Gruppe-9@2x-96x96.png\",\"caption\":\"Markus Raschke\"},\"description\":\"markus.raschke@protect-the-planet.de +49 160 930 54 965\",\"url\":\"https:\\\/\\\/www.protect-the-planet.de\\\/en\\\/author\\\/raschke\\\/\"}]}<\/script>\n<!-- \/ Yoast SEO plugin. -->","yoast_head_json":{"title":"Klima-Aktionstag auf dem G\u00e4rtnerplatz in M\u00fcnchen: \"Wir machen Wind - 1.000 Windr\u00e4der f\u00fcr Bayern\" - Protect the Planet","description":"In einem gemeinsamen Appell fordern wir die Bundesregierung auf, sozial gerechte Ma\u00dfnahmen zur Erreichung der Klimaziele auf den Weg zu bringen.","robots":{"index":"index","follow":"follow","max-snippet":"max-snippet:-1","max-image-preview":"max-image-preview:large","max-video-preview":"max-video-preview:-1"},"canonical":"https:\/\/www.protect-the-planet.de\/en\/klima-aktionstag-auf-dem-gaertnerplatz-in-muenchen-wir-machen-wind-1-000-windraeder-fuer-bayern\/","og_locale":"en_US","og_type":"article","og_title":"Klima-Aktionstag auf dem G\u00e4rtnerplatz in M\u00fcnchen: \"Wir machen Wind - 1.000 Windr\u00e4der f\u00fcr Bayern\" - Protect the Planet","og_description":"In einem gemeinsamen Appell fordern wir die Bundesregierung auf, sozial gerechte Ma\u00dfnahmen zur Erreichung der Klimaziele auf den Weg zu bringen.","og_url":"https:\/\/www.protect-the-planet.de\/en\/klima-aktionstag-auf-dem-gaertnerplatz-in-muenchen-wir-machen-wind-1-000-windraeder-fuer-bayern\/","og_site_name":"Protect the Planet","article_publisher":"https:\/\/www.facebook.com\/protecttheplanetDE\/","article_published_time":"2023-09-25T14:41:30+00:00","article_modified_time":"2024-04-17T14:06:18+00:00","og_image":[{"width":2560,"height":1920,"url":"https:\/\/www.protect-the-planet.de\/wp-content\/uploads\/2023\/09\/IMG_0783-Wind-in-Bayern-scaled.jpg","type":"image\/jpeg"}],"author":"Markus Raschke","twitter_card":"summary_large_image","twitter_creator":"@PtP_de","twitter_site":"@PtP_de","twitter_misc":{"Written by":"Markus Raschke","Est. reading time":"3 minutes"},"schema":{"@context":"https:\/\/schema.org","@graph":[{"@type":"Article","@id":"https:\/\/www.protect-the-planet.de\/en\/klima-aktionstag-auf-dem-gaertnerplatz-in-muenchen-wir-machen-wind-1-000-windraeder-fuer-bayern\/#article","isPartOf":{"@id":"https:\/\/www.protect-the-planet.de\/en\/klima-aktionstag-auf-dem-gaertnerplatz-in-muenchen-wir-machen-wind-1-000-windraeder-fuer-bayern\/"},"author":{"name":"Markus Raschke","@id":"https:\/\/www.protect-the-planet.de\/en\/#\/schema\/person\/2938106dc0af5691b82b52a1b3f39b0b"},"headline":"Klima-Aktionstag auf dem G\u00e4rtnerplatz in M\u00fcnchen: &#8220;Wir machen Wind &#8211; 1.000 Windr\u00e4der f\u00fcr Bayern&#8221;","datePublished":"2023-09-25T14:41:30+00:00","dateModified":"2024-04-17T14:06:18+00:00","mainEntityOfPage":{"@id":"https:\/\/www.protect-the-planet.de\/en\/klima-aktionstag-auf-dem-gaertnerplatz-in-muenchen-wir-machen-wind-1-000-windraeder-fuer-bayern\/"},"wordCount":358,"commentCount":0,"publisher":{"@id":"https:\/\/www.protect-the-planet.de\/en\/#organization"},"image":{"@id":"https:\/\/www.protect-the-planet.de\/en\/klima-aktionstag-auf-dem-gaertnerplatz-in-muenchen-wir-machen-wind-1-000-windraeder-fuer-bayern\/#primaryimage"},"thumbnailUrl":"https:\/\/www.protect-the-planet.de\/wp-content\/uploads\/2023\/09\/IMG_0783-Wind-in-Bayern-scaled.jpg","keywords":["Bayernwahl","bayernwind","Demonstration","Landtagswahl Bayern 2023","LTWBY23","M\u00fcnchen","Windenergie","Windkraft"],"articleSection":["News"],"inLanguage":"en-US","potentialAction":[{"@type":"CommentAction","name":"Comment","target":["https:\/\/www.protect-the-planet.de\/en\/klima-aktionstag-auf-dem-gaertnerplatz-in-muenchen-wir-machen-wind-1-000-windraeder-fuer-bayern\/#respond"]}]},{"@type":"WebPage","@id":"https:\/\/www.protect-the-planet.de\/en\/klima-aktionstag-auf-dem-gaertnerplatz-in-muenchen-wir-machen-wind-1-000-windraeder-fuer-bayern\/","url":"https:\/\/www.protect-the-planet.de\/en\/klima-aktionstag-auf-dem-gaertnerplatz-in-muenchen-wir-machen-wind-1-000-windraeder-fuer-bayern\/","name":"Klima-Aktionstag auf dem G\u00e4rtnerplatz in M\u00fcnchen: \"Wir machen Wind - 1.000 Windr\u00e4der f\u00fcr Bayern\" - Protect the Planet","isPartOf":{"@id":"https:\/\/www.protect-the-planet.de\/en\/#website"},"primaryImageOfPage":{"@id":"https:\/\/www.protect-the-planet.de\/en\/klima-aktionstag-auf-dem-gaertnerplatz-in-muenchen-wir-machen-wind-1-000-windraeder-fuer-bayern\/#primaryimage"},"image":{"@id":"https:\/\/www.protect-the-planet.de\/en\/klima-aktionstag-auf-dem-gaertnerplatz-in-muenchen-wir-machen-wind-1-000-windraeder-fuer-bayern\/#primaryimage"},"thumbnailUrl":"https:\/\/www.protect-the-planet.de\/wp-content\/uploads\/2023\/09\/IMG_0783-Wind-in-Bayern-scaled.jpg","datePublished":"2023-09-25T14:41:30+00:00","dateModified":"2024-04-17T14:06:18+00:00","description":"In einem gemeinsamen Appell fordern wir die Bundesregierung auf, sozial gerechte Ma\u00dfnahmen zur Erreichung der Klimaziele auf den Weg zu bringen.","breadcrumb":{"@id":"https:\/\/www.protect-the-planet.de\/en\/klima-aktionstag-auf-dem-gaertnerplatz-in-muenchen-wir-machen-wind-1-000-windraeder-fuer-bayern\/#breadcrumb"},"inLanguage":"en-US","potentialAction":[{"@type":"ReadAction","target":["https:\/\/www.protect-the-planet.de\/en\/klima-aktionstag-auf-dem-gaertnerplatz-in-muenchen-wir-machen-wind-1-000-windraeder-fuer-bayern\/"]}]},{"@type":"ImageObject","inLanguage":"en-US","@id":"https:\/\/www.protect-the-planet.de\/en\/klima-aktionstag-auf-dem-gaertnerplatz-in-muenchen-wir-machen-wind-1-000-windraeder-fuer-bayern\/#primaryimage","url":"https:\/\/www.protect-the-planet.de\/wp-content\/uploads\/2023\/09\/IMG_0783-Wind-in-Bayern-scaled.jpg","contentUrl":"https:\/\/www.protect-the-planet.de\/wp-content\/uploads\/2023\/09\/IMG_0783-Wind-in-Bayern-scaled.jpg","width":2560,"height":1920},{"@type":"BreadcrumbList","@id":"https:\/\/www.protect-the-planet.de\/en\/klima-aktionstag-auf-dem-gaertnerplatz-in-muenchen-wir-machen-wind-1-000-windraeder-fuer-bayern\/#breadcrumb","itemListElement":[{"@type":"ListItem","position":1,"name":"Startseite","item":"https:\/\/www.protect-the-planet.de\/en\/home\/"},{"@type":"ListItem","position":2,"name":"Klima-Aktionstag auf dem G\u00e4rtnerplatz in M\u00fcnchen: &#8220;Wir machen Wind &#8211; 1.000 Windr\u00e4der f\u00fcr Bayern&#8221;"}]},{"@type":"WebSite","@id":"https:\/\/www.protect-the-planet.de\/en\/#website","url":"https:\/\/www.protect-the-planet.de\/en\/","name":"Protect the Planet","description":"If we don&#039;t change, the climate will.","publisher":{"@id":"https:\/\/www.protect-the-planet.de\/en\/#organization"},"alternateName":"Protect the Panet gGmbH","potentialAction":[{"@type":"SearchAction","target":{"@type":"EntryPoint","urlTemplate":"https:\/\/www.protect-the-planet.de\/en\/?s={search_term_string}"},"query-input":{"@type":"PropertyValueSpecification","valueRequired":true,"valueName":"search_term_string"}}],"inLanguage":"en-US"},{"@type":"Organization","@id":"https:\/\/www.protect-the-planet.de\/en\/#organization","name":"Protect the Planet","url":"https:\/\/www.protect-the-planet.de\/en\/","logo":{"@type":"ImageObject","inLanguage":"en-US","@id":"https:\/\/www.protect-the-planet.de\/en\/#\/schema\/logo\/image\/","url":"https:\/\/www.protect-the-planet.de\/wp-content\/uploads\/2023\/09\/LOGO-positiv_transparent-klein.png","contentUrl":"https:\/\/www.protect-the-planet.de\/wp-content\/uploads\/2023\/09\/LOGO-positiv_transparent-klein.png","width":123,"height":68,"caption":"Protect the Planet"},"image":{"@id":"https:\/\/www.protect-the-planet.de\/en\/#\/schema\/logo\/image\/"},"sameAs":["https:\/\/www.facebook.com\/protecttheplanetDE\/","https:\/\/x.com\/PtP_de","https:\/\/www.instagram.com\/protecttheplanetorg\/","https:\/\/www.linkedin.com\/company\/protect-the-planet","https:\/\/www.youtube.com\/@protecttheplanet"]},{"@type":"Person","@id":"https:\/\/www.protect-the-planet.de\/en\/#\/schema\/person\/2938106dc0af5691b82b52a1b3f39b0b","name":"Markus Raschke","image":{"@type":"ImageObject","inLanguage":"en-US","@id":"https:\/\/www.protect-the-planet.de\/wp-content\/uploads\/2023\/06\/cropped-Gruppe-9@2x-96x96.png","url":"https:\/\/www.protect-the-planet.de\/wp-content\/uploads\/2023\/06\/cropped-Gruppe-9@2x-96x96.png","contentUrl":"https:\/\/www.protect-the-planet.de\/wp-content\/uploads\/2023\/06\/cropped-Gruppe-9@2x-96x96.png","caption":"Markus Raschke"},"description":"markus.raschke@protect-the-planet.de +49 160 930 54 965","url":"https:\/\/www.protect-the-planet.de\/en\/author\/raschke\/"}]}},"_links":{"self":[{"href":"https:\/\/www.protect-the-planet.de\/en\/wp-json\/wp\/v2\/posts\/22658","targetHints":{"allow":["GET"]}}],"collection":[{"href":"https:\/\/www.protect-the-planet.de\/en\/wp-json\/wp\/v2\/posts"}],"about":[{"href":"https:\/\/www.protect-the-planet.de\/en\/wp-json\/wp\/v2\/types\/post"}],"author":[{"embeddable":true,"href":"https:\/\/www.protect-the-planet.de\/en\/wp-json\/wp\/v2\/users\/5"}],"replies":[{"embeddable":true,"href":"https:\/\/www.protect-the-planet.de\/en\/wp-json\/wp\/v2\/comments?post=22658"}],"version-history":[{"count":0,"href":"https:\/\/www.protect-the-planet.de\/en\/wp-json\/wp\/v2\/posts\/22658\/revisions"}],"wp:featuredmedia":[{"embeddable":true,"href":"https:\/\/www.protect-the-planet.de\/en\/wp-json\/wp\/v2\/media\/21956"}],"wp:attachment":[{"href":"https:\/\/www.protect-the-planet.de\/en\/wp-json\/wp\/v2\/media?parent=22658"}],"wp:term":[{"taxonomy":"category","embeddable":true,"href":"https:\/\/www.protect-the-planet.de\/en\/wp-json\/wp\/v2\/categories?post=22658"},{"taxonomy":"post_tag","embeddable":true,"href":"https:\/\/www.protect-the-planet.de\/en\/wp-json\/wp\/v2\/tags?post=22658"}],"curies":[{"name":"wp","href":"https:\/\/api.w.org\/{rel}","templated":true}]}}