{"id":22657,"date":"2023-09-26T14:03:46","date_gmt":"2023-09-26T12:03:46","guid":{"rendered":"https:\/\/www.protect-the-planet.de\/faktencheck-csu-mythen-im-landtagswahlkampf\/"},"modified":"2024-04-17T16:19:13","modified_gmt":"2024-04-17T14:19:13","slug":"faktencheck-csu-mythen-im-landtagswahlkampf","status":"publish","type":"post","link":"https:\/\/www.protect-the-planet.de\/en\/faktencheck-csu-mythen-im-landtagswahlkampf\/","title":{"rendered":"Die gebrochenen Versprechen der CSU und der Freien W\u00e4hler"},"content":{"rendered":"\t\t<div data-elementor-type=\"wp-post\" data-elementor-id=\"22657\" class=\"elementor elementor-22657 elementor-20589\" data-elementor-post-type=\"post\">\n\t\t\t\t<div class=\"elementor-element elementor-element-61f0461 e-flex e-con-boxed e-con e-parent\" data-id=\"61f0461\" data-element_type=\"container\" data-e-type=\"container\">\n\t\t\t\t\t<div class=\"e-con-inner\">\n\t\t\t\t<div class=\"elementor-element elementor-element-5577457d elementor-widget elementor-widget-text-editor\" data-id=\"5577457d\" data-element_type=\"widget\" data-e-type=\"widget\" data-widget_type=\"text-editor.default\">\n\t\t\t\t<div class=\"elementor-widget-container\">\n\t\t\t\t\t\t\t\t\t<p><strong><span class=\"TextRun SCXW209914223 BCX4\" lang=\"DE-DE\" xml:lang=\"DE-DE\" data-contrast=\"none\"><span class=\"NormalTextRun SCXW209914223 BCX4\">Die Wahlkampfaussagen der Freien W\u00e4hler und der CSU lassen glauben, Bayern w\u00e4re klimapolitisch an der Spitze in Deutschland \u2013 aber ist das so? Im Gegenteil! Wir haben uns die gebrochenen Versprechen der Parteien genauer angeschaut.\u00a0<\/span><\/span><\/strong><\/p><p>Die Politik der bayerischen Staatsregierung von CSU und Freien W\u00e4hlern ist im Wahlkampfmodus \u2013 und schneidet bei Fakten-Checks schlecht ab. Die Kritik an den gesch\u00f6nten Darstellungen und Versprechen der Regierung S\u00f6der\/Aiwanger rei\u00dft nicht ab. Sowohl der <a href=\"https:\/\/www.br.de\/nachrichten\/bayern\/erneuerbare-energien-ist-bayern-wirklich-fuehrend-faktenfuchs,TE13Hq1\">BR-Faktenfuchs<\/a> als auch <a href=\"https:\/\/www.greenpeace.de\/publikationen\/Flyer_Mythen-Fakten.pdf\">Greenpeace<\/a> kl\u00e4ren zu den S\u00f6der-Mythen auf. So ist Bayern bei der installierten Leistung pro Quadratkilometer etwa nur auf Rang 9 aller 13 Fl\u00e4chenl\u00e4nder zu finden. Die Logik der Staatsregierung sich in absoluten Zahlen auf Platz 1 zu pr\u00e4sentieren ist absurd, wenn man bedenkt, dass die Vergleichs-Bundesl\u00e4nder nur einen Bruchteil der Fl\u00e4che zur Verf\u00fcgung haben. So vergleicht man \u00c4pfel (Bayern 70.000 km\u00b2) mit Birnen (Saarland 2.500 km\u00b2).<\/p><p>Fakt ist: 60% des bayerischen Energieverbrauchs sind fossil (Kohle, \u00d6l, Gas). Die Erneuerbaren haben bisher nur einen Anteil von 25% (<a href=\"https:\/\/www.greenpeace.de\/publikationen\/Flyer_Mythen-Fakten.pdf\">Greenpeace Faktencheck S.3<\/a>).<\/p><p>Bei der Windenergie sieht es ebenfalls tr\u00fcb aus. Vier Windr\u00e4der Zuwachs in einem Jahr \u2013 da m\u00fcsste S\u00f6der 250 Jahre lang regieren, um seine versprochenen 1.000 Windr\u00e4der zustande zu bringen. Nicht zuletzt dar\u00fcber macht sich in M\u00fcnchen schon \u00f6ffentlichkeitswirksam die Zivilgesellschaft lustig (<a href=\"https:\/\/www.protect-the-planet.de\/klima-aktionstag-auf-dem-gaertnerplatz-in-muenchen-wir-machen-wind-1-000-windraeder-fuer-bayern\/\">siehe hier<\/a>). Nein, die CSU verprellt selbst ihr W\u00e4hlerpotential durch ihre wei\u00df-blauen Klima-Mythen und leeren Versprechungen. <a href=\"https:\/\/www.protect-the-planet.de\/landtagswahl-in-bayern-absolute-mehrheit-fuer-csu-denkbar-bei-glaubwuerdigem-ausbau-von-wind-und-solar\/\">Ganze 17% W\u00e4hlerpotential fordern mehr Wind und Solar in Bayern!<\/a> Bei einem glaubw\u00fcrdigen Ausbau von Erneuerbaren Energien w\u00e4re demnach eine absolute Mehrheit f\u00fcr die CSU denkbar.<\/p><p>Auch die Freien W\u00e4hler sind am Rande des klimapolitischen Offenbarungseids. Der durch seine gruselige Vergangenheit und unfl\u00e4tige Demokratie-Beschimpfung auff\u00e4llig gewordene Hubert Aiwanger <a href=\"https:\/\/www.sueddeutsche.de\/bayern\/aiwanger-br-wahlarena-klimaschutz-klimakrise-verweigerung-landtagswahl-in-bayern-1.6246878\">stellt offen die Klimaziele in Frage<\/a> und stellt sich dabei gegen das geltende Recht und die <a href=\"https:\/\/www.dw.com\/de\/verfassungsgericht-zwingt-deutschland-zu-mehr-klimaschutz\/a-57375634\">Rechtssprechung<\/a> des Bundesverfassungsgerichts.<\/p><p>Zusammenfassend: CSU und FW ignorieren die gravierenden Folgen der Klimakrise f\u00fcr Bayern und handeln hierbei gegen das Interesse der Bev\u00f6lkerung und k\u00fcnftiger Generationen. Dabei ist Bayern st\u00e4rker von der Klimakrise betroffen als andere Bundesl\u00e4nder.<\/p><p>Die Konsequenzen der Klimaszenarien: Bereits <a href=\"https:\/\/www.geo.de\/natur\/nachhaltigkeit\/deutsche-gletscher-haben-noch-zehn-jahre-33743552.html\">in 10 Jahren werden die letzten deutschen Gletscher<\/a> verschwunden sein, bis 2040 wird sich die Zahl der Hitzetage \u00fcber 30 Grad verdoppeln; bis 2085 verf\u00fcnffachen. Die aktuelle Erhitzung im Voralpenraum ist <a href=\"https:\/\/www.stmuv.bayern.de\/aktuell\/presse\/pressemitteilung.htm?PMNr=103\/20\">mit 2 Grad bereits doppelt so hoch wie im globalen Vergleich.<\/a><\/p><p>Die Unt\u00e4tigkeit der Staatsregierung im Ausbau der Erneuerbaren Energien f\u00fchrt dazu, dass Bayern eigene (h\u00f6here) <a href=\"https:\/\/www.br.de\/nachrichten\/bayern\/strompreiszonen-welche-folgen-haetten-sie-fuer-bayern,TohFH4U\">Strompreise drohen<\/a> \u2013 und deren Einf\u00fchrung w\u00fcrde ein <a href=\"https:\/\/www.energie-experten.org\/news\/wann-wird-die-deutsche-strompreiszone-aufgeteilt\">systematisches Problem angehen<\/a>, das Markus S\u00f6der durch seine Windenergie-Verweigerung ausgel\u00f6st hat. Wird Zeit, dass in Bayern Klimaschutz ernst genommen wird!<\/p><p>\u00a9MR<\/p>\t\t\t\t\t\t\t\t<\/div>\n\t\t\t\t<\/div>\n\t\t\t\t\t<\/div>\n\t\t\t\t<\/div>\n\t\t<div class=\"elementor-element elementor-element-3260a55 e-flex e-con-boxed e-con e-parent\" data-id=\"3260a55\" data-element_type=\"container\" data-e-type=\"container\">\n\t\t\t\t\t<div class=\"e-con-inner\">\n\t\t\t\t\t<\/div>\n\t\t\t\t<\/div>\n\t\t\t\t<\/div>\n\t\t","protected":false},"excerpt":{"rendered":"<p>FW und CSU-Wahlkampfaussagen lassen glauben, Bayern w\u00e4re klimapolitisch Spitze in Deutschland \u2013 aber ist das so? Im Gegenteil! Wir haben uns die gebrochenen Versprechen der Parteien genauer angeschaut.\u00a0<\/p>\n","protected":false},"author":5,"featured_media":21964,"comment_status":"open","ping_status":"open","sticky":false,"template":"","format":"standard","meta":{"footnotes":""},"categories":[729],"tags":[746,747,748,749,734,750,751],"class_list":["post-22657","post","type-post","status-publish","format-standard","has-post-thumbnail","hentry","category-news","tag-bayernwahl-en","tag-bayernwind-en","tag-csu-en","tag-fw-en","tag-klimaziele-en","tag-landtagswahl-bayern-2023-en","tag-ltwby23-en"],"yoast_head":"<!-- This site is optimized with the Yoast SEO plugin v27.5 - https:\/\/yoast.com\/product\/yoast-seo-wordpress\/ -->\n<title>Die gebrochenen Versprechen der CSU und der Freien W\u00e4hler - Protect the Planet<\/title>\n<meta name=\"description\" content=\"FW und CSU-Wahlkampfaussagen lassen glauben, Bayern w\u00e4re klimapolitisch Spitze in Deutschland \u2013 aber ist das so? Im Gegenteil!\" \/>\n<meta name=\"robots\" content=\"index, follow, max-snippet:-1, max-image-preview:large, max-video-preview:-1\" \/>\n<link rel=\"canonical\" href=\"https:\/\/www.protect-the-planet.de\/en\/faktencheck-csu-mythen-im-landtagswahlkampf\/\" \/>\n<meta property=\"og:locale\" content=\"en_US\" \/>\n<meta property=\"og:type\" content=\"article\" \/>\n<meta property=\"og:title\" content=\"Die gebrochenen Versprechen der CSU und der Freien W\u00e4hler - Protect the Planet\" \/>\n<meta property=\"og:description\" content=\"FW und CSU-Wahlkampfaussagen lassen glauben, Bayern w\u00e4re klimapolitisch Spitze in Deutschland \u2013 aber ist das so? Im Gegenteil!\" \/>\n<meta property=\"og:url\" content=\"https:\/\/www.protect-the-planet.de\/en\/faktencheck-csu-mythen-im-landtagswahlkampf\/\" \/>\n<meta property=\"og:site_name\" content=\"Protect the Planet\" \/>\n<meta property=\"article:publisher\" content=\"https:\/\/www.facebook.com\/protecttheplanetDE\/\" \/>\n<meta property=\"article:published_time\" content=\"2023-09-26T12:03:46+00:00\" \/>\n<meta property=\"article:modified_time\" content=\"2024-04-17T14:19:13+00:00\" \/>\n<meta property=\"og:image\" content=\"https:\/\/www.protect-the-planet.de\/wp-content\/uploads\/2023\/09\/Bayern-versprochen-gebrochen-CSU.jpeg\" \/>\n\t<meta property=\"og:image:width\" content=\"704\" \/>\n\t<meta property=\"og:image:height\" content=\"685\" \/>\n\t<meta property=\"og:image:type\" content=\"image\/jpeg\" \/>\n<meta name=\"author\" content=\"Markus Raschke\" \/>\n<meta name=\"twitter:card\" content=\"summary_large_image\" \/>\n<meta name=\"twitter:creator\" content=\"@PtP_de\" \/>\n<meta name=\"twitter:site\" content=\"@PtP_de\" \/>\n<meta name=\"twitter:label1\" content=\"Written by\" \/>\n\t<meta name=\"twitter:data1\" content=\"Markus Raschke\" \/>\n\t<meta name=\"twitter:label2\" content=\"Est. reading time\" \/>\n\t<meta name=\"twitter:data2\" content=\"3 minutes\" \/>\n<script type=\"application\/ld+json\" class=\"yoast-schema-graph\">{\"@context\":\"https:\\\/\\\/schema.org\",\"@graph\":[{\"@type\":\"Article\",\"@id\":\"https:\\\/\\\/www.protect-the-planet.de\\\/en\\\/faktencheck-csu-mythen-im-landtagswahlkampf\\\/#article\",\"isPartOf\":{\"@id\":\"https:\\\/\\\/www.protect-the-planet.de\\\/en\\\/faktencheck-csu-mythen-im-landtagswahlkampf\\\/\"},\"author\":{\"name\":\"Markus Raschke\",\"@id\":\"https:\\\/\\\/www.protect-the-planet.de\\\/en\\\/#\\\/schema\\\/person\\\/2938106dc0af5691b82b52a1b3f39b0b\"},\"headline\":\"Die gebrochenen Versprechen der CSU und der Freien W\u00e4hler\",\"datePublished\":\"2023-09-26T12:03:46+00:00\",\"dateModified\":\"2024-04-17T14:19:13+00:00\",\"mainEntityOfPage\":{\"@id\":\"https:\\\/\\\/www.protect-the-planet.de\\\/en\\\/faktencheck-csu-mythen-im-landtagswahlkampf\\\/\"},\"wordCount\":448,\"commentCount\":0,\"publisher\":{\"@id\":\"https:\\\/\\\/www.protect-the-planet.de\\\/en\\\/#organization\"},\"image\":{\"@id\":\"https:\\\/\\\/www.protect-the-planet.de\\\/en\\\/faktencheck-csu-mythen-im-landtagswahlkampf\\\/#primaryimage\"},\"thumbnailUrl\":\"https:\\\/\\\/www.protect-the-planet.de\\\/wp-content\\\/uploads\\\/2023\\\/09\\\/Bayern-versprochen-gebrochen-CSU.jpeg\",\"keywords\":[\"Bayernwahl\",\"bayernwind\",\"CSU\",\"FW\",\"Klimaziele\",\"Landtagswahl Bayern 2023\",\"LTWBY23\"],\"articleSection\":[\"News\"],\"inLanguage\":\"en-US\",\"potentialAction\":[{\"@type\":\"CommentAction\",\"name\":\"Comment\",\"target\":[\"https:\\\/\\\/www.protect-the-planet.de\\\/en\\\/faktencheck-csu-mythen-im-landtagswahlkampf\\\/#respond\"]}]},{\"@type\":\"WebPage\",\"@id\":\"https:\\\/\\\/www.protect-the-planet.de\\\/en\\\/faktencheck-csu-mythen-im-landtagswahlkampf\\\/\",\"url\":\"https:\\\/\\\/www.protect-the-planet.de\\\/en\\\/faktencheck-csu-mythen-im-landtagswahlkampf\\\/\",\"name\":\"Die gebrochenen Versprechen der CSU und der Freien W\u00e4hler - Protect the Planet\",\"isPartOf\":{\"@id\":\"https:\\\/\\\/www.protect-the-planet.de\\\/en\\\/#website\"},\"primaryImageOfPage\":{\"@id\":\"https:\\\/\\\/www.protect-the-planet.de\\\/en\\\/faktencheck-csu-mythen-im-landtagswahlkampf\\\/#primaryimage\"},\"image\":{\"@id\":\"https:\\\/\\\/www.protect-the-planet.de\\\/en\\\/faktencheck-csu-mythen-im-landtagswahlkampf\\\/#primaryimage\"},\"thumbnailUrl\":\"https:\\\/\\\/www.protect-the-planet.de\\\/wp-content\\\/uploads\\\/2023\\\/09\\\/Bayern-versprochen-gebrochen-CSU.jpeg\",\"datePublished\":\"2023-09-26T12:03:46+00:00\",\"dateModified\":\"2024-04-17T14:19:13+00:00\",\"description\":\"FW und CSU-Wahlkampfaussagen lassen glauben, Bayern w\u00e4re klimapolitisch Spitze in Deutschland \u2013 aber ist das so? Im Gegenteil!\",\"breadcrumb\":{\"@id\":\"https:\\\/\\\/www.protect-the-planet.de\\\/en\\\/faktencheck-csu-mythen-im-landtagswahlkampf\\\/#breadcrumb\"},\"inLanguage\":\"en-US\",\"potentialAction\":[{\"@type\":\"ReadAction\",\"target\":[\"https:\\\/\\\/www.protect-the-planet.de\\\/en\\\/faktencheck-csu-mythen-im-landtagswahlkampf\\\/\"]}]},{\"@type\":\"ImageObject\",\"inLanguage\":\"en-US\",\"@id\":\"https:\\\/\\\/www.protect-the-planet.de\\\/en\\\/faktencheck-csu-mythen-im-landtagswahlkampf\\\/#primaryimage\",\"url\":\"https:\\\/\\\/www.protect-the-planet.de\\\/wp-content\\\/uploads\\\/2023\\\/09\\\/Bayern-versprochen-gebrochen-CSU.jpeg\",\"contentUrl\":\"https:\\\/\\\/www.protect-the-planet.de\\\/wp-content\\\/uploads\\\/2023\\\/09\\\/Bayern-versprochen-gebrochen-CSU.jpeg\",\"width\":704,\"height\":685},{\"@type\":\"BreadcrumbList\",\"@id\":\"https:\\\/\\\/www.protect-the-planet.de\\\/en\\\/faktencheck-csu-mythen-im-landtagswahlkampf\\\/#breadcrumb\",\"itemListElement\":[{\"@type\":\"ListItem\",\"position\":1,\"name\":\"Startseite\",\"item\":\"https:\\\/\\\/www.protect-the-planet.de\\\/en\\\/home\\\/\"},{\"@type\":\"ListItem\",\"position\":2,\"name\":\"Die gebrochenen Versprechen der CSU und der Freien W\u00e4hler\"}]},{\"@type\":\"WebSite\",\"@id\":\"https:\\\/\\\/www.protect-the-planet.de\\\/en\\\/#website\",\"url\":\"https:\\\/\\\/www.protect-the-planet.de\\\/en\\\/\",\"name\":\"Protect the Planet\",\"description\":\"If we don&#039;t change, the climate will.\",\"publisher\":{\"@id\":\"https:\\\/\\\/www.protect-the-planet.de\\\/en\\\/#organization\"},\"alternateName\":\"Protect the Panet gGmbH\",\"potentialAction\":[{\"@type\":\"SearchAction\",\"target\":{\"@type\":\"EntryPoint\",\"urlTemplate\":\"https:\\\/\\\/www.protect-the-planet.de\\\/en\\\/?s={search_term_string}\"},\"query-input\":{\"@type\":\"PropertyValueSpecification\",\"valueRequired\":true,\"valueName\":\"search_term_string\"}}],\"inLanguage\":\"en-US\"},{\"@type\":\"Organization\",\"@id\":\"https:\\\/\\\/www.protect-the-planet.de\\\/en\\\/#organization\",\"name\":\"Protect the Planet\",\"url\":\"https:\\\/\\\/www.protect-the-planet.de\\\/en\\\/\",\"logo\":{\"@type\":\"ImageObject\",\"inLanguage\":\"en-US\",\"@id\":\"https:\\\/\\\/www.protect-the-planet.de\\\/en\\\/#\\\/schema\\\/logo\\\/image\\\/\",\"url\":\"https:\\\/\\\/www.protect-the-planet.de\\\/wp-content\\\/uploads\\\/2023\\\/09\\\/LOGO-positiv_transparent-klein.png\",\"contentUrl\":\"https:\\\/\\\/www.protect-the-planet.de\\\/wp-content\\\/uploads\\\/2023\\\/09\\\/LOGO-positiv_transparent-klein.png\",\"width\":123,\"height\":68,\"caption\":\"Protect the Planet\"},\"image\":{\"@id\":\"https:\\\/\\\/www.protect-the-planet.de\\\/en\\\/#\\\/schema\\\/logo\\\/image\\\/\"},\"sameAs\":[\"https:\\\/\\\/www.facebook.com\\\/protecttheplanetDE\\\/\",\"https:\\\/\\\/x.com\\\/PtP_de\",\"https:\\\/\\\/www.instagram.com\\\/protecttheplanetorg\\\/\",\"https:\\\/\\\/www.linkedin.com\\\/company\\\/protect-the-planet\",\"https:\\\/\\\/www.youtube.com\\\/@protecttheplanet\"]},{\"@type\":\"Person\",\"@id\":\"https:\\\/\\\/www.protect-the-planet.de\\\/en\\\/#\\\/schema\\\/person\\\/2938106dc0af5691b82b52a1b3f39b0b\",\"name\":\"Markus Raschke\",\"image\":{\"@type\":\"ImageObject\",\"inLanguage\":\"en-US\",\"@id\":\"https:\\\/\\\/www.protect-the-planet.de\\\/wp-content\\\/uploads\\\/2023\\\/06\\\/cropped-Gruppe-9@2x-96x96.png\",\"url\":\"https:\\\/\\\/www.protect-the-planet.de\\\/wp-content\\\/uploads\\\/2023\\\/06\\\/cropped-Gruppe-9@2x-96x96.png\",\"contentUrl\":\"https:\\\/\\\/www.protect-the-planet.de\\\/wp-content\\\/uploads\\\/2023\\\/06\\\/cropped-Gruppe-9@2x-96x96.png\",\"caption\":\"Markus Raschke\"},\"description\":\"markus.raschke@protect-the-planet.de +49 160 930 54 965\",\"url\":\"https:\\\/\\\/www.protect-the-planet.de\\\/en\\\/author\\\/raschke\\\/\"}]}<\/script>\n<!-- \/ Yoast SEO plugin. -->","yoast_head_json":{"title":"Die gebrochenen Versprechen der CSU und der Freien W\u00e4hler - Protect the Planet","description":"FW und CSU-Wahlkampfaussagen lassen glauben, Bayern w\u00e4re klimapolitisch Spitze in Deutschland \u2013 aber ist das so? Im Gegenteil!","robots":{"index":"index","follow":"follow","max-snippet":"max-snippet:-1","max-image-preview":"max-image-preview:large","max-video-preview":"max-video-preview:-1"},"canonical":"https:\/\/www.protect-the-planet.de\/en\/faktencheck-csu-mythen-im-landtagswahlkampf\/","og_locale":"en_US","og_type":"article","og_title":"Die gebrochenen Versprechen der CSU und der Freien W\u00e4hler - Protect the Planet","og_description":"FW und CSU-Wahlkampfaussagen lassen glauben, Bayern w\u00e4re klimapolitisch Spitze in Deutschland \u2013 aber ist das so? Im Gegenteil!","og_url":"https:\/\/www.protect-the-planet.de\/en\/faktencheck-csu-mythen-im-landtagswahlkampf\/","og_site_name":"Protect the Planet","article_publisher":"https:\/\/www.facebook.com\/protecttheplanetDE\/","article_published_time":"2023-09-26T12:03:46+00:00","article_modified_time":"2024-04-17T14:19:13+00:00","og_image":[{"width":704,"height":685,"url":"https:\/\/www.protect-the-planet.de\/wp-content\/uploads\/2023\/09\/Bayern-versprochen-gebrochen-CSU.jpeg","type":"image\/jpeg"}],"author":"Markus Raschke","twitter_card":"summary_large_image","twitter_creator":"@PtP_de","twitter_site":"@PtP_de","twitter_misc":{"Written by":"Markus Raschke","Est. reading time":"3 minutes"},"schema":{"@context":"https:\/\/schema.org","@graph":[{"@type":"Article","@id":"https:\/\/www.protect-the-planet.de\/en\/faktencheck-csu-mythen-im-landtagswahlkampf\/#article","isPartOf":{"@id":"https:\/\/www.protect-the-planet.de\/en\/faktencheck-csu-mythen-im-landtagswahlkampf\/"},"author":{"name":"Markus Raschke","@id":"https:\/\/www.protect-the-planet.de\/en\/#\/schema\/person\/2938106dc0af5691b82b52a1b3f39b0b"},"headline":"Die gebrochenen Versprechen der CSU und der Freien W\u00e4hler","datePublished":"2023-09-26T12:03:46+00:00","dateModified":"2024-04-17T14:19:13+00:00","mainEntityOfPage":{"@id":"https:\/\/www.protect-the-planet.de\/en\/faktencheck-csu-mythen-im-landtagswahlkampf\/"},"wordCount":448,"commentCount":0,"publisher":{"@id":"https:\/\/www.protect-the-planet.de\/en\/#organization"},"image":{"@id":"https:\/\/www.protect-the-planet.de\/en\/faktencheck-csu-mythen-im-landtagswahlkampf\/#primaryimage"},"thumbnailUrl":"https:\/\/www.protect-the-planet.de\/wp-content\/uploads\/2023\/09\/Bayern-versprochen-gebrochen-CSU.jpeg","keywords":["Bayernwahl","bayernwind","CSU","FW","Klimaziele","Landtagswahl Bayern 2023","LTWBY23"],"articleSection":["News"],"inLanguage":"en-US","potentialAction":[{"@type":"CommentAction","name":"Comment","target":["https:\/\/www.protect-the-planet.de\/en\/faktencheck-csu-mythen-im-landtagswahlkampf\/#respond"]}]},{"@type":"WebPage","@id":"https:\/\/www.protect-the-planet.de\/en\/faktencheck-csu-mythen-im-landtagswahlkampf\/","url":"https:\/\/www.protect-the-planet.de\/en\/faktencheck-csu-mythen-im-landtagswahlkampf\/","name":"Die gebrochenen Versprechen der CSU und der Freien W\u00e4hler - Protect the Planet","isPartOf":{"@id":"https:\/\/www.protect-the-planet.de\/en\/#website"},"primaryImageOfPage":{"@id":"https:\/\/www.protect-the-planet.de\/en\/faktencheck-csu-mythen-im-landtagswahlkampf\/#primaryimage"},"image":{"@id":"https:\/\/www.protect-the-planet.de\/en\/faktencheck-csu-mythen-im-landtagswahlkampf\/#primaryimage"},"thumbnailUrl":"https:\/\/www.protect-the-planet.de\/wp-content\/uploads\/2023\/09\/Bayern-versprochen-gebrochen-CSU.jpeg","datePublished":"2023-09-26T12:03:46+00:00","dateModified":"2024-04-17T14:19:13+00:00","description":"FW und CSU-Wahlkampfaussagen lassen glauben, Bayern w\u00e4re klimapolitisch Spitze in Deutschland \u2013 aber ist das so? Im Gegenteil!","breadcrumb":{"@id":"https:\/\/www.protect-the-planet.de\/en\/faktencheck-csu-mythen-im-landtagswahlkampf\/#breadcrumb"},"inLanguage":"en-US","potentialAction":[{"@type":"ReadAction","target":["https:\/\/www.protect-the-planet.de\/en\/faktencheck-csu-mythen-im-landtagswahlkampf\/"]}]},{"@type":"ImageObject","inLanguage":"en-US","@id":"https:\/\/www.protect-the-planet.de\/en\/faktencheck-csu-mythen-im-landtagswahlkampf\/#primaryimage","url":"https:\/\/www.protect-the-planet.de\/wp-content\/uploads\/2023\/09\/Bayern-versprochen-gebrochen-CSU.jpeg","contentUrl":"https:\/\/www.protect-the-planet.de\/wp-content\/uploads\/2023\/09\/Bayern-versprochen-gebrochen-CSU.jpeg","width":704,"height":685},{"@type":"BreadcrumbList","@id":"https:\/\/www.protect-the-planet.de\/en\/faktencheck-csu-mythen-im-landtagswahlkampf\/#breadcrumb","itemListElement":[{"@type":"ListItem","position":1,"name":"Startseite","item":"https:\/\/www.protect-the-planet.de\/en\/home\/"},{"@type":"ListItem","position":2,"name":"Die gebrochenen Versprechen der CSU und der Freien W\u00e4hler"}]},{"@type":"WebSite","@id":"https:\/\/www.protect-the-planet.de\/en\/#website","url":"https:\/\/www.protect-the-planet.de\/en\/","name":"Protect the Planet","description":"If we don&#039;t change, the climate will.","publisher":{"@id":"https:\/\/www.protect-the-planet.de\/en\/#organization"},"alternateName":"Protect the Panet gGmbH","potentialAction":[{"@type":"SearchAction","target":{"@type":"EntryPoint","urlTemplate":"https:\/\/www.protect-the-planet.de\/en\/?s={search_term_string}"},"query-input":{"@type":"PropertyValueSpecification","valueRequired":true,"valueName":"search_term_string"}}],"inLanguage":"en-US"},{"@type":"Organization","@id":"https:\/\/www.protect-the-planet.de\/en\/#organization","name":"Protect the Planet","url":"https:\/\/www.protect-the-planet.de\/en\/","logo":{"@type":"ImageObject","inLanguage":"en-US","@id":"https:\/\/www.protect-the-planet.de\/en\/#\/schema\/logo\/image\/","url":"https:\/\/www.protect-the-planet.de\/wp-content\/uploads\/2023\/09\/LOGO-positiv_transparent-klein.png","contentUrl":"https:\/\/www.protect-the-planet.de\/wp-content\/uploads\/2023\/09\/LOGO-positiv_transparent-klein.png","width":123,"height":68,"caption":"Protect the Planet"},"image":{"@id":"https:\/\/www.protect-the-planet.de\/en\/#\/schema\/logo\/image\/"},"sameAs":["https:\/\/www.facebook.com\/protecttheplanetDE\/","https:\/\/x.com\/PtP_de","https:\/\/www.instagram.com\/protecttheplanetorg\/","https:\/\/www.linkedin.com\/company\/protect-the-planet","https:\/\/www.youtube.com\/@protecttheplanet"]},{"@type":"Person","@id":"https:\/\/www.protect-the-planet.de\/en\/#\/schema\/person\/2938106dc0af5691b82b52a1b3f39b0b","name":"Markus Raschke","image":{"@type":"ImageObject","inLanguage":"en-US","@id":"https:\/\/www.protect-the-planet.de\/wp-content\/uploads\/2023\/06\/cropped-Gruppe-9@2x-96x96.png","url":"https:\/\/www.protect-the-planet.de\/wp-content\/uploads\/2023\/06\/cropped-Gruppe-9@2x-96x96.png","contentUrl":"https:\/\/www.protect-the-planet.de\/wp-content\/uploads\/2023\/06\/cropped-Gruppe-9@2x-96x96.png","caption":"Markus Raschke"},"description":"markus.raschke@protect-the-planet.de +49 160 930 54 965","url":"https:\/\/www.protect-the-planet.de\/en\/author\/raschke\/"}]}},"_links":{"self":[{"href":"https:\/\/www.protect-the-planet.de\/en\/wp-json\/wp\/v2\/posts\/22657","targetHints":{"allow":["GET"]}}],"collection":[{"href":"https:\/\/www.protect-the-planet.de\/en\/wp-json\/wp\/v2\/posts"}],"about":[{"href":"https:\/\/www.protect-the-planet.de\/en\/wp-json\/wp\/v2\/types\/post"}],"author":[{"embeddable":true,"href":"https:\/\/www.protect-the-planet.de\/en\/wp-json\/wp\/v2\/users\/5"}],"replies":[{"embeddable":true,"href":"https:\/\/www.protect-the-planet.de\/en\/wp-json\/wp\/v2\/comments?post=22657"}],"version-history":[{"count":0,"href":"https:\/\/www.protect-the-planet.de\/en\/wp-json\/wp\/v2\/posts\/22657\/revisions"}],"wp:featuredmedia":[{"embeddable":true,"href":"https:\/\/www.protect-the-planet.de\/en\/wp-json\/wp\/v2\/media\/21964"}],"wp:attachment":[{"href":"https:\/\/www.protect-the-planet.de\/en\/wp-json\/wp\/v2\/media?parent=22657"}],"wp:term":[{"taxonomy":"category","embeddable":true,"href":"https:\/\/www.protect-the-planet.de\/en\/wp-json\/wp\/v2\/categories?post=22657"},{"taxonomy":"post_tag","embeddable":true,"href":"https:\/\/www.protect-the-planet.de\/en\/wp-json\/wp\/v2\/tags?post=22657"}],"curies":[{"name":"wp","href":"https:\/\/api.w.org\/{rel}","templated":true}]}}