{"id":22655,"date":"2023-09-28T11:45:00","date_gmt":"2023-09-28T09:45:00","guid":{"rendered":"https:\/\/www.protect-the-planet.de\/vom-sommer-der-extreme-bis-hin-zu-anzeichen-der-hoffnung\/"},"modified":"2024-11-15T00:23:08","modified_gmt":"2024-11-14T23:23:08","slug":"vom-sommer-der-extreme-bis-hin-zu-anzeichen-der-hoffnung","status":"publish","type":"post","link":"https:\/\/www.protect-the-planet.de\/en\/vom-sommer-der-extreme-bis-hin-zu-anzeichen-der-hoffnung\/","title":{"rendered":"Vom Sommer der Extreme bis hin zu Anzeichen der Hoffnung"},"content":{"rendered":"\t\t<div data-elementor-type=\"wp-post\" data-elementor-id=\"22655\" class=\"elementor elementor-22655 elementor-20690\" data-elementor-post-type=\"post\">\n\t\t\t\t\t\t<section class=\"elementor-section elementor-top-section elementor-element elementor-element-5f17ed10 elementor-section-boxed elementor-section-height-default elementor-section-height-default\" data-id=\"5f17ed10\" data-element_type=\"section\" data-e-type=\"section\">\n\t\t\t\t\t\t<div class=\"elementor-container elementor-column-gap-default\">\n\t\t\t\t\t<div class=\"elementor-column elementor-col-100 elementor-top-column elementor-element elementor-element-6980e660\" data-id=\"6980e660\" data-element_type=\"column\" data-e-type=\"column\">\n\t\t\t<div class=\"elementor-widget-wrap elementor-element-populated\">\n\t\t\t\t\t\t<div class=\"elementor-element elementor-element-5577457d elementor-widget elementor-widget-text-editor\" data-id=\"5577457d\" data-element_type=\"widget\" data-e-type=\"widget\" data-widget_type=\"text-editor.default\">\n\t\t\t\t<div class=\"elementor-widget-container\">\n\t\t\t\t\t\t\t\t\t<h3>Der Kommentar von Dr. Martin K\u00f6ppel zur aktuellen klimapolitischen Lage<\/h3><p>Der Sommer ist nun zu Ende \u2013 der hei\u00dfeste Sommer seit etwa <a href=\"https:\/\/www.br.de\/nachrichten\/deutschland-welt\/eu-klimadienst-2023-der-heisseste-sommer-ueberhaupt,Tp492Dh\">120.000 Jahren<\/a>! Zweifelsohne: ein Sommer der Extreme. Von Hitzewellen in S\u00fcdeuropa und Amerika, den schlimmen <a href=\"https:\/\/www.tagesschau.de\/ausland\/europa\/eu-klimawandel-sommer-100.html\">Waldbr\u00e4nden<\/a> in der Mittelmeerregion, in Kanada sowie auf Hawaii bis hin zu Starkregen und \u00dcberflutungen in Slowenien, \u00d6sterreich, China oder auch hier in <a href=\"https:\/\/www.merkur.de\/bayern\/auf-zugverkehr-den-hagelschaeden-in-bayern-kaputte-autos-und-auswirkungen-92483374.html\">(S\u00fcd-)bayern<\/a> mit golfballgro\u00dfen Hagelk\u00f6rnern und zuletzt noch der katastrophale Sturm in Libyen, bei dem Tausende \u2013 wahrscheinlich sogar Zehntausende \u2013 Menschen starben. Wir alle merken, dass sich bei diesem Ausma\u00df inzwischen etwas grundlegend verschoben hat. &#8220;Der Planet kocht&#8221;, so hat es UN-Generalsekret\u00e4r <a href=\"https:\/\/www.klimareporter.de\/gesellschaft\/die-erde-am-limit-der-extreme\">Ant\u00f3nio Guterres vor kurzem ausgedr\u00fcckt<\/a>. Die Erde ist am Limit. W\u00e4hrend all diese verheerenden Katastrophen bei einer Erderw\u00e4rmung von aktuell 1,2 \u00b0C auftreten \u2013 wie wird die Situation wohl bei einer Erderw\u00e4rmung von 2 \u00b0C oder 2,5 \u00b0C aussehen?<\/p><p>Denn: dass der Klimawandel einen erheblichen Anteil an vielen der oben genannten Katastrophen hat, ist inzwischen wissenschaftlich immer besser durch die sogenannte Attributionsforschung belegt. Hiernach hat der Klimawandel die <a href=\"https:\/\/www.worldweatherattribution.org\/\">Katastrophe in Libyen<\/a> um bis zu 50-mal wahrscheinlicher gemacht. Die Menschheit hat die sichere Nische nun endg\u00fcltig verlassen. So fasst der bekannte Klimaforscher Johan Rockstr\u00f6m sein <a href=\"https:\/\/www.worldweatherattribution.org\/\">Update zu den planetaren Grenzen<\/a> zusammen. W\u00e4hrend die Menschheit 2015 \u201enur\u201c vier der planetaren Grenzen \u00fcberschritten hatte, sind es inzwischen sechs von neun Bereichen, bei denen wir die Grenzen stabiler Verh\u00e4ltnisse gesprengt haben. Eine wirklich besorgniserregende Nachricht!<\/p><p>Und was passiert auf politischer Ebene, um die schlimmsten Folgen der Klimakatastrophe abzuwenden? Gerade erst hat eine <a href=\"https:\/\/table.media\/climate\/news\/deutschlands-klimapolitik-ist-ungenuegend\/\">aktuelle Studie<\/a> die <strong>deutsche Klimapolitik<\/strong> als ungen\u00fcgend bewertet. Deutschland, so die Autor*innen der Studie, m\u00fcsse seine Klimapolitik erheblich verbessern, um die 1,5-Grad-Grenze noch erreichen zu k\u00f6nnen. Wie wollen wir von anderen L\u00e4ndern erwarten, dass diese ihren Klimaschutzverpflichtungen nachkommen, wenn wir es als viertgr\u00f6\u00dfte Volkswirtschaft der Welt nicht schaffen?<\/p><p>Auch die Klima-Beschl\u00fcsse des <a href=\"https:\/\/www.br.de\/nachrichten\/deutschland-welt\/g20-gipfel-wenig-hoffnung-fuers-klima-und-fuer-die-ukraine,TpSZ1bV\"><strong>G20-Treffens<\/strong><\/a> entsprechen bei weitem nicht dem, was angesichts der eskalierenden Klimakrise eigentlich notwendig w\u00e4re. Die Staaten, die f\u00fcr etwas 80 Prozent des weltweiten Aussto\u00dfes klimasch\u00e4dlicher Gase verantwortlich sind, schaffen es nicht, sich klar zu einem Ausstieg aus \u00d6l und Gas zu bekennen. Dennoch gibt es hier einen Hoffnungsschimmer: eine Verdreifachung der Erneuerbaren-Kapazit\u00e4ten bis 2030 als neues Ziel f\u00fcr den Ausbau Erneuerbarer Energien.<\/p><p>Der verst\u00e4rkte Ausbau der Erneuerbaren Energien war auch ein zentrales Ergebnis des ersten <strong>Afrika-Klimagipfels<\/strong>, der gerade zu Ende gegangen ist. W\u00e4hrend der afrikanische Kontinent bereits heute stark unter den Folgen der Klimakrise leidet, ist sein Beitrag zu den klimasch\u00e4dlichen Treibhausgasemissionen gering. Die Folgen der Klimakatastrophe sind hier bereits so gro\u00df, dass einige Staaten <a href=\"https:\/\/www.zdf.de\/nachrichten\/politik\/klimagipfel-afrika-energiewende-weltwirtschaft-100.html\">bis zur H\u00e4lfte ihres Bruttoinlandsprodukts<\/a> ausgeben, um klimabedingte Zerst\u00f6rung zu bew\u00e4ltigen. Umso erfreulicher, dass sich die afrikanischen Staaten darauf geeinigt haben, die gro\u00dfen Chancen der gr\u00fcnen Transformation zu nutzen und sich konkrete Ziele f\u00fcr den verst\u00e4rkten Ausbau Erneuerbarer Energien \u2013 eine <a href=\"https:\/\/www.erneuerbareenergien.de\/energiemarkt\/energiemaerkte-weltweit\/afrikanischer-klimagipfel-sechsfache-erneuerbare-kapazitaeten-bis-2030\">Versechsfachung<\/a> erneuerbarer Kapazit\u00e4ten bis 2030 \u2013 gesetzt haben.<\/p><p>Vom <strong>Landtagswahlkampf hier in Bayern<\/strong> gar nicht zu sprechen: \u201e<a href=\"https:\/\/www.protect-the-planet.de\/faktencheck-csu-mythen-im-landtagswahlkampf\/\">Versprochen \u2013 gebrochen<\/a>\u201c sollte es bei dem Ziel der CSU, dass Bayern auf Platz 1 bei den Erneuerbaren Energien kommt, eher hei\u00dfen. Eine <a href=\"https:\/\/www.protect-the-planet.de\/landtagswahl-in-bayern-absolute-mehrheit-fuer-csu-denkbar-bei-glaubwuerdigem-ausbau-von-wind-und-solar\/\">von uns in Auftrag gegebene Umfrage<\/a> hat ergeben, dass bis zu 17% der Nicht-CSU-W\u00e4hler*innen bei der kommenden Landtagswahl CSU w\u00e4hlen, wenn diese sich st\u00e4rker f\u00fcr die Erneuerbaren einsetzen w\u00fcrde. F\u00fcr die CSU w\u00e4re somit eine absolute Mehrheit m\u00f6glich, wenn Markus S\u00f6der und die CSU glaubw\u00fcrdiger den Ausbau von Wind- und Solarenergie vorantreiben! Es ist schon sehr erstaunlich, dass S\u00f6der und die CSU dieses enorme W\u00e4hlerpotential einfach auf der Stra\u00dfe liegen lassen.<\/p><p>Nach alldem ist es daher umso wichtiger, dass wir mit aller uns zur Verf\u00fcgung stehenden Kraft das Ende der Fossilit\u00e4t einl\u00e4uten. F\u00fcr Deutschland zum Beispiel w\u00fcrde dies bedeuten, dass wir mit der Verkehrswende endlich ernst machen. Wie dies konkret gelingen kann, hat k\u00fcrzlich der Verkehrsforscher <a href=\"https:\/\/www.focus.de\/earth\/sorgenkind-verkehr-mit-vier-massnahmen-kann-die-ampel-ihr-groesstes-klima-problem-loesen_id_203426263.html\">Prof. Felix Creutzig vorgeschlagen<\/a>. Global gibt es zudem die Initiative f\u00fcr einen Nichtverbreitungsvertrag fossiler Brennstoffe, dem sich <a href=\"https:\/\/hans-josef-fell.de\/2023\/09\/05\/kalifornien-fordert-vertrag-gegen-fossile-brennstoffe\/\">gerade auch Kalifornien<\/a>, eine der gr\u00f6\u00dften Volkwirtschaftsregionen der Welt, mit gro\u00dfer Zustimmung im Parlament angeschlossen hat. Auch wir als Protect the Planet <a href=\"https:\/\/fossilfueltreaty.org\/endorsements\/#organisations-europe\">unterst\u00fctzen diesen Impuls<\/a>.<\/p><p>Apropos Kalifornien: umso hoffnungsvoller macht es mich zu sehen, dass <a href=\"https:\/\/www.manager-magazin.de\/politik\/klage-gegen-exxon-bp-chevron-kalifornien-verklagt-fuenf-der-weltgroessten-oelfirmen-a-97b1fa79-8a86-400f-a4ec-013cc1c49ed1\">Kalifornien gerade f\u00fcnf der weltgr\u00f6\u00dften \u00d6lkonzerne<\/a> auf Schadensersatz in Milliardenh\u00f6he verklagt. Der Vorwurf: Irref\u00fchrung der Menschen und L\u00fcgen beim Thema Klimawandel. Oder dass wir zum Beispiel mit \u00fcber 250.000 Menschen am vorletzten Freitag <a href=\"https:\/\/www.protect-the-planet.de\/protect-the-planet-beim-globalen-klimastreik-am-15-09-2023\/\">beim Globalen Klimastreik von Fridays for Future<\/a> waren. Oder, dass die Faktenbrosch\u00fcre unseres WindRats mit wichtigen Informationen zum Thema Windenergie auf <a href=\"https:\/\/wind-rat.de\/informationen\/faktenbroschuere-zur-windenergie-ein-voller-erfolg\/\">unerwartet gro\u00dfe Resonanz<\/a> gesto\u00dfen ist. Oder oder oder: Lesen Sie selber in der <a href=\"https:\/\/www.protect-the-planet.de\/?mailpoet_router&amp;endpoint=view_in_browser&amp;action=view&amp;data=WzMsImRmOGZjNTY4NTE0MiIsMCwwLDAsMV0\">September-Ausgabe unseres Newsletters<\/a>.<\/p><p>Herzliche Gr\u00fc\u00dfe<\/p><p><strong>Dr. Martin K\u00f6ppel<\/strong><\/p><p><em>Gesch\u00e4ftsf\u00fchrer von Protect the Planet<\/em><\/p><p><img fetchpriority=\"high\" decoding=\"async\" class=\"alignnone size-medium wp-image-16430\" src=\"https:\/\/www.protect-the-planet.de\/wp-content\/uploads\/2023\/06\/Komponente-20-\u2013-1@2x-300x254.png\" alt=\"\" width=\"300\" height=\"254\" srcset=\"https:\/\/www.protect-the-planet.de\/wp-content\/uploads\/2023\/06\/Komponente-20-\u2013-1@2x-300x254.png 300w, https:\/\/www.protect-the-planet.de\/wp-content\/uploads\/2023\/06\/Komponente-20-\u2013-1@2x.png 520w\" sizes=\"(max-width: 300px) 100vw, 300px\" \/><\/p><p>PS: das Bild ist \u00fcbrigens vom Gletscher (N\u00f6rdlicher Schneeferner) am Zugspitzplatt, wo ich vor Kurzem noch war. Was sch\u00e4tzen Sie: Um bis zu wieviel Zentimeter schmilzt der Gletscher auf der Zugspitze an einem hei\u00dfen Tag? Es sind bis zu 11 Zentimeter. Pro Tag! Wenn wir dann wissen, dass circa zehn Meter Neuschnee notwendig sind, um einen Meter Gletschereis zu bilden, wird schnell klar: F\u00fcr die Zugspitz-Gletscher gibt es keine Hoffnung mehr!<\/p><p><!-- \/wp:embed --><\/p>\t\t\t\t\t\t\t\t<\/div>\n\t\t\t\t<\/div>\n\t\t\t\t<div class=\"elementor-element elementor-element-e267f5f elementor-widget elementor-widget-button\" data-id=\"e267f5f\" data-element_type=\"widget\" data-e-type=\"widget\" data-widget_type=\"button.default\">\n\t\t\t\t<div class=\"elementor-widget-container\">\n\t\t\t\t\t\t\t\t\t<div class=\"elementor-button-wrapper\">\n\t\t\t\t\t<a class=\"elementor-button elementor-button-link elementor-size-sm\" href=\"https:\/\/www.protect-the-planet.de\/?mailpoet_router&#038;endpoint=view_in_browser&#038;action=view&#038;data=WzMsImRmOGZjNTY4NTE0MiIsMCwwLDAsMV0\">\n\t\t\t\t\t\t<span class=\"elementor-button-content-wrapper\">\n\t\t\t\t\t\t\t\t\t<span class=\"elementor-button-text\">Zum September-Newsletter<\/span>\n\t\t\t\t\t<\/span>\n\t\t\t\t\t<\/a>\n\t\t\t\t<\/div>\n\t\t\t\t\t\t\t\t<\/div>\n\t\t\t\t<\/div>\n\t\t\t\t<div class=\"elementor-element elementor-element-841f664 elementor-widget elementor-widget-spacer\" data-id=\"841f664\" data-element_type=\"widget\" data-e-type=\"widget\" data-widget_type=\"spacer.default\">\n\t\t\t\t<div class=\"elementor-widget-container\">\n\t\t\t\t\t\t\t<div class=\"elementor-spacer\">\n\t\t\t<div class=\"elementor-spacer-inner\"><\/div>\n\t\t<\/div>\n\t\t\t\t\t\t<\/div>\n\t\t\t\t<\/div>\n\t\t\t\t\t<\/div>\n\t\t<\/div>\n\t\t\t\t\t<\/div>\n\t\t<\/section>\n\t\t\t\t<\/div>\n\t\t","protected":false},"excerpt":{"rendered":"<p>Der Kommentar von Dr. Martin K\u00f6ppel zur aktuellen klimapolitischen Lage. <\/p>\n","protected":false},"author":3,"featured_media":22007,"comment_status":"open","ping_status":"open","sticky":false,"template":"","format":"standard","meta":{"footnotes":""},"categories":[729],"tags":[740,737,741,742],"class_list":["post-22655","post","type-post","status-publish","format-standard","has-post-thumbnail","hentry","category-news","tag-extremwetter-en","tag-klimapolitik-en","tag-newsletter-en","tag-sommer-en"],"yoast_head":"<!-- This site is optimized with the Yoast SEO plugin v27.5 - https:\/\/yoast.com\/product\/yoast-seo-wordpress\/ -->\n<title>Vom Sommer der Extreme bis hin zu Anzeichen der Hoffnung - Protect the Planet<\/title>\n<meta name=\"description\" content=\"In einem gemeinsamen Appell fordern wir die Bundesregierung auf, sozial gerechte Ma\u00dfnahmen zur Erreichung der Klimaziele auf den Weg zu bringen.\" \/>\n<meta name=\"robots\" content=\"index, follow, max-snippet:-1, max-image-preview:large, max-video-preview:-1\" \/>\n<link rel=\"canonical\" href=\"https:\/\/www.protect-the-planet.de\/en\/vom-sommer-der-extreme-bis-hin-zu-anzeichen-der-hoffnung\/\" \/>\n<meta property=\"og:locale\" content=\"en_US\" \/>\n<meta property=\"og:type\" content=\"article\" \/>\n<meta property=\"og:title\" content=\"Vom Sommer der Extreme bis hin zu Anzeichen der Hoffnung - Protect the Planet\" \/>\n<meta property=\"og:description\" content=\"In einem gemeinsamen Appell fordern wir die Bundesregierung auf, sozial gerechte Ma\u00dfnahmen zur Erreichung der Klimaziele auf den Weg zu bringen.\" \/>\n<meta property=\"og:url\" content=\"https:\/\/www.protect-the-planet.de\/en\/vom-sommer-der-extreme-bis-hin-zu-anzeichen-der-hoffnung\/\" \/>\n<meta property=\"og:site_name\" content=\"Protect the Planet\" \/>\n<meta property=\"article:publisher\" content=\"https:\/\/www.facebook.com\/protecttheplanetDE\/\" \/>\n<meta property=\"article:published_time\" content=\"2023-09-28T09:45:00+00:00\" \/>\n<meta property=\"article:modified_time\" content=\"2024-11-14T23:23:08+00:00\" \/>\n<meta property=\"og:image\" content=\"https:\/\/www.protect-the-planet.de\/wp-content\/uploads\/2023\/09\/IMG_0806-scaled.jpeg\" \/>\n\t<meta property=\"og:image:width\" content=\"2560\" \/>\n\t<meta property=\"og:image:height\" content=\"1920\" \/>\n\t<meta property=\"og:image:type\" content=\"image\/jpeg\" \/>\n<meta name=\"author\" content=\"Fenja Jacobs\" \/>\n<meta name=\"twitter:card\" content=\"summary_large_image\" \/>\n<meta name=\"twitter:creator\" content=\"@PtP_de\" \/>\n<meta name=\"twitter:site\" content=\"@PtP_de\" \/>\n<meta name=\"twitter:label1\" content=\"Written by\" \/>\n\t<meta name=\"twitter:data1\" content=\"Fenja Jacobs\" \/>\n\t<meta name=\"twitter:label2\" content=\"Est. reading time\" \/>\n\t<meta name=\"twitter:data2\" content=\"3 minutes\" \/>\n<script type=\"application\/ld+json\" class=\"yoast-schema-graph\">{\"@context\":\"https:\\\/\\\/schema.org\",\"@graph\":[{\"@type\":\"Article\",\"@id\":\"https:\\\/\\\/www.protect-the-planet.de\\\/en\\\/vom-sommer-der-extreme-bis-hin-zu-anzeichen-der-hoffnung\\\/#article\",\"isPartOf\":{\"@id\":\"https:\\\/\\\/www.protect-the-planet.de\\\/en\\\/vom-sommer-der-extreme-bis-hin-zu-anzeichen-der-hoffnung\\\/\"},\"author\":{\"name\":\"Fenja Jacobs\",\"@id\":\"https:\\\/\\\/www.protect-the-planet.de\\\/en\\\/#\\\/schema\\\/person\\\/c843c153d0dd33ec584996931e438bce\"},\"headline\":\"Vom Sommer der Extreme bis hin zu Anzeichen der Hoffnung\",\"datePublished\":\"2023-09-28T09:45:00+00:00\",\"dateModified\":\"2024-11-14T23:23:08+00:00\",\"mainEntityOfPage\":{\"@id\":\"https:\\\/\\\/www.protect-the-planet.de\\\/en\\\/vom-sommer-der-extreme-bis-hin-zu-anzeichen-der-hoffnung\\\/\"},\"wordCount\":894,\"commentCount\":0,\"publisher\":{\"@id\":\"https:\\\/\\\/www.protect-the-planet.de\\\/en\\\/#organization\"},\"image\":{\"@id\":\"https:\\\/\\\/www.protect-the-planet.de\\\/en\\\/vom-sommer-der-extreme-bis-hin-zu-anzeichen-der-hoffnung\\\/#primaryimage\"},\"thumbnailUrl\":\"https:\\\/\\\/www.protect-the-planet.de\\\/wp-content\\\/uploads\\\/2023\\\/09\\\/IMG_0806-scaled.jpeg\",\"keywords\":[\"Extremwetter\",\"Klimapolitik\",\"Newsletter\",\"Sommer\"],\"articleSection\":[\"News\"],\"inLanguage\":\"en-US\",\"potentialAction\":[{\"@type\":\"CommentAction\",\"name\":\"Comment\",\"target\":[\"https:\\\/\\\/www.protect-the-planet.de\\\/en\\\/vom-sommer-der-extreme-bis-hin-zu-anzeichen-der-hoffnung\\\/#respond\"]}]},{\"@type\":\"WebPage\",\"@id\":\"https:\\\/\\\/www.protect-the-planet.de\\\/en\\\/vom-sommer-der-extreme-bis-hin-zu-anzeichen-der-hoffnung\\\/\",\"url\":\"https:\\\/\\\/www.protect-the-planet.de\\\/en\\\/vom-sommer-der-extreme-bis-hin-zu-anzeichen-der-hoffnung\\\/\",\"name\":\"Vom Sommer der Extreme bis hin zu Anzeichen der Hoffnung - Protect the Planet\",\"isPartOf\":{\"@id\":\"https:\\\/\\\/www.protect-the-planet.de\\\/en\\\/#website\"},\"primaryImageOfPage\":{\"@id\":\"https:\\\/\\\/www.protect-the-planet.de\\\/en\\\/vom-sommer-der-extreme-bis-hin-zu-anzeichen-der-hoffnung\\\/#primaryimage\"},\"image\":{\"@id\":\"https:\\\/\\\/www.protect-the-planet.de\\\/en\\\/vom-sommer-der-extreme-bis-hin-zu-anzeichen-der-hoffnung\\\/#primaryimage\"},\"thumbnailUrl\":\"https:\\\/\\\/www.protect-the-planet.de\\\/wp-content\\\/uploads\\\/2023\\\/09\\\/IMG_0806-scaled.jpeg\",\"datePublished\":\"2023-09-28T09:45:00+00:00\",\"dateModified\":\"2024-11-14T23:23:08+00:00\",\"description\":\"In einem gemeinsamen Appell fordern wir die Bundesregierung auf, sozial gerechte Ma\u00dfnahmen zur Erreichung der Klimaziele auf den Weg zu bringen.\",\"breadcrumb\":{\"@id\":\"https:\\\/\\\/www.protect-the-planet.de\\\/en\\\/vom-sommer-der-extreme-bis-hin-zu-anzeichen-der-hoffnung\\\/#breadcrumb\"},\"inLanguage\":\"en-US\",\"potentialAction\":[{\"@type\":\"ReadAction\",\"target\":[\"https:\\\/\\\/www.protect-the-planet.de\\\/en\\\/vom-sommer-der-extreme-bis-hin-zu-anzeichen-der-hoffnung\\\/\"]}]},{\"@type\":\"ImageObject\",\"inLanguage\":\"en-US\",\"@id\":\"https:\\\/\\\/www.protect-the-planet.de\\\/en\\\/vom-sommer-der-extreme-bis-hin-zu-anzeichen-der-hoffnung\\\/#primaryimage\",\"url\":\"https:\\\/\\\/www.protect-the-planet.de\\\/wp-content\\\/uploads\\\/2023\\\/09\\\/IMG_0806-scaled.jpeg\",\"contentUrl\":\"https:\\\/\\\/www.protect-the-planet.de\\\/wp-content\\\/uploads\\\/2023\\\/09\\\/IMG_0806-scaled.jpeg\",\"width\":2560,\"height\":1920},{\"@type\":\"BreadcrumbList\",\"@id\":\"https:\\\/\\\/www.protect-the-planet.de\\\/en\\\/vom-sommer-der-extreme-bis-hin-zu-anzeichen-der-hoffnung\\\/#breadcrumb\",\"itemListElement\":[{\"@type\":\"ListItem\",\"position\":1,\"name\":\"Startseite\",\"item\":\"https:\\\/\\\/www.protect-the-planet.de\\\/en\\\/home\\\/\"},{\"@type\":\"ListItem\",\"position\":2,\"name\":\"Vom Sommer der Extreme bis hin zu Anzeichen der Hoffnung\"}]},{\"@type\":\"WebSite\",\"@id\":\"https:\\\/\\\/www.protect-the-planet.de\\\/en\\\/#website\",\"url\":\"https:\\\/\\\/www.protect-the-planet.de\\\/en\\\/\",\"name\":\"Protect the Planet\",\"description\":\"If we don&#039;t change, the climate will.\",\"publisher\":{\"@id\":\"https:\\\/\\\/www.protect-the-planet.de\\\/en\\\/#organization\"},\"alternateName\":\"Protect the Panet gGmbH\",\"potentialAction\":[{\"@type\":\"SearchAction\",\"target\":{\"@type\":\"EntryPoint\",\"urlTemplate\":\"https:\\\/\\\/www.protect-the-planet.de\\\/en\\\/?s={search_term_string}\"},\"query-input\":{\"@type\":\"PropertyValueSpecification\",\"valueRequired\":true,\"valueName\":\"search_term_string\"}}],\"inLanguage\":\"en-US\"},{\"@type\":\"Organization\",\"@id\":\"https:\\\/\\\/www.protect-the-planet.de\\\/en\\\/#organization\",\"name\":\"Protect the Planet\",\"url\":\"https:\\\/\\\/www.protect-the-planet.de\\\/en\\\/\",\"logo\":{\"@type\":\"ImageObject\",\"inLanguage\":\"en-US\",\"@id\":\"https:\\\/\\\/www.protect-the-planet.de\\\/en\\\/#\\\/schema\\\/logo\\\/image\\\/\",\"url\":\"https:\\\/\\\/www.protect-the-planet.de\\\/wp-content\\\/uploads\\\/2023\\\/09\\\/LOGO-positiv_transparent-klein.png\",\"contentUrl\":\"https:\\\/\\\/www.protect-the-planet.de\\\/wp-content\\\/uploads\\\/2023\\\/09\\\/LOGO-positiv_transparent-klein.png\",\"width\":123,\"height\":68,\"caption\":\"Protect the Planet\"},\"image\":{\"@id\":\"https:\\\/\\\/www.protect-the-planet.de\\\/en\\\/#\\\/schema\\\/logo\\\/image\\\/\"},\"sameAs\":[\"https:\\\/\\\/www.facebook.com\\\/protecttheplanetDE\\\/\",\"https:\\\/\\\/x.com\\\/PtP_de\",\"https:\\\/\\\/www.instagram.com\\\/protecttheplanetorg\\\/\",\"https:\\\/\\\/www.linkedin.com\\\/company\\\/protect-the-planet\",\"https:\\\/\\\/www.youtube.com\\\/@protecttheplanet\"]},{\"@type\":\"Person\",\"@id\":\"https:\\\/\\\/www.protect-the-planet.de\\\/en\\\/#\\\/schema\\\/person\\\/c843c153d0dd33ec584996931e438bce\",\"name\":\"Fenja Jacobs\",\"image\":{\"@type\":\"ImageObject\",\"inLanguage\":\"en-US\",\"@id\":\"https:\\\/\\\/secure.gravatar.com\\\/avatar\\\/1319de9aaea70b6c6ed807392ef95d6582ceaf98cca9de0a0022ba8e0d3a7fc3?s=96&d=mm&r=g\",\"url\":\"https:\\\/\\\/secure.gravatar.com\\\/avatar\\\/1319de9aaea70b6c6ed807392ef95d6582ceaf98cca9de0a0022ba8e0d3a7fc3?s=96&d=mm&r=g\",\"contentUrl\":\"https:\\\/\\\/secure.gravatar.com\\\/avatar\\\/1319de9aaea70b6c6ed807392ef95d6582ceaf98cca9de0a0022ba8e0d3a7fc3?s=96&d=mm&r=g\",\"caption\":\"Fenja Jacobs\"},\"url\":\"https:\\\/\\\/www.protect-the-planet.de\\\/en\\\/author\\\/fenja-jacobs\\\/\"}]}<\/script>\n<!-- \/ Yoast SEO plugin. -->","yoast_head_json":{"title":"Vom Sommer der Extreme bis hin zu Anzeichen der Hoffnung - Protect the Planet","description":"In einem gemeinsamen Appell fordern wir die Bundesregierung auf, sozial gerechte Ma\u00dfnahmen zur Erreichung der Klimaziele auf den Weg zu bringen.","robots":{"index":"index","follow":"follow","max-snippet":"max-snippet:-1","max-image-preview":"max-image-preview:large","max-video-preview":"max-video-preview:-1"},"canonical":"https:\/\/www.protect-the-planet.de\/en\/vom-sommer-der-extreme-bis-hin-zu-anzeichen-der-hoffnung\/","og_locale":"en_US","og_type":"article","og_title":"Vom Sommer der Extreme bis hin zu Anzeichen der Hoffnung - Protect the Planet","og_description":"In einem gemeinsamen Appell fordern wir die Bundesregierung auf, sozial gerechte Ma\u00dfnahmen zur Erreichung der Klimaziele auf den Weg zu bringen.","og_url":"https:\/\/www.protect-the-planet.de\/en\/vom-sommer-der-extreme-bis-hin-zu-anzeichen-der-hoffnung\/","og_site_name":"Protect the Planet","article_publisher":"https:\/\/www.facebook.com\/protecttheplanetDE\/","article_published_time":"2023-09-28T09:45:00+00:00","article_modified_time":"2024-11-14T23:23:08+00:00","og_image":[{"width":2560,"height":1920,"url":"https:\/\/www.protect-the-planet.de\/wp-content\/uploads\/2023\/09\/IMG_0806-scaled.jpeg","type":"image\/jpeg"}],"author":"Fenja Jacobs","twitter_card":"summary_large_image","twitter_creator":"@PtP_de","twitter_site":"@PtP_de","twitter_misc":{"Written by":"Fenja Jacobs","Est. reading time":"3 minutes"},"schema":{"@context":"https:\/\/schema.org","@graph":[{"@type":"Article","@id":"https:\/\/www.protect-the-planet.de\/en\/vom-sommer-der-extreme-bis-hin-zu-anzeichen-der-hoffnung\/#article","isPartOf":{"@id":"https:\/\/www.protect-the-planet.de\/en\/vom-sommer-der-extreme-bis-hin-zu-anzeichen-der-hoffnung\/"},"author":{"name":"Fenja Jacobs","@id":"https:\/\/www.protect-the-planet.de\/en\/#\/schema\/person\/c843c153d0dd33ec584996931e438bce"},"headline":"Vom Sommer der Extreme bis hin zu Anzeichen der Hoffnung","datePublished":"2023-09-28T09:45:00+00:00","dateModified":"2024-11-14T23:23:08+00:00","mainEntityOfPage":{"@id":"https:\/\/www.protect-the-planet.de\/en\/vom-sommer-der-extreme-bis-hin-zu-anzeichen-der-hoffnung\/"},"wordCount":894,"commentCount":0,"publisher":{"@id":"https:\/\/www.protect-the-planet.de\/en\/#organization"},"image":{"@id":"https:\/\/www.protect-the-planet.de\/en\/vom-sommer-der-extreme-bis-hin-zu-anzeichen-der-hoffnung\/#primaryimage"},"thumbnailUrl":"https:\/\/www.protect-the-planet.de\/wp-content\/uploads\/2023\/09\/IMG_0806-scaled.jpeg","keywords":["Extremwetter","Klimapolitik","Newsletter","Sommer"],"articleSection":["News"],"inLanguage":"en-US","potentialAction":[{"@type":"CommentAction","name":"Comment","target":["https:\/\/www.protect-the-planet.de\/en\/vom-sommer-der-extreme-bis-hin-zu-anzeichen-der-hoffnung\/#respond"]}]},{"@type":"WebPage","@id":"https:\/\/www.protect-the-planet.de\/en\/vom-sommer-der-extreme-bis-hin-zu-anzeichen-der-hoffnung\/","url":"https:\/\/www.protect-the-planet.de\/en\/vom-sommer-der-extreme-bis-hin-zu-anzeichen-der-hoffnung\/","name":"Vom Sommer der Extreme bis hin zu Anzeichen der Hoffnung - Protect the Planet","isPartOf":{"@id":"https:\/\/www.protect-the-planet.de\/en\/#website"},"primaryImageOfPage":{"@id":"https:\/\/www.protect-the-planet.de\/en\/vom-sommer-der-extreme-bis-hin-zu-anzeichen-der-hoffnung\/#primaryimage"},"image":{"@id":"https:\/\/www.protect-the-planet.de\/en\/vom-sommer-der-extreme-bis-hin-zu-anzeichen-der-hoffnung\/#primaryimage"},"thumbnailUrl":"https:\/\/www.protect-the-planet.de\/wp-content\/uploads\/2023\/09\/IMG_0806-scaled.jpeg","datePublished":"2023-09-28T09:45:00+00:00","dateModified":"2024-11-14T23:23:08+00:00","description":"In einem gemeinsamen Appell fordern wir die Bundesregierung auf, sozial gerechte Ma\u00dfnahmen zur Erreichung der Klimaziele auf den Weg zu bringen.","breadcrumb":{"@id":"https:\/\/www.protect-the-planet.de\/en\/vom-sommer-der-extreme-bis-hin-zu-anzeichen-der-hoffnung\/#breadcrumb"},"inLanguage":"en-US","potentialAction":[{"@type":"ReadAction","target":["https:\/\/www.protect-the-planet.de\/en\/vom-sommer-der-extreme-bis-hin-zu-anzeichen-der-hoffnung\/"]}]},{"@type":"ImageObject","inLanguage":"en-US","@id":"https:\/\/www.protect-the-planet.de\/en\/vom-sommer-der-extreme-bis-hin-zu-anzeichen-der-hoffnung\/#primaryimage","url":"https:\/\/www.protect-the-planet.de\/wp-content\/uploads\/2023\/09\/IMG_0806-scaled.jpeg","contentUrl":"https:\/\/www.protect-the-planet.de\/wp-content\/uploads\/2023\/09\/IMG_0806-scaled.jpeg","width":2560,"height":1920},{"@type":"BreadcrumbList","@id":"https:\/\/www.protect-the-planet.de\/en\/vom-sommer-der-extreme-bis-hin-zu-anzeichen-der-hoffnung\/#breadcrumb","itemListElement":[{"@type":"ListItem","position":1,"name":"Startseite","item":"https:\/\/www.protect-the-planet.de\/en\/home\/"},{"@type":"ListItem","position":2,"name":"Vom Sommer der Extreme bis hin zu Anzeichen der Hoffnung"}]},{"@type":"WebSite","@id":"https:\/\/www.protect-the-planet.de\/en\/#website","url":"https:\/\/www.protect-the-planet.de\/en\/","name":"Protect the Planet","description":"If we don&#039;t change, the climate will.","publisher":{"@id":"https:\/\/www.protect-the-planet.de\/en\/#organization"},"alternateName":"Protect the Panet gGmbH","potentialAction":[{"@type":"SearchAction","target":{"@type":"EntryPoint","urlTemplate":"https:\/\/www.protect-the-planet.de\/en\/?s={search_term_string}"},"query-input":{"@type":"PropertyValueSpecification","valueRequired":true,"valueName":"search_term_string"}}],"inLanguage":"en-US"},{"@type":"Organization","@id":"https:\/\/www.protect-the-planet.de\/en\/#organization","name":"Protect the Planet","url":"https:\/\/www.protect-the-planet.de\/en\/","logo":{"@type":"ImageObject","inLanguage":"en-US","@id":"https:\/\/www.protect-the-planet.de\/en\/#\/schema\/logo\/image\/","url":"https:\/\/www.protect-the-planet.de\/wp-content\/uploads\/2023\/09\/LOGO-positiv_transparent-klein.png","contentUrl":"https:\/\/www.protect-the-planet.de\/wp-content\/uploads\/2023\/09\/LOGO-positiv_transparent-klein.png","width":123,"height":68,"caption":"Protect the Planet"},"image":{"@id":"https:\/\/www.protect-the-planet.de\/en\/#\/schema\/logo\/image\/"},"sameAs":["https:\/\/www.facebook.com\/protecttheplanetDE\/","https:\/\/x.com\/PtP_de","https:\/\/www.instagram.com\/protecttheplanetorg\/","https:\/\/www.linkedin.com\/company\/protect-the-planet","https:\/\/www.youtube.com\/@protecttheplanet"]},{"@type":"Person","@id":"https:\/\/www.protect-the-planet.de\/en\/#\/schema\/person\/c843c153d0dd33ec584996931e438bce","name":"Fenja Jacobs","image":{"@type":"ImageObject","inLanguage":"en-US","@id":"https:\/\/secure.gravatar.com\/avatar\/1319de9aaea70b6c6ed807392ef95d6582ceaf98cca9de0a0022ba8e0d3a7fc3?s=96&d=mm&r=g","url":"https:\/\/secure.gravatar.com\/avatar\/1319de9aaea70b6c6ed807392ef95d6582ceaf98cca9de0a0022ba8e0d3a7fc3?s=96&d=mm&r=g","contentUrl":"https:\/\/secure.gravatar.com\/avatar\/1319de9aaea70b6c6ed807392ef95d6582ceaf98cca9de0a0022ba8e0d3a7fc3?s=96&d=mm&r=g","caption":"Fenja Jacobs"},"url":"https:\/\/www.protect-the-planet.de\/en\/author\/fenja-jacobs\/"}]}},"_links":{"self":[{"href":"https:\/\/www.protect-the-planet.de\/en\/wp-json\/wp\/v2\/posts\/22655","targetHints":{"allow":["GET"]}}],"collection":[{"href":"https:\/\/www.protect-the-planet.de\/en\/wp-json\/wp\/v2\/posts"}],"about":[{"href":"https:\/\/www.protect-the-planet.de\/en\/wp-json\/wp\/v2\/types\/post"}],"author":[{"embeddable":true,"href":"https:\/\/www.protect-the-planet.de\/en\/wp-json\/wp\/v2\/users\/3"}],"replies":[{"embeddable":true,"href":"https:\/\/www.protect-the-planet.de\/en\/wp-json\/wp\/v2\/comments?post=22655"}],"version-history":[{"count":0,"href":"https:\/\/www.protect-the-planet.de\/en\/wp-json\/wp\/v2\/posts\/22655\/revisions"}],"wp:featuredmedia":[{"embeddable":true,"href":"https:\/\/www.protect-the-planet.de\/en\/wp-json\/wp\/v2\/media\/22007"}],"wp:attachment":[{"href":"https:\/\/www.protect-the-planet.de\/en\/wp-json\/wp\/v2\/media?parent=22655"}],"wp:term":[{"taxonomy":"category","embeddable":true,"href":"https:\/\/www.protect-the-planet.de\/en\/wp-json\/wp\/v2\/categories?post=22655"},{"taxonomy":"post_tag","embeddable":true,"href":"https:\/\/www.protect-the-planet.de\/en\/wp-json\/wp\/v2\/tags?post=22655"}],"curies":[{"name":"wp","href":"https:\/\/api.w.org\/{rel}","templated":true}]}}